{"id":10031,"date":"2024-09-10T11:11:00","date_gmt":"2024-09-10T11:11:00","guid":{"rendered":"https:\/\/caru.org.uy\/nuevositio\/?p=10031"},"modified":"2024-09-11T14:26:21","modified_gmt":"2024-09-11T14:26:21","slug":"realizan-tareas-de-mantenimiento-del-dragado-contratado-por-caru","status":"publish","type":"post","link":"https:\/\/caru.org.uy\/nuevositio\/2024\/09\/10\/realizan-tareas-de-mantenimiento-del-dragado-contratado-por-caru\/","title":{"rendered":"Realizan tareas de mantenimiento del dragado contratado por CARU"},"content":{"rendered":"\t\t<div data-elementor-type=\"wp-post\" data-elementor-id=\"10031\" class=\"elementor elementor-10031\" data-elementor-post-type=\"post\">\n\t\t\t\t\t\t<section class=\"elementor-section elementor-top-section elementor-element elementor-element-13033c06 elementor-section-boxed elementor-section-height-default elementor-section-height-default\" data-id=\"13033c06\" data-element_type=\"section\" data-e-type=\"section\" data-settings=\"{&quot;jet_parallax_layout_list&quot;:[]}\">\n\t\t\t\t\t\t<div class=\"elementor-container elementor-column-gap-default\">\n\t\t\t\t\t<div class=\"elementor-column elementor-col-50 elementor-top-column elementor-element elementor-element-57bd202d\" data-id=\"57bd202d\" data-element_type=\"column\" data-e-type=\"column\">\n\t\t\t<div class=\"elementor-widget-wrap elementor-element-populated\">\n\t\t\t\t\t\t<div class=\"elementor-element elementor-element-38d41791 elementor-widget elementor-widget-image\" data-id=\"38d41791\" data-element_type=\"widget\" data-e-type=\"widget\" data-widget_type=\"image.default\">\n\t\t\t\t<div class=\"elementor-widget-container\">\n\t\t\t\t\t\t\t\t\t\t\t\t\t\t\t<img fetchpriority=\"high\" decoding=\"async\" width=\"1024\" height=\"472\" src=\"https:\/\/caru.org.uy\/nuevositio\/wp-content\/uploads\/2024\/09\/draga-en-casablanca-1024x472.jpeg\" class=\"attachment-large size-large wp-image-10032\" alt=\"\" srcset=\"https:\/\/caru.org.uy\/nuevositio\/wp-content\/uploads\/2024\/09\/draga-en-casablanca-1024x472.jpeg 1024w, https:\/\/caru.org.uy\/nuevositio\/wp-content\/uploads\/2024\/09\/draga-en-casablanca-300x138.jpeg 300w, https:\/\/caru.org.uy\/nuevositio\/wp-content\/uploads\/2024\/09\/draga-en-casablanca-768x354.jpeg 768w, https:\/\/caru.org.uy\/nuevositio\/wp-content\/uploads\/2024\/09\/draga-en-casablanca-1536x708.jpeg 1536w, https:\/\/caru.org.uy\/nuevositio\/wp-content\/uploads\/2024\/09\/draga-en-casablanca.jpeg 1600w\" sizes=\"(max-width: 1024px) 100vw, 1024px\" \/>\t\t\t\t\t\t\t\t\t\t\t\t\t\t\t<\/div>\n\t\t\t\t<\/div>\n\t\t\t\t\t<\/div>\n\t\t<\/div>\n\t\t\t\t<div class=\"elementor-column elementor-col-50 elementor-top-column elementor-element elementor-element-bedf805\" data-id=\"bedf805\" data-element_type=\"column\" data-e-type=\"column\">\n\t\t\t<div class=\"elementor-widget-wrap elementor-element-populated\">\n\t\t\t\t\t\t<div class=\"elementor-element elementor-element-7e40422c elementor-widget elementor-widget-text-editor\" data-id=\"7e40422c\" data-element_type=\"widget\" data-e-type=\"widget\" data-widget_type=\"text-editor.default\">\n\t\t\t\t<div class=\"elementor-widget-container\">\n\t\t\t\t\t\t\t\t\t<p><\/p>\n<p>La Comisi\u00f3n Administradora del R\u00edo Uruguay (CARU) ha puesto en marcha un nuevo operativo de dragado de mantenimiento en el r\u00edo Uruguay. Esta importante tarea, que comenz\u00f3 el pasado 3 de septiembre, est\u00e1 a cargo de la draga Ni\u00f1a, operada por la empresa Jan de Nul, que gan\u00f3 la licitaci\u00f3n p\u00fablica internacional lanzada por la CARU.<\/p>\n<p>Los trabajos de dragado cubren el tramo de 207,8 kil\u00f3metros de la v\u00eda navegable, y se espera que la operaci\u00f3n tenga una duraci\u00f3n aproximada de 21 d\u00edas, seg\u00fan lo establecido en el cronograma.<\/p>\n<p>La draga Ni\u00f1a, que enarbola bandera de Mauricio, actualmente est\u00e1 trabajando en la zona del paso Arroyo Negro (Km 186) y continuar\u00e1 su labor en los diferentes pasos de navegaci\u00f3n en direcci\u00f3n aguas abajo. Este proceso es clave para garantizar una navegaci\u00f3n segura y eficiente a lo largo del r\u00edo Uruguay, beneficiando tanto al transporte fluvial como al desarrollo econ\u00f3mico de la regi\u00f3n.<\/p>\n<p>Antes de comenzar el dragado en cada paso, se realiza un muestreo del \u00e1rea para asegurar un manejo adecuado del material extra\u00eddo. Durante el proceso, se ejecutan controles adicionales de calidad a pedido de la inspecci\u00f3n y al finalizar la obra se lleva a cabo un \u00faltimo relevamiento para verificar que todo se haya realizado conforme a lo previsto.<\/p>\n<p>Estos trabajos forman parte de los esfuerzos continuos de la CARU por mantener y mejorar las condiciones de navegabilidad del r\u00edo Uruguay, un recurso clave para el comercio y la conectividad de Argentina y Uruguay con el mundo.<\/p>\n<p><\/p>\t\t\t\t\t\t\t\t<\/div>\n\t\t\t\t<\/div>\n\t\t\t\t\t<\/div>\n\t\t<\/div>\n\t\t\t\t\t<\/div>\n\t\t<\/section>\n\t\t\t\t<\/div>\n\t\t","protected":false},"excerpt":{"rendered":"<p>La Comisi\u00f3n Administradora del R\u00edo Uruguay (CARU) ha puesto en marcha un nuevo operativo de dragado de mantenimiento en el r\u00edo Uruguay. Esta importante tarea, que comenz\u00f3 el pasado 3 de septiembre, est\u00e1 a cargo de la draga Ni\u00f1a, operada por la empresa Jan de Nul, que gan\u00f3 la licitaci\u00f3n p\u00fablica internacional lanzada por la [&hellip;]<\/p>\n","protected":false},"author":1,"featured_media":10032,"comment_status":"open","ping_status":"open","sticky":false,"template":"","format":"standard","meta":{"_acf_changed":false,"_joinchat":[],"footnotes":""},"categories":[37,27],"tags":[],"class_list":["post-10031","post","type-post","status-publish","format-standard","has-post-thumbnail","hentry","category-noticias","category-novedades"],"acf":[],"yoast_head":"<!-- This site is optimized with the Yoast SEO plugin v27.3 - https:\/\/yoast.com\/product\/yoast-seo-wordpress\/ -->\n<title>Realizan tareas de mantenimiento del dragado contratado por CARU % C.A.R.U. imagen<\/title>\n<meta name=\"robots\" content=\"index, follow, max-snippet:-1, max-image-preview:large, max-video-preview:-1\" \/>\n<link rel=\"canonical\" href=\"https:\/\/caru.org.uy\/nuevositio\/2024\/09\/10\/realizan-tareas-de-mantenimiento-del-dragado-contratado-por-caru\/\" \/>\n<meta property=\"og:locale\" content=\"es_ES\" \/>\n<meta property=\"og:type\" content=\"article\" \/>\n<meta property=\"og:title\" content=\"Realizan tareas de mantenimiento del dragado contratado por CARU % C.A.R.U. imagen\" \/>\n<meta property=\"og:description\" content=\"La Comisi\u00f3n Administradora del R\u00edo Uruguay (CARU) ha puesto en marcha un nuevo operativo de dragado de mantenimiento en el r\u00edo Uruguay. Esta importante tarea, que comenz\u00f3 el pasado 3 de septiembre, est\u00e1 a cargo de la draga Ni\u00f1a, operada por la empresa Jan de Nul, que gan\u00f3 la licitaci\u00f3n p\u00fablica internacional lanzada por la [&hellip;]\" \/>\n<meta property=\"og:url\" content=\"https:\/\/caru.org.uy\/nuevositio\/2024\/09\/10\/realizan-tareas-de-mantenimiento-del-dragado-contratado-por-caru\/\" \/>\n<meta property=\"og:site_name\" content=\"C.A.R.U.\" \/>\n<meta property=\"article:published_time\" content=\"2024-09-10T11:11:00+00:00\" \/>\n<meta property=\"article:modified_time\" content=\"2024-09-11T14:26:21+00:00\" \/>\n<meta property=\"og:image\" content=\"https:\/\/caru.org.uy\/nuevositio\/wp-content\/uploads\/2024\/09\/draga-en-casablanca.jpeg\" \/>\n\t<meta property=\"og:image:width\" content=\"1600\" \/>\n\t<meta property=\"og:image:height\" content=\"738\" \/>\n\t<meta property=\"og:image:type\" content=\"image\/jpeg\" \/>\n<meta name=\"author\" content=\"Noma\" \/>\n<meta name=\"twitter:card\" content=\"summary_large_image\" \/>\n<meta name=\"twitter:label1\" content=\"Escrito por\" \/>\n\t<meta name=\"twitter:data1\" content=\"Noma\" \/>\n\t<meta name=\"twitter:label2\" content=\"Tiempo de lectura\" \/>\n\t<meta name=\"twitter:data2\" content=\"2 minutos\" \/>\n<script type=\"application\/ld+json\" class=\"yoast-schema-graph\">{\"@context\":\"https:\\\/\\\/schema.org\",\"@graph\":[{\"@type\":[\"Article\",\"BlogPosting\"],\"@id\":\"https:\\\/\\\/caru.org.uy\\\/nuevositio\\\/2024\\\/09\\\/10\\\/realizan-tareas-de-mantenimiento-del-dragado-contratado-por-caru\\\/#article\",\"isPartOf\":{\"@id\":\"https:\\\/\\\/caru.org.uy\\\/nuevositio\\\/2024\\\/09\\\/10\\\/realizan-tareas-de-mantenimiento-del-dragado-contratado-por-caru\\\/\"},\"author\":{\"name\":\"Noma\",\"@id\":\"https:\\\/\\\/caru.org.uy\\\/nuevositio\\\/#\\\/schema\\\/person\\\/9a11b7bc115602d2066d4c695b2aa3e5\"},\"headline\":\"Realizan tareas de mantenimiento del dragado contratado por CARU\",\"datePublished\":\"2024-09-10T11:11:00+00:00\",\"dateModified\":\"2024-09-11T14:26:21+00:00\",\"mainEntityOfPage\":{\"@id\":\"https:\\\/\\\/caru.org.uy\\\/nuevositio\\\/2024\\\/09\\\/10\\\/realizan-tareas-de-mantenimiento-del-dragado-contratado-por-caru\\\/\"},\"wordCount\":276,\"commentCount\":0,\"publisher\":{\"@id\":\"https:\\\/\\\/caru.org.uy\\\/nuevositio\\\/#organization\"},\"image\":{\"@id\":\"https:\\\/\\\/caru.org.uy\\\/nuevositio\\\/2024\\\/09\\\/10\\\/realizan-tareas-de-mantenimiento-del-dragado-contratado-por-caru\\\/#primaryimage\"},\"thumbnailUrl\":\"https:\\\/\\\/caru.org.uy\\\/nuevositio\\\/wp-content\\\/uploads\\\/2024\\\/09\\\/draga-en-casablanca.jpeg\",\"articleSection\":[\"Noticias\",\"Novedades\"],\"inLanguage\":\"es\",\"potentialAction\":[{\"@type\":\"CommentAction\",\"name\":\"Comment\",\"target\":[\"https:\\\/\\\/caru.org.uy\\\/nuevositio\\\/2024\\\/09\\\/10\\\/realizan-tareas-de-mantenimiento-del-dragado-contratado-por-caru\\\/#respond\"]}]},{\"@type\":\"WebPage\",\"@id\":\"https:\\\/\\\/caru.org.uy\\\/nuevositio\\\/2024\\\/09\\\/10\\\/realizan-tareas-de-mantenimiento-del-dragado-contratado-por-caru\\\/\",\"url\":\"https:\\\/\\\/caru.org.uy\\\/nuevositio\\\/2024\\\/09\\\/10\\\/realizan-tareas-de-mantenimiento-del-dragado-contratado-por-caru\\\/\",\"name\":\"Realizan tareas de mantenimiento del dragado contratado por CARU % C.A.R.U. imagen\",\"isPartOf\":{\"@id\":\"https:\\\/\\\/caru.org.uy\\\/nuevositio\\\/#website\"},\"primaryImageOfPage\":{\"@id\":\"https:\\\/\\\/caru.org.uy\\\/nuevositio\\\/2024\\\/09\\\/10\\\/realizan-tareas-de-mantenimiento-del-dragado-contratado-por-caru\\\/#primaryimage\"},\"image\":{\"@id\":\"https:\\\/\\\/caru.org.uy\\\/nuevositio\\\/2024\\\/09\\\/10\\\/realizan-tareas-de-mantenimiento-del-dragado-contratado-por-caru\\\/#primaryimage\"},\"thumbnailUrl\":\"https:\\\/\\\/caru.org.uy\\\/nuevositio\\\/wp-content\\\/uploads\\\/2024\\\/09\\\/draga-en-casablanca.jpeg\",\"datePublished\":\"2024-09-10T11:11:00+00:00\",\"dateModified\":\"2024-09-11T14:26:21+00:00\",\"breadcrumb\":{\"@id\":\"https:\\\/\\\/caru.org.uy\\\/nuevositio\\\/2024\\\/09\\\/10\\\/realizan-tareas-de-mantenimiento-del-dragado-contratado-por-caru\\\/#breadcrumb\"},\"inLanguage\":\"es\",\"potentialAction\":[{\"@type\":\"ReadAction\",\"target\":[\"https:\\\/\\\/caru.org.uy\\\/nuevositio\\\/2024\\\/09\\\/10\\\/realizan-tareas-de-mantenimiento-del-dragado-contratado-por-caru\\\/\"]}]},{\"@type\":\"ImageObject\",\"inLanguage\":\"es\",\"@id\":\"https:\\\/\\\/caru.org.uy\\\/nuevositio\\\/2024\\\/09\\\/10\\\/realizan-tareas-de-mantenimiento-del-dragado-contratado-por-caru\\\/#primaryimage\",\"url\":\"https:\\\/\\\/caru.org.uy\\\/nuevositio\\\/wp-content\\\/uploads\\\/2024\\\/09\\\/draga-en-casablanca.jpeg\",\"contentUrl\":\"https:\\\/\\\/caru.org.uy\\\/nuevositio\\\/wp-content\\\/uploads\\\/2024\\\/09\\\/draga-en-casablanca.jpeg\",\"width\":1600,\"height\":738},{\"@type\":\"BreadcrumbList\",\"@id\":\"https:\\\/\\\/caru.org.uy\\\/nuevositio\\\/2024\\\/09\\\/10\\\/realizan-tareas-de-mantenimiento-del-dragado-contratado-por-caru\\\/#breadcrumb\",\"itemListElement\":[{\"@type\":\"ListItem\",\"position\":1,\"name\":\"Portada\",\"item\":\"https:\\\/\\\/caru.org.uy\\\/nuevositio\\\/\"},{\"@type\":\"ListItem\",\"position\":2,\"name\":\"Realizan tareas de mantenimiento del dragado contratado por CARU\"}]},{\"@type\":\"WebSite\",\"@id\":\"https:\\\/\\\/caru.org.uy\\\/nuevositio\\\/#website\",\"url\":\"https:\\\/\\\/caru.org.uy\\\/nuevositio\\\/\",\"name\":\"C.A.R.U.\",\"description\":\"Comisi\u00f3n Administradora del R\u00edo Uruguay\",\"publisher\":{\"@id\":\"https:\\\/\\\/caru.org.uy\\\/nuevositio\\\/#organization\"},\"potentialAction\":[{\"@type\":\"SearchAction\",\"target\":{\"@type\":\"EntryPoint\",\"urlTemplate\":\"https:\\\/\\\/caru.org.uy\\\/nuevositio\\\/?s={search_term_string}\"},\"query-input\":{\"@type\":\"PropertyValueSpecification\",\"valueRequired\":true,\"valueName\":\"search_term_string\"}}],\"inLanguage\":\"es\"},{\"@type\":\"Organization\",\"@id\":\"https:\\\/\\\/caru.org.uy\\\/nuevositio\\\/#organization\",\"name\":\"C.A.R.U.\",\"url\":\"https:\\\/\\\/caru.org.uy\\\/nuevositio\\\/\",\"logo\":{\"@type\":\"ImageObject\",\"inLanguage\":\"es\",\"@id\":\"https:\\\/\\\/caru.org.uy\\\/nuevositio\\\/#\\\/schema\\\/logo\\\/image\\\/\",\"url\":\"https:\\\/\\\/caru.org.uy\\\/nuevositio\\\/wp-content\\\/uploads\\\/2023\\\/11\\\/logo-nuevo.jpg\",\"contentUrl\":\"https:\\\/\\\/caru.org.uy\\\/nuevositio\\\/wp-content\\\/uploads\\\/2023\\\/11\\\/logo-nuevo.jpg\",\"width\":1,\"height\":1,\"caption\":\"C.A.R.U.\"},\"image\":{\"@id\":\"https:\\\/\\\/caru.org.uy\\\/nuevositio\\\/#\\\/schema\\\/logo\\\/image\\\/\"}},{\"@type\":\"Person\",\"@id\":\"https:\\\/\\\/caru.org.uy\\\/nuevositio\\\/#\\\/schema\\\/person\\\/9a11b7bc115602d2066d4c695b2aa3e5\",\"name\":\"Noma\",\"image\":{\"@type\":\"ImageObject\",\"inLanguage\":\"es\",\"@id\":\"https:\\\/\\\/secure.gravatar.com\\\/avatar\\\/8b0eb2764fe524b07cdc015df29e7576c061e58c50641dd8ccc46d3d448307e5?s=96&d=mm&r=g\",\"url\":\"https:\\\/\\\/secure.gravatar.com\\\/avatar\\\/8b0eb2764fe524b07cdc015df29e7576c061e58c50641dd8ccc46d3d448307e5?s=96&d=mm&r=g\",\"contentUrl\":\"https:\\\/\\\/secure.gravatar.com\\\/avatar\\\/8b0eb2764fe524b07cdc015df29e7576c061e58c50641dd8ccc46d3d448307e5?s=96&d=mm&r=g\",\"caption\":\"Noma\"},\"url\":\"https:\\\/\\\/caru.org.uy\\\/nuevositio\\\/author\\\/admin\\\/\"}]}<\/script>\n<!-- \/ Yoast SEO plugin. -->","yoast_head_json":{"title":"Realizan tareas de mantenimiento del dragado contratado por CARU % C.A.R.U. imagen","robots":{"index":"index","follow":"follow","max-snippet":"max-snippet:-1","max-image-preview":"max-image-preview:large","max-video-preview":"max-video-preview:-1"},"canonical":"https:\/\/caru.org.uy\/nuevositio\/2024\/09\/10\/realizan-tareas-de-mantenimiento-del-dragado-contratado-por-caru\/","og_locale":"es_ES","og_type":"article","og_title":"Realizan tareas de mantenimiento del dragado contratado por CARU % C.A.R.U. imagen","og_description":"La Comisi\u00f3n Administradora del R\u00edo Uruguay (CARU) ha puesto en marcha un nuevo operativo de dragado de mantenimiento en el r\u00edo Uruguay. Esta importante tarea, que comenz\u00f3 el pasado 3 de septiembre, est\u00e1 a cargo de la draga Ni\u00f1a, operada por la empresa Jan de Nul, que gan\u00f3 la licitaci\u00f3n p\u00fablica internacional lanzada por la [&hellip;]","og_url":"https:\/\/caru.org.uy\/nuevositio\/2024\/09\/10\/realizan-tareas-de-mantenimiento-del-dragado-contratado-por-caru\/","og_site_name":"C.A.R.U.","article_published_time":"2024-09-10T11:11:00+00:00","article_modified_time":"2024-09-11T14:26:21+00:00","og_image":[{"width":1600,"height":738,"url":"https:\/\/caru.org.uy\/nuevositio\/wp-content\/uploads\/2024\/09\/draga-en-casablanca.jpeg","type":"image\/jpeg"}],"author":"Noma","twitter_card":"summary_large_image","twitter_misc":{"Escrito por":"Noma","Tiempo de lectura":"2 minutos"},"schema":{"@context":"https:\/\/schema.org","@graph":[{"@type":["Article","BlogPosting"],"@id":"https:\/\/caru.org.uy\/nuevositio\/2024\/09\/10\/realizan-tareas-de-mantenimiento-del-dragado-contratado-por-caru\/#article","isPartOf":{"@id":"https:\/\/caru.org.uy\/nuevositio\/2024\/09\/10\/realizan-tareas-de-mantenimiento-del-dragado-contratado-por-caru\/"},"author":{"name":"Noma","@id":"https:\/\/caru.org.uy\/nuevositio\/#\/schema\/person\/9a11b7bc115602d2066d4c695b2aa3e5"},"headline":"Realizan tareas de mantenimiento del dragado contratado por CARU","datePublished":"2024-09-10T11:11:00+00:00","dateModified":"2024-09-11T14:26:21+00:00","mainEntityOfPage":{"@id":"https:\/\/caru.org.uy\/nuevositio\/2024\/09\/10\/realizan-tareas-de-mantenimiento-del-dragado-contratado-por-caru\/"},"wordCount":276,"commentCount":0,"publisher":{"@id":"https:\/\/caru.org.uy\/nuevositio\/#organization"},"image":{"@id":"https:\/\/caru.org.uy\/nuevositio\/2024\/09\/10\/realizan-tareas-de-mantenimiento-del-dragado-contratado-por-caru\/#primaryimage"},"thumbnailUrl":"https:\/\/caru.org.uy\/nuevositio\/wp-content\/uploads\/2024\/09\/draga-en-casablanca.jpeg","articleSection":["Noticias","Novedades"],"inLanguage":"es","potentialAction":[{"@type":"CommentAction","name":"Comment","target":["https:\/\/caru.org.uy\/nuevositio\/2024\/09\/10\/realizan-tareas-de-mantenimiento-del-dragado-contratado-por-caru\/#respond"]}]},{"@type":"WebPage","@id":"https:\/\/caru.org.uy\/nuevositio\/2024\/09\/10\/realizan-tareas-de-mantenimiento-del-dragado-contratado-por-caru\/","url":"https:\/\/caru.org.uy\/nuevositio\/2024\/09\/10\/realizan-tareas-de-mantenimiento-del-dragado-contratado-por-caru\/","name":"Realizan tareas de mantenimiento del dragado contratado por CARU % C.A.R.U. imagen","isPartOf":{"@id":"https:\/\/caru.org.uy\/nuevositio\/#website"},"primaryImageOfPage":{"@id":"https:\/\/caru.org.uy\/nuevositio\/2024\/09\/10\/realizan-tareas-de-mantenimiento-del-dragado-contratado-por-caru\/#primaryimage"},"image":{"@id":"https:\/\/caru.org.uy\/nuevositio\/2024\/09\/10\/realizan-tareas-de-mantenimiento-del-dragado-contratado-por-caru\/#primaryimage"},"thumbnailUrl":"https:\/\/caru.org.uy\/nuevositio\/wp-content\/uploads\/2024\/09\/draga-en-casablanca.jpeg","datePublished":"2024-09-10T11:11:00+00:00","dateModified":"2024-09-11T14:26:21+00:00","breadcrumb":{"@id":"https:\/\/caru.org.uy\/nuevositio\/2024\/09\/10\/realizan-tareas-de-mantenimiento-del-dragado-contratado-por-caru\/#breadcrumb"},"inLanguage":"es","potentialAction":[{"@type":"ReadAction","target":["https:\/\/caru.org.uy\/nuevositio\/2024\/09\/10\/realizan-tareas-de-mantenimiento-del-dragado-contratado-por-caru\/"]}]},{"@type":"ImageObject","inLanguage":"es","@id":"https:\/\/caru.org.uy\/nuevositio\/2024\/09\/10\/realizan-tareas-de-mantenimiento-del-dragado-contratado-por-caru\/#primaryimage","url":"https:\/\/caru.org.uy\/nuevositio\/wp-content\/uploads\/2024\/09\/draga-en-casablanca.jpeg","contentUrl":"https:\/\/caru.org.uy\/nuevositio\/wp-content\/uploads\/2024\/09\/draga-en-casablanca.jpeg","width":1600,"height":738},{"@type":"BreadcrumbList","@id":"https:\/\/caru.org.uy\/nuevositio\/2024\/09\/10\/realizan-tareas-de-mantenimiento-del-dragado-contratado-por-caru\/#breadcrumb","itemListElement":[{"@type":"ListItem","position":1,"name":"Portada","item":"https:\/\/caru.org.uy\/nuevositio\/"},{"@type":"ListItem","position":2,"name":"Realizan tareas de mantenimiento del dragado contratado por CARU"}]},{"@type":"WebSite","@id":"https:\/\/caru.org.uy\/nuevositio\/#website","url":"https:\/\/caru.org.uy\/nuevositio\/","name":"C.A.R.U.","description":"Comisi\u00f3n Administradora del R\u00edo Uruguay","publisher":{"@id":"https:\/\/caru.org.uy\/nuevositio\/#organization"},"potentialAction":[{"@type":"SearchAction","target":{"@type":"EntryPoint","urlTemplate":"https:\/\/caru.org.uy\/nuevositio\/?s={search_term_string}"},"query-input":{"@type":"PropertyValueSpecification","valueRequired":true,"valueName":"search_term_string"}}],"inLanguage":"es"},{"@type":"Organization","@id":"https:\/\/caru.org.uy\/nuevositio\/#organization","name":"C.A.R.U.","url":"https:\/\/caru.org.uy\/nuevositio\/","logo":{"@type":"ImageObject","inLanguage":"es","@id":"https:\/\/caru.org.uy\/nuevositio\/#\/schema\/logo\/image\/","url":"https:\/\/caru.org.uy\/nuevositio\/wp-content\/uploads\/2023\/11\/logo-nuevo.jpg","contentUrl":"https:\/\/caru.org.uy\/nuevositio\/wp-content\/uploads\/2023\/11\/logo-nuevo.jpg","width":1,"height":1,"caption":"C.A.R.U."},"image":{"@id":"https:\/\/caru.org.uy\/nuevositio\/#\/schema\/logo\/image\/"}},{"@type":"Person","@id":"https:\/\/caru.org.uy\/nuevositio\/#\/schema\/person\/9a11b7bc115602d2066d4c695b2aa3e5","name":"Noma","image":{"@type":"ImageObject","inLanguage":"es","@id":"https:\/\/secure.gravatar.com\/avatar\/8b0eb2764fe524b07cdc015df29e7576c061e58c50641dd8ccc46d3d448307e5?s=96&d=mm&r=g","url":"https:\/\/secure.gravatar.com\/avatar\/8b0eb2764fe524b07cdc015df29e7576c061e58c50641dd8ccc46d3d448307e5?s=96&d=mm&r=g","contentUrl":"https:\/\/secure.gravatar.com\/avatar\/8b0eb2764fe524b07cdc015df29e7576c061e58c50641dd8ccc46d3d448307e5?s=96&d=mm&r=g","caption":"Noma"},"url":"https:\/\/caru.org.uy\/nuevositio\/author\/admin\/"}]}},"_links":{"self":[{"href":"https:\/\/caru.org.uy\/nuevositio\/wp-json\/wp\/v2\/posts\/10031","targetHints":{"allow":["GET"]}}],"collection":[{"href":"https:\/\/caru.org.uy\/nuevositio\/wp-json\/wp\/v2\/posts"}],"about":[{"href":"https:\/\/caru.org.uy\/nuevositio\/wp-json\/wp\/v2\/types\/post"}],"author":[{"embeddable":true,"href":"https:\/\/caru.org.uy\/nuevositio\/wp-json\/wp\/v2\/users\/1"}],"replies":[{"embeddable":true,"href":"https:\/\/caru.org.uy\/nuevositio\/wp-json\/wp\/v2\/comments?post=10031"}],"version-history":[{"count":5,"href":"https:\/\/caru.org.uy\/nuevositio\/wp-json\/wp\/v2\/posts\/10031\/revisions"}],"predecessor-version":[{"id":10039,"href":"https:\/\/caru.org.uy\/nuevositio\/wp-json\/wp\/v2\/posts\/10031\/revisions\/10039"}],"wp:featuredmedia":[{"embeddable":true,"href":"https:\/\/caru.org.uy\/nuevositio\/wp-json\/wp\/v2\/media\/10032"}],"wp:attachment":[{"href":"https:\/\/caru.org.uy\/nuevositio\/wp-json\/wp\/v2\/media?parent=10031"}],"wp:term":[{"taxonomy":"category","embeddable":true,"href":"https:\/\/caru.org.uy\/nuevositio\/wp-json\/wp\/v2\/categories?post=10031"},{"taxonomy":"post_tag","embeddable":true,"href":"https:\/\/caru.org.uy\/nuevositio\/wp-json\/wp\/v2\/tags?post=10031"}],"curies":[{"name":"wp","href":"https:\/\/api.w.org\/{rel}","templated":true}]}}