{"id":10087,"date":"2024-09-22T20:37:39","date_gmt":"2024-09-22T20:37:39","guid":{"rendered":"https:\/\/caru.org.uy\/nuevositio\/?p=10087"},"modified":"2024-09-22T20:40:07","modified_gmt":"2024-09-22T20:40:07","slug":"realizan-tareas-de-mantenimiento-del-balizamiento-en-el-rio-uruguay","status":"publish","type":"post","link":"https:\/\/caru.org.uy\/nuevositio\/2024\/09\/22\/realizan-tareas-de-mantenimiento-del-balizamiento-en-el-rio-uruguay\/","title":{"rendered":"Trabajos para garantizar el balizamiento en el R\u00edo Uruguay"},"content":{"rendered":"\t\t<div data-elementor-type=\"wp-post\" data-elementor-id=\"10087\" class=\"elementor elementor-10087\" data-elementor-post-type=\"post\">\n\t\t\t\t\t\t<section class=\"elementor-section elementor-top-section elementor-element elementor-element-7dd18454 elementor-section-boxed elementor-section-height-default elementor-section-height-default\" data-id=\"7dd18454\" data-element_type=\"section\" data-e-type=\"section\" data-settings=\"{&quot;jet_parallax_layout_list&quot;:[]}\">\n\t\t\t\t\t\t<div class=\"elementor-container elementor-column-gap-default\">\n\t\t\t\t\t<div class=\"elementor-column elementor-col-50 elementor-top-column elementor-element elementor-element-3ea184a\" data-id=\"3ea184a\" data-element_type=\"column\" data-e-type=\"column\">\n\t\t\t<div class=\"elementor-widget-wrap elementor-element-populated\">\n\t\t\t\t\t\t<div class=\"elementor-element elementor-element-420d6112 elementor-arrows-position-inside elementor-pagination-position-outside elementor-widget elementor-widget-image-carousel\" data-id=\"420d6112\" data-element_type=\"widget\" data-e-type=\"widget\" data-settings=\"{&quot;slides_to_show&quot;:&quot;1&quot;,&quot;navigation&quot;:&quot;both&quot;,&quot;autoplay&quot;:&quot;yes&quot;,&quot;pause_on_hover&quot;:&quot;yes&quot;,&quot;pause_on_interaction&quot;:&quot;yes&quot;,&quot;autoplay_speed&quot;:5000,&quot;infinite&quot;:&quot;yes&quot;,&quot;effect&quot;:&quot;slide&quot;,&quot;speed&quot;:500}\" data-widget_type=\"image-carousel.default\">\n\t\t\t\t<div class=\"elementor-widget-container\">\n\t\t\t\t\t\t\t<div class=\"elementor-image-carousel-wrapper swiper\" role=\"region\" aria-roledescription=\"carousel\" aria-label=\"Carrusel de im\u00e1genes\" dir=\"ltr\">\n\t\t\t<div class=\"elementor-image-carousel swiper-wrapper\" aria-live=\"off\">\n\t\t\t\t\t\t\t\t<div class=\"swiper-slide\" role=\"group\" aria-roledescription=\"slide\" aria-label=\"1 de 4\"><figure class=\"swiper-slide-inner\"><img decoding=\"async\" class=\"swiper-slide-image\" src=\"https:\/\/caru.org.uy\/nuevositio\/wp-content\/uploads\/2024\/09\/balizamiento-1-1024x631.jpg\" alt=\"balizamiento 1\" \/><\/figure><\/div><div class=\"swiper-slide\" role=\"group\" aria-roledescription=\"slide\" aria-label=\"2 de 4\"><figure class=\"swiper-slide-inner\"><img decoding=\"async\" class=\"swiper-slide-image\" src=\"https:\/\/caru.org.uy\/nuevositio\/wp-content\/uploads\/2024\/09\/balizamiento-2-1024x575.jpg\" alt=\"balizamiento 2\" \/><\/figure><\/div><div class=\"swiper-slide\" role=\"group\" aria-roledescription=\"slide\" aria-label=\"3 de 4\"><figure class=\"swiper-slide-inner\"><img decoding=\"async\" class=\"swiper-slide-image\" src=\"https:\/\/caru.org.uy\/nuevositio\/wp-content\/uploads\/2024\/09\/balizamiento-3.jpg\" alt=\"balizamiento 3\" \/><\/figure><\/div><div class=\"swiper-slide\" role=\"group\" aria-roledescription=\"slide\" aria-label=\"4 de 4\"><figure class=\"swiper-slide-inner\"><img decoding=\"async\" class=\"swiper-slide-image\" src=\"https:\/\/caru.org.uy\/nuevositio\/wp-content\/uploads\/2024\/09\/balizamiento-4.jpg\" alt=\"balizamiento 4\" \/><\/figure><\/div>\t\t\t<\/div>\n\t\t\t\t\t\t\t\t\t\t\t\t<div class=\"elementor-swiper-button elementor-swiper-button-prev\" role=\"button\" tabindex=\"0\">\n\t\t\t\t\t\t<i aria-hidden=\"true\" class=\"eicon-chevron-left\"><\/i>\t\t\t\t\t<\/div>\n\t\t\t\t\t<div class=\"elementor-swiper-button elementor-swiper-button-next\" role=\"button\" tabindex=\"0\">\n\t\t\t\t\t\t<i aria-hidden=\"true\" class=\"eicon-chevron-right\"><\/i>\t\t\t\t\t<\/div>\n\t\t\t\t\n\t\t\t\t\t\t\t\t\t<div class=\"swiper-pagination\"><\/div>\n\t\t\t\t\t\t\t\t\t<\/div>\n\t\t\t\t\t\t<\/div>\n\t\t\t\t<\/div>\n\t\t\t\t\t<\/div>\n\t\t<\/div>\n\t\t\t\t<div class=\"elementor-column elementor-col-50 elementor-top-column elementor-element elementor-element-31896463\" data-id=\"31896463\" data-element_type=\"column\" data-e-type=\"column\">\n\t\t\t<div class=\"elementor-widget-wrap elementor-element-populated\">\n\t\t\t\t\t\t<div class=\"elementor-element elementor-element-26a76885 elementor-widget elementor-widget-text-editor\" data-id=\"26a76885\" data-element_type=\"widget\" data-e-type=\"widget\" data-widget_type=\"text-editor.default\">\n\t\t\t\t<div class=\"elementor-widget-container\">\n\t\t\t\t\t\t\t\t\t<p>Este s\u00e1bado por la ma\u00f1ana zarp\u00f3 desde el Puerto de Concepci\u00f3n del Uruguay el buque multiprop\u00f3sito de la Armada Argentina, ARA \u201cCiudad de Z\u00e1rate\u201d, con el objetivo de continuar las tareas de mantenimiento del balizamiento del r\u00edo Uruguay iniciadas por orden de CARU el pasado 16 de setiembre.<\/p><p>La Comisi\u00f3n Administradora del R\u00edo Uruguay, suscribi\u00f3 un convenio con el \u00c1rea Naval Fluvial de la Armada de la Rep\u00fablica Argentina, a los efectos de realizar un mantenimiento del balizamiento responsabilidad de nuestro pa\u00eds entre los kil\u00f3metros 0 y 214 (al norte de Paysand\u00fa).<\/p><p>La tarea tendr\u00e1 una duraci\u00f3n aproximada de 40 d\u00edas, y consiste en la instalaci\u00f3n de 20 boyas nuevas, y el reposicionamiento de 42 existentes, as\u00ed como tambi\u00e9n el encendido y sincronizaci\u00f3n de linternas.<\/p><p>El Puerto de Concepci\u00f3n del Uruguay se sum\u00f3 a este plan de trabajos brindando los espacios log\u00edsticos y de amarre para que el buque pueda tener los Muelles 3 y 4 como base operativa para llevar adelante la tarea.<\/p><p>El buque ARA \u201cCiudad de Z\u00e1rate\u201d al mando del Capit\u00e1n de Corbeta Mart\u00edn Sebasti\u00e1n Guti\u00e9rrez, dio inicio a las tareas sobre el sistema de se\u00f1alizaci\u00f3n, y luego ser\u00e1 relevado por el multiprop\u00f3sito ARA \u201cPunta Alta\u201d, bajo el comando del Capit\u00e1n de Fragata C\u00e9sar Alberto De Luca.<\/p><p>El plan de trabajo consiste en verificar el funcionamiento lum\u00ednico de la se\u00f1al caracter\u00edstica de cada boya, revisar su superestructura para, de corresponder, repintarlas para su mejor visualizaci\u00f3n; y, de ser necesario, reposicionarlas en su punto exacto en las cartas n\u00e1uticas del sector, ente otras tareas t\u00e9cnicas.<\/p><p>El objetivo de estos trabajos es una responsabilidad de CARU y que implica garantizar la navegaci\u00f3n segura del tramo del r\u00edo Uruguay, tanto diurna como nocturna. El convenio con la Armada permitir\u00e1, adem\u00e1s, contribuir al adiestramiento de las tripulaciones de las Unidades participantes.<\/p>\t\t\t\t\t\t\t\t<\/div>\n\t\t\t\t<\/div>\n\t\t\t\t\t<\/div>\n\t\t<\/div>\n\t\t\t\t\t<\/div>\n\t\t<\/section>\n\t\t\t\t<\/div>\n\t\t","protected":false},"excerpt":{"rendered":"<p>Este s\u00e1bado por la ma\u00f1ana zarp\u00f3 desde el Puerto de Concepci\u00f3n del Uruguay el buque multiprop\u00f3sito de la Armada Argentina, ARA \u201cCiudad de Z\u00e1rate\u201d, con el objetivo de continuar las tareas de mantenimiento del balizamiento del r\u00edo Uruguay iniciadas por orden de CARU el pasado 16 de setiembre. La Comisi\u00f3n Administradora del R\u00edo Uruguay, suscribi\u00f3 [&hellip;]<\/p>\n","protected":false},"author":1,"featured_media":10089,"comment_status":"open","ping_status":"open","sticky":false,"template":"","format":"standard","meta":{"_acf_changed":false,"_joinchat":[],"footnotes":""},"categories":[37,27],"tags":[],"class_list":["post-10087","post","type-post","status-publish","format-standard","has-post-thumbnail","hentry","category-noticias","category-novedades"],"acf":[],"yoast_head":"<!-- This site is optimized with the Yoast SEO plugin v27.3 - https:\/\/yoast.com\/product\/yoast-seo-wordpress\/ -->\n<title>Trabajos para garantizar el balizamiento en el R\u00edo Uruguay % C.A.R.U. imagen<\/title>\n<meta name=\"robots\" content=\"index, follow, max-snippet:-1, max-image-preview:large, max-video-preview:-1\" \/>\n<link rel=\"canonical\" href=\"https:\/\/caru.org.uy\/nuevositio\/2024\/09\/22\/realizan-tareas-de-mantenimiento-del-balizamiento-en-el-rio-uruguay\/\" \/>\n<meta property=\"og:locale\" content=\"es_ES\" \/>\n<meta property=\"og:type\" content=\"article\" \/>\n<meta property=\"og:title\" content=\"Trabajos para garantizar el balizamiento en el R\u00edo Uruguay % C.A.R.U. imagen\" \/>\n<meta property=\"og:description\" content=\"Este s\u00e1bado por la ma\u00f1ana zarp\u00f3 desde el Puerto de Concepci\u00f3n del Uruguay el buque multiprop\u00f3sito de la Armada Argentina, ARA \u201cCiudad de Z\u00e1rate\u201d, con el objetivo de continuar las tareas de mantenimiento del balizamiento del r\u00edo Uruguay iniciadas por orden de CARU el pasado 16 de setiembre. La Comisi\u00f3n Administradora del R\u00edo Uruguay, suscribi\u00f3 [&hellip;]\" \/>\n<meta property=\"og:url\" content=\"https:\/\/caru.org.uy\/nuevositio\/2024\/09\/22\/realizan-tareas-de-mantenimiento-del-balizamiento-en-el-rio-uruguay\/\" \/>\n<meta property=\"og:site_name\" content=\"C.A.R.U.\" \/>\n<meta property=\"article:published_time\" content=\"2024-09-22T20:37:39+00:00\" \/>\n<meta property=\"article:modified_time\" content=\"2024-09-22T20:40:07+00:00\" \/>\n<meta property=\"og:image\" content=\"https:\/\/caru.org.uy\/nuevositio\/wp-content\/uploads\/2024\/09\/balizamiento-2.jpg\" \/>\n\t<meta property=\"og:image:width\" content=\"1440\" \/>\n\t<meta property=\"og:image:height\" content=\"808\" \/>\n\t<meta property=\"og:image:type\" content=\"image\/jpeg\" \/>\n<meta name=\"author\" content=\"Noma\" \/>\n<meta name=\"twitter:card\" content=\"summary_large_image\" \/>\n<meta name=\"twitter:label1\" content=\"Escrito por\" \/>\n\t<meta name=\"twitter:data1\" content=\"Noma\" \/>\n\t<meta name=\"twitter:label2\" content=\"Tiempo de lectura\" \/>\n\t<meta name=\"twitter:data2\" content=\"3 minutos\" \/>\n<script type=\"application\/ld+json\" class=\"yoast-schema-graph\">{\"@context\":\"https:\\\/\\\/schema.org\",\"@graph\":[{\"@type\":[\"Article\",\"BlogPosting\"],\"@id\":\"https:\\\/\\\/caru.org.uy\\\/nuevositio\\\/2024\\\/09\\\/22\\\/realizan-tareas-de-mantenimiento-del-balizamiento-en-el-rio-uruguay\\\/#article\",\"isPartOf\":{\"@id\":\"https:\\\/\\\/caru.org.uy\\\/nuevositio\\\/2024\\\/09\\\/22\\\/realizan-tareas-de-mantenimiento-del-balizamiento-en-el-rio-uruguay\\\/\"},\"author\":{\"name\":\"Noma\",\"@id\":\"https:\\\/\\\/caru.org.uy\\\/nuevositio\\\/#\\\/schema\\\/person\\\/9a11b7bc115602d2066d4c695b2aa3e5\"},\"headline\":\"Trabajos para garantizar el balizamiento en el R\u00edo Uruguay\",\"datePublished\":\"2024-09-22T20:37:39+00:00\",\"dateModified\":\"2024-09-22T20:40:07+00:00\",\"mainEntityOfPage\":{\"@id\":\"https:\\\/\\\/caru.org.uy\\\/nuevositio\\\/2024\\\/09\\\/22\\\/realizan-tareas-de-mantenimiento-del-balizamiento-en-el-rio-uruguay\\\/\"},\"wordCount\":339,\"commentCount\":0,\"publisher\":{\"@id\":\"https:\\\/\\\/caru.org.uy\\\/nuevositio\\\/#organization\"},\"image\":{\"@id\":\"https:\\\/\\\/caru.org.uy\\\/nuevositio\\\/2024\\\/09\\\/22\\\/realizan-tareas-de-mantenimiento-del-balizamiento-en-el-rio-uruguay\\\/#primaryimage\"},\"thumbnailUrl\":\"https:\\\/\\\/caru.org.uy\\\/nuevositio\\\/wp-content\\\/uploads\\\/2024\\\/09\\\/balizamiento-2.jpg\",\"articleSection\":[\"Noticias\",\"Novedades\"],\"inLanguage\":\"es\",\"potentialAction\":[{\"@type\":\"CommentAction\",\"name\":\"Comment\",\"target\":[\"https:\\\/\\\/caru.org.uy\\\/nuevositio\\\/2024\\\/09\\\/22\\\/realizan-tareas-de-mantenimiento-del-balizamiento-en-el-rio-uruguay\\\/#respond\"]}]},{\"@type\":\"WebPage\",\"@id\":\"https:\\\/\\\/caru.org.uy\\\/nuevositio\\\/2024\\\/09\\\/22\\\/realizan-tareas-de-mantenimiento-del-balizamiento-en-el-rio-uruguay\\\/\",\"url\":\"https:\\\/\\\/caru.org.uy\\\/nuevositio\\\/2024\\\/09\\\/22\\\/realizan-tareas-de-mantenimiento-del-balizamiento-en-el-rio-uruguay\\\/\",\"name\":\"Trabajos para garantizar el balizamiento en el R\u00edo Uruguay % C.A.R.U. imagen\",\"isPartOf\":{\"@id\":\"https:\\\/\\\/caru.org.uy\\\/nuevositio\\\/#website\"},\"primaryImageOfPage\":{\"@id\":\"https:\\\/\\\/caru.org.uy\\\/nuevositio\\\/2024\\\/09\\\/22\\\/realizan-tareas-de-mantenimiento-del-balizamiento-en-el-rio-uruguay\\\/#primaryimage\"},\"image\":{\"@id\":\"https:\\\/\\\/caru.org.uy\\\/nuevositio\\\/2024\\\/09\\\/22\\\/realizan-tareas-de-mantenimiento-del-balizamiento-en-el-rio-uruguay\\\/#primaryimage\"},\"thumbnailUrl\":\"https:\\\/\\\/caru.org.uy\\\/nuevositio\\\/wp-content\\\/uploads\\\/2024\\\/09\\\/balizamiento-2.jpg\",\"datePublished\":\"2024-09-22T20:37:39+00:00\",\"dateModified\":\"2024-09-22T20:40:07+00:00\",\"breadcrumb\":{\"@id\":\"https:\\\/\\\/caru.org.uy\\\/nuevositio\\\/2024\\\/09\\\/22\\\/realizan-tareas-de-mantenimiento-del-balizamiento-en-el-rio-uruguay\\\/#breadcrumb\"},\"inLanguage\":\"es\",\"potentialAction\":[{\"@type\":\"ReadAction\",\"target\":[\"https:\\\/\\\/caru.org.uy\\\/nuevositio\\\/2024\\\/09\\\/22\\\/realizan-tareas-de-mantenimiento-del-balizamiento-en-el-rio-uruguay\\\/\"]}]},{\"@type\":\"ImageObject\",\"inLanguage\":\"es\",\"@id\":\"https:\\\/\\\/caru.org.uy\\\/nuevositio\\\/2024\\\/09\\\/22\\\/realizan-tareas-de-mantenimiento-del-balizamiento-en-el-rio-uruguay\\\/#primaryimage\",\"url\":\"https:\\\/\\\/caru.org.uy\\\/nuevositio\\\/wp-content\\\/uploads\\\/2024\\\/09\\\/balizamiento-2.jpg\",\"contentUrl\":\"https:\\\/\\\/caru.org.uy\\\/nuevositio\\\/wp-content\\\/uploads\\\/2024\\\/09\\\/balizamiento-2.jpg\",\"width\":1440,\"height\":808},{\"@type\":\"BreadcrumbList\",\"@id\":\"https:\\\/\\\/caru.org.uy\\\/nuevositio\\\/2024\\\/09\\\/22\\\/realizan-tareas-de-mantenimiento-del-balizamiento-en-el-rio-uruguay\\\/#breadcrumb\",\"itemListElement\":[{\"@type\":\"ListItem\",\"position\":1,\"name\":\"Portada\",\"item\":\"https:\\\/\\\/caru.org.uy\\\/nuevositio\\\/\"},{\"@type\":\"ListItem\",\"position\":2,\"name\":\"Trabajos para garantizar el balizamiento en el R\u00edo Uruguay\"}]},{\"@type\":\"WebSite\",\"@id\":\"https:\\\/\\\/caru.org.uy\\\/nuevositio\\\/#website\",\"url\":\"https:\\\/\\\/caru.org.uy\\\/nuevositio\\\/\",\"name\":\"C.A.R.U.\",\"description\":\"Comisi\u00f3n Administradora del R\u00edo Uruguay\",\"publisher\":{\"@id\":\"https:\\\/\\\/caru.org.uy\\\/nuevositio\\\/#organization\"},\"potentialAction\":[{\"@type\":\"SearchAction\",\"target\":{\"@type\":\"EntryPoint\",\"urlTemplate\":\"https:\\\/\\\/caru.org.uy\\\/nuevositio\\\/?s={search_term_string}\"},\"query-input\":{\"@type\":\"PropertyValueSpecification\",\"valueRequired\":true,\"valueName\":\"search_term_string\"}}],\"inLanguage\":\"es\"},{\"@type\":\"Organization\",\"@id\":\"https:\\\/\\\/caru.org.uy\\\/nuevositio\\\/#organization\",\"name\":\"C.A.R.U.\",\"url\":\"https:\\\/\\\/caru.org.uy\\\/nuevositio\\\/\",\"logo\":{\"@type\":\"ImageObject\",\"inLanguage\":\"es\",\"@id\":\"https:\\\/\\\/caru.org.uy\\\/nuevositio\\\/#\\\/schema\\\/logo\\\/image\\\/\",\"url\":\"https:\\\/\\\/caru.org.uy\\\/nuevositio\\\/wp-content\\\/uploads\\\/2023\\\/11\\\/logo-nuevo.jpg\",\"contentUrl\":\"https:\\\/\\\/caru.org.uy\\\/nuevositio\\\/wp-content\\\/uploads\\\/2023\\\/11\\\/logo-nuevo.jpg\",\"width\":1,\"height\":1,\"caption\":\"C.A.R.U.\"},\"image\":{\"@id\":\"https:\\\/\\\/caru.org.uy\\\/nuevositio\\\/#\\\/schema\\\/logo\\\/image\\\/\"}},{\"@type\":\"Person\",\"@id\":\"https:\\\/\\\/caru.org.uy\\\/nuevositio\\\/#\\\/schema\\\/person\\\/9a11b7bc115602d2066d4c695b2aa3e5\",\"name\":\"Noma\",\"image\":{\"@type\":\"ImageObject\",\"inLanguage\":\"es\",\"@id\":\"https:\\\/\\\/secure.gravatar.com\\\/avatar\\\/8b0eb2764fe524b07cdc015df29e7576c061e58c50641dd8ccc46d3d448307e5?s=96&d=mm&r=g\",\"url\":\"https:\\\/\\\/secure.gravatar.com\\\/avatar\\\/8b0eb2764fe524b07cdc015df29e7576c061e58c50641dd8ccc46d3d448307e5?s=96&d=mm&r=g\",\"contentUrl\":\"https:\\\/\\\/secure.gravatar.com\\\/avatar\\\/8b0eb2764fe524b07cdc015df29e7576c061e58c50641dd8ccc46d3d448307e5?s=96&d=mm&r=g\",\"caption\":\"Noma\"},\"url\":\"https:\\\/\\\/caru.org.uy\\\/nuevositio\\\/author\\\/admin\\\/\"}]}<\/script>\n<!-- \/ Yoast SEO plugin. -->","yoast_head_json":{"title":"Trabajos para garantizar el balizamiento en el R\u00edo Uruguay % C.A.R.U. imagen","robots":{"index":"index","follow":"follow","max-snippet":"max-snippet:-1","max-image-preview":"max-image-preview:large","max-video-preview":"max-video-preview:-1"},"canonical":"https:\/\/caru.org.uy\/nuevositio\/2024\/09\/22\/realizan-tareas-de-mantenimiento-del-balizamiento-en-el-rio-uruguay\/","og_locale":"es_ES","og_type":"article","og_title":"Trabajos para garantizar el balizamiento en el R\u00edo Uruguay % C.A.R.U. imagen","og_description":"Este s\u00e1bado por la ma\u00f1ana zarp\u00f3 desde el Puerto de Concepci\u00f3n del Uruguay el buque multiprop\u00f3sito de la Armada Argentina, ARA \u201cCiudad de Z\u00e1rate\u201d, con el objetivo de continuar las tareas de mantenimiento del balizamiento del r\u00edo Uruguay iniciadas por orden de CARU el pasado 16 de setiembre. La Comisi\u00f3n Administradora del R\u00edo Uruguay, suscribi\u00f3 [&hellip;]","og_url":"https:\/\/caru.org.uy\/nuevositio\/2024\/09\/22\/realizan-tareas-de-mantenimiento-del-balizamiento-en-el-rio-uruguay\/","og_site_name":"C.A.R.U.","article_published_time":"2024-09-22T20:37:39+00:00","article_modified_time":"2024-09-22T20:40:07+00:00","og_image":[{"width":1440,"height":808,"url":"https:\/\/caru.org.uy\/nuevositio\/wp-content\/uploads\/2024\/09\/balizamiento-2.jpg","type":"image\/jpeg"}],"author":"Noma","twitter_card":"summary_large_image","twitter_misc":{"Escrito por":"Noma","Tiempo de lectura":"3 minutos"},"schema":{"@context":"https:\/\/schema.org","@graph":[{"@type":["Article","BlogPosting"],"@id":"https:\/\/caru.org.uy\/nuevositio\/2024\/09\/22\/realizan-tareas-de-mantenimiento-del-balizamiento-en-el-rio-uruguay\/#article","isPartOf":{"@id":"https:\/\/caru.org.uy\/nuevositio\/2024\/09\/22\/realizan-tareas-de-mantenimiento-del-balizamiento-en-el-rio-uruguay\/"},"author":{"name":"Noma","@id":"https:\/\/caru.org.uy\/nuevositio\/#\/schema\/person\/9a11b7bc115602d2066d4c695b2aa3e5"},"headline":"Trabajos para garantizar el balizamiento en el R\u00edo Uruguay","datePublished":"2024-09-22T20:37:39+00:00","dateModified":"2024-09-22T20:40:07+00:00","mainEntityOfPage":{"@id":"https:\/\/caru.org.uy\/nuevositio\/2024\/09\/22\/realizan-tareas-de-mantenimiento-del-balizamiento-en-el-rio-uruguay\/"},"wordCount":339,"commentCount":0,"publisher":{"@id":"https:\/\/caru.org.uy\/nuevositio\/#organization"},"image":{"@id":"https:\/\/caru.org.uy\/nuevositio\/2024\/09\/22\/realizan-tareas-de-mantenimiento-del-balizamiento-en-el-rio-uruguay\/#primaryimage"},"thumbnailUrl":"https:\/\/caru.org.uy\/nuevositio\/wp-content\/uploads\/2024\/09\/balizamiento-2.jpg","articleSection":["Noticias","Novedades"],"inLanguage":"es","potentialAction":[{"@type":"CommentAction","name":"Comment","target":["https:\/\/caru.org.uy\/nuevositio\/2024\/09\/22\/realizan-tareas-de-mantenimiento-del-balizamiento-en-el-rio-uruguay\/#respond"]}]},{"@type":"WebPage","@id":"https:\/\/caru.org.uy\/nuevositio\/2024\/09\/22\/realizan-tareas-de-mantenimiento-del-balizamiento-en-el-rio-uruguay\/","url":"https:\/\/caru.org.uy\/nuevositio\/2024\/09\/22\/realizan-tareas-de-mantenimiento-del-balizamiento-en-el-rio-uruguay\/","name":"Trabajos para garantizar el balizamiento en el R\u00edo Uruguay % C.A.R.U. imagen","isPartOf":{"@id":"https:\/\/caru.org.uy\/nuevositio\/#website"},"primaryImageOfPage":{"@id":"https:\/\/caru.org.uy\/nuevositio\/2024\/09\/22\/realizan-tareas-de-mantenimiento-del-balizamiento-en-el-rio-uruguay\/#primaryimage"},"image":{"@id":"https:\/\/caru.org.uy\/nuevositio\/2024\/09\/22\/realizan-tareas-de-mantenimiento-del-balizamiento-en-el-rio-uruguay\/#primaryimage"},"thumbnailUrl":"https:\/\/caru.org.uy\/nuevositio\/wp-content\/uploads\/2024\/09\/balizamiento-2.jpg","datePublished":"2024-09-22T20:37:39+00:00","dateModified":"2024-09-22T20:40:07+00:00","breadcrumb":{"@id":"https:\/\/caru.org.uy\/nuevositio\/2024\/09\/22\/realizan-tareas-de-mantenimiento-del-balizamiento-en-el-rio-uruguay\/#breadcrumb"},"inLanguage":"es","potentialAction":[{"@type":"ReadAction","target":["https:\/\/caru.org.uy\/nuevositio\/2024\/09\/22\/realizan-tareas-de-mantenimiento-del-balizamiento-en-el-rio-uruguay\/"]}]},{"@type":"ImageObject","inLanguage":"es","@id":"https:\/\/caru.org.uy\/nuevositio\/2024\/09\/22\/realizan-tareas-de-mantenimiento-del-balizamiento-en-el-rio-uruguay\/#primaryimage","url":"https:\/\/caru.org.uy\/nuevositio\/wp-content\/uploads\/2024\/09\/balizamiento-2.jpg","contentUrl":"https:\/\/caru.org.uy\/nuevositio\/wp-content\/uploads\/2024\/09\/balizamiento-2.jpg","width":1440,"height":808},{"@type":"BreadcrumbList","@id":"https:\/\/caru.org.uy\/nuevositio\/2024\/09\/22\/realizan-tareas-de-mantenimiento-del-balizamiento-en-el-rio-uruguay\/#breadcrumb","itemListElement":[{"@type":"ListItem","position":1,"name":"Portada","item":"https:\/\/caru.org.uy\/nuevositio\/"},{"@type":"ListItem","position":2,"name":"Trabajos para garantizar el balizamiento en el R\u00edo Uruguay"}]},{"@type":"WebSite","@id":"https:\/\/caru.org.uy\/nuevositio\/#website","url":"https:\/\/caru.org.uy\/nuevositio\/","name":"C.A.R.U.","description":"Comisi\u00f3n Administradora del R\u00edo Uruguay","publisher":{"@id":"https:\/\/caru.org.uy\/nuevositio\/#organization"},"potentialAction":[{"@type":"SearchAction","target":{"@type":"EntryPoint","urlTemplate":"https:\/\/caru.org.uy\/nuevositio\/?s={search_term_string}"},"query-input":{"@type":"PropertyValueSpecification","valueRequired":true,"valueName":"search_term_string"}}],"inLanguage":"es"},{"@type":"Organization","@id":"https:\/\/caru.org.uy\/nuevositio\/#organization","name":"C.A.R.U.","url":"https:\/\/caru.org.uy\/nuevositio\/","logo":{"@type":"ImageObject","inLanguage":"es","@id":"https:\/\/caru.org.uy\/nuevositio\/#\/schema\/logo\/image\/","url":"https:\/\/caru.org.uy\/nuevositio\/wp-content\/uploads\/2023\/11\/logo-nuevo.jpg","contentUrl":"https:\/\/caru.org.uy\/nuevositio\/wp-content\/uploads\/2023\/11\/logo-nuevo.jpg","width":1,"height":1,"caption":"C.A.R.U."},"image":{"@id":"https:\/\/caru.org.uy\/nuevositio\/#\/schema\/logo\/image\/"}},{"@type":"Person","@id":"https:\/\/caru.org.uy\/nuevositio\/#\/schema\/person\/9a11b7bc115602d2066d4c695b2aa3e5","name":"Noma","image":{"@type":"ImageObject","inLanguage":"es","@id":"https:\/\/secure.gravatar.com\/avatar\/8b0eb2764fe524b07cdc015df29e7576c061e58c50641dd8ccc46d3d448307e5?s=96&d=mm&r=g","url":"https:\/\/secure.gravatar.com\/avatar\/8b0eb2764fe524b07cdc015df29e7576c061e58c50641dd8ccc46d3d448307e5?s=96&d=mm&r=g","contentUrl":"https:\/\/secure.gravatar.com\/avatar\/8b0eb2764fe524b07cdc015df29e7576c061e58c50641dd8ccc46d3d448307e5?s=96&d=mm&r=g","caption":"Noma"},"url":"https:\/\/caru.org.uy\/nuevositio\/author\/admin\/"}]}},"_links":{"self":[{"href":"https:\/\/caru.org.uy\/nuevositio\/wp-json\/wp\/v2\/posts\/10087","targetHints":{"allow":["GET"]}}],"collection":[{"href":"https:\/\/caru.org.uy\/nuevositio\/wp-json\/wp\/v2\/posts"}],"about":[{"href":"https:\/\/caru.org.uy\/nuevositio\/wp-json\/wp\/v2\/types\/post"}],"author":[{"embeddable":true,"href":"https:\/\/caru.org.uy\/nuevositio\/wp-json\/wp\/v2\/users\/1"}],"replies":[{"embeddable":true,"href":"https:\/\/caru.org.uy\/nuevositio\/wp-json\/wp\/v2\/comments?post=10087"}],"version-history":[{"count":5,"href":"https:\/\/caru.org.uy\/nuevositio\/wp-json\/wp\/v2\/posts\/10087\/revisions"}],"predecessor-version":[{"id":10098,"href":"https:\/\/caru.org.uy\/nuevositio\/wp-json\/wp\/v2\/posts\/10087\/revisions\/10098"}],"wp:featuredmedia":[{"embeddable":true,"href":"https:\/\/caru.org.uy\/nuevositio\/wp-json\/wp\/v2\/media\/10089"}],"wp:attachment":[{"href":"https:\/\/caru.org.uy\/nuevositio\/wp-json\/wp\/v2\/media?parent=10087"}],"wp:term":[{"taxonomy":"category","embeddable":true,"href":"https:\/\/caru.org.uy\/nuevositio\/wp-json\/wp\/v2\/categories?post=10087"},{"taxonomy":"post_tag","embeddable":true,"href":"https:\/\/caru.org.uy\/nuevositio\/wp-json\/wp\/v2\/tags?post=10087"}],"curies":[{"name":"wp","href":"https:\/\/api.w.org\/{rel}","templated":true}]}}