{"id":10137,"date":"2024-10-01T15:49:14","date_gmt":"2024-10-01T15:49:14","guid":{"rendered":"https:\/\/caru.org.uy\/nuevositio\/?p=10137"},"modified":"2024-10-01T16:25:20","modified_gmt":"2024-10-01T16:25:20","slug":"caru-lleva-a-mas-alumnos-para-conocer-el-palmar","status":"publish","type":"post","link":"https:\/\/caru.org.uy\/nuevositio\/2024\/10\/01\/caru-lleva-a-mas-alumnos-para-conocer-el-palmar\/","title":{"rendered":"CARU lleva a m\u00e1s alumnos para conocer el Parque Nacional El Palmar"},"content":{"rendered":"\t\t<div data-elementor-type=\"wp-post\" data-elementor-id=\"10137\" class=\"elementor elementor-10137\" data-elementor-post-type=\"post\">\n\t\t\t\t\t\t<section class=\"elementor-section elementor-top-section elementor-element elementor-element-7b6e02e0 elementor-section-boxed elementor-section-height-default elementor-section-height-default\" data-id=\"7b6e02e0\" data-element_type=\"section\" data-e-type=\"section\" data-settings=\"{&quot;jet_parallax_layout_list&quot;:[]}\">\n\t\t\t\t\t\t<div class=\"elementor-container elementor-column-gap-default\">\n\t\t\t\t\t<div class=\"elementor-column elementor-col-50 elementor-top-column elementor-element elementor-element-293e507a\" data-id=\"293e507a\" data-element_type=\"column\" data-e-type=\"column\">\n\t\t\t<div class=\"elementor-widget-wrap elementor-element-populated\">\n\t\t\t\t\t\t<div class=\"elementor-element elementor-element-102b2acb elementor-arrows-position-inside elementor-pagination-position-outside elementor-widget elementor-widget-image-carousel\" data-id=\"102b2acb\" data-element_type=\"widget\" data-e-type=\"widget\" data-settings=\"{&quot;slides_to_show&quot;:&quot;1&quot;,&quot;navigation&quot;:&quot;both&quot;,&quot;autoplay&quot;:&quot;yes&quot;,&quot;pause_on_hover&quot;:&quot;yes&quot;,&quot;pause_on_interaction&quot;:&quot;yes&quot;,&quot;autoplay_speed&quot;:5000,&quot;infinite&quot;:&quot;yes&quot;,&quot;effect&quot;:&quot;slide&quot;,&quot;speed&quot;:500}\" data-widget_type=\"image-carousel.default\">\n\t\t\t\t<div class=\"elementor-widget-container\">\n\t\t\t\t\t\t\t<div class=\"elementor-image-carousel-wrapper swiper\" role=\"region\" aria-roledescription=\"carousel\" aria-label=\"Carrusel de im\u00e1genes\" dir=\"ltr\">\n\t\t\t<div class=\"elementor-image-carousel swiper-wrapper\" aria-live=\"off\">\n\t\t\t\t\t\t\t\t<div class=\"swiper-slide\" role=\"group\" aria-roledescription=\"slide\" aria-label=\"1 de 5\"><figure class=\"swiper-slide-inner\"><img decoding=\"async\" class=\"swiper-slide-image\" src=\"https:\/\/caru.org.uy\/nuevositio\/wp-content\/uploads\/2024\/10\/WhatsApp-Image-2024-10-01-at-12.16.51-1-1024x768.jpeg\" alt=\"WhatsApp Image 2024-10-01 at 12.16.51\" \/><\/figure><\/div><div class=\"swiper-slide\" role=\"group\" aria-roledescription=\"slide\" aria-label=\"2 de 5\"><figure class=\"swiper-slide-inner\"><img decoding=\"async\" class=\"swiper-slide-image\" src=\"https:\/\/caru.org.uy\/nuevositio\/wp-content\/uploads\/2024\/10\/WhatsApp-Image-2024-10-01-at-12.16.51-1-1-1024x768.jpeg\" alt=\"WhatsApp Image 2024-10-01 at 12.16.51 (1)\" \/><\/figure><\/div><div class=\"swiper-slide\" role=\"group\" aria-roledescription=\"slide\" aria-label=\"3 de 5\"><figure class=\"swiper-slide-inner\"><img decoding=\"async\" class=\"swiper-slide-image\" src=\"https:\/\/caru.org.uy\/nuevositio\/wp-content\/uploads\/2024\/10\/WhatsApp-Image-2024-10-01-at-12.16.52-1024x768.jpeg\" alt=\"WhatsApp Image 2024-10-01 at 12.16.52\" \/><\/figure><\/div><div class=\"swiper-slide\" role=\"group\" aria-roledescription=\"slide\" aria-label=\"4 de 5\"><figure class=\"swiper-slide-inner\"><img decoding=\"async\" class=\"swiper-slide-image\" src=\"https:\/\/caru.org.uy\/nuevositio\/wp-content\/uploads\/2024\/10\/WhatsApp-Image-2024-10-01-at-12.16.52-1-1024x768.jpeg\" alt=\"WhatsApp Image 2024-10-01 at 12.16.52 (1)\" \/><\/figure><\/div><div class=\"swiper-slide\" role=\"group\" aria-roledescription=\"slide\" aria-label=\"5 de 5\"><figure class=\"swiper-slide-inner\"><img decoding=\"async\" class=\"swiper-slide-image\" src=\"https:\/\/caru.org.uy\/nuevositio\/wp-content\/uploads\/2024\/10\/WhatsApp-Image-2024-10-01-at-12.17.48-1024x768.jpeg\" alt=\"WhatsApp Image 2024-10-01 at 12.17.48\" \/><\/figure><\/div>\t\t\t<\/div>\n\t\t\t\t\t\t\t\t\t\t\t\t<div class=\"elementor-swiper-button elementor-swiper-button-prev\" role=\"button\" tabindex=\"0\">\n\t\t\t\t\t\t<i aria-hidden=\"true\" class=\"eicon-chevron-left\"><\/i>\t\t\t\t\t<\/div>\n\t\t\t\t\t<div class=\"elementor-swiper-button elementor-swiper-button-next\" role=\"button\" tabindex=\"0\">\n\t\t\t\t\t\t<i aria-hidden=\"true\" class=\"eicon-chevron-right\"><\/i>\t\t\t\t\t<\/div>\n\t\t\t\t\n\t\t\t\t\t\t\t\t\t<div class=\"swiper-pagination\"><\/div>\n\t\t\t\t\t\t\t\t\t<\/div>\n\t\t\t\t\t\t<\/div>\n\t\t\t\t<\/div>\n\t\t\t\t\t<\/div>\n\t\t<\/div>\n\t\t\t\t<div class=\"elementor-column elementor-col-50 elementor-top-column elementor-element elementor-element-62742b40\" data-id=\"62742b40\" data-element_type=\"column\" data-e-type=\"column\">\n\t\t\t<div class=\"elementor-widget-wrap elementor-element-populated\">\n\t\t\t\t\t\t<div class=\"elementor-element elementor-element-2634ec9f elementor-widget elementor-widget-text-editor\" data-id=\"2634ec9f\" data-element_type=\"widget\" data-e-type=\"widget\" data-widget_type=\"text-editor.default\">\n\t\t\t\t<div class=\"elementor-widget-container\">\n\t\t\t\t\t\t\t\t\t<p><strong>Alumnos del Departamento Col\u00f3n (Entre R\u00edos) viajaron al Parque Nacional El Palmar, en el marco del Programa de Educaci\u00f3n Ambiental \u201cConociendo nuestro Parque Nacional\u201d que se desarrolla en forma conjunta entre la Comisi\u00f3n Administradora del R\u00edo Uruguay (CARU) y El Palmar desde hace 8 a\u00f1os.<\/strong><\/p><p><span style=\"color: var( --e-global-color-text ); font-family: var( --e-global-typography-text-font-family ), Sans-serif; font-weight: var( --e-global-typography-text-font-weight );\">De diferentes puntos de la regi\u00f3n llegan los estudiantes que visitan el Parque Nacional El Palmar, en la localidad entrerriana de Ubajay, para descubrir la flora y fauna de esta regi\u00f3n del R\u00edo Uruguay. Entre septiembre, octubre y noviembre se calcula que m\u00e1s de 50.000 alumnos son guiados por los guardaparques en los recorridos por los diferentes circuitos que ofrece el \u00e1rea natural.<\/span><\/p><p>La CARU y El Palmar llevan a cabo el programa \u201cConociendo nuestro Parque Nacional\u201d, que lleva ocho a\u00f1os de funcionamiento a partir de una visi\u00f3n integradora sobre el desarrollo tur\u00edstico regional y la contribuci\u00f3n al conocimiento y compromiso social con el ambiente que conlleva dicho desarrollo. El programa tiene como objetivo divulgar la importancia de la labor que se lleva a cabo d\u00eda a d\u00eda en los Parques Nacionales para la protecci\u00f3n de las \u00e1reas naturales, as\u00ed como la sensibilizaci\u00f3n por los valores de conservaci\u00f3n de estas \u00e1reas y los ecosistemas que resguardan.<\/p><p>Para los m\u00e1s chicos significa una oportunidad de enorme valor educativo ya que cientos de alumnos y alumnas tienen la oportunidad de conocer el Parque Nacional, y all\u00ed nuestro ecosistema, nuestro ambiente y nuestra naturaleza.<\/p><p>La CARU a trav\u00e9s de este programa, se hace cargo del transporte, las meriendas y los gu\u00edas necesarios para que los alumnos de diferentes escuelas puedan recorrer el Parque Nacional y aprender sobre sus beneficios.<\/p>\t\t\t\t\t\t\t\t<\/div>\n\t\t\t\t<\/div>\n\t\t\t\t\t<\/div>\n\t\t<\/div>\n\t\t\t\t\t<\/div>\n\t\t<\/section>\n\t\t\t\t<\/div>\n\t\t","protected":false},"excerpt":{"rendered":"<p>Alumnos del Departamento Col\u00f3n (Entre R\u00edos) viajaron al Parque Nacional El Palmar, en el marco del Programa de Educaci\u00f3n Ambiental \u201cConociendo nuestro Parque Nacional\u201d que se desarrolla en forma conjunta entre la Comisi\u00f3n Administradora del R\u00edo Uruguay (CARU) y El Palmar desde hace 8 a\u00f1os. De diferentes puntos de la regi\u00f3n llegan los estudiantes que [&hellip;]<\/p>\n","protected":false},"author":1,"featured_media":10138,"comment_status":"open","ping_status":"open","sticky":false,"template":"","format":"standard","meta":{"_acf_changed":false,"_joinchat":[],"footnotes":""},"categories":[37,27],"tags":[],"class_list":["post-10137","post","type-post","status-publish","format-standard","has-post-thumbnail","hentry","category-noticias","category-novedades"],"acf":[],"yoast_head":"<!-- This site is optimized with the Yoast SEO plugin v27.3 - https:\/\/yoast.com\/product\/yoast-seo-wordpress\/ -->\n<title>CARU lleva a m\u00e1s alumnos para conocer el Parque Nacional El Palmar % C.A.R.U. imagen<\/title>\n<meta name=\"robots\" content=\"index, follow, max-snippet:-1, max-image-preview:large, max-video-preview:-1\" \/>\n<link rel=\"canonical\" href=\"https:\/\/caru.org.uy\/nuevositio\/2024\/10\/01\/caru-lleva-a-mas-alumnos-para-conocer-el-palmar\/\" \/>\n<meta property=\"og:locale\" content=\"es_ES\" \/>\n<meta property=\"og:type\" content=\"article\" \/>\n<meta property=\"og:title\" content=\"CARU lleva a m\u00e1s alumnos para conocer el Parque Nacional El Palmar % C.A.R.U. imagen\" \/>\n<meta property=\"og:description\" content=\"Alumnos del Departamento Col\u00f3n (Entre R\u00edos) viajaron al Parque Nacional El Palmar, en el marco del Programa de Educaci\u00f3n Ambiental \u201cConociendo nuestro Parque Nacional\u201d que se desarrolla en forma conjunta entre la Comisi\u00f3n Administradora del R\u00edo Uruguay (CARU) y El Palmar desde hace 8 a\u00f1os. De diferentes puntos de la regi\u00f3n llegan los estudiantes que [&hellip;]\" \/>\n<meta property=\"og:url\" content=\"https:\/\/caru.org.uy\/nuevositio\/2024\/10\/01\/caru-lleva-a-mas-alumnos-para-conocer-el-palmar\/\" \/>\n<meta property=\"og:site_name\" content=\"C.A.R.U.\" \/>\n<meta property=\"article:published_time\" content=\"2024-10-01T15:49:14+00:00\" \/>\n<meta property=\"article:modified_time\" content=\"2024-10-01T16:25:20+00:00\" \/>\n<meta property=\"og:image\" content=\"https:\/\/caru.org.uy\/nuevositio\/wp-content\/uploads\/2024\/10\/WhatsApp-Image-2024-10-01-at-12.16.51.jpeg\" \/>\n\t<meta property=\"og:image:width\" content=\"1600\" \/>\n\t<meta property=\"og:image:height\" content=\"1200\" \/>\n\t<meta property=\"og:image:type\" content=\"image\/jpeg\" \/>\n<meta name=\"author\" content=\"Noma\" \/>\n<meta name=\"twitter:card\" content=\"summary_large_image\" \/>\n<meta name=\"twitter:label1\" content=\"Escrito por\" \/>\n\t<meta name=\"twitter:data1\" content=\"Noma\" \/>\n\t<meta name=\"twitter:label2\" content=\"Tiempo de lectura\" \/>\n\t<meta name=\"twitter:data2\" content=\"3 minutos\" \/>\n<script type=\"application\/ld+json\" class=\"yoast-schema-graph\">{\"@context\":\"https:\\\/\\\/schema.org\",\"@graph\":[{\"@type\":[\"Article\",\"BlogPosting\"],\"@id\":\"https:\\\/\\\/caru.org.uy\\\/nuevositio\\\/2024\\\/10\\\/01\\\/caru-lleva-a-mas-alumnos-para-conocer-el-palmar\\\/#article\",\"isPartOf\":{\"@id\":\"https:\\\/\\\/caru.org.uy\\\/nuevositio\\\/2024\\\/10\\\/01\\\/caru-lleva-a-mas-alumnos-para-conocer-el-palmar\\\/\"},\"author\":{\"name\":\"Noma\",\"@id\":\"https:\\\/\\\/caru.org.uy\\\/nuevositio\\\/#\\\/schema\\\/person\\\/9a11b7bc115602d2066d4c695b2aa3e5\"},\"headline\":\"CARU lleva a m\u00e1s alumnos para conocer el Parque Nacional El Palmar\",\"datePublished\":\"2024-10-01T15:49:14+00:00\",\"dateModified\":\"2024-10-01T16:25:20+00:00\",\"mainEntityOfPage\":{\"@id\":\"https:\\\/\\\/caru.org.uy\\\/nuevositio\\\/2024\\\/10\\\/01\\\/caru-lleva-a-mas-alumnos-para-conocer-el-palmar\\\/\"},\"wordCount\":304,\"commentCount\":0,\"publisher\":{\"@id\":\"https:\\\/\\\/caru.org.uy\\\/nuevositio\\\/#organization\"},\"image\":{\"@id\":\"https:\\\/\\\/caru.org.uy\\\/nuevositio\\\/2024\\\/10\\\/01\\\/caru-lleva-a-mas-alumnos-para-conocer-el-palmar\\\/#primaryimage\"},\"thumbnailUrl\":\"https:\\\/\\\/caru.org.uy\\\/nuevositio\\\/wp-content\\\/uploads\\\/2024\\\/10\\\/WhatsApp-Image-2024-10-01-at-12.16.51.jpeg\",\"articleSection\":[\"Noticias\",\"Novedades\"],\"inLanguage\":\"es\",\"potentialAction\":[{\"@type\":\"CommentAction\",\"name\":\"Comment\",\"target\":[\"https:\\\/\\\/caru.org.uy\\\/nuevositio\\\/2024\\\/10\\\/01\\\/caru-lleva-a-mas-alumnos-para-conocer-el-palmar\\\/#respond\"]}]},{\"@type\":\"WebPage\",\"@id\":\"https:\\\/\\\/caru.org.uy\\\/nuevositio\\\/2024\\\/10\\\/01\\\/caru-lleva-a-mas-alumnos-para-conocer-el-palmar\\\/\",\"url\":\"https:\\\/\\\/caru.org.uy\\\/nuevositio\\\/2024\\\/10\\\/01\\\/caru-lleva-a-mas-alumnos-para-conocer-el-palmar\\\/\",\"name\":\"CARU lleva a m\u00e1s alumnos para conocer el Parque Nacional El Palmar % C.A.R.U. imagen\",\"isPartOf\":{\"@id\":\"https:\\\/\\\/caru.org.uy\\\/nuevositio\\\/#website\"},\"primaryImageOfPage\":{\"@id\":\"https:\\\/\\\/caru.org.uy\\\/nuevositio\\\/2024\\\/10\\\/01\\\/caru-lleva-a-mas-alumnos-para-conocer-el-palmar\\\/#primaryimage\"},\"image\":{\"@id\":\"https:\\\/\\\/caru.org.uy\\\/nuevositio\\\/2024\\\/10\\\/01\\\/caru-lleva-a-mas-alumnos-para-conocer-el-palmar\\\/#primaryimage\"},\"thumbnailUrl\":\"https:\\\/\\\/caru.org.uy\\\/nuevositio\\\/wp-content\\\/uploads\\\/2024\\\/10\\\/WhatsApp-Image-2024-10-01-at-12.16.51.jpeg\",\"datePublished\":\"2024-10-01T15:49:14+00:00\",\"dateModified\":\"2024-10-01T16:25:20+00:00\",\"breadcrumb\":{\"@id\":\"https:\\\/\\\/caru.org.uy\\\/nuevositio\\\/2024\\\/10\\\/01\\\/caru-lleva-a-mas-alumnos-para-conocer-el-palmar\\\/#breadcrumb\"},\"inLanguage\":\"es\",\"potentialAction\":[{\"@type\":\"ReadAction\",\"target\":[\"https:\\\/\\\/caru.org.uy\\\/nuevositio\\\/2024\\\/10\\\/01\\\/caru-lleva-a-mas-alumnos-para-conocer-el-palmar\\\/\"]}]},{\"@type\":\"ImageObject\",\"inLanguage\":\"es\",\"@id\":\"https:\\\/\\\/caru.org.uy\\\/nuevositio\\\/2024\\\/10\\\/01\\\/caru-lleva-a-mas-alumnos-para-conocer-el-palmar\\\/#primaryimage\",\"url\":\"https:\\\/\\\/caru.org.uy\\\/nuevositio\\\/wp-content\\\/uploads\\\/2024\\\/10\\\/WhatsApp-Image-2024-10-01-at-12.16.51.jpeg\",\"contentUrl\":\"https:\\\/\\\/caru.org.uy\\\/nuevositio\\\/wp-content\\\/uploads\\\/2024\\\/10\\\/WhatsApp-Image-2024-10-01-at-12.16.51.jpeg\",\"width\":1600,\"height\":1200},{\"@type\":\"BreadcrumbList\",\"@id\":\"https:\\\/\\\/caru.org.uy\\\/nuevositio\\\/2024\\\/10\\\/01\\\/caru-lleva-a-mas-alumnos-para-conocer-el-palmar\\\/#breadcrumb\",\"itemListElement\":[{\"@type\":\"ListItem\",\"position\":1,\"name\":\"Portada\",\"item\":\"https:\\\/\\\/caru.org.uy\\\/nuevositio\\\/\"},{\"@type\":\"ListItem\",\"position\":2,\"name\":\"CARU lleva a m\u00e1s alumnos para conocer el Parque Nacional El Palmar\"}]},{\"@type\":\"WebSite\",\"@id\":\"https:\\\/\\\/caru.org.uy\\\/nuevositio\\\/#website\",\"url\":\"https:\\\/\\\/caru.org.uy\\\/nuevositio\\\/\",\"name\":\"C.A.R.U.\",\"description\":\"Comisi\u00f3n Administradora del R\u00edo Uruguay\",\"publisher\":{\"@id\":\"https:\\\/\\\/caru.org.uy\\\/nuevositio\\\/#organization\"},\"potentialAction\":[{\"@type\":\"SearchAction\",\"target\":{\"@type\":\"EntryPoint\",\"urlTemplate\":\"https:\\\/\\\/caru.org.uy\\\/nuevositio\\\/?s={search_term_string}\"},\"query-input\":{\"@type\":\"PropertyValueSpecification\",\"valueRequired\":true,\"valueName\":\"search_term_string\"}}],\"inLanguage\":\"es\"},{\"@type\":\"Organization\",\"@id\":\"https:\\\/\\\/caru.org.uy\\\/nuevositio\\\/#organization\",\"name\":\"C.A.R.U.\",\"url\":\"https:\\\/\\\/caru.org.uy\\\/nuevositio\\\/\",\"logo\":{\"@type\":\"ImageObject\",\"inLanguage\":\"es\",\"@id\":\"https:\\\/\\\/caru.org.uy\\\/nuevositio\\\/#\\\/schema\\\/logo\\\/image\\\/\",\"url\":\"https:\\\/\\\/caru.org.uy\\\/nuevositio\\\/wp-content\\\/uploads\\\/2023\\\/11\\\/logo-nuevo.jpg\",\"contentUrl\":\"https:\\\/\\\/caru.org.uy\\\/nuevositio\\\/wp-content\\\/uploads\\\/2023\\\/11\\\/logo-nuevo.jpg\",\"width\":1,\"height\":1,\"caption\":\"C.A.R.U.\"},\"image\":{\"@id\":\"https:\\\/\\\/caru.org.uy\\\/nuevositio\\\/#\\\/schema\\\/logo\\\/image\\\/\"}},{\"@type\":\"Person\",\"@id\":\"https:\\\/\\\/caru.org.uy\\\/nuevositio\\\/#\\\/schema\\\/person\\\/9a11b7bc115602d2066d4c695b2aa3e5\",\"name\":\"Noma\",\"image\":{\"@type\":\"ImageObject\",\"inLanguage\":\"es\",\"@id\":\"https:\\\/\\\/secure.gravatar.com\\\/avatar\\\/8b0eb2764fe524b07cdc015df29e7576c061e58c50641dd8ccc46d3d448307e5?s=96&d=mm&r=g\",\"url\":\"https:\\\/\\\/secure.gravatar.com\\\/avatar\\\/8b0eb2764fe524b07cdc015df29e7576c061e58c50641dd8ccc46d3d448307e5?s=96&d=mm&r=g\",\"contentUrl\":\"https:\\\/\\\/secure.gravatar.com\\\/avatar\\\/8b0eb2764fe524b07cdc015df29e7576c061e58c50641dd8ccc46d3d448307e5?s=96&d=mm&r=g\",\"caption\":\"Noma\"},\"url\":\"https:\\\/\\\/caru.org.uy\\\/nuevositio\\\/author\\\/admin\\\/\"}]}<\/script>\n<!-- \/ Yoast SEO plugin. -->","yoast_head_json":{"title":"CARU lleva a m\u00e1s alumnos para conocer el Parque Nacional El Palmar % C.A.R.U. imagen","robots":{"index":"index","follow":"follow","max-snippet":"max-snippet:-1","max-image-preview":"max-image-preview:large","max-video-preview":"max-video-preview:-1"},"canonical":"https:\/\/caru.org.uy\/nuevositio\/2024\/10\/01\/caru-lleva-a-mas-alumnos-para-conocer-el-palmar\/","og_locale":"es_ES","og_type":"article","og_title":"CARU lleva a m\u00e1s alumnos para conocer el Parque Nacional El Palmar % C.A.R.U. imagen","og_description":"Alumnos del Departamento Col\u00f3n (Entre R\u00edos) viajaron al Parque Nacional El Palmar, en el marco del Programa de Educaci\u00f3n Ambiental \u201cConociendo nuestro Parque Nacional\u201d que se desarrolla en forma conjunta entre la Comisi\u00f3n Administradora del R\u00edo Uruguay (CARU) y El Palmar desde hace 8 a\u00f1os. De diferentes puntos de la regi\u00f3n llegan los estudiantes que [&hellip;]","og_url":"https:\/\/caru.org.uy\/nuevositio\/2024\/10\/01\/caru-lleva-a-mas-alumnos-para-conocer-el-palmar\/","og_site_name":"C.A.R.U.","article_published_time":"2024-10-01T15:49:14+00:00","article_modified_time":"2024-10-01T16:25:20+00:00","og_image":[{"width":1600,"height":1200,"url":"https:\/\/caru.org.uy\/nuevositio\/wp-content\/uploads\/2024\/10\/WhatsApp-Image-2024-10-01-at-12.16.51.jpeg","type":"image\/jpeg"}],"author":"Noma","twitter_card":"summary_large_image","twitter_misc":{"Escrito por":"Noma","Tiempo de lectura":"3 minutos"},"schema":{"@context":"https:\/\/schema.org","@graph":[{"@type":["Article","BlogPosting"],"@id":"https:\/\/caru.org.uy\/nuevositio\/2024\/10\/01\/caru-lleva-a-mas-alumnos-para-conocer-el-palmar\/#article","isPartOf":{"@id":"https:\/\/caru.org.uy\/nuevositio\/2024\/10\/01\/caru-lleva-a-mas-alumnos-para-conocer-el-palmar\/"},"author":{"name":"Noma","@id":"https:\/\/caru.org.uy\/nuevositio\/#\/schema\/person\/9a11b7bc115602d2066d4c695b2aa3e5"},"headline":"CARU lleva a m\u00e1s alumnos para conocer el Parque Nacional El Palmar","datePublished":"2024-10-01T15:49:14+00:00","dateModified":"2024-10-01T16:25:20+00:00","mainEntityOfPage":{"@id":"https:\/\/caru.org.uy\/nuevositio\/2024\/10\/01\/caru-lleva-a-mas-alumnos-para-conocer-el-palmar\/"},"wordCount":304,"commentCount":0,"publisher":{"@id":"https:\/\/caru.org.uy\/nuevositio\/#organization"},"image":{"@id":"https:\/\/caru.org.uy\/nuevositio\/2024\/10\/01\/caru-lleva-a-mas-alumnos-para-conocer-el-palmar\/#primaryimage"},"thumbnailUrl":"https:\/\/caru.org.uy\/nuevositio\/wp-content\/uploads\/2024\/10\/WhatsApp-Image-2024-10-01-at-12.16.51.jpeg","articleSection":["Noticias","Novedades"],"inLanguage":"es","potentialAction":[{"@type":"CommentAction","name":"Comment","target":["https:\/\/caru.org.uy\/nuevositio\/2024\/10\/01\/caru-lleva-a-mas-alumnos-para-conocer-el-palmar\/#respond"]}]},{"@type":"WebPage","@id":"https:\/\/caru.org.uy\/nuevositio\/2024\/10\/01\/caru-lleva-a-mas-alumnos-para-conocer-el-palmar\/","url":"https:\/\/caru.org.uy\/nuevositio\/2024\/10\/01\/caru-lleva-a-mas-alumnos-para-conocer-el-palmar\/","name":"CARU lleva a m\u00e1s alumnos para conocer el Parque Nacional El Palmar % C.A.R.U. imagen","isPartOf":{"@id":"https:\/\/caru.org.uy\/nuevositio\/#website"},"primaryImageOfPage":{"@id":"https:\/\/caru.org.uy\/nuevositio\/2024\/10\/01\/caru-lleva-a-mas-alumnos-para-conocer-el-palmar\/#primaryimage"},"image":{"@id":"https:\/\/caru.org.uy\/nuevositio\/2024\/10\/01\/caru-lleva-a-mas-alumnos-para-conocer-el-palmar\/#primaryimage"},"thumbnailUrl":"https:\/\/caru.org.uy\/nuevositio\/wp-content\/uploads\/2024\/10\/WhatsApp-Image-2024-10-01-at-12.16.51.jpeg","datePublished":"2024-10-01T15:49:14+00:00","dateModified":"2024-10-01T16:25:20+00:00","breadcrumb":{"@id":"https:\/\/caru.org.uy\/nuevositio\/2024\/10\/01\/caru-lleva-a-mas-alumnos-para-conocer-el-palmar\/#breadcrumb"},"inLanguage":"es","potentialAction":[{"@type":"ReadAction","target":["https:\/\/caru.org.uy\/nuevositio\/2024\/10\/01\/caru-lleva-a-mas-alumnos-para-conocer-el-palmar\/"]}]},{"@type":"ImageObject","inLanguage":"es","@id":"https:\/\/caru.org.uy\/nuevositio\/2024\/10\/01\/caru-lleva-a-mas-alumnos-para-conocer-el-palmar\/#primaryimage","url":"https:\/\/caru.org.uy\/nuevositio\/wp-content\/uploads\/2024\/10\/WhatsApp-Image-2024-10-01-at-12.16.51.jpeg","contentUrl":"https:\/\/caru.org.uy\/nuevositio\/wp-content\/uploads\/2024\/10\/WhatsApp-Image-2024-10-01-at-12.16.51.jpeg","width":1600,"height":1200},{"@type":"BreadcrumbList","@id":"https:\/\/caru.org.uy\/nuevositio\/2024\/10\/01\/caru-lleva-a-mas-alumnos-para-conocer-el-palmar\/#breadcrumb","itemListElement":[{"@type":"ListItem","position":1,"name":"Portada","item":"https:\/\/caru.org.uy\/nuevositio\/"},{"@type":"ListItem","position":2,"name":"CARU lleva a m\u00e1s alumnos para conocer el Parque Nacional El Palmar"}]},{"@type":"WebSite","@id":"https:\/\/caru.org.uy\/nuevositio\/#website","url":"https:\/\/caru.org.uy\/nuevositio\/","name":"C.A.R.U.","description":"Comisi\u00f3n Administradora del R\u00edo Uruguay","publisher":{"@id":"https:\/\/caru.org.uy\/nuevositio\/#organization"},"potentialAction":[{"@type":"SearchAction","target":{"@type":"EntryPoint","urlTemplate":"https:\/\/caru.org.uy\/nuevositio\/?s={search_term_string}"},"query-input":{"@type":"PropertyValueSpecification","valueRequired":true,"valueName":"search_term_string"}}],"inLanguage":"es"},{"@type":"Organization","@id":"https:\/\/caru.org.uy\/nuevositio\/#organization","name":"C.A.R.U.","url":"https:\/\/caru.org.uy\/nuevositio\/","logo":{"@type":"ImageObject","inLanguage":"es","@id":"https:\/\/caru.org.uy\/nuevositio\/#\/schema\/logo\/image\/","url":"https:\/\/caru.org.uy\/nuevositio\/wp-content\/uploads\/2023\/11\/logo-nuevo.jpg","contentUrl":"https:\/\/caru.org.uy\/nuevositio\/wp-content\/uploads\/2023\/11\/logo-nuevo.jpg","width":1,"height":1,"caption":"C.A.R.U."},"image":{"@id":"https:\/\/caru.org.uy\/nuevositio\/#\/schema\/logo\/image\/"}},{"@type":"Person","@id":"https:\/\/caru.org.uy\/nuevositio\/#\/schema\/person\/9a11b7bc115602d2066d4c695b2aa3e5","name":"Noma","image":{"@type":"ImageObject","inLanguage":"es","@id":"https:\/\/secure.gravatar.com\/avatar\/8b0eb2764fe524b07cdc015df29e7576c061e58c50641dd8ccc46d3d448307e5?s=96&d=mm&r=g","url":"https:\/\/secure.gravatar.com\/avatar\/8b0eb2764fe524b07cdc015df29e7576c061e58c50641dd8ccc46d3d448307e5?s=96&d=mm&r=g","contentUrl":"https:\/\/secure.gravatar.com\/avatar\/8b0eb2764fe524b07cdc015df29e7576c061e58c50641dd8ccc46d3d448307e5?s=96&d=mm&r=g","caption":"Noma"},"url":"https:\/\/caru.org.uy\/nuevositio\/author\/admin\/"}]}},"_links":{"self":[{"href":"https:\/\/caru.org.uy\/nuevositio\/wp-json\/wp\/v2\/posts\/10137","targetHints":{"allow":["GET"]}}],"collection":[{"href":"https:\/\/caru.org.uy\/nuevositio\/wp-json\/wp\/v2\/posts"}],"about":[{"href":"https:\/\/caru.org.uy\/nuevositio\/wp-json\/wp\/v2\/types\/post"}],"author":[{"embeddable":true,"href":"https:\/\/caru.org.uy\/nuevositio\/wp-json\/wp\/v2\/users\/1"}],"replies":[{"embeddable":true,"href":"https:\/\/caru.org.uy\/nuevositio\/wp-json\/wp\/v2\/comments?post=10137"}],"version-history":[{"count":5,"href":"https:\/\/caru.org.uy\/nuevositio\/wp-json\/wp\/v2\/posts\/10137\/revisions"}],"predecessor-version":[{"id":10149,"href":"https:\/\/caru.org.uy\/nuevositio\/wp-json\/wp\/v2\/posts\/10137\/revisions\/10149"}],"wp:featuredmedia":[{"embeddable":true,"href":"https:\/\/caru.org.uy\/nuevositio\/wp-json\/wp\/v2\/media\/10138"}],"wp:attachment":[{"href":"https:\/\/caru.org.uy\/nuevositio\/wp-json\/wp\/v2\/media?parent=10137"}],"wp:term":[{"taxonomy":"category","embeddable":true,"href":"https:\/\/caru.org.uy\/nuevositio\/wp-json\/wp\/v2\/categories?post=10137"},{"taxonomy":"post_tag","embeddable":true,"href":"https:\/\/caru.org.uy\/nuevositio\/wp-json\/wp\/v2\/tags?post=10137"}],"curies":[{"name":"wp","href":"https:\/\/api.w.org\/{rel}","templated":true}]}}