{"id":10154,"date":"2024-10-08T23:35:31","date_gmt":"2024-10-08T23:35:31","guid":{"rendered":"https:\/\/caru.org.uy\/nuevositio\/?p=10154"},"modified":"2024-10-08T23:37:52","modified_gmt":"2024-10-08T23:37:52","slug":"la-armada-argentina-sumo-un-segundo-buque-para-el-balizamiento-del-rio-uruguay","status":"publish","type":"post","link":"https:\/\/caru.org.uy\/nuevositio\/2024\/10\/08\/la-armada-argentina-sumo-un-segundo-buque-para-el-balizamiento-del-rio-uruguay\/","title":{"rendered":"La Armada Argentina sum\u00f3 un segundo buque para el balizamiento del r\u00edo Uruguay"},"content":{"rendered":"\t\t<div data-elementor-type=\"wp-post\" data-elementor-id=\"10154\" class=\"elementor elementor-10154\" data-elementor-post-type=\"post\">\n\t\t\t\t\t\t<section class=\"elementor-section elementor-top-section elementor-element elementor-element-6c69dde3 elementor-section-boxed elementor-section-height-default elementor-section-height-default\" data-id=\"6c69dde3\" data-element_type=\"section\" data-e-type=\"section\" data-settings=\"{&quot;jet_parallax_layout_list&quot;:[]}\">\n\t\t\t\t\t\t<div class=\"elementor-container elementor-column-gap-default\">\n\t\t\t\t\t<div class=\"elementor-column elementor-col-50 elementor-top-column elementor-element elementor-element-20f233b1\" data-id=\"20f233b1\" data-element_type=\"column\" data-e-type=\"column\">\n\t\t\t<div class=\"elementor-widget-wrap elementor-element-populated\">\n\t\t\t\t\t\t<div class=\"elementor-element elementor-element-564f0335 elementor-arrows-position-inside elementor-pagination-position-outside elementor-widget elementor-widget-image-carousel\" data-id=\"564f0335\" data-element_type=\"widget\" data-e-type=\"widget\" data-settings=\"{&quot;slides_to_show&quot;:&quot;1&quot;,&quot;navigation&quot;:&quot;both&quot;,&quot;autoplay&quot;:&quot;yes&quot;,&quot;pause_on_hover&quot;:&quot;yes&quot;,&quot;pause_on_interaction&quot;:&quot;yes&quot;,&quot;autoplay_speed&quot;:5000,&quot;infinite&quot;:&quot;yes&quot;,&quot;effect&quot;:&quot;slide&quot;,&quot;speed&quot;:500}\" data-widget_type=\"image-carousel.default\">\n\t\t\t\t<div class=\"elementor-widget-container\">\n\t\t\t\t\t\t\t<div class=\"elementor-image-carousel-wrapper swiper\" role=\"region\" aria-roledescription=\"carousel\" aria-label=\"Carrusel de im\u00e1genes\" dir=\"ltr\">\n\t\t\t<div class=\"elementor-image-carousel swiper-wrapper\" aria-live=\"off\">\n\t\t\t\t\t\t\t\t<div class=\"swiper-slide\" role=\"group\" aria-roledescription=\"slide\" aria-label=\"1 de 3\"><figure class=\"swiper-slide-inner\"><img decoding=\"async\" class=\"swiper-slide-image\" src=\"https:\/\/caru.org.uy\/nuevositio\/wp-content\/uploads\/2024\/10\/Armada-4-1024x576.jpeg\" alt=\"Armada 4\" \/><\/figure><\/div><div class=\"swiper-slide\" role=\"group\" aria-roledescription=\"slide\" aria-label=\"2 de 3\"><figure class=\"swiper-slide-inner\"><img decoding=\"async\" class=\"swiper-slide-image\" src=\"https:\/\/caru.org.uy\/nuevositio\/wp-content\/uploads\/2024\/10\/Armada-3-1024x461.jpeg\" alt=\"Armada 3\" \/><\/figure><\/div><div class=\"swiper-slide\" role=\"group\" aria-roledescription=\"slide\" aria-label=\"3 de 3\"><figure class=\"swiper-slide-inner\"><img decoding=\"async\" class=\"swiper-slide-image\" src=\"https:\/\/caru.org.uy\/nuevositio\/wp-content\/uploads\/2024\/10\/Armada-2-1024x504.jpeg\" alt=\"Armada 2\" \/><\/figure><\/div>\t\t\t<\/div>\n\t\t\t\t\t\t\t\t\t\t\t\t<div class=\"elementor-swiper-button elementor-swiper-button-prev\" role=\"button\" tabindex=\"0\">\n\t\t\t\t\t\t<i aria-hidden=\"true\" class=\"eicon-chevron-left\"><\/i>\t\t\t\t\t<\/div>\n\t\t\t\t\t<div class=\"elementor-swiper-button elementor-swiper-button-next\" role=\"button\" tabindex=\"0\">\n\t\t\t\t\t\t<i aria-hidden=\"true\" class=\"eicon-chevron-right\"><\/i>\t\t\t\t\t<\/div>\n\t\t\t\t\n\t\t\t\t\t\t\t\t\t<div class=\"swiper-pagination\"><\/div>\n\t\t\t\t\t\t\t\t\t<\/div>\n\t\t\t\t\t\t<\/div>\n\t\t\t\t<\/div>\n\t\t\t\t\t<\/div>\n\t\t<\/div>\n\t\t\t\t<div class=\"elementor-column elementor-col-50 elementor-top-column elementor-element elementor-element-4b18802\" data-id=\"4b18802\" data-element_type=\"column\" data-e-type=\"column\">\n\t\t\t<div class=\"elementor-widget-wrap elementor-element-populated\">\n\t\t\t\t\t\t<div class=\"elementor-element elementor-element-5694f7a9 elementor-widget elementor-widget-text-editor\" data-id=\"5694f7a9\" data-element_type=\"widget\" data-e-type=\"widget\" data-widget_type=\"text-editor.default\">\n\t\t\t\t<div class=\"elementor-widget-container\">\n\t\t\t\t\t\t\t\t\t<p>El pasado domingo amarr\u00f3 en los muelles del Puerto de Concepci\u00f3n del Uruguay el buque multiprop\u00f3sito de la Armada Argentina ARA Punta Alta para continuar con las tareas de mantenimiento del balizamiento del r\u00edo Uruguay.<\/p><p>Esta embarcaci\u00f3n lleg\u00f3 para relevar a su buque gemelo, el ARA Ciudad de Z\u00e1rate, que hab\u00eda comenzado los trabajos hace dos semanas, alcanzando ya un 50 por ciento de las tareas totales encomendadas por la Comisi\u00f3n Administradora del R\u00edo Uruguay (CARU), organismo binacional encargado de llevar adelante este trabajo.<\/p><p>Para la ceremonia de relevo de las embarcaciones, estuvieron en el puerto de Concepci\u00f3n del Uruguay autoridades de la Armada Argentina, de CARU, y del Puerto de Concepci\u00f3n del Uruguay.<\/p><p>El Contralmirante Daniel Francisco Finardi, Comandante del \u00c1rea Naval Fluvial de la Armada, remarc\u00f3 que \u201ceste es un puerto muy importante para nosotros como punto de apoyo. Se, a trav\u00e9s de los comandantes, que hemos recibido un gran respaldo de las autoridades, por todo esto es que estoy ac\u00e1 para agradecer a CARU y al Puerto de Concepci\u00f3n del Uruguay, y para interiorizarme sobre la tarea que ha ejecutado el ARA Ciudad de Zarate y coordinar lo que ahora va continuar el Ciudad Punta Alta\u201d, remarc\u00f3 Finardi.<\/p><p>La Comisi\u00f3n Administradora del R\u00edo Uruguay ha suscripto un convenio con el \u00c1rea Naval Fluvial de la Armada de la Rep\u00fablica Argentina, a los efectos de realizar un mantenimiento del balizamiento responsabilidad de nuestro pa\u00eds entre los kil\u00f3metros 0 y 214. \u201cNosotros estamos orgullosos de estar presentes, y hablo desde el Jefe Estado Mayor de la Armada a la cabeza. Es una tarea que la asumimos con mucha responsabilidad, sabemos que es una tarea importante porque hace a la seguridad de la navegaci\u00f3n\u201d, complet\u00f3 el Contralmirante.<\/p><p>Por su parte, Juan Carlos Mart\u00ednez, Secretario T\u00e9cnico de CARU, agradeci\u00f3 \u201cno solo a la Armada sino tambi\u00e9n al Puerto de Concepci\u00f3n del Uruguay, que a trav\u00e9s de la coordinaci\u00f3n que pudimos realizar han sido muy importantes en la parte de log\u00edstica de la implementaci\u00f3n del convenio de balizamiento, tarea que incluye la instalaci\u00f3n de 20 boyas nuevas, y el reposicionamiento de 42 existentes, as\u00ed como tambi\u00e9n el encendido y sincronizaci\u00f3n de linternas que est\u00e1n fuera de servicio\u201d.<\/p><p>Marcos Di Giuseppe, Presidente del Ente Puerto Concepci\u00f3n del Uruguay, agradeci\u00f3 a CARU y a la Armada, poniendo de relieve que \u201cpara los Puertos P\u00fablicos, en particular para el nuestro, es muy importante esta tarea colaborativa que se est\u00e1 llevando adelante. A m\u00ed me toc\u00f3 ser funcionario de CARU entre los a\u00f1os 2016-2023 e hicimos dos campa\u00f1as de balizamiento con la Armada Argentina a trav\u00e9s de la Base Fluvial de Zarate. La del a\u00f1o 2019 fue para la instalaci\u00f3n de las nuevas balizas, y en 2022 su completamiento, y ahora est\u00e1n de nuevo aqu\u00ed realizando una tarea impecable, fundamental para cumplir con el mantenimiento del balizamiento de ambos tramos para garantizar una navegaci\u00f3n segura\u201d, remarc\u00f3.<\/p><p>Tambi\u00e9n estuvieron presentes durante el encuentro de este mi\u00e9rcoles, Alejandro Nard\u00edn, adjunto de la Secretar\u00eda T\u00e9cnica de CARU, el Capit\u00e1n de Fragata Mauricio Sosa, Comandante de la Divisi\u00f3n Patrulla Fluvial Zarate de la Armada, y los capitanes del ARA Ciudad de Z\u00e1rate, y ARA Punta Alta, Mart\u00edn Guti\u00e9rrez, y C\u00e9sar De Luca, respectivamente.<\/p><p>El ARA Ciudad de Z\u00e1rate zarp\u00f3 para el cumplimiento de nuevas tareas asignadas en otros puntos del pa\u00eds. Por su parte, el ARA Punta Alta, comenzar\u00e1 este jueves con la etapa final del trabajo de mantenimiento del balizado a lo largo de la v\u00eda navegable del r\u00edo Uruguay.<\/p>\t\t\t\t\t\t\t\t<\/div>\n\t\t\t\t<\/div>\n\t\t\t\t\t<\/div>\n\t\t<\/div>\n\t\t\t\t\t<\/div>\n\t\t<\/section>\n\t\t\t\t<\/div>\n\t\t","protected":false},"excerpt":{"rendered":"<p>El pasado domingo amarr\u00f3 en los muelles del Puerto de Concepci\u00f3n del Uruguay el buque multiprop\u00f3sito de la Armada Argentina ARA Punta Alta para continuar con las tareas de mantenimiento del balizamiento del r\u00edo Uruguay. Esta embarcaci\u00f3n lleg\u00f3 para relevar a su buque gemelo, el ARA Ciudad de Z\u00e1rate, que hab\u00eda comenzado los trabajos hace [&hellip;]<\/p>\n","protected":false},"author":1,"featured_media":10156,"comment_status":"open","ping_status":"open","sticky":false,"template":"","format":"standard","meta":{"_acf_changed":false,"_joinchat":[],"footnotes":""},"categories":[37,27],"tags":[],"class_list":["post-10154","post","type-post","status-publish","format-standard","has-post-thumbnail","hentry","category-noticias","category-novedades"],"acf":[],"yoast_head":"<!-- This site is optimized with the Yoast SEO plugin v27.3 - https:\/\/yoast.com\/product\/yoast-seo-wordpress\/ -->\n<title>La Armada Argentina sum\u00f3 un segundo buque para el balizamiento del r\u00edo Uruguay % C.A.R.U. imagen<\/title>\n<meta name=\"robots\" content=\"index, follow, max-snippet:-1, max-image-preview:large, max-video-preview:-1\" \/>\n<link rel=\"canonical\" href=\"https:\/\/caru.org.uy\/nuevositio\/2024\/10\/08\/la-armada-argentina-sumo-un-segundo-buque-para-el-balizamiento-del-rio-uruguay\/\" \/>\n<meta property=\"og:locale\" content=\"es_ES\" \/>\n<meta property=\"og:type\" content=\"article\" \/>\n<meta property=\"og:title\" content=\"La Armada Argentina sum\u00f3 un segundo buque para el balizamiento del r\u00edo Uruguay % C.A.R.U. imagen\" \/>\n<meta property=\"og:description\" content=\"El pasado domingo amarr\u00f3 en los muelles del Puerto de Concepci\u00f3n del Uruguay el buque multiprop\u00f3sito de la Armada Argentina ARA Punta Alta para continuar con las tareas de mantenimiento del balizamiento del r\u00edo Uruguay. Esta embarcaci\u00f3n lleg\u00f3 para relevar a su buque gemelo, el ARA Ciudad de Z\u00e1rate, que hab\u00eda comenzado los trabajos hace [&hellip;]\" \/>\n<meta property=\"og:url\" content=\"https:\/\/caru.org.uy\/nuevositio\/2024\/10\/08\/la-armada-argentina-sumo-un-segundo-buque-para-el-balizamiento-del-rio-uruguay\/\" \/>\n<meta property=\"og:site_name\" content=\"C.A.R.U.\" \/>\n<meta property=\"article:published_time\" content=\"2024-10-08T23:35:31+00:00\" \/>\n<meta property=\"article:modified_time\" content=\"2024-10-08T23:37:52+00:00\" \/>\n<meta property=\"og:image\" content=\"https:\/\/caru.org.uy\/nuevositio\/wp-content\/uploads\/2024\/10\/Armada-4.jpeg\" \/>\n\t<meta property=\"og:image:width\" content=\"1280\" \/>\n\t<meta property=\"og:image:height\" content=\"720\" \/>\n\t<meta property=\"og:image:type\" content=\"image\/jpeg\" \/>\n<meta name=\"author\" content=\"Noma\" \/>\n<meta name=\"twitter:card\" content=\"summary_large_image\" \/>\n<meta name=\"twitter:label1\" content=\"Escrito por\" \/>\n\t<meta name=\"twitter:data1\" content=\"Noma\" \/>\n\t<meta name=\"twitter:label2\" content=\"Tiempo de lectura\" \/>\n\t<meta name=\"twitter:data2\" content=\"4 minutos\" \/>\n<script type=\"application\/ld+json\" class=\"yoast-schema-graph\">{\"@context\":\"https:\\\/\\\/schema.org\",\"@graph\":[{\"@type\":[\"Article\",\"BlogPosting\"],\"@id\":\"https:\\\/\\\/caru.org.uy\\\/nuevositio\\\/2024\\\/10\\\/08\\\/la-armada-argentina-sumo-un-segundo-buque-para-el-balizamiento-del-rio-uruguay\\\/#article\",\"isPartOf\":{\"@id\":\"https:\\\/\\\/caru.org.uy\\\/nuevositio\\\/2024\\\/10\\\/08\\\/la-armada-argentina-sumo-un-segundo-buque-para-el-balizamiento-del-rio-uruguay\\\/\"},\"author\":{\"name\":\"Noma\",\"@id\":\"https:\\\/\\\/caru.org.uy\\\/nuevositio\\\/#\\\/schema\\\/person\\\/9a11b7bc115602d2066d4c695b2aa3e5\"},\"headline\":\"La Armada Argentina sum\u00f3 un segundo buque para el balizamiento del r\u00edo Uruguay\",\"datePublished\":\"2024-10-08T23:35:31+00:00\",\"dateModified\":\"2024-10-08T23:37:52+00:00\",\"mainEntityOfPage\":{\"@id\":\"https:\\\/\\\/caru.org.uy\\\/nuevositio\\\/2024\\\/10\\\/08\\\/la-armada-argentina-sumo-un-segundo-buque-para-el-balizamiento-del-rio-uruguay\\\/\"},\"wordCount\":642,\"commentCount\":0,\"publisher\":{\"@id\":\"https:\\\/\\\/caru.org.uy\\\/nuevositio\\\/#organization\"},\"image\":{\"@id\":\"https:\\\/\\\/caru.org.uy\\\/nuevositio\\\/2024\\\/10\\\/08\\\/la-armada-argentina-sumo-un-segundo-buque-para-el-balizamiento-del-rio-uruguay\\\/#primaryimage\"},\"thumbnailUrl\":\"https:\\\/\\\/caru.org.uy\\\/nuevositio\\\/wp-content\\\/uploads\\\/2024\\\/10\\\/Armada-4.jpeg\",\"articleSection\":[\"Noticias\",\"Novedades\"],\"inLanguage\":\"es\",\"potentialAction\":[{\"@type\":\"CommentAction\",\"name\":\"Comment\",\"target\":[\"https:\\\/\\\/caru.org.uy\\\/nuevositio\\\/2024\\\/10\\\/08\\\/la-armada-argentina-sumo-un-segundo-buque-para-el-balizamiento-del-rio-uruguay\\\/#respond\"]}]},{\"@type\":\"WebPage\",\"@id\":\"https:\\\/\\\/caru.org.uy\\\/nuevositio\\\/2024\\\/10\\\/08\\\/la-armada-argentina-sumo-un-segundo-buque-para-el-balizamiento-del-rio-uruguay\\\/\",\"url\":\"https:\\\/\\\/caru.org.uy\\\/nuevositio\\\/2024\\\/10\\\/08\\\/la-armada-argentina-sumo-un-segundo-buque-para-el-balizamiento-del-rio-uruguay\\\/\",\"name\":\"La Armada Argentina sum\u00f3 un segundo buque para el balizamiento del r\u00edo Uruguay % C.A.R.U. imagen\",\"isPartOf\":{\"@id\":\"https:\\\/\\\/caru.org.uy\\\/nuevositio\\\/#website\"},\"primaryImageOfPage\":{\"@id\":\"https:\\\/\\\/caru.org.uy\\\/nuevositio\\\/2024\\\/10\\\/08\\\/la-armada-argentina-sumo-un-segundo-buque-para-el-balizamiento-del-rio-uruguay\\\/#primaryimage\"},\"image\":{\"@id\":\"https:\\\/\\\/caru.org.uy\\\/nuevositio\\\/2024\\\/10\\\/08\\\/la-armada-argentina-sumo-un-segundo-buque-para-el-balizamiento-del-rio-uruguay\\\/#primaryimage\"},\"thumbnailUrl\":\"https:\\\/\\\/caru.org.uy\\\/nuevositio\\\/wp-content\\\/uploads\\\/2024\\\/10\\\/Armada-4.jpeg\",\"datePublished\":\"2024-10-08T23:35:31+00:00\",\"dateModified\":\"2024-10-08T23:37:52+00:00\",\"breadcrumb\":{\"@id\":\"https:\\\/\\\/caru.org.uy\\\/nuevositio\\\/2024\\\/10\\\/08\\\/la-armada-argentina-sumo-un-segundo-buque-para-el-balizamiento-del-rio-uruguay\\\/#breadcrumb\"},\"inLanguage\":\"es\",\"potentialAction\":[{\"@type\":\"ReadAction\",\"target\":[\"https:\\\/\\\/caru.org.uy\\\/nuevositio\\\/2024\\\/10\\\/08\\\/la-armada-argentina-sumo-un-segundo-buque-para-el-balizamiento-del-rio-uruguay\\\/\"]}]},{\"@type\":\"ImageObject\",\"inLanguage\":\"es\",\"@id\":\"https:\\\/\\\/caru.org.uy\\\/nuevositio\\\/2024\\\/10\\\/08\\\/la-armada-argentina-sumo-un-segundo-buque-para-el-balizamiento-del-rio-uruguay\\\/#primaryimage\",\"url\":\"https:\\\/\\\/caru.org.uy\\\/nuevositio\\\/wp-content\\\/uploads\\\/2024\\\/10\\\/Armada-4.jpeg\",\"contentUrl\":\"https:\\\/\\\/caru.org.uy\\\/nuevositio\\\/wp-content\\\/uploads\\\/2024\\\/10\\\/Armada-4.jpeg\",\"width\":1280,\"height\":720},{\"@type\":\"BreadcrumbList\",\"@id\":\"https:\\\/\\\/caru.org.uy\\\/nuevositio\\\/2024\\\/10\\\/08\\\/la-armada-argentina-sumo-un-segundo-buque-para-el-balizamiento-del-rio-uruguay\\\/#breadcrumb\",\"itemListElement\":[{\"@type\":\"ListItem\",\"position\":1,\"name\":\"Portada\",\"item\":\"https:\\\/\\\/caru.org.uy\\\/nuevositio\\\/\"},{\"@type\":\"ListItem\",\"position\":2,\"name\":\"La Armada Argentina sum\u00f3 un segundo buque para el balizamiento del r\u00edo Uruguay\"}]},{\"@type\":\"WebSite\",\"@id\":\"https:\\\/\\\/caru.org.uy\\\/nuevositio\\\/#website\",\"url\":\"https:\\\/\\\/caru.org.uy\\\/nuevositio\\\/\",\"name\":\"C.A.R.U.\",\"description\":\"Comisi\u00f3n Administradora del R\u00edo Uruguay\",\"publisher\":{\"@id\":\"https:\\\/\\\/caru.org.uy\\\/nuevositio\\\/#organization\"},\"potentialAction\":[{\"@type\":\"SearchAction\",\"target\":{\"@type\":\"EntryPoint\",\"urlTemplate\":\"https:\\\/\\\/caru.org.uy\\\/nuevositio\\\/?s={search_term_string}\"},\"query-input\":{\"@type\":\"PropertyValueSpecification\",\"valueRequired\":true,\"valueName\":\"search_term_string\"}}],\"inLanguage\":\"es\"},{\"@type\":\"Organization\",\"@id\":\"https:\\\/\\\/caru.org.uy\\\/nuevositio\\\/#organization\",\"name\":\"C.A.R.U.\",\"url\":\"https:\\\/\\\/caru.org.uy\\\/nuevositio\\\/\",\"logo\":{\"@type\":\"ImageObject\",\"inLanguage\":\"es\",\"@id\":\"https:\\\/\\\/caru.org.uy\\\/nuevositio\\\/#\\\/schema\\\/logo\\\/image\\\/\",\"url\":\"https:\\\/\\\/caru.org.uy\\\/nuevositio\\\/wp-content\\\/uploads\\\/2023\\\/11\\\/logo-nuevo.jpg\",\"contentUrl\":\"https:\\\/\\\/caru.org.uy\\\/nuevositio\\\/wp-content\\\/uploads\\\/2023\\\/11\\\/logo-nuevo.jpg\",\"width\":1,\"height\":1,\"caption\":\"C.A.R.U.\"},\"image\":{\"@id\":\"https:\\\/\\\/caru.org.uy\\\/nuevositio\\\/#\\\/schema\\\/logo\\\/image\\\/\"}},{\"@type\":\"Person\",\"@id\":\"https:\\\/\\\/caru.org.uy\\\/nuevositio\\\/#\\\/schema\\\/person\\\/9a11b7bc115602d2066d4c695b2aa3e5\",\"name\":\"Noma\",\"image\":{\"@type\":\"ImageObject\",\"inLanguage\":\"es\",\"@id\":\"https:\\\/\\\/secure.gravatar.com\\\/avatar\\\/8b0eb2764fe524b07cdc015df29e7576c061e58c50641dd8ccc46d3d448307e5?s=96&d=mm&r=g\",\"url\":\"https:\\\/\\\/secure.gravatar.com\\\/avatar\\\/8b0eb2764fe524b07cdc015df29e7576c061e58c50641dd8ccc46d3d448307e5?s=96&d=mm&r=g\",\"contentUrl\":\"https:\\\/\\\/secure.gravatar.com\\\/avatar\\\/8b0eb2764fe524b07cdc015df29e7576c061e58c50641dd8ccc46d3d448307e5?s=96&d=mm&r=g\",\"caption\":\"Noma\"},\"url\":\"https:\\\/\\\/caru.org.uy\\\/nuevositio\\\/author\\\/admin\\\/\"}]}<\/script>\n<!-- \/ Yoast SEO plugin. -->","yoast_head_json":{"title":"La Armada Argentina sum\u00f3 un segundo buque para el balizamiento del r\u00edo Uruguay % C.A.R.U. imagen","robots":{"index":"index","follow":"follow","max-snippet":"max-snippet:-1","max-image-preview":"max-image-preview:large","max-video-preview":"max-video-preview:-1"},"canonical":"https:\/\/caru.org.uy\/nuevositio\/2024\/10\/08\/la-armada-argentina-sumo-un-segundo-buque-para-el-balizamiento-del-rio-uruguay\/","og_locale":"es_ES","og_type":"article","og_title":"La Armada Argentina sum\u00f3 un segundo buque para el balizamiento del r\u00edo Uruguay % C.A.R.U. imagen","og_description":"El pasado domingo amarr\u00f3 en los muelles del Puerto de Concepci\u00f3n del Uruguay el buque multiprop\u00f3sito de la Armada Argentina ARA Punta Alta para continuar con las tareas de mantenimiento del balizamiento del r\u00edo Uruguay. Esta embarcaci\u00f3n lleg\u00f3 para relevar a su buque gemelo, el ARA Ciudad de Z\u00e1rate, que hab\u00eda comenzado los trabajos hace [&hellip;]","og_url":"https:\/\/caru.org.uy\/nuevositio\/2024\/10\/08\/la-armada-argentina-sumo-un-segundo-buque-para-el-balizamiento-del-rio-uruguay\/","og_site_name":"C.A.R.U.","article_published_time":"2024-10-08T23:35:31+00:00","article_modified_time":"2024-10-08T23:37:52+00:00","og_image":[{"width":1280,"height":720,"url":"https:\/\/caru.org.uy\/nuevositio\/wp-content\/uploads\/2024\/10\/Armada-4.jpeg","type":"image\/jpeg"}],"author":"Noma","twitter_card":"summary_large_image","twitter_misc":{"Escrito por":"Noma","Tiempo de lectura":"4 minutos"},"schema":{"@context":"https:\/\/schema.org","@graph":[{"@type":["Article","BlogPosting"],"@id":"https:\/\/caru.org.uy\/nuevositio\/2024\/10\/08\/la-armada-argentina-sumo-un-segundo-buque-para-el-balizamiento-del-rio-uruguay\/#article","isPartOf":{"@id":"https:\/\/caru.org.uy\/nuevositio\/2024\/10\/08\/la-armada-argentina-sumo-un-segundo-buque-para-el-balizamiento-del-rio-uruguay\/"},"author":{"name":"Noma","@id":"https:\/\/caru.org.uy\/nuevositio\/#\/schema\/person\/9a11b7bc115602d2066d4c695b2aa3e5"},"headline":"La Armada Argentina sum\u00f3 un segundo buque para el balizamiento del r\u00edo Uruguay","datePublished":"2024-10-08T23:35:31+00:00","dateModified":"2024-10-08T23:37:52+00:00","mainEntityOfPage":{"@id":"https:\/\/caru.org.uy\/nuevositio\/2024\/10\/08\/la-armada-argentina-sumo-un-segundo-buque-para-el-balizamiento-del-rio-uruguay\/"},"wordCount":642,"commentCount":0,"publisher":{"@id":"https:\/\/caru.org.uy\/nuevositio\/#organization"},"image":{"@id":"https:\/\/caru.org.uy\/nuevositio\/2024\/10\/08\/la-armada-argentina-sumo-un-segundo-buque-para-el-balizamiento-del-rio-uruguay\/#primaryimage"},"thumbnailUrl":"https:\/\/caru.org.uy\/nuevositio\/wp-content\/uploads\/2024\/10\/Armada-4.jpeg","articleSection":["Noticias","Novedades"],"inLanguage":"es","potentialAction":[{"@type":"CommentAction","name":"Comment","target":["https:\/\/caru.org.uy\/nuevositio\/2024\/10\/08\/la-armada-argentina-sumo-un-segundo-buque-para-el-balizamiento-del-rio-uruguay\/#respond"]}]},{"@type":"WebPage","@id":"https:\/\/caru.org.uy\/nuevositio\/2024\/10\/08\/la-armada-argentina-sumo-un-segundo-buque-para-el-balizamiento-del-rio-uruguay\/","url":"https:\/\/caru.org.uy\/nuevositio\/2024\/10\/08\/la-armada-argentina-sumo-un-segundo-buque-para-el-balizamiento-del-rio-uruguay\/","name":"La Armada Argentina sum\u00f3 un segundo buque para el balizamiento del r\u00edo Uruguay % C.A.R.U. imagen","isPartOf":{"@id":"https:\/\/caru.org.uy\/nuevositio\/#website"},"primaryImageOfPage":{"@id":"https:\/\/caru.org.uy\/nuevositio\/2024\/10\/08\/la-armada-argentina-sumo-un-segundo-buque-para-el-balizamiento-del-rio-uruguay\/#primaryimage"},"image":{"@id":"https:\/\/caru.org.uy\/nuevositio\/2024\/10\/08\/la-armada-argentina-sumo-un-segundo-buque-para-el-balizamiento-del-rio-uruguay\/#primaryimage"},"thumbnailUrl":"https:\/\/caru.org.uy\/nuevositio\/wp-content\/uploads\/2024\/10\/Armada-4.jpeg","datePublished":"2024-10-08T23:35:31+00:00","dateModified":"2024-10-08T23:37:52+00:00","breadcrumb":{"@id":"https:\/\/caru.org.uy\/nuevositio\/2024\/10\/08\/la-armada-argentina-sumo-un-segundo-buque-para-el-balizamiento-del-rio-uruguay\/#breadcrumb"},"inLanguage":"es","potentialAction":[{"@type":"ReadAction","target":["https:\/\/caru.org.uy\/nuevositio\/2024\/10\/08\/la-armada-argentina-sumo-un-segundo-buque-para-el-balizamiento-del-rio-uruguay\/"]}]},{"@type":"ImageObject","inLanguage":"es","@id":"https:\/\/caru.org.uy\/nuevositio\/2024\/10\/08\/la-armada-argentina-sumo-un-segundo-buque-para-el-balizamiento-del-rio-uruguay\/#primaryimage","url":"https:\/\/caru.org.uy\/nuevositio\/wp-content\/uploads\/2024\/10\/Armada-4.jpeg","contentUrl":"https:\/\/caru.org.uy\/nuevositio\/wp-content\/uploads\/2024\/10\/Armada-4.jpeg","width":1280,"height":720},{"@type":"BreadcrumbList","@id":"https:\/\/caru.org.uy\/nuevositio\/2024\/10\/08\/la-armada-argentina-sumo-un-segundo-buque-para-el-balizamiento-del-rio-uruguay\/#breadcrumb","itemListElement":[{"@type":"ListItem","position":1,"name":"Portada","item":"https:\/\/caru.org.uy\/nuevositio\/"},{"@type":"ListItem","position":2,"name":"La Armada Argentina sum\u00f3 un segundo buque para el balizamiento del r\u00edo Uruguay"}]},{"@type":"WebSite","@id":"https:\/\/caru.org.uy\/nuevositio\/#website","url":"https:\/\/caru.org.uy\/nuevositio\/","name":"C.A.R.U.","description":"Comisi\u00f3n Administradora del R\u00edo Uruguay","publisher":{"@id":"https:\/\/caru.org.uy\/nuevositio\/#organization"},"potentialAction":[{"@type":"SearchAction","target":{"@type":"EntryPoint","urlTemplate":"https:\/\/caru.org.uy\/nuevositio\/?s={search_term_string}"},"query-input":{"@type":"PropertyValueSpecification","valueRequired":true,"valueName":"search_term_string"}}],"inLanguage":"es"},{"@type":"Organization","@id":"https:\/\/caru.org.uy\/nuevositio\/#organization","name":"C.A.R.U.","url":"https:\/\/caru.org.uy\/nuevositio\/","logo":{"@type":"ImageObject","inLanguage":"es","@id":"https:\/\/caru.org.uy\/nuevositio\/#\/schema\/logo\/image\/","url":"https:\/\/caru.org.uy\/nuevositio\/wp-content\/uploads\/2023\/11\/logo-nuevo.jpg","contentUrl":"https:\/\/caru.org.uy\/nuevositio\/wp-content\/uploads\/2023\/11\/logo-nuevo.jpg","width":1,"height":1,"caption":"C.A.R.U."},"image":{"@id":"https:\/\/caru.org.uy\/nuevositio\/#\/schema\/logo\/image\/"}},{"@type":"Person","@id":"https:\/\/caru.org.uy\/nuevositio\/#\/schema\/person\/9a11b7bc115602d2066d4c695b2aa3e5","name":"Noma","image":{"@type":"ImageObject","inLanguage":"es","@id":"https:\/\/secure.gravatar.com\/avatar\/8b0eb2764fe524b07cdc015df29e7576c061e58c50641dd8ccc46d3d448307e5?s=96&d=mm&r=g","url":"https:\/\/secure.gravatar.com\/avatar\/8b0eb2764fe524b07cdc015df29e7576c061e58c50641dd8ccc46d3d448307e5?s=96&d=mm&r=g","contentUrl":"https:\/\/secure.gravatar.com\/avatar\/8b0eb2764fe524b07cdc015df29e7576c061e58c50641dd8ccc46d3d448307e5?s=96&d=mm&r=g","caption":"Noma"},"url":"https:\/\/caru.org.uy\/nuevositio\/author\/admin\/"}]}},"_links":{"self":[{"href":"https:\/\/caru.org.uy\/nuevositio\/wp-json\/wp\/v2\/posts\/10154","targetHints":{"allow":["GET"]}}],"collection":[{"href":"https:\/\/caru.org.uy\/nuevositio\/wp-json\/wp\/v2\/posts"}],"about":[{"href":"https:\/\/caru.org.uy\/nuevositio\/wp-json\/wp\/v2\/types\/post"}],"author":[{"embeddable":true,"href":"https:\/\/caru.org.uy\/nuevositio\/wp-json\/wp\/v2\/users\/1"}],"replies":[{"embeddable":true,"href":"https:\/\/caru.org.uy\/nuevositio\/wp-json\/wp\/v2\/comments?post=10154"}],"version-history":[{"count":4,"href":"https:\/\/caru.org.uy\/nuevositio\/wp-json\/wp\/v2\/posts\/10154\/revisions"}],"predecessor-version":[{"id":10163,"href":"https:\/\/caru.org.uy\/nuevositio\/wp-json\/wp\/v2\/posts\/10154\/revisions\/10163"}],"wp:featuredmedia":[{"embeddable":true,"href":"https:\/\/caru.org.uy\/nuevositio\/wp-json\/wp\/v2\/media\/10156"}],"wp:attachment":[{"href":"https:\/\/caru.org.uy\/nuevositio\/wp-json\/wp\/v2\/media?parent=10154"}],"wp:term":[{"taxonomy":"category","embeddable":true,"href":"https:\/\/caru.org.uy\/nuevositio\/wp-json\/wp\/v2\/categories?post=10154"},{"taxonomy":"post_tag","embeddable":true,"href":"https:\/\/caru.org.uy\/nuevositio\/wp-json\/wp\/v2\/tags?post=10154"}],"curies":[{"name":"wp","href":"https:\/\/api.w.org\/{rel}","templated":true}]}}