{"id":10210,"date":"2024-10-26T02:52:47","date_gmt":"2024-10-26T02:52:47","guid":{"rendered":"https:\/\/caru.org.uy\/nuevositio\/?p=10210"},"modified":"2024-11-02T15:23:11","modified_gmt":"2024-11-02T15:23:11","slug":"caru-dinara-proyecto-de-acuicultura-sigue-avanzando","status":"publish","type":"post","link":"https:\/\/caru.org.uy\/nuevositio\/2024\/10\/26\/caru-dinara-proyecto-de-acuicultura-sigue-avanzando\/","title":{"rendered":"CARU-DINARA: Proyecto de acuicultura sigue avanzando"},"content":{"rendered":"\t\t<div data-elementor-type=\"wp-post\" data-elementor-id=\"10210\" class=\"elementor elementor-10210\" data-elementor-post-type=\"post\">\n\t\t\t\t\t\t<section class=\"elementor-section elementor-top-section elementor-element elementor-element-156aae25 elementor-section-boxed elementor-section-height-default elementor-section-height-default\" data-id=\"156aae25\" data-element_type=\"section\" data-e-type=\"section\" data-settings=\"{&quot;jet_parallax_layout_list&quot;:[]}\">\n\t\t\t\t\t\t<div class=\"elementor-container elementor-column-gap-default\">\n\t\t\t\t\t<div class=\"elementor-column elementor-col-50 elementor-top-column elementor-element elementor-element-27effae2\" data-id=\"27effae2\" data-element_type=\"column\" data-e-type=\"column\">\n\t\t\t<div class=\"elementor-widget-wrap elementor-element-populated\">\n\t\t\t\t\t\t<div class=\"elementor-element elementor-element-7bcf4ba0 elementor-widget elementor-widget-image\" data-id=\"7bcf4ba0\" data-element_type=\"widget\" data-e-type=\"widget\" data-widget_type=\"image.default\">\n\t\t\t\t<div class=\"elementor-widget-container\">\n\t\t\t\t\t\t\t\t\t\t\t\t\t\t\t<img fetchpriority=\"high\" decoding=\"async\" width=\"1024\" height=\"848\" src=\"https:\/\/caru.org.uy\/nuevositio\/wp-content\/uploads\/2024\/10\/TALLERES-DE-ACUICULTURA-CARU-DINARA-1-1024x848.jpg\" class=\"attachment-large size-large wp-image-10211\" alt=\"\" srcset=\"https:\/\/caru.org.uy\/nuevositio\/wp-content\/uploads\/2024\/10\/TALLERES-DE-ACUICULTURA-CARU-DINARA-1-1024x848.jpg 1024w, https:\/\/caru.org.uy\/nuevositio\/wp-content\/uploads\/2024\/10\/TALLERES-DE-ACUICULTURA-CARU-DINARA-1-300x248.jpg 300w, https:\/\/caru.org.uy\/nuevositio\/wp-content\/uploads\/2024\/10\/TALLERES-DE-ACUICULTURA-CARU-DINARA-1-768x636.jpg 768w, https:\/\/caru.org.uy\/nuevositio\/wp-content\/uploads\/2024\/10\/TALLERES-DE-ACUICULTURA-CARU-DINARA-1-1536x1272.jpg 1536w, https:\/\/caru.org.uy\/nuevositio\/wp-content\/uploads\/2024\/10\/TALLERES-DE-ACUICULTURA-CARU-DINARA-1-2048x1696.jpg 2048w\" sizes=\"(max-width: 1024px) 100vw, 1024px\" \/>\t\t\t\t\t\t\t\t\t\t\t\t\t\t\t<\/div>\n\t\t\t\t<\/div>\n\t\t\t\t\t<\/div>\n\t\t<\/div>\n\t\t\t\t<div class=\"elementor-column elementor-col-50 elementor-top-column elementor-element elementor-element-56e4b2b8\" data-id=\"56e4b2b8\" data-element_type=\"column\" data-e-type=\"column\">\n\t\t\t<div class=\"elementor-widget-wrap elementor-element-populated\">\n\t\t\t\t\t\t<div class=\"elementor-element elementor-element-5a67d59d elementor-widget elementor-widget-text-editor\" data-id=\"5a67d59d\" data-element_type=\"widget\" data-e-type=\"widget\" data-widget_type=\"text-editor.default\">\n\t\t\t\t<div class=\"elementor-widget-container\">\n\t\t\t\t\t\t\t\t\t<p><\/p><p>En el marco de proyecto que llevan adelante la CARU y DINARA, culmin\u00f3 el primer taller de capacitaci\u00f3n en acuicultura para productores familiares realizado entre julio y setiembre en el Centro de Acuicultura e Investigaciones Pesqueras con asiento en Villa Constituci\u00f3n (departamento Saltp \u2013 ROU) y est\u00e1 relacionado a la implementaci\u00f3n y\/ o explotaci\u00f3n de granjas de esta \u00edndole en agua dulce.<\/p><p>Este programa de desarrollo social y productivo se financia con fondos del Programa de Responsabilidad Social Institucional de CARU y la capacitaci\u00f3n de los recursos humanos se realizar\u00e1 en forma coordinada entre la DINARA y la Secretar\u00eda T\u00e9cnica de CARU.<\/p><p>El desarrollo de la acuicultura plantea desaf\u00edos que incluyen diversas tem\u00e1ticas que abarcan desde el conocimiento de los organismos acu\u00e1ticos objeto del cultivo; el desarrollo tecnol\u00f3gico y todos los aspectos relacionados con la bioseguridad, que comprende la sanidad de los peces e inocuidad del producto, de manera de garantizar la aptitud para consumo humano.<\/p><p>La T\u00e9cnica de DINARA, Rossana Fotti se\u00f1al\u00f3 que \u201cac\u00e1 hubo estudio, as\u00ed como una cantidad de aspectos que fueron coordinados para poder trabajar en los talleres, con una sinergia importante\u201d. Dirigi\u00e9ndose a los participantes a\u00f1adi\u00f3: \u00a0\u201ceste equipo va a seguir trabajando, ustedes no van quedar solos, hasta llegar al final del proyecto. Espero dentro de un a\u00f1o estar celebrando la primer cosecha de ustedes y el segundo taller para productores y que podamos hacerlo en el centro de capacitaci\u00f3n que est\u00e1 proyectado\u201d.<\/p><p>Por su parte la delegada uruguaya ante la CARU, Esc. Mar\u00eda Eugenia Almir\u00f3n, agradeci\u00f3 la confianza que los participantes le dieron a los mentores del proyecto: \u201cconf\u00edo en los recursos humanos que hay en Villa Constituci\u00f3n, por eso se plante\u00f3 desde ac\u00e1 hacerlo. Ustedes son punta de lanza y pioneros y debemos agradecerles por haberse animado a este desaf\u00edo que proponemos nosotros\u201d.<\/p><p>Y agreg\u00f3: \u201cPor supuesto que en noviembre o diciembre cuando se comience con la siembra, vamos a estar, porque creo que eso para m\u00ed, ser\u00e1 la etapa divina y ver en la chacra de cada uno de ustedes, este proceso ser\u00e1 sin dudas hist\u00f3rico\u201d, concluy\u00f3 la delegada en CARU, Esc. Almir\u00f3n.<\/p><p>Por \u00faltimo, el director de DINARA \u00c1lvaro Irazoqui, dijo que cuando ingres\u00f3 al organismo en diciembre pasado, se encuentra con este proyecto \u201cque ven\u00eda desde hacia un tiempo y me pareci\u00f3 una excelente idea, y hoy nos encontramos en una etapa en la cual se trabaja en el proyecto. Este es un camino que estamos emprendiendo juntos y que tenemos que seguirlo transitando de la misma manera. Ustedes son los pioneros, los que van a dar estos primeros pasos con la idea de ampliarla a m\u00e1s productores. Esta atenci\u00f3n m\u00e1s personalizada, es la que nos va a dar la clave del \u00e9xito y tener en algunos meses la primera cosecha y comenzar a trabajar con otras escalas\u201d.<\/p><p><\/p>\t\t\t\t\t\t\t\t<\/div>\n\t\t\t\t<\/div>\n\t\t\t\t\t<\/div>\n\t\t<\/div>\n\t\t\t\t\t<\/div>\n\t\t<\/section>\n\t\t\t\t<\/div>\n\t\t","protected":false},"excerpt":{"rendered":"<p>En el marco de proyecto que llevan adelante la CARU y DINARA, culmin\u00f3 el primer taller de capacitaci\u00f3n en acuicultura para productores familiares realizado entre julio y setiembre en el Centro de Acuicultura e Investigaciones Pesqueras con asiento en Villa Constituci\u00f3n (departamento Saltp \u2013 ROU) y est\u00e1 relacionado a la implementaci\u00f3n y\/ o explotaci\u00f3n de [&hellip;]<\/p>\n","protected":false},"author":1,"featured_media":10211,"comment_status":"closed","ping_status":"closed","sticky":false,"template":"","format":"standard","meta":{"_acf_changed":false,"_joinchat":[],"footnotes":""},"categories":[37,27],"tags":[],"class_list":["post-10210","post","type-post","status-publish","format-standard","has-post-thumbnail","hentry","category-noticias","category-novedades"],"acf":[],"yoast_head":"<!-- This site is optimized with the Yoast SEO plugin v27.3 - https:\/\/yoast.com\/product\/yoast-seo-wordpress\/ -->\n<title>CARU-DINARA: Proyecto de acuicultura sigue avanzando % C.A.R.U. imagen<\/title>\n<meta name=\"robots\" content=\"index, follow, max-snippet:-1, max-image-preview:large, max-video-preview:-1\" \/>\n<link rel=\"canonical\" href=\"https:\/\/caru.org.uy\/nuevositio\/2024\/10\/26\/caru-dinara-proyecto-de-acuicultura-sigue-avanzando\/\" \/>\n<meta property=\"og:locale\" content=\"es_ES\" \/>\n<meta property=\"og:type\" content=\"article\" \/>\n<meta property=\"og:title\" content=\"CARU-DINARA: Proyecto de acuicultura sigue avanzando % C.A.R.U. imagen\" \/>\n<meta property=\"og:description\" content=\"En el marco de proyecto que llevan adelante la CARU y DINARA, culmin\u00f3 el primer taller de capacitaci\u00f3n en acuicultura para productores familiares realizado entre julio y setiembre en el Centro de Acuicultura e Investigaciones Pesqueras con asiento en Villa Constituci\u00f3n (departamento Saltp \u2013 ROU) y est\u00e1 relacionado a la implementaci\u00f3n y\/ o explotaci\u00f3n de [&hellip;]\" \/>\n<meta property=\"og:url\" content=\"https:\/\/caru.org.uy\/nuevositio\/2024\/10\/26\/caru-dinara-proyecto-de-acuicultura-sigue-avanzando\/\" \/>\n<meta property=\"og:site_name\" content=\"C.A.R.U.\" \/>\n<meta property=\"article:published_time\" content=\"2024-10-26T02:52:47+00:00\" \/>\n<meta property=\"article:modified_time\" content=\"2024-11-02T15:23:11+00:00\" \/>\n<meta property=\"og:image\" content=\"https:\/\/caru.org.uy\/nuevositio\/wp-content\/uploads\/2024\/10\/TALLERES-DE-ACUICULTURA-CARU-DINARA-1.jpg\" \/>\n\t<meta property=\"og:image:width\" content=\"2558\" \/>\n\t<meta property=\"og:image:height\" content=\"2118\" \/>\n\t<meta property=\"og:image:type\" content=\"image\/jpeg\" \/>\n<meta name=\"author\" content=\"Noma\" \/>\n<meta name=\"twitter:card\" content=\"summary_large_image\" \/>\n<meta name=\"twitter:label1\" content=\"Escrito por\" \/>\n\t<meta name=\"twitter:data1\" content=\"Noma\" \/>\n\t<meta name=\"twitter:label2\" content=\"Tiempo de lectura\" \/>\n\t<meta name=\"twitter:data2\" content=\"3 minutos\" \/>\n<script type=\"application\/ld+json\" class=\"yoast-schema-graph\">{\"@context\":\"https:\\\/\\\/schema.org\",\"@graph\":[{\"@type\":[\"Article\",\"BlogPosting\"],\"@id\":\"https:\\\/\\\/caru.org.uy\\\/nuevositio\\\/2024\\\/10\\\/26\\\/caru-dinara-proyecto-de-acuicultura-sigue-avanzando\\\/#article\",\"isPartOf\":{\"@id\":\"https:\\\/\\\/caru.org.uy\\\/nuevositio\\\/2024\\\/10\\\/26\\\/caru-dinara-proyecto-de-acuicultura-sigue-avanzando\\\/\"},\"author\":{\"name\":\"Noma\",\"@id\":\"https:\\\/\\\/caru.org.uy\\\/nuevositio\\\/#\\\/schema\\\/person\\\/9a11b7bc115602d2066d4c695b2aa3e5\"},\"headline\":\"CARU-DINARA: Proyecto de acuicultura sigue avanzando\",\"datePublished\":\"2024-10-26T02:52:47+00:00\",\"dateModified\":\"2024-11-02T15:23:11+00:00\",\"mainEntityOfPage\":{\"@id\":\"https:\\\/\\\/caru.org.uy\\\/nuevositio\\\/2024\\\/10\\\/26\\\/caru-dinara-proyecto-de-acuicultura-sigue-avanzando\\\/\"},\"wordCount\":501,\"publisher\":{\"@id\":\"https:\\\/\\\/caru.org.uy\\\/nuevositio\\\/#organization\"},\"image\":{\"@id\":\"https:\\\/\\\/caru.org.uy\\\/nuevositio\\\/2024\\\/10\\\/26\\\/caru-dinara-proyecto-de-acuicultura-sigue-avanzando\\\/#primaryimage\"},\"thumbnailUrl\":\"https:\\\/\\\/caru.org.uy\\\/nuevositio\\\/wp-content\\\/uploads\\\/2024\\\/10\\\/TALLERES-DE-ACUICULTURA-CARU-DINARA-1.jpg\",\"articleSection\":[\"Noticias\",\"Novedades\"],\"inLanguage\":\"es\"},{\"@type\":\"WebPage\",\"@id\":\"https:\\\/\\\/caru.org.uy\\\/nuevositio\\\/2024\\\/10\\\/26\\\/caru-dinara-proyecto-de-acuicultura-sigue-avanzando\\\/\",\"url\":\"https:\\\/\\\/caru.org.uy\\\/nuevositio\\\/2024\\\/10\\\/26\\\/caru-dinara-proyecto-de-acuicultura-sigue-avanzando\\\/\",\"name\":\"CARU-DINARA: Proyecto de acuicultura sigue avanzando % C.A.R.U. imagen\",\"isPartOf\":{\"@id\":\"https:\\\/\\\/caru.org.uy\\\/nuevositio\\\/#website\"},\"primaryImageOfPage\":{\"@id\":\"https:\\\/\\\/caru.org.uy\\\/nuevositio\\\/2024\\\/10\\\/26\\\/caru-dinara-proyecto-de-acuicultura-sigue-avanzando\\\/#primaryimage\"},\"image\":{\"@id\":\"https:\\\/\\\/caru.org.uy\\\/nuevositio\\\/2024\\\/10\\\/26\\\/caru-dinara-proyecto-de-acuicultura-sigue-avanzando\\\/#primaryimage\"},\"thumbnailUrl\":\"https:\\\/\\\/caru.org.uy\\\/nuevositio\\\/wp-content\\\/uploads\\\/2024\\\/10\\\/TALLERES-DE-ACUICULTURA-CARU-DINARA-1.jpg\",\"datePublished\":\"2024-10-26T02:52:47+00:00\",\"dateModified\":\"2024-11-02T15:23:11+00:00\",\"breadcrumb\":{\"@id\":\"https:\\\/\\\/caru.org.uy\\\/nuevositio\\\/2024\\\/10\\\/26\\\/caru-dinara-proyecto-de-acuicultura-sigue-avanzando\\\/#breadcrumb\"},\"inLanguage\":\"es\",\"potentialAction\":[{\"@type\":\"ReadAction\",\"target\":[\"https:\\\/\\\/caru.org.uy\\\/nuevositio\\\/2024\\\/10\\\/26\\\/caru-dinara-proyecto-de-acuicultura-sigue-avanzando\\\/\"]}]},{\"@type\":\"ImageObject\",\"inLanguage\":\"es\",\"@id\":\"https:\\\/\\\/caru.org.uy\\\/nuevositio\\\/2024\\\/10\\\/26\\\/caru-dinara-proyecto-de-acuicultura-sigue-avanzando\\\/#primaryimage\",\"url\":\"https:\\\/\\\/caru.org.uy\\\/nuevositio\\\/wp-content\\\/uploads\\\/2024\\\/10\\\/TALLERES-DE-ACUICULTURA-CARU-DINARA-1.jpg\",\"contentUrl\":\"https:\\\/\\\/caru.org.uy\\\/nuevositio\\\/wp-content\\\/uploads\\\/2024\\\/10\\\/TALLERES-DE-ACUICULTURA-CARU-DINARA-1.jpg\",\"width\":2558,\"height\":2118},{\"@type\":\"BreadcrumbList\",\"@id\":\"https:\\\/\\\/caru.org.uy\\\/nuevositio\\\/2024\\\/10\\\/26\\\/caru-dinara-proyecto-de-acuicultura-sigue-avanzando\\\/#breadcrumb\",\"itemListElement\":[{\"@type\":\"ListItem\",\"position\":1,\"name\":\"Portada\",\"item\":\"https:\\\/\\\/caru.org.uy\\\/nuevositio\\\/\"},{\"@type\":\"ListItem\",\"position\":2,\"name\":\"CARU-DINARA: Proyecto de acuicultura sigue avanzando\"}]},{\"@type\":\"WebSite\",\"@id\":\"https:\\\/\\\/caru.org.uy\\\/nuevositio\\\/#website\",\"url\":\"https:\\\/\\\/caru.org.uy\\\/nuevositio\\\/\",\"name\":\"C.A.R.U.\",\"description\":\"Comisi\u00f3n Administradora del R\u00edo Uruguay\",\"publisher\":{\"@id\":\"https:\\\/\\\/caru.org.uy\\\/nuevositio\\\/#organization\"},\"potentialAction\":[{\"@type\":\"SearchAction\",\"target\":{\"@type\":\"EntryPoint\",\"urlTemplate\":\"https:\\\/\\\/caru.org.uy\\\/nuevositio\\\/?s={search_term_string}\"},\"query-input\":{\"@type\":\"PropertyValueSpecification\",\"valueRequired\":true,\"valueName\":\"search_term_string\"}}],\"inLanguage\":\"es\"},{\"@type\":\"Organization\",\"@id\":\"https:\\\/\\\/caru.org.uy\\\/nuevositio\\\/#organization\",\"name\":\"C.A.R.U.\",\"url\":\"https:\\\/\\\/caru.org.uy\\\/nuevositio\\\/\",\"logo\":{\"@type\":\"ImageObject\",\"inLanguage\":\"es\",\"@id\":\"https:\\\/\\\/caru.org.uy\\\/nuevositio\\\/#\\\/schema\\\/logo\\\/image\\\/\",\"url\":\"https:\\\/\\\/caru.org.uy\\\/nuevositio\\\/wp-content\\\/uploads\\\/2023\\\/11\\\/logo-nuevo.jpg\",\"contentUrl\":\"https:\\\/\\\/caru.org.uy\\\/nuevositio\\\/wp-content\\\/uploads\\\/2023\\\/11\\\/logo-nuevo.jpg\",\"width\":1,\"height\":1,\"caption\":\"C.A.R.U.\"},\"image\":{\"@id\":\"https:\\\/\\\/caru.org.uy\\\/nuevositio\\\/#\\\/schema\\\/logo\\\/image\\\/\"}},{\"@type\":\"Person\",\"@id\":\"https:\\\/\\\/caru.org.uy\\\/nuevositio\\\/#\\\/schema\\\/person\\\/9a11b7bc115602d2066d4c695b2aa3e5\",\"name\":\"Noma\",\"image\":{\"@type\":\"ImageObject\",\"inLanguage\":\"es\",\"@id\":\"https:\\\/\\\/secure.gravatar.com\\\/avatar\\\/8b0eb2764fe524b07cdc015df29e7576c061e58c50641dd8ccc46d3d448307e5?s=96&d=mm&r=g\",\"url\":\"https:\\\/\\\/secure.gravatar.com\\\/avatar\\\/8b0eb2764fe524b07cdc015df29e7576c061e58c50641dd8ccc46d3d448307e5?s=96&d=mm&r=g\",\"contentUrl\":\"https:\\\/\\\/secure.gravatar.com\\\/avatar\\\/8b0eb2764fe524b07cdc015df29e7576c061e58c50641dd8ccc46d3d448307e5?s=96&d=mm&r=g\",\"caption\":\"Noma\"},\"url\":\"https:\\\/\\\/caru.org.uy\\\/nuevositio\\\/author\\\/admin\\\/\"}]}<\/script>\n<!-- \/ Yoast SEO plugin. -->","yoast_head_json":{"title":"CARU-DINARA: Proyecto de acuicultura sigue avanzando % C.A.R.U. imagen","robots":{"index":"index","follow":"follow","max-snippet":"max-snippet:-1","max-image-preview":"max-image-preview:large","max-video-preview":"max-video-preview:-1"},"canonical":"https:\/\/caru.org.uy\/nuevositio\/2024\/10\/26\/caru-dinara-proyecto-de-acuicultura-sigue-avanzando\/","og_locale":"es_ES","og_type":"article","og_title":"CARU-DINARA: Proyecto de acuicultura sigue avanzando % C.A.R.U. imagen","og_description":"En el marco de proyecto que llevan adelante la CARU y DINARA, culmin\u00f3 el primer taller de capacitaci\u00f3n en acuicultura para productores familiares realizado entre julio y setiembre en el Centro de Acuicultura e Investigaciones Pesqueras con asiento en Villa Constituci\u00f3n (departamento Saltp \u2013 ROU) y est\u00e1 relacionado a la implementaci\u00f3n y\/ o explotaci\u00f3n de [&hellip;]","og_url":"https:\/\/caru.org.uy\/nuevositio\/2024\/10\/26\/caru-dinara-proyecto-de-acuicultura-sigue-avanzando\/","og_site_name":"C.A.R.U.","article_published_time":"2024-10-26T02:52:47+00:00","article_modified_time":"2024-11-02T15:23:11+00:00","og_image":[{"width":2558,"height":2118,"url":"https:\/\/caru.org.uy\/nuevositio\/wp-content\/uploads\/2024\/10\/TALLERES-DE-ACUICULTURA-CARU-DINARA-1.jpg","type":"image\/jpeg"}],"author":"Noma","twitter_card":"summary_large_image","twitter_misc":{"Escrito por":"Noma","Tiempo de lectura":"3 minutos"},"schema":{"@context":"https:\/\/schema.org","@graph":[{"@type":["Article","BlogPosting"],"@id":"https:\/\/caru.org.uy\/nuevositio\/2024\/10\/26\/caru-dinara-proyecto-de-acuicultura-sigue-avanzando\/#article","isPartOf":{"@id":"https:\/\/caru.org.uy\/nuevositio\/2024\/10\/26\/caru-dinara-proyecto-de-acuicultura-sigue-avanzando\/"},"author":{"name":"Noma","@id":"https:\/\/caru.org.uy\/nuevositio\/#\/schema\/person\/9a11b7bc115602d2066d4c695b2aa3e5"},"headline":"CARU-DINARA: Proyecto de acuicultura sigue avanzando","datePublished":"2024-10-26T02:52:47+00:00","dateModified":"2024-11-02T15:23:11+00:00","mainEntityOfPage":{"@id":"https:\/\/caru.org.uy\/nuevositio\/2024\/10\/26\/caru-dinara-proyecto-de-acuicultura-sigue-avanzando\/"},"wordCount":501,"publisher":{"@id":"https:\/\/caru.org.uy\/nuevositio\/#organization"},"image":{"@id":"https:\/\/caru.org.uy\/nuevositio\/2024\/10\/26\/caru-dinara-proyecto-de-acuicultura-sigue-avanzando\/#primaryimage"},"thumbnailUrl":"https:\/\/caru.org.uy\/nuevositio\/wp-content\/uploads\/2024\/10\/TALLERES-DE-ACUICULTURA-CARU-DINARA-1.jpg","articleSection":["Noticias","Novedades"],"inLanguage":"es"},{"@type":"WebPage","@id":"https:\/\/caru.org.uy\/nuevositio\/2024\/10\/26\/caru-dinara-proyecto-de-acuicultura-sigue-avanzando\/","url":"https:\/\/caru.org.uy\/nuevositio\/2024\/10\/26\/caru-dinara-proyecto-de-acuicultura-sigue-avanzando\/","name":"CARU-DINARA: Proyecto de acuicultura sigue avanzando % C.A.R.U. imagen","isPartOf":{"@id":"https:\/\/caru.org.uy\/nuevositio\/#website"},"primaryImageOfPage":{"@id":"https:\/\/caru.org.uy\/nuevositio\/2024\/10\/26\/caru-dinara-proyecto-de-acuicultura-sigue-avanzando\/#primaryimage"},"image":{"@id":"https:\/\/caru.org.uy\/nuevositio\/2024\/10\/26\/caru-dinara-proyecto-de-acuicultura-sigue-avanzando\/#primaryimage"},"thumbnailUrl":"https:\/\/caru.org.uy\/nuevositio\/wp-content\/uploads\/2024\/10\/TALLERES-DE-ACUICULTURA-CARU-DINARA-1.jpg","datePublished":"2024-10-26T02:52:47+00:00","dateModified":"2024-11-02T15:23:11+00:00","breadcrumb":{"@id":"https:\/\/caru.org.uy\/nuevositio\/2024\/10\/26\/caru-dinara-proyecto-de-acuicultura-sigue-avanzando\/#breadcrumb"},"inLanguage":"es","potentialAction":[{"@type":"ReadAction","target":["https:\/\/caru.org.uy\/nuevositio\/2024\/10\/26\/caru-dinara-proyecto-de-acuicultura-sigue-avanzando\/"]}]},{"@type":"ImageObject","inLanguage":"es","@id":"https:\/\/caru.org.uy\/nuevositio\/2024\/10\/26\/caru-dinara-proyecto-de-acuicultura-sigue-avanzando\/#primaryimage","url":"https:\/\/caru.org.uy\/nuevositio\/wp-content\/uploads\/2024\/10\/TALLERES-DE-ACUICULTURA-CARU-DINARA-1.jpg","contentUrl":"https:\/\/caru.org.uy\/nuevositio\/wp-content\/uploads\/2024\/10\/TALLERES-DE-ACUICULTURA-CARU-DINARA-1.jpg","width":2558,"height":2118},{"@type":"BreadcrumbList","@id":"https:\/\/caru.org.uy\/nuevositio\/2024\/10\/26\/caru-dinara-proyecto-de-acuicultura-sigue-avanzando\/#breadcrumb","itemListElement":[{"@type":"ListItem","position":1,"name":"Portada","item":"https:\/\/caru.org.uy\/nuevositio\/"},{"@type":"ListItem","position":2,"name":"CARU-DINARA: Proyecto de acuicultura sigue avanzando"}]},{"@type":"WebSite","@id":"https:\/\/caru.org.uy\/nuevositio\/#website","url":"https:\/\/caru.org.uy\/nuevositio\/","name":"C.A.R.U.","description":"Comisi\u00f3n Administradora del R\u00edo Uruguay","publisher":{"@id":"https:\/\/caru.org.uy\/nuevositio\/#organization"},"potentialAction":[{"@type":"SearchAction","target":{"@type":"EntryPoint","urlTemplate":"https:\/\/caru.org.uy\/nuevositio\/?s={search_term_string}"},"query-input":{"@type":"PropertyValueSpecification","valueRequired":true,"valueName":"search_term_string"}}],"inLanguage":"es"},{"@type":"Organization","@id":"https:\/\/caru.org.uy\/nuevositio\/#organization","name":"C.A.R.U.","url":"https:\/\/caru.org.uy\/nuevositio\/","logo":{"@type":"ImageObject","inLanguage":"es","@id":"https:\/\/caru.org.uy\/nuevositio\/#\/schema\/logo\/image\/","url":"https:\/\/caru.org.uy\/nuevositio\/wp-content\/uploads\/2023\/11\/logo-nuevo.jpg","contentUrl":"https:\/\/caru.org.uy\/nuevositio\/wp-content\/uploads\/2023\/11\/logo-nuevo.jpg","width":1,"height":1,"caption":"C.A.R.U."},"image":{"@id":"https:\/\/caru.org.uy\/nuevositio\/#\/schema\/logo\/image\/"}},{"@type":"Person","@id":"https:\/\/caru.org.uy\/nuevositio\/#\/schema\/person\/9a11b7bc115602d2066d4c695b2aa3e5","name":"Noma","image":{"@type":"ImageObject","inLanguage":"es","@id":"https:\/\/secure.gravatar.com\/avatar\/8b0eb2764fe524b07cdc015df29e7576c061e58c50641dd8ccc46d3d448307e5?s=96&d=mm&r=g","url":"https:\/\/secure.gravatar.com\/avatar\/8b0eb2764fe524b07cdc015df29e7576c061e58c50641dd8ccc46d3d448307e5?s=96&d=mm&r=g","contentUrl":"https:\/\/secure.gravatar.com\/avatar\/8b0eb2764fe524b07cdc015df29e7576c061e58c50641dd8ccc46d3d448307e5?s=96&d=mm&r=g","caption":"Noma"},"url":"https:\/\/caru.org.uy\/nuevositio\/author\/admin\/"}]}},"_links":{"self":[{"href":"https:\/\/caru.org.uy\/nuevositio\/wp-json\/wp\/v2\/posts\/10210","targetHints":{"allow":["GET"]}}],"collection":[{"href":"https:\/\/caru.org.uy\/nuevositio\/wp-json\/wp\/v2\/posts"}],"about":[{"href":"https:\/\/caru.org.uy\/nuevositio\/wp-json\/wp\/v2\/types\/post"}],"author":[{"embeddable":true,"href":"https:\/\/caru.org.uy\/nuevositio\/wp-json\/wp\/v2\/users\/1"}],"replies":[{"embeddable":true,"href":"https:\/\/caru.org.uy\/nuevositio\/wp-json\/wp\/v2\/comments?post=10210"}],"version-history":[{"count":4,"href":"https:\/\/caru.org.uy\/nuevositio\/wp-json\/wp\/v2\/posts\/10210\/revisions"}],"predecessor-version":[{"id":10215,"href":"https:\/\/caru.org.uy\/nuevositio\/wp-json\/wp\/v2\/posts\/10210\/revisions\/10215"}],"wp:featuredmedia":[{"embeddable":true,"href":"https:\/\/caru.org.uy\/nuevositio\/wp-json\/wp\/v2\/media\/10211"}],"wp:attachment":[{"href":"https:\/\/caru.org.uy\/nuevositio\/wp-json\/wp\/v2\/media?parent=10210"}],"wp:term":[{"taxonomy":"category","embeddable":true,"href":"https:\/\/caru.org.uy\/nuevositio\/wp-json\/wp\/v2\/categories?post=10210"},{"taxonomy":"post_tag","embeddable":true,"href":"https:\/\/caru.org.uy\/nuevositio\/wp-json\/wp\/v2\/tags?post=10210"}],"curies":[{"name":"wp","href":"https:\/\/api.w.org\/{rel}","templated":true}]}}