{"id":10897,"date":"2025-02-20T17:53:50","date_gmt":"2025-02-20T20:53:50","guid":{"rendered":"https:\/\/caru.org.uy\/nuevositio\/?p=10897"},"modified":"2025-02-20T17:55:52","modified_gmt":"2025-02-20T20:55:52","slug":"jornadas-sobre-trata-de-personas-en-las-sedes-de-caru","status":"publish","type":"post","link":"https:\/\/caru.org.uy\/nuevositio\/2025\/02\/20\/jornadas-sobre-trata-de-personas-en-las-sedes-de-caru\/","title":{"rendered":"Jornadas sobre Trata de Personas en las sedes de CARU"},"content":{"rendered":"\t\t<div data-elementor-type=\"wp-post\" data-elementor-id=\"10897\" class=\"elementor elementor-10897\" data-elementor-post-type=\"post\">\n\t\t\t\t\t\t<section class=\"elementor-section elementor-top-section elementor-element elementor-element-f0fc5a7 elementor-section-boxed elementor-section-height-default elementor-section-height-default\" data-id=\"f0fc5a7\" data-element_type=\"section\" data-e-type=\"section\" data-settings=\"{&quot;jet_parallax_layout_list&quot;:[]}\">\n\t\t\t\t\t\t<div class=\"elementor-container elementor-column-gap-default\">\n\t\t\t\t\t<div class=\"elementor-column elementor-col-50 elementor-top-column elementor-element elementor-element-e33fa4f\" data-id=\"e33fa4f\" data-element_type=\"column\" data-e-type=\"column\">\n\t\t\t<div class=\"elementor-widget-wrap elementor-element-populated\">\n\t\t\t\t\t\t<div class=\"elementor-element elementor-element-6eeed438 elementor-widget elementor-widget-image\" data-id=\"6eeed438\" data-element_type=\"widget\" data-e-type=\"widget\" data-widget_type=\"image.default\">\n\t\t\t\t<div class=\"elementor-widget-container\">\n\t\t\t\t\t\t\t\t\t\t\t\t\t\t\t<img fetchpriority=\"high\" decoding=\"async\" width=\"411\" height=\"527\" src=\"https:\/\/caru.org.uy\/nuevositio\/wp-content\/uploads\/2025\/02\/trata-si.jpg\" class=\"attachment-large size-large wp-image-10899\" alt=\"\" srcset=\"https:\/\/caru.org.uy\/nuevositio\/wp-content\/uploads\/2025\/02\/trata-si.jpg 411w, https:\/\/caru.org.uy\/nuevositio\/wp-content\/uploads\/2025\/02\/trata-si-234x300.jpg 234w\" sizes=\"(max-width: 411px) 100vw, 411px\" \/>\t\t\t\t\t\t\t\t\t\t\t\t\t\t\t<\/div>\n\t\t\t\t<\/div>\n\t\t\t\t\t<\/div>\n\t\t<\/div>\n\t\t\t\t<div class=\"elementor-column elementor-col-50 elementor-top-column elementor-element elementor-element-1ef50d5b\" data-id=\"1ef50d5b\" data-element_type=\"column\" data-e-type=\"column\">\n\t\t\t<div class=\"elementor-widget-wrap elementor-element-populated\">\n\t\t\t\t\t\t<div class=\"elementor-element elementor-element-763e51e6 elementor-widget elementor-widget-text-editor\" data-id=\"763e51e6\" data-element_type=\"widget\" data-e-type=\"widget\" data-widget_type=\"text-editor.default\">\n\t\t\t\t<div class=\"elementor-widget-container\">\n\t\t\t\t\t\t\t\t\t<p>CARU desarrollar\u00e1 una&nbsp;Jornada\nsobre Trata de Personas, donde especialistas de Argentina y Uruguay\nbrindar\u00e1n un espacio de reflexi\u00f3n y\nconcientizaci\u00f3n sobre esta problem\u00e1tica, apuntando especialmente para\npersonal de CARU y de los organismos representados en el ACI, Aduanas,\nMigraciones, Prefectura Nacional Naval, MGAP, entre otras autoridades\nregionales.<o:p><\/o:p><\/p><p>\n\n<span style=\"font-size:11.0pt;line-height:107%;font-family:&quot;Calibri&quot;,&quot;sans-serif&quot;;\nmso-ascii-theme-font:minor-latin;mso-fareast-font-family:Calibri;mso-fareast-theme-font:\nminor-latin;mso-hansi-theme-font:minor-latin;mso-bidi-font-family:&quot;Times New Roman&quot;;\nmso-bidi-theme-font:minor-bidi;mso-ansi-language:ES;mso-fareast-language:ES;\nmso-bidi-language:AR-SA\">Se realizar\u00e1n dos jornadas en distintas localidades\npara facilitar la participaci\u00f3n:<br>\n<br>&nbsp;Fray Bentos:&nbsp;Lunes\n24 de febrero<br>&nbsp;Paysand\u00fa:&nbsp;Martes\n25 de febrero<br>\n<!--[if !supportLineBreakNewLine]--><br>\n<!--[endif]--><\/span><\/p>\t\t\t\t\t\t\t\t<\/div>\n\t\t\t\t<\/div>\n\t\t\t\t\t<\/div>\n\t\t<\/div>\n\t\t\t\t\t<\/div>\n\t\t<\/section>\n\t\t\t\t<\/div>\n\t\t","protected":false},"excerpt":{"rendered":"<p>CARU desarrollar\u00e1 una&nbsp;Jornada sobre Trata de Personas, donde especialistas de Argentina y Uruguay brindar\u00e1n un espacio de reflexi\u00f3n y concientizaci\u00f3n sobre esta problem\u00e1tica, apuntando especialmente para personal de CARU y de los organismos representados en el ACI, Aduanas, Migraciones, Prefectura Nacional Naval, MGAP, entre otras autoridades regionales. Se realizar\u00e1n dos jornadas en distintas localidades para [&hellip;]<\/p>\n","protected":false},"author":1,"featured_media":10899,"comment_status":"open","ping_status":"open","sticky":false,"template":"","format":"standard","meta":{"_acf_changed":false,"_joinchat":[],"footnotes":""},"categories":[37,27],"tags":[],"class_list":["post-10897","post","type-post","status-publish","format-standard","has-post-thumbnail","hentry","category-noticias","category-novedades"],"acf":[],"yoast_head":"<!-- This site is optimized with the Yoast SEO plugin v27.3 - https:\/\/yoast.com\/product\/yoast-seo-wordpress\/ -->\n<title>Jornadas sobre Trata de Personas en las sedes de CARU % C.A.R.U. imagen<\/title>\n<meta name=\"robots\" content=\"index, follow, max-snippet:-1, max-image-preview:large, max-video-preview:-1\" \/>\n<link rel=\"canonical\" href=\"https:\/\/caru.org.uy\/nuevositio\/2025\/02\/20\/jornadas-sobre-trata-de-personas-en-las-sedes-de-caru\/\" \/>\n<meta property=\"og:locale\" content=\"es_ES\" \/>\n<meta property=\"og:type\" content=\"article\" \/>\n<meta property=\"og:title\" content=\"Jornadas sobre Trata de Personas en las sedes de CARU % C.A.R.U. imagen\" \/>\n<meta property=\"og:description\" content=\"CARU desarrollar\u00e1 una&nbsp;Jornada sobre Trata de Personas, donde especialistas de Argentina y Uruguay brindar\u00e1n un espacio de reflexi\u00f3n y concientizaci\u00f3n sobre esta problem\u00e1tica, apuntando especialmente para personal de CARU y de los organismos representados en el ACI, Aduanas, Migraciones, Prefectura Nacional Naval, MGAP, entre otras autoridades regionales. Se realizar\u00e1n dos jornadas en distintas localidades para [&hellip;]\" \/>\n<meta property=\"og:url\" content=\"https:\/\/caru.org.uy\/nuevositio\/2025\/02\/20\/jornadas-sobre-trata-de-personas-en-las-sedes-de-caru\/\" \/>\n<meta property=\"og:site_name\" content=\"C.A.R.U.\" \/>\n<meta property=\"article:published_time\" content=\"2025-02-20T20:53:50+00:00\" \/>\n<meta property=\"article:modified_time\" content=\"2025-02-20T20:55:52+00:00\" \/>\n<meta property=\"og:image\" content=\"https:\/\/caru.org.uy\/nuevositio\/wp-content\/uploads\/2025\/02\/trata-si.jpg\" \/>\n\t<meta property=\"og:image:width\" content=\"411\" \/>\n\t<meta property=\"og:image:height\" content=\"527\" \/>\n\t<meta property=\"og:image:type\" content=\"image\/jpeg\" \/>\n<meta name=\"author\" content=\"Noma\" \/>\n<meta name=\"twitter:card\" content=\"summary_large_image\" \/>\n<meta name=\"twitter:label1\" content=\"Escrito por\" \/>\n\t<meta name=\"twitter:data1\" content=\"Noma\" \/>\n\t<meta name=\"twitter:label2\" content=\"Tiempo de lectura\" \/>\n\t<meta name=\"twitter:data2\" content=\"1 minuto\" \/>\n<script type=\"application\/ld+json\" class=\"yoast-schema-graph\">{\"@context\":\"https:\\\/\\\/schema.org\",\"@graph\":[{\"@type\":[\"Article\",\"BlogPosting\"],\"@id\":\"https:\\\/\\\/caru.org.uy\\\/nuevositio\\\/2025\\\/02\\\/20\\\/jornadas-sobre-trata-de-personas-en-las-sedes-de-caru\\\/#article\",\"isPartOf\":{\"@id\":\"https:\\\/\\\/caru.org.uy\\\/nuevositio\\\/2025\\\/02\\\/20\\\/jornadas-sobre-trata-de-personas-en-las-sedes-de-caru\\\/\"},\"author\":{\"name\":\"Noma\",\"@id\":\"https:\\\/\\\/caru.org.uy\\\/nuevositio\\\/#\\\/schema\\\/person\\\/9a11b7bc115602d2066d4c695b2aa3e5\"},\"headline\":\"Jornadas sobre Trata de Personas en las sedes de CARU\",\"datePublished\":\"2025-02-20T20:53:50+00:00\",\"dateModified\":\"2025-02-20T20:55:52+00:00\",\"mainEntityOfPage\":{\"@id\":\"https:\\\/\\\/caru.org.uy\\\/nuevositio\\\/2025\\\/02\\\/20\\\/jornadas-sobre-trata-de-personas-en-las-sedes-de-caru\\\/\"},\"wordCount\":89,\"commentCount\":0,\"publisher\":{\"@id\":\"https:\\\/\\\/caru.org.uy\\\/nuevositio\\\/#organization\"},\"image\":{\"@id\":\"https:\\\/\\\/caru.org.uy\\\/nuevositio\\\/2025\\\/02\\\/20\\\/jornadas-sobre-trata-de-personas-en-las-sedes-de-caru\\\/#primaryimage\"},\"thumbnailUrl\":\"https:\\\/\\\/caru.org.uy\\\/nuevositio\\\/wp-content\\\/uploads\\\/2025\\\/02\\\/trata-si.jpg\",\"articleSection\":[\"Noticias\",\"Novedades\"],\"inLanguage\":\"es\",\"potentialAction\":[{\"@type\":\"CommentAction\",\"name\":\"Comment\",\"target\":[\"https:\\\/\\\/caru.org.uy\\\/nuevositio\\\/2025\\\/02\\\/20\\\/jornadas-sobre-trata-de-personas-en-las-sedes-de-caru\\\/#respond\"]}]},{\"@type\":\"WebPage\",\"@id\":\"https:\\\/\\\/caru.org.uy\\\/nuevositio\\\/2025\\\/02\\\/20\\\/jornadas-sobre-trata-de-personas-en-las-sedes-de-caru\\\/\",\"url\":\"https:\\\/\\\/caru.org.uy\\\/nuevositio\\\/2025\\\/02\\\/20\\\/jornadas-sobre-trata-de-personas-en-las-sedes-de-caru\\\/\",\"name\":\"Jornadas sobre Trata de Personas en las sedes de CARU % C.A.R.U. imagen\",\"isPartOf\":{\"@id\":\"https:\\\/\\\/caru.org.uy\\\/nuevositio\\\/#website\"},\"primaryImageOfPage\":{\"@id\":\"https:\\\/\\\/caru.org.uy\\\/nuevositio\\\/2025\\\/02\\\/20\\\/jornadas-sobre-trata-de-personas-en-las-sedes-de-caru\\\/#primaryimage\"},\"image\":{\"@id\":\"https:\\\/\\\/caru.org.uy\\\/nuevositio\\\/2025\\\/02\\\/20\\\/jornadas-sobre-trata-de-personas-en-las-sedes-de-caru\\\/#primaryimage\"},\"thumbnailUrl\":\"https:\\\/\\\/caru.org.uy\\\/nuevositio\\\/wp-content\\\/uploads\\\/2025\\\/02\\\/trata-si.jpg\",\"datePublished\":\"2025-02-20T20:53:50+00:00\",\"dateModified\":\"2025-02-20T20:55:52+00:00\",\"breadcrumb\":{\"@id\":\"https:\\\/\\\/caru.org.uy\\\/nuevositio\\\/2025\\\/02\\\/20\\\/jornadas-sobre-trata-de-personas-en-las-sedes-de-caru\\\/#breadcrumb\"},\"inLanguage\":\"es\",\"potentialAction\":[{\"@type\":\"ReadAction\",\"target\":[\"https:\\\/\\\/caru.org.uy\\\/nuevositio\\\/2025\\\/02\\\/20\\\/jornadas-sobre-trata-de-personas-en-las-sedes-de-caru\\\/\"]}]},{\"@type\":\"ImageObject\",\"inLanguage\":\"es\",\"@id\":\"https:\\\/\\\/caru.org.uy\\\/nuevositio\\\/2025\\\/02\\\/20\\\/jornadas-sobre-trata-de-personas-en-las-sedes-de-caru\\\/#primaryimage\",\"url\":\"https:\\\/\\\/caru.org.uy\\\/nuevositio\\\/wp-content\\\/uploads\\\/2025\\\/02\\\/trata-si.jpg\",\"contentUrl\":\"https:\\\/\\\/caru.org.uy\\\/nuevositio\\\/wp-content\\\/uploads\\\/2025\\\/02\\\/trata-si.jpg\",\"width\":411,\"height\":527},{\"@type\":\"BreadcrumbList\",\"@id\":\"https:\\\/\\\/caru.org.uy\\\/nuevositio\\\/2025\\\/02\\\/20\\\/jornadas-sobre-trata-de-personas-en-las-sedes-de-caru\\\/#breadcrumb\",\"itemListElement\":[{\"@type\":\"ListItem\",\"position\":1,\"name\":\"Portada\",\"item\":\"https:\\\/\\\/caru.org.uy\\\/nuevositio\\\/\"},{\"@type\":\"ListItem\",\"position\":2,\"name\":\"Jornadas sobre Trata de Personas en las sedes de CARU\"}]},{\"@type\":\"WebSite\",\"@id\":\"https:\\\/\\\/caru.org.uy\\\/nuevositio\\\/#website\",\"url\":\"https:\\\/\\\/caru.org.uy\\\/nuevositio\\\/\",\"name\":\"C.A.R.U.\",\"description\":\"Comisi\u00f3n Administradora del R\u00edo Uruguay\",\"publisher\":{\"@id\":\"https:\\\/\\\/caru.org.uy\\\/nuevositio\\\/#organization\"},\"potentialAction\":[{\"@type\":\"SearchAction\",\"target\":{\"@type\":\"EntryPoint\",\"urlTemplate\":\"https:\\\/\\\/caru.org.uy\\\/nuevositio\\\/?s={search_term_string}\"},\"query-input\":{\"@type\":\"PropertyValueSpecification\",\"valueRequired\":true,\"valueName\":\"search_term_string\"}}],\"inLanguage\":\"es\"},{\"@type\":\"Organization\",\"@id\":\"https:\\\/\\\/caru.org.uy\\\/nuevositio\\\/#organization\",\"name\":\"C.A.R.U.\",\"url\":\"https:\\\/\\\/caru.org.uy\\\/nuevositio\\\/\",\"logo\":{\"@type\":\"ImageObject\",\"inLanguage\":\"es\",\"@id\":\"https:\\\/\\\/caru.org.uy\\\/nuevositio\\\/#\\\/schema\\\/logo\\\/image\\\/\",\"url\":\"https:\\\/\\\/caru.org.uy\\\/nuevositio\\\/wp-content\\\/uploads\\\/2023\\\/11\\\/logo-nuevo.jpg\",\"contentUrl\":\"https:\\\/\\\/caru.org.uy\\\/nuevositio\\\/wp-content\\\/uploads\\\/2023\\\/11\\\/logo-nuevo.jpg\",\"width\":1,\"height\":1,\"caption\":\"C.A.R.U.\"},\"image\":{\"@id\":\"https:\\\/\\\/caru.org.uy\\\/nuevositio\\\/#\\\/schema\\\/logo\\\/image\\\/\"}},{\"@type\":\"Person\",\"@id\":\"https:\\\/\\\/caru.org.uy\\\/nuevositio\\\/#\\\/schema\\\/person\\\/9a11b7bc115602d2066d4c695b2aa3e5\",\"name\":\"Noma\",\"image\":{\"@type\":\"ImageObject\",\"inLanguage\":\"es\",\"@id\":\"https:\\\/\\\/secure.gravatar.com\\\/avatar\\\/8b0eb2764fe524b07cdc015df29e7576c061e58c50641dd8ccc46d3d448307e5?s=96&d=mm&r=g\",\"url\":\"https:\\\/\\\/secure.gravatar.com\\\/avatar\\\/8b0eb2764fe524b07cdc015df29e7576c061e58c50641dd8ccc46d3d448307e5?s=96&d=mm&r=g\",\"contentUrl\":\"https:\\\/\\\/secure.gravatar.com\\\/avatar\\\/8b0eb2764fe524b07cdc015df29e7576c061e58c50641dd8ccc46d3d448307e5?s=96&d=mm&r=g\",\"caption\":\"Noma\"},\"url\":\"https:\\\/\\\/caru.org.uy\\\/nuevositio\\\/author\\\/admin\\\/\"}]}<\/script>\n<!-- \/ Yoast SEO plugin. -->","yoast_head_json":{"title":"Jornadas sobre Trata de Personas en las sedes de CARU % C.A.R.U. imagen","robots":{"index":"index","follow":"follow","max-snippet":"max-snippet:-1","max-image-preview":"max-image-preview:large","max-video-preview":"max-video-preview:-1"},"canonical":"https:\/\/caru.org.uy\/nuevositio\/2025\/02\/20\/jornadas-sobre-trata-de-personas-en-las-sedes-de-caru\/","og_locale":"es_ES","og_type":"article","og_title":"Jornadas sobre Trata de Personas en las sedes de CARU % C.A.R.U. imagen","og_description":"CARU desarrollar\u00e1 una&nbsp;Jornada sobre Trata de Personas, donde especialistas de Argentina y Uruguay brindar\u00e1n un espacio de reflexi\u00f3n y concientizaci\u00f3n sobre esta problem\u00e1tica, apuntando especialmente para personal de CARU y de los organismos representados en el ACI, Aduanas, Migraciones, Prefectura Nacional Naval, MGAP, entre otras autoridades regionales. Se realizar\u00e1n dos jornadas en distintas localidades para [&hellip;]","og_url":"https:\/\/caru.org.uy\/nuevositio\/2025\/02\/20\/jornadas-sobre-trata-de-personas-en-las-sedes-de-caru\/","og_site_name":"C.A.R.U.","article_published_time":"2025-02-20T20:53:50+00:00","article_modified_time":"2025-02-20T20:55:52+00:00","og_image":[{"width":411,"height":527,"url":"https:\/\/caru.org.uy\/nuevositio\/wp-content\/uploads\/2025\/02\/trata-si.jpg","type":"image\/jpeg"}],"author":"Noma","twitter_card":"summary_large_image","twitter_misc":{"Escrito por":"Noma","Tiempo de lectura":"1 minuto"},"schema":{"@context":"https:\/\/schema.org","@graph":[{"@type":["Article","BlogPosting"],"@id":"https:\/\/caru.org.uy\/nuevositio\/2025\/02\/20\/jornadas-sobre-trata-de-personas-en-las-sedes-de-caru\/#article","isPartOf":{"@id":"https:\/\/caru.org.uy\/nuevositio\/2025\/02\/20\/jornadas-sobre-trata-de-personas-en-las-sedes-de-caru\/"},"author":{"name":"Noma","@id":"https:\/\/caru.org.uy\/nuevositio\/#\/schema\/person\/9a11b7bc115602d2066d4c695b2aa3e5"},"headline":"Jornadas sobre Trata de Personas en las sedes de CARU","datePublished":"2025-02-20T20:53:50+00:00","dateModified":"2025-02-20T20:55:52+00:00","mainEntityOfPage":{"@id":"https:\/\/caru.org.uy\/nuevositio\/2025\/02\/20\/jornadas-sobre-trata-de-personas-en-las-sedes-de-caru\/"},"wordCount":89,"commentCount":0,"publisher":{"@id":"https:\/\/caru.org.uy\/nuevositio\/#organization"},"image":{"@id":"https:\/\/caru.org.uy\/nuevositio\/2025\/02\/20\/jornadas-sobre-trata-de-personas-en-las-sedes-de-caru\/#primaryimage"},"thumbnailUrl":"https:\/\/caru.org.uy\/nuevositio\/wp-content\/uploads\/2025\/02\/trata-si.jpg","articleSection":["Noticias","Novedades"],"inLanguage":"es","potentialAction":[{"@type":"CommentAction","name":"Comment","target":["https:\/\/caru.org.uy\/nuevositio\/2025\/02\/20\/jornadas-sobre-trata-de-personas-en-las-sedes-de-caru\/#respond"]}]},{"@type":"WebPage","@id":"https:\/\/caru.org.uy\/nuevositio\/2025\/02\/20\/jornadas-sobre-trata-de-personas-en-las-sedes-de-caru\/","url":"https:\/\/caru.org.uy\/nuevositio\/2025\/02\/20\/jornadas-sobre-trata-de-personas-en-las-sedes-de-caru\/","name":"Jornadas sobre Trata de Personas en las sedes de CARU % C.A.R.U. imagen","isPartOf":{"@id":"https:\/\/caru.org.uy\/nuevositio\/#website"},"primaryImageOfPage":{"@id":"https:\/\/caru.org.uy\/nuevositio\/2025\/02\/20\/jornadas-sobre-trata-de-personas-en-las-sedes-de-caru\/#primaryimage"},"image":{"@id":"https:\/\/caru.org.uy\/nuevositio\/2025\/02\/20\/jornadas-sobre-trata-de-personas-en-las-sedes-de-caru\/#primaryimage"},"thumbnailUrl":"https:\/\/caru.org.uy\/nuevositio\/wp-content\/uploads\/2025\/02\/trata-si.jpg","datePublished":"2025-02-20T20:53:50+00:00","dateModified":"2025-02-20T20:55:52+00:00","breadcrumb":{"@id":"https:\/\/caru.org.uy\/nuevositio\/2025\/02\/20\/jornadas-sobre-trata-de-personas-en-las-sedes-de-caru\/#breadcrumb"},"inLanguage":"es","potentialAction":[{"@type":"ReadAction","target":["https:\/\/caru.org.uy\/nuevositio\/2025\/02\/20\/jornadas-sobre-trata-de-personas-en-las-sedes-de-caru\/"]}]},{"@type":"ImageObject","inLanguage":"es","@id":"https:\/\/caru.org.uy\/nuevositio\/2025\/02\/20\/jornadas-sobre-trata-de-personas-en-las-sedes-de-caru\/#primaryimage","url":"https:\/\/caru.org.uy\/nuevositio\/wp-content\/uploads\/2025\/02\/trata-si.jpg","contentUrl":"https:\/\/caru.org.uy\/nuevositio\/wp-content\/uploads\/2025\/02\/trata-si.jpg","width":411,"height":527},{"@type":"BreadcrumbList","@id":"https:\/\/caru.org.uy\/nuevositio\/2025\/02\/20\/jornadas-sobre-trata-de-personas-en-las-sedes-de-caru\/#breadcrumb","itemListElement":[{"@type":"ListItem","position":1,"name":"Portada","item":"https:\/\/caru.org.uy\/nuevositio\/"},{"@type":"ListItem","position":2,"name":"Jornadas sobre Trata de Personas en las sedes de CARU"}]},{"@type":"WebSite","@id":"https:\/\/caru.org.uy\/nuevositio\/#website","url":"https:\/\/caru.org.uy\/nuevositio\/","name":"C.A.R.U.","description":"Comisi\u00f3n Administradora del R\u00edo Uruguay","publisher":{"@id":"https:\/\/caru.org.uy\/nuevositio\/#organization"},"potentialAction":[{"@type":"SearchAction","target":{"@type":"EntryPoint","urlTemplate":"https:\/\/caru.org.uy\/nuevositio\/?s={search_term_string}"},"query-input":{"@type":"PropertyValueSpecification","valueRequired":true,"valueName":"search_term_string"}}],"inLanguage":"es"},{"@type":"Organization","@id":"https:\/\/caru.org.uy\/nuevositio\/#organization","name":"C.A.R.U.","url":"https:\/\/caru.org.uy\/nuevositio\/","logo":{"@type":"ImageObject","inLanguage":"es","@id":"https:\/\/caru.org.uy\/nuevositio\/#\/schema\/logo\/image\/","url":"https:\/\/caru.org.uy\/nuevositio\/wp-content\/uploads\/2023\/11\/logo-nuevo.jpg","contentUrl":"https:\/\/caru.org.uy\/nuevositio\/wp-content\/uploads\/2023\/11\/logo-nuevo.jpg","width":1,"height":1,"caption":"C.A.R.U."},"image":{"@id":"https:\/\/caru.org.uy\/nuevositio\/#\/schema\/logo\/image\/"}},{"@type":"Person","@id":"https:\/\/caru.org.uy\/nuevositio\/#\/schema\/person\/9a11b7bc115602d2066d4c695b2aa3e5","name":"Noma","image":{"@type":"ImageObject","inLanguage":"es","@id":"https:\/\/secure.gravatar.com\/avatar\/8b0eb2764fe524b07cdc015df29e7576c061e58c50641dd8ccc46d3d448307e5?s=96&d=mm&r=g","url":"https:\/\/secure.gravatar.com\/avatar\/8b0eb2764fe524b07cdc015df29e7576c061e58c50641dd8ccc46d3d448307e5?s=96&d=mm&r=g","contentUrl":"https:\/\/secure.gravatar.com\/avatar\/8b0eb2764fe524b07cdc015df29e7576c061e58c50641dd8ccc46d3d448307e5?s=96&d=mm&r=g","caption":"Noma"},"url":"https:\/\/caru.org.uy\/nuevositio\/author\/admin\/"}]}},"_links":{"self":[{"href":"https:\/\/caru.org.uy\/nuevositio\/wp-json\/wp\/v2\/posts\/10897","targetHints":{"allow":["GET"]}}],"collection":[{"href":"https:\/\/caru.org.uy\/nuevositio\/wp-json\/wp\/v2\/posts"}],"about":[{"href":"https:\/\/caru.org.uy\/nuevositio\/wp-json\/wp\/v2\/types\/post"}],"author":[{"embeddable":true,"href":"https:\/\/caru.org.uy\/nuevositio\/wp-json\/wp\/v2\/users\/1"}],"replies":[{"embeddable":true,"href":"https:\/\/caru.org.uy\/nuevositio\/wp-json\/wp\/v2\/comments?post=10897"}],"version-history":[{"count":4,"href":"https:\/\/caru.org.uy\/nuevositio\/wp-json\/wp\/v2\/posts\/10897\/revisions"}],"predecessor-version":[{"id":10903,"href":"https:\/\/caru.org.uy\/nuevositio\/wp-json\/wp\/v2\/posts\/10897\/revisions\/10903"}],"wp:featuredmedia":[{"embeddable":true,"href":"https:\/\/caru.org.uy\/nuevositio\/wp-json\/wp\/v2\/media\/10899"}],"wp:attachment":[{"href":"https:\/\/caru.org.uy\/nuevositio\/wp-json\/wp\/v2\/media?parent=10897"}],"wp:term":[{"taxonomy":"category","embeddable":true,"href":"https:\/\/caru.org.uy\/nuevositio\/wp-json\/wp\/v2\/categories?post=10897"},{"taxonomy":"post_tag","embeddable":true,"href":"https:\/\/caru.org.uy\/nuevositio\/wp-json\/wp\/v2\/tags?post=10897"}],"curies":[{"name":"wp","href":"https:\/\/api.w.org\/{rel}","templated":true}]}}