{"id":10910,"date":"2025-02-22T18:04:16","date_gmt":"2025-02-22T21:04:16","guid":{"rendered":"https:\/\/caru.org.uy\/nuevositio\/?p=10910"},"modified":"2025-02-22T18:08:23","modified_gmt":"2025-02-22T21:08:23","slug":"proyecto-de-acuicultura-sembraron-en-la-villa-constitucion-mas-de-1-500-alevines","status":"publish","type":"post","link":"https:\/\/caru.org.uy\/nuevositio\/2025\/02\/22\/proyecto-de-acuicultura-sembraron-en-la-villa-constitucion-mas-de-1-500-alevines\/","title":{"rendered":"Proyecto de acuicultura: Sembraron en la Villa Constituci\u00f3n m\u00e1s de 1.500 alevines"},"content":{"rendered":"\t\t<div data-elementor-type=\"wp-post\" data-elementor-id=\"10910\" class=\"elementor elementor-10910\" data-elementor-post-type=\"post\">\n\t\t\t\t\t\t<section class=\"elementor-section elementor-top-section elementor-element elementor-element-5d760131 elementor-section-boxed elementor-section-height-default elementor-section-height-default\" data-id=\"5d760131\" data-element_type=\"section\" data-e-type=\"section\" data-settings=\"{&quot;jet_parallax_layout_list&quot;:[]}\">\n\t\t\t\t\t\t<div class=\"elementor-container elementor-column-gap-default\">\n\t\t\t\t\t<div class=\"elementor-column elementor-col-50 elementor-top-column elementor-element elementor-element-6d4576a8\" data-id=\"6d4576a8\" data-element_type=\"column\" data-e-type=\"column\">\n\t\t\t<div class=\"elementor-widget-wrap elementor-element-populated\">\n\t\t\t\t\t\t<div class=\"elementor-element elementor-element-42d0dad0 elementor-widget elementor-widget-image\" data-id=\"42d0dad0\" data-element_type=\"widget\" data-e-type=\"widget\" data-widget_type=\"image.default\">\n\t\t\t\t<div class=\"elementor-widget-container\">\n\t\t\t\t\t\t\t\t\t\t\t\t\t\t\t<img fetchpriority=\"high\" decoding=\"async\" width=\"1000\" height=\"750\" src=\"https:\/\/caru.org.uy\/nuevositio\/wp-content\/uploads\/2025\/02\/acuicultura-siembra-peces1.jpg\" class=\"attachment-large size-large wp-image-10909\" alt=\"\" srcset=\"https:\/\/caru.org.uy\/nuevositio\/wp-content\/uploads\/2025\/02\/acuicultura-siembra-peces1.jpg 1000w, https:\/\/caru.org.uy\/nuevositio\/wp-content\/uploads\/2025\/02\/acuicultura-siembra-peces1-300x225.jpg 300w, https:\/\/caru.org.uy\/nuevositio\/wp-content\/uploads\/2025\/02\/acuicultura-siembra-peces1-768x576.jpg 768w\" sizes=\"(max-width: 1000px) 100vw, 1000px\" \/>\t\t\t\t\t\t\t\t\t\t\t\t\t\t\t<\/div>\n\t\t\t\t<\/div>\n\t\t\t\t\t<\/div>\n\t\t<\/div>\n\t\t\t\t<div class=\"elementor-column elementor-col-50 elementor-top-column elementor-element elementor-element-531b6864\" data-id=\"531b6864\" data-element_type=\"column\" data-e-type=\"column\">\n\t\t\t<div class=\"elementor-widget-wrap elementor-element-populated\">\n\t\t\t\t\t\t<div class=\"elementor-element elementor-element-7e50443b elementor-widget elementor-widget-text-editor\" data-id=\"7e50443b\" data-element_type=\"widget\" data-e-type=\"widget\" data-widget_type=\"text-editor.default\">\n\t\t\t\t<div class=\"elementor-widget-container\">\n\t\t\t\t\t\t\t\t\t<p>En Villa Constituci\u00f3n y en el marco del Proyecto de Acuicultura que llevan adelante la CARU y la DINARA, se procedi\u00f3 a la siembra de m\u00e1s de 1.500 alevines, en los primeros tres predios (tajamares y estanques) de productores que componen el proyecto, tarea que continuar\u00e1 con el resto, la semana pr\u00f3xima.<\/p><p>La actividad cont\u00f3 con la presencia del ministro de Ganader\u00eda, Agricultura y Pesca, Fernando Matto, la Delegada Uruguaya ante la CARU, Mar\u00eda Eugenia Almir\u00f3n, el Director de DINARA, \u00c1lvaro Irazoqui, T\u00e9cnicos de ambos organismos, productores, entre otros concurrentes.<\/p><p>La especie sembrada es el Bagre Negro o tambi\u00e9n conocida como Br\u00f3tola de R\u00edo.<\/p><p>El Ministro Fernando Matto, se\u00f1al\u00f3 que \u201cen esta oportunidad se avanza en lo que es la siembra de esta especie, que ya por muchos a\u00f1os se viene haciendo por parte de la Dinara en represas de gran porte, pero en este caso apunta al peque\u00f1o productor y en conjunto con la CARU, para diversificaci\u00f3n productiva y l\u00f3gicamente con el acompa\u00f1amiento t\u00e9cnico, para que a partir de ah\u00ed puedan generar un nuevo ingreso a las familias rurales y peque\u00f1os propietarios\u201d.<\/p><p>La delegada uruguaya ante la CARU, Esc. Mar\u00eda Eugenia Almir\u00f3n, expres\u00f3 \u201csentirse feliz por este avance del proyecto llegando a la etapa de la siembra de alevines con los primeros tres productores de la zona\u201d.<\/p><p>\u201cLa pr\u00f3xima semana continuaremos avanzando con el resto de los productores y ahora a esperar el resultado de esto que es un proyecto muy querido por nosotros, ya que adem\u00e1s del apoyo econ\u00f3mico de la CARU, contamos con el asesoramiento y orientaci\u00f3n de los t\u00e9cnicos de la Dinara\u201d.<\/p><p>\u201cSe trata de una soluci\u00f3n complementaria para aquellos productores peque\u00f1os que tienen ganader\u00eda intensiva, horticultura, fruticultura o granja, esto le puede servir como un complemento, en el desarrollo de su producci\u00f3n\u201d<\/p><p>\u201cEl objetivo de este proyecto tiene algo fundamental como lo es, el cuidar los recursos naturales con cuenta nuestro r\u00edo y nuestro territorio nacional\u201d<\/p><p>El director de Dinara \u00c1lvaro Irazoqui \u201cevalu\u00f3 como muy positivo este momento, catalog\u00e1ndolo como algo muy significativo para el organismo que dirige.<\/p><p>\u00a0\u201cPoder estar en la culminaci\u00f3n de la primera fase y el inicio de la segunda que es la siembra de la br\u00f3tola de r\u00edo, en los diferentes tajamares y estanques de los productores rurales\u201d<\/p><p>\u201cDe lo te\u00f3rico, pasamos a la pr\u00e1ctica, al d\u00eda a d\u00eda, pasamos a materializar y caminar juntos el proceso de lo que es poder tener por un lado la seguridad alimentaria, de poder tener otro tipo de prote\u00edna, en la matriz productiva de los productores rurales y a su vez la posibilidad de generar un producto de la zona diferencial, que permita tener una diferencia econ\u00f3mica a futuro\u201d.<\/p><p><!-- \/wp:paragraph --><\/p>\t\t\t\t\t\t\t\t<\/div>\n\t\t\t\t<\/div>\n\t\t\t\t\t<\/div>\n\t\t<\/div>\n\t\t\t\t\t<\/div>\n\t\t<\/section>\n\t\t\t\t<\/div>\n\t\t","protected":false},"excerpt":{"rendered":"<p>En Villa Constituci\u00f3n y en el marco del Proyecto de Acuicultura que llevan adelante la CARU y la DINARA, se procedi\u00f3 a la siembra de m\u00e1s de 1.500 alevines, en los primeros tres predios (tajamares y estanques) de productores que componen el proyecto, tarea que continuar\u00e1 con el resto, la semana pr\u00f3xima. La actividad cont\u00f3 [&hellip;]<\/p>\n","protected":false},"author":1,"featured_media":10909,"comment_status":"open","ping_status":"open","sticky":false,"template":"","format":"standard","meta":{"_acf_changed":false,"_joinchat":[],"footnotes":""},"categories":[37,27],"tags":[],"class_list":["post-10910","post","type-post","status-publish","format-standard","has-post-thumbnail","hentry","category-noticias","category-novedades"],"acf":[],"yoast_head":"<!-- This site is optimized with the Yoast SEO plugin v27.3 - https:\/\/yoast.com\/product\/yoast-seo-wordpress\/ -->\n<title>Proyecto de acuicultura: Sembraron en la Villa Constituci\u00f3n m\u00e1s de 1.500 alevines % C.A.R.U. imagen<\/title>\n<meta name=\"robots\" content=\"index, follow, max-snippet:-1, max-image-preview:large, max-video-preview:-1\" \/>\n<link rel=\"canonical\" href=\"https:\/\/caru.org.uy\/nuevositio\/2025\/02\/22\/proyecto-de-acuicultura-sembraron-en-la-villa-constitucion-mas-de-1-500-alevines\/\" \/>\n<meta property=\"og:locale\" content=\"es_ES\" \/>\n<meta property=\"og:type\" content=\"article\" \/>\n<meta property=\"og:title\" content=\"Proyecto de acuicultura: Sembraron en la Villa Constituci\u00f3n m\u00e1s de 1.500 alevines % C.A.R.U. imagen\" \/>\n<meta property=\"og:description\" content=\"En Villa Constituci\u00f3n y en el marco del Proyecto de Acuicultura que llevan adelante la CARU y la DINARA, se procedi\u00f3 a la siembra de m\u00e1s de 1.500 alevines, en los primeros tres predios (tajamares y estanques) de productores que componen el proyecto, tarea que continuar\u00e1 con el resto, la semana pr\u00f3xima. La actividad cont\u00f3 [&hellip;]\" \/>\n<meta property=\"og:url\" content=\"https:\/\/caru.org.uy\/nuevositio\/2025\/02\/22\/proyecto-de-acuicultura-sembraron-en-la-villa-constitucion-mas-de-1-500-alevines\/\" \/>\n<meta property=\"og:site_name\" content=\"C.A.R.U.\" \/>\n<meta property=\"article:published_time\" content=\"2025-02-22T21:04:16+00:00\" \/>\n<meta property=\"article:modified_time\" content=\"2025-02-22T21:08:23+00:00\" \/>\n<meta property=\"og:image\" content=\"https:\/\/caru.org.uy\/nuevositio\/wp-content\/uploads\/2025\/02\/acuicultura-siembra-peces1.jpg\" \/>\n\t<meta property=\"og:image:width\" content=\"1000\" \/>\n\t<meta property=\"og:image:height\" content=\"750\" \/>\n\t<meta property=\"og:image:type\" content=\"image\/jpeg\" \/>\n<meta name=\"author\" content=\"Noma\" \/>\n<meta name=\"twitter:card\" content=\"summary_large_image\" \/>\n<meta name=\"twitter:label1\" content=\"Escrito por\" \/>\n\t<meta name=\"twitter:data1\" content=\"Noma\" \/>\n\t<meta name=\"twitter:label2\" content=\"Tiempo de lectura\" \/>\n\t<meta name=\"twitter:data2\" content=\"3 minutos\" \/>\n<script type=\"application\/ld+json\" class=\"yoast-schema-graph\">{\"@context\":\"https:\\\/\\\/schema.org\",\"@graph\":[{\"@type\":[\"Article\",\"BlogPosting\"],\"@id\":\"https:\\\/\\\/caru.org.uy\\\/nuevositio\\\/2025\\\/02\\\/22\\\/proyecto-de-acuicultura-sembraron-en-la-villa-constitucion-mas-de-1-500-alevines\\\/#article\",\"isPartOf\":{\"@id\":\"https:\\\/\\\/caru.org.uy\\\/nuevositio\\\/2025\\\/02\\\/22\\\/proyecto-de-acuicultura-sembraron-en-la-villa-constitucion-mas-de-1-500-alevines\\\/\"},\"author\":{\"name\":\"Noma\",\"@id\":\"https:\\\/\\\/caru.org.uy\\\/nuevositio\\\/#\\\/schema\\\/person\\\/9a11b7bc115602d2066d4c695b2aa3e5\"},\"headline\":\"Proyecto de acuicultura: Sembraron en la Villa Constituci\u00f3n m\u00e1s de 1.500 alevines\",\"datePublished\":\"2025-02-22T21:04:16+00:00\",\"dateModified\":\"2025-02-22T21:08:23+00:00\",\"mainEntityOfPage\":{\"@id\":\"https:\\\/\\\/caru.org.uy\\\/nuevositio\\\/2025\\\/02\\\/22\\\/proyecto-de-acuicultura-sembraron-en-la-villa-constitucion-mas-de-1-500-alevines\\\/\"},\"wordCount\":497,\"commentCount\":0,\"publisher\":{\"@id\":\"https:\\\/\\\/caru.org.uy\\\/nuevositio\\\/#organization\"},\"image\":{\"@id\":\"https:\\\/\\\/caru.org.uy\\\/nuevositio\\\/2025\\\/02\\\/22\\\/proyecto-de-acuicultura-sembraron-en-la-villa-constitucion-mas-de-1-500-alevines\\\/#primaryimage\"},\"thumbnailUrl\":\"https:\\\/\\\/caru.org.uy\\\/nuevositio\\\/wp-content\\\/uploads\\\/2025\\\/02\\\/acuicultura-siembra-peces1.jpg\",\"articleSection\":[\"Noticias\",\"Novedades\"],\"inLanguage\":\"es\",\"potentialAction\":[{\"@type\":\"CommentAction\",\"name\":\"Comment\",\"target\":[\"https:\\\/\\\/caru.org.uy\\\/nuevositio\\\/2025\\\/02\\\/22\\\/proyecto-de-acuicultura-sembraron-en-la-villa-constitucion-mas-de-1-500-alevines\\\/#respond\"]}]},{\"@type\":\"WebPage\",\"@id\":\"https:\\\/\\\/caru.org.uy\\\/nuevositio\\\/2025\\\/02\\\/22\\\/proyecto-de-acuicultura-sembraron-en-la-villa-constitucion-mas-de-1-500-alevines\\\/\",\"url\":\"https:\\\/\\\/caru.org.uy\\\/nuevositio\\\/2025\\\/02\\\/22\\\/proyecto-de-acuicultura-sembraron-en-la-villa-constitucion-mas-de-1-500-alevines\\\/\",\"name\":\"Proyecto de acuicultura: Sembraron en la Villa Constituci\u00f3n m\u00e1s de 1.500 alevines % C.A.R.U. imagen\",\"isPartOf\":{\"@id\":\"https:\\\/\\\/caru.org.uy\\\/nuevositio\\\/#website\"},\"primaryImageOfPage\":{\"@id\":\"https:\\\/\\\/caru.org.uy\\\/nuevositio\\\/2025\\\/02\\\/22\\\/proyecto-de-acuicultura-sembraron-en-la-villa-constitucion-mas-de-1-500-alevines\\\/#primaryimage\"},\"image\":{\"@id\":\"https:\\\/\\\/caru.org.uy\\\/nuevositio\\\/2025\\\/02\\\/22\\\/proyecto-de-acuicultura-sembraron-en-la-villa-constitucion-mas-de-1-500-alevines\\\/#primaryimage\"},\"thumbnailUrl\":\"https:\\\/\\\/caru.org.uy\\\/nuevositio\\\/wp-content\\\/uploads\\\/2025\\\/02\\\/acuicultura-siembra-peces1.jpg\",\"datePublished\":\"2025-02-22T21:04:16+00:00\",\"dateModified\":\"2025-02-22T21:08:23+00:00\",\"breadcrumb\":{\"@id\":\"https:\\\/\\\/caru.org.uy\\\/nuevositio\\\/2025\\\/02\\\/22\\\/proyecto-de-acuicultura-sembraron-en-la-villa-constitucion-mas-de-1-500-alevines\\\/#breadcrumb\"},\"inLanguage\":\"es\",\"potentialAction\":[{\"@type\":\"ReadAction\",\"target\":[\"https:\\\/\\\/caru.org.uy\\\/nuevositio\\\/2025\\\/02\\\/22\\\/proyecto-de-acuicultura-sembraron-en-la-villa-constitucion-mas-de-1-500-alevines\\\/\"]}]},{\"@type\":\"ImageObject\",\"inLanguage\":\"es\",\"@id\":\"https:\\\/\\\/caru.org.uy\\\/nuevositio\\\/2025\\\/02\\\/22\\\/proyecto-de-acuicultura-sembraron-en-la-villa-constitucion-mas-de-1-500-alevines\\\/#primaryimage\",\"url\":\"https:\\\/\\\/caru.org.uy\\\/nuevositio\\\/wp-content\\\/uploads\\\/2025\\\/02\\\/acuicultura-siembra-peces1.jpg\",\"contentUrl\":\"https:\\\/\\\/caru.org.uy\\\/nuevositio\\\/wp-content\\\/uploads\\\/2025\\\/02\\\/acuicultura-siembra-peces1.jpg\",\"width\":1000,\"height\":750},{\"@type\":\"BreadcrumbList\",\"@id\":\"https:\\\/\\\/caru.org.uy\\\/nuevositio\\\/2025\\\/02\\\/22\\\/proyecto-de-acuicultura-sembraron-en-la-villa-constitucion-mas-de-1-500-alevines\\\/#breadcrumb\",\"itemListElement\":[{\"@type\":\"ListItem\",\"position\":1,\"name\":\"Portada\",\"item\":\"https:\\\/\\\/caru.org.uy\\\/nuevositio\\\/\"},{\"@type\":\"ListItem\",\"position\":2,\"name\":\"Proyecto de acuicultura: Sembraron en la Villa Constituci\u00f3n m\u00e1s de 1.500 alevines\"}]},{\"@type\":\"WebSite\",\"@id\":\"https:\\\/\\\/caru.org.uy\\\/nuevositio\\\/#website\",\"url\":\"https:\\\/\\\/caru.org.uy\\\/nuevositio\\\/\",\"name\":\"C.A.R.U.\",\"description\":\"Comisi\u00f3n Administradora del R\u00edo Uruguay\",\"publisher\":{\"@id\":\"https:\\\/\\\/caru.org.uy\\\/nuevositio\\\/#organization\"},\"potentialAction\":[{\"@type\":\"SearchAction\",\"target\":{\"@type\":\"EntryPoint\",\"urlTemplate\":\"https:\\\/\\\/caru.org.uy\\\/nuevositio\\\/?s={search_term_string}\"},\"query-input\":{\"@type\":\"PropertyValueSpecification\",\"valueRequired\":true,\"valueName\":\"search_term_string\"}}],\"inLanguage\":\"es\"},{\"@type\":\"Organization\",\"@id\":\"https:\\\/\\\/caru.org.uy\\\/nuevositio\\\/#organization\",\"name\":\"C.A.R.U.\",\"url\":\"https:\\\/\\\/caru.org.uy\\\/nuevositio\\\/\",\"logo\":{\"@type\":\"ImageObject\",\"inLanguage\":\"es\",\"@id\":\"https:\\\/\\\/caru.org.uy\\\/nuevositio\\\/#\\\/schema\\\/logo\\\/image\\\/\",\"url\":\"https:\\\/\\\/caru.org.uy\\\/nuevositio\\\/wp-content\\\/uploads\\\/2023\\\/11\\\/logo-nuevo.jpg\",\"contentUrl\":\"https:\\\/\\\/caru.org.uy\\\/nuevositio\\\/wp-content\\\/uploads\\\/2023\\\/11\\\/logo-nuevo.jpg\",\"width\":1,\"height\":1,\"caption\":\"C.A.R.U.\"},\"image\":{\"@id\":\"https:\\\/\\\/caru.org.uy\\\/nuevositio\\\/#\\\/schema\\\/logo\\\/image\\\/\"}},{\"@type\":\"Person\",\"@id\":\"https:\\\/\\\/caru.org.uy\\\/nuevositio\\\/#\\\/schema\\\/person\\\/9a11b7bc115602d2066d4c695b2aa3e5\",\"name\":\"Noma\",\"image\":{\"@type\":\"ImageObject\",\"inLanguage\":\"es\",\"@id\":\"https:\\\/\\\/secure.gravatar.com\\\/avatar\\\/8b0eb2764fe524b07cdc015df29e7576c061e58c50641dd8ccc46d3d448307e5?s=96&d=mm&r=g\",\"url\":\"https:\\\/\\\/secure.gravatar.com\\\/avatar\\\/8b0eb2764fe524b07cdc015df29e7576c061e58c50641dd8ccc46d3d448307e5?s=96&d=mm&r=g\",\"contentUrl\":\"https:\\\/\\\/secure.gravatar.com\\\/avatar\\\/8b0eb2764fe524b07cdc015df29e7576c061e58c50641dd8ccc46d3d448307e5?s=96&d=mm&r=g\",\"caption\":\"Noma\"},\"url\":\"https:\\\/\\\/caru.org.uy\\\/nuevositio\\\/author\\\/admin\\\/\"}]}<\/script>\n<!-- \/ Yoast SEO plugin. -->","yoast_head_json":{"title":"Proyecto de acuicultura: Sembraron en la Villa Constituci\u00f3n m\u00e1s de 1.500 alevines % C.A.R.U. imagen","robots":{"index":"index","follow":"follow","max-snippet":"max-snippet:-1","max-image-preview":"max-image-preview:large","max-video-preview":"max-video-preview:-1"},"canonical":"https:\/\/caru.org.uy\/nuevositio\/2025\/02\/22\/proyecto-de-acuicultura-sembraron-en-la-villa-constitucion-mas-de-1-500-alevines\/","og_locale":"es_ES","og_type":"article","og_title":"Proyecto de acuicultura: Sembraron en la Villa Constituci\u00f3n m\u00e1s de 1.500 alevines % C.A.R.U. imagen","og_description":"En Villa Constituci\u00f3n y en el marco del Proyecto de Acuicultura que llevan adelante la CARU y la DINARA, se procedi\u00f3 a la siembra de m\u00e1s de 1.500 alevines, en los primeros tres predios (tajamares y estanques) de productores que componen el proyecto, tarea que continuar\u00e1 con el resto, la semana pr\u00f3xima. La actividad cont\u00f3 [&hellip;]","og_url":"https:\/\/caru.org.uy\/nuevositio\/2025\/02\/22\/proyecto-de-acuicultura-sembraron-en-la-villa-constitucion-mas-de-1-500-alevines\/","og_site_name":"C.A.R.U.","article_published_time":"2025-02-22T21:04:16+00:00","article_modified_time":"2025-02-22T21:08:23+00:00","og_image":[{"width":1000,"height":750,"url":"https:\/\/caru.org.uy\/nuevositio\/wp-content\/uploads\/2025\/02\/acuicultura-siembra-peces1.jpg","type":"image\/jpeg"}],"author":"Noma","twitter_card":"summary_large_image","twitter_misc":{"Escrito por":"Noma","Tiempo de lectura":"3 minutos"},"schema":{"@context":"https:\/\/schema.org","@graph":[{"@type":["Article","BlogPosting"],"@id":"https:\/\/caru.org.uy\/nuevositio\/2025\/02\/22\/proyecto-de-acuicultura-sembraron-en-la-villa-constitucion-mas-de-1-500-alevines\/#article","isPartOf":{"@id":"https:\/\/caru.org.uy\/nuevositio\/2025\/02\/22\/proyecto-de-acuicultura-sembraron-en-la-villa-constitucion-mas-de-1-500-alevines\/"},"author":{"name":"Noma","@id":"https:\/\/caru.org.uy\/nuevositio\/#\/schema\/person\/9a11b7bc115602d2066d4c695b2aa3e5"},"headline":"Proyecto de acuicultura: Sembraron en la Villa Constituci\u00f3n m\u00e1s de 1.500 alevines","datePublished":"2025-02-22T21:04:16+00:00","dateModified":"2025-02-22T21:08:23+00:00","mainEntityOfPage":{"@id":"https:\/\/caru.org.uy\/nuevositio\/2025\/02\/22\/proyecto-de-acuicultura-sembraron-en-la-villa-constitucion-mas-de-1-500-alevines\/"},"wordCount":497,"commentCount":0,"publisher":{"@id":"https:\/\/caru.org.uy\/nuevositio\/#organization"},"image":{"@id":"https:\/\/caru.org.uy\/nuevositio\/2025\/02\/22\/proyecto-de-acuicultura-sembraron-en-la-villa-constitucion-mas-de-1-500-alevines\/#primaryimage"},"thumbnailUrl":"https:\/\/caru.org.uy\/nuevositio\/wp-content\/uploads\/2025\/02\/acuicultura-siembra-peces1.jpg","articleSection":["Noticias","Novedades"],"inLanguage":"es","potentialAction":[{"@type":"CommentAction","name":"Comment","target":["https:\/\/caru.org.uy\/nuevositio\/2025\/02\/22\/proyecto-de-acuicultura-sembraron-en-la-villa-constitucion-mas-de-1-500-alevines\/#respond"]}]},{"@type":"WebPage","@id":"https:\/\/caru.org.uy\/nuevositio\/2025\/02\/22\/proyecto-de-acuicultura-sembraron-en-la-villa-constitucion-mas-de-1-500-alevines\/","url":"https:\/\/caru.org.uy\/nuevositio\/2025\/02\/22\/proyecto-de-acuicultura-sembraron-en-la-villa-constitucion-mas-de-1-500-alevines\/","name":"Proyecto de acuicultura: Sembraron en la Villa Constituci\u00f3n m\u00e1s de 1.500 alevines % C.A.R.U. imagen","isPartOf":{"@id":"https:\/\/caru.org.uy\/nuevositio\/#website"},"primaryImageOfPage":{"@id":"https:\/\/caru.org.uy\/nuevositio\/2025\/02\/22\/proyecto-de-acuicultura-sembraron-en-la-villa-constitucion-mas-de-1-500-alevines\/#primaryimage"},"image":{"@id":"https:\/\/caru.org.uy\/nuevositio\/2025\/02\/22\/proyecto-de-acuicultura-sembraron-en-la-villa-constitucion-mas-de-1-500-alevines\/#primaryimage"},"thumbnailUrl":"https:\/\/caru.org.uy\/nuevositio\/wp-content\/uploads\/2025\/02\/acuicultura-siembra-peces1.jpg","datePublished":"2025-02-22T21:04:16+00:00","dateModified":"2025-02-22T21:08:23+00:00","breadcrumb":{"@id":"https:\/\/caru.org.uy\/nuevositio\/2025\/02\/22\/proyecto-de-acuicultura-sembraron-en-la-villa-constitucion-mas-de-1-500-alevines\/#breadcrumb"},"inLanguage":"es","potentialAction":[{"@type":"ReadAction","target":["https:\/\/caru.org.uy\/nuevositio\/2025\/02\/22\/proyecto-de-acuicultura-sembraron-en-la-villa-constitucion-mas-de-1-500-alevines\/"]}]},{"@type":"ImageObject","inLanguage":"es","@id":"https:\/\/caru.org.uy\/nuevositio\/2025\/02\/22\/proyecto-de-acuicultura-sembraron-en-la-villa-constitucion-mas-de-1-500-alevines\/#primaryimage","url":"https:\/\/caru.org.uy\/nuevositio\/wp-content\/uploads\/2025\/02\/acuicultura-siembra-peces1.jpg","contentUrl":"https:\/\/caru.org.uy\/nuevositio\/wp-content\/uploads\/2025\/02\/acuicultura-siembra-peces1.jpg","width":1000,"height":750},{"@type":"BreadcrumbList","@id":"https:\/\/caru.org.uy\/nuevositio\/2025\/02\/22\/proyecto-de-acuicultura-sembraron-en-la-villa-constitucion-mas-de-1-500-alevines\/#breadcrumb","itemListElement":[{"@type":"ListItem","position":1,"name":"Portada","item":"https:\/\/caru.org.uy\/nuevositio\/"},{"@type":"ListItem","position":2,"name":"Proyecto de acuicultura: Sembraron en la Villa Constituci\u00f3n m\u00e1s de 1.500 alevines"}]},{"@type":"WebSite","@id":"https:\/\/caru.org.uy\/nuevositio\/#website","url":"https:\/\/caru.org.uy\/nuevositio\/","name":"C.A.R.U.","description":"Comisi\u00f3n Administradora del R\u00edo Uruguay","publisher":{"@id":"https:\/\/caru.org.uy\/nuevositio\/#organization"},"potentialAction":[{"@type":"SearchAction","target":{"@type":"EntryPoint","urlTemplate":"https:\/\/caru.org.uy\/nuevositio\/?s={search_term_string}"},"query-input":{"@type":"PropertyValueSpecification","valueRequired":true,"valueName":"search_term_string"}}],"inLanguage":"es"},{"@type":"Organization","@id":"https:\/\/caru.org.uy\/nuevositio\/#organization","name":"C.A.R.U.","url":"https:\/\/caru.org.uy\/nuevositio\/","logo":{"@type":"ImageObject","inLanguage":"es","@id":"https:\/\/caru.org.uy\/nuevositio\/#\/schema\/logo\/image\/","url":"https:\/\/caru.org.uy\/nuevositio\/wp-content\/uploads\/2023\/11\/logo-nuevo.jpg","contentUrl":"https:\/\/caru.org.uy\/nuevositio\/wp-content\/uploads\/2023\/11\/logo-nuevo.jpg","width":1,"height":1,"caption":"C.A.R.U."},"image":{"@id":"https:\/\/caru.org.uy\/nuevositio\/#\/schema\/logo\/image\/"}},{"@type":"Person","@id":"https:\/\/caru.org.uy\/nuevositio\/#\/schema\/person\/9a11b7bc115602d2066d4c695b2aa3e5","name":"Noma","image":{"@type":"ImageObject","inLanguage":"es","@id":"https:\/\/secure.gravatar.com\/avatar\/8b0eb2764fe524b07cdc015df29e7576c061e58c50641dd8ccc46d3d448307e5?s=96&d=mm&r=g","url":"https:\/\/secure.gravatar.com\/avatar\/8b0eb2764fe524b07cdc015df29e7576c061e58c50641dd8ccc46d3d448307e5?s=96&d=mm&r=g","contentUrl":"https:\/\/secure.gravatar.com\/avatar\/8b0eb2764fe524b07cdc015df29e7576c061e58c50641dd8ccc46d3d448307e5?s=96&d=mm&r=g","caption":"Noma"},"url":"https:\/\/caru.org.uy\/nuevositio\/author\/admin\/"}]}},"_links":{"self":[{"href":"https:\/\/caru.org.uy\/nuevositio\/wp-json\/wp\/v2\/posts\/10910","targetHints":{"allow":["GET"]}}],"collection":[{"href":"https:\/\/caru.org.uy\/nuevositio\/wp-json\/wp\/v2\/posts"}],"about":[{"href":"https:\/\/caru.org.uy\/nuevositio\/wp-json\/wp\/v2\/types\/post"}],"author":[{"embeddable":true,"href":"https:\/\/caru.org.uy\/nuevositio\/wp-json\/wp\/v2\/users\/1"}],"replies":[{"embeddable":true,"href":"https:\/\/caru.org.uy\/nuevositio\/wp-json\/wp\/v2\/comments?post=10910"}],"version-history":[{"count":4,"href":"https:\/\/caru.org.uy\/nuevositio\/wp-json\/wp\/v2\/posts\/10910\/revisions"}],"predecessor-version":[{"id":10914,"href":"https:\/\/caru.org.uy\/nuevositio\/wp-json\/wp\/v2\/posts\/10910\/revisions\/10914"}],"wp:featuredmedia":[{"embeddable":true,"href":"https:\/\/caru.org.uy\/nuevositio\/wp-json\/wp\/v2\/media\/10909"}],"wp:attachment":[{"href":"https:\/\/caru.org.uy\/nuevositio\/wp-json\/wp\/v2\/media?parent=10910"}],"wp:term":[{"taxonomy":"category","embeddable":true,"href":"https:\/\/caru.org.uy\/nuevositio\/wp-json\/wp\/v2\/categories?post=10910"},{"taxonomy":"post_tag","embeddable":true,"href":"https:\/\/caru.org.uy\/nuevositio\/wp-json\/wp\/v2\/tags?post=10910"}],"curies":[{"name":"wp","href":"https:\/\/api.w.org\/{rel}","templated":true}]}}