{"id":10951,"date":"2025-02-26T11:38:02","date_gmt":"2025-02-26T14:38:02","guid":{"rendered":"https:\/\/caru.org.uy\/nuevositio\/?p=10951"},"modified":"2025-02-26T11:42:32","modified_gmt":"2025-02-26T14:42:32","slug":"se-realizo-una-jornada-binacional-sobre-la-trata-de-personas","status":"publish","type":"post","link":"https:\/\/caru.org.uy\/nuevositio\/2025\/02\/26\/se-realizo-una-jornada-binacional-sobre-la-trata-de-personas\/","title":{"rendered":"Se realiz\u00f3 una jornada binacional sobre la trata de personas"},"content":{"rendered":"\t\t<div data-elementor-type=\"wp-post\" data-elementor-id=\"10951\" class=\"elementor elementor-10951\" data-elementor-post-type=\"post\">\n\t\t\t\t\t\t<section class=\"elementor-section elementor-top-section elementor-element elementor-element-6c8852a6 elementor-section-boxed elementor-section-height-default elementor-section-height-default\" data-id=\"6c8852a6\" data-element_type=\"section\" data-e-type=\"section\" data-settings=\"{&quot;jet_parallax_layout_list&quot;:[]}\">\n\t\t\t\t\t\t<div class=\"elementor-container elementor-column-gap-default\">\n\t\t\t\t\t<div class=\"elementor-column elementor-col-50 elementor-top-column elementor-element elementor-element-48cb0ce3\" data-id=\"48cb0ce3\" data-element_type=\"column\" data-e-type=\"column\">\n\t\t\t<div class=\"elementor-widget-wrap elementor-element-populated\">\n\t\t\t\t\t\t<div class=\"elementor-element elementor-element-6093bd10 elementor-widget elementor-widget-image\" data-id=\"6093bd10\" data-element_type=\"widget\" data-e-type=\"widget\" data-widget_type=\"image.default\">\n\t\t\t\t<div class=\"elementor-widget-container\">\n\t\t\t\t\t\t\t\t\t\t\t\t\t\t\t<img fetchpriority=\"high\" decoding=\"async\" width=\"1024\" height=\"472\" src=\"https:\/\/caru.org.uy\/nuevositio\/wp-content\/uploads\/2025\/02\/Trata-2-1024x472.jpg\" class=\"attachment-large size-large wp-image-10952\" alt=\"\" srcset=\"https:\/\/caru.org.uy\/nuevositio\/wp-content\/uploads\/2025\/02\/Trata-2-1024x472.jpg 1024w, https:\/\/caru.org.uy\/nuevositio\/wp-content\/uploads\/2025\/02\/Trata-2-300x138.jpg 300w, https:\/\/caru.org.uy\/nuevositio\/wp-content\/uploads\/2025\/02\/Trata-2-768x354.jpg 768w, https:\/\/caru.org.uy\/nuevositio\/wp-content\/uploads\/2025\/02\/Trata-2-1536x708.jpg 1536w, https:\/\/caru.org.uy\/nuevositio\/wp-content\/uploads\/2025\/02\/Trata-2.jpg 1600w\" sizes=\"(max-width: 1024px) 100vw, 1024px\" \/>\t\t\t\t\t\t\t\t\t\t\t\t\t\t\t<\/div>\n\t\t\t\t<\/div>\n\t\t\t\t\t<\/div>\n\t\t<\/div>\n\t\t\t\t<div class=\"elementor-column elementor-col-50 elementor-top-column elementor-element elementor-element-b3584bc\" data-id=\"b3584bc\" data-element_type=\"column\" data-e-type=\"column\">\n\t\t\t<div class=\"elementor-widget-wrap elementor-element-populated\">\n\t\t\t\t\t\t<div class=\"elementor-element elementor-element-7d38d9c3 elementor-widget elementor-widget-text-editor\" data-id=\"7d38d9c3\" data-element_type=\"widget\" data-e-type=\"widget\" data-widget_type=\"text-editor.default\">\n\t\t\t\t<div class=\"elementor-widget-container\">\n\t\t\t\t\t\t\t\t\t<p>Se desarroll\u00f3 en sede de la Comisi\u00f3n Administradora del R\u00edo Uruguay la primera Jornadas Binacional sobre la Trata de Personas organizadas por CARU y con participaci\u00f3n de disertantes del Instituto Nacional de la Mujer de Uruguay y del Comit\u00e9 Ejecutivo de Lucha contra la Trata de la Argentina.<\/p><p>\u201cPensamos que el tema Trata es absolutamente actual, que tenemos que abordarlo\u201d, indic\u00f3 la Delegada Argentina Ingrid Jetter y agreg\u00f3: \u201cLa CARU es una organizaci\u00f3n binacional que est\u00e1 en una zona de frontera y por eso nos parec\u00eda sumamente importante que la gente que trabaja en la Comisi\u00f3n, y de otros organismos del Area de Control Integrado como Aduana, Migraciones y tambi\u00e9n personal de las Fuerzas de Seguridad, que tuvieran una capacitaci\u00f3n acerca de qu\u00e9 es la Trata, c\u00f3mo detectarla, c\u00f3mo combatirla, c\u00f3mo prevenirla\u201d.<\/p><p>Por su parte, Mar\u00eda Eugenia Almir\u00f3n, delegada uruguaya de CARU se\u00f1al\u00f3: \u201c\u00bfEn definitiva que es la trata? La trata de personas es la esclavitud del Siglo XXI. Es la violaci\u00f3n m\u00e1s flagrante de los derechos humanos que tenemos las personas, es la violaci\u00f3n de la libertad y del deseo de vivir como uno quiere\u201d.<\/p><p>La Delegada Almir\u00f3n asegur\u00f3 que: \u201cPara los funcionarios de CARU nos pareci\u00f3 muy importante esta capacitaci\u00f3n, los funcionarios del peaje son los que est\u00e1n en la primera l\u00ednea del cruce de las personas, al igual que los funcionarios de Migraciones, Aduana, Paso de Frontera y Prefectura Nacional Naval, y sus pares argentinos en lo que es el \u00c1rea de Control Integrado de los puentes internacionales. Es muy importante para nosotros, tener capacitado a nuestro personal, con el objetivo que puedan detectar esas se\u00f1ales ante posibles casos de trata de personas\u201d.<\/p><p>Con actividades desarrolladas en la cabecera del puente San Mart\u00edn, en Fray Bentos y en el Puente Artigas, en Paysand\u00fa, hubo disertantes del Instituto Nacional de la Mujer dependiente del Ministerio de Desarrollo Social del Uruguay y la presencia de Ver\u00f3nica Toller, Directora del Comit\u00e9 Ejecutivo de Lucha contra la Trata de la Argentina, que coordina acciones sobre esta problem\u00e1tica con tres ministerios del gobierno nacional argentino: Capital Humano, Justicia y Seguridad.<\/p><p><!-- \/wp:paragraph --><\/p>\t\t\t\t\t\t\t\t<\/div>\n\t\t\t\t<\/div>\n\t\t\t\t\t<\/div>\n\t\t<\/div>\n\t\t\t\t\t<\/div>\n\t\t<\/section>\n\t\t\t\t<\/div>\n\t\t","protected":false},"excerpt":{"rendered":"<p>Se desarroll\u00f3 en sede de la Comisi\u00f3n Administradora del R\u00edo Uruguay la primera Jornadas Binacional sobre la Trata de Personas organizadas por CARU y con participaci\u00f3n de disertantes del Instituto Nacional de la Mujer de Uruguay y del Comit\u00e9 Ejecutivo de Lucha contra la Trata de la Argentina. \u201cPensamos que el tema Trata es absolutamente [&hellip;]<\/p>\n","protected":false},"author":1,"featured_media":10952,"comment_status":"open","ping_status":"open","sticky":false,"template":"","format":"standard","meta":{"_acf_changed":false,"_joinchat":[],"footnotes":""},"categories":[37,27],"tags":[],"class_list":["post-10951","post","type-post","status-publish","format-standard","has-post-thumbnail","hentry","category-noticias","category-novedades"],"acf":[],"yoast_head":"<!-- This site is optimized with the Yoast SEO plugin v27.3 - https:\/\/yoast.com\/product\/yoast-seo-wordpress\/ -->\n<title>Se realiz\u00f3 una jornada binacional sobre la trata de personas % C.A.R.U. imagen<\/title>\n<meta name=\"robots\" content=\"index, follow, max-snippet:-1, max-image-preview:large, max-video-preview:-1\" \/>\n<link rel=\"canonical\" href=\"https:\/\/caru.org.uy\/nuevositio\/2025\/02\/26\/se-realizo-una-jornada-binacional-sobre-la-trata-de-personas\/\" \/>\n<meta property=\"og:locale\" content=\"es_ES\" \/>\n<meta property=\"og:type\" content=\"article\" \/>\n<meta property=\"og:title\" content=\"Se realiz\u00f3 una jornada binacional sobre la trata de personas % C.A.R.U. imagen\" \/>\n<meta property=\"og:description\" content=\"Se desarroll\u00f3 en sede de la Comisi\u00f3n Administradora del R\u00edo Uruguay la primera Jornadas Binacional sobre la Trata de Personas organizadas por CARU y con participaci\u00f3n de disertantes del Instituto Nacional de la Mujer de Uruguay y del Comit\u00e9 Ejecutivo de Lucha contra la Trata de la Argentina. \u201cPensamos que el tema Trata es absolutamente [&hellip;]\" \/>\n<meta property=\"og:url\" content=\"https:\/\/caru.org.uy\/nuevositio\/2025\/02\/26\/se-realizo-una-jornada-binacional-sobre-la-trata-de-personas\/\" \/>\n<meta property=\"og:site_name\" content=\"C.A.R.U.\" \/>\n<meta property=\"article:published_time\" content=\"2025-02-26T14:38:02+00:00\" \/>\n<meta property=\"article:modified_time\" content=\"2025-02-26T14:42:32+00:00\" \/>\n<meta property=\"og:image\" content=\"https:\/\/caru.org.uy\/nuevositio\/wp-content\/uploads\/2025\/02\/Trata-2.jpg\" \/>\n\t<meta property=\"og:image:width\" content=\"1600\" \/>\n\t<meta property=\"og:image:height\" content=\"738\" \/>\n\t<meta property=\"og:image:type\" content=\"image\/jpeg\" \/>\n<meta name=\"author\" content=\"Noma\" \/>\n<meta name=\"twitter:card\" content=\"summary_large_image\" \/>\n<meta name=\"twitter:label1\" content=\"Escrito por\" \/>\n\t<meta name=\"twitter:data1\" content=\"Noma\" \/>\n\t<meta name=\"twitter:label2\" content=\"Tiempo de lectura\" \/>\n\t<meta name=\"twitter:data2\" content=\"2 minutos\" \/>\n<script type=\"application\/ld+json\" class=\"yoast-schema-graph\">{\"@context\":\"https:\\\/\\\/schema.org\",\"@graph\":[{\"@type\":[\"Article\",\"BlogPosting\"],\"@id\":\"https:\\\/\\\/caru.org.uy\\\/nuevositio\\\/2025\\\/02\\\/26\\\/se-realizo-una-jornada-binacional-sobre-la-trata-de-personas\\\/#article\",\"isPartOf\":{\"@id\":\"https:\\\/\\\/caru.org.uy\\\/nuevositio\\\/2025\\\/02\\\/26\\\/se-realizo-una-jornada-binacional-sobre-la-trata-de-personas\\\/\"},\"author\":{\"name\":\"Noma\",\"@id\":\"https:\\\/\\\/caru.org.uy\\\/nuevositio\\\/#\\\/schema\\\/person\\\/9a11b7bc115602d2066d4c695b2aa3e5\"},\"headline\":\"Se realiz\u00f3 una jornada binacional sobre la trata de personas\",\"datePublished\":\"2025-02-26T14:38:02+00:00\",\"dateModified\":\"2025-02-26T14:42:32+00:00\",\"mainEntityOfPage\":{\"@id\":\"https:\\\/\\\/caru.org.uy\\\/nuevositio\\\/2025\\\/02\\\/26\\\/se-realizo-una-jornada-binacional-sobre-la-trata-de-personas\\\/\"},\"wordCount\":383,\"commentCount\":0,\"publisher\":{\"@id\":\"https:\\\/\\\/caru.org.uy\\\/nuevositio\\\/#organization\"},\"image\":{\"@id\":\"https:\\\/\\\/caru.org.uy\\\/nuevositio\\\/2025\\\/02\\\/26\\\/se-realizo-una-jornada-binacional-sobre-la-trata-de-personas\\\/#primaryimage\"},\"thumbnailUrl\":\"https:\\\/\\\/caru.org.uy\\\/nuevositio\\\/wp-content\\\/uploads\\\/2025\\\/02\\\/Trata-2.jpg\",\"articleSection\":[\"Noticias\",\"Novedades\"],\"inLanguage\":\"es\",\"potentialAction\":[{\"@type\":\"CommentAction\",\"name\":\"Comment\",\"target\":[\"https:\\\/\\\/caru.org.uy\\\/nuevositio\\\/2025\\\/02\\\/26\\\/se-realizo-una-jornada-binacional-sobre-la-trata-de-personas\\\/#respond\"]}]},{\"@type\":\"WebPage\",\"@id\":\"https:\\\/\\\/caru.org.uy\\\/nuevositio\\\/2025\\\/02\\\/26\\\/se-realizo-una-jornada-binacional-sobre-la-trata-de-personas\\\/\",\"url\":\"https:\\\/\\\/caru.org.uy\\\/nuevositio\\\/2025\\\/02\\\/26\\\/se-realizo-una-jornada-binacional-sobre-la-trata-de-personas\\\/\",\"name\":\"Se realiz\u00f3 una jornada binacional sobre la trata de personas % C.A.R.U. imagen\",\"isPartOf\":{\"@id\":\"https:\\\/\\\/caru.org.uy\\\/nuevositio\\\/#website\"},\"primaryImageOfPage\":{\"@id\":\"https:\\\/\\\/caru.org.uy\\\/nuevositio\\\/2025\\\/02\\\/26\\\/se-realizo-una-jornada-binacional-sobre-la-trata-de-personas\\\/#primaryimage\"},\"image\":{\"@id\":\"https:\\\/\\\/caru.org.uy\\\/nuevositio\\\/2025\\\/02\\\/26\\\/se-realizo-una-jornada-binacional-sobre-la-trata-de-personas\\\/#primaryimage\"},\"thumbnailUrl\":\"https:\\\/\\\/caru.org.uy\\\/nuevositio\\\/wp-content\\\/uploads\\\/2025\\\/02\\\/Trata-2.jpg\",\"datePublished\":\"2025-02-26T14:38:02+00:00\",\"dateModified\":\"2025-02-26T14:42:32+00:00\",\"breadcrumb\":{\"@id\":\"https:\\\/\\\/caru.org.uy\\\/nuevositio\\\/2025\\\/02\\\/26\\\/se-realizo-una-jornada-binacional-sobre-la-trata-de-personas\\\/#breadcrumb\"},\"inLanguage\":\"es\",\"potentialAction\":[{\"@type\":\"ReadAction\",\"target\":[\"https:\\\/\\\/caru.org.uy\\\/nuevositio\\\/2025\\\/02\\\/26\\\/se-realizo-una-jornada-binacional-sobre-la-trata-de-personas\\\/\"]}]},{\"@type\":\"ImageObject\",\"inLanguage\":\"es\",\"@id\":\"https:\\\/\\\/caru.org.uy\\\/nuevositio\\\/2025\\\/02\\\/26\\\/se-realizo-una-jornada-binacional-sobre-la-trata-de-personas\\\/#primaryimage\",\"url\":\"https:\\\/\\\/caru.org.uy\\\/nuevositio\\\/wp-content\\\/uploads\\\/2025\\\/02\\\/Trata-2.jpg\",\"contentUrl\":\"https:\\\/\\\/caru.org.uy\\\/nuevositio\\\/wp-content\\\/uploads\\\/2025\\\/02\\\/Trata-2.jpg\",\"width\":1600,\"height\":738},{\"@type\":\"BreadcrumbList\",\"@id\":\"https:\\\/\\\/caru.org.uy\\\/nuevositio\\\/2025\\\/02\\\/26\\\/se-realizo-una-jornada-binacional-sobre-la-trata-de-personas\\\/#breadcrumb\",\"itemListElement\":[{\"@type\":\"ListItem\",\"position\":1,\"name\":\"Portada\",\"item\":\"https:\\\/\\\/caru.org.uy\\\/nuevositio\\\/\"},{\"@type\":\"ListItem\",\"position\":2,\"name\":\"Se realiz\u00f3 una jornada binacional sobre la trata de personas\"}]},{\"@type\":\"WebSite\",\"@id\":\"https:\\\/\\\/caru.org.uy\\\/nuevositio\\\/#website\",\"url\":\"https:\\\/\\\/caru.org.uy\\\/nuevositio\\\/\",\"name\":\"C.A.R.U.\",\"description\":\"Comisi\u00f3n Administradora del R\u00edo Uruguay\",\"publisher\":{\"@id\":\"https:\\\/\\\/caru.org.uy\\\/nuevositio\\\/#organization\"},\"potentialAction\":[{\"@type\":\"SearchAction\",\"target\":{\"@type\":\"EntryPoint\",\"urlTemplate\":\"https:\\\/\\\/caru.org.uy\\\/nuevositio\\\/?s={search_term_string}\"},\"query-input\":{\"@type\":\"PropertyValueSpecification\",\"valueRequired\":true,\"valueName\":\"search_term_string\"}}],\"inLanguage\":\"es\"},{\"@type\":\"Organization\",\"@id\":\"https:\\\/\\\/caru.org.uy\\\/nuevositio\\\/#organization\",\"name\":\"C.A.R.U.\",\"url\":\"https:\\\/\\\/caru.org.uy\\\/nuevositio\\\/\",\"logo\":{\"@type\":\"ImageObject\",\"inLanguage\":\"es\",\"@id\":\"https:\\\/\\\/caru.org.uy\\\/nuevositio\\\/#\\\/schema\\\/logo\\\/image\\\/\",\"url\":\"https:\\\/\\\/caru.org.uy\\\/nuevositio\\\/wp-content\\\/uploads\\\/2023\\\/11\\\/logo-nuevo.jpg\",\"contentUrl\":\"https:\\\/\\\/caru.org.uy\\\/nuevositio\\\/wp-content\\\/uploads\\\/2023\\\/11\\\/logo-nuevo.jpg\",\"width\":1,\"height\":1,\"caption\":\"C.A.R.U.\"},\"image\":{\"@id\":\"https:\\\/\\\/caru.org.uy\\\/nuevositio\\\/#\\\/schema\\\/logo\\\/image\\\/\"}},{\"@type\":\"Person\",\"@id\":\"https:\\\/\\\/caru.org.uy\\\/nuevositio\\\/#\\\/schema\\\/person\\\/9a11b7bc115602d2066d4c695b2aa3e5\",\"name\":\"Noma\",\"image\":{\"@type\":\"ImageObject\",\"inLanguage\":\"es\",\"@id\":\"https:\\\/\\\/secure.gravatar.com\\\/avatar\\\/8b0eb2764fe524b07cdc015df29e7576c061e58c50641dd8ccc46d3d448307e5?s=96&d=mm&r=g\",\"url\":\"https:\\\/\\\/secure.gravatar.com\\\/avatar\\\/8b0eb2764fe524b07cdc015df29e7576c061e58c50641dd8ccc46d3d448307e5?s=96&d=mm&r=g\",\"contentUrl\":\"https:\\\/\\\/secure.gravatar.com\\\/avatar\\\/8b0eb2764fe524b07cdc015df29e7576c061e58c50641dd8ccc46d3d448307e5?s=96&d=mm&r=g\",\"caption\":\"Noma\"},\"url\":\"https:\\\/\\\/caru.org.uy\\\/nuevositio\\\/author\\\/admin\\\/\"}]}<\/script>\n<!-- \/ Yoast SEO plugin. -->","yoast_head_json":{"title":"Se realiz\u00f3 una jornada binacional sobre la trata de personas % C.A.R.U. imagen","robots":{"index":"index","follow":"follow","max-snippet":"max-snippet:-1","max-image-preview":"max-image-preview:large","max-video-preview":"max-video-preview:-1"},"canonical":"https:\/\/caru.org.uy\/nuevositio\/2025\/02\/26\/se-realizo-una-jornada-binacional-sobre-la-trata-de-personas\/","og_locale":"es_ES","og_type":"article","og_title":"Se realiz\u00f3 una jornada binacional sobre la trata de personas % C.A.R.U. imagen","og_description":"Se desarroll\u00f3 en sede de la Comisi\u00f3n Administradora del R\u00edo Uruguay la primera Jornadas Binacional sobre la Trata de Personas organizadas por CARU y con participaci\u00f3n de disertantes del Instituto Nacional de la Mujer de Uruguay y del Comit\u00e9 Ejecutivo de Lucha contra la Trata de la Argentina. \u201cPensamos que el tema Trata es absolutamente [&hellip;]","og_url":"https:\/\/caru.org.uy\/nuevositio\/2025\/02\/26\/se-realizo-una-jornada-binacional-sobre-la-trata-de-personas\/","og_site_name":"C.A.R.U.","article_published_time":"2025-02-26T14:38:02+00:00","article_modified_time":"2025-02-26T14:42:32+00:00","og_image":[{"width":1600,"height":738,"url":"https:\/\/caru.org.uy\/nuevositio\/wp-content\/uploads\/2025\/02\/Trata-2.jpg","type":"image\/jpeg"}],"author":"Noma","twitter_card":"summary_large_image","twitter_misc":{"Escrito por":"Noma","Tiempo de lectura":"2 minutos"},"schema":{"@context":"https:\/\/schema.org","@graph":[{"@type":["Article","BlogPosting"],"@id":"https:\/\/caru.org.uy\/nuevositio\/2025\/02\/26\/se-realizo-una-jornada-binacional-sobre-la-trata-de-personas\/#article","isPartOf":{"@id":"https:\/\/caru.org.uy\/nuevositio\/2025\/02\/26\/se-realizo-una-jornada-binacional-sobre-la-trata-de-personas\/"},"author":{"name":"Noma","@id":"https:\/\/caru.org.uy\/nuevositio\/#\/schema\/person\/9a11b7bc115602d2066d4c695b2aa3e5"},"headline":"Se realiz\u00f3 una jornada binacional sobre la trata de personas","datePublished":"2025-02-26T14:38:02+00:00","dateModified":"2025-02-26T14:42:32+00:00","mainEntityOfPage":{"@id":"https:\/\/caru.org.uy\/nuevositio\/2025\/02\/26\/se-realizo-una-jornada-binacional-sobre-la-trata-de-personas\/"},"wordCount":383,"commentCount":0,"publisher":{"@id":"https:\/\/caru.org.uy\/nuevositio\/#organization"},"image":{"@id":"https:\/\/caru.org.uy\/nuevositio\/2025\/02\/26\/se-realizo-una-jornada-binacional-sobre-la-trata-de-personas\/#primaryimage"},"thumbnailUrl":"https:\/\/caru.org.uy\/nuevositio\/wp-content\/uploads\/2025\/02\/Trata-2.jpg","articleSection":["Noticias","Novedades"],"inLanguage":"es","potentialAction":[{"@type":"CommentAction","name":"Comment","target":["https:\/\/caru.org.uy\/nuevositio\/2025\/02\/26\/se-realizo-una-jornada-binacional-sobre-la-trata-de-personas\/#respond"]}]},{"@type":"WebPage","@id":"https:\/\/caru.org.uy\/nuevositio\/2025\/02\/26\/se-realizo-una-jornada-binacional-sobre-la-trata-de-personas\/","url":"https:\/\/caru.org.uy\/nuevositio\/2025\/02\/26\/se-realizo-una-jornada-binacional-sobre-la-trata-de-personas\/","name":"Se realiz\u00f3 una jornada binacional sobre la trata de personas % C.A.R.U. imagen","isPartOf":{"@id":"https:\/\/caru.org.uy\/nuevositio\/#website"},"primaryImageOfPage":{"@id":"https:\/\/caru.org.uy\/nuevositio\/2025\/02\/26\/se-realizo-una-jornada-binacional-sobre-la-trata-de-personas\/#primaryimage"},"image":{"@id":"https:\/\/caru.org.uy\/nuevositio\/2025\/02\/26\/se-realizo-una-jornada-binacional-sobre-la-trata-de-personas\/#primaryimage"},"thumbnailUrl":"https:\/\/caru.org.uy\/nuevositio\/wp-content\/uploads\/2025\/02\/Trata-2.jpg","datePublished":"2025-02-26T14:38:02+00:00","dateModified":"2025-02-26T14:42:32+00:00","breadcrumb":{"@id":"https:\/\/caru.org.uy\/nuevositio\/2025\/02\/26\/se-realizo-una-jornada-binacional-sobre-la-trata-de-personas\/#breadcrumb"},"inLanguage":"es","potentialAction":[{"@type":"ReadAction","target":["https:\/\/caru.org.uy\/nuevositio\/2025\/02\/26\/se-realizo-una-jornada-binacional-sobre-la-trata-de-personas\/"]}]},{"@type":"ImageObject","inLanguage":"es","@id":"https:\/\/caru.org.uy\/nuevositio\/2025\/02\/26\/se-realizo-una-jornada-binacional-sobre-la-trata-de-personas\/#primaryimage","url":"https:\/\/caru.org.uy\/nuevositio\/wp-content\/uploads\/2025\/02\/Trata-2.jpg","contentUrl":"https:\/\/caru.org.uy\/nuevositio\/wp-content\/uploads\/2025\/02\/Trata-2.jpg","width":1600,"height":738},{"@type":"BreadcrumbList","@id":"https:\/\/caru.org.uy\/nuevositio\/2025\/02\/26\/se-realizo-una-jornada-binacional-sobre-la-trata-de-personas\/#breadcrumb","itemListElement":[{"@type":"ListItem","position":1,"name":"Portada","item":"https:\/\/caru.org.uy\/nuevositio\/"},{"@type":"ListItem","position":2,"name":"Se realiz\u00f3 una jornada binacional sobre la trata de personas"}]},{"@type":"WebSite","@id":"https:\/\/caru.org.uy\/nuevositio\/#website","url":"https:\/\/caru.org.uy\/nuevositio\/","name":"C.A.R.U.","description":"Comisi\u00f3n Administradora del R\u00edo Uruguay","publisher":{"@id":"https:\/\/caru.org.uy\/nuevositio\/#organization"},"potentialAction":[{"@type":"SearchAction","target":{"@type":"EntryPoint","urlTemplate":"https:\/\/caru.org.uy\/nuevositio\/?s={search_term_string}"},"query-input":{"@type":"PropertyValueSpecification","valueRequired":true,"valueName":"search_term_string"}}],"inLanguage":"es"},{"@type":"Organization","@id":"https:\/\/caru.org.uy\/nuevositio\/#organization","name":"C.A.R.U.","url":"https:\/\/caru.org.uy\/nuevositio\/","logo":{"@type":"ImageObject","inLanguage":"es","@id":"https:\/\/caru.org.uy\/nuevositio\/#\/schema\/logo\/image\/","url":"https:\/\/caru.org.uy\/nuevositio\/wp-content\/uploads\/2023\/11\/logo-nuevo.jpg","contentUrl":"https:\/\/caru.org.uy\/nuevositio\/wp-content\/uploads\/2023\/11\/logo-nuevo.jpg","width":1,"height":1,"caption":"C.A.R.U."},"image":{"@id":"https:\/\/caru.org.uy\/nuevositio\/#\/schema\/logo\/image\/"}},{"@type":"Person","@id":"https:\/\/caru.org.uy\/nuevositio\/#\/schema\/person\/9a11b7bc115602d2066d4c695b2aa3e5","name":"Noma","image":{"@type":"ImageObject","inLanguage":"es","@id":"https:\/\/secure.gravatar.com\/avatar\/8b0eb2764fe524b07cdc015df29e7576c061e58c50641dd8ccc46d3d448307e5?s=96&d=mm&r=g","url":"https:\/\/secure.gravatar.com\/avatar\/8b0eb2764fe524b07cdc015df29e7576c061e58c50641dd8ccc46d3d448307e5?s=96&d=mm&r=g","contentUrl":"https:\/\/secure.gravatar.com\/avatar\/8b0eb2764fe524b07cdc015df29e7576c061e58c50641dd8ccc46d3d448307e5?s=96&d=mm&r=g","caption":"Noma"},"url":"https:\/\/caru.org.uy\/nuevositio\/author\/admin\/"}]}},"_links":{"self":[{"href":"https:\/\/caru.org.uy\/nuevositio\/wp-json\/wp\/v2\/posts\/10951","targetHints":{"allow":["GET"]}}],"collection":[{"href":"https:\/\/caru.org.uy\/nuevositio\/wp-json\/wp\/v2\/posts"}],"about":[{"href":"https:\/\/caru.org.uy\/nuevositio\/wp-json\/wp\/v2\/types\/post"}],"author":[{"embeddable":true,"href":"https:\/\/caru.org.uy\/nuevositio\/wp-json\/wp\/v2\/users\/1"}],"replies":[{"embeddable":true,"href":"https:\/\/caru.org.uy\/nuevositio\/wp-json\/wp\/v2\/comments?post=10951"}],"version-history":[{"count":4,"href":"https:\/\/caru.org.uy\/nuevositio\/wp-json\/wp\/v2\/posts\/10951\/revisions"}],"predecessor-version":[{"id":10956,"href":"https:\/\/caru.org.uy\/nuevositio\/wp-json\/wp\/v2\/posts\/10951\/revisions\/10956"}],"wp:featuredmedia":[{"embeddable":true,"href":"https:\/\/caru.org.uy\/nuevositio\/wp-json\/wp\/v2\/media\/10952"}],"wp:attachment":[{"href":"https:\/\/caru.org.uy\/nuevositio\/wp-json\/wp\/v2\/media?parent=10951"}],"wp:term":[{"taxonomy":"category","embeddable":true,"href":"https:\/\/caru.org.uy\/nuevositio\/wp-json\/wp\/v2\/categories?post=10951"},{"taxonomy":"post_tag","embeddable":true,"href":"https:\/\/caru.org.uy\/nuevositio\/wp-json\/wp\/v2\/tags?post=10951"}],"curies":[{"name":"wp","href":"https:\/\/api.w.org\/{rel}","templated":true}]}}