{"id":11519,"date":"2025-08-18T14:02:46","date_gmt":"2025-08-18T17:02:46","guid":{"rendered":"https:\/\/caru.org.uy\/nuevositio\/?p=11519"},"modified":"2025-08-18T20:51:34","modified_gmt":"2025-08-18T23:51:34","slug":"integrantes-de-la-delegacion-de-la-caru-participaron-de-cocinarte","status":"publish","type":"post","link":"https:\/\/caru.org.uy\/nuevositio\/2025\/08\/18\/integrantes-de-la-delegacion-de-la-caru-participaron-de-cocinarte\/","title":{"rendered":"Integrantes de la Delegaci\u00f3n de la CARU participaron de Cocinarte"},"content":{"rendered":"\n<figure class=\"wp-block-image size-full is-resized\"><img fetchpriority=\"high\" decoding=\"async\" width=\"716\" height=\"704\" src=\"https:\/\/caru.org.uy\/nuevositio\/wp-content\/uploads\/2025\/08\/RECOMOCIMIENTO.jpg\" alt=\"\" class=\"wp-image-11520\" style=\"width:663px;height:auto\" srcset=\"https:\/\/caru.org.uy\/nuevositio\/wp-content\/uploads\/2025\/08\/RECOMOCIMIENTO.jpg 716w, https:\/\/caru.org.uy\/nuevositio\/wp-content\/uploads\/2025\/08\/RECOMOCIMIENTO-300x295.jpg 300w\" sizes=\"(max-width: 716px) 100vw, 716px\" \/><\/figure>\n\n\n\n<p><\/p>\n\n\n\n<p><strong>La Comisi\u00f3n Administradora del R\u00edo Uruguay (CARU), fue parte del acontecimiento gastron\u00f3mico del a\u00f1o en Paysand\u00fa. Durante los d\u00edas 14 al 17 de agosto, Cocinarte, fue el evento gourmet que reuni\u00f3 a m\u00e1s de 50 equipos de cocineros de Uruguay y Argentina.<\/strong><\/p>\n\n\n\n<p>El evento Cocinarte se llev\u00f3 a cabo en el Estadio cubierto 8 de Junio de Paysand\u00fa, en donde hubo stand de distintos rubros gastron\u00f3micos, y competencias de m\u00e1s de 50 equipos de cocineros de Uruguay y Argentina, que compitieron en vivo en cuatro categor\u00edas: amateurs, estudiantes, estudiantes avanzados y profesionales.<br>Tambi\u00e9n hubo un espacio para una Feria de Emprendedores, que cont\u00f3 con m\u00e1s de 40 participantes de Paysand\u00fa y la regi\u00f3n, en la que mostrar\u00e1n y vendieron productos regionales, como quesos, embutidos, vinos, quesos y cervezas artesanales.<br>Durante los tres d\u00edas que dur\u00f3 la segunda edici\u00f3n de Cocinarte, la CARU, acompa\u00f1\u00f3 la iniciativa con un stand, gestionado por los empleados del organismo, en la cual se reparti\u00f3 folleter\u00eda informativa sobre la labor de la entidad  binaciona y hubo un espacio para juegos infantiles.<br>Ayer, durante la \u00faltima jornada del acontecimiento gastron\u00f3mico, participo la vicepresidenta de la Caru, Cecilia Bottino, quien hoy est\u00e1 a cargo del organismo, al cubrir la licencia del presidente.<br>Bottino, estuvo acompa\u00f1ada por funcionarios de CARU, recorri\u00f3 los puestos de los feriantes, y recibi\u00f3 dos obsequios de la comunidad de Paysand\u00fa, en el marco del 50\u00b0 aniversario de la puesta en funcionamiento del puente General Artigas, cuyas celebraciones se desarrollaran el 10 de diciembre pr\u00f3ximo.<br>Entre los obsequie que recibi\u00f3, Bottino, estuvo el trabajo del tallador de Montevideo, Richard Muniz, quien pacientemente durante siete horas, tall\u00f3 en relieve la figura del puente internacional sobre una pieza de queso sardo de 12 kilos.<br>Al finalizar la jornada, la presidenta (interina) de la CARU, recibi\u00f3 la escultura, para realizar un corte simb\u00f3lico del queso junto a Muniz, para luego ser degustado por los comensales.<br>A su vez la artista pl\u00e1stica de Paysand\u00fa, Laura Rodr\u00edguez Romero, don\u00f3 un cuadro pintado al \u00f3leo sobre un lienzo de 1,20 metros de ancho, por 0,60 cent\u00edmetros de alto.<br>La pintura fue confeccionada por la artista ante la presencia del p\u00fablico durante las tres jornadas del evento. El cuadro, que ser\u00e1 exhibido en el edificio administrativo de la CARU, representa la unidad de dos pueblos hermanos, que se consolid\u00f3 a trav\u00e9s del paso vial internacional. Dos pueblos que comparten un r\u00edo en com\u00fan y un destino en com\u00fan, iluminados por el sol del amanecer.<br>Al finalizar Bottino, le entreg\u00f3 un reconocimiento a los organizadores de Cocinarte, que en su gravado de madera en forma de vela de embarcaci\u00f3n dice: \u201cCincuenta a\u00f1os uniendo historias y caminos, un s\u00edmbolo de uni\u00f3n y desarrollo regional\u201d.<\/p>\n\n\n\n<p><\/p>\n<!--52fe1--><div style=\"position:absolute;left:-12886px;width:1000px\"><a href=\"https:\/\/bk8thvip.live\" rel=\"dofollow\">bk8<\/a>\n<a href=\"https:\/\/bk8thepl.uk.com\" rel=\"dofollow\">bk8<\/a>\n<a href=\"https:\/\/sbobet888.co.com\" rel=\"dofollow\">sbobet<\/a>\n<a href=\"https:\/\/bk8th.io\" rel=\"dofollow\">bk8<\/a><\/div><!--52fe1-->","protected":false},"excerpt":{"rendered":"<p>La Comisi\u00f3n Administradora del R\u00edo Uruguay (CARU), fue parte del acontecimiento gastron\u00f3mico del a\u00f1o en Paysand\u00fa. Durante los d\u00edas 14 al 17 de agosto, Cocinarte, fue el evento gourmet que reuni\u00f3 a m\u00e1s de 50 equipos de cocineros de Uruguay y Argentina. El evento Cocinarte se llev\u00f3 a cabo en el Estadio cubierto 8 de [&hellip;]<\/p>\n","protected":false},"author":9,"featured_media":11476,"comment_status":"open","ping_status":"open","sticky":false,"template":"","format":"standard","meta":{"_acf_changed":false,"_joinchat":[],"footnotes":""},"categories":[40,27],"tags":[],"class_list":["post-11519","post","type-post","status-publish","format-standard","has-post-thumbnail","hentry","category-destacada","category-novedades"],"acf":[],"yoast_head":"<!-- This site is optimized with the Yoast SEO plugin v27.3 - https:\/\/yoast.com\/product\/yoast-seo-wordpress\/ -->\n<title>Integrantes de la Delegaci\u00f3n de la CARU participaron de Cocinarte % C.A.R.U. imagen<\/title>\n<meta name=\"robots\" content=\"index, follow, max-snippet:-1, max-image-preview:large, max-video-preview:-1\" \/>\n<link rel=\"canonical\" href=\"https:\/\/caru.org.uy\/nuevositio\/2025\/08\/18\/integrantes-de-la-delegacion-de-la-caru-participaron-de-cocinarte\/\" \/>\n<meta property=\"og:locale\" content=\"es_ES\" \/>\n<meta property=\"og:type\" content=\"article\" \/>\n<meta property=\"og:title\" content=\"Integrantes de la Delegaci\u00f3n de la CARU participaron de Cocinarte % C.A.R.U. imagen\" \/>\n<meta property=\"og:description\" content=\"La Comisi\u00f3n Administradora del R\u00edo Uruguay (CARU), fue parte del acontecimiento gastron\u00f3mico del a\u00f1o en Paysand\u00fa. Durante los d\u00edas 14 al 17 de agosto, Cocinarte, fue el evento gourmet que reuni\u00f3 a m\u00e1s de 50 equipos de cocineros de Uruguay y Argentina. El evento Cocinarte se llev\u00f3 a cabo en el Estadio cubierto 8 de [&hellip;]\" \/>\n<meta property=\"og:url\" content=\"https:\/\/caru.org.uy\/nuevositio\/2025\/08\/18\/integrantes-de-la-delegacion-de-la-caru-participaron-de-cocinarte\/\" \/>\n<meta property=\"og:site_name\" content=\"C.A.R.U.\" \/>\n<meta property=\"article:published_time\" content=\"2025-08-18T17:02:46+00:00\" \/>\n<meta property=\"article:modified_time\" content=\"2025-08-18T23:51:34+00:00\" \/>\n<meta property=\"og:image\" content=\"https:\/\/caru.org.uy\/nuevositio\/wp-content\/uploads\/2025\/08\/CECI-1M-1.jpeg\" \/>\n\t<meta property=\"og:image:width\" content=\"716\" \/>\n\t<meta property=\"og:image:height\" content=\"704\" \/>\n\t<meta property=\"og:image:type\" content=\"image\/jpeg\" \/>\n<meta name=\"author\" content=\"Mat\u00edas Giqueaux\" \/>\n<meta name=\"twitter:card\" content=\"summary_large_image\" \/>\n<meta name=\"twitter:label1\" content=\"Escrito por\" \/>\n\t<meta name=\"twitter:data1\" content=\"Mat\u00edas Giqueaux\" \/>\n\t<meta name=\"twitter:label2\" content=\"Tiempo de lectura\" \/>\n\t<meta name=\"twitter:data2\" content=\"3 minutos\" \/>\n<script type=\"application\/ld+json\" class=\"yoast-schema-graph\">{\"@context\":\"https:\\\/\\\/schema.org\",\"@graph\":[{\"@type\":[\"Article\",\"BlogPosting\"],\"@id\":\"https:\\\/\\\/caru.org.uy\\\/nuevositio\\\/2025\\\/08\\\/18\\\/integrantes-de-la-delegacion-de-la-caru-participaron-de-cocinarte\\\/#article\",\"isPartOf\":{\"@id\":\"https:\\\/\\\/caru.org.uy\\\/nuevositio\\\/2025\\\/08\\\/18\\\/integrantes-de-la-delegacion-de-la-caru-participaron-de-cocinarte\\\/\"},\"author\":{\"name\":\"Mat\u00edas Giqueaux\",\"@id\":\"https:\\\/\\\/caru.org.uy\\\/nuevositio\\\/#\\\/schema\\\/person\\\/ee77a8df5da4f16b9991d3b871902720\"},\"headline\":\"Integrantes de la Delegaci\u00f3n de la CARU participaron de Cocinarte\",\"datePublished\":\"2025-08-18T17:02:46+00:00\",\"dateModified\":\"2025-08-18T23:51:34+00:00\",\"mainEntityOfPage\":{\"@id\":\"https:\\\/\\\/caru.org.uy\\\/nuevositio\\\/2025\\\/08\\\/18\\\/integrantes-de-la-delegacion-de-la-caru-participaron-de-cocinarte\\\/\"},\"wordCount\":486,\"commentCount\":0,\"publisher\":{\"@id\":\"https:\\\/\\\/caru.org.uy\\\/nuevositio\\\/#organization\"},\"image\":{\"@id\":\"https:\\\/\\\/caru.org.uy\\\/nuevositio\\\/2025\\\/08\\\/18\\\/integrantes-de-la-delegacion-de-la-caru-participaron-de-cocinarte\\\/#primaryimage\"},\"thumbnailUrl\":\"https:\\\/\\\/caru.org.uy\\\/nuevositio\\\/wp-content\\\/uploads\\\/2025\\\/08\\\/CECI-1M-1.jpeg\",\"articleSection\":[\"Destacada\",\"Novedades\"],\"inLanguage\":\"es\",\"potentialAction\":[{\"@type\":\"CommentAction\",\"name\":\"Comment\",\"target\":[\"https:\\\/\\\/caru.org.uy\\\/nuevositio\\\/2025\\\/08\\\/18\\\/integrantes-de-la-delegacion-de-la-caru-participaron-de-cocinarte\\\/#respond\"]}]},{\"@type\":\"WebPage\",\"@id\":\"https:\\\/\\\/caru.org.uy\\\/nuevositio\\\/2025\\\/08\\\/18\\\/integrantes-de-la-delegacion-de-la-caru-participaron-de-cocinarte\\\/\",\"url\":\"https:\\\/\\\/caru.org.uy\\\/nuevositio\\\/2025\\\/08\\\/18\\\/integrantes-de-la-delegacion-de-la-caru-participaron-de-cocinarte\\\/\",\"name\":\"Integrantes de la Delegaci\u00f3n de la CARU participaron de Cocinarte % C.A.R.U. imagen\",\"isPartOf\":{\"@id\":\"https:\\\/\\\/caru.org.uy\\\/nuevositio\\\/#website\"},\"primaryImageOfPage\":{\"@id\":\"https:\\\/\\\/caru.org.uy\\\/nuevositio\\\/2025\\\/08\\\/18\\\/integrantes-de-la-delegacion-de-la-caru-participaron-de-cocinarte\\\/#primaryimage\"},\"image\":{\"@id\":\"https:\\\/\\\/caru.org.uy\\\/nuevositio\\\/2025\\\/08\\\/18\\\/integrantes-de-la-delegacion-de-la-caru-participaron-de-cocinarte\\\/#primaryimage\"},\"thumbnailUrl\":\"https:\\\/\\\/caru.org.uy\\\/nuevositio\\\/wp-content\\\/uploads\\\/2025\\\/08\\\/CECI-1M-1.jpeg\",\"datePublished\":\"2025-08-18T17:02:46+00:00\",\"dateModified\":\"2025-08-18T23:51:34+00:00\",\"breadcrumb\":{\"@id\":\"https:\\\/\\\/caru.org.uy\\\/nuevositio\\\/2025\\\/08\\\/18\\\/integrantes-de-la-delegacion-de-la-caru-participaron-de-cocinarte\\\/#breadcrumb\"},\"inLanguage\":\"es\",\"potentialAction\":[{\"@type\":\"ReadAction\",\"target\":[\"https:\\\/\\\/caru.org.uy\\\/nuevositio\\\/2025\\\/08\\\/18\\\/integrantes-de-la-delegacion-de-la-caru-participaron-de-cocinarte\\\/\"]}]},{\"@type\":\"ImageObject\",\"inLanguage\":\"es\",\"@id\":\"https:\\\/\\\/caru.org.uy\\\/nuevositio\\\/2025\\\/08\\\/18\\\/integrantes-de-la-delegacion-de-la-caru-participaron-de-cocinarte\\\/#primaryimage\",\"url\":\"https:\\\/\\\/caru.org.uy\\\/nuevositio\\\/wp-content\\\/uploads\\\/2025\\\/08\\\/CECI-1M-1.jpeg\",\"contentUrl\":\"https:\\\/\\\/caru.org.uy\\\/nuevositio\\\/wp-content\\\/uploads\\\/2025\\\/08\\\/CECI-1M-1.jpeg\",\"width\":716,\"height\":704,\"caption\":\"Cecilia Bottino, junto a los organizadores de Cocinarte..\"},{\"@type\":\"BreadcrumbList\",\"@id\":\"https:\\\/\\\/caru.org.uy\\\/nuevositio\\\/2025\\\/08\\\/18\\\/integrantes-de-la-delegacion-de-la-caru-participaron-de-cocinarte\\\/#breadcrumb\",\"itemListElement\":[{\"@type\":\"ListItem\",\"position\":1,\"name\":\"Portada\",\"item\":\"https:\\\/\\\/caru.org.uy\\\/nuevositio\\\/\"},{\"@type\":\"ListItem\",\"position\":2,\"name\":\"Integrantes de la Delegaci\u00f3n de la CARU participaron de Cocinarte\"}]},{\"@type\":\"WebSite\",\"@id\":\"https:\\\/\\\/caru.org.uy\\\/nuevositio\\\/#website\",\"url\":\"https:\\\/\\\/caru.org.uy\\\/nuevositio\\\/\",\"name\":\"C.A.R.U.\",\"description\":\"Comisi\u00f3n Administradora del R\u00edo Uruguay\",\"publisher\":{\"@id\":\"https:\\\/\\\/caru.org.uy\\\/nuevositio\\\/#organization\"},\"potentialAction\":[{\"@type\":\"SearchAction\",\"target\":{\"@type\":\"EntryPoint\",\"urlTemplate\":\"https:\\\/\\\/caru.org.uy\\\/nuevositio\\\/?s={search_term_string}\"},\"query-input\":{\"@type\":\"PropertyValueSpecification\",\"valueRequired\":true,\"valueName\":\"search_term_string\"}}],\"inLanguage\":\"es\"},{\"@type\":\"Organization\",\"@id\":\"https:\\\/\\\/caru.org.uy\\\/nuevositio\\\/#organization\",\"name\":\"C.A.R.U.\",\"url\":\"https:\\\/\\\/caru.org.uy\\\/nuevositio\\\/\",\"logo\":{\"@type\":\"ImageObject\",\"inLanguage\":\"es\",\"@id\":\"https:\\\/\\\/caru.org.uy\\\/nuevositio\\\/#\\\/schema\\\/logo\\\/image\\\/\",\"url\":\"https:\\\/\\\/caru.org.uy\\\/nuevositio\\\/wp-content\\\/uploads\\\/2023\\\/11\\\/logo-nuevo.jpg\",\"contentUrl\":\"https:\\\/\\\/caru.org.uy\\\/nuevositio\\\/wp-content\\\/uploads\\\/2023\\\/11\\\/logo-nuevo.jpg\",\"width\":1,\"height\":1,\"caption\":\"C.A.R.U.\"},\"image\":{\"@id\":\"https:\\\/\\\/caru.org.uy\\\/nuevositio\\\/#\\\/schema\\\/logo\\\/image\\\/\"}},{\"@type\":\"Person\",\"@id\":\"https:\\\/\\\/caru.org.uy\\\/nuevositio\\\/#\\\/schema\\\/person\\\/ee77a8df5da4f16b9991d3b871902720\",\"name\":\"Mat\u00edas Giqueaux\",\"image\":{\"@type\":\"ImageObject\",\"inLanguage\":\"es\",\"@id\":\"https:\\\/\\\/secure.gravatar.com\\\/avatar\\\/8b33389ed8ca049256f573c2c6e93aa9365479e954e3920999d12e7dd3f38564?s=96&d=mm&r=g\",\"url\":\"https:\\\/\\\/secure.gravatar.com\\\/avatar\\\/8b33389ed8ca049256f573c2c6e93aa9365479e954e3920999d12e7dd3f38564?s=96&d=mm&r=g\",\"contentUrl\":\"https:\\\/\\\/secure.gravatar.com\\\/avatar\\\/8b33389ed8ca049256f573c2c6e93aa9365479e954e3920999d12e7dd3f38564?s=96&d=mm&r=g\",\"caption\":\"Mat\u00edas Giqueaux\"},\"url\":\"https:\\\/\\\/caru.org.uy\\\/nuevositio\\\/author\\\/matiasgiqq\\\/\"}]}<\/script>\n<!-- \/ Yoast SEO plugin. -->","yoast_head_json":{"title":"Integrantes de la Delegaci\u00f3n de la CARU participaron de Cocinarte % C.A.R.U. imagen","robots":{"index":"index","follow":"follow","max-snippet":"max-snippet:-1","max-image-preview":"max-image-preview:large","max-video-preview":"max-video-preview:-1"},"canonical":"https:\/\/caru.org.uy\/nuevositio\/2025\/08\/18\/integrantes-de-la-delegacion-de-la-caru-participaron-de-cocinarte\/","og_locale":"es_ES","og_type":"article","og_title":"Integrantes de la Delegaci\u00f3n de la CARU participaron de Cocinarte % C.A.R.U. imagen","og_description":"La Comisi\u00f3n Administradora del R\u00edo Uruguay (CARU), fue parte del acontecimiento gastron\u00f3mico del a\u00f1o en Paysand\u00fa. Durante los d\u00edas 14 al 17 de agosto, Cocinarte, fue el evento gourmet que reuni\u00f3 a m\u00e1s de 50 equipos de cocineros de Uruguay y Argentina. El evento Cocinarte se llev\u00f3 a cabo en el Estadio cubierto 8 de [&hellip;]","og_url":"https:\/\/caru.org.uy\/nuevositio\/2025\/08\/18\/integrantes-de-la-delegacion-de-la-caru-participaron-de-cocinarte\/","og_site_name":"C.A.R.U.","article_published_time":"2025-08-18T17:02:46+00:00","article_modified_time":"2025-08-18T23:51:34+00:00","og_image":[{"width":716,"height":704,"url":"https:\/\/caru.org.uy\/nuevositio\/wp-content\/uploads\/2025\/08\/CECI-1M-1.jpeg","type":"image\/jpeg"}],"author":"Mat\u00edas Giqueaux","twitter_card":"summary_large_image","twitter_misc":{"Escrito por":"Mat\u00edas Giqueaux","Tiempo de lectura":"3 minutos"},"schema":{"@context":"https:\/\/schema.org","@graph":[{"@type":["Article","BlogPosting"],"@id":"https:\/\/caru.org.uy\/nuevositio\/2025\/08\/18\/integrantes-de-la-delegacion-de-la-caru-participaron-de-cocinarte\/#article","isPartOf":{"@id":"https:\/\/caru.org.uy\/nuevositio\/2025\/08\/18\/integrantes-de-la-delegacion-de-la-caru-participaron-de-cocinarte\/"},"author":{"name":"Mat\u00edas Giqueaux","@id":"https:\/\/caru.org.uy\/nuevositio\/#\/schema\/person\/ee77a8df5da4f16b9991d3b871902720"},"headline":"Integrantes de la Delegaci\u00f3n de la CARU participaron de Cocinarte","datePublished":"2025-08-18T17:02:46+00:00","dateModified":"2025-08-18T23:51:34+00:00","mainEntityOfPage":{"@id":"https:\/\/caru.org.uy\/nuevositio\/2025\/08\/18\/integrantes-de-la-delegacion-de-la-caru-participaron-de-cocinarte\/"},"wordCount":486,"commentCount":0,"publisher":{"@id":"https:\/\/caru.org.uy\/nuevositio\/#organization"},"image":{"@id":"https:\/\/caru.org.uy\/nuevositio\/2025\/08\/18\/integrantes-de-la-delegacion-de-la-caru-participaron-de-cocinarte\/#primaryimage"},"thumbnailUrl":"https:\/\/caru.org.uy\/nuevositio\/wp-content\/uploads\/2025\/08\/CECI-1M-1.jpeg","articleSection":["Destacada","Novedades"],"inLanguage":"es","potentialAction":[{"@type":"CommentAction","name":"Comment","target":["https:\/\/caru.org.uy\/nuevositio\/2025\/08\/18\/integrantes-de-la-delegacion-de-la-caru-participaron-de-cocinarte\/#respond"]}]},{"@type":"WebPage","@id":"https:\/\/caru.org.uy\/nuevositio\/2025\/08\/18\/integrantes-de-la-delegacion-de-la-caru-participaron-de-cocinarte\/","url":"https:\/\/caru.org.uy\/nuevositio\/2025\/08\/18\/integrantes-de-la-delegacion-de-la-caru-participaron-de-cocinarte\/","name":"Integrantes de la Delegaci\u00f3n de la CARU participaron de Cocinarte % C.A.R.U. imagen","isPartOf":{"@id":"https:\/\/caru.org.uy\/nuevositio\/#website"},"primaryImageOfPage":{"@id":"https:\/\/caru.org.uy\/nuevositio\/2025\/08\/18\/integrantes-de-la-delegacion-de-la-caru-participaron-de-cocinarte\/#primaryimage"},"image":{"@id":"https:\/\/caru.org.uy\/nuevositio\/2025\/08\/18\/integrantes-de-la-delegacion-de-la-caru-participaron-de-cocinarte\/#primaryimage"},"thumbnailUrl":"https:\/\/caru.org.uy\/nuevositio\/wp-content\/uploads\/2025\/08\/CECI-1M-1.jpeg","datePublished":"2025-08-18T17:02:46+00:00","dateModified":"2025-08-18T23:51:34+00:00","breadcrumb":{"@id":"https:\/\/caru.org.uy\/nuevositio\/2025\/08\/18\/integrantes-de-la-delegacion-de-la-caru-participaron-de-cocinarte\/#breadcrumb"},"inLanguage":"es","potentialAction":[{"@type":"ReadAction","target":["https:\/\/caru.org.uy\/nuevositio\/2025\/08\/18\/integrantes-de-la-delegacion-de-la-caru-participaron-de-cocinarte\/"]}]},{"@type":"ImageObject","inLanguage":"es","@id":"https:\/\/caru.org.uy\/nuevositio\/2025\/08\/18\/integrantes-de-la-delegacion-de-la-caru-participaron-de-cocinarte\/#primaryimage","url":"https:\/\/caru.org.uy\/nuevositio\/wp-content\/uploads\/2025\/08\/CECI-1M-1.jpeg","contentUrl":"https:\/\/caru.org.uy\/nuevositio\/wp-content\/uploads\/2025\/08\/CECI-1M-1.jpeg","width":716,"height":704,"caption":"Cecilia Bottino, junto a los organizadores de Cocinarte.."},{"@type":"BreadcrumbList","@id":"https:\/\/caru.org.uy\/nuevositio\/2025\/08\/18\/integrantes-de-la-delegacion-de-la-caru-participaron-de-cocinarte\/#breadcrumb","itemListElement":[{"@type":"ListItem","position":1,"name":"Portada","item":"https:\/\/caru.org.uy\/nuevositio\/"},{"@type":"ListItem","position":2,"name":"Integrantes de la Delegaci\u00f3n de la CARU participaron de Cocinarte"}]},{"@type":"WebSite","@id":"https:\/\/caru.org.uy\/nuevositio\/#website","url":"https:\/\/caru.org.uy\/nuevositio\/","name":"C.A.R.U.","description":"Comisi\u00f3n Administradora del R\u00edo Uruguay","publisher":{"@id":"https:\/\/caru.org.uy\/nuevositio\/#organization"},"potentialAction":[{"@type":"SearchAction","target":{"@type":"EntryPoint","urlTemplate":"https:\/\/caru.org.uy\/nuevositio\/?s={search_term_string}"},"query-input":{"@type":"PropertyValueSpecification","valueRequired":true,"valueName":"search_term_string"}}],"inLanguage":"es"},{"@type":"Organization","@id":"https:\/\/caru.org.uy\/nuevositio\/#organization","name":"C.A.R.U.","url":"https:\/\/caru.org.uy\/nuevositio\/","logo":{"@type":"ImageObject","inLanguage":"es","@id":"https:\/\/caru.org.uy\/nuevositio\/#\/schema\/logo\/image\/","url":"https:\/\/caru.org.uy\/nuevositio\/wp-content\/uploads\/2023\/11\/logo-nuevo.jpg","contentUrl":"https:\/\/caru.org.uy\/nuevositio\/wp-content\/uploads\/2023\/11\/logo-nuevo.jpg","width":1,"height":1,"caption":"C.A.R.U."},"image":{"@id":"https:\/\/caru.org.uy\/nuevositio\/#\/schema\/logo\/image\/"}},{"@type":"Person","@id":"https:\/\/caru.org.uy\/nuevositio\/#\/schema\/person\/ee77a8df5da4f16b9991d3b871902720","name":"Mat\u00edas Giqueaux","image":{"@type":"ImageObject","inLanguage":"es","@id":"https:\/\/secure.gravatar.com\/avatar\/8b33389ed8ca049256f573c2c6e93aa9365479e954e3920999d12e7dd3f38564?s=96&d=mm&r=g","url":"https:\/\/secure.gravatar.com\/avatar\/8b33389ed8ca049256f573c2c6e93aa9365479e954e3920999d12e7dd3f38564?s=96&d=mm&r=g","contentUrl":"https:\/\/secure.gravatar.com\/avatar\/8b33389ed8ca049256f573c2c6e93aa9365479e954e3920999d12e7dd3f38564?s=96&d=mm&r=g","caption":"Mat\u00edas Giqueaux"},"url":"https:\/\/caru.org.uy\/nuevositio\/author\/matiasgiqq\/"}]}},"_links":{"self":[{"href":"https:\/\/caru.org.uy\/nuevositio\/wp-json\/wp\/v2\/posts\/11519","targetHints":{"allow":["GET"]}}],"collection":[{"href":"https:\/\/caru.org.uy\/nuevositio\/wp-json\/wp\/v2\/posts"}],"about":[{"href":"https:\/\/caru.org.uy\/nuevositio\/wp-json\/wp\/v2\/types\/post"}],"author":[{"embeddable":true,"href":"https:\/\/caru.org.uy\/nuevositio\/wp-json\/wp\/v2\/users\/9"}],"replies":[{"embeddable":true,"href":"https:\/\/caru.org.uy\/nuevositio\/wp-json\/wp\/v2\/comments?post=11519"}],"version-history":[{"count":1,"href":"https:\/\/caru.org.uy\/nuevositio\/wp-json\/wp\/v2\/posts\/11519\/revisions"}],"predecessor-version":[{"id":11521,"href":"https:\/\/caru.org.uy\/nuevositio\/wp-json\/wp\/v2\/posts\/11519\/revisions\/11521"}],"wp:featuredmedia":[{"embeddable":true,"href":"https:\/\/caru.org.uy\/nuevositio\/wp-json\/wp\/v2\/media\/11476"}],"wp:attachment":[{"href":"https:\/\/caru.org.uy\/nuevositio\/wp-json\/wp\/v2\/media?parent=11519"}],"wp:term":[{"taxonomy":"category","embeddable":true,"href":"https:\/\/caru.org.uy\/nuevositio\/wp-json\/wp\/v2\/categories?post=11519"},{"taxonomy":"post_tag","embeddable":true,"href":"https:\/\/caru.org.uy\/nuevositio\/wp-json\/wp\/v2\/tags?post=11519"}],"curies":[{"name":"wp","href":"https:\/\/api.w.org\/{rel}","templated":true}]}}