{"id":11565,"date":"2025-10-01T10:47:01","date_gmt":"2025-10-01T13:47:01","guid":{"rendered":"https:\/\/caru.org.uy\/nuevositio\/?p=11565"},"modified":"2025-10-01T10:54:22","modified_gmt":"2025-10-01T13:54:22","slug":"expo-fotos-historicas-del-puente-general-artigas","status":"publish","type":"post","link":"https:\/\/caru.org.uy\/nuevositio\/2025\/10\/01\/expo-fotos-historicas-del-puente-general-artigas\/","title":{"rendered":"EXPO-FOTOS HISTORICAS DEL PUENTE GENERAL ARTIGAS &#8211; S\u00c1BADO 4 DE OCTUBRE"},"content":{"rendered":"\t\t<div data-elementor-type=\"wp-post\" data-elementor-id=\"11565\" class=\"elementor elementor-11565\" data-elementor-post-type=\"post\">\n\t\t\t\t\t\t<section class=\"elementor-section elementor-top-section elementor-element elementor-element-596fbf3 elementor-section-boxed elementor-section-height-default elementor-section-height-default\" data-id=\"596fbf3\" data-element_type=\"section\" data-e-type=\"section\" data-settings=\"{&quot;jet_parallax_layout_list&quot;:[]}\">\n\t\t\t\t\t\t<div class=\"elementor-container elementor-column-gap-default\">\n\t\t\t\t\t<div class=\"elementor-column elementor-col-100 elementor-top-column elementor-element elementor-element-891c2fb\" data-id=\"891c2fb\" data-element_type=\"column\" data-e-type=\"column\">\n\t\t\t<div class=\"elementor-widget-wrap elementor-element-populated\">\n\t\t\t\t\t\t<div class=\"elementor-element elementor-element-f85f530 elementor-widget elementor-widget-image\" data-id=\"f85f530\" data-element_type=\"widget\" data-e-type=\"widget\" data-widget_type=\"image.default\">\n\t\t\t\t<div class=\"elementor-widget-container\">\n\t\t\t\t\t\t\t\t\t\t\t\t\t\t\t<img fetchpriority=\"high\" decoding=\"async\" width=\"1024\" height=\"770\" src=\"https:\/\/caru.org.uy\/nuevositio\/wp-content\/uploads\/2025\/10\/puente-1024x770.png\" class=\"attachment-large size-large wp-image-11566\" alt=\"\" srcset=\"https:\/\/caru.org.uy\/nuevositio\/wp-content\/uploads\/2025\/10\/puente-1024x770.png 1024w, https:\/\/caru.org.uy\/nuevositio\/wp-content\/uploads\/2025\/10\/puente-300x225.png 300w, https:\/\/caru.org.uy\/nuevositio\/wp-content\/uploads\/2025\/10\/puente-768x577.png 768w, https:\/\/caru.org.uy\/nuevositio\/wp-content\/uploads\/2025\/10\/puente-1536x1154.png 1536w, https:\/\/caru.org.uy\/nuevositio\/wp-content\/uploads\/2025\/10\/puente-2048x1539.png 2048w\" sizes=\"(max-width: 1024px) 100vw, 1024px\" \/>\t\t\t\t\t\t\t\t\t\t\t\t\t\t\t<\/div>\n\t\t\t\t<\/div>\n\t\t\t\t\t<\/div>\n\t\t<\/div>\n\t\t\t\t\t<\/div>\n\t\t<\/section>\n\t\t\t\t<section class=\"elementor-section elementor-top-section elementor-element elementor-element-233e8873 elementor-section-boxed elementor-section-height-default elementor-section-height-default\" data-id=\"233e8873\" data-element_type=\"section\" data-e-type=\"section\" data-settings=\"{&quot;jet_parallax_layout_list&quot;:[]}\">\n\t\t\t\t\t\t<div class=\"elementor-container elementor-column-gap-default\">\n\t\t\t\t\t<div class=\"elementor-column elementor-col-100 elementor-top-column elementor-element elementor-element-b188bc1\" data-id=\"b188bc1\" data-element_type=\"column\" data-e-type=\"column\">\n\t\t\t<div class=\"elementor-widget-wrap elementor-element-populated\">\n\t\t\t\t\t\t<div class=\"elementor-element elementor-element-4a073066 elementor-widget elementor-widget-text-editor\" data-id=\"4a073066\" data-element_type=\"widget\" data-e-type=\"widget\" data-widget_type=\"text-editor.default\">\n\t\t\t\t<div class=\"elementor-widget-container\">\n\t\t\t\t\t\t\t\t\t\n<p>La Comisi\u00f3n Administradora del R\u00edo Uruguay (CARU) se enorgullece de participar en la celebraci\u00f3n anual del D\u00eda del Patrimonio.<br \/>Con motivo del 50\u00ba aniversario del Puente General Artigas y bajo el lema &#8220;Medio siglo uniendo historias y caminos, un s\u00edmbolo de uni\u00f3n y desarrollo regional&#8221;, hemos organizado una exposici\u00f3n fotogr\u00e1fica en la sede de la CARU. La exposici\u00f3n se llevar\u00e1 a cabo el S\u00c1BADO 4 DE OCTUBRE, DE 11:00 A 18:00 horas.<\/p>\n\n<p>Se exhibir\u00e1n l\u00e1minas con fotograf\u00edas hist\u00f3ricas de la construcci\u00f3n del puente, mostrando momentos de la vida de quienes participaron en lo que para ellos fue un d\u00eda m\u00e1s de trabajo, pero que hoy constituyen un testimonio gr\u00e1fico de ese momento hist\u00f3rico.<\/p>\n\n<p>Nos complace contribuir a la cultura y la tradici\u00f3n de nuestra regi\u00f3n a trav\u00e9s de esta exposici\u00f3n.<\/p>\n\n<p>BIENVENIDOS \u00a1\u00a1\u00a1<\/p>\n\n<p>\u00a0<\/p>\n\t\t\t\t\t\t\t\t<\/div>\n\t\t\t\t<\/div>\n\t\t\t\t\t<\/div>\n\t\t<\/div>\n\t\t\t\t\t<\/div>\n\t\t<\/section>\n\t\t\t\t<\/div>\n\t\t","protected":false},"excerpt":{"rendered":"<p>La Comisi\u00f3n Administradora del R\u00edo Uruguay (CARU) se enorgullece de participar en la celebraci\u00f3n anual del D\u00eda del Patrimonio.Con motivo del 50\u00ba aniversario del Puente General Artigas y bajo el lema &#8220;Medio siglo uniendo historias y caminos, un s\u00edmbolo de uni\u00f3n y desarrollo regional&#8221;, hemos organizado una exposici\u00f3n fotogr\u00e1fica en la sede de la CARU. [&hellip;]<\/p>\n","protected":false},"author":12,"featured_media":11566,"comment_status":"open","ping_status":"open","sticky":false,"template":"","format":"standard","meta":{"_acf_changed":false,"_joinchat":[],"footnotes":""},"categories":[40],"tags":[],"class_list":["post-11565","post","type-post","status-publish","format-standard","has-post-thumbnail","hentry","category-destacada"],"acf":[],"yoast_head":"<!-- This site is optimized with the Yoast SEO plugin v27.3 - https:\/\/yoast.com\/product\/yoast-seo-wordpress\/ -->\n<title>EXPO-FOTOS HISTORICAS DEL PUENTE GENERAL ARTIGAS - S\u00c1BADO 4 DE OCTUBRE % C.A.R.U. imagen<\/title>\n<meta name=\"robots\" content=\"index, follow, max-snippet:-1, max-image-preview:large, max-video-preview:-1\" \/>\n<link rel=\"canonical\" href=\"https:\/\/caru.org.uy\/nuevositio\/2025\/10\/01\/expo-fotos-historicas-del-puente-general-artigas\/\" \/>\n<meta property=\"og:locale\" content=\"es_ES\" \/>\n<meta property=\"og:type\" content=\"article\" \/>\n<meta property=\"og:title\" content=\"EXPO-FOTOS HISTORICAS DEL PUENTE GENERAL ARTIGAS - S\u00c1BADO 4 DE OCTUBRE % C.A.R.U. imagen\" \/>\n<meta property=\"og:description\" content=\"La Comisi\u00f3n Administradora del R\u00edo Uruguay (CARU) se enorgullece de participar en la celebraci\u00f3n anual del D\u00eda del Patrimonio.Con motivo del 50\u00ba aniversario del Puente General Artigas y bajo el lema &#8220;Medio siglo uniendo historias y caminos, un s\u00edmbolo de uni\u00f3n y desarrollo regional&#8221;, hemos organizado una exposici\u00f3n fotogr\u00e1fica en la sede de la CARU. [&hellip;]\" \/>\n<meta property=\"og:url\" content=\"https:\/\/caru.org.uy\/nuevositio\/2025\/10\/01\/expo-fotos-historicas-del-puente-general-artigas\/\" \/>\n<meta property=\"og:site_name\" content=\"C.A.R.U.\" \/>\n<meta property=\"article:published_time\" content=\"2025-10-01T13:47:01+00:00\" \/>\n<meta property=\"article:modified_time\" content=\"2025-10-01T13:54:22+00:00\" \/>\n<meta property=\"og:image\" content=\"https:\/\/caru.org.uy\/nuevositio\/wp-content\/uploads\/2025\/10\/puente-1024x770.png\" \/>\n\t<meta property=\"og:image:width\" content=\"1024\" \/>\n\t<meta property=\"og:image:height\" content=\"770\" \/>\n\t<meta property=\"og:image:type\" content=\"image\/png\" \/>\n<meta name=\"author\" content=\"Federico\" \/>\n<meta name=\"twitter:card\" content=\"summary_large_image\" \/>\n<meta name=\"twitter:label1\" content=\"Escrito por\" \/>\n\t<meta name=\"twitter:data1\" content=\"Federico\" \/>\n\t<meta name=\"twitter:label2\" content=\"Tiempo de lectura\" \/>\n\t<meta name=\"twitter:data2\" content=\"2 minutos\" \/>\n<script type=\"application\/ld+json\" class=\"yoast-schema-graph\">{\"@context\":\"https:\\\/\\\/schema.org\",\"@graph\":[{\"@type\":[\"Article\",\"BlogPosting\"],\"@id\":\"https:\\\/\\\/caru.org.uy\\\/nuevositio\\\/2025\\\/10\\\/01\\\/expo-fotos-historicas-del-puente-general-artigas\\\/#article\",\"isPartOf\":{\"@id\":\"https:\\\/\\\/caru.org.uy\\\/nuevositio\\\/2025\\\/10\\\/01\\\/expo-fotos-historicas-del-puente-general-artigas\\\/\"},\"author\":{\"name\":\"Federico\",\"@id\":\"https:\\\/\\\/caru.org.uy\\\/nuevositio\\\/#\\\/schema\\\/person\\\/fba625b864836c52fe4d995c9dc2869d\"},\"headline\":\"EXPO-FOTOS HISTORICAS DEL PUENTE GENERAL ARTIGAS &#8211; S\u00c1BADO 4 DE OCTUBRE\",\"datePublished\":\"2025-10-01T13:47:01+00:00\",\"dateModified\":\"2025-10-01T13:54:22+00:00\",\"mainEntityOfPage\":{\"@id\":\"https:\\\/\\\/caru.org.uy\\\/nuevositio\\\/2025\\\/10\\\/01\\\/expo-fotos-historicas-del-puente-general-artigas\\\/\"},\"wordCount\":165,\"commentCount\":0,\"publisher\":{\"@id\":\"https:\\\/\\\/caru.org.uy\\\/nuevositio\\\/#organization\"},\"image\":{\"@id\":\"https:\\\/\\\/caru.org.uy\\\/nuevositio\\\/2025\\\/10\\\/01\\\/expo-fotos-historicas-del-puente-general-artigas\\\/#primaryimage\"},\"thumbnailUrl\":\"https:\\\/\\\/caru.org.uy\\\/nuevositio\\\/wp-content\\\/uploads\\\/2025\\\/10\\\/puente.png\",\"articleSection\":[\"Destacada\"],\"inLanguage\":\"es\",\"potentialAction\":[{\"@type\":\"CommentAction\",\"name\":\"Comment\",\"target\":[\"https:\\\/\\\/caru.org.uy\\\/nuevositio\\\/2025\\\/10\\\/01\\\/expo-fotos-historicas-del-puente-general-artigas\\\/#respond\"]}]},{\"@type\":\"WebPage\",\"@id\":\"https:\\\/\\\/caru.org.uy\\\/nuevositio\\\/2025\\\/10\\\/01\\\/expo-fotos-historicas-del-puente-general-artigas\\\/\",\"url\":\"https:\\\/\\\/caru.org.uy\\\/nuevositio\\\/2025\\\/10\\\/01\\\/expo-fotos-historicas-del-puente-general-artigas\\\/\",\"name\":\"EXPO-FOTOS HISTORICAS DEL PUENTE GENERAL ARTIGAS - S\u00c1BADO 4 DE OCTUBRE % C.A.R.U. imagen\",\"isPartOf\":{\"@id\":\"https:\\\/\\\/caru.org.uy\\\/nuevositio\\\/#website\"},\"primaryImageOfPage\":{\"@id\":\"https:\\\/\\\/caru.org.uy\\\/nuevositio\\\/2025\\\/10\\\/01\\\/expo-fotos-historicas-del-puente-general-artigas\\\/#primaryimage\"},\"image\":{\"@id\":\"https:\\\/\\\/caru.org.uy\\\/nuevositio\\\/2025\\\/10\\\/01\\\/expo-fotos-historicas-del-puente-general-artigas\\\/#primaryimage\"},\"thumbnailUrl\":\"https:\\\/\\\/caru.org.uy\\\/nuevositio\\\/wp-content\\\/uploads\\\/2025\\\/10\\\/puente.png\",\"datePublished\":\"2025-10-01T13:47:01+00:00\",\"dateModified\":\"2025-10-01T13:54:22+00:00\",\"breadcrumb\":{\"@id\":\"https:\\\/\\\/caru.org.uy\\\/nuevositio\\\/2025\\\/10\\\/01\\\/expo-fotos-historicas-del-puente-general-artigas\\\/#breadcrumb\"},\"inLanguage\":\"es\",\"potentialAction\":[{\"@type\":\"ReadAction\",\"target\":[\"https:\\\/\\\/caru.org.uy\\\/nuevositio\\\/2025\\\/10\\\/01\\\/expo-fotos-historicas-del-puente-general-artigas\\\/\"]}]},{\"@type\":\"ImageObject\",\"inLanguage\":\"es\",\"@id\":\"https:\\\/\\\/caru.org.uy\\\/nuevositio\\\/2025\\\/10\\\/01\\\/expo-fotos-historicas-del-puente-general-artigas\\\/#primaryimage\",\"url\":\"https:\\\/\\\/caru.org.uy\\\/nuevositio\\\/wp-content\\\/uploads\\\/2025\\\/10\\\/puente.png\",\"contentUrl\":\"https:\\\/\\\/caru.org.uy\\\/nuevositio\\\/wp-content\\\/uploads\\\/2025\\\/10\\\/puente.png\",\"width\":2169,\"height\":1630},{\"@type\":\"BreadcrumbList\",\"@id\":\"https:\\\/\\\/caru.org.uy\\\/nuevositio\\\/2025\\\/10\\\/01\\\/expo-fotos-historicas-del-puente-general-artigas\\\/#breadcrumb\",\"itemListElement\":[{\"@type\":\"ListItem\",\"position\":1,\"name\":\"Portada\",\"item\":\"https:\\\/\\\/caru.org.uy\\\/nuevositio\\\/\"},{\"@type\":\"ListItem\",\"position\":2,\"name\":\"EXPO-FOTOS HISTORICAS DEL PUENTE GENERAL ARTIGAS &#8211; S\u00c1BADO 4 DE OCTUBRE\"}]},{\"@type\":\"WebSite\",\"@id\":\"https:\\\/\\\/caru.org.uy\\\/nuevositio\\\/#website\",\"url\":\"https:\\\/\\\/caru.org.uy\\\/nuevositio\\\/\",\"name\":\"C.A.R.U.\",\"description\":\"Comisi\u00f3n Administradora del R\u00edo Uruguay\",\"publisher\":{\"@id\":\"https:\\\/\\\/caru.org.uy\\\/nuevositio\\\/#organization\"},\"potentialAction\":[{\"@type\":\"SearchAction\",\"target\":{\"@type\":\"EntryPoint\",\"urlTemplate\":\"https:\\\/\\\/caru.org.uy\\\/nuevositio\\\/?s={search_term_string}\"},\"query-input\":{\"@type\":\"PropertyValueSpecification\",\"valueRequired\":true,\"valueName\":\"search_term_string\"}}],\"inLanguage\":\"es\"},{\"@type\":\"Organization\",\"@id\":\"https:\\\/\\\/caru.org.uy\\\/nuevositio\\\/#organization\",\"name\":\"C.A.R.U.\",\"url\":\"https:\\\/\\\/caru.org.uy\\\/nuevositio\\\/\",\"logo\":{\"@type\":\"ImageObject\",\"inLanguage\":\"es\",\"@id\":\"https:\\\/\\\/caru.org.uy\\\/nuevositio\\\/#\\\/schema\\\/logo\\\/image\\\/\",\"url\":\"https:\\\/\\\/caru.org.uy\\\/nuevositio\\\/wp-content\\\/uploads\\\/2023\\\/11\\\/logo-nuevo.jpg\",\"contentUrl\":\"https:\\\/\\\/caru.org.uy\\\/nuevositio\\\/wp-content\\\/uploads\\\/2023\\\/11\\\/logo-nuevo.jpg\",\"width\":1,\"height\":1,\"caption\":\"C.A.R.U.\"},\"image\":{\"@id\":\"https:\\\/\\\/caru.org.uy\\\/nuevositio\\\/#\\\/schema\\\/logo\\\/image\\\/\"}},{\"@type\":\"Person\",\"@id\":\"https:\\\/\\\/caru.org.uy\\\/nuevositio\\\/#\\\/schema\\\/person\\\/fba625b864836c52fe4d995c9dc2869d\",\"name\":\"Federico\",\"image\":{\"@type\":\"ImageObject\",\"inLanguage\":\"es\",\"@id\":\"https:\\\/\\\/secure.gravatar.com\\\/avatar\\\/542d68923246b6c29256d811c3ce7f803fe17d6a190c813a52ef45fcda4733ad?s=96&d=mm&r=g\",\"url\":\"https:\\\/\\\/secure.gravatar.com\\\/avatar\\\/542d68923246b6c29256d811c3ce7f803fe17d6a190c813a52ef45fcda4733ad?s=96&d=mm&r=g\",\"contentUrl\":\"https:\\\/\\\/secure.gravatar.com\\\/avatar\\\/542d68923246b6c29256d811c3ce7f803fe17d6a190c813a52ef45fcda4733ad?s=96&d=mm&r=g\",\"caption\":\"Federico\"},\"url\":\"https:\\\/\\\/caru.org.uy\\\/nuevositio\\\/author\\\/federico\\\/\"}]}<\/script>\n<!-- \/ Yoast SEO plugin. -->","yoast_head_json":{"title":"EXPO-FOTOS HISTORICAS DEL PUENTE GENERAL ARTIGAS - S\u00c1BADO 4 DE OCTUBRE % C.A.R.U. imagen","robots":{"index":"index","follow":"follow","max-snippet":"max-snippet:-1","max-image-preview":"max-image-preview:large","max-video-preview":"max-video-preview:-1"},"canonical":"https:\/\/caru.org.uy\/nuevositio\/2025\/10\/01\/expo-fotos-historicas-del-puente-general-artigas\/","og_locale":"es_ES","og_type":"article","og_title":"EXPO-FOTOS HISTORICAS DEL PUENTE GENERAL ARTIGAS - S\u00c1BADO 4 DE OCTUBRE % C.A.R.U. imagen","og_description":"La Comisi\u00f3n Administradora del R\u00edo Uruguay (CARU) se enorgullece de participar en la celebraci\u00f3n anual del D\u00eda del Patrimonio.Con motivo del 50\u00ba aniversario del Puente General Artigas y bajo el lema &#8220;Medio siglo uniendo historias y caminos, un s\u00edmbolo de uni\u00f3n y desarrollo regional&#8221;, hemos organizado una exposici\u00f3n fotogr\u00e1fica en la sede de la CARU. [&hellip;]","og_url":"https:\/\/caru.org.uy\/nuevositio\/2025\/10\/01\/expo-fotos-historicas-del-puente-general-artigas\/","og_site_name":"C.A.R.U.","article_published_time":"2025-10-01T13:47:01+00:00","article_modified_time":"2025-10-01T13:54:22+00:00","og_image":[{"width":1024,"height":770,"url":"https:\/\/caru.org.uy\/nuevositio\/wp-content\/uploads\/2025\/10\/puente-1024x770.png","type":"image\/png"}],"author":"Federico","twitter_card":"summary_large_image","twitter_misc":{"Escrito por":"Federico","Tiempo de lectura":"2 minutos"},"schema":{"@context":"https:\/\/schema.org","@graph":[{"@type":["Article","BlogPosting"],"@id":"https:\/\/caru.org.uy\/nuevositio\/2025\/10\/01\/expo-fotos-historicas-del-puente-general-artigas\/#article","isPartOf":{"@id":"https:\/\/caru.org.uy\/nuevositio\/2025\/10\/01\/expo-fotos-historicas-del-puente-general-artigas\/"},"author":{"name":"Federico","@id":"https:\/\/caru.org.uy\/nuevositio\/#\/schema\/person\/fba625b864836c52fe4d995c9dc2869d"},"headline":"EXPO-FOTOS HISTORICAS DEL PUENTE GENERAL ARTIGAS &#8211; S\u00c1BADO 4 DE OCTUBRE","datePublished":"2025-10-01T13:47:01+00:00","dateModified":"2025-10-01T13:54:22+00:00","mainEntityOfPage":{"@id":"https:\/\/caru.org.uy\/nuevositio\/2025\/10\/01\/expo-fotos-historicas-del-puente-general-artigas\/"},"wordCount":165,"commentCount":0,"publisher":{"@id":"https:\/\/caru.org.uy\/nuevositio\/#organization"},"image":{"@id":"https:\/\/caru.org.uy\/nuevositio\/2025\/10\/01\/expo-fotos-historicas-del-puente-general-artigas\/#primaryimage"},"thumbnailUrl":"https:\/\/caru.org.uy\/nuevositio\/wp-content\/uploads\/2025\/10\/puente.png","articleSection":["Destacada"],"inLanguage":"es","potentialAction":[{"@type":"CommentAction","name":"Comment","target":["https:\/\/caru.org.uy\/nuevositio\/2025\/10\/01\/expo-fotos-historicas-del-puente-general-artigas\/#respond"]}]},{"@type":"WebPage","@id":"https:\/\/caru.org.uy\/nuevositio\/2025\/10\/01\/expo-fotos-historicas-del-puente-general-artigas\/","url":"https:\/\/caru.org.uy\/nuevositio\/2025\/10\/01\/expo-fotos-historicas-del-puente-general-artigas\/","name":"EXPO-FOTOS HISTORICAS DEL PUENTE GENERAL ARTIGAS - S\u00c1BADO 4 DE OCTUBRE % C.A.R.U. imagen","isPartOf":{"@id":"https:\/\/caru.org.uy\/nuevositio\/#website"},"primaryImageOfPage":{"@id":"https:\/\/caru.org.uy\/nuevositio\/2025\/10\/01\/expo-fotos-historicas-del-puente-general-artigas\/#primaryimage"},"image":{"@id":"https:\/\/caru.org.uy\/nuevositio\/2025\/10\/01\/expo-fotos-historicas-del-puente-general-artigas\/#primaryimage"},"thumbnailUrl":"https:\/\/caru.org.uy\/nuevositio\/wp-content\/uploads\/2025\/10\/puente.png","datePublished":"2025-10-01T13:47:01+00:00","dateModified":"2025-10-01T13:54:22+00:00","breadcrumb":{"@id":"https:\/\/caru.org.uy\/nuevositio\/2025\/10\/01\/expo-fotos-historicas-del-puente-general-artigas\/#breadcrumb"},"inLanguage":"es","potentialAction":[{"@type":"ReadAction","target":["https:\/\/caru.org.uy\/nuevositio\/2025\/10\/01\/expo-fotos-historicas-del-puente-general-artigas\/"]}]},{"@type":"ImageObject","inLanguage":"es","@id":"https:\/\/caru.org.uy\/nuevositio\/2025\/10\/01\/expo-fotos-historicas-del-puente-general-artigas\/#primaryimage","url":"https:\/\/caru.org.uy\/nuevositio\/wp-content\/uploads\/2025\/10\/puente.png","contentUrl":"https:\/\/caru.org.uy\/nuevositio\/wp-content\/uploads\/2025\/10\/puente.png","width":2169,"height":1630},{"@type":"BreadcrumbList","@id":"https:\/\/caru.org.uy\/nuevositio\/2025\/10\/01\/expo-fotos-historicas-del-puente-general-artigas\/#breadcrumb","itemListElement":[{"@type":"ListItem","position":1,"name":"Portada","item":"https:\/\/caru.org.uy\/nuevositio\/"},{"@type":"ListItem","position":2,"name":"EXPO-FOTOS HISTORICAS DEL PUENTE GENERAL ARTIGAS &#8211; S\u00c1BADO 4 DE OCTUBRE"}]},{"@type":"WebSite","@id":"https:\/\/caru.org.uy\/nuevositio\/#website","url":"https:\/\/caru.org.uy\/nuevositio\/","name":"C.A.R.U.","description":"Comisi\u00f3n Administradora del R\u00edo Uruguay","publisher":{"@id":"https:\/\/caru.org.uy\/nuevositio\/#organization"},"potentialAction":[{"@type":"SearchAction","target":{"@type":"EntryPoint","urlTemplate":"https:\/\/caru.org.uy\/nuevositio\/?s={search_term_string}"},"query-input":{"@type":"PropertyValueSpecification","valueRequired":true,"valueName":"search_term_string"}}],"inLanguage":"es"},{"@type":"Organization","@id":"https:\/\/caru.org.uy\/nuevositio\/#organization","name":"C.A.R.U.","url":"https:\/\/caru.org.uy\/nuevositio\/","logo":{"@type":"ImageObject","inLanguage":"es","@id":"https:\/\/caru.org.uy\/nuevositio\/#\/schema\/logo\/image\/","url":"https:\/\/caru.org.uy\/nuevositio\/wp-content\/uploads\/2023\/11\/logo-nuevo.jpg","contentUrl":"https:\/\/caru.org.uy\/nuevositio\/wp-content\/uploads\/2023\/11\/logo-nuevo.jpg","width":1,"height":1,"caption":"C.A.R.U."},"image":{"@id":"https:\/\/caru.org.uy\/nuevositio\/#\/schema\/logo\/image\/"}},{"@type":"Person","@id":"https:\/\/caru.org.uy\/nuevositio\/#\/schema\/person\/fba625b864836c52fe4d995c9dc2869d","name":"Federico","image":{"@type":"ImageObject","inLanguage":"es","@id":"https:\/\/secure.gravatar.com\/avatar\/542d68923246b6c29256d811c3ce7f803fe17d6a190c813a52ef45fcda4733ad?s=96&d=mm&r=g","url":"https:\/\/secure.gravatar.com\/avatar\/542d68923246b6c29256d811c3ce7f803fe17d6a190c813a52ef45fcda4733ad?s=96&d=mm&r=g","contentUrl":"https:\/\/secure.gravatar.com\/avatar\/542d68923246b6c29256d811c3ce7f803fe17d6a190c813a52ef45fcda4733ad?s=96&d=mm&r=g","caption":"Federico"},"url":"https:\/\/caru.org.uy\/nuevositio\/author\/federico\/"}]}},"_links":{"self":[{"href":"https:\/\/caru.org.uy\/nuevositio\/wp-json\/wp\/v2\/posts\/11565","targetHints":{"allow":["GET"]}}],"collection":[{"href":"https:\/\/caru.org.uy\/nuevositio\/wp-json\/wp\/v2\/posts"}],"about":[{"href":"https:\/\/caru.org.uy\/nuevositio\/wp-json\/wp\/v2\/types\/post"}],"author":[{"embeddable":true,"href":"https:\/\/caru.org.uy\/nuevositio\/wp-json\/wp\/v2\/users\/12"}],"replies":[{"embeddable":true,"href":"https:\/\/caru.org.uy\/nuevositio\/wp-json\/wp\/v2\/comments?post=11565"}],"version-history":[{"count":5,"href":"https:\/\/caru.org.uy\/nuevositio\/wp-json\/wp\/v2\/posts\/11565\/revisions"}],"predecessor-version":[{"id":11571,"href":"https:\/\/caru.org.uy\/nuevositio\/wp-json\/wp\/v2\/posts\/11565\/revisions\/11571"}],"wp:featuredmedia":[{"embeddable":true,"href":"https:\/\/caru.org.uy\/nuevositio\/wp-json\/wp\/v2\/media\/11566"}],"wp:attachment":[{"href":"https:\/\/caru.org.uy\/nuevositio\/wp-json\/wp\/v2\/media?parent=11565"}],"wp:term":[{"taxonomy":"category","embeddable":true,"href":"https:\/\/caru.org.uy\/nuevositio\/wp-json\/wp\/v2\/categories?post=11565"},{"taxonomy":"post_tag","embeddable":true,"href":"https:\/\/caru.org.uy\/nuevositio\/wp-json\/wp\/v2\/tags?post=11565"}],"curies":[{"name":"wp","href":"https:\/\/api.w.org\/{rel}","templated":true}]}}