{"id":11596,"date":"2025-10-08T07:43:53","date_gmt":"2025-10-08T10:43:53","guid":{"rendered":"https:\/\/caru.org.uy\/nuevositio\/?p=11596"},"modified":"2025-10-08T10:01:31","modified_gmt":"2025-10-08T13:01:31","slug":"aparicion-de-carpas-asiaticas-en-el-rio-uruguay-octubre-2025","status":"publish","type":"post","link":"https:\/\/caru.org.uy\/nuevositio\/2025\/10\/08\/aparicion-de-carpas-asiaticas-en-el-rio-uruguay-octubre-2025\/","title":{"rendered":"APARICI\u00d3N DE CARPAS ASI\u00c1TICAS EN EL R\u00cdO URUGUAY"},"content":{"rendered":"\n<p class=\"has-text-align-center has-medium-font-size\">Durante el presente a\u00f1o, se ha observado un aumento en la frecuencia de capturas de<br>dos especies de carpas asi\u00e1ticas. Ambas, provienen de Asia oriental y han sido utilizadas<br>en acuicultura en muchos pa\u00edses alrededor del mundo, incluyendo Argentina y Brasil.<br>La carpa cabezona (Hypophthalmichthys nobilis), puede llegar a medir m\u00e1s de 1 m de<br>longitud y a pesar 40 kg. Es reconocible por su gran cabeza, ojos en posici\u00f3n mediaventral y largo de aletas pectorales extendidas alcanzando la base de las aletas p\u00e9lvicas.<br>Es una especie filtradora, aliment\u00e1ndose principalmente de plancton (preferentemente<br>de zooplancton) y material grueso particulado, pero tambi\u00e9n pueden consumir larvas<br>de peces de la columna de agua. Esta especie ha sido reportada por primera vez en la<br>cuenca del R\u00edo de la Plata en 2008.<br>Por su parte, la carpa plateada (Hypophthalmichthys molitrix) puede crecer a tama\u00f1os<br>de m\u00e1s de 1 m de longitud y pesar 50 kg. Es tambi\u00e9n filtradora, aliment\u00e1ndose<br>principalmente de fitoplancton. Esta especie ha sido reportada por primera vez en la<br>cuenca del R\u00edo de la Plata en 1998. Los registros de ambas especies han sido m\u00e1s bien<br>espor\u00e1dicos y aislados hasta 2023.<br>La presencia de estas especies representa una potencial amenaza al ecosistema, en el<br>caso de proliferar y establecerse, generando impactos tr\u00f3ficos como los observados en<br>otras regiones del mundo. Su aparici\u00f3n en el R\u00edo Uruguay, puede deberse a escapes de<br>criaderos ubicados en la cuenca del R\u00edo de la Plata, ya que son especies capaces de<br>desplazarse grandes distancias. Es recomendable que, ante la captura de especies<br>ex\u00f3ticas potencialmente invasoras, se proceda a la pronta remoci\u00f3n de las mismas del<br>curso de agua.<br>El registro y la investigaci\u00f3n sobre estas especies, es fundamental para comprender su<br>estatus y potencial efecto sobre el ecosistema. Para ello, solicitamos a quienes las<br>capturan se comuniquen con la CARU y de ser posible preserven dichos ejemplares para<br>la toma de muestras biol\u00f3gicas.<\/p>\n\n\n\n<p class=\"has-text-align-center has-medium-font-size\"><br>Contactos:<br>Coordinaci\u00f3n de Pesca \u2013 CARU<br>Lic. Pilar Ojeda: pojeda@caru.org.uy<br>Lic. H\u00e9ctor Procura: hprocura@caru.org.uy<br>Celular: +598 92685528<\/p>\n\n\n\n<p class=\"has-text-align-center\"><\/p>\n\n\n\n<p><\/p>\n","protected":false},"excerpt":{"rendered":"<p>Durante el presente a\u00f1o, se ha observado un aumento en la frecuencia de capturas dedos especies de carpas asi\u00e1ticas. Ambas, provienen de Asia oriental y han sido utilizadasen acuicultura en muchos pa\u00edses alrededor del mundo, incluyendo Argentina y Brasil.La carpa cabezona (Hypophthalmichthys nobilis), puede llegar a medir m\u00e1s de 1 m delongitud y a pesar [&hellip;]<\/p>\n","protected":false},"author":12,"featured_media":11601,"comment_status":"open","ping_status":"open","sticky":false,"template":"","format":"standard","meta":{"_acf_changed":false,"_joinchat":[],"footnotes":""},"categories":[37],"tags":[],"class_list":["post-11596","post","type-post","status-publish","format-standard","has-post-thumbnail","hentry","category-noticias"],"acf":[],"yoast_head":"<!-- This site is optimized with the Yoast SEO plugin v27.3 - https:\/\/yoast.com\/product\/yoast-seo-wordpress\/ -->\n<title>APARICI\u00d3N DE CARPAS ASI\u00c1TICAS EN EL R\u00cdO URUGUAY % C.A.R.U. imagen<\/title>\n<meta name=\"robots\" content=\"index, follow, max-snippet:-1, max-image-preview:large, max-video-preview:-1\" \/>\n<link rel=\"canonical\" href=\"https:\/\/caru.org.uy\/nuevositio\/2025\/10\/08\/aparicion-de-carpas-asiaticas-en-el-rio-uruguay-octubre-2025\/\" \/>\n<meta property=\"og:locale\" content=\"es_ES\" \/>\n<meta property=\"og:type\" content=\"article\" \/>\n<meta property=\"og:title\" content=\"APARICI\u00d3N DE CARPAS ASI\u00c1TICAS EN EL R\u00cdO URUGUAY % C.A.R.U. imagen\" \/>\n<meta property=\"og:description\" content=\"Durante el presente a\u00f1o, se ha observado un aumento en la frecuencia de capturas dedos especies de carpas asi\u00e1ticas. Ambas, provienen de Asia oriental y han sido utilizadasen acuicultura en muchos pa\u00edses alrededor del mundo, incluyendo Argentina y Brasil.La carpa cabezona (Hypophthalmichthys nobilis), puede llegar a medir m\u00e1s de 1 m delongitud y a pesar [&hellip;]\" \/>\n<meta property=\"og:url\" content=\"https:\/\/caru.org.uy\/nuevositio\/2025\/10\/08\/aparicion-de-carpas-asiaticas-en-el-rio-uruguay-octubre-2025\/\" \/>\n<meta property=\"og:site_name\" content=\"C.A.R.U.\" \/>\n<meta property=\"article:published_time\" content=\"2025-10-08T10:43:53+00:00\" \/>\n<meta property=\"article:modified_time\" content=\"2025-10-08T13:01:31+00:00\" \/>\n<meta property=\"og:image\" content=\"https:\/\/caru.org.uy\/nuevositio\/wp-content\/uploads\/2025\/10\/dsbodxs.png\" \/>\n\t<meta property=\"og:image:width\" content=\"1124\" \/>\n\t<meta property=\"og:image:height\" content=\"755\" \/>\n\t<meta property=\"og:image:type\" content=\"image\/png\" \/>\n<meta name=\"author\" content=\"Federico\" \/>\n<meta name=\"twitter:card\" content=\"summary_large_image\" \/>\n<meta name=\"twitter:label1\" content=\"Escrito por\" \/>\n\t<meta name=\"twitter:data1\" content=\"Federico\" \/>\n\t<meta name=\"twitter:label2\" content=\"Tiempo de lectura\" \/>\n\t<meta name=\"twitter:data2\" content=\"2 minutos\" \/>\n<script type=\"application\/ld+json\" class=\"yoast-schema-graph\">{\"@context\":\"https:\\\/\\\/schema.org\",\"@graph\":[{\"@type\":[\"Article\",\"BlogPosting\"],\"@id\":\"https:\\\/\\\/caru.org.uy\\\/nuevositio\\\/2025\\\/10\\\/08\\\/aparicion-de-carpas-asiaticas-en-el-rio-uruguay-octubre-2025\\\/#article\",\"isPartOf\":{\"@id\":\"https:\\\/\\\/caru.org.uy\\\/nuevositio\\\/2025\\\/10\\\/08\\\/aparicion-de-carpas-asiaticas-en-el-rio-uruguay-octubre-2025\\\/\"},\"author\":{\"name\":\"Federico\",\"@id\":\"https:\\\/\\\/caru.org.uy\\\/nuevositio\\\/#\\\/schema\\\/person\\\/fba625b864836c52fe4d995c9dc2869d\"},\"headline\":\"APARICI\u00d3N DE CARPAS ASI\u00c1TICAS EN EL R\u00cdO URUGUAY\",\"datePublished\":\"2025-10-08T10:43:53+00:00\",\"dateModified\":\"2025-10-08T13:01:31+00:00\",\"mainEntityOfPage\":{\"@id\":\"https:\\\/\\\/caru.org.uy\\\/nuevositio\\\/2025\\\/10\\\/08\\\/aparicion-de-carpas-asiaticas-en-el-rio-uruguay-octubre-2025\\\/\"},\"wordCount\":347,\"commentCount\":0,\"publisher\":{\"@id\":\"https:\\\/\\\/caru.org.uy\\\/nuevositio\\\/#organization\"},\"image\":{\"@id\":\"https:\\\/\\\/caru.org.uy\\\/nuevositio\\\/2025\\\/10\\\/08\\\/aparicion-de-carpas-asiaticas-en-el-rio-uruguay-octubre-2025\\\/#primaryimage\"},\"thumbnailUrl\":\"https:\\\/\\\/caru.org.uy\\\/nuevositio\\\/wp-content\\\/uploads\\\/2025\\\/10\\\/dsbodxs.png\",\"articleSection\":[\"Noticias\"],\"inLanguage\":\"es\",\"potentialAction\":[{\"@type\":\"CommentAction\",\"name\":\"Comment\",\"target\":[\"https:\\\/\\\/caru.org.uy\\\/nuevositio\\\/2025\\\/10\\\/08\\\/aparicion-de-carpas-asiaticas-en-el-rio-uruguay-octubre-2025\\\/#respond\"]}]},{\"@type\":\"WebPage\",\"@id\":\"https:\\\/\\\/caru.org.uy\\\/nuevositio\\\/2025\\\/10\\\/08\\\/aparicion-de-carpas-asiaticas-en-el-rio-uruguay-octubre-2025\\\/\",\"url\":\"https:\\\/\\\/caru.org.uy\\\/nuevositio\\\/2025\\\/10\\\/08\\\/aparicion-de-carpas-asiaticas-en-el-rio-uruguay-octubre-2025\\\/\",\"name\":\"APARICI\u00d3N DE CARPAS ASI\u00c1TICAS EN EL R\u00cdO URUGUAY % C.A.R.U. imagen\",\"isPartOf\":{\"@id\":\"https:\\\/\\\/caru.org.uy\\\/nuevositio\\\/#website\"},\"primaryImageOfPage\":{\"@id\":\"https:\\\/\\\/caru.org.uy\\\/nuevositio\\\/2025\\\/10\\\/08\\\/aparicion-de-carpas-asiaticas-en-el-rio-uruguay-octubre-2025\\\/#primaryimage\"},\"image\":{\"@id\":\"https:\\\/\\\/caru.org.uy\\\/nuevositio\\\/2025\\\/10\\\/08\\\/aparicion-de-carpas-asiaticas-en-el-rio-uruguay-octubre-2025\\\/#primaryimage\"},\"thumbnailUrl\":\"https:\\\/\\\/caru.org.uy\\\/nuevositio\\\/wp-content\\\/uploads\\\/2025\\\/10\\\/dsbodxs.png\",\"datePublished\":\"2025-10-08T10:43:53+00:00\",\"dateModified\":\"2025-10-08T13:01:31+00:00\",\"breadcrumb\":{\"@id\":\"https:\\\/\\\/caru.org.uy\\\/nuevositio\\\/2025\\\/10\\\/08\\\/aparicion-de-carpas-asiaticas-en-el-rio-uruguay-octubre-2025\\\/#breadcrumb\"},\"inLanguage\":\"es\",\"potentialAction\":[{\"@type\":\"ReadAction\",\"target\":[\"https:\\\/\\\/caru.org.uy\\\/nuevositio\\\/2025\\\/10\\\/08\\\/aparicion-de-carpas-asiaticas-en-el-rio-uruguay-octubre-2025\\\/\"]}]},{\"@type\":\"ImageObject\",\"inLanguage\":\"es\",\"@id\":\"https:\\\/\\\/caru.org.uy\\\/nuevositio\\\/2025\\\/10\\\/08\\\/aparicion-de-carpas-asiaticas-en-el-rio-uruguay-octubre-2025\\\/#primaryimage\",\"url\":\"https:\\\/\\\/caru.org.uy\\\/nuevositio\\\/wp-content\\\/uploads\\\/2025\\\/10\\\/dsbodxs.png\",\"contentUrl\":\"https:\\\/\\\/caru.org.uy\\\/nuevositio\\\/wp-content\\\/uploads\\\/2025\\\/10\\\/dsbodxs.png\",\"width\":1124,\"height\":755},{\"@type\":\"BreadcrumbList\",\"@id\":\"https:\\\/\\\/caru.org.uy\\\/nuevositio\\\/2025\\\/10\\\/08\\\/aparicion-de-carpas-asiaticas-en-el-rio-uruguay-octubre-2025\\\/#breadcrumb\",\"itemListElement\":[{\"@type\":\"ListItem\",\"position\":1,\"name\":\"Portada\",\"item\":\"https:\\\/\\\/caru.org.uy\\\/nuevositio\\\/\"},{\"@type\":\"ListItem\",\"position\":2,\"name\":\"APARICI\u00d3N DE CARPAS ASI\u00c1TICAS EN EL R\u00cdO URUGUAY\"}]},{\"@type\":\"WebSite\",\"@id\":\"https:\\\/\\\/caru.org.uy\\\/nuevositio\\\/#website\",\"url\":\"https:\\\/\\\/caru.org.uy\\\/nuevositio\\\/\",\"name\":\"C.A.R.U.\",\"description\":\"Comisi\u00f3n Administradora del R\u00edo Uruguay\",\"publisher\":{\"@id\":\"https:\\\/\\\/caru.org.uy\\\/nuevositio\\\/#organization\"},\"potentialAction\":[{\"@type\":\"SearchAction\",\"target\":{\"@type\":\"EntryPoint\",\"urlTemplate\":\"https:\\\/\\\/caru.org.uy\\\/nuevositio\\\/?s={search_term_string}\"},\"query-input\":{\"@type\":\"PropertyValueSpecification\",\"valueRequired\":true,\"valueName\":\"search_term_string\"}}],\"inLanguage\":\"es\"},{\"@type\":\"Organization\",\"@id\":\"https:\\\/\\\/caru.org.uy\\\/nuevositio\\\/#organization\",\"name\":\"C.A.R.U.\",\"url\":\"https:\\\/\\\/caru.org.uy\\\/nuevositio\\\/\",\"logo\":{\"@type\":\"ImageObject\",\"inLanguage\":\"es\",\"@id\":\"https:\\\/\\\/caru.org.uy\\\/nuevositio\\\/#\\\/schema\\\/logo\\\/image\\\/\",\"url\":\"https:\\\/\\\/caru.org.uy\\\/nuevositio\\\/wp-content\\\/uploads\\\/2023\\\/11\\\/logo-nuevo.jpg\",\"contentUrl\":\"https:\\\/\\\/caru.org.uy\\\/nuevositio\\\/wp-content\\\/uploads\\\/2023\\\/11\\\/logo-nuevo.jpg\",\"width\":1,\"height\":1,\"caption\":\"C.A.R.U.\"},\"image\":{\"@id\":\"https:\\\/\\\/caru.org.uy\\\/nuevositio\\\/#\\\/schema\\\/logo\\\/image\\\/\"}},{\"@type\":\"Person\",\"@id\":\"https:\\\/\\\/caru.org.uy\\\/nuevositio\\\/#\\\/schema\\\/person\\\/fba625b864836c52fe4d995c9dc2869d\",\"name\":\"Federico\",\"image\":{\"@type\":\"ImageObject\",\"inLanguage\":\"es\",\"@id\":\"https:\\\/\\\/secure.gravatar.com\\\/avatar\\\/542d68923246b6c29256d811c3ce7f803fe17d6a190c813a52ef45fcda4733ad?s=96&d=mm&r=g\",\"url\":\"https:\\\/\\\/secure.gravatar.com\\\/avatar\\\/542d68923246b6c29256d811c3ce7f803fe17d6a190c813a52ef45fcda4733ad?s=96&d=mm&r=g\",\"contentUrl\":\"https:\\\/\\\/secure.gravatar.com\\\/avatar\\\/542d68923246b6c29256d811c3ce7f803fe17d6a190c813a52ef45fcda4733ad?s=96&d=mm&r=g\",\"caption\":\"Federico\"},\"url\":\"https:\\\/\\\/caru.org.uy\\\/nuevositio\\\/author\\\/federico\\\/\"}]}<\/script>\n<!-- \/ Yoast SEO plugin. -->","yoast_head_json":{"title":"APARICI\u00d3N DE CARPAS ASI\u00c1TICAS EN EL R\u00cdO URUGUAY % C.A.R.U. imagen","robots":{"index":"index","follow":"follow","max-snippet":"max-snippet:-1","max-image-preview":"max-image-preview:large","max-video-preview":"max-video-preview:-1"},"canonical":"https:\/\/caru.org.uy\/nuevositio\/2025\/10\/08\/aparicion-de-carpas-asiaticas-en-el-rio-uruguay-octubre-2025\/","og_locale":"es_ES","og_type":"article","og_title":"APARICI\u00d3N DE CARPAS ASI\u00c1TICAS EN EL R\u00cdO URUGUAY % C.A.R.U. imagen","og_description":"Durante el presente a\u00f1o, se ha observado un aumento en la frecuencia de capturas dedos especies de carpas asi\u00e1ticas. Ambas, provienen de Asia oriental y han sido utilizadasen acuicultura en muchos pa\u00edses alrededor del mundo, incluyendo Argentina y Brasil.La carpa cabezona (Hypophthalmichthys nobilis), puede llegar a medir m\u00e1s de 1 m delongitud y a pesar [&hellip;]","og_url":"https:\/\/caru.org.uy\/nuevositio\/2025\/10\/08\/aparicion-de-carpas-asiaticas-en-el-rio-uruguay-octubre-2025\/","og_site_name":"C.A.R.U.","article_published_time":"2025-10-08T10:43:53+00:00","article_modified_time":"2025-10-08T13:01:31+00:00","og_image":[{"width":1124,"height":755,"url":"https:\/\/caru.org.uy\/nuevositio\/wp-content\/uploads\/2025\/10\/dsbodxs.png","type":"image\/png"}],"author":"Federico","twitter_card":"summary_large_image","twitter_misc":{"Escrito por":"Federico","Tiempo de lectura":"2 minutos"},"schema":{"@context":"https:\/\/schema.org","@graph":[{"@type":["Article","BlogPosting"],"@id":"https:\/\/caru.org.uy\/nuevositio\/2025\/10\/08\/aparicion-de-carpas-asiaticas-en-el-rio-uruguay-octubre-2025\/#article","isPartOf":{"@id":"https:\/\/caru.org.uy\/nuevositio\/2025\/10\/08\/aparicion-de-carpas-asiaticas-en-el-rio-uruguay-octubre-2025\/"},"author":{"name":"Federico","@id":"https:\/\/caru.org.uy\/nuevositio\/#\/schema\/person\/fba625b864836c52fe4d995c9dc2869d"},"headline":"APARICI\u00d3N DE CARPAS ASI\u00c1TICAS EN EL R\u00cdO URUGUAY","datePublished":"2025-10-08T10:43:53+00:00","dateModified":"2025-10-08T13:01:31+00:00","mainEntityOfPage":{"@id":"https:\/\/caru.org.uy\/nuevositio\/2025\/10\/08\/aparicion-de-carpas-asiaticas-en-el-rio-uruguay-octubre-2025\/"},"wordCount":347,"commentCount":0,"publisher":{"@id":"https:\/\/caru.org.uy\/nuevositio\/#organization"},"image":{"@id":"https:\/\/caru.org.uy\/nuevositio\/2025\/10\/08\/aparicion-de-carpas-asiaticas-en-el-rio-uruguay-octubre-2025\/#primaryimage"},"thumbnailUrl":"https:\/\/caru.org.uy\/nuevositio\/wp-content\/uploads\/2025\/10\/dsbodxs.png","articleSection":["Noticias"],"inLanguage":"es","potentialAction":[{"@type":"CommentAction","name":"Comment","target":["https:\/\/caru.org.uy\/nuevositio\/2025\/10\/08\/aparicion-de-carpas-asiaticas-en-el-rio-uruguay-octubre-2025\/#respond"]}]},{"@type":"WebPage","@id":"https:\/\/caru.org.uy\/nuevositio\/2025\/10\/08\/aparicion-de-carpas-asiaticas-en-el-rio-uruguay-octubre-2025\/","url":"https:\/\/caru.org.uy\/nuevositio\/2025\/10\/08\/aparicion-de-carpas-asiaticas-en-el-rio-uruguay-octubre-2025\/","name":"APARICI\u00d3N DE CARPAS ASI\u00c1TICAS EN EL R\u00cdO URUGUAY % C.A.R.U. imagen","isPartOf":{"@id":"https:\/\/caru.org.uy\/nuevositio\/#website"},"primaryImageOfPage":{"@id":"https:\/\/caru.org.uy\/nuevositio\/2025\/10\/08\/aparicion-de-carpas-asiaticas-en-el-rio-uruguay-octubre-2025\/#primaryimage"},"image":{"@id":"https:\/\/caru.org.uy\/nuevositio\/2025\/10\/08\/aparicion-de-carpas-asiaticas-en-el-rio-uruguay-octubre-2025\/#primaryimage"},"thumbnailUrl":"https:\/\/caru.org.uy\/nuevositio\/wp-content\/uploads\/2025\/10\/dsbodxs.png","datePublished":"2025-10-08T10:43:53+00:00","dateModified":"2025-10-08T13:01:31+00:00","breadcrumb":{"@id":"https:\/\/caru.org.uy\/nuevositio\/2025\/10\/08\/aparicion-de-carpas-asiaticas-en-el-rio-uruguay-octubre-2025\/#breadcrumb"},"inLanguage":"es","potentialAction":[{"@type":"ReadAction","target":["https:\/\/caru.org.uy\/nuevositio\/2025\/10\/08\/aparicion-de-carpas-asiaticas-en-el-rio-uruguay-octubre-2025\/"]}]},{"@type":"ImageObject","inLanguage":"es","@id":"https:\/\/caru.org.uy\/nuevositio\/2025\/10\/08\/aparicion-de-carpas-asiaticas-en-el-rio-uruguay-octubre-2025\/#primaryimage","url":"https:\/\/caru.org.uy\/nuevositio\/wp-content\/uploads\/2025\/10\/dsbodxs.png","contentUrl":"https:\/\/caru.org.uy\/nuevositio\/wp-content\/uploads\/2025\/10\/dsbodxs.png","width":1124,"height":755},{"@type":"BreadcrumbList","@id":"https:\/\/caru.org.uy\/nuevositio\/2025\/10\/08\/aparicion-de-carpas-asiaticas-en-el-rio-uruguay-octubre-2025\/#breadcrumb","itemListElement":[{"@type":"ListItem","position":1,"name":"Portada","item":"https:\/\/caru.org.uy\/nuevositio\/"},{"@type":"ListItem","position":2,"name":"APARICI\u00d3N DE CARPAS ASI\u00c1TICAS EN EL R\u00cdO URUGUAY"}]},{"@type":"WebSite","@id":"https:\/\/caru.org.uy\/nuevositio\/#website","url":"https:\/\/caru.org.uy\/nuevositio\/","name":"C.A.R.U.","description":"Comisi\u00f3n Administradora del R\u00edo Uruguay","publisher":{"@id":"https:\/\/caru.org.uy\/nuevositio\/#organization"},"potentialAction":[{"@type":"SearchAction","target":{"@type":"EntryPoint","urlTemplate":"https:\/\/caru.org.uy\/nuevositio\/?s={search_term_string}"},"query-input":{"@type":"PropertyValueSpecification","valueRequired":true,"valueName":"search_term_string"}}],"inLanguage":"es"},{"@type":"Organization","@id":"https:\/\/caru.org.uy\/nuevositio\/#organization","name":"C.A.R.U.","url":"https:\/\/caru.org.uy\/nuevositio\/","logo":{"@type":"ImageObject","inLanguage":"es","@id":"https:\/\/caru.org.uy\/nuevositio\/#\/schema\/logo\/image\/","url":"https:\/\/caru.org.uy\/nuevositio\/wp-content\/uploads\/2023\/11\/logo-nuevo.jpg","contentUrl":"https:\/\/caru.org.uy\/nuevositio\/wp-content\/uploads\/2023\/11\/logo-nuevo.jpg","width":1,"height":1,"caption":"C.A.R.U."},"image":{"@id":"https:\/\/caru.org.uy\/nuevositio\/#\/schema\/logo\/image\/"}},{"@type":"Person","@id":"https:\/\/caru.org.uy\/nuevositio\/#\/schema\/person\/fba625b864836c52fe4d995c9dc2869d","name":"Federico","image":{"@type":"ImageObject","inLanguage":"es","@id":"https:\/\/secure.gravatar.com\/avatar\/542d68923246b6c29256d811c3ce7f803fe17d6a190c813a52ef45fcda4733ad?s=96&d=mm&r=g","url":"https:\/\/secure.gravatar.com\/avatar\/542d68923246b6c29256d811c3ce7f803fe17d6a190c813a52ef45fcda4733ad?s=96&d=mm&r=g","contentUrl":"https:\/\/secure.gravatar.com\/avatar\/542d68923246b6c29256d811c3ce7f803fe17d6a190c813a52ef45fcda4733ad?s=96&d=mm&r=g","caption":"Federico"},"url":"https:\/\/caru.org.uy\/nuevositio\/author\/federico\/"}]}},"_links":{"self":[{"href":"https:\/\/caru.org.uy\/nuevositio\/wp-json\/wp\/v2\/posts\/11596","targetHints":{"allow":["GET"]}}],"collection":[{"href":"https:\/\/caru.org.uy\/nuevositio\/wp-json\/wp\/v2\/posts"}],"about":[{"href":"https:\/\/caru.org.uy\/nuevositio\/wp-json\/wp\/v2\/types\/post"}],"author":[{"embeddable":true,"href":"https:\/\/caru.org.uy\/nuevositio\/wp-json\/wp\/v2\/users\/12"}],"replies":[{"embeddable":true,"href":"https:\/\/caru.org.uy\/nuevositio\/wp-json\/wp\/v2\/comments?post=11596"}],"version-history":[{"count":4,"href":"https:\/\/caru.org.uy\/nuevositio\/wp-json\/wp\/v2\/posts\/11596\/revisions"}],"predecessor-version":[{"id":11610,"href":"https:\/\/caru.org.uy\/nuevositio\/wp-json\/wp\/v2\/posts\/11596\/revisions\/11610"}],"wp:featuredmedia":[{"embeddable":true,"href":"https:\/\/caru.org.uy\/nuevositio\/wp-json\/wp\/v2\/media\/11601"}],"wp:attachment":[{"href":"https:\/\/caru.org.uy\/nuevositio\/wp-json\/wp\/v2\/media?parent=11596"}],"wp:term":[{"taxonomy":"category","embeddable":true,"href":"https:\/\/caru.org.uy\/nuevositio\/wp-json\/wp\/v2\/categories?post=11596"},{"taxonomy":"post_tag","embeddable":true,"href":"https:\/\/caru.org.uy\/nuevositio\/wp-json\/wp\/v2\/tags?post=11596"}],"curies":[{"name":"wp","href":"https:\/\/api.w.org\/{rel}","templated":true}]}}