{"id":11611,"date":"2025-10-08T10:37:41","date_gmt":"2025-10-08T13:37:41","guid":{"rendered":"https:\/\/caru.org.uy\/nuevositio\/?p=11611"},"modified":"2025-10-08T11:34:35","modified_gmt":"2025-10-08T14:34:35","slug":"la-caru-participo-del-2-foro-fluvial-sudamericano-en-asuncion","status":"publish","type":"post","link":"https:\/\/caru.org.uy\/nuevositio\/2025\/10\/08\/la-caru-participo-del-2-foro-fluvial-sudamericano-en-asuncion\/","title":{"rendered":"La CARU particip\u00f3 del 2\u00b0 Foro Fluvial Sudamericano en Asunci\u00f3n \u00a0"},"content":{"rendered":"\n<p><strong> &nbsp;<\/strong><\/p>\n\n\n\n<figure class=\"wp-block-image size-full is-resized\"><img fetchpriority=\"high\" decoding=\"async\" width=\"992\" height=\"348\" src=\"https:\/\/caru.org.uy\/nuevositio\/wp-content\/uploads\/2025\/10\/upscalemedia-transformed-1-2.png\" alt=\"\" class=\"wp-image-11620\" style=\"width:1130px;height:auto\" srcset=\"https:\/\/caru.org.uy\/nuevositio\/wp-content\/uploads\/2025\/10\/upscalemedia-transformed-1-2.png 992w, https:\/\/caru.org.uy\/nuevositio\/wp-content\/uploads\/2025\/10\/upscalemedia-transformed-1-2-300x105.png 300w, https:\/\/caru.org.uy\/nuevositio\/wp-content\/uploads\/2025\/10\/upscalemedia-transformed-1-2-768x269.png 768w\" sizes=\"(max-width: 992px) 100vw, 992px\" \/><\/figure>\n\n\n\n<p class=\"has-medium-font-size\">Durante los d\u00edas 6 y 7 de octubre se desarroll\u00f3 en Asunci\u00f3n, Paraguay, el 2\u00b0 Foro Fluvial Sudamericano. Una delegaci\u00f3n de la CARU estuvo en el encuentro.<\/p>\n\n\n\n<p class=\"has-medium-font-size\">Este acontecimiento, fue impulsado por el Instituto de Desarrollo Regional (IDR) y la CAF -Banco de Desarrollo de Am\u00e9rica Latina y el Caribe- que brind\u00f3 una plataforma para el intercambio de experiencias, conocimientos y propuestas innovadoras en el \u00e1mbito hidroviario.<\/p>\n\n\n\n<p class=\"has-medium-font-size\">En representaci\u00f3n de la Comisi\u00f3n Administradora del R\u00edo Uruguay (CARU) estuvo presente el presidente del organismo binacional, Ra\u00fal Montero y la vicepresidente Cecilia Bottino. La comitiva tambi\u00e9n estuvo integrada por el secretario t\u00e9cnico delegaci\u00f3n Argentina Gabriel Morano, la delegadas Mar\u00eda Laura Ojeda y la delegada uruguaya Mar\u00eda Cecilia Otegui.<\/p>\n\n\n\n<p class=\"has-medium-font-size\">Montero particip\u00f3 como orador durante la ma\u00f1ana del martes, en el coloquio que abord\u00f3 los proyectos de \u201cintegraci\u00f3n regional; agenda para su priorizaci\u00f3n y estado de avance\u201d.<\/p>\n\n\n\n<p class=\"has-medium-font-size\">Junto a Montero participaron, Teresa Salatino secretaria General de la Comisi\u00f3n Mixta Argentino Paraguaya del R\u00edo Paran\u00e1 (COMIP) y Mar\u00eda Fernanda Fabre &#8211; Presidenta de la Comisi\u00f3n Administradora del R\u00edo de la Plata (CARP).<\/p>\n\n\n\n<p class=\"has-medium-font-size\">El R\u00edo Uruguay posee 1.800 Km de longitud desde \u201cSierra do Mar\u201d con el 32% ocupado por el tramo superior del territorio en Brasil y el 38% tramo medio que marca el l\u00edmite entre Argentina y Brasil.&nbsp;<\/p>\n\n\n\n<p class=\"has-medium-font-size\">Los \u00faltimos 498 km desde Monte Caseros-Bella Uni\u00f3n hasta la desembocadura en Punta Gorda, el 30% del tramo inferior conforma el l\u00edmite entre Argentina y Uruguay y es el \u00e1mbito jurisdiccional de la CARU. Entre los pueblos que prosperan en ambas m\u00e1rgenes, en toda su zona de influencia, viven un mill\u00f3n de personas.<\/p>\n\n\n\n<p class=\"has-medium-font-size\"><\/p>\n","protected":false},"excerpt":{"rendered":"<p>&nbsp; Durante los d\u00edas 6 y 7 de octubre se desarroll\u00f3 en Asunci\u00f3n, Paraguay, el 2\u00b0 Foro Fluvial Sudamericano. Una delegaci\u00f3n de la CARU estuvo en el encuentro. Este acontecimiento, fue impulsado por el Instituto de Desarrollo Regional (IDR) y la CAF -Banco de Desarrollo de Am\u00e9rica Latina y el Caribe- que brind\u00f3 una plataforma [&hellip;]<\/p>\n","protected":false},"author":12,"featured_media":11612,"comment_status":"open","ping_status":"open","sticky":false,"template":"","format":"standard","meta":{"_acf_changed":false,"_joinchat":[],"footnotes":""},"categories":[40],"tags":[43,58],"class_list":["post-11611","post","type-post","status-publish","format-standard","has-post-thumbnail","hentry","category-destacada","tag-caru","tag-caru-foro-fluvial"],"acf":[],"yoast_head":"<!-- This site is optimized with the Yoast SEO plugin v27.3 - https:\/\/yoast.com\/product\/yoast-seo-wordpress\/ -->\n<title>La CARU particip\u00f3 del 2\u00b0 Foro Fluvial Sudamericano en Asunci\u00f3n \u00a0 % C.A.R.U. imagen<\/title>\n<meta name=\"robots\" content=\"index, follow, max-snippet:-1, max-image-preview:large, max-video-preview:-1\" \/>\n<link rel=\"canonical\" href=\"https:\/\/caru.org.uy\/nuevositio\/2025\/10\/08\/la-caru-participo-del-2-foro-fluvial-sudamericano-en-asuncion\/\" \/>\n<meta property=\"og:locale\" content=\"es_ES\" \/>\n<meta property=\"og:type\" content=\"article\" \/>\n<meta property=\"og:title\" content=\"La CARU particip\u00f3 del 2\u00b0 Foro Fluvial Sudamericano en Asunci\u00f3n \u00a0 % C.A.R.U. imagen\" \/>\n<meta property=\"og:description\" content=\"&nbsp; Durante los d\u00edas 6 y 7 de octubre se desarroll\u00f3 en Asunci\u00f3n, Paraguay, el 2\u00b0 Foro Fluvial Sudamericano. Una delegaci\u00f3n de la CARU estuvo en el encuentro. Este acontecimiento, fue impulsado por el Instituto de Desarrollo Regional (IDR) y la CAF -Banco de Desarrollo de Am\u00e9rica Latina y el Caribe- que brind\u00f3 una plataforma [&hellip;]\" \/>\n<meta property=\"og:url\" content=\"https:\/\/caru.org.uy\/nuevositio\/2025\/10\/08\/la-caru-participo-del-2-foro-fluvial-sudamericano-en-asuncion\/\" \/>\n<meta property=\"og:site_name\" content=\"C.A.R.U.\" \/>\n<meta property=\"article:published_time\" content=\"2025-10-08T13:37:41+00:00\" \/>\n<meta property=\"article:modified_time\" content=\"2025-10-08T14:34:35+00:00\" \/>\n<meta property=\"og:image\" content=\"https:\/\/caru.org.uy\/nuevositio\/wp-content\/uploads\/2025\/10\/a36eec18-373b-42eb-82a8-dddc608a7333-e1759930211187.jpg\" \/>\n\t<meta property=\"og:image:width\" content=\"719\" \/>\n\t<meta property=\"og:image:height\" content=\"591\" \/>\n\t<meta property=\"og:image:type\" content=\"image\/jpeg\" \/>\n<meta name=\"author\" content=\"Federico\" \/>\n<meta name=\"twitter:card\" content=\"summary_large_image\" \/>\n<meta name=\"twitter:label1\" content=\"Escrito por\" \/>\n\t<meta name=\"twitter:data1\" content=\"Federico\" \/>\n\t<meta name=\"twitter:label2\" content=\"Tiempo de lectura\" \/>\n\t<meta name=\"twitter:data2\" content=\"2 minutos\" \/>\n<script type=\"application\/ld+json\" class=\"yoast-schema-graph\">{\"@context\":\"https:\\\/\\\/schema.org\",\"@graph\":[{\"@type\":[\"Article\",\"BlogPosting\"],\"@id\":\"https:\\\/\\\/caru.org.uy\\\/nuevositio\\\/2025\\\/10\\\/08\\\/la-caru-participo-del-2-foro-fluvial-sudamericano-en-asuncion\\\/#article\",\"isPartOf\":{\"@id\":\"https:\\\/\\\/caru.org.uy\\\/nuevositio\\\/2025\\\/10\\\/08\\\/la-caru-participo-del-2-foro-fluvial-sudamericano-en-asuncion\\\/\"},\"author\":{\"name\":\"Federico\",\"@id\":\"https:\\\/\\\/caru.org.uy\\\/nuevositio\\\/#\\\/schema\\\/person\\\/fba625b864836c52fe4d995c9dc2869d\"},\"headline\":\"La CARU particip\u00f3 del 2\u00b0 Foro Fluvial Sudamericano en Asunci\u00f3n \u00a0\",\"datePublished\":\"2025-10-08T13:37:41+00:00\",\"dateModified\":\"2025-10-08T14:34:35+00:00\",\"mainEntityOfPage\":{\"@id\":\"https:\\\/\\\/caru.org.uy\\\/nuevositio\\\/2025\\\/10\\\/08\\\/la-caru-participo-del-2-foro-fluvial-sudamericano-en-asuncion\\\/\"},\"wordCount\":298,\"commentCount\":0,\"publisher\":{\"@id\":\"https:\\\/\\\/caru.org.uy\\\/nuevositio\\\/#organization\"},\"image\":{\"@id\":\"https:\\\/\\\/caru.org.uy\\\/nuevositio\\\/2025\\\/10\\\/08\\\/la-caru-participo-del-2-foro-fluvial-sudamericano-en-asuncion\\\/#primaryimage\"},\"thumbnailUrl\":\"https:\\\/\\\/caru.org.uy\\\/nuevositio\\\/wp-content\\\/uploads\\\/2025\\\/10\\\/a36eec18-373b-42eb-82a8-dddc608a7333-e1759930211187.jpg\",\"keywords\":[\"caru\",\"caru foro fluvial\"],\"articleSection\":[\"Destacada\"],\"inLanguage\":\"es\",\"potentialAction\":[{\"@type\":\"CommentAction\",\"name\":\"Comment\",\"target\":[\"https:\\\/\\\/caru.org.uy\\\/nuevositio\\\/2025\\\/10\\\/08\\\/la-caru-participo-del-2-foro-fluvial-sudamericano-en-asuncion\\\/#respond\"]}]},{\"@type\":\"WebPage\",\"@id\":\"https:\\\/\\\/caru.org.uy\\\/nuevositio\\\/2025\\\/10\\\/08\\\/la-caru-participo-del-2-foro-fluvial-sudamericano-en-asuncion\\\/\",\"url\":\"https:\\\/\\\/caru.org.uy\\\/nuevositio\\\/2025\\\/10\\\/08\\\/la-caru-participo-del-2-foro-fluvial-sudamericano-en-asuncion\\\/\",\"name\":\"La CARU particip\u00f3 del 2\u00b0 Foro Fluvial Sudamericano en Asunci\u00f3n \u00a0 % C.A.R.U. imagen\",\"isPartOf\":{\"@id\":\"https:\\\/\\\/caru.org.uy\\\/nuevositio\\\/#website\"},\"primaryImageOfPage\":{\"@id\":\"https:\\\/\\\/caru.org.uy\\\/nuevositio\\\/2025\\\/10\\\/08\\\/la-caru-participo-del-2-foro-fluvial-sudamericano-en-asuncion\\\/#primaryimage\"},\"image\":{\"@id\":\"https:\\\/\\\/caru.org.uy\\\/nuevositio\\\/2025\\\/10\\\/08\\\/la-caru-participo-del-2-foro-fluvial-sudamericano-en-asuncion\\\/#primaryimage\"},\"thumbnailUrl\":\"https:\\\/\\\/caru.org.uy\\\/nuevositio\\\/wp-content\\\/uploads\\\/2025\\\/10\\\/a36eec18-373b-42eb-82a8-dddc608a7333-e1759930211187.jpg\",\"datePublished\":\"2025-10-08T13:37:41+00:00\",\"dateModified\":\"2025-10-08T14:34:35+00:00\",\"breadcrumb\":{\"@id\":\"https:\\\/\\\/caru.org.uy\\\/nuevositio\\\/2025\\\/10\\\/08\\\/la-caru-participo-del-2-foro-fluvial-sudamericano-en-asuncion\\\/#breadcrumb\"},\"inLanguage\":\"es\",\"potentialAction\":[{\"@type\":\"ReadAction\",\"target\":[\"https:\\\/\\\/caru.org.uy\\\/nuevositio\\\/2025\\\/10\\\/08\\\/la-caru-participo-del-2-foro-fluvial-sudamericano-en-asuncion\\\/\"]}]},{\"@type\":\"ImageObject\",\"inLanguage\":\"es\",\"@id\":\"https:\\\/\\\/caru.org.uy\\\/nuevositio\\\/2025\\\/10\\\/08\\\/la-caru-participo-del-2-foro-fluvial-sudamericano-en-asuncion\\\/#primaryimage\",\"url\":\"https:\\\/\\\/caru.org.uy\\\/nuevositio\\\/wp-content\\\/uploads\\\/2025\\\/10\\\/a36eec18-373b-42eb-82a8-dddc608a7333-e1759930211187.jpg\",\"contentUrl\":\"https:\\\/\\\/caru.org.uy\\\/nuevositio\\\/wp-content\\\/uploads\\\/2025\\\/10\\\/a36eec18-373b-42eb-82a8-dddc608a7333-e1759930211187.jpg\",\"width\":719,\"height\":591},{\"@type\":\"BreadcrumbList\",\"@id\":\"https:\\\/\\\/caru.org.uy\\\/nuevositio\\\/2025\\\/10\\\/08\\\/la-caru-participo-del-2-foro-fluvial-sudamericano-en-asuncion\\\/#breadcrumb\",\"itemListElement\":[{\"@type\":\"ListItem\",\"position\":1,\"name\":\"Portada\",\"item\":\"https:\\\/\\\/caru.org.uy\\\/nuevositio\\\/\"},{\"@type\":\"ListItem\",\"position\":2,\"name\":\"La CARU particip\u00f3 del 2\u00b0 Foro Fluvial Sudamericano en Asunci\u00f3n \u00a0\"}]},{\"@type\":\"WebSite\",\"@id\":\"https:\\\/\\\/caru.org.uy\\\/nuevositio\\\/#website\",\"url\":\"https:\\\/\\\/caru.org.uy\\\/nuevositio\\\/\",\"name\":\"C.A.R.U.\",\"description\":\"Comisi\u00f3n Administradora del R\u00edo Uruguay\",\"publisher\":{\"@id\":\"https:\\\/\\\/caru.org.uy\\\/nuevositio\\\/#organization\"},\"potentialAction\":[{\"@type\":\"SearchAction\",\"target\":{\"@type\":\"EntryPoint\",\"urlTemplate\":\"https:\\\/\\\/caru.org.uy\\\/nuevositio\\\/?s={search_term_string}\"},\"query-input\":{\"@type\":\"PropertyValueSpecification\",\"valueRequired\":true,\"valueName\":\"search_term_string\"}}],\"inLanguage\":\"es\"},{\"@type\":\"Organization\",\"@id\":\"https:\\\/\\\/caru.org.uy\\\/nuevositio\\\/#organization\",\"name\":\"C.A.R.U.\",\"url\":\"https:\\\/\\\/caru.org.uy\\\/nuevositio\\\/\",\"logo\":{\"@type\":\"ImageObject\",\"inLanguage\":\"es\",\"@id\":\"https:\\\/\\\/caru.org.uy\\\/nuevositio\\\/#\\\/schema\\\/logo\\\/image\\\/\",\"url\":\"https:\\\/\\\/caru.org.uy\\\/nuevositio\\\/wp-content\\\/uploads\\\/2023\\\/11\\\/logo-nuevo.jpg\",\"contentUrl\":\"https:\\\/\\\/caru.org.uy\\\/nuevositio\\\/wp-content\\\/uploads\\\/2023\\\/11\\\/logo-nuevo.jpg\",\"width\":1,\"height\":1,\"caption\":\"C.A.R.U.\"},\"image\":{\"@id\":\"https:\\\/\\\/caru.org.uy\\\/nuevositio\\\/#\\\/schema\\\/logo\\\/image\\\/\"}},{\"@type\":\"Person\",\"@id\":\"https:\\\/\\\/caru.org.uy\\\/nuevositio\\\/#\\\/schema\\\/person\\\/fba625b864836c52fe4d995c9dc2869d\",\"name\":\"Federico\",\"image\":{\"@type\":\"ImageObject\",\"inLanguage\":\"es\",\"@id\":\"https:\\\/\\\/secure.gravatar.com\\\/avatar\\\/542d68923246b6c29256d811c3ce7f803fe17d6a190c813a52ef45fcda4733ad?s=96&d=mm&r=g\",\"url\":\"https:\\\/\\\/secure.gravatar.com\\\/avatar\\\/542d68923246b6c29256d811c3ce7f803fe17d6a190c813a52ef45fcda4733ad?s=96&d=mm&r=g\",\"contentUrl\":\"https:\\\/\\\/secure.gravatar.com\\\/avatar\\\/542d68923246b6c29256d811c3ce7f803fe17d6a190c813a52ef45fcda4733ad?s=96&d=mm&r=g\",\"caption\":\"Federico\"},\"url\":\"https:\\\/\\\/caru.org.uy\\\/nuevositio\\\/author\\\/federico\\\/\"}]}<\/script>\n<!-- \/ Yoast SEO plugin. -->","yoast_head_json":{"title":"La CARU particip\u00f3 del 2\u00b0 Foro Fluvial Sudamericano en Asunci\u00f3n \u00a0 % C.A.R.U. imagen","robots":{"index":"index","follow":"follow","max-snippet":"max-snippet:-1","max-image-preview":"max-image-preview:large","max-video-preview":"max-video-preview:-1"},"canonical":"https:\/\/caru.org.uy\/nuevositio\/2025\/10\/08\/la-caru-participo-del-2-foro-fluvial-sudamericano-en-asuncion\/","og_locale":"es_ES","og_type":"article","og_title":"La CARU particip\u00f3 del 2\u00b0 Foro Fluvial Sudamericano en Asunci\u00f3n \u00a0 % C.A.R.U. imagen","og_description":"&nbsp; Durante los d\u00edas 6 y 7 de octubre se desarroll\u00f3 en Asunci\u00f3n, Paraguay, el 2\u00b0 Foro Fluvial Sudamericano. Una delegaci\u00f3n de la CARU estuvo en el encuentro. Este acontecimiento, fue impulsado por el Instituto de Desarrollo Regional (IDR) y la CAF -Banco de Desarrollo de Am\u00e9rica Latina y el Caribe- que brind\u00f3 una plataforma [&hellip;]","og_url":"https:\/\/caru.org.uy\/nuevositio\/2025\/10\/08\/la-caru-participo-del-2-foro-fluvial-sudamericano-en-asuncion\/","og_site_name":"C.A.R.U.","article_published_time":"2025-10-08T13:37:41+00:00","article_modified_time":"2025-10-08T14:34:35+00:00","og_image":[{"width":719,"height":591,"url":"https:\/\/caru.org.uy\/nuevositio\/wp-content\/uploads\/2025\/10\/a36eec18-373b-42eb-82a8-dddc608a7333-e1759930211187.jpg","type":"image\/jpeg"}],"author":"Federico","twitter_card":"summary_large_image","twitter_misc":{"Escrito por":"Federico","Tiempo de lectura":"2 minutos"},"schema":{"@context":"https:\/\/schema.org","@graph":[{"@type":["Article","BlogPosting"],"@id":"https:\/\/caru.org.uy\/nuevositio\/2025\/10\/08\/la-caru-participo-del-2-foro-fluvial-sudamericano-en-asuncion\/#article","isPartOf":{"@id":"https:\/\/caru.org.uy\/nuevositio\/2025\/10\/08\/la-caru-participo-del-2-foro-fluvial-sudamericano-en-asuncion\/"},"author":{"name":"Federico","@id":"https:\/\/caru.org.uy\/nuevositio\/#\/schema\/person\/fba625b864836c52fe4d995c9dc2869d"},"headline":"La CARU particip\u00f3 del 2\u00b0 Foro Fluvial Sudamericano en Asunci\u00f3n \u00a0","datePublished":"2025-10-08T13:37:41+00:00","dateModified":"2025-10-08T14:34:35+00:00","mainEntityOfPage":{"@id":"https:\/\/caru.org.uy\/nuevositio\/2025\/10\/08\/la-caru-participo-del-2-foro-fluvial-sudamericano-en-asuncion\/"},"wordCount":298,"commentCount":0,"publisher":{"@id":"https:\/\/caru.org.uy\/nuevositio\/#organization"},"image":{"@id":"https:\/\/caru.org.uy\/nuevositio\/2025\/10\/08\/la-caru-participo-del-2-foro-fluvial-sudamericano-en-asuncion\/#primaryimage"},"thumbnailUrl":"https:\/\/caru.org.uy\/nuevositio\/wp-content\/uploads\/2025\/10\/a36eec18-373b-42eb-82a8-dddc608a7333-e1759930211187.jpg","keywords":["caru","caru foro fluvial"],"articleSection":["Destacada"],"inLanguage":"es","potentialAction":[{"@type":"CommentAction","name":"Comment","target":["https:\/\/caru.org.uy\/nuevositio\/2025\/10\/08\/la-caru-participo-del-2-foro-fluvial-sudamericano-en-asuncion\/#respond"]}]},{"@type":"WebPage","@id":"https:\/\/caru.org.uy\/nuevositio\/2025\/10\/08\/la-caru-participo-del-2-foro-fluvial-sudamericano-en-asuncion\/","url":"https:\/\/caru.org.uy\/nuevositio\/2025\/10\/08\/la-caru-participo-del-2-foro-fluvial-sudamericano-en-asuncion\/","name":"La CARU particip\u00f3 del 2\u00b0 Foro Fluvial Sudamericano en Asunci\u00f3n \u00a0 % C.A.R.U. imagen","isPartOf":{"@id":"https:\/\/caru.org.uy\/nuevositio\/#website"},"primaryImageOfPage":{"@id":"https:\/\/caru.org.uy\/nuevositio\/2025\/10\/08\/la-caru-participo-del-2-foro-fluvial-sudamericano-en-asuncion\/#primaryimage"},"image":{"@id":"https:\/\/caru.org.uy\/nuevositio\/2025\/10\/08\/la-caru-participo-del-2-foro-fluvial-sudamericano-en-asuncion\/#primaryimage"},"thumbnailUrl":"https:\/\/caru.org.uy\/nuevositio\/wp-content\/uploads\/2025\/10\/a36eec18-373b-42eb-82a8-dddc608a7333-e1759930211187.jpg","datePublished":"2025-10-08T13:37:41+00:00","dateModified":"2025-10-08T14:34:35+00:00","breadcrumb":{"@id":"https:\/\/caru.org.uy\/nuevositio\/2025\/10\/08\/la-caru-participo-del-2-foro-fluvial-sudamericano-en-asuncion\/#breadcrumb"},"inLanguage":"es","potentialAction":[{"@type":"ReadAction","target":["https:\/\/caru.org.uy\/nuevositio\/2025\/10\/08\/la-caru-participo-del-2-foro-fluvial-sudamericano-en-asuncion\/"]}]},{"@type":"ImageObject","inLanguage":"es","@id":"https:\/\/caru.org.uy\/nuevositio\/2025\/10\/08\/la-caru-participo-del-2-foro-fluvial-sudamericano-en-asuncion\/#primaryimage","url":"https:\/\/caru.org.uy\/nuevositio\/wp-content\/uploads\/2025\/10\/a36eec18-373b-42eb-82a8-dddc608a7333-e1759930211187.jpg","contentUrl":"https:\/\/caru.org.uy\/nuevositio\/wp-content\/uploads\/2025\/10\/a36eec18-373b-42eb-82a8-dddc608a7333-e1759930211187.jpg","width":719,"height":591},{"@type":"BreadcrumbList","@id":"https:\/\/caru.org.uy\/nuevositio\/2025\/10\/08\/la-caru-participo-del-2-foro-fluvial-sudamericano-en-asuncion\/#breadcrumb","itemListElement":[{"@type":"ListItem","position":1,"name":"Portada","item":"https:\/\/caru.org.uy\/nuevositio\/"},{"@type":"ListItem","position":2,"name":"La CARU particip\u00f3 del 2\u00b0 Foro Fluvial Sudamericano en Asunci\u00f3n \u00a0"}]},{"@type":"WebSite","@id":"https:\/\/caru.org.uy\/nuevositio\/#website","url":"https:\/\/caru.org.uy\/nuevositio\/","name":"C.A.R.U.","description":"Comisi\u00f3n Administradora del R\u00edo Uruguay","publisher":{"@id":"https:\/\/caru.org.uy\/nuevositio\/#organization"},"potentialAction":[{"@type":"SearchAction","target":{"@type":"EntryPoint","urlTemplate":"https:\/\/caru.org.uy\/nuevositio\/?s={search_term_string}"},"query-input":{"@type":"PropertyValueSpecification","valueRequired":true,"valueName":"search_term_string"}}],"inLanguage":"es"},{"@type":"Organization","@id":"https:\/\/caru.org.uy\/nuevositio\/#organization","name":"C.A.R.U.","url":"https:\/\/caru.org.uy\/nuevositio\/","logo":{"@type":"ImageObject","inLanguage":"es","@id":"https:\/\/caru.org.uy\/nuevositio\/#\/schema\/logo\/image\/","url":"https:\/\/caru.org.uy\/nuevositio\/wp-content\/uploads\/2023\/11\/logo-nuevo.jpg","contentUrl":"https:\/\/caru.org.uy\/nuevositio\/wp-content\/uploads\/2023\/11\/logo-nuevo.jpg","width":1,"height":1,"caption":"C.A.R.U."},"image":{"@id":"https:\/\/caru.org.uy\/nuevositio\/#\/schema\/logo\/image\/"}},{"@type":"Person","@id":"https:\/\/caru.org.uy\/nuevositio\/#\/schema\/person\/fba625b864836c52fe4d995c9dc2869d","name":"Federico","image":{"@type":"ImageObject","inLanguage":"es","@id":"https:\/\/secure.gravatar.com\/avatar\/542d68923246b6c29256d811c3ce7f803fe17d6a190c813a52ef45fcda4733ad?s=96&d=mm&r=g","url":"https:\/\/secure.gravatar.com\/avatar\/542d68923246b6c29256d811c3ce7f803fe17d6a190c813a52ef45fcda4733ad?s=96&d=mm&r=g","contentUrl":"https:\/\/secure.gravatar.com\/avatar\/542d68923246b6c29256d811c3ce7f803fe17d6a190c813a52ef45fcda4733ad?s=96&d=mm&r=g","caption":"Federico"},"url":"https:\/\/caru.org.uy\/nuevositio\/author\/federico\/"}]}},"_links":{"self":[{"href":"https:\/\/caru.org.uy\/nuevositio\/wp-json\/wp\/v2\/posts\/11611","targetHints":{"allow":["GET"]}}],"collection":[{"href":"https:\/\/caru.org.uy\/nuevositio\/wp-json\/wp\/v2\/posts"}],"about":[{"href":"https:\/\/caru.org.uy\/nuevositio\/wp-json\/wp\/v2\/types\/post"}],"author":[{"embeddable":true,"href":"https:\/\/caru.org.uy\/nuevositio\/wp-json\/wp\/v2\/users\/12"}],"replies":[{"embeddable":true,"href":"https:\/\/caru.org.uy\/nuevositio\/wp-json\/wp\/v2\/comments?post=11611"}],"version-history":[{"count":5,"href":"https:\/\/caru.org.uy\/nuevositio\/wp-json\/wp\/v2\/posts\/11611\/revisions"}],"predecessor-version":[{"id":11657,"href":"https:\/\/caru.org.uy\/nuevositio\/wp-json\/wp\/v2\/posts\/11611\/revisions\/11657"}],"wp:featuredmedia":[{"embeddable":true,"href":"https:\/\/caru.org.uy\/nuevositio\/wp-json\/wp\/v2\/media\/11612"}],"wp:attachment":[{"href":"https:\/\/caru.org.uy\/nuevositio\/wp-json\/wp\/v2\/media?parent=11611"}],"wp:term":[{"taxonomy":"category","embeddable":true,"href":"https:\/\/caru.org.uy\/nuevositio\/wp-json\/wp\/v2\/categories?post=11611"},{"taxonomy":"post_tag","embeddable":true,"href":"https:\/\/caru.org.uy\/nuevositio\/wp-json\/wp\/v2\/tags?post=11611"}],"curies":[{"name":"wp","href":"https:\/\/api.w.org\/{rel}","templated":true}]}}