{"id":11906,"date":"2025-10-30T00:01:00","date_gmt":"2025-10-30T03:01:00","guid":{"rendered":"https:\/\/caru.org.uy\/nuevositio\/?p=11906"},"modified":"2025-11-04T09:59:29","modified_gmt":"2025-11-04T12:59:29","slug":"seleccion-de-personal-uruguayo-con-caracter-de-eventual-para-desempenar-tareas-de-colaborador-de-servicios-maestranza-en-ambos-puentes-administrados-por-la-caru","status":"publish","type":"post","link":"https:\/\/caru.org.uy\/nuevositio\/2025\/10\/30\/seleccion-de-personal-uruguayo-con-caracter-de-eventual-para-desempenar-tareas-de-colaborador-de-servicios-maestranza-en-ambos-puentes-administrados-por-la-caru\/","title":{"rendered":"Selecci\u00f3n de personal uruguayo con car\u00e1cter de eventual para desempe\u00f1ar tareas de Colaborador de Servicios (Maestranza) en ambos puentes administrados por la CARU."},"content":{"rendered":"\t\t<div data-elementor-type=\"wp-post\" data-elementor-id=\"11906\" class=\"elementor elementor-11906\" data-elementor-post-type=\"post\">\n\t\t\t\t\t\t<section class=\"elementor-section elementor-top-section elementor-element elementor-element-2c497b4 elementor-section-boxed elementor-section-height-default elementor-section-height-default\" data-id=\"2c497b4\" data-element_type=\"section\" data-e-type=\"section\" data-settings=\"{&quot;jet_parallax_layout_list&quot;:[]}\">\n\t\t\t\t\t\t<div class=\"elementor-container elementor-column-gap-default\">\n\t\t\t\t\t<div class=\"elementor-column elementor-col-100 elementor-top-column elementor-element elementor-element-bcda8c1\" data-id=\"bcda8c1\" data-element_type=\"column\" data-e-type=\"column\">\n\t\t\t<div class=\"elementor-widget-wrap elementor-element-populated\">\n\t\t\t\t\t\t<div class=\"elementor-element elementor-element-c3d471d elementor-widget elementor-widget-text-editor\" data-id=\"c3d471d\" data-element_type=\"widget\" data-e-type=\"widget\" data-widget_type=\"text-editor.default\">\n\t\t\t\t<div class=\"elementor-widget-container\">\n\t\t\t\t\t\t\t\t\t<p>La Comisi\u00f3n Administradora del R\u00edo Uruguay necesita reforzar su dotaci\u00f3n de Colaboradores de Servicios (Maestranza) en ambos puentes. A esos efectos se publica el presente llamado.<br \/>1. Se convoca a una (1) persona de nacionalidad uruguaya para desempe\u00f1arse en el Puente General Artigas (Paysand\u00fa).<br \/>2. Se convoca a una (1) persona de nacionalidad uruguaya para desempe\u00f1arse en el Puente Libertador General San Mart\u00edn (Fray Bentos).<br \/>El postulante deber\u00e1 cumplir funciones de Colaboradores de Servicios (Maestranza) en el puente que el mismo designe. El r\u00e9gimen de trabajo es de ocho (8) horas en el Puente General Artigas y de ocho (8) horas en el Puente Libertador General San Mart\u00edn.<br \/>La remuneraci\u00f3n es por jornal trabajado, la liquidaci\u00f3n y pago total de los jornales correspondientes al mes se efectivizar\u00e1n mensualmente.<br \/>El personal ser\u00e1 contratado de forma eventual pudiendo la Comisi\u00f3n dar por finalizada la relaci\u00f3n laboral por razones de servicio o de mal desempe\u00f1o.<br \/>El per\u00edodo m\u00e1ximo de cumplimiento de funciones ser\u00e1 entre el <strong>10 de noviembre de 2025 y el 30 de abril de 2026<\/strong>.<\/p><p>Los postulantes deber\u00e1n completar sus datos exclusivamente en el siguiente formulario web desde el d\u00eda <strong>jueves 30 de octubre hasta el martes 4 de noviembre de 2025 a las 10.00 horas<\/strong>. No se aceptar\u00e1n inscripciones que no sean por esta v\u00eda.<\/p>\t\t\t\t\t\t\t\t<\/div>\n\t\t\t\t<\/div>\n\t\t\t\t<div class=\"elementor-element elementor-element-2991b20 elementor-widget elementor-widget-text-editor\" data-id=\"2991b20\" data-element_type=\"widget\" data-e-type=\"widget\" data-widget_type=\"text-editor.default\">\n\t\t\t\t<div class=\"elementor-widget-container\">\n\t\t\t\t\t\t\t\t\t<p><a href=\"https:\/\/caru.org.uy\/nuevositio\/wp-content\/uploads\/2025\/10\/Base-llamado-N\u00b0-02-25-Colaborador-de-Servicios-Maestranza-2.pdf\" target=\"_blank\" rel=\"noopener\">PLIEGO DE BASES (aqu\u00ed)<\/a><\/p>\t\t\t\t\t\t\t\t<\/div>\n\t\t\t\t<\/div>\n\t\t\t\t<div class=\"elementor-element elementor-element-79f687b elementor-widget elementor-widget-text-editor\" data-id=\"79f687b\" data-element_type=\"widget\" data-e-type=\"widget\" data-widget_type=\"text-editor.default\">\n\t\t\t\t<div class=\"elementor-widget-container\">\n\t\t\t\t\t\t\t\t\t<p><a href=\"https:\/\/caru.org.uy\/nuevositio\/wp-content\/uploads\/2025\/10\/Descripcion-de-cargo-Maestranza.pdf\" target=\"_blank\" rel=\"noopener\">DESCRIPCI\u00d3N DEL CARGO (aqu\u00ed)<\/a><\/p>\t\t\t\t\t\t\t\t<\/div>\n\t\t\t\t<\/div>\n\t\t\t\t<div class=\"elementor-element elementor-element-593fd23 elementor-widget elementor-widget-text-editor\" data-id=\"593fd23\" data-element_type=\"widget\" data-e-type=\"widget\" data-widget_type=\"text-editor.default\">\n\t\t\t\t<div class=\"elementor-widget-container\">\n\t\t\t\t\t\t\t\t\t<div><strong><span style=\"color: #000000;\">Deben completarse todos los campos indicados con asterisco\u00a0<span style=\"color: #ff0000;\">*<\/span> y adjuntar toda la informaci\u00f3n solicitada ya que de lo contrario no se completa el formulario.\u00a0<\/span><\/strong><i><br \/><\/i><\/div><p><strong>\u00a0<\/strong><\/p>\t\t\t\t\t\t\t\t<\/div>\n\t\t\t\t<\/div>\n\t\t\t\t\t<\/div>\n\t\t<\/div>\n\t\t\t\t\t<\/div>\n\t\t<\/section>\n\t\t\t\t<section class=\"elementor-section elementor-top-section elementor-element elementor-element-0047bd7 elementor-section-boxed elementor-section-height-default elementor-section-height-default\" data-id=\"0047bd7\" data-element_type=\"section\" data-e-type=\"section\" data-settings=\"{&quot;jet_parallax_layout_list&quot;:[]}\">\n\t\t\t\t\t\t<div class=\"elementor-container elementor-column-gap-default\">\n\t\t\t\t\t<div class=\"elementor-column elementor-col-100 elementor-top-column elementor-element elementor-element-e2bddfe\" data-id=\"e2bddfe\" data-element_type=\"column\" data-e-type=\"column\">\n\t\t\t<div class=\"elementor-widget-wrap elementor-element-populated\">\n\t\t\t\t\t\t<div class=\"elementor-element elementor-element-5968c87 elementor-widget elementor-widget-heading\" data-id=\"5968c87\" data-element_type=\"widget\" data-e-type=\"widget\" data-widget_type=\"heading.default\">\n\t\t\t\t<div class=\"elementor-widget-container\">\n\t\t\t\t\t<h2 class=\"elementor-heading-title elementor-size-default\"><h2 data-elementor-setting-key=\"title\" data-pen-placeholder=\"Teclea aqu\u00ed...\" style=\"font-family: Montserrat, sans-serif;font-weight: 700;text-align: justify\">Las inscripciones cerraron. el sorteo se har\u00e1 v\u00eda youtube con escribano p\u00fablico, el d\u00eda 5\/11\/25. Publicaremos los resultados a trav\u00e9s de la web.<span style=\"text-align: left\"><\/span><\/h2><\/h2>\t\t\t\t<\/div>\n\t\t\t\t<\/div>\n\t\t\t\t\t<\/div>\n\t\t<\/div>\n\t\t\t\t\t<\/div>\n\t\t<\/section>\n\t\t\t\t<\/div>\n\t\t","protected":false},"excerpt":{"rendered":"<p>La Comisi\u00f3n Administradora del R\u00edo Uruguay necesita reforzar su dotaci\u00f3n de Colaboradores de Servicios (Maestranza) en ambos puentes. A esos efectos se publica el presente llamado.1. Se convoca a una (1) persona de nacionalidad uruguaya para desempe\u00f1arse en el Puente General Artigas (Paysand\u00fa).2. Se convoca a una (1) persona de nacionalidad uruguaya para desempe\u00f1arse en [&hellip;]<\/p>\n","protected":false},"author":6,"featured_media":8822,"comment_status":"open","ping_status":"open","sticky":false,"template":"","format":"standard","meta":{"_acf_changed":false,"_joinchat":[],"footnotes":""},"categories":[36,37],"tags":[],"class_list":["post-11906","post","type-post","status-publish","format-standard","has-post-thumbnail","hentry","category-concursos","category-noticias"],"acf":[],"yoast_head":"<!-- This site is optimized with the Yoast SEO plugin v27.3 - https:\/\/yoast.com\/product\/yoast-seo-wordpress\/ -->\n<title>Selecci\u00f3n de personal uruguayo con car\u00e1cter de eventual para desempe\u00f1ar tareas de Colaborador de Servicios (Maestranza) en ambos puentes administrados por la CARU. % C.A.R.U. imagen<\/title>\n<meta name=\"robots\" content=\"index, follow, max-snippet:-1, max-image-preview:large, max-video-preview:-1\" \/>\n<link rel=\"canonical\" href=\"https:\/\/caru.org.uy\/nuevositio\/2025\/10\/30\/seleccion-de-personal-uruguayo-con-caracter-de-eventual-para-desempenar-tareas-de-colaborador-de-servicios-maestranza-en-ambos-puentes-administrados-por-la-caru\/\" \/>\n<meta property=\"og:locale\" content=\"es_ES\" \/>\n<meta property=\"og:type\" content=\"article\" \/>\n<meta property=\"og:title\" content=\"Selecci\u00f3n de personal uruguayo con car\u00e1cter de eventual para desempe\u00f1ar tareas de Colaborador de Servicios (Maestranza) en ambos puentes administrados por la CARU. % C.A.R.U. imagen\" \/>\n<meta property=\"og:description\" content=\"La Comisi\u00f3n Administradora del R\u00edo Uruguay necesita reforzar su dotaci\u00f3n de Colaboradores de Servicios (Maestranza) en ambos puentes. A esos efectos se publica el presente llamado.1. Se convoca a una (1) persona de nacionalidad uruguaya para desempe\u00f1arse en el Puente General Artigas (Paysand\u00fa).2. Se convoca a una (1) persona de nacionalidad uruguaya para desempe\u00f1arse en [&hellip;]\" \/>\n<meta property=\"og:url\" content=\"https:\/\/caru.org.uy\/nuevositio\/2025\/10\/30\/seleccion-de-personal-uruguayo-con-caracter-de-eventual-para-desempenar-tareas-de-colaborador-de-servicios-maestranza-en-ambos-puentes-administrados-por-la-caru\/\" \/>\n<meta property=\"og:site_name\" content=\"C.A.R.U.\" \/>\n<meta property=\"article:published_time\" content=\"2025-10-30T03:01:00+00:00\" \/>\n<meta property=\"article:modified_time\" content=\"2025-11-04T12:59:29+00:00\" \/>\n<meta property=\"og:image\" content=\"https:\/\/caru.org.uy\/nuevositio\/wp-content\/uploads\/2023\/11\/formu-caru-e1701453267857.jpg\" \/>\n\t<meta property=\"og:image:width\" content=\"512\" \/>\n\t<meta property=\"og:image:height\" content=\"342\" \/>\n\t<meta property=\"og:image:type\" content=\"image\/jpeg\" \/>\n<meta name=\"author\" content=\"Esteban Cotarelo\" \/>\n<meta name=\"twitter:card\" content=\"summary_large_image\" \/>\n<meta name=\"twitter:label1\" content=\"Escrito por\" \/>\n\t<meta name=\"twitter:data1\" content=\"Esteban Cotarelo\" \/>\n\t<meta name=\"twitter:label2\" content=\"Tiempo de lectura\" \/>\n\t<meta name=\"twitter:data2\" content=\"2 minutos\" \/>\n<script type=\"application\/ld+json\" class=\"yoast-schema-graph\">{\"@context\":\"https:\\\/\\\/schema.org\",\"@graph\":[{\"@type\":[\"Article\",\"BlogPosting\"],\"@id\":\"https:\\\/\\\/caru.org.uy\\\/nuevositio\\\/2025\\\/10\\\/30\\\/seleccion-de-personal-uruguayo-con-caracter-de-eventual-para-desempenar-tareas-de-colaborador-de-servicios-maestranza-en-ambos-puentes-administrados-por-la-caru\\\/#article\",\"isPartOf\":{\"@id\":\"https:\\\/\\\/caru.org.uy\\\/nuevositio\\\/2025\\\/10\\\/30\\\/seleccion-de-personal-uruguayo-con-caracter-de-eventual-para-desempenar-tareas-de-colaborador-de-servicios-maestranza-en-ambos-puentes-administrados-por-la-caru\\\/\"},\"author\":{\"name\":\"Esteban Cotarelo\",\"@id\":\"https:\\\/\\\/caru.org.uy\\\/nuevositio\\\/#\\\/schema\\\/person\\\/722517fd4ff551a488633b540770a591\"},\"headline\":\"Selecci\u00f3n de personal uruguayo con car\u00e1cter de eventual para desempe\u00f1ar tareas de Colaborador de Servicios (Maestranza) en ambos puentes administrados por la CARU.\",\"datePublished\":\"2025-10-30T03:01:00+00:00\",\"dateModified\":\"2025-11-04T12:59:29+00:00\",\"mainEntityOfPage\":{\"@id\":\"https:\\\/\\\/caru.org.uy\\\/nuevositio\\\/2025\\\/10\\\/30\\\/seleccion-de-personal-uruguayo-con-caracter-de-eventual-para-desempenar-tareas-de-colaborador-de-servicios-maestranza-en-ambos-puentes-administrados-por-la-caru\\\/\"},\"wordCount\":307,\"commentCount\":0,\"publisher\":{\"@id\":\"https:\\\/\\\/caru.org.uy\\\/nuevositio\\\/#organization\"},\"image\":{\"@id\":\"https:\\\/\\\/caru.org.uy\\\/nuevositio\\\/2025\\\/10\\\/30\\\/seleccion-de-personal-uruguayo-con-caracter-de-eventual-para-desempenar-tareas-de-colaborador-de-servicios-maestranza-en-ambos-puentes-administrados-por-la-caru\\\/#primaryimage\"},\"thumbnailUrl\":\"https:\\\/\\\/caru.org.uy\\\/nuevositio\\\/wp-content\\\/uploads\\\/2023\\\/11\\\/formu-caru-e1701453267857.jpg\",\"articleSection\":[\"Concursos\",\"Noticias\"],\"inLanguage\":\"es\",\"potentialAction\":[{\"@type\":\"CommentAction\",\"name\":\"Comment\",\"target\":[\"https:\\\/\\\/caru.org.uy\\\/nuevositio\\\/2025\\\/10\\\/30\\\/seleccion-de-personal-uruguayo-con-caracter-de-eventual-para-desempenar-tareas-de-colaborador-de-servicios-maestranza-en-ambos-puentes-administrados-por-la-caru\\\/#respond\"]}]},{\"@type\":\"WebPage\",\"@id\":\"https:\\\/\\\/caru.org.uy\\\/nuevositio\\\/2025\\\/10\\\/30\\\/seleccion-de-personal-uruguayo-con-caracter-de-eventual-para-desempenar-tareas-de-colaborador-de-servicios-maestranza-en-ambos-puentes-administrados-por-la-caru\\\/\",\"url\":\"https:\\\/\\\/caru.org.uy\\\/nuevositio\\\/2025\\\/10\\\/30\\\/seleccion-de-personal-uruguayo-con-caracter-de-eventual-para-desempenar-tareas-de-colaborador-de-servicios-maestranza-en-ambos-puentes-administrados-por-la-caru\\\/\",\"name\":\"Selecci\u00f3n de personal uruguayo con car\u00e1cter de eventual para desempe\u00f1ar tareas de Colaborador de Servicios (Maestranza) en ambos puentes administrados por la CARU. % C.A.R.U. imagen\",\"isPartOf\":{\"@id\":\"https:\\\/\\\/caru.org.uy\\\/nuevositio\\\/#website\"},\"primaryImageOfPage\":{\"@id\":\"https:\\\/\\\/caru.org.uy\\\/nuevositio\\\/2025\\\/10\\\/30\\\/seleccion-de-personal-uruguayo-con-caracter-de-eventual-para-desempenar-tareas-de-colaborador-de-servicios-maestranza-en-ambos-puentes-administrados-por-la-caru\\\/#primaryimage\"},\"image\":{\"@id\":\"https:\\\/\\\/caru.org.uy\\\/nuevositio\\\/2025\\\/10\\\/30\\\/seleccion-de-personal-uruguayo-con-caracter-de-eventual-para-desempenar-tareas-de-colaborador-de-servicios-maestranza-en-ambos-puentes-administrados-por-la-caru\\\/#primaryimage\"},\"thumbnailUrl\":\"https:\\\/\\\/caru.org.uy\\\/nuevositio\\\/wp-content\\\/uploads\\\/2023\\\/11\\\/formu-caru-e1701453267857.jpg\",\"datePublished\":\"2025-10-30T03:01:00+00:00\",\"dateModified\":\"2025-11-04T12:59:29+00:00\",\"breadcrumb\":{\"@id\":\"https:\\\/\\\/caru.org.uy\\\/nuevositio\\\/2025\\\/10\\\/30\\\/seleccion-de-personal-uruguayo-con-caracter-de-eventual-para-desempenar-tareas-de-colaborador-de-servicios-maestranza-en-ambos-puentes-administrados-por-la-caru\\\/#breadcrumb\"},\"inLanguage\":\"es\",\"potentialAction\":[{\"@type\":\"ReadAction\",\"target\":[\"https:\\\/\\\/caru.org.uy\\\/nuevositio\\\/2025\\\/10\\\/30\\\/seleccion-de-personal-uruguayo-con-caracter-de-eventual-para-desempenar-tareas-de-colaborador-de-servicios-maestranza-en-ambos-puentes-administrados-por-la-caru\\\/\"]}]},{\"@type\":\"ImageObject\",\"inLanguage\":\"es\",\"@id\":\"https:\\\/\\\/caru.org.uy\\\/nuevositio\\\/2025\\\/10\\\/30\\\/seleccion-de-personal-uruguayo-con-caracter-de-eventual-para-desempenar-tareas-de-colaborador-de-servicios-maestranza-en-ambos-puentes-administrados-por-la-caru\\\/#primaryimage\",\"url\":\"https:\\\/\\\/caru.org.uy\\\/nuevositio\\\/wp-content\\\/uploads\\\/2023\\\/11\\\/formu-caru-e1701453267857.jpg\",\"contentUrl\":\"https:\\\/\\\/caru.org.uy\\\/nuevositio\\\/wp-content\\\/uploads\\\/2023\\\/11\\\/formu-caru-e1701453267857.jpg\",\"width\":512,\"height\":342},{\"@type\":\"BreadcrumbList\",\"@id\":\"https:\\\/\\\/caru.org.uy\\\/nuevositio\\\/2025\\\/10\\\/30\\\/seleccion-de-personal-uruguayo-con-caracter-de-eventual-para-desempenar-tareas-de-colaborador-de-servicios-maestranza-en-ambos-puentes-administrados-por-la-caru\\\/#breadcrumb\",\"itemListElement\":[{\"@type\":\"ListItem\",\"position\":1,\"name\":\"Portada\",\"item\":\"https:\\\/\\\/caru.org.uy\\\/nuevositio\\\/\"},{\"@type\":\"ListItem\",\"position\":2,\"name\":\"Selecci\u00f3n de personal uruguayo con car\u00e1cter de eventual para desempe\u00f1ar tareas de Colaborador de Servicios (Maestranza) en ambos puentes administrados por la CARU.\"}]},{\"@type\":\"WebSite\",\"@id\":\"https:\\\/\\\/caru.org.uy\\\/nuevositio\\\/#website\",\"url\":\"https:\\\/\\\/caru.org.uy\\\/nuevositio\\\/\",\"name\":\"C.A.R.U.\",\"description\":\"Comisi\u00f3n Administradora del R\u00edo Uruguay\",\"publisher\":{\"@id\":\"https:\\\/\\\/caru.org.uy\\\/nuevositio\\\/#organization\"},\"potentialAction\":[{\"@type\":\"SearchAction\",\"target\":{\"@type\":\"EntryPoint\",\"urlTemplate\":\"https:\\\/\\\/caru.org.uy\\\/nuevositio\\\/?s={search_term_string}\"},\"query-input\":{\"@type\":\"PropertyValueSpecification\",\"valueRequired\":true,\"valueName\":\"search_term_string\"}}],\"inLanguage\":\"es\"},{\"@type\":\"Organization\",\"@id\":\"https:\\\/\\\/caru.org.uy\\\/nuevositio\\\/#organization\",\"name\":\"C.A.R.U.\",\"url\":\"https:\\\/\\\/caru.org.uy\\\/nuevositio\\\/\",\"logo\":{\"@type\":\"ImageObject\",\"inLanguage\":\"es\",\"@id\":\"https:\\\/\\\/caru.org.uy\\\/nuevositio\\\/#\\\/schema\\\/logo\\\/image\\\/\",\"url\":\"https:\\\/\\\/caru.org.uy\\\/nuevositio\\\/wp-content\\\/uploads\\\/2023\\\/11\\\/logo-nuevo.jpg\",\"contentUrl\":\"https:\\\/\\\/caru.org.uy\\\/nuevositio\\\/wp-content\\\/uploads\\\/2023\\\/11\\\/logo-nuevo.jpg\",\"width\":1,\"height\":1,\"caption\":\"C.A.R.U.\"},\"image\":{\"@id\":\"https:\\\/\\\/caru.org.uy\\\/nuevositio\\\/#\\\/schema\\\/logo\\\/image\\\/\"}},{\"@type\":\"Person\",\"@id\":\"https:\\\/\\\/caru.org.uy\\\/nuevositio\\\/#\\\/schema\\\/person\\\/722517fd4ff551a488633b540770a591\",\"name\":\"Esteban Cotarelo\",\"image\":{\"@type\":\"ImageObject\",\"inLanguage\":\"es\",\"@id\":\"https:\\\/\\\/secure.gravatar.com\\\/avatar\\\/5bcd16345ee14a5a233310b97fdd8448dacdb3950af8f249132bd830ffb00095?s=96&d=mm&r=g\",\"url\":\"https:\\\/\\\/secure.gravatar.com\\\/avatar\\\/5bcd16345ee14a5a233310b97fdd8448dacdb3950af8f249132bd830ffb00095?s=96&d=mm&r=g\",\"contentUrl\":\"https:\\\/\\\/secure.gravatar.com\\\/avatar\\\/5bcd16345ee14a5a233310b97fdd8448dacdb3950af8f249132bd830ffb00095?s=96&d=mm&r=g\",\"caption\":\"Esteban Cotarelo\"},\"url\":\"https:\\\/\\\/caru.org.uy\\\/nuevositio\\\/author\\\/esteban\\\/\"}]}<\/script>\n<!-- \/ Yoast SEO plugin. -->","yoast_head_json":{"title":"Selecci\u00f3n de personal uruguayo con car\u00e1cter de eventual para desempe\u00f1ar tareas de Colaborador de Servicios (Maestranza) en ambos puentes administrados por la CARU. % C.A.R.U. imagen","robots":{"index":"index","follow":"follow","max-snippet":"max-snippet:-1","max-image-preview":"max-image-preview:large","max-video-preview":"max-video-preview:-1"},"canonical":"https:\/\/caru.org.uy\/nuevositio\/2025\/10\/30\/seleccion-de-personal-uruguayo-con-caracter-de-eventual-para-desempenar-tareas-de-colaborador-de-servicios-maestranza-en-ambos-puentes-administrados-por-la-caru\/","og_locale":"es_ES","og_type":"article","og_title":"Selecci\u00f3n de personal uruguayo con car\u00e1cter de eventual para desempe\u00f1ar tareas de Colaborador de Servicios (Maestranza) en ambos puentes administrados por la CARU. % C.A.R.U. imagen","og_description":"La Comisi\u00f3n Administradora del R\u00edo Uruguay necesita reforzar su dotaci\u00f3n de Colaboradores de Servicios (Maestranza) en ambos puentes. A esos efectos se publica el presente llamado.1. Se convoca a una (1) persona de nacionalidad uruguaya para desempe\u00f1arse en el Puente General Artigas (Paysand\u00fa).2. Se convoca a una (1) persona de nacionalidad uruguaya para desempe\u00f1arse en [&hellip;]","og_url":"https:\/\/caru.org.uy\/nuevositio\/2025\/10\/30\/seleccion-de-personal-uruguayo-con-caracter-de-eventual-para-desempenar-tareas-de-colaborador-de-servicios-maestranza-en-ambos-puentes-administrados-por-la-caru\/","og_site_name":"C.A.R.U.","article_published_time":"2025-10-30T03:01:00+00:00","article_modified_time":"2025-11-04T12:59:29+00:00","og_image":[{"width":512,"height":342,"url":"https:\/\/caru.org.uy\/nuevositio\/wp-content\/uploads\/2023\/11\/formu-caru-e1701453267857.jpg","type":"image\/jpeg"}],"author":"Esteban Cotarelo","twitter_card":"summary_large_image","twitter_misc":{"Escrito por":"Esteban Cotarelo","Tiempo de lectura":"2 minutos"},"schema":{"@context":"https:\/\/schema.org","@graph":[{"@type":["Article","BlogPosting"],"@id":"https:\/\/caru.org.uy\/nuevositio\/2025\/10\/30\/seleccion-de-personal-uruguayo-con-caracter-de-eventual-para-desempenar-tareas-de-colaborador-de-servicios-maestranza-en-ambos-puentes-administrados-por-la-caru\/#article","isPartOf":{"@id":"https:\/\/caru.org.uy\/nuevositio\/2025\/10\/30\/seleccion-de-personal-uruguayo-con-caracter-de-eventual-para-desempenar-tareas-de-colaborador-de-servicios-maestranza-en-ambos-puentes-administrados-por-la-caru\/"},"author":{"name":"Esteban Cotarelo","@id":"https:\/\/caru.org.uy\/nuevositio\/#\/schema\/person\/722517fd4ff551a488633b540770a591"},"headline":"Selecci\u00f3n de personal uruguayo con car\u00e1cter de eventual para desempe\u00f1ar tareas de Colaborador de Servicios (Maestranza) en ambos puentes administrados por la CARU.","datePublished":"2025-10-30T03:01:00+00:00","dateModified":"2025-11-04T12:59:29+00:00","mainEntityOfPage":{"@id":"https:\/\/caru.org.uy\/nuevositio\/2025\/10\/30\/seleccion-de-personal-uruguayo-con-caracter-de-eventual-para-desempenar-tareas-de-colaborador-de-servicios-maestranza-en-ambos-puentes-administrados-por-la-caru\/"},"wordCount":307,"commentCount":0,"publisher":{"@id":"https:\/\/caru.org.uy\/nuevositio\/#organization"},"image":{"@id":"https:\/\/caru.org.uy\/nuevositio\/2025\/10\/30\/seleccion-de-personal-uruguayo-con-caracter-de-eventual-para-desempenar-tareas-de-colaborador-de-servicios-maestranza-en-ambos-puentes-administrados-por-la-caru\/#primaryimage"},"thumbnailUrl":"https:\/\/caru.org.uy\/nuevositio\/wp-content\/uploads\/2023\/11\/formu-caru-e1701453267857.jpg","articleSection":["Concursos","Noticias"],"inLanguage":"es","potentialAction":[{"@type":"CommentAction","name":"Comment","target":["https:\/\/caru.org.uy\/nuevositio\/2025\/10\/30\/seleccion-de-personal-uruguayo-con-caracter-de-eventual-para-desempenar-tareas-de-colaborador-de-servicios-maestranza-en-ambos-puentes-administrados-por-la-caru\/#respond"]}]},{"@type":"WebPage","@id":"https:\/\/caru.org.uy\/nuevositio\/2025\/10\/30\/seleccion-de-personal-uruguayo-con-caracter-de-eventual-para-desempenar-tareas-de-colaborador-de-servicios-maestranza-en-ambos-puentes-administrados-por-la-caru\/","url":"https:\/\/caru.org.uy\/nuevositio\/2025\/10\/30\/seleccion-de-personal-uruguayo-con-caracter-de-eventual-para-desempenar-tareas-de-colaborador-de-servicios-maestranza-en-ambos-puentes-administrados-por-la-caru\/","name":"Selecci\u00f3n de personal uruguayo con car\u00e1cter de eventual para desempe\u00f1ar tareas de Colaborador de Servicios (Maestranza) en ambos puentes administrados por la CARU. % C.A.R.U. imagen","isPartOf":{"@id":"https:\/\/caru.org.uy\/nuevositio\/#website"},"primaryImageOfPage":{"@id":"https:\/\/caru.org.uy\/nuevositio\/2025\/10\/30\/seleccion-de-personal-uruguayo-con-caracter-de-eventual-para-desempenar-tareas-de-colaborador-de-servicios-maestranza-en-ambos-puentes-administrados-por-la-caru\/#primaryimage"},"image":{"@id":"https:\/\/caru.org.uy\/nuevositio\/2025\/10\/30\/seleccion-de-personal-uruguayo-con-caracter-de-eventual-para-desempenar-tareas-de-colaborador-de-servicios-maestranza-en-ambos-puentes-administrados-por-la-caru\/#primaryimage"},"thumbnailUrl":"https:\/\/caru.org.uy\/nuevositio\/wp-content\/uploads\/2023\/11\/formu-caru-e1701453267857.jpg","datePublished":"2025-10-30T03:01:00+00:00","dateModified":"2025-11-04T12:59:29+00:00","breadcrumb":{"@id":"https:\/\/caru.org.uy\/nuevositio\/2025\/10\/30\/seleccion-de-personal-uruguayo-con-caracter-de-eventual-para-desempenar-tareas-de-colaborador-de-servicios-maestranza-en-ambos-puentes-administrados-por-la-caru\/#breadcrumb"},"inLanguage":"es","potentialAction":[{"@type":"ReadAction","target":["https:\/\/caru.org.uy\/nuevositio\/2025\/10\/30\/seleccion-de-personal-uruguayo-con-caracter-de-eventual-para-desempenar-tareas-de-colaborador-de-servicios-maestranza-en-ambos-puentes-administrados-por-la-caru\/"]}]},{"@type":"ImageObject","inLanguage":"es","@id":"https:\/\/caru.org.uy\/nuevositio\/2025\/10\/30\/seleccion-de-personal-uruguayo-con-caracter-de-eventual-para-desempenar-tareas-de-colaborador-de-servicios-maestranza-en-ambos-puentes-administrados-por-la-caru\/#primaryimage","url":"https:\/\/caru.org.uy\/nuevositio\/wp-content\/uploads\/2023\/11\/formu-caru-e1701453267857.jpg","contentUrl":"https:\/\/caru.org.uy\/nuevositio\/wp-content\/uploads\/2023\/11\/formu-caru-e1701453267857.jpg","width":512,"height":342},{"@type":"BreadcrumbList","@id":"https:\/\/caru.org.uy\/nuevositio\/2025\/10\/30\/seleccion-de-personal-uruguayo-con-caracter-de-eventual-para-desempenar-tareas-de-colaborador-de-servicios-maestranza-en-ambos-puentes-administrados-por-la-caru\/#breadcrumb","itemListElement":[{"@type":"ListItem","position":1,"name":"Portada","item":"https:\/\/caru.org.uy\/nuevositio\/"},{"@type":"ListItem","position":2,"name":"Selecci\u00f3n de personal uruguayo con car\u00e1cter de eventual para desempe\u00f1ar tareas de Colaborador de Servicios (Maestranza) en ambos puentes administrados por la CARU."}]},{"@type":"WebSite","@id":"https:\/\/caru.org.uy\/nuevositio\/#website","url":"https:\/\/caru.org.uy\/nuevositio\/","name":"C.A.R.U.","description":"Comisi\u00f3n Administradora del R\u00edo Uruguay","publisher":{"@id":"https:\/\/caru.org.uy\/nuevositio\/#organization"},"potentialAction":[{"@type":"SearchAction","target":{"@type":"EntryPoint","urlTemplate":"https:\/\/caru.org.uy\/nuevositio\/?s={search_term_string}"},"query-input":{"@type":"PropertyValueSpecification","valueRequired":true,"valueName":"search_term_string"}}],"inLanguage":"es"},{"@type":"Organization","@id":"https:\/\/caru.org.uy\/nuevositio\/#organization","name":"C.A.R.U.","url":"https:\/\/caru.org.uy\/nuevositio\/","logo":{"@type":"ImageObject","inLanguage":"es","@id":"https:\/\/caru.org.uy\/nuevositio\/#\/schema\/logo\/image\/","url":"https:\/\/caru.org.uy\/nuevositio\/wp-content\/uploads\/2023\/11\/logo-nuevo.jpg","contentUrl":"https:\/\/caru.org.uy\/nuevositio\/wp-content\/uploads\/2023\/11\/logo-nuevo.jpg","width":1,"height":1,"caption":"C.A.R.U."},"image":{"@id":"https:\/\/caru.org.uy\/nuevositio\/#\/schema\/logo\/image\/"}},{"@type":"Person","@id":"https:\/\/caru.org.uy\/nuevositio\/#\/schema\/person\/722517fd4ff551a488633b540770a591","name":"Esteban Cotarelo","image":{"@type":"ImageObject","inLanguage":"es","@id":"https:\/\/secure.gravatar.com\/avatar\/5bcd16345ee14a5a233310b97fdd8448dacdb3950af8f249132bd830ffb00095?s=96&d=mm&r=g","url":"https:\/\/secure.gravatar.com\/avatar\/5bcd16345ee14a5a233310b97fdd8448dacdb3950af8f249132bd830ffb00095?s=96&d=mm&r=g","contentUrl":"https:\/\/secure.gravatar.com\/avatar\/5bcd16345ee14a5a233310b97fdd8448dacdb3950af8f249132bd830ffb00095?s=96&d=mm&r=g","caption":"Esteban Cotarelo"},"url":"https:\/\/caru.org.uy\/nuevositio\/author\/esteban\/"}]}},"_links":{"self":[{"href":"https:\/\/caru.org.uy\/nuevositio\/wp-json\/wp\/v2\/posts\/11906","targetHints":{"allow":["GET"]}}],"collection":[{"href":"https:\/\/caru.org.uy\/nuevositio\/wp-json\/wp\/v2\/posts"}],"about":[{"href":"https:\/\/caru.org.uy\/nuevositio\/wp-json\/wp\/v2\/types\/post"}],"author":[{"embeddable":true,"href":"https:\/\/caru.org.uy\/nuevositio\/wp-json\/wp\/v2\/users\/6"}],"replies":[{"embeddable":true,"href":"https:\/\/caru.org.uy\/nuevositio\/wp-json\/wp\/v2\/comments?post=11906"}],"version-history":[{"count":5,"href":"https:\/\/caru.org.uy\/nuevositio\/wp-json\/wp\/v2\/posts\/11906\/revisions"}],"predecessor-version":[{"id":12060,"href":"https:\/\/caru.org.uy\/nuevositio\/wp-json\/wp\/v2\/posts\/11906\/revisions\/12060"}],"wp:featuredmedia":[{"embeddable":true,"href":"https:\/\/caru.org.uy\/nuevositio\/wp-json\/wp\/v2\/media\/8822"}],"wp:attachment":[{"href":"https:\/\/caru.org.uy\/nuevositio\/wp-json\/wp\/v2\/media?parent=11906"}],"wp:term":[{"taxonomy":"category","embeddable":true,"href":"https:\/\/caru.org.uy\/nuevositio\/wp-json\/wp\/v2\/categories?post=11906"},{"taxonomy":"post_tag","embeddable":true,"href":"https:\/\/caru.org.uy\/nuevositio\/wp-json\/wp\/v2\/tags?post=11906"}],"curies":[{"name":"wp","href":"https:\/\/api.w.org\/{rel}","templated":true}]}}