{"id":11960,"date":"2025-10-29T08:03:02","date_gmt":"2025-10-29T11:03:02","guid":{"rendered":"https:\/\/caru.org.uy\/nuevositio\/?p=11960"},"modified":"2025-10-31T10:37:01","modified_gmt":"2025-10-31T13:37:01","slug":"la-caru-realizo-la-sesion-ordinaria-del-mes-de-octubre-en-paysandu-2","status":"publish","type":"post","link":"https:\/\/caru.org.uy\/nuevositio\/2025\/10\/29\/la-caru-realizo-la-sesion-ordinaria-del-mes-de-octubre-en-paysandu-2\/","title":{"rendered":"La CARU realiz\u00f3 la sesi\u00f3n Ordinaria del mes de octubre en Paysand\u00fa"},"content":{"rendered":"\n<figure class=\"wp-block-image size-large\"><img fetchpriority=\"high\" decoding=\"async\" width=\"1024\" height=\"771\" src=\"https:\/\/caru.org.uy\/nuevositio\/wp-content\/uploads\/2025\/10\/61af8aaf-bd22-4ec1-8eda-0c6a38e26b93-1024x771.jpg\" alt=\"\" class=\"wp-image-11961\" srcset=\"https:\/\/caru.org.uy\/nuevositio\/wp-content\/uploads\/2025\/10\/61af8aaf-bd22-4ec1-8eda-0c6a38e26b93-1024x771.jpg 1024w, https:\/\/caru.org.uy\/nuevositio\/wp-content\/uploads\/2025\/10\/61af8aaf-bd22-4ec1-8eda-0c6a38e26b93-300x226.jpg 300w, https:\/\/caru.org.uy\/nuevositio\/wp-content\/uploads\/2025\/10\/61af8aaf-bd22-4ec1-8eda-0c6a38e26b93-768x578.jpg 768w, https:\/\/caru.org.uy\/nuevositio\/wp-content\/uploads\/2025\/10\/61af8aaf-bd22-4ec1-8eda-0c6a38e26b93-1536x1156.jpg 1536w, https:\/\/caru.org.uy\/nuevositio\/wp-content\/uploads\/2025\/10\/61af8aaf-bd22-4ec1-8eda-0c6a38e26b93.jpg 1600w\" sizes=\"(max-width: 1024px) 100vw, 1024px\" \/><\/figure>\n\n\n\n<p>Este jueves a la ma\u00f1ana ambas delegaciones se reunieron en el plenario mensual para abordar distintas tem\u00e1ticas administrativas que hacen al funcionamiento de la entidad binacional. Se avanzar en la implementaci\u00f3n del balizamiento virtual del R\u00edo Uruguay.<\/p>\n\n\n\n<p>Con la presencia del presidente de la Comisi\u00f3n Administradora del R\u00edo Uruguay (CARU) Ra\u00fal Montero, la vicepresidente Cecilia Bottino, y los delegados de ambos pa\u00edses, se desarroll\u00f3 este jueves 23 de octubre una nueva sesi\u00f3n Ordinaria de la CARU.<\/p>\n\n\n\n<p>Entre los principales temas que se trataron en las subcomisiones de detalla: La CARU recuerda que, seg\u00fan la Resoluci\u00f3n N\u00ba 111\/23, se encuentra vigente la veda para la pesca del Dorado (Salminus brasiliensis).<\/p>\n\n\n\n<p>La veda protege a esta especie durante su \u00e9poca de reproducci\u00f3n, desde el primero de septiembre al 31 de diciembre, con la finalidad de ayudar a conservar el recurso.<\/p>\n\n\n\n<p><strong>Subcomisi\u00f3n de Navegaci\u00f3n<\/strong><\/p>\n\n\n\n<p><strong>&nbsp;Obras y Erosi\u00f3n<\/strong><\/p>\n\n\n\n<p>En su Sesi\u00f3n Plenaria del 23 de octubre de 2025, la Comisi\u00f3n Administradora del R\u00edo Uruguay encomend\u00f3 a su Secretar\u00eda T\u00e9cnica a continuar las gestiones necesarias ante los organismos competentes de ambos Estados, para avanzar en la implementaci\u00f3n del balizamiento virtual del R\u00edo Uruguay, entre los Km 214 y 336.<\/p>\n\n\n\n<p><strong>Subcomisi\u00f3n de Calidad<\/strong><\/p>\n\n\n\n<p><strong>de Agua y Ambiente<\/strong><\/p>\n\n\n\n<p>Se aprob\u00f3 la realizaci\u00f3n de talleres de capacitaci\u00f3n para guardavidas de localidades ribere\u00f1as. A su vez se abord\u00f3 el tema de monitoreo visual de Floraciones de Cianobacterias en las playas del R\u00edo Uruguay.<\/p>\n\n\n\n<p>Una iniciativa que promueve el conocimiento sobre las floraciones algales y sus riesgos en el uso recreativo del agua.<\/p>\n\n\n\n<p>La pr\u00f3xima sesi\u00f3n Ordinaria del organismo binacional se desarrollar\u00e1 entre los d\u00edas 25 a 27 de noviembre.<\/p>\n","protected":false},"excerpt":{"rendered":"<p>Este jueves a la ma\u00f1ana ambas delegaciones se reunieron en el plenario mensual para abordar distintas tem\u00e1ticas administrativas que hacen al funcionamiento de la entidad binacional. Se avanzar en la implementaci\u00f3n del balizamiento virtual del R\u00edo Uruguay. Con la presencia del presidente de la Comisi\u00f3n Administradora del R\u00edo Uruguay (CARU) Ra\u00fal Montero, la vicepresidente Cecilia [&hellip;]<\/p>\n","protected":false},"author":12,"featured_media":11961,"comment_status":"open","ping_status":"open","sticky":false,"template":"","format":"standard","meta":{"_acf_changed":false,"_joinchat":[],"footnotes":""},"categories":[37],"tags":[],"class_list":["post-11960","post","type-post","status-publish","format-standard","has-post-thumbnail","hentry","category-noticias"],"acf":[],"yoast_head":"<!-- This site is optimized with the Yoast SEO plugin v27.3 - https:\/\/yoast.com\/product\/yoast-seo-wordpress\/ -->\n<title>La CARU realiz\u00f3 la sesi\u00f3n Ordinaria del mes de octubre en Paysand\u00fa % C.A.R.U. imagen<\/title>\n<meta name=\"robots\" content=\"index, follow, max-snippet:-1, max-image-preview:large, max-video-preview:-1\" \/>\n<link rel=\"canonical\" href=\"https:\/\/caru.org.uy\/nuevositio\/2025\/10\/29\/la-caru-realizo-la-sesion-ordinaria-del-mes-de-octubre-en-paysandu-2\/\" \/>\n<meta property=\"og:locale\" content=\"es_ES\" \/>\n<meta property=\"og:type\" content=\"article\" \/>\n<meta property=\"og:title\" content=\"La CARU realiz\u00f3 la sesi\u00f3n Ordinaria del mes de octubre en Paysand\u00fa % C.A.R.U. imagen\" \/>\n<meta property=\"og:description\" content=\"Este jueves a la ma\u00f1ana ambas delegaciones se reunieron en el plenario mensual para abordar distintas tem\u00e1ticas administrativas que hacen al funcionamiento de la entidad binacional. Se avanzar en la implementaci\u00f3n del balizamiento virtual del R\u00edo Uruguay. Con la presencia del presidente de la Comisi\u00f3n Administradora del R\u00edo Uruguay (CARU) Ra\u00fal Montero, la vicepresidente Cecilia [&hellip;]\" \/>\n<meta property=\"og:url\" content=\"https:\/\/caru.org.uy\/nuevositio\/2025\/10\/29\/la-caru-realizo-la-sesion-ordinaria-del-mes-de-octubre-en-paysandu-2\/\" \/>\n<meta property=\"og:site_name\" content=\"C.A.R.U.\" \/>\n<meta property=\"article:published_time\" content=\"2025-10-29T11:03:02+00:00\" \/>\n<meta property=\"article:modified_time\" content=\"2025-10-31T13:37:01+00:00\" \/>\n<meta property=\"og:image\" content=\"https:\/\/caru.org.uy\/nuevositio\/wp-content\/uploads\/2025\/10\/61af8aaf-bd22-4ec1-8eda-0c6a38e26b93.jpg\" \/>\n\t<meta property=\"og:image:width\" content=\"1600\" \/>\n\t<meta property=\"og:image:height\" content=\"1204\" \/>\n\t<meta property=\"og:image:type\" content=\"image\/jpeg\" \/>\n<meta name=\"author\" content=\"Federico\" \/>\n<meta name=\"twitter:card\" content=\"summary_large_image\" \/>\n<meta name=\"twitter:label1\" content=\"Escrito por\" \/>\n\t<meta name=\"twitter:data1\" content=\"Federico\" \/>\n\t<meta name=\"twitter:label2\" content=\"Tiempo de lectura\" \/>\n\t<meta name=\"twitter:data2\" content=\"2 minutos\" \/>\n<script type=\"application\/ld+json\" class=\"yoast-schema-graph\">{\"@context\":\"https:\\\/\\\/schema.org\",\"@graph\":[{\"@type\":[\"Article\",\"BlogPosting\"],\"@id\":\"https:\\\/\\\/caru.org.uy\\\/nuevositio\\\/2025\\\/10\\\/29\\\/la-caru-realizo-la-sesion-ordinaria-del-mes-de-octubre-en-paysandu-2\\\/#article\",\"isPartOf\":{\"@id\":\"https:\\\/\\\/caru.org.uy\\\/nuevositio\\\/2025\\\/10\\\/29\\\/la-caru-realizo-la-sesion-ordinaria-del-mes-de-octubre-en-paysandu-2\\\/\"},\"author\":{\"name\":\"Federico\",\"@id\":\"https:\\\/\\\/caru.org.uy\\\/nuevositio\\\/#\\\/schema\\\/person\\\/fba625b864836c52fe4d995c9dc2869d\"},\"headline\":\"La CARU realiz\u00f3 la sesi\u00f3n Ordinaria del mes de octubre en Paysand\u00fa\",\"datePublished\":\"2025-10-29T11:03:02+00:00\",\"dateModified\":\"2025-10-31T13:37:01+00:00\",\"mainEntityOfPage\":{\"@id\":\"https:\\\/\\\/caru.org.uy\\\/nuevositio\\\/2025\\\/10\\\/29\\\/la-caru-realizo-la-sesion-ordinaria-del-mes-de-octubre-en-paysandu-2\\\/\"},\"wordCount\":305,\"commentCount\":0,\"publisher\":{\"@id\":\"https:\\\/\\\/caru.org.uy\\\/nuevositio\\\/#organization\"},\"image\":{\"@id\":\"https:\\\/\\\/caru.org.uy\\\/nuevositio\\\/2025\\\/10\\\/29\\\/la-caru-realizo-la-sesion-ordinaria-del-mes-de-octubre-en-paysandu-2\\\/#primaryimage\"},\"thumbnailUrl\":\"https:\\\/\\\/caru.org.uy\\\/nuevositio\\\/wp-content\\\/uploads\\\/2025\\\/10\\\/61af8aaf-bd22-4ec1-8eda-0c6a38e26b93.jpg\",\"articleSection\":[\"Noticias\"],\"inLanguage\":\"es\",\"potentialAction\":[{\"@type\":\"CommentAction\",\"name\":\"Comment\",\"target\":[\"https:\\\/\\\/caru.org.uy\\\/nuevositio\\\/2025\\\/10\\\/29\\\/la-caru-realizo-la-sesion-ordinaria-del-mes-de-octubre-en-paysandu-2\\\/#respond\"]}]},{\"@type\":\"WebPage\",\"@id\":\"https:\\\/\\\/caru.org.uy\\\/nuevositio\\\/2025\\\/10\\\/29\\\/la-caru-realizo-la-sesion-ordinaria-del-mes-de-octubre-en-paysandu-2\\\/\",\"url\":\"https:\\\/\\\/caru.org.uy\\\/nuevositio\\\/2025\\\/10\\\/29\\\/la-caru-realizo-la-sesion-ordinaria-del-mes-de-octubre-en-paysandu-2\\\/\",\"name\":\"La CARU realiz\u00f3 la sesi\u00f3n Ordinaria del mes de octubre en Paysand\u00fa % C.A.R.U. imagen\",\"isPartOf\":{\"@id\":\"https:\\\/\\\/caru.org.uy\\\/nuevositio\\\/#website\"},\"primaryImageOfPage\":{\"@id\":\"https:\\\/\\\/caru.org.uy\\\/nuevositio\\\/2025\\\/10\\\/29\\\/la-caru-realizo-la-sesion-ordinaria-del-mes-de-octubre-en-paysandu-2\\\/#primaryimage\"},\"image\":{\"@id\":\"https:\\\/\\\/caru.org.uy\\\/nuevositio\\\/2025\\\/10\\\/29\\\/la-caru-realizo-la-sesion-ordinaria-del-mes-de-octubre-en-paysandu-2\\\/#primaryimage\"},\"thumbnailUrl\":\"https:\\\/\\\/caru.org.uy\\\/nuevositio\\\/wp-content\\\/uploads\\\/2025\\\/10\\\/61af8aaf-bd22-4ec1-8eda-0c6a38e26b93.jpg\",\"datePublished\":\"2025-10-29T11:03:02+00:00\",\"dateModified\":\"2025-10-31T13:37:01+00:00\",\"breadcrumb\":{\"@id\":\"https:\\\/\\\/caru.org.uy\\\/nuevositio\\\/2025\\\/10\\\/29\\\/la-caru-realizo-la-sesion-ordinaria-del-mes-de-octubre-en-paysandu-2\\\/#breadcrumb\"},\"inLanguage\":\"es\",\"potentialAction\":[{\"@type\":\"ReadAction\",\"target\":[\"https:\\\/\\\/caru.org.uy\\\/nuevositio\\\/2025\\\/10\\\/29\\\/la-caru-realizo-la-sesion-ordinaria-del-mes-de-octubre-en-paysandu-2\\\/\"]}]},{\"@type\":\"ImageObject\",\"inLanguage\":\"es\",\"@id\":\"https:\\\/\\\/caru.org.uy\\\/nuevositio\\\/2025\\\/10\\\/29\\\/la-caru-realizo-la-sesion-ordinaria-del-mes-de-octubre-en-paysandu-2\\\/#primaryimage\",\"url\":\"https:\\\/\\\/caru.org.uy\\\/nuevositio\\\/wp-content\\\/uploads\\\/2025\\\/10\\\/61af8aaf-bd22-4ec1-8eda-0c6a38e26b93.jpg\",\"contentUrl\":\"https:\\\/\\\/caru.org.uy\\\/nuevositio\\\/wp-content\\\/uploads\\\/2025\\\/10\\\/61af8aaf-bd22-4ec1-8eda-0c6a38e26b93.jpg\",\"width\":1600,\"height\":1204},{\"@type\":\"BreadcrumbList\",\"@id\":\"https:\\\/\\\/caru.org.uy\\\/nuevositio\\\/2025\\\/10\\\/29\\\/la-caru-realizo-la-sesion-ordinaria-del-mes-de-octubre-en-paysandu-2\\\/#breadcrumb\",\"itemListElement\":[{\"@type\":\"ListItem\",\"position\":1,\"name\":\"Portada\",\"item\":\"https:\\\/\\\/caru.org.uy\\\/nuevositio\\\/\"},{\"@type\":\"ListItem\",\"position\":2,\"name\":\"La CARU realiz\u00f3 la sesi\u00f3n Ordinaria del mes de octubre en Paysand\u00fa\"}]},{\"@type\":\"WebSite\",\"@id\":\"https:\\\/\\\/caru.org.uy\\\/nuevositio\\\/#website\",\"url\":\"https:\\\/\\\/caru.org.uy\\\/nuevositio\\\/\",\"name\":\"C.A.R.U.\",\"description\":\"Comisi\u00f3n Administradora del R\u00edo Uruguay\",\"publisher\":{\"@id\":\"https:\\\/\\\/caru.org.uy\\\/nuevositio\\\/#organization\"},\"potentialAction\":[{\"@type\":\"SearchAction\",\"target\":{\"@type\":\"EntryPoint\",\"urlTemplate\":\"https:\\\/\\\/caru.org.uy\\\/nuevositio\\\/?s={search_term_string}\"},\"query-input\":{\"@type\":\"PropertyValueSpecification\",\"valueRequired\":true,\"valueName\":\"search_term_string\"}}],\"inLanguage\":\"es\"},{\"@type\":\"Organization\",\"@id\":\"https:\\\/\\\/caru.org.uy\\\/nuevositio\\\/#organization\",\"name\":\"C.A.R.U.\",\"url\":\"https:\\\/\\\/caru.org.uy\\\/nuevositio\\\/\",\"logo\":{\"@type\":\"ImageObject\",\"inLanguage\":\"es\",\"@id\":\"https:\\\/\\\/caru.org.uy\\\/nuevositio\\\/#\\\/schema\\\/logo\\\/image\\\/\",\"url\":\"https:\\\/\\\/caru.org.uy\\\/nuevositio\\\/wp-content\\\/uploads\\\/2023\\\/11\\\/logo-nuevo.jpg\",\"contentUrl\":\"https:\\\/\\\/caru.org.uy\\\/nuevositio\\\/wp-content\\\/uploads\\\/2023\\\/11\\\/logo-nuevo.jpg\",\"width\":1,\"height\":1,\"caption\":\"C.A.R.U.\"},\"image\":{\"@id\":\"https:\\\/\\\/caru.org.uy\\\/nuevositio\\\/#\\\/schema\\\/logo\\\/image\\\/\"}},{\"@type\":\"Person\",\"@id\":\"https:\\\/\\\/caru.org.uy\\\/nuevositio\\\/#\\\/schema\\\/person\\\/fba625b864836c52fe4d995c9dc2869d\",\"name\":\"Federico\",\"image\":{\"@type\":\"ImageObject\",\"inLanguage\":\"es\",\"@id\":\"https:\\\/\\\/secure.gravatar.com\\\/avatar\\\/542d68923246b6c29256d811c3ce7f803fe17d6a190c813a52ef45fcda4733ad?s=96&d=mm&r=g\",\"url\":\"https:\\\/\\\/secure.gravatar.com\\\/avatar\\\/542d68923246b6c29256d811c3ce7f803fe17d6a190c813a52ef45fcda4733ad?s=96&d=mm&r=g\",\"contentUrl\":\"https:\\\/\\\/secure.gravatar.com\\\/avatar\\\/542d68923246b6c29256d811c3ce7f803fe17d6a190c813a52ef45fcda4733ad?s=96&d=mm&r=g\",\"caption\":\"Federico\"},\"url\":\"https:\\\/\\\/caru.org.uy\\\/nuevositio\\\/author\\\/federico\\\/\"}]}<\/script>\n<!-- \/ Yoast SEO plugin. -->","yoast_head_json":{"title":"La CARU realiz\u00f3 la sesi\u00f3n Ordinaria del mes de octubre en Paysand\u00fa % C.A.R.U. imagen","robots":{"index":"index","follow":"follow","max-snippet":"max-snippet:-1","max-image-preview":"max-image-preview:large","max-video-preview":"max-video-preview:-1"},"canonical":"https:\/\/caru.org.uy\/nuevositio\/2025\/10\/29\/la-caru-realizo-la-sesion-ordinaria-del-mes-de-octubre-en-paysandu-2\/","og_locale":"es_ES","og_type":"article","og_title":"La CARU realiz\u00f3 la sesi\u00f3n Ordinaria del mes de octubre en Paysand\u00fa % C.A.R.U. imagen","og_description":"Este jueves a la ma\u00f1ana ambas delegaciones se reunieron en el plenario mensual para abordar distintas tem\u00e1ticas administrativas que hacen al funcionamiento de la entidad binacional. Se avanzar en la implementaci\u00f3n del balizamiento virtual del R\u00edo Uruguay. Con la presencia del presidente de la Comisi\u00f3n Administradora del R\u00edo Uruguay (CARU) Ra\u00fal Montero, la vicepresidente Cecilia [&hellip;]","og_url":"https:\/\/caru.org.uy\/nuevositio\/2025\/10\/29\/la-caru-realizo-la-sesion-ordinaria-del-mes-de-octubre-en-paysandu-2\/","og_site_name":"C.A.R.U.","article_published_time":"2025-10-29T11:03:02+00:00","article_modified_time":"2025-10-31T13:37:01+00:00","og_image":[{"width":1600,"height":1204,"url":"https:\/\/caru.org.uy\/nuevositio\/wp-content\/uploads\/2025\/10\/61af8aaf-bd22-4ec1-8eda-0c6a38e26b93.jpg","type":"image\/jpeg"}],"author":"Federico","twitter_card":"summary_large_image","twitter_misc":{"Escrito por":"Federico","Tiempo de lectura":"2 minutos"},"schema":{"@context":"https:\/\/schema.org","@graph":[{"@type":["Article","BlogPosting"],"@id":"https:\/\/caru.org.uy\/nuevositio\/2025\/10\/29\/la-caru-realizo-la-sesion-ordinaria-del-mes-de-octubre-en-paysandu-2\/#article","isPartOf":{"@id":"https:\/\/caru.org.uy\/nuevositio\/2025\/10\/29\/la-caru-realizo-la-sesion-ordinaria-del-mes-de-octubre-en-paysandu-2\/"},"author":{"name":"Federico","@id":"https:\/\/caru.org.uy\/nuevositio\/#\/schema\/person\/fba625b864836c52fe4d995c9dc2869d"},"headline":"La CARU realiz\u00f3 la sesi\u00f3n Ordinaria del mes de octubre en Paysand\u00fa","datePublished":"2025-10-29T11:03:02+00:00","dateModified":"2025-10-31T13:37:01+00:00","mainEntityOfPage":{"@id":"https:\/\/caru.org.uy\/nuevositio\/2025\/10\/29\/la-caru-realizo-la-sesion-ordinaria-del-mes-de-octubre-en-paysandu-2\/"},"wordCount":305,"commentCount":0,"publisher":{"@id":"https:\/\/caru.org.uy\/nuevositio\/#organization"},"image":{"@id":"https:\/\/caru.org.uy\/nuevositio\/2025\/10\/29\/la-caru-realizo-la-sesion-ordinaria-del-mes-de-octubre-en-paysandu-2\/#primaryimage"},"thumbnailUrl":"https:\/\/caru.org.uy\/nuevositio\/wp-content\/uploads\/2025\/10\/61af8aaf-bd22-4ec1-8eda-0c6a38e26b93.jpg","articleSection":["Noticias"],"inLanguage":"es","potentialAction":[{"@type":"CommentAction","name":"Comment","target":["https:\/\/caru.org.uy\/nuevositio\/2025\/10\/29\/la-caru-realizo-la-sesion-ordinaria-del-mes-de-octubre-en-paysandu-2\/#respond"]}]},{"@type":"WebPage","@id":"https:\/\/caru.org.uy\/nuevositio\/2025\/10\/29\/la-caru-realizo-la-sesion-ordinaria-del-mes-de-octubre-en-paysandu-2\/","url":"https:\/\/caru.org.uy\/nuevositio\/2025\/10\/29\/la-caru-realizo-la-sesion-ordinaria-del-mes-de-octubre-en-paysandu-2\/","name":"La CARU realiz\u00f3 la sesi\u00f3n Ordinaria del mes de octubre en Paysand\u00fa % C.A.R.U. imagen","isPartOf":{"@id":"https:\/\/caru.org.uy\/nuevositio\/#website"},"primaryImageOfPage":{"@id":"https:\/\/caru.org.uy\/nuevositio\/2025\/10\/29\/la-caru-realizo-la-sesion-ordinaria-del-mes-de-octubre-en-paysandu-2\/#primaryimage"},"image":{"@id":"https:\/\/caru.org.uy\/nuevositio\/2025\/10\/29\/la-caru-realizo-la-sesion-ordinaria-del-mes-de-octubre-en-paysandu-2\/#primaryimage"},"thumbnailUrl":"https:\/\/caru.org.uy\/nuevositio\/wp-content\/uploads\/2025\/10\/61af8aaf-bd22-4ec1-8eda-0c6a38e26b93.jpg","datePublished":"2025-10-29T11:03:02+00:00","dateModified":"2025-10-31T13:37:01+00:00","breadcrumb":{"@id":"https:\/\/caru.org.uy\/nuevositio\/2025\/10\/29\/la-caru-realizo-la-sesion-ordinaria-del-mes-de-octubre-en-paysandu-2\/#breadcrumb"},"inLanguage":"es","potentialAction":[{"@type":"ReadAction","target":["https:\/\/caru.org.uy\/nuevositio\/2025\/10\/29\/la-caru-realizo-la-sesion-ordinaria-del-mes-de-octubre-en-paysandu-2\/"]}]},{"@type":"ImageObject","inLanguage":"es","@id":"https:\/\/caru.org.uy\/nuevositio\/2025\/10\/29\/la-caru-realizo-la-sesion-ordinaria-del-mes-de-octubre-en-paysandu-2\/#primaryimage","url":"https:\/\/caru.org.uy\/nuevositio\/wp-content\/uploads\/2025\/10\/61af8aaf-bd22-4ec1-8eda-0c6a38e26b93.jpg","contentUrl":"https:\/\/caru.org.uy\/nuevositio\/wp-content\/uploads\/2025\/10\/61af8aaf-bd22-4ec1-8eda-0c6a38e26b93.jpg","width":1600,"height":1204},{"@type":"BreadcrumbList","@id":"https:\/\/caru.org.uy\/nuevositio\/2025\/10\/29\/la-caru-realizo-la-sesion-ordinaria-del-mes-de-octubre-en-paysandu-2\/#breadcrumb","itemListElement":[{"@type":"ListItem","position":1,"name":"Portada","item":"https:\/\/caru.org.uy\/nuevositio\/"},{"@type":"ListItem","position":2,"name":"La CARU realiz\u00f3 la sesi\u00f3n Ordinaria del mes de octubre en Paysand\u00fa"}]},{"@type":"WebSite","@id":"https:\/\/caru.org.uy\/nuevositio\/#website","url":"https:\/\/caru.org.uy\/nuevositio\/","name":"C.A.R.U.","description":"Comisi\u00f3n Administradora del R\u00edo Uruguay","publisher":{"@id":"https:\/\/caru.org.uy\/nuevositio\/#organization"},"potentialAction":[{"@type":"SearchAction","target":{"@type":"EntryPoint","urlTemplate":"https:\/\/caru.org.uy\/nuevositio\/?s={search_term_string}"},"query-input":{"@type":"PropertyValueSpecification","valueRequired":true,"valueName":"search_term_string"}}],"inLanguage":"es"},{"@type":"Organization","@id":"https:\/\/caru.org.uy\/nuevositio\/#organization","name":"C.A.R.U.","url":"https:\/\/caru.org.uy\/nuevositio\/","logo":{"@type":"ImageObject","inLanguage":"es","@id":"https:\/\/caru.org.uy\/nuevositio\/#\/schema\/logo\/image\/","url":"https:\/\/caru.org.uy\/nuevositio\/wp-content\/uploads\/2023\/11\/logo-nuevo.jpg","contentUrl":"https:\/\/caru.org.uy\/nuevositio\/wp-content\/uploads\/2023\/11\/logo-nuevo.jpg","width":1,"height":1,"caption":"C.A.R.U."},"image":{"@id":"https:\/\/caru.org.uy\/nuevositio\/#\/schema\/logo\/image\/"}},{"@type":"Person","@id":"https:\/\/caru.org.uy\/nuevositio\/#\/schema\/person\/fba625b864836c52fe4d995c9dc2869d","name":"Federico","image":{"@type":"ImageObject","inLanguage":"es","@id":"https:\/\/secure.gravatar.com\/avatar\/542d68923246b6c29256d811c3ce7f803fe17d6a190c813a52ef45fcda4733ad?s=96&d=mm&r=g","url":"https:\/\/secure.gravatar.com\/avatar\/542d68923246b6c29256d811c3ce7f803fe17d6a190c813a52ef45fcda4733ad?s=96&d=mm&r=g","contentUrl":"https:\/\/secure.gravatar.com\/avatar\/542d68923246b6c29256d811c3ce7f803fe17d6a190c813a52ef45fcda4733ad?s=96&d=mm&r=g","caption":"Federico"},"url":"https:\/\/caru.org.uy\/nuevositio\/author\/federico\/"}]}},"_links":{"self":[{"href":"https:\/\/caru.org.uy\/nuevositio\/wp-json\/wp\/v2\/posts\/11960","targetHints":{"allow":["GET"]}}],"collection":[{"href":"https:\/\/caru.org.uy\/nuevositio\/wp-json\/wp\/v2\/posts"}],"about":[{"href":"https:\/\/caru.org.uy\/nuevositio\/wp-json\/wp\/v2\/types\/post"}],"author":[{"embeddable":true,"href":"https:\/\/caru.org.uy\/nuevositio\/wp-json\/wp\/v2\/users\/12"}],"replies":[{"embeddable":true,"href":"https:\/\/caru.org.uy\/nuevositio\/wp-json\/wp\/v2\/comments?post=11960"}],"version-history":[{"count":1,"href":"https:\/\/caru.org.uy\/nuevositio\/wp-json\/wp\/v2\/posts\/11960\/revisions"}],"predecessor-version":[{"id":11962,"href":"https:\/\/caru.org.uy\/nuevositio\/wp-json\/wp\/v2\/posts\/11960\/revisions\/11962"}],"wp:featuredmedia":[{"embeddable":true,"href":"https:\/\/caru.org.uy\/nuevositio\/wp-json\/wp\/v2\/media\/11961"}],"wp:attachment":[{"href":"https:\/\/caru.org.uy\/nuevositio\/wp-json\/wp\/v2\/media?parent=11960"}],"wp:term":[{"taxonomy":"category","embeddable":true,"href":"https:\/\/caru.org.uy\/nuevositio\/wp-json\/wp\/v2\/categories?post=11960"},{"taxonomy":"post_tag","embeddable":true,"href":"https:\/\/caru.org.uy\/nuevositio\/wp-json\/wp\/v2\/tags?post=11960"}],"curies":[{"name":"wp","href":"https:\/\/api.w.org\/{rel}","templated":true}]}}