{"id":12001,"date":"2025-10-31T23:59:00","date_gmt":"2025-11-01T02:59:00","guid":{"rendered":"https:\/\/caru.org.uy\/nuevositio\/?p=12001"},"modified":"2025-11-04T13:39:33","modified_gmt":"2025-11-04T16:39:33","slug":"bases-para-convocatoria-abierta-para-la-cobertura-de-cargos-a-permanencia","status":"publish","type":"post","link":"https:\/\/caru.org.uy\/nuevositio\/2025\/10\/31\/bases-para-convocatoria-abierta-para-la-cobertura-de-cargos-a-permanencia\/","title":{"rendered":"Bases para convocatoria abierta para la cobertura de cargos a permanencia."},"content":{"rendered":"\t\t<div data-elementor-type=\"wp-post\" data-elementor-id=\"12001\" class=\"elementor elementor-12001\" data-elementor-post-type=\"post\">\n\t\t\t\t\t\t<section class=\"elementor-section elementor-top-section elementor-element elementor-element-211a3ccf elementor-section-boxed elementor-section-height-default elementor-section-height-default\" data-id=\"211a3ccf\" data-element_type=\"section\" data-e-type=\"section\" data-settings=\"{&quot;jet_parallax_layout_list&quot;:[]}\">\n\t\t\t\t\t\t<div class=\"elementor-container elementor-column-gap-default\">\n\t\t\t\t\t<div class=\"elementor-column elementor-col-100 elementor-top-column elementor-element elementor-element-76defe84\" data-id=\"76defe84\" data-element_type=\"column\" data-e-type=\"column\">\n\t\t\t<div class=\"elementor-widget-wrap elementor-element-populated\">\n\t\t\t\t\t\t<div class=\"elementor-element elementor-element-5cdcec39 elementor-widget elementor-widget-text-editor\" data-id=\"5cdcec39\" data-element_type=\"widget\" data-e-type=\"widget\" data-widget_type=\"text-editor.default\">\n\t\t\t\t<div class=\"elementor-widget-container\">\n\t\t\t\t\t\t\t\t\t<p><\/p>\n<figure class=\"wp-block-image size-full\"><img fetchpriority=\"high\" decoding=\"async\" width=\"589\" height=\"244\" class=\"wp-image-12009\" src=\"https:\/\/caru.org.uy\/nuevositio\/wp-content\/uploads\/2025\/10\/Captura-de-pantalla-2025-10-31-100323-1.png\" alt=\"\" srcset=\"https:\/\/caru.org.uy\/nuevositio\/wp-content\/uploads\/2025\/10\/Captura-de-pantalla-2025-10-31-100323-1.png 589w, https:\/\/caru.org.uy\/nuevositio\/wp-content\/uploads\/2025\/10\/Captura-de-pantalla-2025-10-31-100323-1-300x124.png 300w\" sizes=\"(max-width: 589px) 100vw, 589px\" \/><\/figure>\n<p><\/p>\n<p><\/p>\n<p>Por este medio adjuntamos las bases para el llamado a postulaci\u00f3n a realizarse el 18 hasta el 23 (inclusive) de noviembre de 2025.<\/p>\n<p>\u00a0<\/p>\n<p><\/p>\n<p><strong>Jefes de Campa\u00f1a para Comit\u00e9 Cient\u00edfico (Fray Bentos):<\/strong><br \/>1 cargo \u2013 nacionalidad uruguaya.<br \/>1 cargo \u2013 nacionalidad argentina.<\/p>\n<p><\/p>\n<p><\/p>\n<p><strong><a href=\"https:\/\/caru.org.uy\/nuevositio\/wp-content\/uploads\/2025\/11\/F-Bases-del-Llamado-N-06-25-Jefe-del-Campana-CC-MAP-2-1.pdf\">F-Bases-del-Llamado-N-06-25-Jefe-del-Campa\u00f1a-CC-MAP-2-1<\/a><\/strong><\/p>\n<p>\u00a0<\/p>\n<p><strong>Analista de Laboratorio para Comit\u00e9 Cient\u00edfico:<\/strong><\/p>\n<p>1 cargo \u2013 nacionalidad uruguaya.<\/p>\n<p><strong><a href=\"https:\/\/caru.org.uy\/nuevositio\/wp-content\/uploads\/2025\/11\/f-Bases-de-Llamado-N\u00b0-05-25-Analista-de-Laboratorio-CC-F-MAP-4-1.pdf\">f-Bases-de-Llamado-N\u00b0-05-25-Analista-de-Laboratorio-CC-F-MAP-4-1<\/a><\/strong><\/p>\n<p>\u00a0<\/p>\n<p><\/p>\n<p><\/p>\n<p>Es importante destacar que <strong>la postulaci\u00f3n se realizar\u00e1 \u00fanicamente a trav\u00e9s de los formularios dispuestos en la p\u00e1gina web.<\/strong> Toda la informaci\u00f3n detallada, los plazos y los formularios de inscripci\u00f3n para cada cargo estar\u00e1n disponibles <strong>a partir del 18 de noviembre de 2025<\/strong> en www.caru.org.uy.<\/p>\n<p><\/p>\t\t\t\t\t\t\t\t<\/div>\n\t\t\t\t<\/div>\n\t\t\t\t\t<\/div>\n\t\t<\/div>\n\t\t\t\t\t<\/div>\n\t\t<\/section>\n\t\t\t\t<\/div>\n\t\t","protected":false},"excerpt":{"rendered":"<p>Por este medio adjuntamos las bases para el llamado a postulaci\u00f3n a realizarse el 18 hasta el 23 (inclusive) de noviembre de 2025. \u00a0 Jefes de Campa\u00f1a para Comit\u00e9 Cient\u00edfico (Fray Bentos):1 cargo \u2013 nacionalidad uruguaya.1 cargo \u2013 nacionalidad argentina. F-Bases-del-Llamado-N-06-25-Jefe-del-Campa\u00f1a-CC-MAP-2-1 \u00a0 Analista de Laboratorio para Comit\u00e9 Cient\u00edfico: 1 cargo \u2013 nacionalidad uruguaya. f-Bases-de-Llamado-N\u00b0-05-25-Analista-de-Laboratorio-CC-F-MAP-4-1 \u00a0 [&hellip;]<\/p>\n","protected":false},"author":12,"featured_media":8822,"comment_status":"open","ping_status":"open","sticky":false,"template":"","format":"standard","meta":{"_acf_changed":false,"_joinchat":[],"footnotes":""},"categories":[40],"tags":[],"class_list":["post-12001","post","type-post","status-publish","format-standard","has-post-thumbnail","hentry","category-destacada"],"acf":[],"yoast_head":"<!-- This site is optimized with the Yoast SEO plugin v27.3 - https:\/\/yoast.com\/product\/yoast-seo-wordpress\/ -->\n<title>Bases para convocatoria abierta para la cobertura de cargos a permanencia. % C.A.R.U. imagen<\/title>\n<meta name=\"robots\" content=\"index, follow, max-snippet:-1, max-image-preview:large, max-video-preview:-1\" \/>\n<link rel=\"canonical\" href=\"https:\/\/caru.org.uy\/nuevositio\/2025\/10\/31\/bases-para-convocatoria-abierta-para-la-cobertura-de-cargos-a-permanencia\/\" \/>\n<meta property=\"og:locale\" content=\"es_ES\" \/>\n<meta property=\"og:type\" content=\"article\" \/>\n<meta property=\"og:title\" content=\"Bases para convocatoria abierta para la cobertura de cargos a permanencia. % C.A.R.U. imagen\" \/>\n<meta property=\"og:description\" content=\"Por este medio adjuntamos las bases para el llamado a postulaci\u00f3n a realizarse el 18 hasta el 23 (inclusive) de noviembre de 2025. \u00a0 Jefes de Campa\u00f1a para Comit\u00e9 Cient\u00edfico (Fray Bentos):1 cargo \u2013 nacionalidad uruguaya.1 cargo \u2013 nacionalidad argentina. F-Bases-del-Llamado-N-06-25-Jefe-del-Campa\u00f1a-CC-MAP-2-1 \u00a0 Analista de Laboratorio para Comit\u00e9 Cient\u00edfico: 1 cargo \u2013 nacionalidad uruguaya. f-Bases-de-Llamado-N\u00b0-05-25-Analista-de-Laboratorio-CC-F-MAP-4-1 \u00a0 [&hellip;]\" \/>\n<meta property=\"og:url\" content=\"https:\/\/caru.org.uy\/nuevositio\/2025\/10\/31\/bases-para-convocatoria-abierta-para-la-cobertura-de-cargos-a-permanencia\/\" \/>\n<meta property=\"og:site_name\" content=\"C.A.R.U.\" \/>\n<meta property=\"article:published_time\" content=\"2025-11-01T02:59:00+00:00\" \/>\n<meta property=\"article:modified_time\" content=\"2025-11-04T16:39:33+00:00\" \/>\n<meta property=\"og:image\" content=\"https:\/\/caru.org.uy\/nuevositio\/wp-content\/uploads\/2023\/11\/formu-caru-e1701453267857.jpg\" \/>\n\t<meta property=\"og:image:width\" content=\"512\" \/>\n\t<meta property=\"og:image:height\" content=\"342\" \/>\n\t<meta property=\"og:image:type\" content=\"image\/jpeg\" \/>\n<meta name=\"author\" content=\"Federico\" \/>\n<meta name=\"twitter:card\" content=\"summary_large_image\" \/>\n<meta name=\"twitter:label1\" content=\"Escrito por\" \/>\n\t<meta name=\"twitter:data1\" content=\"Federico\" \/>\n\t<meta name=\"twitter:label2\" content=\"Tiempo de lectura\" \/>\n\t<meta name=\"twitter:data2\" content=\"1 minuto\" \/>\n<script type=\"application\/ld+json\" class=\"yoast-schema-graph\">{\"@context\":\"https:\\\/\\\/schema.org\",\"@graph\":[{\"@type\":[\"Article\",\"BlogPosting\"],\"@id\":\"https:\\\/\\\/caru.org.uy\\\/nuevositio\\\/2025\\\/10\\\/31\\\/bases-para-convocatoria-abierta-para-la-cobertura-de-cargos-a-permanencia\\\/#article\",\"isPartOf\":{\"@id\":\"https:\\\/\\\/caru.org.uy\\\/nuevositio\\\/2025\\\/10\\\/31\\\/bases-para-convocatoria-abierta-para-la-cobertura-de-cargos-a-permanencia\\\/\"},\"author\":{\"name\":\"Federico\",\"@id\":\"https:\\\/\\\/caru.org.uy\\\/nuevositio\\\/#\\\/schema\\\/person\\\/fba625b864836c52fe4d995c9dc2869d\"},\"headline\":\"Bases para convocatoria abierta para la cobertura de cargos a permanencia.\",\"datePublished\":\"2025-11-01T02:59:00+00:00\",\"dateModified\":\"2025-11-04T16:39:33+00:00\",\"mainEntityOfPage\":{\"@id\":\"https:\\\/\\\/caru.org.uy\\\/nuevositio\\\/2025\\\/10\\\/31\\\/bases-para-convocatoria-abierta-para-la-cobertura-de-cargos-a-permanencia\\\/\"},\"wordCount\":120,\"commentCount\":0,\"publisher\":{\"@id\":\"https:\\\/\\\/caru.org.uy\\\/nuevositio\\\/#organization\"},\"image\":{\"@id\":\"https:\\\/\\\/caru.org.uy\\\/nuevositio\\\/2025\\\/10\\\/31\\\/bases-para-convocatoria-abierta-para-la-cobertura-de-cargos-a-permanencia\\\/#primaryimage\"},\"thumbnailUrl\":\"https:\\\/\\\/caru.org.uy\\\/nuevositio\\\/wp-content\\\/uploads\\\/2023\\\/11\\\/formu-caru-e1701453267857.jpg\",\"articleSection\":[\"Destacada\"],\"inLanguage\":\"es\",\"potentialAction\":[{\"@type\":\"CommentAction\",\"name\":\"Comment\",\"target\":[\"https:\\\/\\\/caru.org.uy\\\/nuevositio\\\/2025\\\/10\\\/31\\\/bases-para-convocatoria-abierta-para-la-cobertura-de-cargos-a-permanencia\\\/#respond\"]}]},{\"@type\":\"WebPage\",\"@id\":\"https:\\\/\\\/caru.org.uy\\\/nuevositio\\\/2025\\\/10\\\/31\\\/bases-para-convocatoria-abierta-para-la-cobertura-de-cargos-a-permanencia\\\/\",\"url\":\"https:\\\/\\\/caru.org.uy\\\/nuevositio\\\/2025\\\/10\\\/31\\\/bases-para-convocatoria-abierta-para-la-cobertura-de-cargos-a-permanencia\\\/\",\"name\":\"Bases para convocatoria abierta para la cobertura de cargos a permanencia. % C.A.R.U. imagen\",\"isPartOf\":{\"@id\":\"https:\\\/\\\/caru.org.uy\\\/nuevositio\\\/#website\"},\"primaryImageOfPage\":{\"@id\":\"https:\\\/\\\/caru.org.uy\\\/nuevositio\\\/2025\\\/10\\\/31\\\/bases-para-convocatoria-abierta-para-la-cobertura-de-cargos-a-permanencia\\\/#primaryimage\"},\"image\":{\"@id\":\"https:\\\/\\\/caru.org.uy\\\/nuevositio\\\/2025\\\/10\\\/31\\\/bases-para-convocatoria-abierta-para-la-cobertura-de-cargos-a-permanencia\\\/#primaryimage\"},\"thumbnailUrl\":\"https:\\\/\\\/caru.org.uy\\\/nuevositio\\\/wp-content\\\/uploads\\\/2023\\\/11\\\/formu-caru-e1701453267857.jpg\",\"datePublished\":\"2025-11-01T02:59:00+00:00\",\"dateModified\":\"2025-11-04T16:39:33+00:00\",\"breadcrumb\":{\"@id\":\"https:\\\/\\\/caru.org.uy\\\/nuevositio\\\/2025\\\/10\\\/31\\\/bases-para-convocatoria-abierta-para-la-cobertura-de-cargos-a-permanencia\\\/#breadcrumb\"},\"inLanguage\":\"es\",\"potentialAction\":[{\"@type\":\"ReadAction\",\"target\":[\"https:\\\/\\\/caru.org.uy\\\/nuevositio\\\/2025\\\/10\\\/31\\\/bases-para-convocatoria-abierta-para-la-cobertura-de-cargos-a-permanencia\\\/\"]}]},{\"@type\":\"ImageObject\",\"inLanguage\":\"es\",\"@id\":\"https:\\\/\\\/caru.org.uy\\\/nuevositio\\\/2025\\\/10\\\/31\\\/bases-para-convocatoria-abierta-para-la-cobertura-de-cargos-a-permanencia\\\/#primaryimage\",\"url\":\"https:\\\/\\\/caru.org.uy\\\/nuevositio\\\/wp-content\\\/uploads\\\/2023\\\/11\\\/formu-caru-e1701453267857.jpg\",\"contentUrl\":\"https:\\\/\\\/caru.org.uy\\\/nuevositio\\\/wp-content\\\/uploads\\\/2023\\\/11\\\/formu-caru-e1701453267857.jpg\",\"width\":512,\"height\":342},{\"@type\":\"BreadcrumbList\",\"@id\":\"https:\\\/\\\/caru.org.uy\\\/nuevositio\\\/2025\\\/10\\\/31\\\/bases-para-convocatoria-abierta-para-la-cobertura-de-cargos-a-permanencia\\\/#breadcrumb\",\"itemListElement\":[{\"@type\":\"ListItem\",\"position\":1,\"name\":\"Portada\",\"item\":\"https:\\\/\\\/caru.org.uy\\\/nuevositio\\\/\"},{\"@type\":\"ListItem\",\"position\":2,\"name\":\"Bases para convocatoria abierta para la cobertura de cargos a permanencia.\"}]},{\"@type\":\"WebSite\",\"@id\":\"https:\\\/\\\/caru.org.uy\\\/nuevositio\\\/#website\",\"url\":\"https:\\\/\\\/caru.org.uy\\\/nuevositio\\\/\",\"name\":\"C.A.R.U.\",\"description\":\"Comisi\u00f3n Administradora del R\u00edo Uruguay\",\"publisher\":{\"@id\":\"https:\\\/\\\/caru.org.uy\\\/nuevositio\\\/#organization\"},\"potentialAction\":[{\"@type\":\"SearchAction\",\"target\":{\"@type\":\"EntryPoint\",\"urlTemplate\":\"https:\\\/\\\/caru.org.uy\\\/nuevositio\\\/?s={search_term_string}\"},\"query-input\":{\"@type\":\"PropertyValueSpecification\",\"valueRequired\":true,\"valueName\":\"search_term_string\"}}],\"inLanguage\":\"es\"},{\"@type\":\"Organization\",\"@id\":\"https:\\\/\\\/caru.org.uy\\\/nuevositio\\\/#organization\",\"name\":\"C.A.R.U.\",\"url\":\"https:\\\/\\\/caru.org.uy\\\/nuevositio\\\/\",\"logo\":{\"@type\":\"ImageObject\",\"inLanguage\":\"es\",\"@id\":\"https:\\\/\\\/caru.org.uy\\\/nuevositio\\\/#\\\/schema\\\/logo\\\/image\\\/\",\"url\":\"https:\\\/\\\/caru.org.uy\\\/nuevositio\\\/wp-content\\\/uploads\\\/2023\\\/11\\\/logo-nuevo.jpg\",\"contentUrl\":\"https:\\\/\\\/caru.org.uy\\\/nuevositio\\\/wp-content\\\/uploads\\\/2023\\\/11\\\/logo-nuevo.jpg\",\"width\":1,\"height\":1,\"caption\":\"C.A.R.U.\"},\"image\":{\"@id\":\"https:\\\/\\\/caru.org.uy\\\/nuevositio\\\/#\\\/schema\\\/logo\\\/image\\\/\"}},{\"@type\":\"Person\",\"@id\":\"https:\\\/\\\/caru.org.uy\\\/nuevositio\\\/#\\\/schema\\\/person\\\/fba625b864836c52fe4d995c9dc2869d\",\"name\":\"Federico\",\"image\":{\"@type\":\"ImageObject\",\"inLanguage\":\"es\",\"@id\":\"https:\\\/\\\/secure.gravatar.com\\\/avatar\\\/542d68923246b6c29256d811c3ce7f803fe17d6a190c813a52ef45fcda4733ad?s=96&d=mm&r=g\",\"url\":\"https:\\\/\\\/secure.gravatar.com\\\/avatar\\\/542d68923246b6c29256d811c3ce7f803fe17d6a190c813a52ef45fcda4733ad?s=96&d=mm&r=g\",\"contentUrl\":\"https:\\\/\\\/secure.gravatar.com\\\/avatar\\\/542d68923246b6c29256d811c3ce7f803fe17d6a190c813a52ef45fcda4733ad?s=96&d=mm&r=g\",\"caption\":\"Federico\"},\"url\":\"https:\\\/\\\/caru.org.uy\\\/nuevositio\\\/author\\\/federico\\\/\"}]}<\/script>\n<!-- \/ Yoast SEO plugin. -->","yoast_head_json":{"title":"Bases para convocatoria abierta para la cobertura de cargos a permanencia. % C.A.R.U. imagen","robots":{"index":"index","follow":"follow","max-snippet":"max-snippet:-1","max-image-preview":"max-image-preview:large","max-video-preview":"max-video-preview:-1"},"canonical":"https:\/\/caru.org.uy\/nuevositio\/2025\/10\/31\/bases-para-convocatoria-abierta-para-la-cobertura-de-cargos-a-permanencia\/","og_locale":"es_ES","og_type":"article","og_title":"Bases para convocatoria abierta para la cobertura de cargos a permanencia. % C.A.R.U. imagen","og_description":"Por este medio adjuntamos las bases para el llamado a postulaci\u00f3n a realizarse el 18 hasta el 23 (inclusive) de noviembre de 2025. \u00a0 Jefes de Campa\u00f1a para Comit\u00e9 Cient\u00edfico (Fray Bentos):1 cargo \u2013 nacionalidad uruguaya.1 cargo \u2013 nacionalidad argentina. F-Bases-del-Llamado-N-06-25-Jefe-del-Campa\u00f1a-CC-MAP-2-1 \u00a0 Analista de Laboratorio para Comit\u00e9 Cient\u00edfico: 1 cargo \u2013 nacionalidad uruguaya. f-Bases-de-Llamado-N\u00b0-05-25-Analista-de-Laboratorio-CC-F-MAP-4-1 \u00a0 [&hellip;]","og_url":"https:\/\/caru.org.uy\/nuevositio\/2025\/10\/31\/bases-para-convocatoria-abierta-para-la-cobertura-de-cargos-a-permanencia\/","og_site_name":"C.A.R.U.","article_published_time":"2025-11-01T02:59:00+00:00","article_modified_time":"2025-11-04T16:39:33+00:00","og_image":[{"width":512,"height":342,"url":"https:\/\/caru.org.uy\/nuevositio\/wp-content\/uploads\/2023\/11\/formu-caru-e1701453267857.jpg","type":"image\/jpeg"}],"author":"Federico","twitter_card":"summary_large_image","twitter_misc":{"Escrito por":"Federico","Tiempo de lectura":"1 minuto"},"schema":{"@context":"https:\/\/schema.org","@graph":[{"@type":["Article","BlogPosting"],"@id":"https:\/\/caru.org.uy\/nuevositio\/2025\/10\/31\/bases-para-convocatoria-abierta-para-la-cobertura-de-cargos-a-permanencia\/#article","isPartOf":{"@id":"https:\/\/caru.org.uy\/nuevositio\/2025\/10\/31\/bases-para-convocatoria-abierta-para-la-cobertura-de-cargos-a-permanencia\/"},"author":{"name":"Federico","@id":"https:\/\/caru.org.uy\/nuevositio\/#\/schema\/person\/fba625b864836c52fe4d995c9dc2869d"},"headline":"Bases para convocatoria abierta para la cobertura de cargos a permanencia.","datePublished":"2025-11-01T02:59:00+00:00","dateModified":"2025-11-04T16:39:33+00:00","mainEntityOfPage":{"@id":"https:\/\/caru.org.uy\/nuevositio\/2025\/10\/31\/bases-para-convocatoria-abierta-para-la-cobertura-de-cargos-a-permanencia\/"},"wordCount":120,"commentCount":0,"publisher":{"@id":"https:\/\/caru.org.uy\/nuevositio\/#organization"},"image":{"@id":"https:\/\/caru.org.uy\/nuevositio\/2025\/10\/31\/bases-para-convocatoria-abierta-para-la-cobertura-de-cargos-a-permanencia\/#primaryimage"},"thumbnailUrl":"https:\/\/caru.org.uy\/nuevositio\/wp-content\/uploads\/2023\/11\/formu-caru-e1701453267857.jpg","articleSection":["Destacada"],"inLanguage":"es","potentialAction":[{"@type":"CommentAction","name":"Comment","target":["https:\/\/caru.org.uy\/nuevositio\/2025\/10\/31\/bases-para-convocatoria-abierta-para-la-cobertura-de-cargos-a-permanencia\/#respond"]}]},{"@type":"WebPage","@id":"https:\/\/caru.org.uy\/nuevositio\/2025\/10\/31\/bases-para-convocatoria-abierta-para-la-cobertura-de-cargos-a-permanencia\/","url":"https:\/\/caru.org.uy\/nuevositio\/2025\/10\/31\/bases-para-convocatoria-abierta-para-la-cobertura-de-cargos-a-permanencia\/","name":"Bases para convocatoria abierta para la cobertura de cargos a permanencia. % C.A.R.U. imagen","isPartOf":{"@id":"https:\/\/caru.org.uy\/nuevositio\/#website"},"primaryImageOfPage":{"@id":"https:\/\/caru.org.uy\/nuevositio\/2025\/10\/31\/bases-para-convocatoria-abierta-para-la-cobertura-de-cargos-a-permanencia\/#primaryimage"},"image":{"@id":"https:\/\/caru.org.uy\/nuevositio\/2025\/10\/31\/bases-para-convocatoria-abierta-para-la-cobertura-de-cargos-a-permanencia\/#primaryimage"},"thumbnailUrl":"https:\/\/caru.org.uy\/nuevositio\/wp-content\/uploads\/2023\/11\/formu-caru-e1701453267857.jpg","datePublished":"2025-11-01T02:59:00+00:00","dateModified":"2025-11-04T16:39:33+00:00","breadcrumb":{"@id":"https:\/\/caru.org.uy\/nuevositio\/2025\/10\/31\/bases-para-convocatoria-abierta-para-la-cobertura-de-cargos-a-permanencia\/#breadcrumb"},"inLanguage":"es","potentialAction":[{"@type":"ReadAction","target":["https:\/\/caru.org.uy\/nuevositio\/2025\/10\/31\/bases-para-convocatoria-abierta-para-la-cobertura-de-cargos-a-permanencia\/"]}]},{"@type":"ImageObject","inLanguage":"es","@id":"https:\/\/caru.org.uy\/nuevositio\/2025\/10\/31\/bases-para-convocatoria-abierta-para-la-cobertura-de-cargos-a-permanencia\/#primaryimage","url":"https:\/\/caru.org.uy\/nuevositio\/wp-content\/uploads\/2023\/11\/formu-caru-e1701453267857.jpg","contentUrl":"https:\/\/caru.org.uy\/nuevositio\/wp-content\/uploads\/2023\/11\/formu-caru-e1701453267857.jpg","width":512,"height":342},{"@type":"BreadcrumbList","@id":"https:\/\/caru.org.uy\/nuevositio\/2025\/10\/31\/bases-para-convocatoria-abierta-para-la-cobertura-de-cargos-a-permanencia\/#breadcrumb","itemListElement":[{"@type":"ListItem","position":1,"name":"Portada","item":"https:\/\/caru.org.uy\/nuevositio\/"},{"@type":"ListItem","position":2,"name":"Bases para convocatoria abierta para la cobertura de cargos a permanencia."}]},{"@type":"WebSite","@id":"https:\/\/caru.org.uy\/nuevositio\/#website","url":"https:\/\/caru.org.uy\/nuevositio\/","name":"C.A.R.U.","description":"Comisi\u00f3n Administradora del R\u00edo Uruguay","publisher":{"@id":"https:\/\/caru.org.uy\/nuevositio\/#organization"},"potentialAction":[{"@type":"SearchAction","target":{"@type":"EntryPoint","urlTemplate":"https:\/\/caru.org.uy\/nuevositio\/?s={search_term_string}"},"query-input":{"@type":"PropertyValueSpecification","valueRequired":true,"valueName":"search_term_string"}}],"inLanguage":"es"},{"@type":"Organization","@id":"https:\/\/caru.org.uy\/nuevositio\/#organization","name":"C.A.R.U.","url":"https:\/\/caru.org.uy\/nuevositio\/","logo":{"@type":"ImageObject","inLanguage":"es","@id":"https:\/\/caru.org.uy\/nuevositio\/#\/schema\/logo\/image\/","url":"https:\/\/caru.org.uy\/nuevositio\/wp-content\/uploads\/2023\/11\/logo-nuevo.jpg","contentUrl":"https:\/\/caru.org.uy\/nuevositio\/wp-content\/uploads\/2023\/11\/logo-nuevo.jpg","width":1,"height":1,"caption":"C.A.R.U."},"image":{"@id":"https:\/\/caru.org.uy\/nuevositio\/#\/schema\/logo\/image\/"}},{"@type":"Person","@id":"https:\/\/caru.org.uy\/nuevositio\/#\/schema\/person\/fba625b864836c52fe4d995c9dc2869d","name":"Federico","image":{"@type":"ImageObject","inLanguage":"es","@id":"https:\/\/secure.gravatar.com\/avatar\/542d68923246b6c29256d811c3ce7f803fe17d6a190c813a52ef45fcda4733ad?s=96&d=mm&r=g","url":"https:\/\/secure.gravatar.com\/avatar\/542d68923246b6c29256d811c3ce7f803fe17d6a190c813a52ef45fcda4733ad?s=96&d=mm&r=g","contentUrl":"https:\/\/secure.gravatar.com\/avatar\/542d68923246b6c29256d811c3ce7f803fe17d6a190c813a52ef45fcda4733ad?s=96&d=mm&r=g","caption":"Federico"},"url":"https:\/\/caru.org.uy\/nuevositio\/author\/federico\/"}]}},"_links":{"self":[{"href":"https:\/\/caru.org.uy\/nuevositio\/wp-json\/wp\/v2\/posts\/12001","targetHints":{"allow":["GET"]}}],"collection":[{"href":"https:\/\/caru.org.uy\/nuevositio\/wp-json\/wp\/v2\/posts"}],"about":[{"href":"https:\/\/caru.org.uy\/nuevositio\/wp-json\/wp\/v2\/types\/post"}],"author":[{"embeddable":true,"href":"https:\/\/caru.org.uy\/nuevositio\/wp-json\/wp\/v2\/users\/12"}],"replies":[{"embeddable":true,"href":"https:\/\/caru.org.uy\/nuevositio\/wp-json\/wp\/v2\/comments?post=12001"}],"version-history":[{"count":5,"href":"https:\/\/caru.org.uy\/nuevositio\/wp-json\/wp\/v2\/posts\/12001\/revisions"}],"predecessor-version":[{"id":12074,"href":"https:\/\/caru.org.uy\/nuevositio\/wp-json\/wp\/v2\/posts\/12001\/revisions\/12074"}],"wp:featuredmedia":[{"embeddable":true,"href":"https:\/\/caru.org.uy\/nuevositio\/wp-json\/wp\/v2\/media\/8822"}],"wp:attachment":[{"href":"https:\/\/caru.org.uy\/nuevositio\/wp-json\/wp\/v2\/media?parent=12001"}],"wp:term":[{"taxonomy":"category","embeddable":true,"href":"https:\/\/caru.org.uy\/nuevositio\/wp-json\/wp\/v2\/categories?post=12001"},{"taxonomy":"post_tag","embeddable":true,"href":"https:\/\/caru.org.uy\/nuevositio\/wp-json\/wp\/v2\/tags?post=12001"}],"curies":[{"name":"wp","href":"https:\/\/api.w.org\/{rel}","templated":true}]}}