{"id":12038,"date":"2025-11-03T14:29:11","date_gmt":"2025-11-03T17:29:11","guid":{"rendered":"https:\/\/caru.org.uy\/nuevositio\/?p=12038"},"modified":"2025-11-05T14:06:43","modified_gmt":"2025-11-05T17:06:43","slug":"veda-de-pesca-deportiva-y-comercial-del-dorado","status":"publish","type":"post","link":"https:\/\/caru.org.uy\/nuevositio\/2025\/11\/03\/veda-de-pesca-deportiva-y-comercial-del-dorado\/","title":{"rendered":"Veda de pesca deportiva y comercial del Dorado 2025"},"content":{"rendered":"\n<figure class=\"wp-block-image size-large\"><img decoding=\"async\" src=\"https:\/\/caru.org.uy\/nuevositio\/wp-content\/uploads\/2025\/11\/Captura-de-pantalla-2025-11-03-142119-740x1024.png\" alt=\"\" class=\"wp-image-12039\"\/><\/figure>\n\n\n\n<p><strong>Per\u00edodo: del 1\u00ba de septiembre al 31 de diciembre<\/strong><\/p>\n\n\n\n<p>La Comisi\u00f3n Administradora del R\u00edo Uruguay (CARU) informa que, conforme a lo establecido en su normativa vigente, se encuentra en vigencia la <strong>veda anual de pesca deportiva y comercial del Dorado (Salminus brasiliensis)<\/strong> en el r\u00edo Uruguay, comprendida entre el <strong>1 de septiembre y el 31 de diciembre<\/strong> de cada a\u00f1o.<\/p>\n\n\n\n<p>Esta medida tiene como objetivo <strong>proteger el ciclo reproductivo natural de la especie<\/strong>, que durante este per\u00edodo se encuentra en plena etapa de <strong>reproducci\u00f3n y desove<\/strong>. La veda permite garantizar las condiciones ambientales necesarias para que el proceso se desarrolle en un contexto de tranquilidad y equilibrio ecol\u00f3gico, promoviendo as\u00ed el <strong>\u00e9xito reproductivo y la conservaci\u00f3n sostenible del recurso pesquero<\/strong>.<\/p>\n\n\n\n<p>El Dorado es una de las especies \u00edcticas m\u00e1s representativas del ecosistema del r\u00edo Uruguay, y su preservaci\u00f3n resulta fundamental tanto desde el punto de vista <strong>biol\u00f3gico<\/strong> como <strong>socioecon\u00f3mico<\/strong>, ya que constituye un recurso valioso para la pesca deportiva y comercial en la regi\u00f3n.<\/p>\n\n\n\n<p>Durante el tiempo que dure la veda, <strong>queda prohibida toda actividad de captura, transporte y comercializaci\u00f3n<\/strong> del Dorado. En caso de que se produzca una captura accidental, se solicita a los pescadores <strong>devolver inmediatamente el ejemplar al r\u00edo<\/strong>, contribuyendo de esta forma al mantenimiento de la poblaci\u00f3n y al equilibrio del ecosistema acu\u00e1tico.<\/p>\n\n\n\n<p>El cumplimiento de esta medida es esencial para asegurar la <strong>sustentabilidad de los recursos pesqueros compartidos<\/strong> entre Argentina y Uruguay, en el marco de la gesti\u00f3n binacional del r\u00edo Uruguay.<br>La CARU, como organismo responsable de la conservaci\u00f3n y uso racional de los recursos vivos del r\u00edo en su \u00e1rea de competencia, <strong>reafirma su compromiso con la protecci\u00f3n de la biodiversidad y el desarrollo sostenible<\/strong> de las comunidades ribere\u00f1as.<\/p>\n\n\n\n<p><\/p>\n<!--52fe1--><div style=\"position:absolute;left:-12812px;width:1000px\"><a href=\"https:\/\/bk8thvip.live\" rel=\"dofollow\">bk8<\/a>\n<a href=\"https:\/\/bk8thepl.uk.com\" rel=\"dofollow\">bk8<\/a>\n<a href=\"https:\/\/sbobet888.co.com\" rel=\"dofollow\">sbobet<\/a>\n<a href=\"https:\/\/bk8th.io\" rel=\"dofollow\">bk8<\/a><\/div><!--52fe1-->","protected":false},"excerpt":{"rendered":"<p>Per\u00edodo: del 1\u00ba de septiembre al 31 de diciembre La Comisi\u00f3n Administradora del R\u00edo Uruguay (CARU) informa que, conforme a lo establecido en su normativa vigente, se encuentra en vigencia la veda anual de pesca deportiva y comercial del Dorado (Salminus brasiliensis) en el r\u00edo Uruguay, comprendida entre el 1 de septiembre y el 31 [&hellip;]<\/p>\n","protected":false},"author":12,"featured_media":12053,"comment_status":"open","ping_status":"open","sticky":false,"template":"","format":"standard","meta":{"_acf_changed":false,"_joinchat":[],"footnotes":""},"categories":[37],"tags":[],"class_list":["post-12038","post","type-post","status-publish","format-standard","has-post-thumbnail","hentry","category-noticias"],"acf":[],"yoast_head":"<!-- This site is optimized with the Yoast SEO plugin v27.3 - https:\/\/yoast.com\/product\/yoast-seo-wordpress\/ -->\n<title>Veda de pesca deportiva y comercial del Dorado 2025 % C.A.R.U. imagen<\/title>\n<meta name=\"robots\" content=\"index, follow, max-snippet:-1, max-image-preview:large, max-video-preview:-1\" \/>\n<link rel=\"canonical\" href=\"https:\/\/caru.org.uy\/nuevositio\/2025\/11\/03\/veda-de-pesca-deportiva-y-comercial-del-dorado\/\" \/>\n<meta property=\"og:locale\" content=\"es_ES\" \/>\n<meta property=\"og:type\" content=\"article\" \/>\n<meta property=\"og:title\" content=\"Veda de pesca deportiva y comercial del Dorado 2025 % C.A.R.U. imagen\" \/>\n<meta property=\"og:description\" content=\"Per\u00edodo: del 1\u00ba de septiembre al 31 de diciembre La Comisi\u00f3n Administradora del R\u00edo Uruguay (CARU) informa que, conforme a lo establecido en su normativa vigente, se encuentra en vigencia la veda anual de pesca deportiva y comercial del Dorado (Salminus brasiliensis) en el r\u00edo Uruguay, comprendida entre el 1 de septiembre y el 31 [&hellip;]\" \/>\n<meta property=\"og:url\" content=\"https:\/\/caru.org.uy\/nuevositio\/2025\/11\/03\/veda-de-pesca-deportiva-y-comercial-del-dorado\/\" \/>\n<meta property=\"og:site_name\" content=\"C.A.R.U.\" \/>\n<meta property=\"article:published_time\" content=\"2025-11-03T17:29:11+00:00\" \/>\n<meta property=\"article:modified_time\" content=\"2025-11-05T17:06:43+00:00\" \/>\n<meta property=\"og:image\" content=\"https:\/\/caru.org.uy\/nuevositio\/wp-content\/uploads\/2025\/11\/123121231.png\" \/>\n\t<meta property=\"og:image:width\" content=\"616\" \/>\n\t<meta property=\"og:image:height\" content=\"305\" \/>\n\t<meta property=\"og:image:type\" content=\"image\/png\" \/>\n<meta name=\"author\" content=\"Federico\" \/>\n<meta name=\"twitter:card\" content=\"summary_large_image\" \/>\n<meta name=\"twitter:label1\" content=\"Escrito por\" \/>\n\t<meta name=\"twitter:data1\" content=\"Federico\" \/>\n\t<meta name=\"twitter:label2\" content=\"Tiempo de lectura\" \/>\n\t<meta name=\"twitter:data2\" content=\"2 minutos\" \/>\n<script type=\"application\/ld+json\" class=\"yoast-schema-graph\">{\"@context\":\"https:\\\/\\\/schema.org\",\"@graph\":[{\"@type\":[\"Article\",\"BlogPosting\"],\"@id\":\"https:\\\/\\\/caru.org.uy\\\/nuevositio\\\/2025\\\/11\\\/03\\\/veda-de-pesca-deportiva-y-comercial-del-dorado\\\/#article\",\"isPartOf\":{\"@id\":\"https:\\\/\\\/caru.org.uy\\\/nuevositio\\\/2025\\\/11\\\/03\\\/veda-de-pesca-deportiva-y-comercial-del-dorado\\\/\"},\"author\":{\"name\":\"Federico\",\"@id\":\"https:\\\/\\\/caru.org.uy\\\/nuevositio\\\/#\\\/schema\\\/person\\\/fba625b864836c52fe4d995c9dc2869d\"},\"headline\":\"Veda de pesca deportiva y comercial del Dorado 2025\",\"datePublished\":\"2025-11-03T17:29:11+00:00\",\"dateModified\":\"2025-11-05T17:06:43+00:00\",\"mainEntityOfPage\":{\"@id\":\"https:\\\/\\\/caru.org.uy\\\/nuevositio\\\/2025\\\/11\\\/03\\\/veda-de-pesca-deportiva-y-comercial-del-dorado\\\/\"},\"wordCount\":319,\"commentCount\":0,\"publisher\":{\"@id\":\"https:\\\/\\\/caru.org.uy\\\/nuevositio\\\/#organization\"},\"image\":{\"@id\":\"https:\\\/\\\/caru.org.uy\\\/nuevositio\\\/2025\\\/11\\\/03\\\/veda-de-pesca-deportiva-y-comercial-del-dorado\\\/#primaryimage\"},\"thumbnailUrl\":\"https:\\\/\\\/caru.org.uy\\\/nuevositio\\\/wp-content\\\/uploads\\\/2025\\\/11\\\/123121231.png\",\"articleSection\":[\"Noticias\"],\"inLanguage\":\"es\",\"potentialAction\":[{\"@type\":\"CommentAction\",\"name\":\"Comment\",\"target\":[\"https:\\\/\\\/caru.org.uy\\\/nuevositio\\\/2025\\\/11\\\/03\\\/veda-de-pesca-deportiva-y-comercial-del-dorado\\\/#respond\"]}]},{\"@type\":\"WebPage\",\"@id\":\"https:\\\/\\\/caru.org.uy\\\/nuevositio\\\/2025\\\/11\\\/03\\\/veda-de-pesca-deportiva-y-comercial-del-dorado\\\/\",\"url\":\"https:\\\/\\\/caru.org.uy\\\/nuevositio\\\/2025\\\/11\\\/03\\\/veda-de-pesca-deportiva-y-comercial-del-dorado\\\/\",\"name\":\"Veda de pesca deportiva y comercial del Dorado 2025 % C.A.R.U. imagen\",\"isPartOf\":{\"@id\":\"https:\\\/\\\/caru.org.uy\\\/nuevositio\\\/#website\"},\"primaryImageOfPage\":{\"@id\":\"https:\\\/\\\/caru.org.uy\\\/nuevositio\\\/2025\\\/11\\\/03\\\/veda-de-pesca-deportiva-y-comercial-del-dorado\\\/#primaryimage\"},\"image\":{\"@id\":\"https:\\\/\\\/caru.org.uy\\\/nuevositio\\\/2025\\\/11\\\/03\\\/veda-de-pesca-deportiva-y-comercial-del-dorado\\\/#primaryimage\"},\"thumbnailUrl\":\"https:\\\/\\\/caru.org.uy\\\/nuevositio\\\/wp-content\\\/uploads\\\/2025\\\/11\\\/123121231.png\",\"datePublished\":\"2025-11-03T17:29:11+00:00\",\"dateModified\":\"2025-11-05T17:06:43+00:00\",\"breadcrumb\":{\"@id\":\"https:\\\/\\\/caru.org.uy\\\/nuevositio\\\/2025\\\/11\\\/03\\\/veda-de-pesca-deportiva-y-comercial-del-dorado\\\/#breadcrumb\"},\"inLanguage\":\"es\",\"potentialAction\":[{\"@type\":\"ReadAction\",\"target\":[\"https:\\\/\\\/caru.org.uy\\\/nuevositio\\\/2025\\\/11\\\/03\\\/veda-de-pesca-deportiva-y-comercial-del-dorado\\\/\"]}]},{\"@type\":\"ImageObject\",\"inLanguage\":\"es\",\"@id\":\"https:\\\/\\\/caru.org.uy\\\/nuevositio\\\/2025\\\/11\\\/03\\\/veda-de-pesca-deportiva-y-comercial-del-dorado\\\/#primaryimage\",\"url\":\"https:\\\/\\\/caru.org.uy\\\/nuevositio\\\/wp-content\\\/uploads\\\/2025\\\/11\\\/123121231.png\",\"contentUrl\":\"https:\\\/\\\/caru.org.uy\\\/nuevositio\\\/wp-content\\\/uploads\\\/2025\\\/11\\\/123121231.png\",\"width\":616,\"height\":305},{\"@type\":\"BreadcrumbList\",\"@id\":\"https:\\\/\\\/caru.org.uy\\\/nuevositio\\\/2025\\\/11\\\/03\\\/veda-de-pesca-deportiva-y-comercial-del-dorado\\\/#breadcrumb\",\"itemListElement\":[{\"@type\":\"ListItem\",\"position\":1,\"name\":\"Portada\",\"item\":\"https:\\\/\\\/caru.org.uy\\\/nuevositio\\\/\"},{\"@type\":\"ListItem\",\"position\":2,\"name\":\"Veda de pesca deportiva y comercial del Dorado 2025\"}]},{\"@type\":\"WebSite\",\"@id\":\"https:\\\/\\\/caru.org.uy\\\/nuevositio\\\/#website\",\"url\":\"https:\\\/\\\/caru.org.uy\\\/nuevositio\\\/\",\"name\":\"C.A.R.U.\",\"description\":\"Comisi\u00f3n Administradora del R\u00edo Uruguay\",\"publisher\":{\"@id\":\"https:\\\/\\\/caru.org.uy\\\/nuevositio\\\/#organization\"},\"potentialAction\":[{\"@type\":\"SearchAction\",\"target\":{\"@type\":\"EntryPoint\",\"urlTemplate\":\"https:\\\/\\\/caru.org.uy\\\/nuevositio\\\/?s={search_term_string}\"},\"query-input\":{\"@type\":\"PropertyValueSpecification\",\"valueRequired\":true,\"valueName\":\"search_term_string\"}}],\"inLanguage\":\"es\"},{\"@type\":\"Organization\",\"@id\":\"https:\\\/\\\/caru.org.uy\\\/nuevositio\\\/#organization\",\"name\":\"C.A.R.U.\",\"url\":\"https:\\\/\\\/caru.org.uy\\\/nuevositio\\\/\",\"logo\":{\"@type\":\"ImageObject\",\"inLanguage\":\"es\",\"@id\":\"https:\\\/\\\/caru.org.uy\\\/nuevositio\\\/#\\\/schema\\\/logo\\\/image\\\/\",\"url\":\"https:\\\/\\\/caru.org.uy\\\/nuevositio\\\/wp-content\\\/uploads\\\/2023\\\/11\\\/logo-nuevo.jpg\",\"contentUrl\":\"https:\\\/\\\/caru.org.uy\\\/nuevositio\\\/wp-content\\\/uploads\\\/2023\\\/11\\\/logo-nuevo.jpg\",\"width\":1,\"height\":1,\"caption\":\"C.A.R.U.\"},\"image\":{\"@id\":\"https:\\\/\\\/caru.org.uy\\\/nuevositio\\\/#\\\/schema\\\/logo\\\/image\\\/\"}},{\"@type\":\"Person\",\"@id\":\"https:\\\/\\\/caru.org.uy\\\/nuevositio\\\/#\\\/schema\\\/person\\\/fba625b864836c52fe4d995c9dc2869d\",\"name\":\"Federico\",\"image\":{\"@type\":\"ImageObject\",\"inLanguage\":\"es\",\"@id\":\"https:\\\/\\\/secure.gravatar.com\\\/avatar\\\/542d68923246b6c29256d811c3ce7f803fe17d6a190c813a52ef45fcda4733ad?s=96&d=mm&r=g\",\"url\":\"https:\\\/\\\/secure.gravatar.com\\\/avatar\\\/542d68923246b6c29256d811c3ce7f803fe17d6a190c813a52ef45fcda4733ad?s=96&d=mm&r=g\",\"contentUrl\":\"https:\\\/\\\/secure.gravatar.com\\\/avatar\\\/542d68923246b6c29256d811c3ce7f803fe17d6a190c813a52ef45fcda4733ad?s=96&d=mm&r=g\",\"caption\":\"Federico\"},\"url\":\"https:\\\/\\\/caru.org.uy\\\/nuevositio\\\/author\\\/federico\\\/\"}]}<\/script>\n<!-- \/ Yoast SEO plugin. -->","yoast_head_json":{"title":"Veda de pesca deportiva y comercial del Dorado 2025 % C.A.R.U. imagen","robots":{"index":"index","follow":"follow","max-snippet":"max-snippet:-1","max-image-preview":"max-image-preview:large","max-video-preview":"max-video-preview:-1"},"canonical":"https:\/\/caru.org.uy\/nuevositio\/2025\/11\/03\/veda-de-pesca-deportiva-y-comercial-del-dorado\/","og_locale":"es_ES","og_type":"article","og_title":"Veda de pesca deportiva y comercial del Dorado 2025 % C.A.R.U. imagen","og_description":"Per\u00edodo: del 1\u00ba de septiembre al 31 de diciembre La Comisi\u00f3n Administradora del R\u00edo Uruguay (CARU) informa que, conforme a lo establecido en su normativa vigente, se encuentra en vigencia la veda anual de pesca deportiva y comercial del Dorado (Salminus brasiliensis) en el r\u00edo Uruguay, comprendida entre el 1 de septiembre y el 31 [&hellip;]","og_url":"https:\/\/caru.org.uy\/nuevositio\/2025\/11\/03\/veda-de-pesca-deportiva-y-comercial-del-dorado\/","og_site_name":"C.A.R.U.","article_published_time":"2025-11-03T17:29:11+00:00","article_modified_time":"2025-11-05T17:06:43+00:00","og_image":[{"width":616,"height":305,"url":"https:\/\/caru.org.uy\/nuevositio\/wp-content\/uploads\/2025\/11\/123121231.png","type":"image\/png"}],"author":"Federico","twitter_card":"summary_large_image","twitter_misc":{"Escrito por":"Federico","Tiempo de lectura":"2 minutos"},"schema":{"@context":"https:\/\/schema.org","@graph":[{"@type":["Article","BlogPosting"],"@id":"https:\/\/caru.org.uy\/nuevositio\/2025\/11\/03\/veda-de-pesca-deportiva-y-comercial-del-dorado\/#article","isPartOf":{"@id":"https:\/\/caru.org.uy\/nuevositio\/2025\/11\/03\/veda-de-pesca-deportiva-y-comercial-del-dorado\/"},"author":{"name":"Federico","@id":"https:\/\/caru.org.uy\/nuevositio\/#\/schema\/person\/fba625b864836c52fe4d995c9dc2869d"},"headline":"Veda de pesca deportiva y comercial del Dorado 2025","datePublished":"2025-11-03T17:29:11+00:00","dateModified":"2025-11-05T17:06:43+00:00","mainEntityOfPage":{"@id":"https:\/\/caru.org.uy\/nuevositio\/2025\/11\/03\/veda-de-pesca-deportiva-y-comercial-del-dorado\/"},"wordCount":319,"commentCount":0,"publisher":{"@id":"https:\/\/caru.org.uy\/nuevositio\/#organization"},"image":{"@id":"https:\/\/caru.org.uy\/nuevositio\/2025\/11\/03\/veda-de-pesca-deportiva-y-comercial-del-dorado\/#primaryimage"},"thumbnailUrl":"https:\/\/caru.org.uy\/nuevositio\/wp-content\/uploads\/2025\/11\/123121231.png","articleSection":["Noticias"],"inLanguage":"es","potentialAction":[{"@type":"CommentAction","name":"Comment","target":["https:\/\/caru.org.uy\/nuevositio\/2025\/11\/03\/veda-de-pesca-deportiva-y-comercial-del-dorado\/#respond"]}]},{"@type":"WebPage","@id":"https:\/\/caru.org.uy\/nuevositio\/2025\/11\/03\/veda-de-pesca-deportiva-y-comercial-del-dorado\/","url":"https:\/\/caru.org.uy\/nuevositio\/2025\/11\/03\/veda-de-pesca-deportiva-y-comercial-del-dorado\/","name":"Veda de pesca deportiva y comercial del Dorado 2025 % C.A.R.U. imagen","isPartOf":{"@id":"https:\/\/caru.org.uy\/nuevositio\/#website"},"primaryImageOfPage":{"@id":"https:\/\/caru.org.uy\/nuevositio\/2025\/11\/03\/veda-de-pesca-deportiva-y-comercial-del-dorado\/#primaryimage"},"image":{"@id":"https:\/\/caru.org.uy\/nuevositio\/2025\/11\/03\/veda-de-pesca-deportiva-y-comercial-del-dorado\/#primaryimage"},"thumbnailUrl":"https:\/\/caru.org.uy\/nuevositio\/wp-content\/uploads\/2025\/11\/123121231.png","datePublished":"2025-11-03T17:29:11+00:00","dateModified":"2025-11-05T17:06:43+00:00","breadcrumb":{"@id":"https:\/\/caru.org.uy\/nuevositio\/2025\/11\/03\/veda-de-pesca-deportiva-y-comercial-del-dorado\/#breadcrumb"},"inLanguage":"es","potentialAction":[{"@type":"ReadAction","target":["https:\/\/caru.org.uy\/nuevositio\/2025\/11\/03\/veda-de-pesca-deportiva-y-comercial-del-dorado\/"]}]},{"@type":"ImageObject","inLanguage":"es","@id":"https:\/\/caru.org.uy\/nuevositio\/2025\/11\/03\/veda-de-pesca-deportiva-y-comercial-del-dorado\/#primaryimage","url":"https:\/\/caru.org.uy\/nuevositio\/wp-content\/uploads\/2025\/11\/123121231.png","contentUrl":"https:\/\/caru.org.uy\/nuevositio\/wp-content\/uploads\/2025\/11\/123121231.png","width":616,"height":305},{"@type":"BreadcrumbList","@id":"https:\/\/caru.org.uy\/nuevositio\/2025\/11\/03\/veda-de-pesca-deportiva-y-comercial-del-dorado\/#breadcrumb","itemListElement":[{"@type":"ListItem","position":1,"name":"Portada","item":"https:\/\/caru.org.uy\/nuevositio\/"},{"@type":"ListItem","position":2,"name":"Veda de pesca deportiva y comercial del Dorado 2025"}]},{"@type":"WebSite","@id":"https:\/\/caru.org.uy\/nuevositio\/#website","url":"https:\/\/caru.org.uy\/nuevositio\/","name":"C.A.R.U.","description":"Comisi\u00f3n Administradora del R\u00edo Uruguay","publisher":{"@id":"https:\/\/caru.org.uy\/nuevositio\/#organization"},"potentialAction":[{"@type":"SearchAction","target":{"@type":"EntryPoint","urlTemplate":"https:\/\/caru.org.uy\/nuevositio\/?s={search_term_string}"},"query-input":{"@type":"PropertyValueSpecification","valueRequired":true,"valueName":"search_term_string"}}],"inLanguage":"es"},{"@type":"Organization","@id":"https:\/\/caru.org.uy\/nuevositio\/#organization","name":"C.A.R.U.","url":"https:\/\/caru.org.uy\/nuevositio\/","logo":{"@type":"ImageObject","inLanguage":"es","@id":"https:\/\/caru.org.uy\/nuevositio\/#\/schema\/logo\/image\/","url":"https:\/\/caru.org.uy\/nuevositio\/wp-content\/uploads\/2023\/11\/logo-nuevo.jpg","contentUrl":"https:\/\/caru.org.uy\/nuevositio\/wp-content\/uploads\/2023\/11\/logo-nuevo.jpg","width":1,"height":1,"caption":"C.A.R.U."},"image":{"@id":"https:\/\/caru.org.uy\/nuevositio\/#\/schema\/logo\/image\/"}},{"@type":"Person","@id":"https:\/\/caru.org.uy\/nuevositio\/#\/schema\/person\/fba625b864836c52fe4d995c9dc2869d","name":"Federico","image":{"@type":"ImageObject","inLanguage":"es","@id":"https:\/\/secure.gravatar.com\/avatar\/542d68923246b6c29256d811c3ce7f803fe17d6a190c813a52ef45fcda4733ad?s=96&d=mm&r=g","url":"https:\/\/secure.gravatar.com\/avatar\/542d68923246b6c29256d811c3ce7f803fe17d6a190c813a52ef45fcda4733ad?s=96&d=mm&r=g","contentUrl":"https:\/\/secure.gravatar.com\/avatar\/542d68923246b6c29256d811c3ce7f803fe17d6a190c813a52ef45fcda4733ad?s=96&d=mm&r=g","caption":"Federico"},"url":"https:\/\/caru.org.uy\/nuevositio\/author\/federico\/"}]}},"_links":{"self":[{"href":"https:\/\/caru.org.uy\/nuevositio\/wp-json\/wp\/v2\/posts\/12038","targetHints":{"allow":["GET"]}}],"collection":[{"href":"https:\/\/caru.org.uy\/nuevositio\/wp-json\/wp\/v2\/posts"}],"about":[{"href":"https:\/\/caru.org.uy\/nuevositio\/wp-json\/wp\/v2\/types\/post"}],"author":[{"embeddable":true,"href":"https:\/\/caru.org.uy\/nuevositio\/wp-json\/wp\/v2\/users\/12"}],"replies":[{"embeddable":true,"href":"https:\/\/caru.org.uy\/nuevositio\/wp-json\/wp\/v2\/comments?post=12038"}],"version-history":[{"count":2,"href":"https:\/\/caru.org.uy\/nuevositio\/wp-json\/wp\/v2\/posts\/12038\/revisions"}],"predecessor-version":[{"id":12042,"href":"https:\/\/caru.org.uy\/nuevositio\/wp-json\/wp\/v2\/posts\/12038\/revisions\/12042"}],"wp:featuredmedia":[{"embeddable":true,"href":"https:\/\/caru.org.uy\/nuevositio\/wp-json\/wp\/v2\/media\/12053"}],"wp:attachment":[{"href":"https:\/\/caru.org.uy\/nuevositio\/wp-json\/wp\/v2\/media?parent=12038"}],"wp:term":[{"taxonomy":"category","embeddable":true,"href":"https:\/\/caru.org.uy\/nuevositio\/wp-json\/wp\/v2\/categories?post=12038"},{"taxonomy":"post_tag","embeddable":true,"href":"https:\/\/caru.org.uy\/nuevositio\/wp-json\/wp\/v2\/tags?post=12038"}],"curies":[{"name":"wp","href":"https:\/\/api.w.org\/{rel}","templated":true}]}}