{"id":12075,"date":"2025-11-05T14:44:17","date_gmt":"2025-11-05T17:44:17","guid":{"rendered":"https:\/\/caru.org.uy\/nuevositio\/?p=12075"},"modified":"2025-11-07T10:21:55","modified_gmt":"2025-11-07T13:21:55","slug":"resultados-del-sorteo-de-puestos-eventuales-uruguayos-con-escribano-publico-realizado-el-dia-5-de-noviembre","status":"publish","type":"post","link":"https:\/\/caru.org.uy\/nuevositio\/2025\/11\/05\/resultados-del-sorteo-de-puestos-eventuales-uruguayos-con-escribano-publico-realizado-el-dia-5-de-noviembre\/","title":{"rendered":"Resultados del sorteo de puestos eventuales uruguayos con escribano p\u00fablico, realizado el d\u00eda 5 de noviembre."},"content":{"rendered":"\n<p><\/p>\n\n\n\n<figure class=\"wp-block-gallery has-nested-images columns-default is-cropped wp-block-gallery-1 is-layout-flex wp-block-gallery-is-layout-flex\">\n<figure class=\"wp-block-image size-large\"><img fetchpriority=\"high\" decoding=\"async\" width=\"1024\" height=\"460\" data-id=\"12077\" src=\"https:\/\/caru.org.uy\/nuevositio\/wp-content\/uploads\/2025\/11\/concurso-caru-300x135-2-1024x460.png\" alt=\"\" class=\"wp-image-12077\" srcset=\"https:\/\/caru.org.uy\/nuevositio\/wp-content\/uploads\/2025\/11\/concurso-caru-300x135-2-1024x460.png 1024w, https:\/\/caru.org.uy\/nuevositio\/wp-content\/uploads\/2025\/11\/concurso-caru-300x135-2-300x135.png 300w, https:\/\/caru.org.uy\/nuevositio\/wp-content\/uploads\/2025\/11\/concurso-caru-300x135-2-768x345.png 768w, https:\/\/caru.org.uy\/nuevositio\/wp-content\/uploads\/2025\/11\/concurso-caru-300x135-2.png 1242w\" sizes=\"(max-width: 1024px) 100vw, 1024px\" \/><\/figure>\n<\/figure>\n\n\n\n<p>Se adjuntan los resultados del <strong>sorteo de puestos eventuales uruguayos<\/strong> realizado el d\u00eda <strong>5 de noviembre<\/strong>, correspondiente a la selecci\u00f3n de personal para los cargos de <strong>Maestranza<\/strong>, <strong>Cajeros<\/strong> y <strong>Banderilleros<\/strong>. La <strong>documentaci\u00f3n presentada<\/strong> y el <strong>cumplimiento de los requisitos establecidos<\/strong> ser\u00e1n objeto de <strong>verificaci\u00f3n<\/strong>, a fin de <strong>proceder con las convocatorias<\/strong> para el ejercicio de las funciones previamente mencionadas.<\/p>\n\n\n\n<div data-wp-interactive=\"core\/file\" class=\"wp-block-file\"><object data-wp-bind--hidden=\"!state.hasPdfPreview\" hidden class=\"wp-block-file__embed\" data=\"https:\/\/caru.org.uy\/nuevositio\/wp-content\/uploads\/2025\/11\/Resultado-sorteo-de-eventuales-Dia-5-11-2025.pdf\" type=\"application\/pdf\" style=\"width:100%;height:600px\" aria-label=\"Incrustado de Resultado sorteo de eventuales D\u00eda 5-11-2025.\"><\/object><a id=\"wp-block-file--media-6164d339-d025-4d63-9543-c39e30b242a6\" href=\"https:\/\/caru.org.uy\/nuevositio\/wp-content\/uploads\/2025\/11\/Resultado-sorteo-de-eventuales-Dia-5-11-2025.pdf\">Resultado sorteo de eventuales D\u00eda 5-11-2025<\/a><a href=\"https:\/\/caru.org.uy\/nuevositio\/wp-content\/uploads\/2025\/11\/Resultado-sorteo-de-eventuales-Dia-5-11-2025.pdf\" class=\"wp-block-file__button wp-element-button\" download aria-describedby=\"wp-block-file--media-6164d339-d025-4d63-9543-c39e30b242a6\">Descarga<\/a><\/div>\n\n\n\n<p><strong>SE LLAMAR\u00c1 \u00daNICAMENTE A AQUELLOS POSTULANTES URUGUAYOS QUE CUMPLAN CON LAS BASES Y REQUISITOS PREVIAMENTE ESTABLECIDOS.<\/strong><\/p>\n","protected":false},"excerpt":{"rendered":"<p>Se adjuntan los resultados del sorteo de puestos eventuales uruguayos realizado el d\u00eda 5 de noviembre, correspondiente a la selecci\u00f3n de personal para los cargos de Maestranza, Cajeros y Banderilleros. La documentaci\u00f3n presentada y el cumplimiento de los requisitos establecidos ser\u00e1n objeto de verificaci\u00f3n, a fin de proceder con las convocatorias para el ejercicio de [&hellip;]<\/p>\n","protected":false},"author":12,"featured_media":12100,"comment_status":"open","ping_status":"open","sticky":false,"template":"","format":"standard","meta":{"_acf_changed":false,"_joinchat":[],"footnotes":""},"categories":[36,40],"tags":[],"class_list":["post-12075","post","type-post","status-publish","format-standard","has-post-thumbnail","hentry","category-concursos","category-destacada"],"acf":[],"yoast_head":"<!-- This site is optimized with the Yoast SEO plugin v27.3 - https:\/\/yoast.com\/product\/yoast-seo-wordpress\/ -->\n<title>Resultados del sorteo de puestos eventuales uruguayos con escribano p\u00fablico, realizado el d\u00eda 5 de noviembre. % C.A.R.U. imagen<\/title>\n<meta name=\"robots\" content=\"index, follow, max-snippet:-1, max-image-preview:large, max-video-preview:-1\" \/>\n<link rel=\"canonical\" href=\"https:\/\/caru.org.uy\/nuevositio\/2025\/11\/05\/resultados-del-sorteo-de-puestos-eventuales-uruguayos-con-escribano-publico-realizado-el-dia-5-de-noviembre\/\" \/>\n<meta property=\"og:locale\" content=\"es_ES\" \/>\n<meta property=\"og:type\" content=\"article\" \/>\n<meta property=\"og:title\" content=\"Resultados del sorteo de puestos eventuales uruguayos con escribano p\u00fablico, realizado el d\u00eda 5 de noviembre. % C.A.R.U. imagen\" \/>\n<meta property=\"og:description\" content=\"Se adjuntan los resultados del sorteo de puestos eventuales uruguayos realizado el d\u00eda 5 de noviembre, correspondiente a la selecci\u00f3n de personal para los cargos de Maestranza, Cajeros y Banderilleros. La documentaci\u00f3n presentada y el cumplimiento de los requisitos establecidos ser\u00e1n objeto de verificaci\u00f3n, a fin de proceder con las convocatorias para el ejercicio de [&hellip;]\" \/>\n<meta property=\"og:url\" content=\"https:\/\/caru.org.uy\/nuevositio\/2025\/11\/05\/resultados-del-sorteo-de-puestos-eventuales-uruguayos-con-escribano-publico-realizado-el-dia-5-de-noviembre\/\" \/>\n<meta property=\"og:site_name\" content=\"C.A.R.U.\" \/>\n<meta property=\"article:published_time\" content=\"2025-11-05T17:44:17+00:00\" \/>\n<meta property=\"article:modified_time\" content=\"2025-11-07T13:21:55+00:00\" \/>\n<meta property=\"og:image\" content=\"https:\/\/caru.org.uy\/nuevositio\/wp-content\/uploads\/2025\/11\/Sin-titulo-1-4-scaled.png\" \/>\n\t<meta property=\"og:image:width\" content=\"2560\" \/>\n\t<meta property=\"og:image:height\" content=\"1236\" \/>\n\t<meta property=\"og:image:type\" content=\"image\/png\" \/>\n<meta name=\"author\" content=\"Federico\" \/>\n<meta name=\"twitter:card\" content=\"summary_large_image\" \/>\n<meta name=\"twitter:label1\" content=\"Escrito por\" \/>\n\t<meta name=\"twitter:data1\" content=\"Federico\" \/>\n\t<meta name=\"twitter:label2\" content=\"Tiempo de lectura\" \/>\n\t<meta name=\"twitter:data2\" content=\"1 minuto\" \/>\n<script type=\"application\/ld+json\" class=\"yoast-schema-graph\">{\"@context\":\"https:\\\/\\\/schema.org\",\"@graph\":[{\"@type\":[\"Article\",\"BlogPosting\"],\"@id\":\"https:\\\/\\\/caru.org.uy\\\/nuevositio\\\/2025\\\/11\\\/05\\\/resultados-del-sorteo-de-puestos-eventuales-uruguayos-con-escribano-publico-realizado-el-dia-5-de-noviembre\\\/#article\",\"isPartOf\":{\"@id\":\"https:\\\/\\\/caru.org.uy\\\/nuevositio\\\/2025\\\/11\\\/05\\\/resultados-del-sorteo-de-puestos-eventuales-uruguayos-con-escribano-publico-realizado-el-dia-5-de-noviembre\\\/\"},\"author\":{\"name\":\"Federico\",\"@id\":\"https:\\\/\\\/caru.org.uy\\\/nuevositio\\\/#\\\/schema\\\/person\\\/fba625b864836c52fe4d995c9dc2869d\"},\"headline\":\"Resultados del sorteo de puestos eventuales uruguayos con escribano p\u00fablico, realizado el d\u00eda 5 de noviembre.\",\"datePublished\":\"2025-11-05T17:44:17+00:00\",\"dateModified\":\"2025-11-07T13:21:55+00:00\",\"mainEntityOfPage\":{\"@id\":\"https:\\\/\\\/caru.org.uy\\\/nuevositio\\\/2025\\\/11\\\/05\\\/resultados-del-sorteo-de-puestos-eventuales-uruguayos-con-escribano-publico-realizado-el-dia-5-de-noviembre\\\/\"},\"wordCount\":105,\"commentCount\":0,\"publisher\":{\"@id\":\"https:\\\/\\\/caru.org.uy\\\/nuevositio\\\/#organization\"},\"image\":{\"@id\":\"https:\\\/\\\/caru.org.uy\\\/nuevositio\\\/2025\\\/11\\\/05\\\/resultados-del-sorteo-de-puestos-eventuales-uruguayos-con-escribano-publico-realizado-el-dia-5-de-noviembre\\\/#primaryimage\"},\"thumbnailUrl\":\"https:\\\/\\\/caru.org.uy\\\/nuevositio\\\/wp-content\\\/uploads\\\/2025\\\/11\\\/Sin-titulo-1-4-scaled.png\",\"articleSection\":[\"Concursos\",\"Destacada\"],\"inLanguage\":\"es\",\"potentialAction\":[{\"@type\":\"CommentAction\",\"name\":\"Comment\",\"target\":[\"https:\\\/\\\/caru.org.uy\\\/nuevositio\\\/2025\\\/11\\\/05\\\/resultados-del-sorteo-de-puestos-eventuales-uruguayos-con-escribano-publico-realizado-el-dia-5-de-noviembre\\\/#respond\"]}]},{\"@type\":\"WebPage\",\"@id\":\"https:\\\/\\\/caru.org.uy\\\/nuevositio\\\/2025\\\/11\\\/05\\\/resultados-del-sorteo-de-puestos-eventuales-uruguayos-con-escribano-publico-realizado-el-dia-5-de-noviembre\\\/\",\"url\":\"https:\\\/\\\/caru.org.uy\\\/nuevositio\\\/2025\\\/11\\\/05\\\/resultados-del-sorteo-de-puestos-eventuales-uruguayos-con-escribano-publico-realizado-el-dia-5-de-noviembre\\\/\",\"name\":\"Resultados del sorteo de puestos eventuales uruguayos con escribano p\u00fablico, realizado el d\u00eda 5 de noviembre. % C.A.R.U. imagen\",\"isPartOf\":{\"@id\":\"https:\\\/\\\/caru.org.uy\\\/nuevositio\\\/#website\"},\"primaryImageOfPage\":{\"@id\":\"https:\\\/\\\/caru.org.uy\\\/nuevositio\\\/2025\\\/11\\\/05\\\/resultados-del-sorteo-de-puestos-eventuales-uruguayos-con-escribano-publico-realizado-el-dia-5-de-noviembre\\\/#primaryimage\"},\"image\":{\"@id\":\"https:\\\/\\\/caru.org.uy\\\/nuevositio\\\/2025\\\/11\\\/05\\\/resultados-del-sorteo-de-puestos-eventuales-uruguayos-con-escribano-publico-realizado-el-dia-5-de-noviembre\\\/#primaryimage\"},\"thumbnailUrl\":\"https:\\\/\\\/caru.org.uy\\\/nuevositio\\\/wp-content\\\/uploads\\\/2025\\\/11\\\/Sin-titulo-1-4-scaled.png\",\"datePublished\":\"2025-11-05T17:44:17+00:00\",\"dateModified\":\"2025-11-07T13:21:55+00:00\",\"breadcrumb\":{\"@id\":\"https:\\\/\\\/caru.org.uy\\\/nuevositio\\\/2025\\\/11\\\/05\\\/resultados-del-sorteo-de-puestos-eventuales-uruguayos-con-escribano-publico-realizado-el-dia-5-de-noviembre\\\/#breadcrumb\"},\"inLanguage\":\"es\",\"potentialAction\":[{\"@type\":\"ReadAction\",\"target\":[\"https:\\\/\\\/caru.org.uy\\\/nuevositio\\\/2025\\\/11\\\/05\\\/resultados-del-sorteo-de-puestos-eventuales-uruguayos-con-escribano-publico-realizado-el-dia-5-de-noviembre\\\/\"]}]},{\"@type\":\"ImageObject\",\"inLanguage\":\"es\",\"@id\":\"https:\\\/\\\/caru.org.uy\\\/nuevositio\\\/2025\\\/11\\\/05\\\/resultados-del-sorteo-de-puestos-eventuales-uruguayos-con-escribano-publico-realizado-el-dia-5-de-noviembre\\\/#primaryimage\",\"url\":\"https:\\\/\\\/caru.org.uy\\\/nuevositio\\\/wp-content\\\/uploads\\\/2025\\\/11\\\/Sin-titulo-1-4-scaled.png\",\"contentUrl\":\"https:\\\/\\\/caru.org.uy\\\/nuevositio\\\/wp-content\\\/uploads\\\/2025\\\/11\\\/Sin-titulo-1-4-scaled.png\",\"width\":2560,\"height\":1236},{\"@type\":\"BreadcrumbList\",\"@id\":\"https:\\\/\\\/caru.org.uy\\\/nuevositio\\\/2025\\\/11\\\/05\\\/resultados-del-sorteo-de-puestos-eventuales-uruguayos-con-escribano-publico-realizado-el-dia-5-de-noviembre\\\/#breadcrumb\",\"itemListElement\":[{\"@type\":\"ListItem\",\"position\":1,\"name\":\"Portada\",\"item\":\"https:\\\/\\\/caru.org.uy\\\/nuevositio\\\/\"},{\"@type\":\"ListItem\",\"position\":2,\"name\":\"Resultados del sorteo de puestos eventuales uruguayos con escribano p\u00fablico, realizado el d\u00eda 5 de noviembre.\"}]},{\"@type\":\"WebSite\",\"@id\":\"https:\\\/\\\/caru.org.uy\\\/nuevositio\\\/#website\",\"url\":\"https:\\\/\\\/caru.org.uy\\\/nuevositio\\\/\",\"name\":\"C.A.R.U.\",\"description\":\"Comisi\u00f3n Administradora del R\u00edo Uruguay\",\"publisher\":{\"@id\":\"https:\\\/\\\/caru.org.uy\\\/nuevositio\\\/#organization\"},\"potentialAction\":[{\"@type\":\"SearchAction\",\"target\":{\"@type\":\"EntryPoint\",\"urlTemplate\":\"https:\\\/\\\/caru.org.uy\\\/nuevositio\\\/?s={search_term_string}\"},\"query-input\":{\"@type\":\"PropertyValueSpecification\",\"valueRequired\":true,\"valueName\":\"search_term_string\"}}],\"inLanguage\":\"es\"},{\"@type\":\"Organization\",\"@id\":\"https:\\\/\\\/caru.org.uy\\\/nuevositio\\\/#organization\",\"name\":\"C.A.R.U.\",\"url\":\"https:\\\/\\\/caru.org.uy\\\/nuevositio\\\/\",\"logo\":{\"@type\":\"ImageObject\",\"inLanguage\":\"es\",\"@id\":\"https:\\\/\\\/caru.org.uy\\\/nuevositio\\\/#\\\/schema\\\/logo\\\/image\\\/\",\"url\":\"https:\\\/\\\/caru.org.uy\\\/nuevositio\\\/wp-content\\\/uploads\\\/2023\\\/11\\\/logo-nuevo.jpg\",\"contentUrl\":\"https:\\\/\\\/caru.org.uy\\\/nuevositio\\\/wp-content\\\/uploads\\\/2023\\\/11\\\/logo-nuevo.jpg\",\"width\":1,\"height\":1,\"caption\":\"C.A.R.U.\"},\"image\":{\"@id\":\"https:\\\/\\\/caru.org.uy\\\/nuevositio\\\/#\\\/schema\\\/logo\\\/image\\\/\"}},{\"@type\":\"Person\",\"@id\":\"https:\\\/\\\/caru.org.uy\\\/nuevositio\\\/#\\\/schema\\\/person\\\/fba625b864836c52fe4d995c9dc2869d\",\"name\":\"Federico\",\"image\":{\"@type\":\"ImageObject\",\"inLanguage\":\"es\",\"@id\":\"https:\\\/\\\/secure.gravatar.com\\\/avatar\\\/542d68923246b6c29256d811c3ce7f803fe17d6a190c813a52ef45fcda4733ad?s=96&d=mm&r=g\",\"url\":\"https:\\\/\\\/secure.gravatar.com\\\/avatar\\\/542d68923246b6c29256d811c3ce7f803fe17d6a190c813a52ef45fcda4733ad?s=96&d=mm&r=g\",\"contentUrl\":\"https:\\\/\\\/secure.gravatar.com\\\/avatar\\\/542d68923246b6c29256d811c3ce7f803fe17d6a190c813a52ef45fcda4733ad?s=96&d=mm&r=g\",\"caption\":\"Federico\"},\"url\":\"https:\\\/\\\/caru.org.uy\\\/nuevositio\\\/author\\\/federico\\\/\"}]}<\/script>\n<!-- \/ Yoast SEO plugin. -->","yoast_head_json":{"title":"Resultados del sorteo de puestos eventuales uruguayos con escribano p\u00fablico, realizado el d\u00eda 5 de noviembre. % C.A.R.U. imagen","robots":{"index":"index","follow":"follow","max-snippet":"max-snippet:-1","max-image-preview":"max-image-preview:large","max-video-preview":"max-video-preview:-1"},"canonical":"https:\/\/caru.org.uy\/nuevositio\/2025\/11\/05\/resultados-del-sorteo-de-puestos-eventuales-uruguayos-con-escribano-publico-realizado-el-dia-5-de-noviembre\/","og_locale":"es_ES","og_type":"article","og_title":"Resultados del sorteo de puestos eventuales uruguayos con escribano p\u00fablico, realizado el d\u00eda 5 de noviembre. % C.A.R.U. imagen","og_description":"Se adjuntan los resultados del sorteo de puestos eventuales uruguayos realizado el d\u00eda 5 de noviembre, correspondiente a la selecci\u00f3n de personal para los cargos de Maestranza, Cajeros y Banderilleros. La documentaci\u00f3n presentada y el cumplimiento de los requisitos establecidos ser\u00e1n objeto de verificaci\u00f3n, a fin de proceder con las convocatorias para el ejercicio de [&hellip;]","og_url":"https:\/\/caru.org.uy\/nuevositio\/2025\/11\/05\/resultados-del-sorteo-de-puestos-eventuales-uruguayos-con-escribano-publico-realizado-el-dia-5-de-noviembre\/","og_site_name":"C.A.R.U.","article_published_time":"2025-11-05T17:44:17+00:00","article_modified_time":"2025-11-07T13:21:55+00:00","og_image":[{"width":2560,"height":1236,"url":"https:\/\/caru.org.uy\/nuevositio\/wp-content\/uploads\/2025\/11\/Sin-titulo-1-4-scaled.png","type":"image\/png"}],"author":"Federico","twitter_card":"summary_large_image","twitter_misc":{"Escrito por":"Federico","Tiempo de lectura":"1 minuto"},"schema":{"@context":"https:\/\/schema.org","@graph":[{"@type":["Article","BlogPosting"],"@id":"https:\/\/caru.org.uy\/nuevositio\/2025\/11\/05\/resultados-del-sorteo-de-puestos-eventuales-uruguayos-con-escribano-publico-realizado-el-dia-5-de-noviembre\/#article","isPartOf":{"@id":"https:\/\/caru.org.uy\/nuevositio\/2025\/11\/05\/resultados-del-sorteo-de-puestos-eventuales-uruguayos-con-escribano-publico-realizado-el-dia-5-de-noviembre\/"},"author":{"name":"Federico","@id":"https:\/\/caru.org.uy\/nuevositio\/#\/schema\/person\/fba625b864836c52fe4d995c9dc2869d"},"headline":"Resultados del sorteo de puestos eventuales uruguayos con escribano p\u00fablico, realizado el d\u00eda 5 de noviembre.","datePublished":"2025-11-05T17:44:17+00:00","dateModified":"2025-11-07T13:21:55+00:00","mainEntityOfPage":{"@id":"https:\/\/caru.org.uy\/nuevositio\/2025\/11\/05\/resultados-del-sorteo-de-puestos-eventuales-uruguayos-con-escribano-publico-realizado-el-dia-5-de-noviembre\/"},"wordCount":105,"commentCount":0,"publisher":{"@id":"https:\/\/caru.org.uy\/nuevositio\/#organization"},"image":{"@id":"https:\/\/caru.org.uy\/nuevositio\/2025\/11\/05\/resultados-del-sorteo-de-puestos-eventuales-uruguayos-con-escribano-publico-realizado-el-dia-5-de-noviembre\/#primaryimage"},"thumbnailUrl":"https:\/\/caru.org.uy\/nuevositio\/wp-content\/uploads\/2025\/11\/Sin-titulo-1-4-scaled.png","articleSection":["Concursos","Destacada"],"inLanguage":"es","potentialAction":[{"@type":"CommentAction","name":"Comment","target":["https:\/\/caru.org.uy\/nuevositio\/2025\/11\/05\/resultados-del-sorteo-de-puestos-eventuales-uruguayos-con-escribano-publico-realizado-el-dia-5-de-noviembre\/#respond"]}]},{"@type":"WebPage","@id":"https:\/\/caru.org.uy\/nuevositio\/2025\/11\/05\/resultados-del-sorteo-de-puestos-eventuales-uruguayos-con-escribano-publico-realizado-el-dia-5-de-noviembre\/","url":"https:\/\/caru.org.uy\/nuevositio\/2025\/11\/05\/resultados-del-sorteo-de-puestos-eventuales-uruguayos-con-escribano-publico-realizado-el-dia-5-de-noviembre\/","name":"Resultados del sorteo de puestos eventuales uruguayos con escribano p\u00fablico, realizado el d\u00eda 5 de noviembre. % C.A.R.U. imagen","isPartOf":{"@id":"https:\/\/caru.org.uy\/nuevositio\/#website"},"primaryImageOfPage":{"@id":"https:\/\/caru.org.uy\/nuevositio\/2025\/11\/05\/resultados-del-sorteo-de-puestos-eventuales-uruguayos-con-escribano-publico-realizado-el-dia-5-de-noviembre\/#primaryimage"},"image":{"@id":"https:\/\/caru.org.uy\/nuevositio\/2025\/11\/05\/resultados-del-sorteo-de-puestos-eventuales-uruguayos-con-escribano-publico-realizado-el-dia-5-de-noviembre\/#primaryimage"},"thumbnailUrl":"https:\/\/caru.org.uy\/nuevositio\/wp-content\/uploads\/2025\/11\/Sin-titulo-1-4-scaled.png","datePublished":"2025-11-05T17:44:17+00:00","dateModified":"2025-11-07T13:21:55+00:00","breadcrumb":{"@id":"https:\/\/caru.org.uy\/nuevositio\/2025\/11\/05\/resultados-del-sorteo-de-puestos-eventuales-uruguayos-con-escribano-publico-realizado-el-dia-5-de-noviembre\/#breadcrumb"},"inLanguage":"es","potentialAction":[{"@type":"ReadAction","target":["https:\/\/caru.org.uy\/nuevositio\/2025\/11\/05\/resultados-del-sorteo-de-puestos-eventuales-uruguayos-con-escribano-publico-realizado-el-dia-5-de-noviembre\/"]}]},{"@type":"ImageObject","inLanguage":"es","@id":"https:\/\/caru.org.uy\/nuevositio\/2025\/11\/05\/resultados-del-sorteo-de-puestos-eventuales-uruguayos-con-escribano-publico-realizado-el-dia-5-de-noviembre\/#primaryimage","url":"https:\/\/caru.org.uy\/nuevositio\/wp-content\/uploads\/2025\/11\/Sin-titulo-1-4-scaled.png","contentUrl":"https:\/\/caru.org.uy\/nuevositio\/wp-content\/uploads\/2025\/11\/Sin-titulo-1-4-scaled.png","width":2560,"height":1236},{"@type":"BreadcrumbList","@id":"https:\/\/caru.org.uy\/nuevositio\/2025\/11\/05\/resultados-del-sorteo-de-puestos-eventuales-uruguayos-con-escribano-publico-realizado-el-dia-5-de-noviembre\/#breadcrumb","itemListElement":[{"@type":"ListItem","position":1,"name":"Portada","item":"https:\/\/caru.org.uy\/nuevositio\/"},{"@type":"ListItem","position":2,"name":"Resultados del sorteo de puestos eventuales uruguayos con escribano p\u00fablico, realizado el d\u00eda 5 de noviembre."}]},{"@type":"WebSite","@id":"https:\/\/caru.org.uy\/nuevositio\/#website","url":"https:\/\/caru.org.uy\/nuevositio\/","name":"C.A.R.U.","description":"Comisi\u00f3n Administradora del R\u00edo Uruguay","publisher":{"@id":"https:\/\/caru.org.uy\/nuevositio\/#organization"},"potentialAction":[{"@type":"SearchAction","target":{"@type":"EntryPoint","urlTemplate":"https:\/\/caru.org.uy\/nuevositio\/?s={search_term_string}"},"query-input":{"@type":"PropertyValueSpecification","valueRequired":true,"valueName":"search_term_string"}}],"inLanguage":"es"},{"@type":"Organization","@id":"https:\/\/caru.org.uy\/nuevositio\/#organization","name":"C.A.R.U.","url":"https:\/\/caru.org.uy\/nuevositio\/","logo":{"@type":"ImageObject","inLanguage":"es","@id":"https:\/\/caru.org.uy\/nuevositio\/#\/schema\/logo\/image\/","url":"https:\/\/caru.org.uy\/nuevositio\/wp-content\/uploads\/2023\/11\/logo-nuevo.jpg","contentUrl":"https:\/\/caru.org.uy\/nuevositio\/wp-content\/uploads\/2023\/11\/logo-nuevo.jpg","width":1,"height":1,"caption":"C.A.R.U."},"image":{"@id":"https:\/\/caru.org.uy\/nuevositio\/#\/schema\/logo\/image\/"}},{"@type":"Person","@id":"https:\/\/caru.org.uy\/nuevositio\/#\/schema\/person\/fba625b864836c52fe4d995c9dc2869d","name":"Federico","image":{"@type":"ImageObject","inLanguage":"es","@id":"https:\/\/secure.gravatar.com\/avatar\/542d68923246b6c29256d811c3ce7f803fe17d6a190c813a52ef45fcda4733ad?s=96&d=mm&r=g","url":"https:\/\/secure.gravatar.com\/avatar\/542d68923246b6c29256d811c3ce7f803fe17d6a190c813a52ef45fcda4733ad?s=96&d=mm&r=g","contentUrl":"https:\/\/secure.gravatar.com\/avatar\/542d68923246b6c29256d811c3ce7f803fe17d6a190c813a52ef45fcda4733ad?s=96&d=mm&r=g","caption":"Federico"},"url":"https:\/\/caru.org.uy\/nuevositio\/author\/federico\/"}]}},"_links":{"self":[{"href":"https:\/\/caru.org.uy\/nuevositio\/wp-json\/wp\/v2\/posts\/12075","targetHints":{"allow":["GET"]}}],"collection":[{"href":"https:\/\/caru.org.uy\/nuevositio\/wp-json\/wp\/v2\/posts"}],"about":[{"href":"https:\/\/caru.org.uy\/nuevositio\/wp-json\/wp\/v2\/types\/post"}],"author":[{"embeddable":true,"href":"https:\/\/caru.org.uy\/nuevositio\/wp-json\/wp\/v2\/users\/12"}],"replies":[{"embeddable":true,"href":"https:\/\/caru.org.uy\/nuevositio\/wp-json\/wp\/v2\/comments?post=12075"}],"version-history":[{"count":1,"href":"https:\/\/caru.org.uy\/nuevositio\/wp-json\/wp\/v2\/posts\/12075\/revisions"}],"predecessor-version":[{"id":12079,"href":"https:\/\/caru.org.uy\/nuevositio\/wp-json\/wp\/v2\/posts\/12075\/revisions\/12079"}],"wp:featuredmedia":[{"embeddable":true,"href":"https:\/\/caru.org.uy\/nuevositio\/wp-json\/wp\/v2\/media\/12100"}],"wp:attachment":[{"href":"https:\/\/caru.org.uy\/nuevositio\/wp-json\/wp\/v2\/media?parent=12075"}],"wp:term":[{"taxonomy":"category","embeddable":true,"href":"https:\/\/caru.org.uy\/nuevositio\/wp-json\/wp\/v2\/categories?post=12075"},{"taxonomy":"post_tag","embeddable":true,"href":"https:\/\/caru.org.uy\/nuevositio\/wp-json\/wp\/v2\/tags?post=12075"}],"curies":[{"name":"wp","href":"https:\/\/api.w.org\/{rel}","templated":true}]}}