{"id":12088,"date":"2025-11-06T20:08:58","date_gmt":"2025-11-06T23:08:58","guid":{"rendered":"https:\/\/caru.org.uy\/nuevositio\/?p=12088"},"modified":"2025-11-10T08:30:59","modified_gmt":"2025-11-10T11:30:59","slug":"pliego-de-bases-y-condiciones-y-especificaciones-tecnicas-y-anexos-del-concurso-de-precios-no05-25","status":"publish","type":"post","link":"https:\/\/caru.org.uy\/nuevositio\/2025\/11\/06\/pliego-de-bases-y-condiciones-y-especificaciones-tecnicas-y-anexos-del-concurso-de-precios-no05-25\/","title":{"rendered":"Pliego de Bases y Condiciones y Especificaciones T\u00e9cnicas y Anexos del Concurso de Precios N\u00ba05\/25."},"content":{"rendered":"\n<p><\/p>\n\n\n\n<p><\/p>\n\n\n\n<p>Provisi\u00f3n de agua mineral, mineralizada o de mesa para la Comisi\u00f3n Administradora del R\u00edo Uruguay &#8211; Sede Paysand\u00fa y Fray Bentos<\/p>\n\n\n\n<figure class=\"wp-block-image size-large\"><img fetchpriority=\"high\" decoding=\"async\" width=\"1024\" height=\"443\" src=\"https:\/\/caru.org.uy\/nuevositio\/wp-content\/uploads\/2025\/11\/Sin-titulo-1-3-1024x443.png\" alt=\"\" class=\"wp-image-12097\" srcset=\"https:\/\/caru.org.uy\/nuevositio\/wp-content\/uploads\/2025\/11\/Sin-titulo-1-3-1024x443.png 1024w, https:\/\/caru.org.uy\/nuevositio\/wp-content\/uploads\/2025\/11\/Sin-titulo-1-3-300x130.png 300w, https:\/\/caru.org.uy\/nuevositio\/wp-content\/uploads\/2025\/11\/Sin-titulo-1-3-768x332.png 768w, https:\/\/caru.org.uy\/nuevositio\/wp-content\/uploads\/2025\/11\/Sin-titulo-1-3.png 1366w\" sizes=\"(max-width: 1024px) 100vw, 1024px\" \/><\/figure>\n\n\n\n<p><\/p>\n\n\n\n<p>El presente documento, \u201cPliego de Bases y Condiciones \u2013 CP 05-25\u201d, re\u00fane la informaci\u00f3n necesaria para participar en el proceso de contrataci\u00f3n convocado por la Comisi\u00f3n Administradora del R\u00edo Uruguay (CARU).<\/p>\n\n\n\n<div data-wp-interactive=\"core\/file\" class=\"wp-block-file\"><object data-wp-bind--hidden=\"!state.hasPdfPreview\" hidden class=\"wp-block-file__embed\" data=\"https:\/\/caru.org.uy\/nuevositio\/wp-content\/uploads\/2025\/11\/PLIEGO-DE-BASES-Y-CONDICIONES-CP-05-25.pdf\" type=\"application\/pdf\" style=\"width:100%;height:600px\" aria-label=\"Incrustado de PLIEGO DE BASES Y CONDICIONES - CP 05-25.\"><\/object><a id=\"wp-block-file--media-e318f9f2-a2d2-4635-8ce6-d4ac90e4c29c\" href=\"https:\/\/caru.org.uy\/nuevositio\/wp-content\/uploads\/2025\/11\/PLIEGO-DE-BASES-Y-CONDICIONES-CP-05-25.pdf\">PLIEGO DE BASES Y CONDICIONES &#8211; CP 05-25<\/a><a href=\"https:\/\/caru.org.uy\/nuevositio\/wp-content\/uploads\/2025\/11\/PLIEGO-DE-BASES-Y-CONDICIONES-CP-05-25.pdf\" class=\"wp-block-file__button wp-element-button\" download aria-describedby=\"wp-block-file--media-e318f9f2-a2d2-4635-8ce6-d4ac90e4c29c\">Descarga<\/a><\/div>\n\n\n\n<p>En \u00e9l se detallan las disposiciones generales que rigen el llamado, los requisitos de participaci\u00f3n, los criterios de evaluaci\u00f3n y las condiciones que deber\u00e1n cumplir las ofertas presentadas. Este pliego garantiza la transparencia y equidad del procedimiento, ofreciendo a los interesados una gu\u00eda clara sobre los pasos a seguir para formar parte del proceso de selecci\u00f3n correspondiente a la contrataci\u00f3n p\u00fablica N.\u00ba 05\/25.<\/p>\n\n\n\n<div data-wp-interactive=\"core\/file\" class=\"wp-block-file\"><object data-wp-bind--hidden=\"!state.hasPdfPreview\" hidden class=\"wp-block-file__embed\" data=\"https:\/\/caru.org.uy\/nuevositio\/wp-content\/uploads\/2025\/11\/ANEXO-II-CP-05-25.pdf\" type=\"application\/pdf\" style=\"width:100%;height:600px\" aria-label=\"Incrustado de ANEXO II - CP 05-25.\"><\/object><a id=\"wp-block-file--media-4b48d2e2-c4e1-4379-b1c5-140187372244\" href=\"https:\/\/caru.org.uy\/nuevositio\/wp-content\/uploads\/2025\/11\/ANEXO-II-CP-05-25.pdf\">ANEXO II &#8211; CP 05-25<\/a><a href=\"https:\/\/caru.org.uy\/nuevositio\/wp-content\/uploads\/2025\/11\/ANEXO-II-CP-05-25.pdf\" class=\"wp-block-file__button wp-element-button\" download aria-describedby=\"wp-block-file--media-4b48d2e2-c4e1-4379-b1c5-140187372244\">Descarga<\/a><\/div>\n\n\n\n<div data-wp-interactive=\"core\/file\" class=\"wp-block-file\"><object data-wp-bind--hidden=\"!state.hasPdfPreview\" hidden class=\"wp-block-file__embed\" data=\"https:\/\/caru.org.uy\/nuevositio\/wp-content\/uploads\/2025\/11\/ANEXO-III-CP-05-25.pdf\" type=\"application\/pdf\" style=\"width:100%;height:600px\" aria-label=\"Incrustado de ANEXO III - CP 05-25.\"><\/object><a id=\"wp-block-file--media-115e6ad7-9d08-4c44-9339-b4eeb0c2bc52\" href=\"https:\/\/caru.org.uy\/nuevositio\/wp-content\/uploads\/2025\/11\/ANEXO-III-CP-05-25.pdf\">ANEXO III &#8211; CP 05-25<\/a><a href=\"https:\/\/caru.org.uy\/nuevositio\/wp-content\/uploads\/2025\/11\/ANEXO-III-CP-05-25.pdf\" class=\"wp-block-file__button wp-element-button\" download aria-describedby=\"wp-block-file--media-115e6ad7-9d08-4c44-9339-b4eeb0c2bc52\">Descarga<\/a><\/div>\n\n\n\n<div data-wp-interactive=\"core\/file\" class=\"wp-block-file\"><object data-wp-bind--hidden=\"!state.hasPdfPreview\" hidden class=\"wp-block-file__embed\" data=\"https:\/\/caru.org.uy\/nuevositio\/wp-content\/uploads\/2025\/11\/ANEXO-IV-CP-05-25.pdf\" type=\"application\/pdf\" style=\"width:100%;height:600px\" aria-label=\"Incrustado de ANEXO IV - CP 05-25.\"><\/object><a id=\"wp-block-file--media-e25d997a-137e-46aa-b087-96ecd53c342f\" href=\"https:\/\/caru.org.uy\/nuevositio\/wp-content\/uploads\/2025\/11\/ANEXO-IV-CP-05-25.pdf\">ANEXO IV &#8211; CP 05-25<\/a><a href=\"https:\/\/caru.org.uy\/nuevositio\/wp-content\/uploads\/2025\/11\/ANEXO-IV-CP-05-25.pdf\" class=\"wp-block-file__button wp-element-button\" download aria-describedby=\"wp-block-file--media-e25d997a-137e-46aa-b087-96ecd53c342f\">Descarga<\/a><\/div>\n\n\n\n<div data-wp-interactive=\"core\/file\" class=\"wp-block-file\"><object data-wp-bind--hidden=\"!state.hasPdfPreview\" hidden class=\"wp-block-file__embed\" data=\"https:\/\/caru.org.uy\/nuevositio\/wp-content\/uploads\/2025\/11\/ANEXO-V-CP-05-25.pdf\" type=\"application\/pdf\" style=\"width:100%;height:600px\" aria-label=\"Incrustado de ANEXO V - CP 05-25.\"><\/object><a id=\"wp-block-file--media-fdd03f65-1ff6-4ac6-a3da-6cedf327a226\" href=\"https:\/\/caru.org.uy\/nuevositio\/wp-content\/uploads\/2025\/11\/ANEXO-V-CP-05-25.pdf\">ANEXO V &#8211; CP 05-25<\/a><a href=\"https:\/\/caru.org.uy\/nuevositio\/wp-content\/uploads\/2025\/11\/ANEXO-V-CP-05-25.pdf\" class=\"wp-block-file__button wp-element-button\" download aria-describedby=\"wp-block-file--media-fdd03f65-1ff6-4ac6-a3da-6cedf327a226\">Descarga<\/a><\/div>\n","protected":false},"excerpt":{"rendered":"<p>Provisi\u00f3n de agua mineral, mineralizada o de mesa para la Comisi\u00f3n Administradora del R\u00edo Uruguay &#8211; Sede Paysand\u00fa y Fray Bentos El presente documento, \u201cPliego de Bases y Condiciones \u2013 CP 05-25\u201d, re\u00fane la informaci\u00f3n necesaria para participar en el proceso de contrataci\u00f3n convocado por la Comisi\u00f3n Administradora del R\u00edo Uruguay (CARU). En \u00e9l se [&hellip;]<\/p>\n","protected":false},"author":12,"featured_media":12100,"comment_status":"open","ping_status":"open","sticky":false,"template":"","format":"standard","meta":{"_acf_changed":false,"_joinchat":[],"footnotes":""},"categories":[36],"tags":[],"class_list":["post-12088","post","type-post","status-publish","format-standard","has-post-thumbnail","hentry","category-concursos"],"acf":[],"yoast_head":"<!-- This site is optimized with the Yoast SEO plugin v27.3 - https:\/\/yoast.com\/product\/yoast-seo-wordpress\/ -->\n<title>Pliego de Bases y Condiciones y Especificaciones T\u00e9cnicas y Anexos del Concurso de Precios N\u00ba05\/25. % C.A.R.U. imagen<\/title>\n<meta name=\"robots\" content=\"index, follow, max-snippet:-1, max-image-preview:large, max-video-preview:-1\" \/>\n<link rel=\"canonical\" href=\"https:\/\/caru.org.uy\/nuevositio\/2025\/11\/06\/pliego-de-bases-y-condiciones-y-especificaciones-tecnicas-y-anexos-del-concurso-de-precios-no05-25\/\" \/>\n<meta property=\"og:locale\" content=\"es_ES\" \/>\n<meta property=\"og:type\" content=\"article\" \/>\n<meta property=\"og:title\" content=\"Pliego de Bases y Condiciones y Especificaciones T\u00e9cnicas y Anexos del Concurso de Precios N\u00ba05\/25. % C.A.R.U. imagen\" \/>\n<meta property=\"og:description\" content=\"Provisi\u00f3n de agua mineral, mineralizada o de mesa para la Comisi\u00f3n Administradora del R\u00edo Uruguay &#8211; Sede Paysand\u00fa y Fray Bentos El presente documento, \u201cPliego de Bases y Condiciones \u2013 CP 05-25\u201d, re\u00fane la informaci\u00f3n necesaria para participar en el proceso de contrataci\u00f3n convocado por la Comisi\u00f3n Administradora del R\u00edo Uruguay (CARU). En \u00e9l se [&hellip;]\" \/>\n<meta property=\"og:url\" content=\"https:\/\/caru.org.uy\/nuevositio\/2025\/11\/06\/pliego-de-bases-y-condiciones-y-especificaciones-tecnicas-y-anexos-del-concurso-de-precios-no05-25\/\" \/>\n<meta property=\"og:site_name\" content=\"C.A.R.U.\" \/>\n<meta property=\"article:published_time\" content=\"2025-11-06T23:08:58+00:00\" \/>\n<meta property=\"article:modified_time\" content=\"2025-11-10T11:30:59+00:00\" \/>\n<meta property=\"og:image\" content=\"https:\/\/caru.org.uy\/nuevositio\/wp-content\/uploads\/2025\/11\/Sin-titulo-1-4-scaled.png\" \/>\n\t<meta property=\"og:image:width\" content=\"2560\" \/>\n\t<meta property=\"og:image:height\" content=\"1236\" \/>\n\t<meta property=\"og:image:type\" content=\"image\/png\" \/>\n<meta name=\"author\" content=\"Federico\" \/>\n<meta name=\"twitter:card\" content=\"summary_large_image\" \/>\n<meta name=\"twitter:label1\" content=\"Escrito por\" \/>\n\t<meta name=\"twitter:data1\" content=\"Federico\" \/>\n\t<meta name=\"twitter:label2\" content=\"Tiempo de lectura\" \/>\n\t<meta name=\"twitter:data2\" content=\"2 minutos\" \/>\n<script type=\"application\/ld+json\" class=\"yoast-schema-graph\">{\"@context\":\"https:\\\/\\\/schema.org\",\"@graph\":[{\"@type\":[\"Article\",\"BlogPosting\"],\"@id\":\"https:\\\/\\\/caru.org.uy\\\/nuevositio\\\/2025\\\/11\\\/06\\\/pliego-de-bases-y-condiciones-y-especificaciones-tecnicas-y-anexos-del-concurso-de-precios-no05-25\\\/#article\",\"isPartOf\":{\"@id\":\"https:\\\/\\\/caru.org.uy\\\/nuevositio\\\/2025\\\/11\\\/06\\\/pliego-de-bases-y-condiciones-y-especificaciones-tecnicas-y-anexos-del-concurso-de-precios-no05-25\\\/\"},\"author\":{\"name\":\"Federico\",\"@id\":\"https:\\\/\\\/caru.org.uy\\\/nuevositio\\\/#\\\/schema\\\/person\\\/fba625b864836c52fe4d995c9dc2869d\"},\"headline\":\"Pliego de Bases y Condiciones y Especificaciones T\u00e9cnicas y Anexos del Concurso de Precios N\u00ba05\\\/25.\",\"datePublished\":\"2025-11-06T23:08:58+00:00\",\"dateModified\":\"2025-11-10T11:30:59+00:00\",\"mainEntityOfPage\":{\"@id\":\"https:\\\/\\\/caru.org.uy\\\/nuevositio\\\/2025\\\/11\\\/06\\\/pliego-de-bases-y-condiciones-y-especificaciones-tecnicas-y-anexos-del-concurso-de-precios-no05-25\\\/\"},\"wordCount\":177,\"commentCount\":0,\"publisher\":{\"@id\":\"https:\\\/\\\/caru.org.uy\\\/nuevositio\\\/#organization\"},\"image\":{\"@id\":\"https:\\\/\\\/caru.org.uy\\\/nuevositio\\\/2025\\\/11\\\/06\\\/pliego-de-bases-y-condiciones-y-especificaciones-tecnicas-y-anexos-del-concurso-de-precios-no05-25\\\/#primaryimage\"},\"thumbnailUrl\":\"https:\\\/\\\/caru.org.uy\\\/nuevositio\\\/wp-content\\\/uploads\\\/2025\\\/11\\\/Sin-titulo-1-4-scaled.png\",\"articleSection\":[\"Concursos\"],\"inLanguage\":\"es\",\"potentialAction\":[{\"@type\":\"CommentAction\",\"name\":\"Comment\",\"target\":[\"https:\\\/\\\/caru.org.uy\\\/nuevositio\\\/2025\\\/11\\\/06\\\/pliego-de-bases-y-condiciones-y-especificaciones-tecnicas-y-anexos-del-concurso-de-precios-no05-25\\\/#respond\"]}]},{\"@type\":\"WebPage\",\"@id\":\"https:\\\/\\\/caru.org.uy\\\/nuevositio\\\/2025\\\/11\\\/06\\\/pliego-de-bases-y-condiciones-y-especificaciones-tecnicas-y-anexos-del-concurso-de-precios-no05-25\\\/\",\"url\":\"https:\\\/\\\/caru.org.uy\\\/nuevositio\\\/2025\\\/11\\\/06\\\/pliego-de-bases-y-condiciones-y-especificaciones-tecnicas-y-anexos-del-concurso-de-precios-no05-25\\\/\",\"name\":\"Pliego de Bases y Condiciones y Especificaciones T\u00e9cnicas y Anexos del Concurso de Precios N\u00ba05\\\/25. % C.A.R.U. imagen\",\"isPartOf\":{\"@id\":\"https:\\\/\\\/caru.org.uy\\\/nuevositio\\\/#website\"},\"primaryImageOfPage\":{\"@id\":\"https:\\\/\\\/caru.org.uy\\\/nuevositio\\\/2025\\\/11\\\/06\\\/pliego-de-bases-y-condiciones-y-especificaciones-tecnicas-y-anexos-del-concurso-de-precios-no05-25\\\/#primaryimage\"},\"image\":{\"@id\":\"https:\\\/\\\/caru.org.uy\\\/nuevositio\\\/2025\\\/11\\\/06\\\/pliego-de-bases-y-condiciones-y-especificaciones-tecnicas-y-anexos-del-concurso-de-precios-no05-25\\\/#primaryimage\"},\"thumbnailUrl\":\"https:\\\/\\\/caru.org.uy\\\/nuevositio\\\/wp-content\\\/uploads\\\/2025\\\/11\\\/Sin-titulo-1-4-scaled.png\",\"datePublished\":\"2025-11-06T23:08:58+00:00\",\"dateModified\":\"2025-11-10T11:30:59+00:00\",\"breadcrumb\":{\"@id\":\"https:\\\/\\\/caru.org.uy\\\/nuevositio\\\/2025\\\/11\\\/06\\\/pliego-de-bases-y-condiciones-y-especificaciones-tecnicas-y-anexos-del-concurso-de-precios-no05-25\\\/#breadcrumb\"},\"inLanguage\":\"es\",\"potentialAction\":[{\"@type\":\"ReadAction\",\"target\":[\"https:\\\/\\\/caru.org.uy\\\/nuevositio\\\/2025\\\/11\\\/06\\\/pliego-de-bases-y-condiciones-y-especificaciones-tecnicas-y-anexos-del-concurso-de-precios-no05-25\\\/\"]}]},{\"@type\":\"ImageObject\",\"inLanguage\":\"es\",\"@id\":\"https:\\\/\\\/caru.org.uy\\\/nuevositio\\\/2025\\\/11\\\/06\\\/pliego-de-bases-y-condiciones-y-especificaciones-tecnicas-y-anexos-del-concurso-de-precios-no05-25\\\/#primaryimage\",\"url\":\"https:\\\/\\\/caru.org.uy\\\/nuevositio\\\/wp-content\\\/uploads\\\/2025\\\/11\\\/Sin-titulo-1-4-scaled.png\",\"contentUrl\":\"https:\\\/\\\/caru.org.uy\\\/nuevositio\\\/wp-content\\\/uploads\\\/2025\\\/11\\\/Sin-titulo-1-4-scaled.png\",\"width\":2560,\"height\":1236},{\"@type\":\"BreadcrumbList\",\"@id\":\"https:\\\/\\\/caru.org.uy\\\/nuevositio\\\/2025\\\/11\\\/06\\\/pliego-de-bases-y-condiciones-y-especificaciones-tecnicas-y-anexos-del-concurso-de-precios-no05-25\\\/#breadcrumb\",\"itemListElement\":[{\"@type\":\"ListItem\",\"position\":1,\"name\":\"Portada\",\"item\":\"https:\\\/\\\/caru.org.uy\\\/nuevositio\\\/\"},{\"@type\":\"ListItem\",\"position\":2,\"name\":\"Pliego de Bases y Condiciones y Especificaciones T\u00e9cnicas y Anexos del Concurso de Precios N\u00ba05\\\/25.\"}]},{\"@type\":\"WebSite\",\"@id\":\"https:\\\/\\\/caru.org.uy\\\/nuevositio\\\/#website\",\"url\":\"https:\\\/\\\/caru.org.uy\\\/nuevositio\\\/\",\"name\":\"C.A.R.U.\",\"description\":\"Comisi\u00f3n Administradora del R\u00edo Uruguay\",\"publisher\":{\"@id\":\"https:\\\/\\\/caru.org.uy\\\/nuevositio\\\/#organization\"},\"potentialAction\":[{\"@type\":\"SearchAction\",\"target\":{\"@type\":\"EntryPoint\",\"urlTemplate\":\"https:\\\/\\\/caru.org.uy\\\/nuevositio\\\/?s={search_term_string}\"},\"query-input\":{\"@type\":\"PropertyValueSpecification\",\"valueRequired\":true,\"valueName\":\"search_term_string\"}}],\"inLanguage\":\"es\"},{\"@type\":\"Organization\",\"@id\":\"https:\\\/\\\/caru.org.uy\\\/nuevositio\\\/#organization\",\"name\":\"C.A.R.U.\",\"url\":\"https:\\\/\\\/caru.org.uy\\\/nuevositio\\\/\",\"logo\":{\"@type\":\"ImageObject\",\"inLanguage\":\"es\",\"@id\":\"https:\\\/\\\/caru.org.uy\\\/nuevositio\\\/#\\\/schema\\\/logo\\\/image\\\/\",\"url\":\"https:\\\/\\\/caru.org.uy\\\/nuevositio\\\/wp-content\\\/uploads\\\/2023\\\/11\\\/logo-nuevo.jpg\",\"contentUrl\":\"https:\\\/\\\/caru.org.uy\\\/nuevositio\\\/wp-content\\\/uploads\\\/2023\\\/11\\\/logo-nuevo.jpg\",\"width\":1,\"height\":1,\"caption\":\"C.A.R.U.\"},\"image\":{\"@id\":\"https:\\\/\\\/caru.org.uy\\\/nuevositio\\\/#\\\/schema\\\/logo\\\/image\\\/\"}},{\"@type\":\"Person\",\"@id\":\"https:\\\/\\\/caru.org.uy\\\/nuevositio\\\/#\\\/schema\\\/person\\\/fba625b864836c52fe4d995c9dc2869d\",\"name\":\"Federico\",\"image\":{\"@type\":\"ImageObject\",\"inLanguage\":\"es\",\"@id\":\"https:\\\/\\\/secure.gravatar.com\\\/avatar\\\/542d68923246b6c29256d811c3ce7f803fe17d6a190c813a52ef45fcda4733ad?s=96&d=mm&r=g\",\"url\":\"https:\\\/\\\/secure.gravatar.com\\\/avatar\\\/542d68923246b6c29256d811c3ce7f803fe17d6a190c813a52ef45fcda4733ad?s=96&d=mm&r=g\",\"contentUrl\":\"https:\\\/\\\/secure.gravatar.com\\\/avatar\\\/542d68923246b6c29256d811c3ce7f803fe17d6a190c813a52ef45fcda4733ad?s=96&d=mm&r=g\",\"caption\":\"Federico\"},\"url\":\"https:\\\/\\\/caru.org.uy\\\/nuevositio\\\/author\\\/federico\\\/\"}]}<\/script>\n<!-- \/ Yoast SEO plugin. -->","yoast_head_json":{"title":"Pliego de Bases y Condiciones y Especificaciones T\u00e9cnicas y Anexos del Concurso de Precios N\u00ba05\/25. % C.A.R.U. imagen","robots":{"index":"index","follow":"follow","max-snippet":"max-snippet:-1","max-image-preview":"max-image-preview:large","max-video-preview":"max-video-preview:-1"},"canonical":"https:\/\/caru.org.uy\/nuevositio\/2025\/11\/06\/pliego-de-bases-y-condiciones-y-especificaciones-tecnicas-y-anexos-del-concurso-de-precios-no05-25\/","og_locale":"es_ES","og_type":"article","og_title":"Pliego de Bases y Condiciones y Especificaciones T\u00e9cnicas y Anexos del Concurso de Precios N\u00ba05\/25. % C.A.R.U. imagen","og_description":"Provisi\u00f3n de agua mineral, mineralizada o de mesa para la Comisi\u00f3n Administradora del R\u00edo Uruguay &#8211; Sede Paysand\u00fa y Fray Bentos El presente documento, \u201cPliego de Bases y Condiciones \u2013 CP 05-25\u201d, re\u00fane la informaci\u00f3n necesaria para participar en el proceso de contrataci\u00f3n convocado por la Comisi\u00f3n Administradora del R\u00edo Uruguay (CARU). En \u00e9l se [&hellip;]","og_url":"https:\/\/caru.org.uy\/nuevositio\/2025\/11\/06\/pliego-de-bases-y-condiciones-y-especificaciones-tecnicas-y-anexos-del-concurso-de-precios-no05-25\/","og_site_name":"C.A.R.U.","article_published_time":"2025-11-06T23:08:58+00:00","article_modified_time":"2025-11-10T11:30:59+00:00","og_image":[{"width":2560,"height":1236,"url":"https:\/\/caru.org.uy\/nuevositio\/wp-content\/uploads\/2025\/11\/Sin-titulo-1-4-scaled.png","type":"image\/png"}],"author":"Federico","twitter_card":"summary_large_image","twitter_misc":{"Escrito por":"Federico","Tiempo de lectura":"2 minutos"},"schema":{"@context":"https:\/\/schema.org","@graph":[{"@type":["Article","BlogPosting"],"@id":"https:\/\/caru.org.uy\/nuevositio\/2025\/11\/06\/pliego-de-bases-y-condiciones-y-especificaciones-tecnicas-y-anexos-del-concurso-de-precios-no05-25\/#article","isPartOf":{"@id":"https:\/\/caru.org.uy\/nuevositio\/2025\/11\/06\/pliego-de-bases-y-condiciones-y-especificaciones-tecnicas-y-anexos-del-concurso-de-precios-no05-25\/"},"author":{"name":"Federico","@id":"https:\/\/caru.org.uy\/nuevositio\/#\/schema\/person\/fba625b864836c52fe4d995c9dc2869d"},"headline":"Pliego de Bases y Condiciones y Especificaciones T\u00e9cnicas y Anexos del Concurso de Precios N\u00ba05\/25.","datePublished":"2025-11-06T23:08:58+00:00","dateModified":"2025-11-10T11:30:59+00:00","mainEntityOfPage":{"@id":"https:\/\/caru.org.uy\/nuevositio\/2025\/11\/06\/pliego-de-bases-y-condiciones-y-especificaciones-tecnicas-y-anexos-del-concurso-de-precios-no05-25\/"},"wordCount":177,"commentCount":0,"publisher":{"@id":"https:\/\/caru.org.uy\/nuevositio\/#organization"},"image":{"@id":"https:\/\/caru.org.uy\/nuevositio\/2025\/11\/06\/pliego-de-bases-y-condiciones-y-especificaciones-tecnicas-y-anexos-del-concurso-de-precios-no05-25\/#primaryimage"},"thumbnailUrl":"https:\/\/caru.org.uy\/nuevositio\/wp-content\/uploads\/2025\/11\/Sin-titulo-1-4-scaled.png","articleSection":["Concursos"],"inLanguage":"es","potentialAction":[{"@type":"CommentAction","name":"Comment","target":["https:\/\/caru.org.uy\/nuevositio\/2025\/11\/06\/pliego-de-bases-y-condiciones-y-especificaciones-tecnicas-y-anexos-del-concurso-de-precios-no05-25\/#respond"]}]},{"@type":"WebPage","@id":"https:\/\/caru.org.uy\/nuevositio\/2025\/11\/06\/pliego-de-bases-y-condiciones-y-especificaciones-tecnicas-y-anexos-del-concurso-de-precios-no05-25\/","url":"https:\/\/caru.org.uy\/nuevositio\/2025\/11\/06\/pliego-de-bases-y-condiciones-y-especificaciones-tecnicas-y-anexos-del-concurso-de-precios-no05-25\/","name":"Pliego de Bases y Condiciones y Especificaciones T\u00e9cnicas y Anexos del Concurso de Precios N\u00ba05\/25. % C.A.R.U. imagen","isPartOf":{"@id":"https:\/\/caru.org.uy\/nuevositio\/#website"},"primaryImageOfPage":{"@id":"https:\/\/caru.org.uy\/nuevositio\/2025\/11\/06\/pliego-de-bases-y-condiciones-y-especificaciones-tecnicas-y-anexos-del-concurso-de-precios-no05-25\/#primaryimage"},"image":{"@id":"https:\/\/caru.org.uy\/nuevositio\/2025\/11\/06\/pliego-de-bases-y-condiciones-y-especificaciones-tecnicas-y-anexos-del-concurso-de-precios-no05-25\/#primaryimage"},"thumbnailUrl":"https:\/\/caru.org.uy\/nuevositio\/wp-content\/uploads\/2025\/11\/Sin-titulo-1-4-scaled.png","datePublished":"2025-11-06T23:08:58+00:00","dateModified":"2025-11-10T11:30:59+00:00","breadcrumb":{"@id":"https:\/\/caru.org.uy\/nuevositio\/2025\/11\/06\/pliego-de-bases-y-condiciones-y-especificaciones-tecnicas-y-anexos-del-concurso-de-precios-no05-25\/#breadcrumb"},"inLanguage":"es","potentialAction":[{"@type":"ReadAction","target":["https:\/\/caru.org.uy\/nuevositio\/2025\/11\/06\/pliego-de-bases-y-condiciones-y-especificaciones-tecnicas-y-anexos-del-concurso-de-precios-no05-25\/"]}]},{"@type":"ImageObject","inLanguage":"es","@id":"https:\/\/caru.org.uy\/nuevositio\/2025\/11\/06\/pliego-de-bases-y-condiciones-y-especificaciones-tecnicas-y-anexos-del-concurso-de-precios-no05-25\/#primaryimage","url":"https:\/\/caru.org.uy\/nuevositio\/wp-content\/uploads\/2025\/11\/Sin-titulo-1-4-scaled.png","contentUrl":"https:\/\/caru.org.uy\/nuevositio\/wp-content\/uploads\/2025\/11\/Sin-titulo-1-4-scaled.png","width":2560,"height":1236},{"@type":"BreadcrumbList","@id":"https:\/\/caru.org.uy\/nuevositio\/2025\/11\/06\/pliego-de-bases-y-condiciones-y-especificaciones-tecnicas-y-anexos-del-concurso-de-precios-no05-25\/#breadcrumb","itemListElement":[{"@type":"ListItem","position":1,"name":"Portada","item":"https:\/\/caru.org.uy\/nuevositio\/"},{"@type":"ListItem","position":2,"name":"Pliego de Bases y Condiciones y Especificaciones T\u00e9cnicas y Anexos del Concurso de Precios N\u00ba05\/25."}]},{"@type":"WebSite","@id":"https:\/\/caru.org.uy\/nuevositio\/#website","url":"https:\/\/caru.org.uy\/nuevositio\/","name":"C.A.R.U.","description":"Comisi\u00f3n Administradora del R\u00edo Uruguay","publisher":{"@id":"https:\/\/caru.org.uy\/nuevositio\/#organization"},"potentialAction":[{"@type":"SearchAction","target":{"@type":"EntryPoint","urlTemplate":"https:\/\/caru.org.uy\/nuevositio\/?s={search_term_string}"},"query-input":{"@type":"PropertyValueSpecification","valueRequired":true,"valueName":"search_term_string"}}],"inLanguage":"es"},{"@type":"Organization","@id":"https:\/\/caru.org.uy\/nuevositio\/#organization","name":"C.A.R.U.","url":"https:\/\/caru.org.uy\/nuevositio\/","logo":{"@type":"ImageObject","inLanguage":"es","@id":"https:\/\/caru.org.uy\/nuevositio\/#\/schema\/logo\/image\/","url":"https:\/\/caru.org.uy\/nuevositio\/wp-content\/uploads\/2023\/11\/logo-nuevo.jpg","contentUrl":"https:\/\/caru.org.uy\/nuevositio\/wp-content\/uploads\/2023\/11\/logo-nuevo.jpg","width":1,"height":1,"caption":"C.A.R.U."},"image":{"@id":"https:\/\/caru.org.uy\/nuevositio\/#\/schema\/logo\/image\/"}},{"@type":"Person","@id":"https:\/\/caru.org.uy\/nuevositio\/#\/schema\/person\/fba625b864836c52fe4d995c9dc2869d","name":"Federico","image":{"@type":"ImageObject","inLanguage":"es","@id":"https:\/\/secure.gravatar.com\/avatar\/542d68923246b6c29256d811c3ce7f803fe17d6a190c813a52ef45fcda4733ad?s=96&d=mm&r=g","url":"https:\/\/secure.gravatar.com\/avatar\/542d68923246b6c29256d811c3ce7f803fe17d6a190c813a52ef45fcda4733ad?s=96&d=mm&r=g","contentUrl":"https:\/\/secure.gravatar.com\/avatar\/542d68923246b6c29256d811c3ce7f803fe17d6a190c813a52ef45fcda4733ad?s=96&d=mm&r=g","caption":"Federico"},"url":"https:\/\/caru.org.uy\/nuevositio\/author\/federico\/"}]}},"_links":{"self":[{"href":"https:\/\/caru.org.uy\/nuevositio\/wp-json\/wp\/v2\/posts\/12088","targetHints":{"allow":["GET"]}}],"collection":[{"href":"https:\/\/caru.org.uy\/nuevositio\/wp-json\/wp\/v2\/posts"}],"about":[{"href":"https:\/\/caru.org.uy\/nuevositio\/wp-json\/wp\/v2\/types\/post"}],"author":[{"embeddable":true,"href":"https:\/\/caru.org.uy\/nuevositio\/wp-json\/wp\/v2\/users\/12"}],"replies":[{"embeddable":true,"href":"https:\/\/caru.org.uy\/nuevositio\/wp-json\/wp\/v2\/comments?post=12088"}],"version-history":[{"count":1,"href":"https:\/\/caru.org.uy\/nuevositio\/wp-json\/wp\/v2\/posts\/12088\/revisions"}],"predecessor-version":[{"id":12098,"href":"https:\/\/caru.org.uy\/nuevositio\/wp-json\/wp\/v2\/posts\/12088\/revisions\/12098"}],"wp:featuredmedia":[{"embeddable":true,"href":"https:\/\/caru.org.uy\/nuevositio\/wp-json\/wp\/v2\/media\/12100"}],"wp:attachment":[{"href":"https:\/\/caru.org.uy\/nuevositio\/wp-json\/wp\/v2\/media?parent=12088"}],"wp:term":[{"taxonomy":"category","embeddable":true,"href":"https:\/\/caru.org.uy\/nuevositio\/wp-json\/wp\/v2\/categories?post=12088"},{"taxonomy":"post_tag","embeddable":true,"href":"https:\/\/caru.org.uy\/nuevositio\/wp-json\/wp\/v2\/tags?post=12088"}],"curies":[{"name":"wp","href":"https:\/\/api.w.org\/{rel}","templated":true}]}}