{"id":12113,"date":"2025-11-17T23:59:00","date_gmt":"2025-11-18T02:59:00","guid":{"rendered":"https:\/\/caru.org.uy\/nuevositio\/?p=12113"},"modified":"2025-11-24T07:58:52","modified_gmt":"2025-11-24T10:58:52","slug":"llamado-a-concurso-abierto-de-oposicion-y-antecedentes-no-05-25-a-personas-de-nacionalidad-uruguaya-para-la-seleccion-de-un-asistente-de-laboratorio","status":"publish","type":"post","link":"https:\/\/caru.org.uy\/nuevositio\/2025\/11\/17\/llamado-a-concurso-abierto-de-oposicion-y-antecedentes-no-05-25-a-personas-de-nacionalidad-uruguaya-para-la-seleccion-de-un-asistente-de-laboratorio\/","title":{"rendered":"(cerrado)LLAMADO A CONCURSO ABIERTO DE OPOSICI\u00d3N Y ANTECEDENTES N\u00ba 05\/25 A PERSONAS DE NACIONALIDAD URUGUAYA PARA LA SELECCI\u00d3N DE UN ASISTENTE DE LABORATORIO."},"content":{"rendered":"\t\t<div data-elementor-type=\"wp-post\" data-elementor-id=\"12113\" class=\"elementor elementor-12113\" data-elementor-post-type=\"post\">\n\t\t\t\t\t\t<section class=\"elementor-section elementor-top-section elementor-element elementor-element-300de03 elementor-section-boxed elementor-section-height-default elementor-section-height-default\" data-id=\"300de03\" data-element_type=\"section\" data-e-type=\"section\" data-settings=\"{&quot;jet_parallax_layout_list&quot;:[]}\">\n\t\t\t\t\t\t<div class=\"elementor-container elementor-column-gap-default\">\n\t\t\t\t\t<div class=\"elementor-column elementor-col-100 elementor-top-column elementor-element elementor-element-8a0c30e\" data-id=\"8a0c30e\" data-element_type=\"column\" data-e-type=\"column\">\n\t\t\t<div class=\"elementor-widget-wrap elementor-element-populated\">\n\t\t\t\t\t\t<div class=\"elementor-element elementor-element-d77d280 elementor-widget elementor-widget-text-editor\" data-id=\"d77d280\" data-element_type=\"widget\" data-e-type=\"widget\" data-widget_type=\"text-editor.default\">\n\t\t\t\t<div class=\"elementor-widget-container\">\n\t\t\t\t\t\t\t\t\t<p>La Comisi\u00f3n Administradora del R\u00edo Uruguay (CARU) realiza un llamado a concurso abierto de oposici\u00f3n y antecedentes para la selecci\u00f3n del cargo \u201cAsistente de Laboratorio\u201d del Comit\u00e9 Cient\u00edfico, dirigido a personas de nacionalidad uruguaya que re\u00fanan los requisitos establecidos en las presentes bases.<\/p>\n<p class=\"western\" lang=\"es-AR\" style=\"text-align: left;\" align=\"justify\"><span style=\"font-family: Calibri, serif;\"><span style=\"font-size: small;\"><span style=\"font-size: medium;\"><span lang=\"es-ES\">El plazo de inscripci\u00f3n vence el <strong>23<\/strong><\/span><\/span><\/span><\/span><strong><span style=\"font-family: Calibri, serif;\"><span style=\"font-size: small;\"><span style=\"font-size: medium;\"><span lang=\"es-ES\"> de noviembre de 2025 a las 22:00 horas.<\/span><\/span><\/span><\/span><\/strong><\/p>\n<div style=\"text-align: left;\"><span style=\"text-decoration-line: underline;\">\u00a0<\/span><\/div>\n<p style=\"text-align: left;\"><a href=\"https:\/\/caru.org.uy\/nuevositio\/wp-content\/uploads\/2025\/11\/f-Bases-de-Llamado-N%C2%B0-05-25-Analista-de-Laboratorio-CC-F-MAP-4-1.pdf\" target=\"_blank\" rel=\"noopener\">PLIEGO DE BASES (aqu\u00ed)<\/a><\/p>\n<div>\u00a0<\/div>\n<div>\u00a0<\/div>\n<p><!-- \/wp:paragraph --><\/p>\n<p><!-- wp:paragraph --><\/p>\n<p><!-- \/wp:paragraph --><\/p>\n<p><!-- wp:paragraph --><\/p>\n<p><!-- \/wp:paragraph --><\/p>\t\t\t\t\t\t\t\t<\/div>\n\t\t\t\t<\/div>\n\t\t\t\t\t<\/div>\n\t\t<\/div>\n\t\t\t\t\t<\/div>\n\t\t<\/section>\n\t\t\t\t<section class=\"elementor-section elementor-top-section elementor-element elementor-element-ddfda8a elementor-section-boxed elementor-section-height-default elementor-section-height-default\" data-id=\"ddfda8a\" data-element_type=\"section\" data-e-type=\"section\" data-settings=\"{&quot;jet_parallax_layout_list&quot;:[]}\">\n\t\t\t\t\t\t<div class=\"elementor-container elementor-column-gap-default\">\n\t\t\t\t\t<div class=\"elementor-column elementor-col-100 elementor-top-column elementor-element elementor-element-1d80821\" data-id=\"1d80821\" data-element_type=\"column\" data-e-type=\"column\">\n\t\t\t<div class=\"elementor-widget-wrap elementor-element-populated\">\n\t\t\t\t\t\t<div class=\"elementor-element elementor-element-419e959 elementor-widget elementor-widget-heading\" data-id=\"419e959\" data-element_type=\"widget\" data-e-type=\"widget\" data-widget_type=\"heading.default\">\n\t\t\t\t<div class=\"elementor-widget-container\">\n\t\t\t\t\t<h2 class=\"elementor-heading-title elementor-size-default\">El llamado a concurso abierto cerr\u00f3 sus inscripciones el d\u00eda 23 de noviembre de 2025 a las 22:00 horas.<\/h2>\t\t\t\t<\/div>\n\t\t\t\t<\/div>\n\t\t\t\t\t<\/div>\n\t\t<\/div>\n\t\t\t\t\t<\/div>\n\t\t<\/section>\n\t\t\t\t<\/div>\n\t\t","protected":false},"excerpt":{"rendered":"<p>La Comisi\u00f3n Administradora del R\u00edo Uruguay (CARU) realiza un llamado a concurso abierto de oposici\u00f3n y antecedentes para la selecci\u00f3n del cargo \u201cAsistente de Laboratorio\u201d del Comit\u00e9 Cient\u00edfico, dirigido a personas de nacionalidad uruguaya que re\u00fanan los requisitos establecidos en las presentes bases. El plazo de inscripci\u00f3n vence el 23 de noviembre de 2025 a [&hellip;]<\/p>\n","protected":false},"author":6,"featured_media":12100,"comment_status":"closed","ping_status":"closed","sticky":false,"template":"","format":"standard","meta":{"_acf_changed":false,"_joinchat":[],"footnotes":""},"categories":[36,37],"tags":[],"class_list":["post-12113","post","type-post","status-publish","format-standard","has-post-thumbnail","hentry","category-concursos","category-noticias"],"acf":[],"yoast_head":"<!-- This site is optimized with the Yoast SEO plugin v27.3 - https:\/\/yoast.com\/product\/yoast-seo-wordpress\/ -->\n<title>(cerrado)LLAMADO A CONCURSO ABIERTO DE OPOSICI\u00d3N Y ANTECEDENTES N\u00ba 05\/25 A PERSONAS DE NACIONALIDAD URUGUAYA PARA LA SELECCI\u00d3N DE UN ASISTENTE DE LABORATORIO. % C.A.R.U. imagen<\/title>\n<meta name=\"robots\" content=\"index, follow, max-snippet:-1, max-image-preview:large, max-video-preview:-1\" \/>\n<link rel=\"canonical\" href=\"https:\/\/caru.org.uy\/nuevositio\/2025\/11\/17\/llamado-a-concurso-abierto-de-oposicion-y-antecedentes-no-05-25-a-personas-de-nacionalidad-uruguaya-para-la-seleccion-de-un-asistente-de-laboratorio\/\" \/>\n<meta property=\"og:locale\" content=\"es_ES\" \/>\n<meta property=\"og:type\" content=\"article\" \/>\n<meta property=\"og:title\" content=\"(cerrado)LLAMADO A CONCURSO ABIERTO DE OPOSICI\u00d3N Y ANTECEDENTES N\u00ba 05\/25 A PERSONAS DE NACIONALIDAD URUGUAYA PARA LA SELECCI\u00d3N DE UN ASISTENTE DE LABORATORIO. % C.A.R.U. imagen\" \/>\n<meta property=\"og:description\" content=\"La Comisi\u00f3n Administradora del R\u00edo Uruguay (CARU) realiza un llamado a concurso abierto de oposici\u00f3n y antecedentes para la selecci\u00f3n del cargo \u201cAsistente de Laboratorio\u201d del Comit\u00e9 Cient\u00edfico, dirigido a personas de nacionalidad uruguaya que re\u00fanan los requisitos establecidos en las presentes bases. El plazo de inscripci\u00f3n vence el 23 de noviembre de 2025 a [&hellip;]\" \/>\n<meta property=\"og:url\" content=\"https:\/\/caru.org.uy\/nuevositio\/2025\/11\/17\/llamado-a-concurso-abierto-de-oposicion-y-antecedentes-no-05-25-a-personas-de-nacionalidad-uruguaya-para-la-seleccion-de-un-asistente-de-laboratorio\/\" \/>\n<meta property=\"og:site_name\" content=\"C.A.R.U.\" \/>\n<meta property=\"article:published_time\" content=\"2025-11-18T02:59:00+00:00\" \/>\n<meta property=\"article:modified_time\" content=\"2025-11-24T10:58:52+00:00\" \/>\n<meta property=\"og:image\" content=\"https:\/\/caru.org.uy\/nuevositio\/wp-content\/uploads\/2025\/11\/Sin-titulo-1-4-scaled.png\" \/>\n\t<meta property=\"og:image:width\" content=\"2560\" \/>\n\t<meta property=\"og:image:height\" content=\"1236\" \/>\n\t<meta property=\"og:image:type\" content=\"image\/png\" \/>\n<meta name=\"author\" content=\"Esteban Cotarelo\" \/>\n<meta name=\"twitter:card\" content=\"summary_large_image\" \/>\n<meta name=\"twitter:label1\" content=\"Escrito por\" \/>\n\t<meta name=\"twitter:data1\" content=\"Esteban Cotarelo\" \/>\n\t<meta name=\"twitter:label2\" content=\"Tiempo de lectura\" \/>\n\t<meta name=\"twitter:data2\" content=\"1 minuto\" \/>\n<script type=\"application\/ld+json\" class=\"yoast-schema-graph\">{\"@context\":\"https:\\\/\\\/schema.org\",\"@graph\":[{\"@type\":[\"Article\",\"BlogPosting\"],\"@id\":\"https:\\\/\\\/caru.org.uy\\\/nuevositio\\\/2025\\\/11\\\/17\\\/llamado-a-concurso-abierto-de-oposicion-y-antecedentes-no-05-25-a-personas-de-nacionalidad-uruguaya-para-la-seleccion-de-un-asistente-de-laboratorio\\\/#article\",\"isPartOf\":{\"@id\":\"https:\\\/\\\/caru.org.uy\\\/nuevositio\\\/2025\\\/11\\\/17\\\/llamado-a-concurso-abierto-de-oposicion-y-antecedentes-no-05-25-a-personas-de-nacionalidad-uruguaya-para-la-seleccion-de-un-asistente-de-laboratorio\\\/\"},\"author\":{\"name\":\"Esteban Cotarelo\",\"@id\":\"https:\\\/\\\/caru.org.uy\\\/nuevositio\\\/#\\\/schema\\\/person\\\/722517fd4ff551a488633b540770a591\"},\"headline\":\"(cerrado)LLAMADO A CONCURSO ABIERTO DE OPOSICI\u00d3N Y ANTECEDENTES N\u00ba 05\\\/25 A PERSONAS DE NACIONALIDAD URUGUAYA PARA LA SELECCI\u00d3N DE UN ASISTENTE DE LABORATORIO.\",\"datePublished\":\"2025-11-18T02:59:00+00:00\",\"dateModified\":\"2025-11-24T10:58:52+00:00\",\"mainEntityOfPage\":{\"@id\":\"https:\\\/\\\/caru.org.uy\\\/nuevositio\\\/2025\\\/11\\\/17\\\/llamado-a-concurso-abierto-de-oposicion-y-antecedentes-no-05-25-a-personas-de-nacionalidad-uruguaya-para-la-seleccion-de-un-asistente-de-laboratorio\\\/\"},\"wordCount\":108,\"publisher\":{\"@id\":\"https:\\\/\\\/caru.org.uy\\\/nuevositio\\\/#organization\"},\"image\":{\"@id\":\"https:\\\/\\\/caru.org.uy\\\/nuevositio\\\/2025\\\/11\\\/17\\\/llamado-a-concurso-abierto-de-oposicion-y-antecedentes-no-05-25-a-personas-de-nacionalidad-uruguaya-para-la-seleccion-de-un-asistente-de-laboratorio\\\/#primaryimage\"},\"thumbnailUrl\":\"https:\\\/\\\/caru.org.uy\\\/nuevositio\\\/wp-content\\\/uploads\\\/2025\\\/11\\\/Sin-titulo-1-4-scaled.png\",\"articleSection\":[\"Concursos\",\"Noticias\"],\"inLanguage\":\"es\"},{\"@type\":\"WebPage\",\"@id\":\"https:\\\/\\\/caru.org.uy\\\/nuevositio\\\/2025\\\/11\\\/17\\\/llamado-a-concurso-abierto-de-oposicion-y-antecedentes-no-05-25-a-personas-de-nacionalidad-uruguaya-para-la-seleccion-de-un-asistente-de-laboratorio\\\/\",\"url\":\"https:\\\/\\\/caru.org.uy\\\/nuevositio\\\/2025\\\/11\\\/17\\\/llamado-a-concurso-abierto-de-oposicion-y-antecedentes-no-05-25-a-personas-de-nacionalidad-uruguaya-para-la-seleccion-de-un-asistente-de-laboratorio\\\/\",\"name\":\"(cerrado)LLAMADO A CONCURSO ABIERTO DE OPOSICI\u00d3N Y ANTECEDENTES N\u00ba 05\\\/25 A PERSONAS DE NACIONALIDAD URUGUAYA PARA LA SELECCI\u00d3N DE UN ASISTENTE DE LABORATORIO. % C.A.R.U. imagen\",\"isPartOf\":{\"@id\":\"https:\\\/\\\/caru.org.uy\\\/nuevositio\\\/#website\"},\"primaryImageOfPage\":{\"@id\":\"https:\\\/\\\/caru.org.uy\\\/nuevositio\\\/2025\\\/11\\\/17\\\/llamado-a-concurso-abierto-de-oposicion-y-antecedentes-no-05-25-a-personas-de-nacionalidad-uruguaya-para-la-seleccion-de-un-asistente-de-laboratorio\\\/#primaryimage\"},\"image\":{\"@id\":\"https:\\\/\\\/caru.org.uy\\\/nuevositio\\\/2025\\\/11\\\/17\\\/llamado-a-concurso-abierto-de-oposicion-y-antecedentes-no-05-25-a-personas-de-nacionalidad-uruguaya-para-la-seleccion-de-un-asistente-de-laboratorio\\\/#primaryimage\"},\"thumbnailUrl\":\"https:\\\/\\\/caru.org.uy\\\/nuevositio\\\/wp-content\\\/uploads\\\/2025\\\/11\\\/Sin-titulo-1-4-scaled.png\",\"datePublished\":\"2025-11-18T02:59:00+00:00\",\"dateModified\":\"2025-11-24T10:58:52+00:00\",\"breadcrumb\":{\"@id\":\"https:\\\/\\\/caru.org.uy\\\/nuevositio\\\/2025\\\/11\\\/17\\\/llamado-a-concurso-abierto-de-oposicion-y-antecedentes-no-05-25-a-personas-de-nacionalidad-uruguaya-para-la-seleccion-de-un-asistente-de-laboratorio\\\/#breadcrumb\"},\"inLanguage\":\"es\",\"potentialAction\":[{\"@type\":\"ReadAction\",\"target\":[\"https:\\\/\\\/caru.org.uy\\\/nuevositio\\\/2025\\\/11\\\/17\\\/llamado-a-concurso-abierto-de-oposicion-y-antecedentes-no-05-25-a-personas-de-nacionalidad-uruguaya-para-la-seleccion-de-un-asistente-de-laboratorio\\\/\"]}]},{\"@type\":\"ImageObject\",\"inLanguage\":\"es\",\"@id\":\"https:\\\/\\\/caru.org.uy\\\/nuevositio\\\/2025\\\/11\\\/17\\\/llamado-a-concurso-abierto-de-oposicion-y-antecedentes-no-05-25-a-personas-de-nacionalidad-uruguaya-para-la-seleccion-de-un-asistente-de-laboratorio\\\/#primaryimage\",\"url\":\"https:\\\/\\\/caru.org.uy\\\/nuevositio\\\/wp-content\\\/uploads\\\/2025\\\/11\\\/Sin-titulo-1-4-scaled.png\",\"contentUrl\":\"https:\\\/\\\/caru.org.uy\\\/nuevositio\\\/wp-content\\\/uploads\\\/2025\\\/11\\\/Sin-titulo-1-4-scaled.png\",\"width\":2560,\"height\":1236},{\"@type\":\"BreadcrumbList\",\"@id\":\"https:\\\/\\\/caru.org.uy\\\/nuevositio\\\/2025\\\/11\\\/17\\\/llamado-a-concurso-abierto-de-oposicion-y-antecedentes-no-05-25-a-personas-de-nacionalidad-uruguaya-para-la-seleccion-de-un-asistente-de-laboratorio\\\/#breadcrumb\",\"itemListElement\":[{\"@type\":\"ListItem\",\"position\":1,\"name\":\"Portada\",\"item\":\"https:\\\/\\\/caru.org.uy\\\/nuevositio\\\/\"},{\"@type\":\"ListItem\",\"position\":2,\"name\":\"(cerrado)LLAMADO A CONCURSO ABIERTO DE OPOSICI\u00d3N Y ANTECEDENTES N\u00ba 05\\\/25 A PERSONAS DE NACIONALIDAD URUGUAYA PARA LA SELECCI\u00d3N DE UN ASISTENTE DE LABORATORIO.\"}]},{\"@type\":\"WebSite\",\"@id\":\"https:\\\/\\\/caru.org.uy\\\/nuevositio\\\/#website\",\"url\":\"https:\\\/\\\/caru.org.uy\\\/nuevositio\\\/\",\"name\":\"C.A.R.U.\",\"description\":\"Comisi\u00f3n Administradora del R\u00edo Uruguay\",\"publisher\":{\"@id\":\"https:\\\/\\\/caru.org.uy\\\/nuevositio\\\/#organization\"},\"potentialAction\":[{\"@type\":\"SearchAction\",\"target\":{\"@type\":\"EntryPoint\",\"urlTemplate\":\"https:\\\/\\\/caru.org.uy\\\/nuevositio\\\/?s={search_term_string}\"},\"query-input\":{\"@type\":\"PropertyValueSpecification\",\"valueRequired\":true,\"valueName\":\"search_term_string\"}}],\"inLanguage\":\"es\"},{\"@type\":\"Organization\",\"@id\":\"https:\\\/\\\/caru.org.uy\\\/nuevositio\\\/#organization\",\"name\":\"C.A.R.U.\",\"url\":\"https:\\\/\\\/caru.org.uy\\\/nuevositio\\\/\",\"logo\":{\"@type\":\"ImageObject\",\"inLanguage\":\"es\",\"@id\":\"https:\\\/\\\/caru.org.uy\\\/nuevositio\\\/#\\\/schema\\\/logo\\\/image\\\/\",\"url\":\"https:\\\/\\\/caru.org.uy\\\/nuevositio\\\/wp-content\\\/uploads\\\/2023\\\/11\\\/logo-nuevo.jpg\",\"contentUrl\":\"https:\\\/\\\/caru.org.uy\\\/nuevositio\\\/wp-content\\\/uploads\\\/2023\\\/11\\\/logo-nuevo.jpg\",\"width\":1,\"height\":1,\"caption\":\"C.A.R.U.\"},\"image\":{\"@id\":\"https:\\\/\\\/caru.org.uy\\\/nuevositio\\\/#\\\/schema\\\/logo\\\/image\\\/\"}},{\"@type\":\"Person\",\"@id\":\"https:\\\/\\\/caru.org.uy\\\/nuevositio\\\/#\\\/schema\\\/person\\\/722517fd4ff551a488633b540770a591\",\"name\":\"Esteban Cotarelo\",\"image\":{\"@type\":\"ImageObject\",\"inLanguage\":\"es\",\"@id\":\"https:\\\/\\\/secure.gravatar.com\\\/avatar\\\/5bcd16345ee14a5a233310b97fdd8448dacdb3950af8f249132bd830ffb00095?s=96&d=mm&r=g\",\"url\":\"https:\\\/\\\/secure.gravatar.com\\\/avatar\\\/5bcd16345ee14a5a233310b97fdd8448dacdb3950af8f249132bd830ffb00095?s=96&d=mm&r=g\",\"contentUrl\":\"https:\\\/\\\/secure.gravatar.com\\\/avatar\\\/5bcd16345ee14a5a233310b97fdd8448dacdb3950af8f249132bd830ffb00095?s=96&d=mm&r=g\",\"caption\":\"Esteban Cotarelo\"},\"url\":\"https:\\\/\\\/caru.org.uy\\\/nuevositio\\\/author\\\/esteban\\\/\"}]}<\/script>\n<!-- \/ Yoast SEO plugin. -->","yoast_head_json":{"title":"(cerrado)LLAMADO A CONCURSO ABIERTO DE OPOSICI\u00d3N Y ANTECEDENTES N\u00ba 05\/25 A PERSONAS DE NACIONALIDAD URUGUAYA PARA LA SELECCI\u00d3N DE UN ASISTENTE DE LABORATORIO. % C.A.R.U. imagen","robots":{"index":"index","follow":"follow","max-snippet":"max-snippet:-1","max-image-preview":"max-image-preview:large","max-video-preview":"max-video-preview:-1"},"canonical":"https:\/\/caru.org.uy\/nuevositio\/2025\/11\/17\/llamado-a-concurso-abierto-de-oposicion-y-antecedentes-no-05-25-a-personas-de-nacionalidad-uruguaya-para-la-seleccion-de-un-asistente-de-laboratorio\/","og_locale":"es_ES","og_type":"article","og_title":"(cerrado)LLAMADO A CONCURSO ABIERTO DE OPOSICI\u00d3N Y ANTECEDENTES N\u00ba 05\/25 A PERSONAS DE NACIONALIDAD URUGUAYA PARA LA SELECCI\u00d3N DE UN ASISTENTE DE LABORATORIO. % C.A.R.U. imagen","og_description":"La Comisi\u00f3n Administradora del R\u00edo Uruguay (CARU) realiza un llamado a concurso abierto de oposici\u00f3n y antecedentes para la selecci\u00f3n del cargo \u201cAsistente de Laboratorio\u201d del Comit\u00e9 Cient\u00edfico, dirigido a personas de nacionalidad uruguaya que re\u00fanan los requisitos establecidos en las presentes bases. El plazo de inscripci\u00f3n vence el 23 de noviembre de 2025 a [&hellip;]","og_url":"https:\/\/caru.org.uy\/nuevositio\/2025\/11\/17\/llamado-a-concurso-abierto-de-oposicion-y-antecedentes-no-05-25-a-personas-de-nacionalidad-uruguaya-para-la-seleccion-de-un-asistente-de-laboratorio\/","og_site_name":"C.A.R.U.","article_published_time":"2025-11-18T02:59:00+00:00","article_modified_time":"2025-11-24T10:58:52+00:00","og_image":[{"width":2560,"height":1236,"url":"https:\/\/caru.org.uy\/nuevositio\/wp-content\/uploads\/2025\/11\/Sin-titulo-1-4-scaled.png","type":"image\/png"}],"author":"Esteban Cotarelo","twitter_card":"summary_large_image","twitter_misc":{"Escrito por":"Esteban Cotarelo","Tiempo de lectura":"1 minuto"},"schema":{"@context":"https:\/\/schema.org","@graph":[{"@type":["Article","BlogPosting"],"@id":"https:\/\/caru.org.uy\/nuevositio\/2025\/11\/17\/llamado-a-concurso-abierto-de-oposicion-y-antecedentes-no-05-25-a-personas-de-nacionalidad-uruguaya-para-la-seleccion-de-un-asistente-de-laboratorio\/#article","isPartOf":{"@id":"https:\/\/caru.org.uy\/nuevositio\/2025\/11\/17\/llamado-a-concurso-abierto-de-oposicion-y-antecedentes-no-05-25-a-personas-de-nacionalidad-uruguaya-para-la-seleccion-de-un-asistente-de-laboratorio\/"},"author":{"name":"Esteban Cotarelo","@id":"https:\/\/caru.org.uy\/nuevositio\/#\/schema\/person\/722517fd4ff551a488633b540770a591"},"headline":"(cerrado)LLAMADO A CONCURSO ABIERTO DE OPOSICI\u00d3N Y ANTECEDENTES N\u00ba 05\/25 A PERSONAS DE NACIONALIDAD URUGUAYA PARA LA SELECCI\u00d3N DE UN ASISTENTE DE LABORATORIO.","datePublished":"2025-11-18T02:59:00+00:00","dateModified":"2025-11-24T10:58:52+00:00","mainEntityOfPage":{"@id":"https:\/\/caru.org.uy\/nuevositio\/2025\/11\/17\/llamado-a-concurso-abierto-de-oposicion-y-antecedentes-no-05-25-a-personas-de-nacionalidad-uruguaya-para-la-seleccion-de-un-asistente-de-laboratorio\/"},"wordCount":108,"publisher":{"@id":"https:\/\/caru.org.uy\/nuevositio\/#organization"},"image":{"@id":"https:\/\/caru.org.uy\/nuevositio\/2025\/11\/17\/llamado-a-concurso-abierto-de-oposicion-y-antecedentes-no-05-25-a-personas-de-nacionalidad-uruguaya-para-la-seleccion-de-un-asistente-de-laboratorio\/#primaryimage"},"thumbnailUrl":"https:\/\/caru.org.uy\/nuevositio\/wp-content\/uploads\/2025\/11\/Sin-titulo-1-4-scaled.png","articleSection":["Concursos","Noticias"],"inLanguage":"es"},{"@type":"WebPage","@id":"https:\/\/caru.org.uy\/nuevositio\/2025\/11\/17\/llamado-a-concurso-abierto-de-oposicion-y-antecedentes-no-05-25-a-personas-de-nacionalidad-uruguaya-para-la-seleccion-de-un-asistente-de-laboratorio\/","url":"https:\/\/caru.org.uy\/nuevositio\/2025\/11\/17\/llamado-a-concurso-abierto-de-oposicion-y-antecedentes-no-05-25-a-personas-de-nacionalidad-uruguaya-para-la-seleccion-de-un-asistente-de-laboratorio\/","name":"(cerrado)LLAMADO A CONCURSO ABIERTO DE OPOSICI\u00d3N Y ANTECEDENTES N\u00ba 05\/25 A PERSONAS DE NACIONALIDAD URUGUAYA PARA LA SELECCI\u00d3N DE UN ASISTENTE DE LABORATORIO. % C.A.R.U. imagen","isPartOf":{"@id":"https:\/\/caru.org.uy\/nuevositio\/#website"},"primaryImageOfPage":{"@id":"https:\/\/caru.org.uy\/nuevositio\/2025\/11\/17\/llamado-a-concurso-abierto-de-oposicion-y-antecedentes-no-05-25-a-personas-de-nacionalidad-uruguaya-para-la-seleccion-de-un-asistente-de-laboratorio\/#primaryimage"},"image":{"@id":"https:\/\/caru.org.uy\/nuevositio\/2025\/11\/17\/llamado-a-concurso-abierto-de-oposicion-y-antecedentes-no-05-25-a-personas-de-nacionalidad-uruguaya-para-la-seleccion-de-un-asistente-de-laboratorio\/#primaryimage"},"thumbnailUrl":"https:\/\/caru.org.uy\/nuevositio\/wp-content\/uploads\/2025\/11\/Sin-titulo-1-4-scaled.png","datePublished":"2025-11-18T02:59:00+00:00","dateModified":"2025-11-24T10:58:52+00:00","breadcrumb":{"@id":"https:\/\/caru.org.uy\/nuevositio\/2025\/11\/17\/llamado-a-concurso-abierto-de-oposicion-y-antecedentes-no-05-25-a-personas-de-nacionalidad-uruguaya-para-la-seleccion-de-un-asistente-de-laboratorio\/#breadcrumb"},"inLanguage":"es","potentialAction":[{"@type":"ReadAction","target":["https:\/\/caru.org.uy\/nuevositio\/2025\/11\/17\/llamado-a-concurso-abierto-de-oposicion-y-antecedentes-no-05-25-a-personas-de-nacionalidad-uruguaya-para-la-seleccion-de-un-asistente-de-laboratorio\/"]}]},{"@type":"ImageObject","inLanguage":"es","@id":"https:\/\/caru.org.uy\/nuevositio\/2025\/11\/17\/llamado-a-concurso-abierto-de-oposicion-y-antecedentes-no-05-25-a-personas-de-nacionalidad-uruguaya-para-la-seleccion-de-un-asistente-de-laboratorio\/#primaryimage","url":"https:\/\/caru.org.uy\/nuevositio\/wp-content\/uploads\/2025\/11\/Sin-titulo-1-4-scaled.png","contentUrl":"https:\/\/caru.org.uy\/nuevositio\/wp-content\/uploads\/2025\/11\/Sin-titulo-1-4-scaled.png","width":2560,"height":1236},{"@type":"BreadcrumbList","@id":"https:\/\/caru.org.uy\/nuevositio\/2025\/11\/17\/llamado-a-concurso-abierto-de-oposicion-y-antecedentes-no-05-25-a-personas-de-nacionalidad-uruguaya-para-la-seleccion-de-un-asistente-de-laboratorio\/#breadcrumb","itemListElement":[{"@type":"ListItem","position":1,"name":"Portada","item":"https:\/\/caru.org.uy\/nuevositio\/"},{"@type":"ListItem","position":2,"name":"(cerrado)LLAMADO A CONCURSO ABIERTO DE OPOSICI\u00d3N Y ANTECEDENTES N\u00ba 05\/25 A PERSONAS DE NACIONALIDAD URUGUAYA PARA LA SELECCI\u00d3N DE UN ASISTENTE DE LABORATORIO."}]},{"@type":"WebSite","@id":"https:\/\/caru.org.uy\/nuevositio\/#website","url":"https:\/\/caru.org.uy\/nuevositio\/","name":"C.A.R.U.","description":"Comisi\u00f3n Administradora del R\u00edo Uruguay","publisher":{"@id":"https:\/\/caru.org.uy\/nuevositio\/#organization"},"potentialAction":[{"@type":"SearchAction","target":{"@type":"EntryPoint","urlTemplate":"https:\/\/caru.org.uy\/nuevositio\/?s={search_term_string}"},"query-input":{"@type":"PropertyValueSpecification","valueRequired":true,"valueName":"search_term_string"}}],"inLanguage":"es"},{"@type":"Organization","@id":"https:\/\/caru.org.uy\/nuevositio\/#organization","name":"C.A.R.U.","url":"https:\/\/caru.org.uy\/nuevositio\/","logo":{"@type":"ImageObject","inLanguage":"es","@id":"https:\/\/caru.org.uy\/nuevositio\/#\/schema\/logo\/image\/","url":"https:\/\/caru.org.uy\/nuevositio\/wp-content\/uploads\/2023\/11\/logo-nuevo.jpg","contentUrl":"https:\/\/caru.org.uy\/nuevositio\/wp-content\/uploads\/2023\/11\/logo-nuevo.jpg","width":1,"height":1,"caption":"C.A.R.U."},"image":{"@id":"https:\/\/caru.org.uy\/nuevositio\/#\/schema\/logo\/image\/"}},{"@type":"Person","@id":"https:\/\/caru.org.uy\/nuevositio\/#\/schema\/person\/722517fd4ff551a488633b540770a591","name":"Esteban Cotarelo","image":{"@type":"ImageObject","inLanguage":"es","@id":"https:\/\/secure.gravatar.com\/avatar\/5bcd16345ee14a5a233310b97fdd8448dacdb3950af8f249132bd830ffb00095?s=96&d=mm&r=g","url":"https:\/\/secure.gravatar.com\/avatar\/5bcd16345ee14a5a233310b97fdd8448dacdb3950af8f249132bd830ffb00095?s=96&d=mm&r=g","contentUrl":"https:\/\/secure.gravatar.com\/avatar\/5bcd16345ee14a5a233310b97fdd8448dacdb3950af8f249132bd830ffb00095?s=96&d=mm&r=g","caption":"Esteban Cotarelo"},"url":"https:\/\/caru.org.uy\/nuevositio\/author\/esteban\/"}]}},"_links":{"self":[{"href":"https:\/\/caru.org.uy\/nuevositio\/wp-json\/wp\/v2\/posts\/12113","targetHints":{"allow":["GET"]}}],"collection":[{"href":"https:\/\/caru.org.uy\/nuevositio\/wp-json\/wp\/v2\/posts"}],"about":[{"href":"https:\/\/caru.org.uy\/nuevositio\/wp-json\/wp\/v2\/types\/post"}],"author":[{"embeddable":true,"href":"https:\/\/caru.org.uy\/nuevositio\/wp-json\/wp\/v2\/users\/6"}],"replies":[{"embeddable":true,"href":"https:\/\/caru.org.uy\/nuevositio\/wp-json\/wp\/v2\/comments?post=12113"}],"version-history":[{"count":5,"href":"https:\/\/caru.org.uy\/nuevositio\/wp-json\/wp\/v2\/posts\/12113\/revisions"}],"predecessor-version":[{"id":12224,"href":"https:\/\/caru.org.uy\/nuevositio\/wp-json\/wp\/v2\/posts\/12113\/revisions\/12224"}],"wp:featuredmedia":[{"embeddable":true,"href":"https:\/\/caru.org.uy\/nuevositio\/wp-json\/wp\/v2\/media\/12100"}],"wp:attachment":[{"href":"https:\/\/caru.org.uy\/nuevositio\/wp-json\/wp\/v2\/media?parent=12113"}],"wp:term":[{"taxonomy":"category","embeddable":true,"href":"https:\/\/caru.org.uy\/nuevositio\/wp-json\/wp\/v2\/categories?post=12113"},{"taxonomy":"post_tag","embeddable":true,"href":"https:\/\/caru.org.uy\/nuevositio\/wp-json\/wp\/v2\/tags?post=12113"}],"curies":[{"name":"wp","href":"https:\/\/api.w.org\/{rel}","templated":true}]}}