{"id":12165,"date":"2025-11-14T15:41:58","date_gmt":"2025-11-14T18:41:58","guid":{"rendered":"https:\/\/caru.org.uy\/nuevositio\/?p=12165"},"modified":"2025-11-17T09:57:40","modified_gmt":"2025-11-17T12:57:40","slug":"resultados-del-sorteo-de-puestos-eventuales-2025-2026","status":"publish","type":"post","link":"https:\/\/caru.org.uy\/nuevositio\/2025\/11\/14\/resultados-del-sorteo-de-puestos-eventuales-2025-2026\/","title":{"rendered":"Resultados del Sorteo de Puestos Eventuales 2025\u20132026"},"content":{"rendered":"\n<figure class=\"wp-block-gallery has-nested-images columns-default is-cropped wp-block-gallery-1 is-layout-flex wp-block-gallery-is-layout-flex\">\n<figure class=\"wp-block-image size-large\"><img fetchpriority=\"high\" decoding=\"async\" width=\"1024\" height=\"460\" data-id=\"12077\" src=\"https:\/\/caru.org.uy\/nuevositio\/wp-content\/uploads\/2025\/11\/concurso-caru-300x135-2-1024x460.png\" alt=\"\" class=\"wp-image-12077\" srcset=\"https:\/\/caru.org.uy\/nuevositio\/wp-content\/uploads\/2025\/11\/concurso-caru-300x135-2-1024x460.png 1024w, https:\/\/caru.org.uy\/nuevositio\/wp-content\/uploads\/2025\/11\/concurso-caru-300x135-2-300x135.png 300w, https:\/\/caru.org.uy\/nuevositio\/wp-content\/uploads\/2025\/11\/concurso-caru-300x135-2-768x345.png 768w, https:\/\/caru.org.uy\/nuevositio\/wp-content\/uploads\/2025\/11\/concurso-caru-300x135-2.png 1242w\" sizes=\"(max-width: 1024px) 100vw, 1024px\" \/><\/figure>\n<\/figure>\n\n\n\n<p>Se realiz\u00f3 el sorteo correspondiente para la cobertura de puestos eventuales destinados a ciudadanos uruguayos. Se remite la lista de n\u00fameros de c\u00e9dula de identidad de las personas <strong>DE NACIONALIDAD URUGUAYA<\/strong> seleccionadas para desempe\u00f1ar diversas tareas durante el per\u00edodo comprendido entre el <strong>10 de noviembre de 2025<\/strong> y el <strong>30 de abril de 2026<\/strong>.<\/p>\n\n\n\n<p>A continuaci\u00f3n, se detallan las c\u00e9dulas de identidad y las funciones asignadas que est\u00e1n rigiendo actualmente:<\/p>\n\n\n\n<ul class=\"wp-block-list\">\n<li><strong>C.I. 4.281.833-4:<\/strong> Colaborador de Servicios \u2013 PGA<\/li>\n\n\n\n<li><strong>C.I. 5.035.416-0:<\/strong> Banderillero \u2013 PGA<\/li>\n\n\n\n<li><strong>C.I. 5.424.599-7:<\/strong> Cajero \u2013 PGA<\/li>\n\n\n\n<li><strong>C.I. 5.235.133-6:<\/strong> Cajero \u2013 PLGSM<\/li>\n\n\n\n<li><strong>C.I. 5.139.871-1:<\/strong> Colaborador de Servicios \u2013 PLGSM<\/li>\n\n\n\n<li><strong>C.I. 4.983.176-5:<\/strong> Banderillero \u2013 PGA<\/li>\n\n\n\n<li><strong>C.I. 4.722.746-1:<\/strong> Banderillero \u2013 PGA<\/li>\n\n\n\n<li><strong>C.I. 5.412.474-1:<\/strong> Colaborador de Servicios \u2013 PLGSM<\/li>\n\n\n\n<li><strong>C.I. 5.530.720-3:<\/strong> Cajero \u2013 PLGSM<\/li>\n<\/ul>\n\n\n\n<p><\/p>\n","protected":false},"excerpt":{"rendered":"<p>Se realiz\u00f3 el sorteo correspondiente para la cobertura de puestos eventuales destinados a ciudadanos uruguayos. Se remite la lista de n\u00fameros de c\u00e9dula de identidad de las personas DE NACIONALIDAD URUGUAYA seleccionadas para desempe\u00f1ar diversas tareas durante el per\u00edodo comprendido entre el 10 de noviembre de 2025 y el 30 de abril de 2026. A [&hellip;]<\/p>\n","protected":false},"author":12,"featured_media":12100,"comment_status":"open","ping_status":"open","sticky":false,"template":"","format":"standard","meta":{"_acf_changed":false,"_joinchat":[],"footnotes":""},"categories":[],"tags":[],"class_list":["post-12165","post","type-post","status-publish","format-standard","has-post-thumbnail","hentry"],"acf":[],"yoast_head":"<!-- This site is optimized with the Yoast SEO plugin v27.3 - https:\/\/yoast.com\/product\/yoast-seo-wordpress\/ -->\n<title>Resultados del Sorteo de Puestos Eventuales 2025\u20132026 % C.A.R.U. imagen<\/title>\n<meta name=\"robots\" content=\"index, follow, max-snippet:-1, max-image-preview:large, max-video-preview:-1\" \/>\n<link rel=\"canonical\" href=\"https:\/\/caru.org.uy\/nuevositio\/2025\/11\/14\/resultados-del-sorteo-de-puestos-eventuales-2025-2026\/\" \/>\n<meta property=\"og:locale\" content=\"es_ES\" \/>\n<meta property=\"og:type\" content=\"article\" \/>\n<meta property=\"og:title\" content=\"Resultados del Sorteo de Puestos Eventuales 2025\u20132026 % C.A.R.U. imagen\" \/>\n<meta property=\"og:description\" content=\"Se realiz\u00f3 el sorteo correspondiente para la cobertura de puestos eventuales destinados a ciudadanos uruguayos. Se remite la lista de n\u00fameros de c\u00e9dula de identidad de las personas DE NACIONALIDAD URUGUAYA seleccionadas para desempe\u00f1ar diversas tareas durante el per\u00edodo comprendido entre el 10 de noviembre de 2025 y el 30 de abril de 2026. A [&hellip;]\" \/>\n<meta property=\"og:url\" content=\"https:\/\/caru.org.uy\/nuevositio\/2025\/11\/14\/resultados-del-sorteo-de-puestos-eventuales-2025-2026\/\" \/>\n<meta property=\"og:site_name\" content=\"C.A.R.U.\" \/>\n<meta property=\"article:published_time\" content=\"2025-11-14T18:41:58+00:00\" \/>\n<meta property=\"article:modified_time\" content=\"2025-11-17T12:57:40+00:00\" \/>\n<meta property=\"og:image\" content=\"https:\/\/caru.org.uy\/nuevositio\/wp-content\/uploads\/2025\/11\/Sin-titulo-1-4-scaled.png\" \/>\n\t<meta property=\"og:image:width\" content=\"2560\" \/>\n\t<meta property=\"og:image:height\" content=\"1236\" \/>\n\t<meta property=\"og:image:type\" content=\"image\/png\" \/>\n<meta name=\"author\" content=\"Federico\" \/>\n<meta name=\"twitter:card\" content=\"summary_large_image\" \/>\n<meta name=\"twitter:label1\" content=\"Escrito por\" \/>\n\t<meta name=\"twitter:data1\" content=\"Federico\" \/>\n\t<meta name=\"twitter:label2\" content=\"Tiempo de lectura\" \/>\n\t<meta name=\"twitter:data2\" content=\"1 minuto\" \/>\n<script type=\"application\/ld+json\" class=\"yoast-schema-graph\">{\"@context\":\"https:\\\/\\\/schema.org\",\"@graph\":[{\"@type\":[\"Article\",\"BlogPosting\"],\"@id\":\"https:\\\/\\\/caru.org.uy\\\/nuevositio\\\/2025\\\/11\\\/14\\\/resultados-del-sorteo-de-puestos-eventuales-2025-2026\\\/#article\",\"isPartOf\":{\"@id\":\"https:\\\/\\\/caru.org.uy\\\/nuevositio\\\/2025\\\/11\\\/14\\\/resultados-del-sorteo-de-puestos-eventuales-2025-2026\\\/\"},\"author\":{\"name\":\"Federico\",\"@id\":\"https:\\\/\\\/caru.org.uy\\\/nuevositio\\\/#\\\/schema\\\/person\\\/fba625b864836c52fe4d995c9dc2869d\"},\"headline\":\"Resultados del Sorteo de Puestos Eventuales 2025\u20132026\",\"datePublished\":\"2025-11-14T18:41:58+00:00\",\"dateModified\":\"2025-11-17T12:57:40+00:00\",\"mainEntityOfPage\":{\"@id\":\"https:\\\/\\\/caru.org.uy\\\/nuevositio\\\/2025\\\/11\\\/14\\\/resultados-del-sorteo-de-puestos-eventuales-2025-2026\\\/\"},\"wordCount\":130,\"commentCount\":0,\"publisher\":{\"@id\":\"https:\\\/\\\/caru.org.uy\\\/nuevositio\\\/#organization\"},\"image\":{\"@id\":\"https:\\\/\\\/caru.org.uy\\\/nuevositio\\\/2025\\\/11\\\/14\\\/resultados-del-sorteo-de-puestos-eventuales-2025-2026\\\/#primaryimage\"},\"thumbnailUrl\":\"https:\\\/\\\/caru.org.uy\\\/nuevositio\\\/wp-content\\\/uploads\\\/2025\\\/11\\\/Sin-titulo-1-4-scaled.png\",\"inLanguage\":\"es\",\"potentialAction\":[{\"@type\":\"CommentAction\",\"name\":\"Comment\",\"target\":[\"https:\\\/\\\/caru.org.uy\\\/nuevositio\\\/2025\\\/11\\\/14\\\/resultados-del-sorteo-de-puestos-eventuales-2025-2026\\\/#respond\"]}]},{\"@type\":\"WebPage\",\"@id\":\"https:\\\/\\\/caru.org.uy\\\/nuevositio\\\/2025\\\/11\\\/14\\\/resultados-del-sorteo-de-puestos-eventuales-2025-2026\\\/\",\"url\":\"https:\\\/\\\/caru.org.uy\\\/nuevositio\\\/2025\\\/11\\\/14\\\/resultados-del-sorteo-de-puestos-eventuales-2025-2026\\\/\",\"name\":\"Resultados del Sorteo de Puestos Eventuales 2025\u20132026 % C.A.R.U. imagen\",\"isPartOf\":{\"@id\":\"https:\\\/\\\/caru.org.uy\\\/nuevositio\\\/#website\"},\"primaryImageOfPage\":{\"@id\":\"https:\\\/\\\/caru.org.uy\\\/nuevositio\\\/2025\\\/11\\\/14\\\/resultados-del-sorteo-de-puestos-eventuales-2025-2026\\\/#primaryimage\"},\"image\":{\"@id\":\"https:\\\/\\\/caru.org.uy\\\/nuevositio\\\/2025\\\/11\\\/14\\\/resultados-del-sorteo-de-puestos-eventuales-2025-2026\\\/#primaryimage\"},\"thumbnailUrl\":\"https:\\\/\\\/caru.org.uy\\\/nuevositio\\\/wp-content\\\/uploads\\\/2025\\\/11\\\/Sin-titulo-1-4-scaled.png\",\"datePublished\":\"2025-11-14T18:41:58+00:00\",\"dateModified\":\"2025-11-17T12:57:40+00:00\",\"breadcrumb\":{\"@id\":\"https:\\\/\\\/caru.org.uy\\\/nuevositio\\\/2025\\\/11\\\/14\\\/resultados-del-sorteo-de-puestos-eventuales-2025-2026\\\/#breadcrumb\"},\"inLanguage\":\"es\",\"potentialAction\":[{\"@type\":\"ReadAction\",\"target\":[\"https:\\\/\\\/caru.org.uy\\\/nuevositio\\\/2025\\\/11\\\/14\\\/resultados-del-sorteo-de-puestos-eventuales-2025-2026\\\/\"]}]},{\"@type\":\"ImageObject\",\"inLanguage\":\"es\",\"@id\":\"https:\\\/\\\/caru.org.uy\\\/nuevositio\\\/2025\\\/11\\\/14\\\/resultados-del-sorteo-de-puestos-eventuales-2025-2026\\\/#primaryimage\",\"url\":\"https:\\\/\\\/caru.org.uy\\\/nuevositio\\\/wp-content\\\/uploads\\\/2025\\\/11\\\/Sin-titulo-1-4-scaled.png\",\"contentUrl\":\"https:\\\/\\\/caru.org.uy\\\/nuevositio\\\/wp-content\\\/uploads\\\/2025\\\/11\\\/Sin-titulo-1-4-scaled.png\",\"width\":2560,\"height\":1236},{\"@type\":\"BreadcrumbList\",\"@id\":\"https:\\\/\\\/caru.org.uy\\\/nuevositio\\\/2025\\\/11\\\/14\\\/resultados-del-sorteo-de-puestos-eventuales-2025-2026\\\/#breadcrumb\",\"itemListElement\":[{\"@type\":\"ListItem\",\"position\":1,\"name\":\"Portada\",\"item\":\"https:\\\/\\\/caru.org.uy\\\/nuevositio\\\/\"},{\"@type\":\"ListItem\",\"position\":2,\"name\":\"Resultados del Sorteo de Puestos Eventuales 2025\u20132026\"}]},{\"@type\":\"WebSite\",\"@id\":\"https:\\\/\\\/caru.org.uy\\\/nuevositio\\\/#website\",\"url\":\"https:\\\/\\\/caru.org.uy\\\/nuevositio\\\/\",\"name\":\"C.A.R.U.\",\"description\":\"Comisi\u00f3n Administradora del R\u00edo Uruguay\",\"publisher\":{\"@id\":\"https:\\\/\\\/caru.org.uy\\\/nuevositio\\\/#organization\"},\"potentialAction\":[{\"@type\":\"SearchAction\",\"target\":{\"@type\":\"EntryPoint\",\"urlTemplate\":\"https:\\\/\\\/caru.org.uy\\\/nuevositio\\\/?s={search_term_string}\"},\"query-input\":{\"@type\":\"PropertyValueSpecification\",\"valueRequired\":true,\"valueName\":\"search_term_string\"}}],\"inLanguage\":\"es\"},{\"@type\":\"Organization\",\"@id\":\"https:\\\/\\\/caru.org.uy\\\/nuevositio\\\/#organization\",\"name\":\"C.A.R.U.\",\"url\":\"https:\\\/\\\/caru.org.uy\\\/nuevositio\\\/\",\"logo\":{\"@type\":\"ImageObject\",\"inLanguage\":\"es\",\"@id\":\"https:\\\/\\\/caru.org.uy\\\/nuevositio\\\/#\\\/schema\\\/logo\\\/image\\\/\",\"url\":\"https:\\\/\\\/caru.org.uy\\\/nuevositio\\\/wp-content\\\/uploads\\\/2023\\\/11\\\/logo-nuevo.jpg\",\"contentUrl\":\"https:\\\/\\\/caru.org.uy\\\/nuevositio\\\/wp-content\\\/uploads\\\/2023\\\/11\\\/logo-nuevo.jpg\",\"width\":1,\"height\":1,\"caption\":\"C.A.R.U.\"},\"image\":{\"@id\":\"https:\\\/\\\/caru.org.uy\\\/nuevositio\\\/#\\\/schema\\\/logo\\\/image\\\/\"}},{\"@type\":\"Person\",\"@id\":\"https:\\\/\\\/caru.org.uy\\\/nuevositio\\\/#\\\/schema\\\/person\\\/fba625b864836c52fe4d995c9dc2869d\",\"name\":\"Federico\",\"image\":{\"@type\":\"ImageObject\",\"inLanguage\":\"es\",\"@id\":\"https:\\\/\\\/secure.gravatar.com\\\/avatar\\\/542d68923246b6c29256d811c3ce7f803fe17d6a190c813a52ef45fcda4733ad?s=96&d=mm&r=g\",\"url\":\"https:\\\/\\\/secure.gravatar.com\\\/avatar\\\/542d68923246b6c29256d811c3ce7f803fe17d6a190c813a52ef45fcda4733ad?s=96&d=mm&r=g\",\"contentUrl\":\"https:\\\/\\\/secure.gravatar.com\\\/avatar\\\/542d68923246b6c29256d811c3ce7f803fe17d6a190c813a52ef45fcda4733ad?s=96&d=mm&r=g\",\"caption\":\"Federico\"},\"url\":\"https:\\\/\\\/caru.org.uy\\\/nuevositio\\\/author\\\/federico\\\/\"}]}<\/script>\n<!-- \/ Yoast SEO plugin. -->","yoast_head_json":{"title":"Resultados del Sorteo de Puestos Eventuales 2025\u20132026 % C.A.R.U. imagen","robots":{"index":"index","follow":"follow","max-snippet":"max-snippet:-1","max-image-preview":"max-image-preview:large","max-video-preview":"max-video-preview:-1"},"canonical":"https:\/\/caru.org.uy\/nuevositio\/2025\/11\/14\/resultados-del-sorteo-de-puestos-eventuales-2025-2026\/","og_locale":"es_ES","og_type":"article","og_title":"Resultados del Sorteo de Puestos Eventuales 2025\u20132026 % C.A.R.U. imagen","og_description":"Se realiz\u00f3 el sorteo correspondiente para la cobertura de puestos eventuales destinados a ciudadanos uruguayos. Se remite la lista de n\u00fameros de c\u00e9dula de identidad de las personas DE NACIONALIDAD URUGUAYA seleccionadas para desempe\u00f1ar diversas tareas durante el per\u00edodo comprendido entre el 10 de noviembre de 2025 y el 30 de abril de 2026. A [&hellip;]","og_url":"https:\/\/caru.org.uy\/nuevositio\/2025\/11\/14\/resultados-del-sorteo-de-puestos-eventuales-2025-2026\/","og_site_name":"C.A.R.U.","article_published_time":"2025-11-14T18:41:58+00:00","article_modified_time":"2025-11-17T12:57:40+00:00","og_image":[{"width":2560,"height":1236,"url":"https:\/\/caru.org.uy\/nuevositio\/wp-content\/uploads\/2025\/11\/Sin-titulo-1-4-scaled.png","type":"image\/png"}],"author":"Federico","twitter_card":"summary_large_image","twitter_misc":{"Escrito por":"Federico","Tiempo de lectura":"1 minuto"},"schema":{"@context":"https:\/\/schema.org","@graph":[{"@type":["Article","BlogPosting"],"@id":"https:\/\/caru.org.uy\/nuevositio\/2025\/11\/14\/resultados-del-sorteo-de-puestos-eventuales-2025-2026\/#article","isPartOf":{"@id":"https:\/\/caru.org.uy\/nuevositio\/2025\/11\/14\/resultados-del-sorteo-de-puestos-eventuales-2025-2026\/"},"author":{"name":"Federico","@id":"https:\/\/caru.org.uy\/nuevositio\/#\/schema\/person\/fba625b864836c52fe4d995c9dc2869d"},"headline":"Resultados del Sorteo de Puestos Eventuales 2025\u20132026","datePublished":"2025-11-14T18:41:58+00:00","dateModified":"2025-11-17T12:57:40+00:00","mainEntityOfPage":{"@id":"https:\/\/caru.org.uy\/nuevositio\/2025\/11\/14\/resultados-del-sorteo-de-puestos-eventuales-2025-2026\/"},"wordCount":130,"commentCount":0,"publisher":{"@id":"https:\/\/caru.org.uy\/nuevositio\/#organization"},"image":{"@id":"https:\/\/caru.org.uy\/nuevositio\/2025\/11\/14\/resultados-del-sorteo-de-puestos-eventuales-2025-2026\/#primaryimage"},"thumbnailUrl":"https:\/\/caru.org.uy\/nuevositio\/wp-content\/uploads\/2025\/11\/Sin-titulo-1-4-scaled.png","inLanguage":"es","potentialAction":[{"@type":"CommentAction","name":"Comment","target":["https:\/\/caru.org.uy\/nuevositio\/2025\/11\/14\/resultados-del-sorteo-de-puestos-eventuales-2025-2026\/#respond"]}]},{"@type":"WebPage","@id":"https:\/\/caru.org.uy\/nuevositio\/2025\/11\/14\/resultados-del-sorteo-de-puestos-eventuales-2025-2026\/","url":"https:\/\/caru.org.uy\/nuevositio\/2025\/11\/14\/resultados-del-sorteo-de-puestos-eventuales-2025-2026\/","name":"Resultados del Sorteo de Puestos Eventuales 2025\u20132026 % C.A.R.U. imagen","isPartOf":{"@id":"https:\/\/caru.org.uy\/nuevositio\/#website"},"primaryImageOfPage":{"@id":"https:\/\/caru.org.uy\/nuevositio\/2025\/11\/14\/resultados-del-sorteo-de-puestos-eventuales-2025-2026\/#primaryimage"},"image":{"@id":"https:\/\/caru.org.uy\/nuevositio\/2025\/11\/14\/resultados-del-sorteo-de-puestos-eventuales-2025-2026\/#primaryimage"},"thumbnailUrl":"https:\/\/caru.org.uy\/nuevositio\/wp-content\/uploads\/2025\/11\/Sin-titulo-1-4-scaled.png","datePublished":"2025-11-14T18:41:58+00:00","dateModified":"2025-11-17T12:57:40+00:00","breadcrumb":{"@id":"https:\/\/caru.org.uy\/nuevositio\/2025\/11\/14\/resultados-del-sorteo-de-puestos-eventuales-2025-2026\/#breadcrumb"},"inLanguage":"es","potentialAction":[{"@type":"ReadAction","target":["https:\/\/caru.org.uy\/nuevositio\/2025\/11\/14\/resultados-del-sorteo-de-puestos-eventuales-2025-2026\/"]}]},{"@type":"ImageObject","inLanguage":"es","@id":"https:\/\/caru.org.uy\/nuevositio\/2025\/11\/14\/resultados-del-sorteo-de-puestos-eventuales-2025-2026\/#primaryimage","url":"https:\/\/caru.org.uy\/nuevositio\/wp-content\/uploads\/2025\/11\/Sin-titulo-1-4-scaled.png","contentUrl":"https:\/\/caru.org.uy\/nuevositio\/wp-content\/uploads\/2025\/11\/Sin-titulo-1-4-scaled.png","width":2560,"height":1236},{"@type":"BreadcrumbList","@id":"https:\/\/caru.org.uy\/nuevositio\/2025\/11\/14\/resultados-del-sorteo-de-puestos-eventuales-2025-2026\/#breadcrumb","itemListElement":[{"@type":"ListItem","position":1,"name":"Portada","item":"https:\/\/caru.org.uy\/nuevositio\/"},{"@type":"ListItem","position":2,"name":"Resultados del Sorteo de Puestos Eventuales 2025\u20132026"}]},{"@type":"WebSite","@id":"https:\/\/caru.org.uy\/nuevositio\/#website","url":"https:\/\/caru.org.uy\/nuevositio\/","name":"C.A.R.U.","description":"Comisi\u00f3n Administradora del R\u00edo Uruguay","publisher":{"@id":"https:\/\/caru.org.uy\/nuevositio\/#organization"},"potentialAction":[{"@type":"SearchAction","target":{"@type":"EntryPoint","urlTemplate":"https:\/\/caru.org.uy\/nuevositio\/?s={search_term_string}"},"query-input":{"@type":"PropertyValueSpecification","valueRequired":true,"valueName":"search_term_string"}}],"inLanguage":"es"},{"@type":"Organization","@id":"https:\/\/caru.org.uy\/nuevositio\/#organization","name":"C.A.R.U.","url":"https:\/\/caru.org.uy\/nuevositio\/","logo":{"@type":"ImageObject","inLanguage":"es","@id":"https:\/\/caru.org.uy\/nuevositio\/#\/schema\/logo\/image\/","url":"https:\/\/caru.org.uy\/nuevositio\/wp-content\/uploads\/2023\/11\/logo-nuevo.jpg","contentUrl":"https:\/\/caru.org.uy\/nuevositio\/wp-content\/uploads\/2023\/11\/logo-nuevo.jpg","width":1,"height":1,"caption":"C.A.R.U."},"image":{"@id":"https:\/\/caru.org.uy\/nuevositio\/#\/schema\/logo\/image\/"}},{"@type":"Person","@id":"https:\/\/caru.org.uy\/nuevositio\/#\/schema\/person\/fba625b864836c52fe4d995c9dc2869d","name":"Federico","image":{"@type":"ImageObject","inLanguage":"es","@id":"https:\/\/secure.gravatar.com\/avatar\/542d68923246b6c29256d811c3ce7f803fe17d6a190c813a52ef45fcda4733ad?s=96&d=mm&r=g","url":"https:\/\/secure.gravatar.com\/avatar\/542d68923246b6c29256d811c3ce7f803fe17d6a190c813a52ef45fcda4733ad?s=96&d=mm&r=g","contentUrl":"https:\/\/secure.gravatar.com\/avatar\/542d68923246b6c29256d811c3ce7f803fe17d6a190c813a52ef45fcda4733ad?s=96&d=mm&r=g","caption":"Federico"},"url":"https:\/\/caru.org.uy\/nuevositio\/author\/federico\/"}]}},"_links":{"self":[{"href":"https:\/\/caru.org.uy\/nuevositio\/wp-json\/wp\/v2\/posts\/12165","targetHints":{"allow":["GET"]}}],"collection":[{"href":"https:\/\/caru.org.uy\/nuevositio\/wp-json\/wp\/v2\/posts"}],"about":[{"href":"https:\/\/caru.org.uy\/nuevositio\/wp-json\/wp\/v2\/types\/post"}],"author":[{"embeddable":true,"href":"https:\/\/caru.org.uy\/nuevositio\/wp-json\/wp\/v2\/users\/12"}],"replies":[{"embeddable":true,"href":"https:\/\/caru.org.uy\/nuevositio\/wp-json\/wp\/v2\/comments?post=12165"}],"version-history":[{"count":2,"href":"https:\/\/caru.org.uy\/nuevositio\/wp-json\/wp\/v2\/posts\/12165\/revisions"}],"predecessor-version":[{"id":12179,"href":"https:\/\/caru.org.uy\/nuevositio\/wp-json\/wp\/v2\/posts\/12165\/revisions\/12179"}],"wp:featuredmedia":[{"embeddable":true,"href":"https:\/\/caru.org.uy\/nuevositio\/wp-json\/wp\/v2\/media\/12100"}],"wp:attachment":[{"href":"https:\/\/caru.org.uy\/nuevositio\/wp-json\/wp\/v2\/media?parent=12165"}],"wp:term":[{"taxonomy":"category","embeddable":true,"href":"https:\/\/caru.org.uy\/nuevositio\/wp-json\/wp\/v2\/categories?post=12165"},{"taxonomy":"post_tag","embeddable":true,"href":"https:\/\/caru.org.uy\/nuevositio\/wp-json\/wp\/v2\/tags?post=12165"}],"curies":[{"name":"wp","href":"https:\/\/api.w.org\/{rel}","templated":true}]}}