{"id":12195,"date":"2025-11-20T08:58:05","date_gmt":"2025-11-20T11:58:05","guid":{"rendered":"https:\/\/caru.org.uy\/nuevositio\/?p=12195"},"modified":"2025-11-20T09:17:06","modified_gmt":"2025-11-20T12:17:06","slug":"reunion-caru-utec-para-coordinar-colaboracion-en-sabores-del-rio-uruguay","status":"publish","type":"post","link":"https:\/\/caru.org.uy\/nuevositio\/2025\/11\/20\/reunion-caru-utec-para-coordinar-colaboracion-en-sabores-del-rio-uruguay\/","title":{"rendered":"Reuni\u00f3n CARU\u2013UTEC para coordinar colaboraci\u00f3n en \u201cSabores del R\u00edo Uruguay\u201d"},"content":{"rendered":"\n<figure class=\"wp-block-image size-large\"><img fetchpriority=\"high\" decoding=\"async\" width=\"576\" height=\"1024\" src=\"https:\/\/caru.org.uy\/nuevositio\/wp-content\/uploads\/2025\/11\/WhatsApp-Image-2025-11-18-at-14.27.34-576x1024.jpeg\" alt=\"\" class=\"wp-image-12197\"\/><\/figure>\n\n\n\n<p>A CARU le complace informar sobre un reciente encuentro y un pr\u00f3ximo evento de inter\u00e9s.<\/p>\n\n\n\n<p>El pasado 18 de noviembre, representantes de CARU mantuvieron una reuni\u00f3n con autoridades de UTEC para coordinar la colaboraci\u00f3n institucional en el evento \u201cSabores del R\u00edo Uruguay: del r\u00edo al plato\u201d. Durante el encuentro, se definieron l\u00edneas de apoyo y presencia de CARU en la actividad, contribuyendo al fortalecimiento de una propuesta que destaca el valor cultural, productivo y gastron\u00f3mico del r\u00edo Uruguay.<\/p>\n\n\n\n<p>El evento se desarrollar\u00e1 el s\u00e1bado 6 de diciembre, de 18:00 a 23:00, en el Parador del Balneario Municipal de Paysand\u00fa, con entrada libre y gratuita. La jornada incluir\u00e1 una feria gastron\u00f3mica, espacios de cocina en vivo y degustaciones, con la participaci\u00f3n de emprendedores y chefs locales que trabajan con productos caracter\u00edsticos del r\u00edo Uruguay.<\/p>\n\n\n\n<p>Organizado por la Mesa Interinstitucional Gastron\u00f3mica y acompa\u00f1ado por diversas instituciones educativas y de desarrollo territorial, \u201cSabores del R\u00edo Uruguay\u201d busca visibilizar la identidad culinaria regional,<\/p>\n\n\n\n<figure class=\"wp-block-gallery has-nested-images columns-default is-cropped wp-block-gallery-1 is-layout-flex wp-block-gallery-is-layout-flex\">\n<figure class=\"wp-block-image size-large\"><img decoding=\"async\" width=\"1024\" height=\"575\" data-id=\"12201\" src=\"https:\/\/caru.org.uy\/nuevositio\/wp-content\/uploads\/2025\/11\/DSC_0593-1024x575.jpg\" alt=\"\" class=\"wp-image-12201\" srcset=\"https:\/\/caru.org.uy\/nuevositio\/wp-content\/uploads\/2025\/11\/DSC_0593-1024x575.jpg 1024w, https:\/\/caru.org.uy\/nuevositio\/wp-content\/uploads\/2025\/11\/DSC_0593-300x169.jpg 300w, https:\/\/caru.org.uy\/nuevositio\/wp-content\/uploads\/2025\/11\/DSC_0593-768x431.jpg 768w, https:\/\/caru.org.uy\/nuevositio\/wp-content\/uploads\/2025\/11\/DSC_0593-1536x863.jpg 1536w, https:\/\/caru.org.uy\/nuevositio\/wp-content\/uploads\/2025\/11\/DSC_0593-2048x1151.jpg 2048w\" sizes=\"(max-width: 1024px) 100vw, 1024px\" \/><\/figure>\n\n\n\n<figure class=\"wp-block-image size-large\"><img decoding=\"async\" width=\"1024\" height=\"575\" data-id=\"12198\" src=\"https:\/\/caru.org.uy\/nuevositio\/wp-content\/uploads\/2025\/11\/DSC_0586-1024x575.jpg\" alt=\"\" class=\"wp-image-12198\" srcset=\"https:\/\/caru.org.uy\/nuevositio\/wp-content\/uploads\/2025\/11\/DSC_0586-1024x575.jpg 1024w, https:\/\/caru.org.uy\/nuevositio\/wp-content\/uploads\/2025\/11\/DSC_0586-300x169.jpg 300w, https:\/\/caru.org.uy\/nuevositio\/wp-content\/uploads\/2025\/11\/DSC_0586-768x431.jpg 768w, https:\/\/caru.org.uy\/nuevositio\/wp-content\/uploads\/2025\/11\/DSC_0586-1536x863.jpg 1536w, https:\/\/caru.org.uy\/nuevositio\/wp-content\/uploads\/2025\/11\/DSC_0586-2048x1151.jpg 2048w\" sizes=\"(max-width: 1024px) 100vw, 1024px\" \/><\/figure>\n\n\n\n<figure class=\"wp-block-image size-large\"><img loading=\"lazy\" decoding=\"async\" width=\"1024\" height=\"575\" data-id=\"12199\" src=\"https:\/\/caru.org.uy\/nuevositio\/wp-content\/uploads\/2025\/11\/DSC_0588-1024x575.jpg\" alt=\"\" class=\"wp-image-12199\" srcset=\"https:\/\/caru.org.uy\/nuevositio\/wp-content\/uploads\/2025\/11\/DSC_0588-1024x575.jpg 1024w, https:\/\/caru.org.uy\/nuevositio\/wp-content\/uploads\/2025\/11\/DSC_0588-300x169.jpg 300w, https:\/\/caru.org.uy\/nuevositio\/wp-content\/uploads\/2025\/11\/DSC_0588-768x431.jpg 768w, https:\/\/caru.org.uy\/nuevositio\/wp-content\/uploads\/2025\/11\/DSC_0588-1536x863.jpg 1536w, https:\/\/caru.org.uy\/nuevositio\/wp-content\/uploads\/2025\/11\/DSC_0588-2048x1151.jpg 2048w\" sizes=\"(max-width: 1024px) 100vw, 1024px\" \/><\/figure>\n\n\n\n<figure class=\"wp-block-image size-large\"><img loading=\"lazy\" decoding=\"async\" width=\"1024\" height=\"575\" data-id=\"12200\" src=\"https:\/\/caru.org.uy\/nuevositio\/wp-content\/uploads\/2025\/11\/DSC_0590-1024x575.jpg\" alt=\"\" class=\"wp-image-12200\" srcset=\"https:\/\/caru.org.uy\/nuevositio\/wp-content\/uploads\/2025\/11\/DSC_0590-1024x575.jpg 1024w, https:\/\/caru.org.uy\/nuevositio\/wp-content\/uploads\/2025\/11\/DSC_0590-300x169.jpg 300w, https:\/\/caru.org.uy\/nuevositio\/wp-content\/uploads\/2025\/11\/DSC_0590-768x431.jpg 768w, https:\/\/caru.org.uy\/nuevositio\/wp-content\/uploads\/2025\/11\/DSC_0590-1536x863.jpg 1536w, https:\/\/caru.org.uy\/nuevositio\/wp-content\/uploads\/2025\/11\/DSC_0590-2048x1151.jpg 2048w\" sizes=\"(max-width: 1024px) 100vw, 1024px\" \/><\/figure>\n<\/figure>\n","protected":false},"excerpt":{"rendered":"<p>A CARU le complace informar sobre un reciente encuentro y un pr\u00f3ximo evento de inter\u00e9s. El pasado 18 de noviembre, representantes de CARU mantuvieron una reuni\u00f3n con autoridades de UTEC para coordinar la colaboraci\u00f3n institucional en el evento \u201cSabores del R\u00edo Uruguay: del r\u00edo al plato\u201d. Durante el encuentro, se definieron l\u00edneas de apoyo y [&hellip;]<\/p>\n","protected":false},"author":12,"featured_media":12210,"comment_status":"open","ping_status":"open","sticky":false,"template":"","format":"standard","meta":{"_acf_changed":false,"_joinchat":[],"footnotes":""},"categories":[],"tags":[43,60],"class_list":["post-12195","post","type-post","status-publish","format-standard","has-post-thumbnail","hentry","tag-caru","tag-eventos"],"acf":[],"yoast_head":"<!-- This site is optimized with the Yoast SEO plugin v27.3 - https:\/\/yoast.com\/product\/yoast-seo-wordpress\/ -->\n<title>Reuni\u00f3n CARU\u2013UTEC para coordinar colaboraci\u00f3n en \u201cSabores del R\u00edo Uruguay\u201d % C.A.R.U. imagen<\/title>\n<meta name=\"robots\" content=\"index, follow, max-snippet:-1, max-image-preview:large, max-video-preview:-1\" \/>\n<link rel=\"canonical\" href=\"https:\/\/caru.org.uy\/nuevositio\/2025\/11\/20\/reunion-caru-utec-para-coordinar-colaboracion-en-sabores-del-rio-uruguay\/\" \/>\n<meta property=\"og:locale\" content=\"es_ES\" \/>\n<meta property=\"og:type\" content=\"article\" \/>\n<meta property=\"og:title\" content=\"Reuni\u00f3n CARU\u2013UTEC para coordinar colaboraci\u00f3n en \u201cSabores del R\u00edo Uruguay\u201d % C.A.R.U. imagen\" \/>\n<meta property=\"og:description\" content=\"A CARU le complace informar sobre un reciente encuentro y un pr\u00f3ximo evento de inter\u00e9s. El pasado 18 de noviembre, representantes de CARU mantuvieron una reuni\u00f3n con autoridades de UTEC para coordinar la colaboraci\u00f3n institucional en el evento \u201cSabores del R\u00edo Uruguay: del r\u00edo al plato\u201d. Durante el encuentro, se definieron l\u00edneas de apoyo y [&hellip;]\" \/>\n<meta property=\"og:url\" content=\"https:\/\/caru.org.uy\/nuevositio\/2025\/11\/20\/reunion-caru-utec-para-coordinar-colaboracion-en-sabores-del-rio-uruguay\/\" \/>\n<meta property=\"og:site_name\" content=\"C.A.R.U.\" \/>\n<meta property=\"article:published_time\" content=\"2025-11-20T11:58:05+00:00\" \/>\n<meta property=\"article:modified_time\" content=\"2025-11-20T12:17:06+00:00\" \/>\n<meta property=\"og:image\" content=\"https:\/\/caru.org.uy\/nuevositio\/wp-content\/uploads\/2025\/11\/ESKEREEE-3.png\" \/>\n\t<meta property=\"og:image:width\" content=\"357\" \/>\n\t<meta property=\"og:image:height\" content=\"222\" \/>\n\t<meta property=\"og:image:type\" content=\"image\/png\" \/>\n<meta name=\"author\" content=\"Federico\" \/>\n<meta name=\"twitter:card\" content=\"summary_large_image\" \/>\n<meta name=\"twitter:label1\" content=\"Escrito por\" \/>\n\t<meta name=\"twitter:data1\" content=\"Federico\" \/>\n\t<meta name=\"twitter:label2\" content=\"Tiempo de lectura\" \/>\n\t<meta name=\"twitter:data2\" content=\"2 minutos\" \/>\n<script type=\"application\/ld+json\" class=\"yoast-schema-graph\">{\"@context\":\"https:\\\/\\\/schema.org\",\"@graph\":[{\"@type\":[\"Article\",\"BlogPosting\"],\"@id\":\"https:\\\/\\\/caru.org.uy\\\/nuevositio\\\/2025\\\/11\\\/20\\\/reunion-caru-utec-para-coordinar-colaboracion-en-sabores-del-rio-uruguay\\\/#article\",\"isPartOf\":{\"@id\":\"https:\\\/\\\/caru.org.uy\\\/nuevositio\\\/2025\\\/11\\\/20\\\/reunion-caru-utec-para-coordinar-colaboracion-en-sabores-del-rio-uruguay\\\/\"},\"author\":{\"name\":\"Federico\",\"@id\":\"https:\\\/\\\/caru.org.uy\\\/nuevositio\\\/#\\\/schema\\\/person\\\/fba625b864836c52fe4d995c9dc2869d\"},\"headline\":\"Reuni\u00f3n CARU\u2013UTEC para coordinar colaboraci\u00f3n en \u201cSabores del R\u00edo Uruguay\u201d\",\"datePublished\":\"2025-11-20T11:58:05+00:00\",\"dateModified\":\"2025-11-20T12:17:06+00:00\",\"mainEntityOfPage\":{\"@id\":\"https:\\\/\\\/caru.org.uy\\\/nuevositio\\\/2025\\\/11\\\/20\\\/reunion-caru-utec-para-coordinar-colaboracion-en-sabores-del-rio-uruguay\\\/\"},\"wordCount\":186,\"commentCount\":0,\"publisher\":{\"@id\":\"https:\\\/\\\/caru.org.uy\\\/nuevositio\\\/#organization\"},\"image\":{\"@id\":\"https:\\\/\\\/caru.org.uy\\\/nuevositio\\\/2025\\\/11\\\/20\\\/reunion-caru-utec-para-coordinar-colaboracion-en-sabores-del-rio-uruguay\\\/#primaryimage\"},\"thumbnailUrl\":\"https:\\\/\\\/caru.org.uy\\\/nuevositio\\\/wp-content\\\/uploads\\\/2025\\\/11\\\/ESKEREEE-3.png\",\"keywords\":[\"caru\",\"eventos\"],\"inLanguage\":\"es\",\"potentialAction\":[{\"@type\":\"CommentAction\",\"name\":\"Comment\",\"target\":[\"https:\\\/\\\/caru.org.uy\\\/nuevositio\\\/2025\\\/11\\\/20\\\/reunion-caru-utec-para-coordinar-colaboracion-en-sabores-del-rio-uruguay\\\/#respond\"]}]},{\"@type\":\"WebPage\",\"@id\":\"https:\\\/\\\/caru.org.uy\\\/nuevositio\\\/2025\\\/11\\\/20\\\/reunion-caru-utec-para-coordinar-colaboracion-en-sabores-del-rio-uruguay\\\/\",\"url\":\"https:\\\/\\\/caru.org.uy\\\/nuevositio\\\/2025\\\/11\\\/20\\\/reunion-caru-utec-para-coordinar-colaboracion-en-sabores-del-rio-uruguay\\\/\",\"name\":\"Reuni\u00f3n CARU\u2013UTEC para coordinar colaboraci\u00f3n en \u201cSabores del R\u00edo Uruguay\u201d % C.A.R.U. imagen\",\"isPartOf\":{\"@id\":\"https:\\\/\\\/caru.org.uy\\\/nuevositio\\\/#website\"},\"primaryImageOfPage\":{\"@id\":\"https:\\\/\\\/caru.org.uy\\\/nuevositio\\\/2025\\\/11\\\/20\\\/reunion-caru-utec-para-coordinar-colaboracion-en-sabores-del-rio-uruguay\\\/#primaryimage\"},\"image\":{\"@id\":\"https:\\\/\\\/caru.org.uy\\\/nuevositio\\\/2025\\\/11\\\/20\\\/reunion-caru-utec-para-coordinar-colaboracion-en-sabores-del-rio-uruguay\\\/#primaryimage\"},\"thumbnailUrl\":\"https:\\\/\\\/caru.org.uy\\\/nuevositio\\\/wp-content\\\/uploads\\\/2025\\\/11\\\/ESKEREEE-3.png\",\"datePublished\":\"2025-11-20T11:58:05+00:00\",\"dateModified\":\"2025-11-20T12:17:06+00:00\",\"breadcrumb\":{\"@id\":\"https:\\\/\\\/caru.org.uy\\\/nuevositio\\\/2025\\\/11\\\/20\\\/reunion-caru-utec-para-coordinar-colaboracion-en-sabores-del-rio-uruguay\\\/#breadcrumb\"},\"inLanguage\":\"es\",\"potentialAction\":[{\"@type\":\"ReadAction\",\"target\":[\"https:\\\/\\\/caru.org.uy\\\/nuevositio\\\/2025\\\/11\\\/20\\\/reunion-caru-utec-para-coordinar-colaboracion-en-sabores-del-rio-uruguay\\\/\"]}]},{\"@type\":\"ImageObject\",\"inLanguage\":\"es\",\"@id\":\"https:\\\/\\\/caru.org.uy\\\/nuevositio\\\/2025\\\/11\\\/20\\\/reunion-caru-utec-para-coordinar-colaboracion-en-sabores-del-rio-uruguay\\\/#primaryimage\",\"url\":\"https:\\\/\\\/caru.org.uy\\\/nuevositio\\\/wp-content\\\/uploads\\\/2025\\\/11\\\/ESKEREEE-3.png\",\"contentUrl\":\"https:\\\/\\\/caru.org.uy\\\/nuevositio\\\/wp-content\\\/uploads\\\/2025\\\/11\\\/ESKEREEE-3.png\",\"width\":357,\"height\":222},{\"@type\":\"BreadcrumbList\",\"@id\":\"https:\\\/\\\/caru.org.uy\\\/nuevositio\\\/2025\\\/11\\\/20\\\/reunion-caru-utec-para-coordinar-colaboracion-en-sabores-del-rio-uruguay\\\/#breadcrumb\",\"itemListElement\":[{\"@type\":\"ListItem\",\"position\":1,\"name\":\"Portada\",\"item\":\"https:\\\/\\\/caru.org.uy\\\/nuevositio\\\/\"},{\"@type\":\"ListItem\",\"position\":2,\"name\":\"Reuni\u00f3n CARU\u2013UTEC para coordinar colaboraci\u00f3n en \u201cSabores del R\u00edo Uruguay\u201d\"}]},{\"@type\":\"WebSite\",\"@id\":\"https:\\\/\\\/caru.org.uy\\\/nuevositio\\\/#website\",\"url\":\"https:\\\/\\\/caru.org.uy\\\/nuevositio\\\/\",\"name\":\"C.A.R.U.\",\"description\":\"Comisi\u00f3n Administradora del R\u00edo Uruguay\",\"publisher\":{\"@id\":\"https:\\\/\\\/caru.org.uy\\\/nuevositio\\\/#organization\"},\"potentialAction\":[{\"@type\":\"SearchAction\",\"target\":{\"@type\":\"EntryPoint\",\"urlTemplate\":\"https:\\\/\\\/caru.org.uy\\\/nuevositio\\\/?s={search_term_string}\"},\"query-input\":{\"@type\":\"PropertyValueSpecification\",\"valueRequired\":true,\"valueName\":\"search_term_string\"}}],\"inLanguage\":\"es\"},{\"@type\":\"Organization\",\"@id\":\"https:\\\/\\\/caru.org.uy\\\/nuevositio\\\/#organization\",\"name\":\"C.A.R.U.\",\"url\":\"https:\\\/\\\/caru.org.uy\\\/nuevositio\\\/\",\"logo\":{\"@type\":\"ImageObject\",\"inLanguage\":\"es\",\"@id\":\"https:\\\/\\\/caru.org.uy\\\/nuevositio\\\/#\\\/schema\\\/logo\\\/image\\\/\",\"url\":\"https:\\\/\\\/caru.org.uy\\\/nuevositio\\\/wp-content\\\/uploads\\\/2023\\\/11\\\/logo-nuevo.jpg\",\"contentUrl\":\"https:\\\/\\\/caru.org.uy\\\/nuevositio\\\/wp-content\\\/uploads\\\/2023\\\/11\\\/logo-nuevo.jpg\",\"width\":1,\"height\":1,\"caption\":\"C.A.R.U.\"},\"image\":{\"@id\":\"https:\\\/\\\/caru.org.uy\\\/nuevositio\\\/#\\\/schema\\\/logo\\\/image\\\/\"}},{\"@type\":\"Person\",\"@id\":\"https:\\\/\\\/caru.org.uy\\\/nuevositio\\\/#\\\/schema\\\/person\\\/fba625b864836c52fe4d995c9dc2869d\",\"name\":\"Federico\",\"image\":{\"@type\":\"ImageObject\",\"inLanguage\":\"es\",\"@id\":\"https:\\\/\\\/secure.gravatar.com\\\/avatar\\\/542d68923246b6c29256d811c3ce7f803fe17d6a190c813a52ef45fcda4733ad?s=96&d=mm&r=g\",\"url\":\"https:\\\/\\\/secure.gravatar.com\\\/avatar\\\/542d68923246b6c29256d811c3ce7f803fe17d6a190c813a52ef45fcda4733ad?s=96&d=mm&r=g\",\"contentUrl\":\"https:\\\/\\\/secure.gravatar.com\\\/avatar\\\/542d68923246b6c29256d811c3ce7f803fe17d6a190c813a52ef45fcda4733ad?s=96&d=mm&r=g\",\"caption\":\"Federico\"},\"url\":\"https:\\\/\\\/caru.org.uy\\\/nuevositio\\\/author\\\/federico\\\/\"}]}<\/script>\n<!-- \/ Yoast SEO plugin. -->","yoast_head_json":{"title":"Reuni\u00f3n CARU\u2013UTEC para coordinar colaboraci\u00f3n en \u201cSabores del R\u00edo Uruguay\u201d % C.A.R.U. imagen","robots":{"index":"index","follow":"follow","max-snippet":"max-snippet:-1","max-image-preview":"max-image-preview:large","max-video-preview":"max-video-preview:-1"},"canonical":"https:\/\/caru.org.uy\/nuevositio\/2025\/11\/20\/reunion-caru-utec-para-coordinar-colaboracion-en-sabores-del-rio-uruguay\/","og_locale":"es_ES","og_type":"article","og_title":"Reuni\u00f3n CARU\u2013UTEC para coordinar colaboraci\u00f3n en \u201cSabores del R\u00edo Uruguay\u201d % C.A.R.U. imagen","og_description":"A CARU le complace informar sobre un reciente encuentro y un pr\u00f3ximo evento de inter\u00e9s. El pasado 18 de noviembre, representantes de CARU mantuvieron una reuni\u00f3n con autoridades de UTEC para coordinar la colaboraci\u00f3n institucional en el evento \u201cSabores del R\u00edo Uruguay: del r\u00edo al plato\u201d. Durante el encuentro, se definieron l\u00edneas de apoyo y [&hellip;]","og_url":"https:\/\/caru.org.uy\/nuevositio\/2025\/11\/20\/reunion-caru-utec-para-coordinar-colaboracion-en-sabores-del-rio-uruguay\/","og_site_name":"C.A.R.U.","article_published_time":"2025-11-20T11:58:05+00:00","article_modified_time":"2025-11-20T12:17:06+00:00","og_image":[{"width":357,"height":222,"url":"https:\/\/caru.org.uy\/nuevositio\/wp-content\/uploads\/2025\/11\/ESKEREEE-3.png","type":"image\/png"}],"author":"Federico","twitter_card":"summary_large_image","twitter_misc":{"Escrito por":"Federico","Tiempo de lectura":"2 minutos"},"schema":{"@context":"https:\/\/schema.org","@graph":[{"@type":["Article","BlogPosting"],"@id":"https:\/\/caru.org.uy\/nuevositio\/2025\/11\/20\/reunion-caru-utec-para-coordinar-colaboracion-en-sabores-del-rio-uruguay\/#article","isPartOf":{"@id":"https:\/\/caru.org.uy\/nuevositio\/2025\/11\/20\/reunion-caru-utec-para-coordinar-colaboracion-en-sabores-del-rio-uruguay\/"},"author":{"name":"Federico","@id":"https:\/\/caru.org.uy\/nuevositio\/#\/schema\/person\/fba625b864836c52fe4d995c9dc2869d"},"headline":"Reuni\u00f3n CARU\u2013UTEC para coordinar colaboraci\u00f3n en \u201cSabores del R\u00edo Uruguay\u201d","datePublished":"2025-11-20T11:58:05+00:00","dateModified":"2025-11-20T12:17:06+00:00","mainEntityOfPage":{"@id":"https:\/\/caru.org.uy\/nuevositio\/2025\/11\/20\/reunion-caru-utec-para-coordinar-colaboracion-en-sabores-del-rio-uruguay\/"},"wordCount":186,"commentCount":0,"publisher":{"@id":"https:\/\/caru.org.uy\/nuevositio\/#organization"},"image":{"@id":"https:\/\/caru.org.uy\/nuevositio\/2025\/11\/20\/reunion-caru-utec-para-coordinar-colaboracion-en-sabores-del-rio-uruguay\/#primaryimage"},"thumbnailUrl":"https:\/\/caru.org.uy\/nuevositio\/wp-content\/uploads\/2025\/11\/ESKEREEE-3.png","keywords":["caru","eventos"],"inLanguage":"es","potentialAction":[{"@type":"CommentAction","name":"Comment","target":["https:\/\/caru.org.uy\/nuevositio\/2025\/11\/20\/reunion-caru-utec-para-coordinar-colaboracion-en-sabores-del-rio-uruguay\/#respond"]}]},{"@type":"WebPage","@id":"https:\/\/caru.org.uy\/nuevositio\/2025\/11\/20\/reunion-caru-utec-para-coordinar-colaboracion-en-sabores-del-rio-uruguay\/","url":"https:\/\/caru.org.uy\/nuevositio\/2025\/11\/20\/reunion-caru-utec-para-coordinar-colaboracion-en-sabores-del-rio-uruguay\/","name":"Reuni\u00f3n CARU\u2013UTEC para coordinar colaboraci\u00f3n en \u201cSabores del R\u00edo Uruguay\u201d % C.A.R.U. imagen","isPartOf":{"@id":"https:\/\/caru.org.uy\/nuevositio\/#website"},"primaryImageOfPage":{"@id":"https:\/\/caru.org.uy\/nuevositio\/2025\/11\/20\/reunion-caru-utec-para-coordinar-colaboracion-en-sabores-del-rio-uruguay\/#primaryimage"},"image":{"@id":"https:\/\/caru.org.uy\/nuevositio\/2025\/11\/20\/reunion-caru-utec-para-coordinar-colaboracion-en-sabores-del-rio-uruguay\/#primaryimage"},"thumbnailUrl":"https:\/\/caru.org.uy\/nuevositio\/wp-content\/uploads\/2025\/11\/ESKEREEE-3.png","datePublished":"2025-11-20T11:58:05+00:00","dateModified":"2025-11-20T12:17:06+00:00","breadcrumb":{"@id":"https:\/\/caru.org.uy\/nuevositio\/2025\/11\/20\/reunion-caru-utec-para-coordinar-colaboracion-en-sabores-del-rio-uruguay\/#breadcrumb"},"inLanguage":"es","potentialAction":[{"@type":"ReadAction","target":["https:\/\/caru.org.uy\/nuevositio\/2025\/11\/20\/reunion-caru-utec-para-coordinar-colaboracion-en-sabores-del-rio-uruguay\/"]}]},{"@type":"ImageObject","inLanguage":"es","@id":"https:\/\/caru.org.uy\/nuevositio\/2025\/11\/20\/reunion-caru-utec-para-coordinar-colaboracion-en-sabores-del-rio-uruguay\/#primaryimage","url":"https:\/\/caru.org.uy\/nuevositio\/wp-content\/uploads\/2025\/11\/ESKEREEE-3.png","contentUrl":"https:\/\/caru.org.uy\/nuevositio\/wp-content\/uploads\/2025\/11\/ESKEREEE-3.png","width":357,"height":222},{"@type":"BreadcrumbList","@id":"https:\/\/caru.org.uy\/nuevositio\/2025\/11\/20\/reunion-caru-utec-para-coordinar-colaboracion-en-sabores-del-rio-uruguay\/#breadcrumb","itemListElement":[{"@type":"ListItem","position":1,"name":"Portada","item":"https:\/\/caru.org.uy\/nuevositio\/"},{"@type":"ListItem","position":2,"name":"Reuni\u00f3n CARU\u2013UTEC para coordinar colaboraci\u00f3n en \u201cSabores del R\u00edo Uruguay\u201d"}]},{"@type":"WebSite","@id":"https:\/\/caru.org.uy\/nuevositio\/#website","url":"https:\/\/caru.org.uy\/nuevositio\/","name":"C.A.R.U.","description":"Comisi\u00f3n Administradora del R\u00edo Uruguay","publisher":{"@id":"https:\/\/caru.org.uy\/nuevositio\/#organization"},"potentialAction":[{"@type":"SearchAction","target":{"@type":"EntryPoint","urlTemplate":"https:\/\/caru.org.uy\/nuevositio\/?s={search_term_string}"},"query-input":{"@type":"PropertyValueSpecification","valueRequired":true,"valueName":"search_term_string"}}],"inLanguage":"es"},{"@type":"Organization","@id":"https:\/\/caru.org.uy\/nuevositio\/#organization","name":"C.A.R.U.","url":"https:\/\/caru.org.uy\/nuevositio\/","logo":{"@type":"ImageObject","inLanguage":"es","@id":"https:\/\/caru.org.uy\/nuevositio\/#\/schema\/logo\/image\/","url":"https:\/\/caru.org.uy\/nuevositio\/wp-content\/uploads\/2023\/11\/logo-nuevo.jpg","contentUrl":"https:\/\/caru.org.uy\/nuevositio\/wp-content\/uploads\/2023\/11\/logo-nuevo.jpg","width":1,"height":1,"caption":"C.A.R.U."},"image":{"@id":"https:\/\/caru.org.uy\/nuevositio\/#\/schema\/logo\/image\/"}},{"@type":"Person","@id":"https:\/\/caru.org.uy\/nuevositio\/#\/schema\/person\/fba625b864836c52fe4d995c9dc2869d","name":"Federico","image":{"@type":"ImageObject","inLanguage":"es","@id":"https:\/\/secure.gravatar.com\/avatar\/542d68923246b6c29256d811c3ce7f803fe17d6a190c813a52ef45fcda4733ad?s=96&d=mm&r=g","url":"https:\/\/secure.gravatar.com\/avatar\/542d68923246b6c29256d811c3ce7f803fe17d6a190c813a52ef45fcda4733ad?s=96&d=mm&r=g","contentUrl":"https:\/\/secure.gravatar.com\/avatar\/542d68923246b6c29256d811c3ce7f803fe17d6a190c813a52ef45fcda4733ad?s=96&d=mm&r=g","caption":"Federico"},"url":"https:\/\/caru.org.uy\/nuevositio\/author\/federico\/"}]}},"_links":{"self":[{"href":"https:\/\/caru.org.uy\/nuevositio\/wp-json\/wp\/v2\/posts\/12195","targetHints":{"allow":["GET"]}}],"collection":[{"href":"https:\/\/caru.org.uy\/nuevositio\/wp-json\/wp\/v2\/posts"}],"about":[{"href":"https:\/\/caru.org.uy\/nuevositio\/wp-json\/wp\/v2\/types\/post"}],"author":[{"embeddable":true,"href":"https:\/\/caru.org.uy\/nuevositio\/wp-json\/wp\/v2\/users\/12"}],"replies":[{"embeddable":true,"href":"https:\/\/caru.org.uy\/nuevositio\/wp-json\/wp\/v2\/comments?post=12195"}],"version-history":[{"count":1,"href":"https:\/\/caru.org.uy\/nuevositio\/wp-json\/wp\/v2\/posts\/12195\/revisions"}],"predecessor-version":[{"id":12202,"href":"https:\/\/caru.org.uy\/nuevositio\/wp-json\/wp\/v2\/posts\/12195\/revisions\/12202"}],"wp:featuredmedia":[{"embeddable":true,"href":"https:\/\/caru.org.uy\/nuevositio\/wp-json\/wp\/v2\/media\/12210"}],"wp:attachment":[{"href":"https:\/\/caru.org.uy\/nuevositio\/wp-json\/wp\/v2\/media?parent=12195"}],"wp:term":[{"taxonomy":"category","embeddable":true,"href":"https:\/\/caru.org.uy\/nuevositio\/wp-json\/wp\/v2\/categories?post=12195"},{"taxonomy":"post_tag","embeddable":true,"href":"https:\/\/caru.org.uy\/nuevositio\/wp-json\/wp\/v2\/tags?post=12195"}],"curies":[{"name":"wp","href":"https:\/\/api.w.org\/{rel}","templated":true}]}}