{"id":12229,"date":"2025-11-27T14:36:01","date_gmt":"2025-11-27T17:36:01","guid":{"rendered":"https:\/\/caru.org.uy\/nuevositio\/?p=12229"},"modified":"2025-11-27T14:36:04","modified_gmt":"2025-11-27T17:36:04","slug":"escolares-visitaron-la-caru-y-plantaron-arboles-autoctonos","status":"publish","type":"post","link":"https:\/\/caru.org.uy\/nuevositio\/2025\/11\/27\/escolares-visitaron-la-caru-y-plantaron-arboles-autoctonos\/","title":{"rendered":"Escolares visitaron la CARU y plantaron \u00e1rboles aut\u00f3ctonos"},"content":{"rendered":"\n<p>plantaron \u00e1rboles aut\u00f3ctonos<\/p>\n\n\n\n<figure class=\"wp-block-image size-large\"><img fetchpriority=\"high\" decoding=\"async\" width=\"1024\" height=\"575\" src=\"https:\/\/caru.org.uy\/nuevositio\/wp-content\/uploads\/2025\/11\/DSC_1134-1024x575.jpg\" alt=\"\" class=\"wp-image-12232\" srcset=\"https:\/\/caru.org.uy\/nuevositio\/wp-content\/uploads\/2025\/11\/DSC_1134-1024x575.jpg 1024w, https:\/\/caru.org.uy\/nuevositio\/wp-content\/uploads\/2025\/11\/DSC_1134-300x169.jpg 300w, https:\/\/caru.org.uy\/nuevositio\/wp-content\/uploads\/2025\/11\/DSC_1134-768x431.jpg 768w, https:\/\/caru.org.uy\/nuevositio\/wp-content\/uploads\/2025\/11\/DSC_1134-1536x863.jpg 1536w, https:\/\/caru.org.uy\/nuevositio\/wp-content\/uploads\/2025\/11\/DSC_1134-2048x1151.jpg 2048w\" sizes=\"(max-width: 1024px) 100vw, 1024px\" \/><\/figure>\n\n\n\n<p>La Comisi\u00f3n Administradora del R\u00edo Uruguay (CARU) recibi\u00f3 la visita de escolares de instituciones educativas de la ciudad de Col\u00f3n y Paysand\u00fa. Se plantaron \u00e1rboles aut\u00f3ctonos.<\/p>\n\n\n\n<p>Durante la ma\u00f1ana del jueves 27 de noviembre, la CARU recibi\u00f3 a instituciones escolares de nivel primario de Col\u00f3n y Paysand\u00fa, para realizar un recorrido por las instalaciones administrativas, y la casa donde cada mes se realizan las reuniones de comisi\u00f3n y el plenario del organismo binacional.<\/p>\n\n\n\n<p>Participaron del recorrido, los estudiantes de 6to grado de la escuela primaria 56 \u201cHip\u00f3lito Yrigoyen\u201d de la ciudad de Col\u00f3n, junto a tres instituciones educativas de Paysand\u00fa: la Escuela N\u00b0 25 \u201cSan F\u00e9lix\u201d, la N\u00b013 \u201cNuevo Paysand\u00fa\u201d y la N\u00b0 7 \u201cSan Francisco\u201d.<\/p>\n\n\n\n<p>Los docentes y estudiantes fueron recibidos por el presidente, la vicepresidente y los delegados de Argentina y Uruguay de CARU, quienes en un breve acto plantaron al pie del Puente Internacional General Artigas tres \u00e1rboles aut\u00f3ctonos de la zona.<\/p>\n\n\n\n<p>Se trata de las especies Palo Amarillo, Quillaja y Pintaga, que se plant\u00f3 en el marco de las celebraciones por los 50 a\u00f1os de su construcci\u00f3n del puente cuyo acto protocolar se desarrollar\u00e1 el 15 de diciembre.<\/p>\n\n\n\n<p><\/p>\n","protected":false},"excerpt":{"rendered":"<p>plantaron \u00e1rboles aut\u00f3ctonos La Comisi\u00f3n Administradora del R\u00edo Uruguay (CARU) recibi\u00f3 la visita de escolares de instituciones educativas de la ciudad de Col\u00f3n y Paysand\u00fa. Se plantaron \u00e1rboles aut\u00f3ctonos. Durante la ma\u00f1ana del jueves 27 de noviembre, la CARU recibi\u00f3 a instituciones escolares de nivel primario de Col\u00f3n y Paysand\u00fa, para realizar un recorrido por [&hellip;]<\/p>\n","protected":false},"author":12,"featured_media":12230,"comment_status":"open","ping_status":"open","sticky":false,"template":"","format":"standard","meta":{"_acf_changed":false,"_joinchat":[],"footnotes":""},"categories":[],"tags":[],"class_list":["post-12229","post","type-post","status-publish","format-standard","has-post-thumbnail","hentry"],"acf":[],"yoast_head":"<!-- This site is optimized with the Yoast SEO plugin v27.3 - https:\/\/yoast.com\/product\/yoast-seo-wordpress\/ -->\n<title>Escolares visitaron la CARU y plantaron \u00e1rboles aut\u00f3ctonos % C.A.R.U. imagen<\/title>\n<meta name=\"robots\" content=\"index, follow, max-snippet:-1, max-image-preview:large, max-video-preview:-1\" \/>\n<link rel=\"canonical\" href=\"https:\/\/caru.org.uy\/nuevositio\/2025\/11\/27\/escolares-visitaron-la-caru-y-plantaron-arboles-autoctonos\/\" \/>\n<meta property=\"og:locale\" content=\"es_ES\" \/>\n<meta property=\"og:type\" content=\"article\" \/>\n<meta property=\"og:title\" content=\"Escolares visitaron la CARU y plantaron \u00e1rboles aut\u00f3ctonos % C.A.R.U. imagen\" \/>\n<meta property=\"og:description\" content=\"plantaron \u00e1rboles aut\u00f3ctonos La Comisi\u00f3n Administradora del R\u00edo Uruguay (CARU) recibi\u00f3 la visita de escolares de instituciones educativas de la ciudad de Col\u00f3n y Paysand\u00fa. Se plantaron \u00e1rboles aut\u00f3ctonos. Durante la ma\u00f1ana del jueves 27 de noviembre, la CARU recibi\u00f3 a instituciones escolares de nivel primario de Col\u00f3n y Paysand\u00fa, para realizar un recorrido por [&hellip;]\" \/>\n<meta property=\"og:url\" content=\"https:\/\/caru.org.uy\/nuevositio\/2025\/11\/27\/escolares-visitaron-la-caru-y-plantaron-arboles-autoctonos\/\" \/>\n<meta property=\"og:site_name\" content=\"C.A.R.U.\" \/>\n<meta property=\"article:published_time\" content=\"2025-11-27T17:36:01+00:00\" \/>\n<meta property=\"article:modified_time\" content=\"2025-11-27T17:36:04+00:00\" \/>\n<meta property=\"og:image\" content=\"https:\/\/caru.org.uy\/nuevositio\/wp-content\/uploads\/2025\/11\/DSC_1133-scaled.jpg\" \/>\n\t<meta property=\"og:image:width\" content=\"2560\" \/>\n\t<meta property=\"og:image:height\" content=\"1438\" \/>\n\t<meta property=\"og:image:type\" content=\"image\/jpeg\" \/>\n<meta name=\"author\" content=\"Federico\" \/>\n<meta name=\"twitter:card\" content=\"summary_large_image\" \/>\n<meta name=\"twitter:label1\" content=\"Escrito por\" \/>\n\t<meta name=\"twitter:data1\" content=\"Federico\" \/>\n\t<meta name=\"twitter:label2\" content=\"Tiempo de lectura\" \/>\n\t<meta name=\"twitter:data2\" content=\"2 minutos\" \/>\n<script type=\"application\/ld+json\" class=\"yoast-schema-graph\">{\"@context\":\"https:\\\/\\\/schema.org\",\"@graph\":[{\"@type\":[\"Article\",\"BlogPosting\"],\"@id\":\"https:\\\/\\\/caru.org.uy\\\/nuevositio\\\/2025\\\/11\\\/27\\\/escolares-visitaron-la-caru-y-plantaron-arboles-autoctonos\\\/#article\",\"isPartOf\":{\"@id\":\"https:\\\/\\\/caru.org.uy\\\/nuevositio\\\/2025\\\/11\\\/27\\\/escolares-visitaron-la-caru-y-plantaron-arboles-autoctonos\\\/\"},\"author\":{\"name\":\"Federico\",\"@id\":\"https:\\\/\\\/caru.org.uy\\\/nuevositio\\\/#\\\/schema\\\/person\\\/fba625b864836c52fe4d995c9dc2869d\"},\"headline\":\"Escolares visitaron la CARU y plantaron \u00e1rboles aut\u00f3ctonos\",\"datePublished\":\"2025-11-27T17:36:01+00:00\",\"dateModified\":\"2025-11-27T17:36:04+00:00\",\"mainEntityOfPage\":{\"@id\":\"https:\\\/\\\/caru.org.uy\\\/nuevositio\\\/2025\\\/11\\\/27\\\/escolares-visitaron-la-caru-y-plantaron-arboles-autoctonos\\\/\"},\"wordCount\":212,\"commentCount\":0,\"publisher\":{\"@id\":\"https:\\\/\\\/caru.org.uy\\\/nuevositio\\\/#organization\"},\"image\":{\"@id\":\"https:\\\/\\\/caru.org.uy\\\/nuevositio\\\/2025\\\/11\\\/27\\\/escolares-visitaron-la-caru-y-plantaron-arboles-autoctonos\\\/#primaryimage\"},\"thumbnailUrl\":\"https:\\\/\\\/caru.org.uy\\\/nuevositio\\\/wp-content\\\/uploads\\\/2025\\\/11\\\/DSC_1133-scaled.jpg\",\"inLanguage\":\"es\",\"potentialAction\":[{\"@type\":\"CommentAction\",\"name\":\"Comment\",\"target\":[\"https:\\\/\\\/caru.org.uy\\\/nuevositio\\\/2025\\\/11\\\/27\\\/escolares-visitaron-la-caru-y-plantaron-arboles-autoctonos\\\/#respond\"]}]},{\"@type\":\"WebPage\",\"@id\":\"https:\\\/\\\/caru.org.uy\\\/nuevositio\\\/2025\\\/11\\\/27\\\/escolares-visitaron-la-caru-y-plantaron-arboles-autoctonos\\\/\",\"url\":\"https:\\\/\\\/caru.org.uy\\\/nuevositio\\\/2025\\\/11\\\/27\\\/escolares-visitaron-la-caru-y-plantaron-arboles-autoctonos\\\/\",\"name\":\"Escolares visitaron la CARU y plantaron \u00e1rboles aut\u00f3ctonos % C.A.R.U. imagen\",\"isPartOf\":{\"@id\":\"https:\\\/\\\/caru.org.uy\\\/nuevositio\\\/#website\"},\"primaryImageOfPage\":{\"@id\":\"https:\\\/\\\/caru.org.uy\\\/nuevositio\\\/2025\\\/11\\\/27\\\/escolares-visitaron-la-caru-y-plantaron-arboles-autoctonos\\\/#primaryimage\"},\"image\":{\"@id\":\"https:\\\/\\\/caru.org.uy\\\/nuevositio\\\/2025\\\/11\\\/27\\\/escolares-visitaron-la-caru-y-plantaron-arboles-autoctonos\\\/#primaryimage\"},\"thumbnailUrl\":\"https:\\\/\\\/caru.org.uy\\\/nuevositio\\\/wp-content\\\/uploads\\\/2025\\\/11\\\/DSC_1133-scaled.jpg\",\"datePublished\":\"2025-11-27T17:36:01+00:00\",\"dateModified\":\"2025-11-27T17:36:04+00:00\",\"breadcrumb\":{\"@id\":\"https:\\\/\\\/caru.org.uy\\\/nuevositio\\\/2025\\\/11\\\/27\\\/escolares-visitaron-la-caru-y-plantaron-arboles-autoctonos\\\/#breadcrumb\"},\"inLanguage\":\"es\",\"potentialAction\":[{\"@type\":\"ReadAction\",\"target\":[\"https:\\\/\\\/caru.org.uy\\\/nuevositio\\\/2025\\\/11\\\/27\\\/escolares-visitaron-la-caru-y-plantaron-arboles-autoctonos\\\/\"]}]},{\"@type\":\"ImageObject\",\"inLanguage\":\"es\",\"@id\":\"https:\\\/\\\/caru.org.uy\\\/nuevositio\\\/2025\\\/11\\\/27\\\/escolares-visitaron-la-caru-y-plantaron-arboles-autoctonos\\\/#primaryimage\",\"url\":\"https:\\\/\\\/caru.org.uy\\\/nuevositio\\\/wp-content\\\/uploads\\\/2025\\\/11\\\/DSC_1133-scaled.jpg\",\"contentUrl\":\"https:\\\/\\\/caru.org.uy\\\/nuevositio\\\/wp-content\\\/uploads\\\/2025\\\/11\\\/DSC_1133-scaled.jpg\",\"width\":2560,\"height\":1438},{\"@type\":\"BreadcrumbList\",\"@id\":\"https:\\\/\\\/caru.org.uy\\\/nuevositio\\\/2025\\\/11\\\/27\\\/escolares-visitaron-la-caru-y-plantaron-arboles-autoctonos\\\/#breadcrumb\",\"itemListElement\":[{\"@type\":\"ListItem\",\"position\":1,\"name\":\"Portada\",\"item\":\"https:\\\/\\\/caru.org.uy\\\/nuevositio\\\/\"},{\"@type\":\"ListItem\",\"position\":2,\"name\":\"Escolares visitaron la CARU y plantaron \u00e1rboles aut\u00f3ctonos\"}]},{\"@type\":\"WebSite\",\"@id\":\"https:\\\/\\\/caru.org.uy\\\/nuevositio\\\/#website\",\"url\":\"https:\\\/\\\/caru.org.uy\\\/nuevositio\\\/\",\"name\":\"C.A.R.U.\",\"description\":\"Comisi\u00f3n Administradora del R\u00edo Uruguay\",\"publisher\":{\"@id\":\"https:\\\/\\\/caru.org.uy\\\/nuevositio\\\/#organization\"},\"potentialAction\":[{\"@type\":\"SearchAction\",\"target\":{\"@type\":\"EntryPoint\",\"urlTemplate\":\"https:\\\/\\\/caru.org.uy\\\/nuevositio\\\/?s={search_term_string}\"},\"query-input\":{\"@type\":\"PropertyValueSpecification\",\"valueRequired\":true,\"valueName\":\"search_term_string\"}}],\"inLanguage\":\"es\"},{\"@type\":\"Organization\",\"@id\":\"https:\\\/\\\/caru.org.uy\\\/nuevositio\\\/#organization\",\"name\":\"C.A.R.U.\",\"url\":\"https:\\\/\\\/caru.org.uy\\\/nuevositio\\\/\",\"logo\":{\"@type\":\"ImageObject\",\"inLanguage\":\"es\",\"@id\":\"https:\\\/\\\/caru.org.uy\\\/nuevositio\\\/#\\\/schema\\\/logo\\\/image\\\/\",\"url\":\"https:\\\/\\\/caru.org.uy\\\/nuevositio\\\/wp-content\\\/uploads\\\/2023\\\/11\\\/logo-nuevo.jpg\",\"contentUrl\":\"https:\\\/\\\/caru.org.uy\\\/nuevositio\\\/wp-content\\\/uploads\\\/2023\\\/11\\\/logo-nuevo.jpg\",\"width\":1,\"height\":1,\"caption\":\"C.A.R.U.\"},\"image\":{\"@id\":\"https:\\\/\\\/caru.org.uy\\\/nuevositio\\\/#\\\/schema\\\/logo\\\/image\\\/\"}},{\"@type\":\"Person\",\"@id\":\"https:\\\/\\\/caru.org.uy\\\/nuevositio\\\/#\\\/schema\\\/person\\\/fba625b864836c52fe4d995c9dc2869d\",\"name\":\"Federico\",\"image\":{\"@type\":\"ImageObject\",\"inLanguage\":\"es\",\"@id\":\"https:\\\/\\\/secure.gravatar.com\\\/avatar\\\/542d68923246b6c29256d811c3ce7f803fe17d6a190c813a52ef45fcda4733ad?s=96&d=mm&r=g\",\"url\":\"https:\\\/\\\/secure.gravatar.com\\\/avatar\\\/542d68923246b6c29256d811c3ce7f803fe17d6a190c813a52ef45fcda4733ad?s=96&d=mm&r=g\",\"contentUrl\":\"https:\\\/\\\/secure.gravatar.com\\\/avatar\\\/542d68923246b6c29256d811c3ce7f803fe17d6a190c813a52ef45fcda4733ad?s=96&d=mm&r=g\",\"caption\":\"Federico\"},\"url\":\"https:\\\/\\\/caru.org.uy\\\/nuevositio\\\/author\\\/federico\\\/\"}]}<\/script>\n<!-- \/ Yoast SEO plugin. -->","yoast_head_json":{"title":"Escolares visitaron la CARU y plantaron \u00e1rboles aut\u00f3ctonos % C.A.R.U. imagen","robots":{"index":"index","follow":"follow","max-snippet":"max-snippet:-1","max-image-preview":"max-image-preview:large","max-video-preview":"max-video-preview:-1"},"canonical":"https:\/\/caru.org.uy\/nuevositio\/2025\/11\/27\/escolares-visitaron-la-caru-y-plantaron-arboles-autoctonos\/","og_locale":"es_ES","og_type":"article","og_title":"Escolares visitaron la CARU y plantaron \u00e1rboles aut\u00f3ctonos % C.A.R.U. imagen","og_description":"plantaron \u00e1rboles aut\u00f3ctonos La Comisi\u00f3n Administradora del R\u00edo Uruguay (CARU) recibi\u00f3 la visita de escolares de instituciones educativas de la ciudad de Col\u00f3n y Paysand\u00fa. Se plantaron \u00e1rboles aut\u00f3ctonos. Durante la ma\u00f1ana del jueves 27 de noviembre, la CARU recibi\u00f3 a instituciones escolares de nivel primario de Col\u00f3n y Paysand\u00fa, para realizar un recorrido por [&hellip;]","og_url":"https:\/\/caru.org.uy\/nuevositio\/2025\/11\/27\/escolares-visitaron-la-caru-y-plantaron-arboles-autoctonos\/","og_site_name":"C.A.R.U.","article_published_time":"2025-11-27T17:36:01+00:00","article_modified_time":"2025-11-27T17:36:04+00:00","og_image":[{"width":2560,"height":1438,"url":"https:\/\/caru.org.uy\/nuevositio\/wp-content\/uploads\/2025\/11\/DSC_1133-scaled.jpg","type":"image\/jpeg"}],"author":"Federico","twitter_card":"summary_large_image","twitter_misc":{"Escrito por":"Federico","Tiempo de lectura":"2 minutos"},"schema":{"@context":"https:\/\/schema.org","@graph":[{"@type":["Article","BlogPosting"],"@id":"https:\/\/caru.org.uy\/nuevositio\/2025\/11\/27\/escolares-visitaron-la-caru-y-plantaron-arboles-autoctonos\/#article","isPartOf":{"@id":"https:\/\/caru.org.uy\/nuevositio\/2025\/11\/27\/escolares-visitaron-la-caru-y-plantaron-arboles-autoctonos\/"},"author":{"name":"Federico","@id":"https:\/\/caru.org.uy\/nuevositio\/#\/schema\/person\/fba625b864836c52fe4d995c9dc2869d"},"headline":"Escolares visitaron la CARU y plantaron \u00e1rboles aut\u00f3ctonos","datePublished":"2025-11-27T17:36:01+00:00","dateModified":"2025-11-27T17:36:04+00:00","mainEntityOfPage":{"@id":"https:\/\/caru.org.uy\/nuevositio\/2025\/11\/27\/escolares-visitaron-la-caru-y-plantaron-arboles-autoctonos\/"},"wordCount":212,"commentCount":0,"publisher":{"@id":"https:\/\/caru.org.uy\/nuevositio\/#organization"},"image":{"@id":"https:\/\/caru.org.uy\/nuevositio\/2025\/11\/27\/escolares-visitaron-la-caru-y-plantaron-arboles-autoctonos\/#primaryimage"},"thumbnailUrl":"https:\/\/caru.org.uy\/nuevositio\/wp-content\/uploads\/2025\/11\/DSC_1133-scaled.jpg","inLanguage":"es","potentialAction":[{"@type":"CommentAction","name":"Comment","target":["https:\/\/caru.org.uy\/nuevositio\/2025\/11\/27\/escolares-visitaron-la-caru-y-plantaron-arboles-autoctonos\/#respond"]}]},{"@type":"WebPage","@id":"https:\/\/caru.org.uy\/nuevositio\/2025\/11\/27\/escolares-visitaron-la-caru-y-plantaron-arboles-autoctonos\/","url":"https:\/\/caru.org.uy\/nuevositio\/2025\/11\/27\/escolares-visitaron-la-caru-y-plantaron-arboles-autoctonos\/","name":"Escolares visitaron la CARU y plantaron \u00e1rboles aut\u00f3ctonos % C.A.R.U. imagen","isPartOf":{"@id":"https:\/\/caru.org.uy\/nuevositio\/#website"},"primaryImageOfPage":{"@id":"https:\/\/caru.org.uy\/nuevositio\/2025\/11\/27\/escolares-visitaron-la-caru-y-plantaron-arboles-autoctonos\/#primaryimage"},"image":{"@id":"https:\/\/caru.org.uy\/nuevositio\/2025\/11\/27\/escolares-visitaron-la-caru-y-plantaron-arboles-autoctonos\/#primaryimage"},"thumbnailUrl":"https:\/\/caru.org.uy\/nuevositio\/wp-content\/uploads\/2025\/11\/DSC_1133-scaled.jpg","datePublished":"2025-11-27T17:36:01+00:00","dateModified":"2025-11-27T17:36:04+00:00","breadcrumb":{"@id":"https:\/\/caru.org.uy\/nuevositio\/2025\/11\/27\/escolares-visitaron-la-caru-y-plantaron-arboles-autoctonos\/#breadcrumb"},"inLanguage":"es","potentialAction":[{"@type":"ReadAction","target":["https:\/\/caru.org.uy\/nuevositio\/2025\/11\/27\/escolares-visitaron-la-caru-y-plantaron-arboles-autoctonos\/"]}]},{"@type":"ImageObject","inLanguage":"es","@id":"https:\/\/caru.org.uy\/nuevositio\/2025\/11\/27\/escolares-visitaron-la-caru-y-plantaron-arboles-autoctonos\/#primaryimage","url":"https:\/\/caru.org.uy\/nuevositio\/wp-content\/uploads\/2025\/11\/DSC_1133-scaled.jpg","contentUrl":"https:\/\/caru.org.uy\/nuevositio\/wp-content\/uploads\/2025\/11\/DSC_1133-scaled.jpg","width":2560,"height":1438},{"@type":"BreadcrumbList","@id":"https:\/\/caru.org.uy\/nuevositio\/2025\/11\/27\/escolares-visitaron-la-caru-y-plantaron-arboles-autoctonos\/#breadcrumb","itemListElement":[{"@type":"ListItem","position":1,"name":"Portada","item":"https:\/\/caru.org.uy\/nuevositio\/"},{"@type":"ListItem","position":2,"name":"Escolares visitaron la CARU y plantaron \u00e1rboles aut\u00f3ctonos"}]},{"@type":"WebSite","@id":"https:\/\/caru.org.uy\/nuevositio\/#website","url":"https:\/\/caru.org.uy\/nuevositio\/","name":"C.A.R.U.","description":"Comisi\u00f3n Administradora del R\u00edo Uruguay","publisher":{"@id":"https:\/\/caru.org.uy\/nuevositio\/#organization"},"potentialAction":[{"@type":"SearchAction","target":{"@type":"EntryPoint","urlTemplate":"https:\/\/caru.org.uy\/nuevositio\/?s={search_term_string}"},"query-input":{"@type":"PropertyValueSpecification","valueRequired":true,"valueName":"search_term_string"}}],"inLanguage":"es"},{"@type":"Organization","@id":"https:\/\/caru.org.uy\/nuevositio\/#organization","name":"C.A.R.U.","url":"https:\/\/caru.org.uy\/nuevositio\/","logo":{"@type":"ImageObject","inLanguage":"es","@id":"https:\/\/caru.org.uy\/nuevositio\/#\/schema\/logo\/image\/","url":"https:\/\/caru.org.uy\/nuevositio\/wp-content\/uploads\/2023\/11\/logo-nuevo.jpg","contentUrl":"https:\/\/caru.org.uy\/nuevositio\/wp-content\/uploads\/2023\/11\/logo-nuevo.jpg","width":1,"height":1,"caption":"C.A.R.U."},"image":{"@id":"https:\/\/caru.org.uy\/nuevositio\/#\/schema\/logo\/image\/"}},{"@type":"Person","@id":"https:\/\/caru.org.uy\/nuevositio\/#\/schema\/person\/fba625b864836c52fe4d995c9dc2869d","name":"Federico","image":{"@type":"ImageObject","inLanguage":"es","@id":"https:\/\/secure.gravatar.com\/avatar\/542d68923246b6c29256d811c3ce7f803fe17d6a190c813a52ef45fcda4733ad?s=96&d=mm&r=g","url":"https:\/\/secure.gravatar.com\/avatar\/542d68923246b6c29256d811c3ce7f803fe17d6a190c813a52ef45fcda4733ad?s=96&d=mm&r=g","contentUrl":"https:\/\/secure.gravatar.com\/avatar\/542d68923246b6c29256d811c3ce7f803fe17d6a190c813a52ef45fcda4733ad?s=96&d=mm&r=g","caption":"Federico"},"url":"https:\/\/caru.org.uy\/nuevositio\/author\/federico\/"}]}},"_links":{"self":[{"href":"https:\/\/caru.org.uy\/nuevositio\/wp-json\/wp\/v2\/posts\/12229","targetHints":{"allow":["GET"]}}],"collection":[{"href":"https:\/\/caru.org.uy\/nuevositio\/wp-json\/wp\/v2\/posts"}],"about":[{"href":"https:\/\/caru.org.uy\/nuevositio\/wp-json\/wp\/v2\/types\/post"}],"author":[{"embeddable":true,"href":"https:\/\/caru.org.uy\/nuevositio\/wp-json\/wp\/v2\/users\/12"}],"replies":[{"embeddable":true,"href":"https:\/\/caru.org.uy\/nuevositio\/wp-json\/wp\/v2\/comments?post=12229"}],"version-history":[{"count":1,"href":"https:\/\/caru.org.uy\/nuevositio\/wp-json\/wp\/v2\/posts\/12229\/revisions"}],"predecessor-version":[{"id":12233,"href":"https:\/\/caru.org.uy\/nuevositio\/wp-json\/wp\/v2\/posts\/12229\/revisions\/12233"}],"wp:featuredmedia":[{"embeddable":true,"href":"https:\/\/caru.org.uy\/nuevositio\/wp-json\/wp\/v2\/media\/12230"}],"wp:attachment":[{"href":"https:\/\/caru.org.uy\/nuevositio\/wp-json\/wp\/v2\/media?parent=12229"}],"wp:term":[{"taxonomy":"category","embeddable":true,"href":"https:\/\/caru.org.uy\/nuevositio\/wp-json\/wp\/v2\/categories?post=12229"},{"taxonomy":"post_tag","embeddable":true,"href":"https:\/\/caru.org.uy\/nuevositio\/wp-json\/wp\/v2\/tags?post=12229"}],"curies":[{"name":"wp","href":"https:\/\/api.w.org\/{rel}","templated":true}]}}