{"id":12235,"date":"2025-12-01T10:11:15","date_gmt":"2025-12-01T13:11:15","guid":{"rendered":"https:\/\/caru.org.uy\/nuevositio\/?p=12235"},"modified":"2025-12-08T11:06:49","modified_gmt":"2025-12-08T14:06:49","slug":"caru-llevo-adelante-el-curso-teorico-practico-de-vigilancia-visual-de-floraciones-algales-en-el-rio-uruguay-realizado-en-concepcion-del-uruguay","status":"publish","type":"post","link":"https:\/\/caru.org.uy\/nuevositio\/2025\/12\/01\/caru-llevo-adelante-el-curso-teorico-practico-de-vigilancia-visual-de-floraciones-algales-en-el-rio-uruguay-realizado-en-concepcion-del-uruguay\/","title":{"rendered":"CARU llev\u00f3 adelante la Capacitaci\u00f3n Te\u00f3rico\u2013Pr\u00e1ctica de Vigilancia Visual de Floraciones Algales en el R\u00edo Uruguay, realizado en Concepci\u00f3n del Uruguay."},"content":{"rendered":"\n<p class=\"has-text-align-left has-medium-font-size\">La Comisi\u00f3n Administradora del R\u00edo Uruguay (CARU) desarroll\u00f3 una instancia de capacitaci\u00f3n<br>titulada Vigilancia Visual y Prevenci\u00f3n de riesgo ante Floraciones de cianobacterias en playas<br>del R\u00edo Uruguay, la cual tuvo lugar el jueves 27 de noviembre en la Isla del Puerto de la ciudad<br>de Concepci\u00f3n del Uruguay.<\/p>\n\n\n\n<p class=\"has-text-align-left has-medium-font-size\"><br>La propuesta cont\u00f3 con una destacada participaci\u00f3n de guardavidas de la regi\u00f3n, quienes<br>recibieron formaci\u00f3n orientada a conocer distintos aspectos de las cianobacterias, entre ellos, la<br>afectaci\u00f3n a la salud por contacto directo con sus floraciones. Asimismo, recibieron capacitaci\u00f3n<br>en el m\u00e9todo de monitoreo visual, que permite prevenir riesgos sanitarios en relaci\u00f3n a la<br>presencia de floraciones algales en zonas de recreaci\u00f3n y playas.<\/p>\n\n\n\n<p class=\"has-text-align-left has-medium-font-size\"><br>La capacitaci\u00f3n combin\u00f3 instancias te\u00f3ricas con actividades pr\u00e1cticas en territorio, permitiendo<br>una comprensi\u00f3n integral de los eventos de floraciones algales y brindando herramientas<br>esenciales para la vigilancia visual. Este tipo de capacitaciones contribuye al fortalecimiento de<br>las capacidades locales y al desarrollo de estrategias preventivas que mejoren la seguridad en<br>el uso recreativo del R\u00edo Uruguay.<\/p>\n\n\n\n<p class=\"has-text-align-left has-medium-font-size\"><br>La CARU expresa su reconocimiento y agradecimiento a todos los participantes por su<br>compromiso con la capacitaci\u00f3n continua y por su labor fundamental en la protecci\u00f3n de la<br>comunidad. La instituci\u00f3n reafirma su voluntad de seguir promoviendo instancias formativas que<br>contribuyan a la gesti\u00f3n del riesgo y al cuidado ambiental en toda la cuenca del r\u00edo.<\/p>\n\n\n\n<p class=\"has-text-align-left has-small-font-size\"><\/p>\n\n\n\n<figure class=\"wp-block-image size-large is-resized\"><img fetchpriority=\"high\" decoding=\"async\" width=\"1024\" height=\"683\" src=\"https:\/\/caru.org.uy\/nuevositio\/wp-content\/uploads\/2025\/12\/DSC_1076-1024x683.jpg\" alt=\"\" class=\"wp-image-12239\" style=\"width:1022px;height:auto\" srcset=\"https:\/\/caru.org.uy\/nuevositio\/wp-content\/uploads\/2025\/12\/DSC_1076-1024x683.jpg 1024w, https:\/\/caru.org.uy\/nuevositio\/wp-content\/uploads\/2025\/12\/DSC_1076-300x200.jpg 300w, https:\/\/caru.org.uy\/nuevositio\/wp-content\/uploads\/2025\/12\/DSC_1076-768x512.jpg 768w, https:\/\/caru.org.uy\/nuevositio\/wp-content\/uploads\/2025\/12\/DSC_1076-1536x1024.jpg 1536w, https:\/\/caru.org.uy\/nuevositio\/wp-content\/uploads\/2025\/12\/DSC_1076-2048x1365.jpg 2048w\" sizes=\"(max-width: 1024px) 100vw, 1024px\" \/><\/figure>\n\n\n\n<figure class=\"wp-block-image size-large is-resized\"><img decoding=\"async\" width=\"1024\" height=\"575\" src=\"https:\/\/caru.org.uy\/nuevositio\/wp-content\/uploads\/2025\/12\/DSC_1113-1024x575.jpg\" alt=\"\" class=\"wp-image-12240\" style=\"width:1025px;height:auto\" srcset=\"https:\/\/caru.org.uy\/nuevositio\/wp-content\/uploads\/2025\/12\/DSC_1113-1024x575.jpg 1024w, https:\/\/caru.org.uy\/nuevositio\/wp-content\/uploads\/2025\/12\/DSC_1113-300x169.jpg 300w, https:\/\/caru.org.uy\/nuevositio\/wp-content\/uploads\/2025\/12\/DSC_1113-768x431.jpg 768w, https:\/\/caru.org.uy\/nuevositio\/wp-content\/uploads\/2025\/12\/DSC_1113-1536x863.jpg 1536w, https:\/\/caru.org.uy\/nuevositio\/wp-content\/uploads\/2025\/12\/DSC_1113-2048x1151.jpg 2048w\" sizes=\"(max-width: 1024px) 100vw, 1024px\" \/><\/figure>\n\n\n\n<figure class=\"wp-block-image size-large\"><img decoding=\"async\" width=\"1024\" height=\"768\" src=\"https:\/\/caru.org.uy\/nuevositio\/wp-content\/uploads\/2025\/12\/WhatsApp-Image-2025-11-27-at-13.01.08-1024x768.jpeg\" alt=\"\" class=\"wp-image-12238\" srcset=\"https:\/\/caru.org.uy\/nuevositio\/wp-content\/uploads\/2025\/12\/WhatsApp-Image-2025-11-27-at-13.01.08-1024x768.jpeg 1024w, https:\/\/caru.org.uy\/nuevositio\/wp-content\/uploads\/2025\/12\/WhatsApp-Image-2025-11-27-at-13.01.08-300x225.jpeg 300w, https:\/\/caru.org.uy\/nuevositio\/wp-content\/uploads\/2025\/12\/WhatsApp-Image-2025-11-27-at-13.01.08-768x576.jpeg 768w, https:\/\/caru.org.uy\/nuevositio\/wp-content\/uploads\/2025\/12\/WhatsApp-Image-2025-11-27-at-13.01.08-1536x1152.jpeg 1536w, https:\/\/caru.org.uy\/nuevositio\/wp-content\/uploads\/2025\/12\/WhatsApp-Image-2025-11-27-at-13.01.08.jpeg 1600w\" sizes=\"(max-width: 1024px) 100vw, 1024px\" \/><\/figure>\n","protected":false},"excerpt":{"rendered":"<p>La Comisi\u00f3n Administradora del R\u00edo Uruguay (CARU) desarroll\u00f3 una instancia de capacitaci\u00f3ntitulada Vigilancia Visual y Prevenci\u00f3n de riesgo ante Floraciones de cianobacterias en playasdel R\u00edo Uruguay, la cual tuvo lugar el jueves 27 de noviembre en la Isla del Puerto de la ciudadde Concepci\u00f3n del Uruguay. La propuesta cont\u00f3 con una destacada participaci\u00f3n de guardavidas [&hellip;]<\/p>\n","protected":false},"author":12,"featured_media":12236,"comment_status":"open","ping_status":"open","sticky":false,"template":"","format":"standard","meta":{"_acf_changed":false,"_joinchat":[],"footnotes":""},"categories":[],"tags":[],"class_list":["post-12235","post","type-post","status-publish","format-standard","has-post-thumbnail","hentry"],"acf":[],"yoast_head":"<!-- This site is optimized with the Yoast SEO plugin v27.3 - https:\/\/yoast.com\/product\/yoast-seo-wordpress\/ -->\n<title>CARU llev\u00f3 adelante la Capacitaci\u00f3n Te\u00f3rico\u2013Pr\u00e1ctica de Vigilancia Visual de Floraciones Algales en el R\u00edo Uruguay, realizado en Concepci\u00f3n del Uruguay. % C.A.R.U. imagen<\/title>\n<meta name=\"robots\" content=\"index, follow, max-snippet:-1, max-image-preview:large, max-video-preview:-1\" \/>\n<link rel=\"canonical\" href=\"https:\/\/caru.org.uy\/nuevositio\/2025\/12\/01\/caru-llevo-adelante-el-curso-teorico-practico-de-vigilancia-visual-de-floraciones-algales-en-el-rio-uruguay-realizado-en-concepcion-del-uruguay\/\" \/>\n<meta property=\"og:locale\" content=\"es_ES\" \/>\n<meta property=\"og:type\" content=\"article\" \/>\n<meta property=\"og:title\" content=\"CARU llev\u00f3 adelante la Capacitaci\u00f3n Te\u00f3rico\u2013Pr\u00e1ctica de Vigilancia Visual de Floraciones Algales en el R\u00edo Uruguay, realizado en Concepci\u00f3n del Uruguay. % C.A.R.U. imagen\" \/>\n<meta property=\"og:description\" content=\"La Comisi\u00f3n Administradora del R\u00edo Uruguay (CARU) desarroll\u00f3 una instancia de capacitaci\u00f3ntitulada Vigilancia Visual y Prevenci\u00f3n de riesgo ante Floraciones de cianobacterias en playasdel R\u00edo Uruguay, la cual tuvo lugar el jueves 27 de noviembre en la Isla del Puerto de la ciudadde Concepci\u00f3n del Uruguay. La propuesta cont\u00f3 con una destacada participaci\u00f3n de guardavidas [&hellip;]\" \/>\n<meta property=\"og:url\" content=\"https:\/\/caru.org.uy\/nuevositio\/2025\/12\/01\/caru-llevo-adelante-el-curso-teorico-practico-de-vigilancia-visual-de-floraciones-algales-en-el-rio-uruguay-realizado-en-concepcion-del-uruguay\/\" \/>\n<meta property=\"og:site_name\" content=\"C.A.R.U.\" \/>\n<meta property=\"article:published_time\" content=\"2025-12-01T13:11:15+00:00\" \/>\n<meta property=\"article:modified_time\" content=\"2025-12-08T14:06:49+00:00\" \/>\n<meta property=\"og:image\" content=\"https:\/\/caru.org.uy\/nuevositio\/wp-content\/uploads\/2025\/12\/7855bd9d-b42f-4921-80a3-94ee729ee3e3.jpg\" \/>\n\t<meta property=\"og:image:width\" content=\"1600\" \/>\n\t<meta property=\"og:image:height\" content=\"1200\" \/>\n\t<meta property=\"og:image:type\" content=\"image\/jpeg\" \/>\n<meta name=\"author\" content=\"Federico\" \/>\n<meta name=\"twitter:card\" content=\"summary_large_image\" \/>\n<meta name=\"twitter:label1\" content=\"Escrito por\" \/>\n\t<meta name=\"twitter:data1\" content=\"Federico\" \/>\n\t<meta name=\"twitter:label2\" content=\"Tiempo de lectura\" \/>\n\t<meta name=\"twitter:data2\" content=\"2 minutos\" \/>\n<script type=\"application\/ld+json\" class=\"yoast-schema-graph\">{\"@context\":\"https:\\\/\\\/schema.org\",\"@graph\":[{\"@type\":[\"Article\",\"BlogPosting\"],\"@id\":\"https:\\\/\\\/caru.org.uy\\\/nuevositio\\\/2025\\\/12\\\/01\\\/caru-llevo-adelante-el-curso-teorico-practico-de-vigilancia-visual-de-floraciones-algales-en-el-rio-uruguay-realizado-en-concepcion-del-uruguay\\\/#article\",\"isPartOf\":{\"@id\":\"https:\\\/\\\/caru.org.uy\\\/nuevositio\\\/2025\\\/12\\\/01\\\/caru-llevo-adelante-el-curso-teorico-practico-de-vigilancia-visual-de-floraciones-algales-en-el-rio-uruguay-realizado-en-concepcion-del-uruguay\\\/\"},\"author\":{\"name\":\"Federico\",\"@id\":\"https:\\\/\\\/caru.org.uy\\\/nuevositio\\\/#\\\/schema\\\/person\\\/fba625b864836c52fe4d995c9dc2869d\"},\"headline\":\"CARU llev\u00f3 adelante la Capacitaci\u00f3n Te\u00f3rico\u2013Pr\u00e1ctica de Vigilancia Visual de Floraciones Algales en el R\u00edo Uruguay, realizado en Concepci\u00f3n del Uruguay.\",\"datePublished\":\"2025-12-01T13:11:15+00:00\",\"dateModified\":\"2025-12-08T14:06:49+00:00\",\"mainEntityOfPage\":{\"@id\":\"https:\\\/\\\/caru.org.uy\\\/nuevositio\\\/2025\\\/12\\\/01\\\/caru-llevo-adelante-el-curso-teorico-practico-de-vigilancia-visual-de-floraciones-algales-en-el-rio-uruguay-realizado-en-concepcion-del-uruguay\\\/\"},\"wordCount\":261,\"commentCount\":0,\"publisher\":{\"@id\":\"https:\\\/\\\/caru.org.uy\\\/nuevositio\\\/#organization\"},\"image\":{\"@id\":\"https:\\\/\\\/caru.org.uy\\\/nuevositio\\\/2025\\\/12\\\/01\\\/caru-llevo-adelante-el-curso-teorico-practico-de-vigilancia-visual-de-floraciones-algales-en-el-rio-uruguay-realizado-en-concepcion-del-uruguay\\\/#primaryimage\"},\"thumbnailUrl\":\"https:\\\/\\\/caru.org.uy\\\/nuevositio\\\/wp-content\\\/uploads\\\/2025\\\/12\\\/7855bd9d-b42f-4921-80a3-94ee729ee3e3.jpg\",\"inLanguage\":\"es\",\"potentialAction\":[{\"@type\":\"CommentAction\",\"name\":\"Comment\",\"target\":[\"https:\\\/\\\/caru.org.uy\\\/nuevositio\\\/2025\\\/12\\\/01\\\/caru-llevo-adelante-el-curso-teorico-practico-de-vigilancia-visual-de-floraciones-algales-en-el-rio-uruguay-realizado-en-concepcion-del-uruguay\\\/#respond\"]}]},{\"@type\":\"WebPage\",\"@id\":\"https:\\\/\\\/caru.org.uy\\\/nuevositio\\\/2025\\\/12\\\/01\\\/caru-llevo-adelante-el-curso-teorico-practico-de-vigilancia-visual-de-floraciones-algales-en-el-rio-uruguay-realizado-en-concepcion-del-uruguay\\\/\",\"url\":\"https:\\\/\\\/caru.org.uy\\\/nuevositio\\\/2025\\\/12\\\/01\\\/caru-llevo-adelante-el-curso-teorico-practico-de-vigilancia-visual-de-floraciones-algales-en-el-rio-uruguay-realizado-en-concepcion-del-uruguay\\\/\",\"name\":\"CARU llev\u00f3 adelante la Capacitaci\u00f3n Te\u00f3rico\u2013Pr\u00e1ctica de Vigilancia Visual de Floraciones Algales en el R\u00edo Uruguay, realizado en Concepci\u00f3n del Uruguay. % C.A.R.U. imagen\",\"isPartOf\":{\"@id\":\"https:\\\/\\\/caru.org.uy\\\/nuevositio\\\/#website\"},\"primaryImageOfPage\":{\"@id\":\"https:\\\/\\\/caru.org.uy\\\/nuevositio\\\/2025\\\/12\\\/01\\\/caru-llevo-adelante-el-curso-teorico-practico-de-vigilancia-visual-de-floraciones-algales-en-el-rio-uruguay-realizado-en-concepcion-del-uruguay\\\/#primaryimage\"},\"image\":{\"@id\":\"https:\\\/\\\/caru.org.uy\\\/nuevositio\\\/2025\\\/12\\\/01\\\/caru-llevo-adelante-el-curso-teorico-practico-de-vigilancia-visual-de-floraciones-algales-en-el-rio-uruguay-realizado-en-concepcion-del-uruguay\\\/#primaryimage\"},\"thumbnailUrl\":\"https:\\\/\\\/caru.org.uy\\\/nuevositio\\\/wp-content\\\/uploads\\\/2025\\\/12\\\/7855bd9d-b42f-4921-80a3-94ee729ee3e3.jpg\",\"datePublished\":\"2025-12-01T13:11:15+00:00\",\"dateModified\":\"2025-12-08T14:06:49+00:00\",\"breadcrumb\":{\"@id\":\"https:\\\/\\\/caru.org.uy\\\/nuevositio\\\/2025\\\/12\\\/01\\\/caru-llevo-adelante-el-curso-teorico-practico-de-vigilancia-visual-de-floraciones-algales-en-el-rio-uruguay-realizado-en-concepcion-del-uruguay\\\/#breadcrumb\"},\"inLanguage\":\"es\",\"potentialAction\":[{\"@type\":\"ReadAction\",\"target\":[\"https:\\\/\\\/caru.org.uy\\\/nuevositio\\\/2025\\\/12\\\/01\\\/caru-llevo-adelante-el-curso-teorico-practico-de-vigilancia-visual-de-floraciones-algales-en-el-rio-uruguay-realizado-en-concepcion-del-uruguay\\\/\"]}]},{\"@type\":\"ImageObject\",\"inLanguage\":\"es\",\"@id\":\"https:\\\/\\\/caru.org.uy\\\/nuevositio\\\/2025\\\/12\\\/01\\\/caru-llevo-adelante-el-curso-teorico-practico-de-vigilancia-visual-de-floraciones-algales-en-el-rio-uruguay-realizado-en-concepcion-del-uruguay\\\/#primaryimage\",\"url\":\"https:\\\/\\\/caru.org.uy\\\/nuevositio\\\/wp-content\\\/uploads\\\/2025\\\/12\\\/7855bd9d-b42f-4921-80a3-94ee729ee3e3.jpg\",\"contentUrl\":\"https:\\\/\\\/caru.org.uy\\\/nuevositio\\\/wp-content\\\/uploads\\\/2025\\\/12\\\/7855bd9d-b42f-4921-80a3-94ee729ee3e3.jpg\",\"width\":1600,\"height\":1200},{\"@type\":\"BreadcrumbList\",\"@id\":\"https:\\\/\\\/caru.org.uy\\\/nuevositio\\\/2025\\\/12\\\/01\\\/caru-llevo-adelante-el-curso-teorico-practico-de-vigilancia-visual-de-floraciones-algales-en-el-rio-uruguay-realizado-en-concepcion-del-uruguay\\\/#breadcrumb\",\"itemListElement\":[{\"@type\":\"ListItem\",\"position\":1,\"name\":\"Portada\",\"item\":\"https:\\\/\\\/caru.org.uy\\\/nuevositio\\\/\"},{\"@type\":\"ListItem\",\"position\":2,\"name\":\"CARU llev\u00f3 adelante la Capacitaci\u00f3n Te\u00f3rico\u2013Pr\u00e1ctica de Vigilancia Visual de Floraciones Algales en el R\u00edo Uruguay, realizado en Concepci\u00f3n del Uruguay.\"}]},{\"@type\":\"WebSite\",\"@id\":\"https:\\\/\\\/caru.org.uy\\\/nuevositio\\\/#website\",\"url\":\"https:\\\/\\\/caru.org.uy\\\/nuevositio\\\/\",\"name\":\"C.A.R.U.\",\"description\":\"Comisi\u00f3n Administradora del R\u00edo Uruguay\",\"publisher\":{\"@id\":\"https:\\\/\\\/caru.org.uy\\\/nuevositio\\\/#organization\"},\"potentialAction\":[{\"@type\":\"SearchAction\",\"target\":{\"@type\":\"EntryPoint\",\"urlTemplate\":\"https:\\\/\\\/caru.org.uy\\\/nuevositio\\\/?s={search_term_string}\"},\"query-input\":{\"@type\":\"PropertyValueSpecification\",\"valueRequired\":true,\"valueName\":\"search_term_string\"}}],\"inLanguage\":\"es\"},{\"@type\":\"Organization\",\"@id\":\"https:\\\/\\\/caru.org.uy\\\/nuevositio\\\/#organization\",\"name\":\"C.A.R.U.\",\"url\":\"https:\\\/\\\/caru.org.uy\\\/nuevositio\\\/\",\"logo\":{\"@type\":\"ImageObject\",\"inLanguage\":\"es\",\"@id\":\"https:\\\/\\\/caru.org.uy\\\/nuevositio\\\/#\\\/schema\\\/logo\\\/image\\\/\",\"url\":\"https:\\\/\\\/caru.org.uy\\\/nuevositio\\\/wp-content\\\/uploads\\\/2023\\\/11\\\/logo-nuevo.jpg\",\"contentUrl\":\"https:\\\/\\\/caru.org.uy\\\/nuevositio\\\/wp-content\\\/uploads\\\/2023\\\/11\\\/logo-nuevo.jpg\",\"width\":1,\"height\":1,\"caption\":\"C.A.R.U.\"},\"image\":{\"@id\":\"https:\\\/\\\/caru.org.uy\\\/nuevositio\\\/#\\\/schema\\\/logo\\\/image\\\/\"}},{\"@type\":\"Person\",\"@id\":\"https:\\\/\\\/caru.org.uy\\\/nuevositio\\\/#\\\/schema\\\/person\\\/fba625b864836c52fe4d995c9dc2869d\",\"name\":\"Federico\",\"image\":{\"@type\":\"ImageObject\",\"inLanguage\":\"es\",\"@id\":\"https:\\\/\\\/secure.gravatar.com\\\/avatar\\\/542d68923246b6c29256d811c3ce7f803fe17d6a190c813a52ef45fcda4733ad?s=96&d=mm&r=g\",\"url\":\"https:\\\/\\\/secure.gravatar.com\\\/avatar\\\/542d68923246b6c29256d811c3ce7f803fe17d6a190c813a52ef45fcda4733ad?s=96&d=mm&r=g\",\"contentUrl\":\"https:\\\/\\\/secure.gravatar.com\\\/avatar\\\/542d68923246b6c29256d811c3ce7f803fe17d6a190c813a52ef45fcda4733ad?s=96&d=mm&r=g\",\"caption\":\"Federico\"},\"url\":\"https:\\\/\\\/caru.org.uy\\\/nuevositio\\\/author\\\/federico\\\/\"}]}<\/script>\n<!-- \/ Yoast SEO plugin. -->","yoast_head_json":{"title":"CARU llev\u00f3 adelante la Capacitaci\u00f3n Te\u00f3rico\u2013Pr\u00e1ctica de Vigilancia Visual de Floraciones Algales en el R\u00edo Uruguay, realizado en Concepci\u00f3n del Uruguay. % C.A.R.U. imagen","robots":{"index":"index","follow":"follow","max-snippet":"max-snippet:-1","max-image-preview":"max-image-preview:large","max-video-preview":"max-video-preview:-1"},"canonical":"https:\/\/caru.org.uy\/nuevositio\/2025\/12\/01\/caru-llevo-adelante-el-curso-teorico-practico-de-vigilancia-visual-de-floraciones-algales-en-el-rio-uruguay-realizado-en-concepcion-del-uruguay\/","og_locale":"es_ES","og_type":"article","og_title":"CARU llev\u00f3 adelante la Capacitaci\u00f3n Te\u00f3rico\u2013Pr\u00e1ctica de Vigilancia Visual de Floraciones Algales en el R\u00edo Uruguay, realizado en Concepci\u00f3n del Uruguay. % C.A.R.U. imagen","og_description":"La Comisi\u00f3n Administradora del R\u00edo Uruguay (CARU) desarroll\u00f3 una instancia de capacitaci\u00f3ntitulada Vigilancia Visual y Prevenci\u00f3n de riesgo ante Floraciones de cianobacterias en playasdel R\u00edo Uruguay, la cual tuvo lugar el jueves 27 de noviembre en la Isla del Puerto de la ciudadde Concepci\u00f3n del Uruguay. La propuesta cont\u00f3 con una destacada participaci\u00f3n de guardavidas [&hellip;]","og_url":"https:\/\/caru.org.uy\/nuevositio\/2025\/12\/01\/caru-llevo-adelante-el-curso-teorico-practico-de-vigilancia-visual-de-floraciones-algales-en-el-rio-uruguay-realizado-en-concepcion-del-uruguay\/","og_site_name":"C.A.R.U.","article_published_time":"2025-12-01T13:11:15+00:00","article_modified_time":"2025-12-08T14:06:49+00:00","og_image":[{"width":1600,"height":1200,"url":"https:\/\/caru.org.uy\/nuevositio\/wp-content\/uploads\/2025\/12\/7855bd9d-b42f-4921-80a3-94ee729ee3e3.jpg","type":"image\/jpeg"}],"author":"Federico","twitter_card":"summary_large_image","twitter_misc":{"Escrito por":"Federico","Tiempo de lectura":"2 minutos"},"schema":{"@context":"https:\/\/schema.org","@graph":[{"@type":["Article","BlogPosting"],"@id":"https:\/\/caru.org.uy\/nuevositio\/2025\/12\/01\/caru-llevo-adelante-el-curso-teorico-practico-de-vigilancia-visual-de-floraciones-algales-en-el-rio-uruguay-realizado-en-concepcion-del-uruguay\/#article","isPartOf":{"@id":"https:\/\/caru.org.uy\/nuevositio\/2025\/12\/01\/caru-llevo-adelante-el-curso-teorico-practico-de-vigilancia-visual-de-floraciones-algales-en-el-rio-uruguay-realizado-en-concepcion-del-uruguay\/"},"author":{"name":"Federico","@id":"https:\/\/caru.org.uy\/nuevositio\/#\/schema\/person\/fba625b864836c52fe4d995c9dc2869d"},"headline":"CARU llev\u00f3 adelante la Capacitaci\u00f3n Te\u00f3rico\u2013Pr\u00e1ctica de Vigilancia Visual de Floraciones Algales en el R\u00edo Uruguay, realizado en Concepci\u00f3n del Uruguay.","datePublished":"2025-12-01T13:11:15+00:00","dateModified":"2025-12-08T14:06:49+00:00","mainEntityOfPage":{"@id":"https:\/\/caru.org.uy\/nuevositio\/2025\/12\/01\/caru-llevo-adelante-el-curso-teorico-practico-de-vigilancia-visual-de-floraciones-algales-en-el-rio-uruguay-realizado-en-concepcion-del-uruguay\/"},"wordCount":261,"commentCount":0,"publisher":{"@id":"https:\/\/caru.org.uy\/nuevositio\/#organization"},"image":{"@id":"https:\/\/caru.org.uy\/nuevositio\/2025\/12\/01\/caru-llevo-adelante-el-curso-teorico-practico-de-vigilancia-visual-de-floraciones-algales-en-el-rio-uruguay-realizado-en-concepcion-del-uruguay\/#primaryimage"},"thumbnailUrl":"https:\/\/caru.org.uy\/nuevositio\/wp-content\/uploads\/2025\/12\/7855bd9d-b42f-4921-80a3-94ee729ee3e3.jpg","inLanguage":"es","potentialAction":[{"@type":"CommentAction","name":"Comment","target":["https:\/\/caru.org.uy\/nuevositio\/2025\/12\/01\/caru-llevo-adelante-el-curso-teorico-practico-de-vigilancia-visual-de-floraciones-algales-en-el-rio-uruguay-realizado-en-concepcion-del-uruguay\/#respond"]}]},{"@type":"WebPage","@id":"https:\/\/caru.org.uy\/nuevositio\/2025\/12\/01\/caru-llevo-adelante-el-curso-teorico-practico-de-vigilancia-visual-de-floraciones-algales-en-el-rio-uruguay-realizado-en-concepcion-del-uruguay\/","url":"https:\/\/caru.org.uy\/nuevositio\/2025\/12\/01\/caru-llevo-adelante-el-curso-teorico-practico-de-vigilancia-visual-de-floraciones-algales-en-el-rio-uruguay-realizado-en-concepcion-del-uruguay\/","name":"CARU llev\u00f3 adelante la Capacitaci\u00f3n Te\u00f3rico\u2013Pr\u00e1ctica de Vigilancia Visual de Floraciones Algales en el R\u00edo Uruguay, realizado en Concepci\u00f3n del Uruguay. % C.A.R.U. imagen","isPartOf":{"@id":"https:\/\/caru.org.uy\/nuevositio\/#website"},"primaryImageOfPage":{"@id":"https:\/\/caru.org.uy\/nuevositio\/2025\/12\/01\/caru-llevo-adelante-el-curso-teorico-practico-de-vigilancia-visual-de-floraciones-algales-en-el-rio-uruguay-realizado-en-concepcion-del-uruguay\/#primaryimage"},"image":{"@id":"https:\/\/caru.org.uy\/nuevositio\/2025\/12\/01\/caru-llevo-adelante-el-curso-teorico-practico-de-vigilancia-visual-de-floraciones-algales-en-el-rio-uruguay-realizado-en-concepcion-del-uruguay\/#primaryimage"},"thumbnailUrl":"https:\/\/caru.org.uy\/nuevositio\/wp-content\/uploads\/2025\/12\/7855bd9d-b42f-4921-80a3-94ee729ee3e3.jpg","datePublished":"2025-12-01T13:11:15+00:00","dateModified":"2025-12-08T14:06:49+00:00","breadcrumb":{"@id":"https:\/\/caru.org.uy\/nuevositio\/2025\/12\/01\/caru-llevo-adelante-el-curso-teorico-practico-de-vigilancia-visual-de-floraciones-algales-en-el-rio-uruguay-realizado-en-concepcion-del-uruguay\/#breadcrumb"},"inLanguage":"es","potentialAction":[{"@type":"ReadAction","target":["https:\/\/caru.org.uy\/nuevositio\/2025\/12\/01\/caru-llevo-adelante-el-curso-teorico-practico-de-vigilancia-visual-de-floraciones-algales-en-el-rio-uruguay-realizado-en-concepcion-del-uruguay\/"]}]},{"@type":"ImageObject","inLanguage":"es","@id":"https:\/\/caru.org.uy\/nuevositio\/2025\/12\/01\/caru-llevo-adelante-el-curso-teorico-practico-de-vigilancia-visual-de-floraciones-algales-en-el-rio-uruguay-realizado-en-concepcion-del-uruguay\/#primaryimage","url":"https:\/\/caru.org.uy\/nuevositio\/wp-content\/uploads\/2025\/12\/7855bd9d-b42f-4921-80a3-94ee729ee3e3.jpg","contentUrl":"https:\/\/caru.org.uy\/nuevositio\/wp-content\/uploads\/2025\/12\/7855bd9d-b42f-4921-80a3-94ee729ee3e3.jpg","width":1600,"height":1200},{"@type":"BreadcrumbList","@id":"https:\/\/caru.org.uy\/nuevositio\/2025\/12\/01\/caru-llevo-adelante-el-curso-teorico-practico-de-vigilancia-visual-de-floraciones-algales-en-el-rio-uruguay-realizado-en-concepcion-del-uruguay\/#breadcrumb","itemListElement":[{"@type":"ListItem","position":1,"name":"Portada","item":"https:\/\/caru.org.uy\/nuevositio\/"},{"@type":"ListItem","position":2,"name":"CARU llev\u00f3 adelante la Capacitaci\u00f3n Te\u00f3rico\u2013Pr\u00e1ctica de Vigilancia Visual de Floraciones Algales en el R\u00edo Uruguay, realizado en Concepci\u00f3n del Uruguay."}]},{"@type":"WebSite","@id":"https:\/\/caru.org.uy\/nuevositio\/#website","url":"https:\/\/caru.org.uy\/nuevositio\/","name":"C.A.R.U.","description":"Comisi\u00f3n Administradora del R\u00edo Uruguay","publisher":{"@id":"https:\/\/caru.org.uy\/nuevositio\/#organization"},"potentialAction":[{"@type":"SearchAction","target":{"@type":"EntryPoint","urlTemplate":"https:\/\/caru.org.uy\/nuevositio\/?s={search_term_string}"},"query-input":{"@type":"PropertyValueSpecification","valueRequired":true,"valueName":"search_term_string"}}],"inLanguage":"es"},{"@type":"Organization","@id":"https:\/\/caru.org.uy\/nuevositio\/#organization","name":"C.A.R.U.","url":"https:\/\/caru.org.uy\/nuevositio\/","logo":{"@type":"ImageObject","inLanguage":"es","@id":"https:\/\/caru.org.uy\/nuevositio\/#\/schema\/logo\/image\/","url":"https:\/\/caru.org.uy\/nuevositio\/wp-content\/uploads\/2023\/11\/logo-nuevo.jpg","contentUrl":"https:\/\/caru.org.uy\/nuevositio\/wp-content\/uploads\/2023\/11\/logo-nuevo.jpg","width":1,"height":1,"caption":"C.A.R.U."},"image":{"@id":"https:\/\/caru.org.uy\/nuevositio\/#\/schema\/logo\/image\/"}},{"@type":"Person","@id":"https:\/\/caru.org.uy\/nuevositio\/#\/schema\/person\/fba625b864836c52fe4d995c9dc2869d","name":"Federico","image":{"@type":"ImageObject","inLanguage":"es","@id":"https:\/\/secure.gravatar.com\/avatar\/542d68923246b6c29256d811c3ce7f803fe17d6a190c813a52ef45fcda4733ad?s=96&d=mm&r=g","url":"https:\/\/secure.gravatar.com\/avatar\/542d68923246b6c29256d811c3ce7f803fe17d6a190c813a52ef45fcda4733ad?s=96&d=mm&r=g","contentUrl":"https:\/\/secure.gravatar.com\/avatar\/542d68923246b6c29256d811c3ce7f803fe17d6a190c813a52ef45fcda4733ad?s=96&d=mm&r=g","caption":"Federico"},"url":"https:\/\/caru.org.uy\/nuevositio\/author\/federico\/"}]}},"_links":{"self":[{"href":"https:\/\/caru.org.uy\/nuevositio\/wp-json\/wp\/v2\/posts\/12235","targetHints":{"allow":["GET"]}}],"collection":[{"href":"https:\/\/caru.org.uy\/nuevositio\/wp-json\/wp\/v2\/posts"}],"about":[{"href":"https:\/\/caru.org.uy\/nuevositio\/wp-json\/wp\/v2\/types\/post"}],"author":[{"embeddable":true,"href":"https:\/\/caru.org.uy\/nuevositio\/wp-json\/wp\/v2\/users\/12"}],"replies":[{"embeddable":true,"href":"https:\/\/caru.org.uy\/nuevositio\/wp-json\/wp\/v2\/comments?post=12235"}],"version-history":[{"count":4,"href":"https:\/\/caru.org.uy\/nuevositio\/wp-json\/wp\/v2\/posts\/12235\/revisions"}],"predecessor-version":[{"id":12300,"href":"https:\/\/caru.org.uy\/nuevositio\/wp-json\/wp\/v2\/posts\/12235\/revisions\/12300"}],"wp:featuredmedia":[{"embeddable":true,"href":"https:\/\/caru.org.uy\/nuevositio\/wp-json\/wp\/v2\/media\/12236"}],"wp:attachment":[{"href":"https:\/\/caru.org.uy\/nuevositio\/wp-json\/wp\/v2\/media?parent=12235"}],"wp:term":[{"taxonomy":"category","embeddable":true,"href":"https:\/\/caru.org.uy\/nuevositio\/wp-json\/wp\/v2\/categories?post=12235"},{"taxonomy":"post_tag","embeddable":true,"href":"https:\/\/caru.org.uy\/nuevositio\/wp-json\/wp\/v2\/tags?post=12235"}],"curies":[{"name":"wp","href":"https:\/\/api.w.org\/{rel}","templated":true}]}}