{"id":12242,"date":"2025-12-01T14:48:54","date_gmt":"2025-12-01T17:48:54","guid":{"rendered":"https:\/\/caru.org.uy\/nuevositio\/?p=12242"},"modified":"2025-12-08T11:06:52","modified_gmt":"2025-12-08T14:06:52","slug":"curso-teorico-practico-de-vigilancia-visual-de-floraciones-algales-en-el-rio-uruguay-en-la-ciudad-de-concordia","status":"publish","type":"post","link":"https:\/\/caru.org.uy\/nuevositio\/2025\/12\/01\/curso-teorico-practico-de-vigilancia-visual-de-floraciones-algales-en-el-rio-uruguay-en-la-ciudad-de-concordia\/","title":{"rendered":"Capacitaci\u00f3n Te\u00f3rico\u2013Pr\u00e1ctica de Vigilancia Visual de Floraciones Algales en el R\u00edo Uruguay, realizado en la ciudad de Concordia."},"content":{"rendered":"\n<p><\/p>\n\n\n\n<p class=\"has-medium-font-size\">El viernes 28 de noviembre en el Sal\u00f3n del Museo Provincial de la Imagen de la ciudad de<br>Concordia, la Comisi\u00f3n Administradora del R\u00edo Uruguay (CARU) llev\u00f3 a cabo una instancia de<br>capacitaci\u00f3n denominada Vigilancia Visual y Prevenci\u00f3n de riesgo ante Floraciones de<br>cianobacterias en playas del R\u00edo Uruguay.<\/p>\n\n\n\n<p class=\"has-medium-font-size\"><br>La actividad reuni\u00f3 a guardavidas de la regi\u00f3n interesados en fortalecer sus competencias para<br>reconocer el estado del agua en relaci\u00f3n al desarrollo de la floraci\u00f3n algal que permite prevenir<br>riesgos sanitarios vinculados a la presencia de floraciones algales en zonas de recreaci\u00f3n y<br>playas.<\/p>\n\n\n\n<p class=\"has-medium-font-size\"><br>La propuesta formativa incluy\u00f3 un m\u00f3dulo te\u00f3rico centrado en los aspectos cient\u00edficos de las<br>floraciones de cianobacterias (factores que favorecen su desarrollo, afectaci\u00f3n en la salud de las<br>personas que toman contacto directo con una floraci\u00f3n, entre otros) y un m\u00f3dulo pr\u00e1ctico<br>desarrollado en la playa, permitiendo a los participantes aplicar criterios aprendidos del<br>monitoreo visual. Estas herramientas resultan fundamentales para optimizar las acciones<br>preventivas y promover un uso responsable del r\u00edo.<\/p>\n\n\n\n<p class=\"has-medium-font-size\"><br>La CARU expresa su agradecimiento a todos los asistentes por su participaci\u00f3n y por el<br>compromiso demostrado con la mejora continua de su labor. La instituci\u00f3n reafirma su intenci\u00f3n<br>de seguir impulsando actividades de capacitaci\u00f3n que contribuyan al fortalecimiento de las<br>capacidades locales y a la gesti\u00f3n del riesgo en el \u00e1mbito del R\u00edo Uruguay.<\/p>\n\n\n\n<figure class=\"wp-block-image size-large is-resized\"><img fetchpriority=\"high\" decoding=\"async\" width=\"1024\" height=\"575\" src=\"https:\/\/caru.org.uy\/nuevositio\/wp-content\/uploads\/2025\/12\/DSC_1415-1024x575.jpg\" alt=\"\" class=\"wp-image-12243\" style=\"width:1130px;height:auto\" srcset=\"https:\/\/caru.org.uy\/nuevositio\/wp-content\/uploads\/2025\/12\/DSC_1415-1024x575.jpg 1024w, https:\/\/caru.org.uy\/nuevositio\/wp-content\/uploads\/2025\/12\/DSC_1415-300x169.jpg 300w, https:\/\/caru.org.uy\/nuevositio\/wp-content\/uploads\/2025\/12\/DSC_1415-768x431.jpg 768w, https:\/\/caru.org.uy\/nuevositio\/wp-content\/uploads\/2025\/12\/DSC_1415-1536x863.jpg 1536w, https:\/\/caru.org.uy\/nuevositio\/wp-content\/uploads\/2025\/12\/DSC_1415-2048x1151.jpg 2048w\" sizes=\"(max-width: 1024px) 100vw, 1024px\" \/><\/figure>\n\n\n\n<figure class=\"wp-block-gallery has-nested-images columns-default is-cropped wp-block-gallery-1 is-layout-flex wp-block-gallery-is-layout-flex\">\n<figure class=\"wp-block-image size-large\"><img decoding=\"async\" width=\"1024\" height=\"683\" data-id=\"12247\" src=\"https:\/\/caru.org.uy\/nuevositio\/wp-content\/uploads\/2025\/12\/DSC_1342-1024x683.jpg\" alt=\"\" class=\"wp-image-12247\" srcset=\"https:\/\/caru.org.uy\/nuevositio\/wp-content\/uploads\/2025\/12\/DSC_1342-1024x683.jpg 1024w, https:\/\/caru.org.uy\/nuevositio\/wp-content\/uploads\/2025\/12\/DSC_1342-300x200.jpg 300w, https:\/\/caru.org.uy\/nuevositio\/wp-content\/uploads\/2025\/12\/DSC_1342-768x512.jpg 768w, https:\/\/caru.org.uy\/nuevositio\/wp-content\/uploads\/2025\/12\/DSC_1342-1536x1024.jpg 1536w, https:\/\/caru.org.uy\/nuevositio\/wp-content\/uploads\/2025\/12\/DSC_1342-2048x1365.jpg 2048w\" sizes=\"(max-width: 1024px) 100vw, 1024px\" \/><\/figure>\n\n\n\n<figure class=\"wp-block-image size-large\"><img decoding=\"async\" width=\"1024\" height=\"683\" data-id=\"12252\" src=\"https:\/\/caru.org.uy\/nuevositio\/wp-content\/uploads\/2025\/12\/DSC_1341-2-1024x683.jpg\" alt=\"\" class=\"wp-image-12252\" srcset=\"https:\/\/caru.org.uy\/nuevositio\/wp-content\/uploads\/2025\/12\/DSC_1341-2-1024x683.jpg 1024w, https:\/\/caru.org.uy\/nuevositio\/wp-content\/uploads\/2025\/12\/DSC_1341-2-300x200.jpg 300w, https:\/\/caru.org.uy\/nuevositio\/wp-content\/uploads\/2025\/12\/DSC_1341-2-768x512.jpg 768w, https:\/\/caru.org.uy\/nuevositio\/wp-content\/uploads\/2025\/12\/DSC_1341-2-1536x1024.jpg 1536w, https:\/\/caru.org.uy\/nuevositio\/wp-content\/uploads\/2025\/12\/DSC_1341-2-2048x1365.jpg 2048w\" sizes=\"(max-width: 1024px) 100vw, 1024px\" \/><\/figure>\n\n\n\n<figure class=\"wp-block-image size-large\"><img loading=\"lazy\" decoding=\"async\" width=\"1024\" height=\"683\" data-id=\"12253\" src=\"https:\/\/caru.org.uy\/nuevositio\/wp-content\/uploads\/2025\/12\/DSC_1339-1-1024x683.jpg\" alt=\"\" class=\"wp-image-12253\" srcset=\"https:\/\/caru.org.uy\/nuevositio\/wp-content\/uploads\/2025\/12\/DSC_1339-1-1024x683.jpg 1024w, https:\/\/caru.org.uy\/nuevositio\/wp-content\/uploads\/2025\/12\/DSC_1339-1-300x200.jpg 300w, https:\/\/caru.org.uy\/nuevositio\/wp-content\/uploads\/2025\/12\/DSC_1339-1-768x512.jpg 768w, https:\/\/caru.org.uy\/nuevositio\/wp-content\/uploads\/2025\/12\/DSC_1339-1-1536x1024.jpg 1536w, https:\/\/caru.org.uy\/nuevositio\/wp-content\/uploads\/2025\/12\/DSC_1339-1-2048x1365.jpg 2048w\" sizes=\"(max-width: 1024px) 100vw, 1024px\" \/><\/figure>\n\n\n\n<figure class=\"wp-block-image size-large\"><img loading=\"lazy\" decoding=\"async\" width=\"1024\" height=\"575\" data-id=\"12246\" src=\"https:\/\/caru.org.uy\/nuevositio\/wp-content\/uploads\/2025\/12\/DSC_1388-1024x575.jpg\" alt=\"\" class=\"wp-image-12246\" srcset=\"https:\/\/caru.org.uy\/nuevositio\/wp-content\/uploads\/2025\/12\/DSC_1388-1024x575.jpg 1024w, https:\/\/caru.org.uy\/nuevositio\/wp-content\/uploads\/2025\/12\/DSC_1388-300x169.jpg 300w, https:\/\/caru.org.uy\/nuevositio\/wp-content\/uploads\/2025\/12\/DSC_1388-768x431.jpg 768w, https:\/\/caru.org.uy\/nuevositio\/wp-content\/uploads\/2025\/12\/DSC_1388-1536x863.jpg 1536w, https:\/\/caru.org.uy\/nuevositio\/wp-content\/uploads\/2025\/12\/DSC_1388-2048x1151.jpg 2048w\" sizes=\"(max-width: 1024px) 100vw, 1024px\" \/><\/figure>\n<\/figure>\n","protected":false},"excerpt":{"rendered":"<p>El viernes 28 de noviembre en el Sal\u00f3n del Museo Provincial de la Imagen de la ciudad deConcordia, la Comisi\u00f3n Administradora del R\u00edo Uruguay (CARU) llev\u00f3 a cabo una instancia decapacitaci\u00f3n denominada Vigilancia Visual y Prevenci\u00f3n de riesgo ante Floraciones decianobacterias en playas del R\u00edo Uruguay. La actividad reuni\u00f3 a guardavidas de la regi\u00f3n interesados [&hellip;]<\/p>\n","protected":false},"author":12,"featured_media":12245,"comment_status":"open","ping_status":"open","sticky":false,"template":"","format":"standard","meta":{"_acf_changed":false,"_joinchat":[],"footnotes":""},"categories":[],"tags":[],"class_list":["post-12242","post","type-post","status-publish","format-standard","has-post-thumbnail","hentry"],"acf":[],"yoast_head":"<!-- This site is optimized with the Yoast SEO plugin v27.3 - https:\/\/yoast.com\/product\/yoast-seo-wordpress\/ -->\n<title>Capacitaci\u00f3n Te\u00f3rico\u2013Pr\u00e1ctica de Vigilancia Visual de Floraciones Algales en el R\u00edo Uruguay, realizado en la ciudad de Concordia. % C.A.R.U. imagen<\/title>\n<meta name=\"robots\" content=\"index, follow, max-snippet:-1, max-image-preview:large, max-video-preview:-1\" \/>\n<link rel=\"canonical\" href=\"https:\/\/caru.org.uy\/nuevositio\/2025\/12\/01\/curso-teorico-practico-de-vigilancia-visual-de-floraciones-algales-en-el-rio-uruguay-en-la-ciudad-de-concordia\/\" \/>\n<meta property=\"og:locale\" content=\"es_ES\" \/>\n<meta property=\"og:type\" content=\"article\" \/>\n<meta property=\"og:title\" content=\"Capacitaci\u00f3n Te\u00f3rico\u2013Pr\u00e1ctica de Vigilancia Visual de Floraciones Algales en el R\u00edo Uruguay, realizado en la ciudad de Concordia. % C.A.R.U. imagen\" \/>\n<meta property=\"og:description\" content=\"El viernes 28 de noviembre en el Sal\u00f3n del Museo Provincial de la Imagen de la ciudad deConcordia, la Comisi\u00f3n Administradora del R\u00edo Uruguay (CARU) llev\u00f3 a cabo una instancia decapacitaci\u00f3n denominada Vigilancia Visual y Prevenci\u00f3n de riesgo ante Floraciones decianobacterias en playas del R\u00edo Uruguay. La actividad reuni\u00f3 a guardavidas de la regi\u00f3n interesados [&hellip;]\" \/>\n<meta property=\"og:url\" content=\"https:\/\/caru.org.uy\/nuevositio\/2025\/12\/01\/curso-teorico-practico-de-vigilancia-visual-de-floraciones-algales-en-el-rio-uruguay-en-la-ciudad-de-concordia\/\" \/>\n<meta property=\"og:site_name\" content=\"C.A.R.U.\" \/>\n<meta property=\"article:published_time\" content=\"2025-12-01T17:48:54+00:00\" \/>\n<meta property=\"article:modified_time\" content=\"2025-12-08T14:06:52+00:00\" \/>\n<meta property=\"og:image\" content=\"https:\/\/caru.org.uy\/nuevositio\/wp-content\/uploads\/2025\/12\/DSC_1415-2-scaled.jpg\" \/>\n\t<meta property=\"og:image:width\" content=\"2560\" \/>\n\t<meta property=\"og:image:height\" content=\"1438\" \/>\n\t<meta property=\"og:image:type\" content=\"image\/jpeg\" \/>\n<meta name=\"author\" content=\"Federico\" \/>\n<meta name=\"twitter:card\" content=\"summary_large_image\" \/>\n<meta name=\"twitter:label1\" content=\"Escrito por\" \/>\n\t<meta name=\"twitter:data1\" content=\"Federico\" \/>\n\t<meta name=\"twitter:label2\" content=\"Tiempo de lectura\" \/>\n\t<meta name=\"twitter:data2\" content=\"3 minutos\" \/>\n<script type=\"application\/ld+json\" class=\"yoast-schema-graph\">{\"@context\":\"https:\\\/\\\/schema.org\",\"@graph\":[{\"@type\":[\"Article\",\"BlogPosting\"],\"@id\":\"https:\\\/\\\/caru.org.uy\\\/nuevositio\\\/2025\\\/12\\\/01\\\/curso-teorico-practico-de-vigilancia-visual-de-floraciones-algales-en-el-rio-uruguay-en-la-ciudad-de-concordia\\\/#article\",\"isPartOf\":{\"@id\":\"https:\\\/\\\/caru.org.uy\\\/nuevositio\\\/2025\\\/12\\\/01\\\/curso-teorico-practico-de-vigilancia-visual-de-floraciones-algales-en-el-rio-uruguay-en-la-ciudad-de-concordia\\\/\"},\"author\":{\"name\":\"Federico\",\"@id\":\"https:\\\/\\\/caru.org.uy\\\/nuevositio\\\/#\\\/schema\\\/person\\\/fba625b864836c52fe4d995c9dc2869d\"},\"headline\":\"Capacitaci\u00f3n Te\u00f3rico\u2013Pr\u00e1ctica de Vigilancia Visual de Floraciones Algales en el R\u00edo Uruguay, realizado en la ciudad de Concordia.\",\"datePublished\":\"2025-12-01T17:48:54+00:00\",\"dateModified\":\"2025-12-08T14:06:52+00:00\",\"mainEntityOfPage\":{\"@id\":\"https:\\\/\\\/caru.org.uy\\\/nuevositio\\\/2025\\\/12\\\/01\\\/curso-teorico-practico-de-vigilancia-visual-de-floraciones-algales-en-el-rio-uruguay-en-la-ciudad-de-concordia\\\/\"},\"wordCount\":253,\"commentCount\":0,\"publisher\":{\"@id\":\"https:\\\/\\\/caru.org.uy\\\/nuevositio\\\/#organization\"},\"image\":{\"@id\":\"https:\\\/\\\/caru.org.uy\\\/nuevositio\\\/2025\\\/12\\\/01\\\/curso-teorico-practico-de-vigilancia-visual-de-floraciones-algales-en-el-rio-uruguay-en-la-ciudad-de-concordia\\\/#primaryimage\"},\"thumbnailUrl\":\"https:\\\/\\\/caru.org.uy\\\/nuevositio\\\/wp-content\\\/uploads\\\/2025\\\/12\\\/DSC_1415-2-scaled.jpg\",\"inLanguage\":\"es\",\"potentialAction\":[{\"@type\":\"CommentAction\",\"name\":\"Comment\",\"target\":[\"https:\\\/\\\/caru.org.uy\\\/nuevositio\\\/2025\\\/12\\\/01\\\/curso-teorico-practico-de-vigilancia-visual-de-floraciones-algales-en-el-rio-uruguay-en-la-ciudad-de-concordia\\\/#respond\"]}]},{\"@type\":\"WebPage\",\"@id\":\"https:\\\/\\\/caru.org.uy\\\/nuevositio\\\/2025\\\/12\\\/01\\\/curso-teorico-practico-de-vigilancia-visual-de-floraciones-algales-en-el-rio-uruguay-en-la-ciudad-de-concordia\\\/\",\"url\":\"https:\\\/\\\/caru.org.uy\\\/nuevositio\\\/2025\\\/12\\\/01\\\/curso-teorico-practico-de-vigilancia-visual-de-floraciones-algales-en-el-rio-uruguay-en-la-ciudad-de-concordia\\\/\",\"name\":\"Capacitaci\u00f3n Te\u00f3rico\u2013Pr\u00e1ctica de Vigilancia Visual de Floraciones Algales en el R\u00edo Uruguay, realizado en la ciudad de Concordia. % C.A.R.U. imagen\",\"isPartOf\":{\"@id\":\"https:\\\/\\\/caru.org.uy\\\/nuevositio\\\/#website\"},\"primaryImageOfPage\":{\"@id\":\"https:\\\/\\\/caru.org.uy\\\/nuevositio\\\/2025\\\/12\\\/01\\\/curso-teorico-practico-de-vigilancia-visual-de-floraciones-algales-en-el-rio-uruguay-en-la-ciudad-de-concordia\\\/#primaryimage\"},\"image\":{\"@id\":\"https:\\\/\\\/caru.org.uy\\\/nuevositio\\\/2025\\\/12\\\/01\\\/curso-teorico-practico-de-vigilancia-visual-de-floraciones-algales-en-el-rio-uruguay-en-la-ciudad-de-concordia\\\/#primaryimage\"},\"thumbnailUrl\":\"https:\\\/\\\/caru.org.uy\\\/nuevositio\\\/wp-content\\\/uploads\\\/2025\\\/12\\\/DSC_1415-2-scaled.jpg\",\"datePublished\":\"2025-12-01T17:48:54+00:00\",\"dateModified\":\"2025-12-08T14:06:52+00:00\",\"breadcrumb\":{\"@id\":\"https:\\\/\\\/caru.org.uy\\\/nuevositio\\\/2025\\\/12\\\/01\\\/curso-teorico-practico-de-vigilancia-visual-de-floraciones-algales-en-el-rio-uruguay-en-la-ciudad-de-concordia\\\/#breadcrumb\"},\"inLanguage\":\"es\",\"potentialAction\":[{\"@type\":\"ReadAction\",\"target\":[\"https:\\\/\\\/caru.org.uy\\\/nuevositio\\\/2025\\\/12\\\/01\\\/curso-teorico-practico-de-vigilancia-visual-de-floraciones-algales-en-el-rio-uruguay-en-la-ciudad-de-concordia\\\/\"]}]},{\"@type\":\"ImageObject\",\"inLanguage\":\"es\",\"@id\":\"https:\\\/\\\/caru.org.uy\\\/nuevositio\\\/2025\\\/12\\\/01\\\/curso-teorico-practico-de-vigilancia-visual-de-floraciones-algales-en-el-rio-uruguay-en-la-ciudad-de-concordia\\\/#primaryimage\",\"url\":\"https:\\\/\\\/caru.org.uy\\\/nuevositio\\\/wp-content\\\/uploads\\\/2025\\\/12\\\/DSC_1415-2-scaled.jpg\",\"contentUrl\":\"https:\\\/\\\/caru.org.uy\\\/nuevositio\\\/wp-content\\\/uploads\\\/2025\\\/12\\\/DSC_1415-2-scaled.jpg\",\"width\":2560,\"height\":1438},{\"@type\":\"BreadcrumbList\",\"@id\":\"https:\\\/\\\/caru.org.uy\\\/nuevositio\\\/2025\\\/12\\\/01\\\/curso-teorico-practico-de-vigilancia-visual-de-floraciones-algales-en-el-rio-uruguay-en-la-ciudad-de-concordia\\\/#breadcrumb\",\"itemListElement\":[{\"@type\":\"ListItem\",\"position\":1,\"name\":\"Portada\",\"item\":\"https:\\\/\\\/caru.org.uy\\\/nuevositio\\\/\"},{\"@type\":\"ListItem\",\"position\":2,\"name\":\"Capacitaci\u00f3n Te\u00f3rico\u2013Pr\u00e1ctica de Vigilancia Visual de Floraciones Algales en el R\u00edo Uruguay, realizado en la ciudad de Concordia.\"}]},{\"@type\":\"WebSite\",\"@id\":\"https:\\\/\\\/caru.org.uy\\\/nuevositio\\\/#website\",\"url\":\"https:\\\/\\\/caru.org.uy\\\/nuevositio\\\/\",\"name\":\"C.A.R.U.\",\"description\":\"Comisi\u00f3n Administradora del R\u00edo Uruguay\",\"publisher\":{\"@id\":\"https:\\\/\\\/caru.org.uy\\\/nuevositio\\\/#organization\"},\"potentialAction\":[{\"@type\":\"SearchAction\",\"target\":{\"@type\":\"EntryPoint\",\"urlTemplate\":\"https:\\\/\\\/caru.org.uy\\\/nuevositio\\\/?s={search_term_string}\"},\"query-input\":{\"@type\":\"PropertyValueSpecification\",\"valueRequired\":true,\"valueName\":\"search_term_string\"}}],\"inLanguage\":\"es\"},{\"@type\":\"Organization\",\"@id\":\"https:\\\/\\\/caru.org.uy\\\/nuevositio\\\/#organization\",\"name\":\"C.A.R.U.\",\"url\":\"https:\\\/\\\/caru.org.uy\\\/nuevositio\\\/\",\"logo\":{\"@type\":\"ImageObject\",\"inLanguage\":\"es\",\"@id\":\"https:\\\/\\\/caru.org.uy\\\/nuevositio\\\/#\\\/schema\\\/logo\\\/image\\\/\",\"url\":\"https:\\\/\\\/caru.org.uy\\\/nuevositio\\\/wp-content\\\/uploads\\\/2023\\\/11\\\/logo-nuevo.jpg\",\"contentUrl\":\"https:\\\/\\\/caru.org.uy\\\/nuevositio\\\/wp-content\\\/uploads\\\/2023\\\/11\\\/logo-nuevo.jpg\",\"width\":1,\"height\":1,\"caption\":\"C.A.R.U.\"},\"image\":{\"@id\":\"https:\\\/\\\/caru.org.uy\\\/nuevositio\\\/#\\\/schema\\\/logo\\\/image\\\/\"}},{\"@type\":\"Person\",\"@id\":\"https:\\\/\\\/caru.org.uy\\\/nuevositio\\\/#\\\/schema\\\/person\\\/fba625b864836c52fe4d995c9dc2869d\",\"name\":\"Federico\",\"image\":{\"@type\":\"ImageObject\",\"inLanguage\":\"es\",\"@id\":\"https:\\\/\\\/secure.gravatar.com\\\/avatar\\\/542d68923246b6c29256d811c3ce7f803fe17d6a190c813a52ef45fcda4733ad?s=96&d=mm&r=g\",\"url\":\"https:\\\/\\\/secure.gravatar.com\\\/avatar\\\/542d68923246b6c29256d811c3ce7f803fe17d6a190c813a52ef45fcda4733ad?s=96&d=mm&r=g\",\"contentUrl\":\"https:\\\/\\\/secure.gravatar.com\\\/avatar\\\/542d68923246b6c29256d811c3ce7f803fe17d6a190c813a52ef45fcda4733ad?s=96&d=mm&r=g\",\"caption\":\"Federico\"},\"url\":\"https:\\\/\\\/caru.org.uy\\\/nuevositio\\\/author\\\/federico\\\/\"}]}<\/script>\n<!-- \/ Yoast SEO plugin. -->","yoast_head_json":{"title":"Capacitaci\u00f3n Te\u00f3rico\u2013Pr\u00e1ctica de Vigilancia Visual de Floraciones Algales en el R\u00edo Uruguay, realizado en la ciudad de Concordia. % C.A.R.U. imagen","robots":{"index":"index","follow":"follow","max-snippet":"max-snippet:-1","max-image-preview":"max-image-preview:large","max-video-preview":"max-video-preview:-1"},"canonical":"https:\/\/caru.org.uy\/nuevositio\/2025\/12\/01\/curso-teorico-practico-de-vigilancia-visual-de-floraciones-algales-en-el-rio-uruguay-en-la-ciudad-de-concordia\/","og_locale":"es_ES","og_type":"article","og_title":"Capacitaci\u00f3n Te\u00f3rico\u2013Pr\u00e1ctica de Vigilancia Visual de Floraciones Algales en el R\u00edo Uruguay, realizado en la ciudad de Concordia. % C.A.R.U. imagen","og_description":"El viernes 28 de noviembre en el Sal\u00f3n del Museo Provincial de la Imagen de la ciudad deConcordia, la Comisi\u00f3n Administradora del R\u00edo Uruguay (CARU) llev\u00f3 a cabo una instancia decapacitaci\u00f3n denominada Vigilancia Visual y Prevenci\u00f3n de riesgo ante Floraciones decianobacterias en playas del R\u00edo Uruguay. La actividad reuni\u00f3 a guardavidas de la regi\u00f3n interesados [&hellip;]","og_url":"https:\/\/caru.org.uy\/nuevositio\/2025\/12\/01\/curso-teorico-practico-de-vigilancia-visual-de-floraciones-algales-en-el-rio-uruguay-en-la-ciudad-de-concordia\/","og_site_name":"C.A.R.U.","article_published_time":"2025-12-01T17:48:54+00:00","article_modified_time":"2025-12-08T14:06:52+00:00","og_image":[{"width":2560,"height":1438,"url":"https:\/\/caru.org.uy\/nuevositio\/wp-content\/uploads\/2025\/12\/DSC_1415-2-scaled.jpg","type":"image\/jpeg"}],"author":"Federico","twitter_card":"summary_large_image","twitter_misc":{"Escrito por":"Federico","Tiempo de lectura":"3 minutos"},"schema":{"@context":"https:\/\/schema.org","@graph":[{"@type":["Article","BlogPosting"],"@id":"https:\/\/caru.org.uy\/nuevositio\/2025\/12\/01\/curso-teorico-practico-de-vigilancia-visual-de-floraciones-algales-en-el-rio-uruguay-en-la-ciudad-de-concordia\/#article","isPartOf":{"@id":"https:\/\/caru.org.uy\/nuevositio\/2025\/12\/01\/curso-teorico-practico-de-vigilancia-visual-de-floraciones-algales-en-el-rio-uruguay-en-la-ciudad-de-concordia\/"},"author":{"name":"Federico","@id":"https:\/\/caru.org.uy\/nuevositio\/#\/schema\/person\/fba625b864836c52fe4d995c9dc2869d"},"headline":"Capacitaci\u00f3n Te\u00f3rico\u2013Pr\u00e1ctica de Vigilancia Visual de Floraciones Algales en el R\u00edo Uruguay, realizado en la ciudad de Concordia.","datePublished":"2025-12-01T17:48:54+00:00","dateModified":"2025-12-08T14:06:52+00:00","mainEntityOfPage":{"@id":"https:\/\/caru.org.uy\/nuevositio\/2025\/12\/01\/curso-teorico-practico-de-vigilancia-visual-de-floraciones-algales-en-el-rio-uruguay-en-la-ciudad-de-concordia\/"},"wordCount":253,"commentCount":0,"publisher":{"@id":"https:\/\/caru.org.uy\/nuevositio\/#organization"},"image":{"@id":"https:\/\/caru.org.uy\/nuevositio\/2025\/12\/01\/curso-teorico-practico-de-vigilancia-visual-de-floraciones-algales-en-el-rio-uruguay-en-la-ciudad-de-concordia\/#primaryimage"},"thumbnailUrl":"https:\/\/caru.org.uy\/nuevositio\/wp-content\/uploads\/2025\/12\/DSC_1415-2-scaled.jpg","inLanguage":"es","potentialAction":[{"@type":"CommentAction","name":"Comment","target":["https:\/\/caru.org.uy\/nuevositio\/2025\/12\/01\/curso-teorico-practico-de-vigilancia-visual-de-floraciones-algales-en-el-rio-uruguay-en-la-ciudad-de-concordia\/#respond"]}]},{"@type":"WebPage","@id":"https:\/\/caru.org.uy\/nuevositio\/2025\/12\/01\/curso-teorico-practico-de-vigilancia-visual-de-floraciones-algales-en-el-rio-uruguay-en-la-ciudad-de-concordia\/","url":"https:\/\/caru.org.uy\/nuevositio\/2025\/12\/01\/curso-teorico-practico-de-vigilancia-visual-de-floraciones-algales-en-el-rio-uruguay-en-la-ciudad-de-concordia\/","name":"Capacitaci\u00f3n Te\u00f3rico\u2013Pr\u00e1ctica de Vigilancia Visual de Floraciones Algales en el R\u00edo Uruguay, realizado en la ciudad de Concordia. % C.A.R.U. imagen","isPartOf":{"@id":"https:\/\/caru.org.uy\/nuevositio\/#website"},"primaryImageOfPage":{"@id":"https:\/\/caru.org.uy\/nuevositio\/2025\/12\/01\/curso-teorico-practico-de-vigilancia-visual-de-floraciones-algales-en-el-rio-uruguay-en-la-ciudad-de-concordia\/#primaryimage"},"image":{"@id":"https:\/\/caru.org.uy\/nuevositio\/2025\/12\/01\/curso-teorico-practico-de-vigilancia-visual-de-floraciones-algales-en-el-rio-uruguay-en-la-ciudad-de-concordia\/#primaryimage"},"thumbnailUrl":"https:\/\/caru.org.uy\/nuevositio\/wp-content\/uploads\/2025\/12\/DSC_1415-2-scaled.jpg","datePublished":"2025-12-01T17:48:54+00:00","dateModified":"2025-12-08T14:06:52+00:00","breadcrumb":{"@id":"https:\/\/caru.org.uy\/nuevositio\/2025\/12\/01\/curso-teorico-practico-de-vigilancia-visual-de-floraciones-algales-en-el-rio-uruguay-en-la-ciudad-de-concordia\/#breadcrumb"},"inLanguage":"es","potentialAction":[{"@type":"ReadAction","target":["https:\/\/caru.org.uy\/nuevositio\/2025\/12\/01\/curso-teorico-practico-de-vigilancia-visual-de-floraciones-algales-en-el-rio-uruguay-en-la-ciudad-de-concordia\/"]}]},{"@type":"ImageObject","inLanguage":"es","@id":"https:\/\/caru.org.uy\/nuevositio\/2025\/12\/01\/curso-teorico-practico-de-vigilancia-visual-de-floraciones-algales-en-el-rio-uruguay-en-la-ciudad-de-concordia\/#primaryimage","url":"https:\/\/caru.org.uy\/nuevositio\/wp-content\/uploads\/2025\/12\/DSC_1415-2-scaled.jpg","contentUrl":"https:\/\/caru.org.uy\/nuevositio\/wp-content\/uploads\/2025\/12\/DSC_1415-2-scaled.jpg","width":2560,"height":1438},{"@type":"BreadcrumbList","@id":"https:\/\/caru.org.uy\/nuevositio\/2025\/12\/01\/curso-teorico-practico-de-vigilancia-visual-de-floraciones-algales-en-el-rio-uruguay-en-la-ciudad-de-concordia\/#breadcrumb","itemListElement":[{"@type":"ListItem","position":1,"name":"Portada","item":"https:\/\/caru.org.uy\/nuevositio\/"},{"@type":"ListItem","position":2,"name":"Capacitaci\u00f3n Te\u00f3rico\u2013Pr\u00e1ctica de Vigilancia Visual de Floraciones Algales en el R\u00edo Uruguay, realizado en la ciudad de Concordia."}]},{"@type":"WebSite","@id":"https:\/\/caru.org.uy\/nuevositio\/#website","url":"https:\/\/caru.org.uy\/nuevositio\/","name":"C.A.R.U.","description":"Comisi\u00f3n Administradora del R\u00edo Uruguay","publisher":{"@id":"https:\/\/caru.org.uy\/nuevositio\/#organization"},"potentialAction":[{"@type":"SearchAction","target":{"@type":"EntryPoint","urlTemplate":"https:\/\/caru.org.uy\/nuevositio\/?s={search_term_string}"},"query-input":{"@type":"PropertyValueSpecification","valueRequired":true,"valueName":"search_term_string"}}],"inLanguage":"es"},{"@type":"Organization","@id":"https:\/\/caru.org.uy\/nuevositio\/#organization","name":"C.A.R.U.","url":"https:\/\/caru.org.uy\/nuevositio\/","logo":{"@type":"ImageObject","inLanguage":"es","@id":"https:\/\/caru.org.uy\/nuevositio\/#\/schema\/logo\/image\/","url":"https:\/\/caru.org.uy\/nuevositio\/wp-content\/uploads\/2023\/11\/logo-nuevo.jpg","contentUrl":"https:\/\/caru.org.uy\/nuevositio\/wp-content\/uploads\/2023\/11\/logo-nuevo.jpg","width":1,"height":1,"caption":"C.A.R.U."},"image":{"@id":"https:\/\/caru.org.uy\/nuevositio\/#\/schema\/logo\/image\/"}},{"@type":"Person","@id":"https:\/\/caru.org.uy\/nuevositio\/#\/schema\/person\/fba625b864836c52fe4d995c9dc2869d","name":"Federico","image":{"@type":"ImageObject","inLanguage":"es","@id":"https:\/\/secure.gravatar.com\/avatar\/542d68923246b6c29256d811c3ce7f803fe17d6a190c813a52ef45fcda4733ad?s=96&d=mm&r=g","url":"https:\/\/secure.gravatar.com\/avatar\/542d68923246b6c29256d811c3ce7f803fe17d6a190c813a52ef45fcda4733ad?s=96&d=mm&r=g","contentUrl":"https:\/\/secure.gravatar.com\/avatar\/542d68923246b6c29256d811c3ce7f803fe17d6a190c813a52ef45fcda4733ad?s=96&d=mm&r=g","caption":"Federico"},"url":"https:\/\/caru.org.uy\/nuevositio\/author\/federico\/"}]}},"_links":{"self":[{"href":"https:\/\/caru.org.uy\/nuevositio\/wp-json\/wp\/v2\/posts\/12242","targetHints":{"allow":["GET"]}}],"collection":[{"href":"https:\/\/caru.org.uy\/nuevositio\/wp-json\/wp\/v2\/posts"}],"about":[{"href":"https:\/\/caru.org.uy\/nuevositio\/wp-json\/wp\/v2\/types\/post"}],"author":[{"embeddable":true,"href":"https:\/\/caru.org.uy\/nuevositio\/wp-json\/wp\/v2\/users\/12"}],"replies":[{"embeddable":true,"href":"https:\/\/caru.org.uy\/nuevositio\/wp-json\/wp\/v2\/comments?post=12242"}],"version-history":[{"count":4,"href":"https:\/\/caru.org.uy\/nuevositio\/wp-json\/wp\/v2\/posts\/12242\/revisions"}],"predecessor-version":[{"id":12299,"href":"https:\/\/caru.org.uy\/nuevositio\/wp-json\/wp\/v2\/posts\/12242\/revisions\/12299"}],"wp:featuredmedia":[{"embeddable":true,"href":"https:\/\/caru.org.uy\/nuevositio\/wp-json\/wp\/v2\/media\/12245"}],"wp:attachment":[{"href":"https:\/\/caru.org.uy\/nuevositio\/wp-json\/wp\/v2\/media?parent=12242"}],"wp:term":[{"taxonomy":"category","embeddable":true,"href":"https:\/\/caru.org.uy\/nuevositio\/wp-json\/wp\/v2\/categories?post=12242"},{"taxonomy":"post_tag","embeddable":true,"href":"https:\/\/caru.org.uy\/nuevositio\/wp-json\/wp\/v2\/tags?post=12242"}],"curies":[{"name":"wp","href":"https:\/\/api.w.org\/{rel}","templated":true}]}}