{"id":12256,"date":"2025-12-04T14:54:20","date_gmt":"2025-12-04T17:54:20","guid":{"rendered":"https:\/\/caru.org.uy\/nuevositio\/?p=12256"},"modified":"2025-12-08T08:31:53","modified_gmt":"2025-12-08T11:31:53","slug":"contratacion-anual-de-seguros-de-vehiculosembarcaciones-tractores-trailers-deedificios-laboratorios-equipos-y-deresponsabilidad-civil-de-la-comisionadministradora-del-rio-uruguay","status":"publish","type":"post","link":"https:\/\/caru.org.uy\/nuevositio\/2025\/12\/04\/contratacion-anual-de-seguros-de-vehiculosembarcaciones-tractores-trailers-deedificios-laboratorios-equipos-y-deresponsabilidad-civil-de-la-comisionadministradora-del-rio-uruguay\/","title":{"rendered":"\u201cCONTRATACI\u00d3N ANUAL DE SEGUROS DE VEH\u00cdCULOS,EMBARCACIONES, TRACTORES, TRAILERS, DEEDIFICIOS\/LABORATORIOS, EQUIPOS Y DERESPONSABILIDAD CIVIL DE LA COMISI\u00d3NADMINISTRADORA DEL R\u00cdO URUGUAY\u201d CONCURSO DE PRECIOS N2 06\/25"},"content":{"rendered":"\n<p class=\"has-medium-font-size\"><strong>Estimado Oferente,\u00a0<\/strong><\/p>\n\n\n\n<p>La Comisi\u00f3n Administradora del R\u00edo Uruguay tiene el agrado de invitarlo a participar del Concurso de Precios N\u00ba06\/25 &#8220;Contrataci\u00f3n Anual de Seguros de veh\u00edculos, embarcaciones, tractores, trailers, de edificios\/laboratorios, equipos y responsabilidad Civil de la Comisi\u00f3n Administradora del R\u00edo Uruguay&#8221;.<\/p>\n\n\n\n<p>En adjunto encontrar\u00e1 el Pliego de Bases y Condiciones y los Anexos I, II, III, IV y V.<\/p>\n\n\n\n<p>Los Anexos II (Oferta T\u00e9cnica) y III (Oferta Econ\u00f3mica) deben ser presentados en Excel (en un pendrive) y en formato papel impreso.<strong> Sin la presentaci\u00f3n de estos Anexos la oferta se considerar\u00e1 NO ELEGIBLE.<\/strong><\/p>\n\n\n\n<p>Todas las hojas que se presentan en la oferta deben estar firmadas y foliadas.&nbsp;<\/p>\n\n\n\n<p>Tener en cuenta que<strong> la fecha de apertura de sobres es el d\u00eda 18 de Diciembre del 2025 a las 11hs en la sede de CARU sita en Av. Costanera Norte S\/N, Paysand\u00fa.<\/strong><\/p>\n\n\n\n<p>Las <strong>consultas por favor dirigirlas tal como se indica en la Cl\u00e1usula Octava del Pliego de Bases y Condiciones<\/strong> que ser\u00e1n respondidas mediante Circulares.<\/p>\n\n\n\n<div data-wp-interactive=\"core\/file\" class=\"wp-block-file\"><object data-wp-bind--hidden=\"!state.hasPdfPreview\" hidden class=\"wp-block-file__embed\" data=\"https:\/\/caru.org.uy\/nuevositio\/wp-content\/uploads\/2025\/12\/Pliego-de-Bases-y-Condiciones-CP-No06-25-SEGUROS-CARU-2026.pdf\" type=\"application\/pdf\" style=\"width:100%;height:600px\" aria-label=\"Incrustado de Pliego de Bases y Condiciones CP N\u00ba06-25 - SEGUROS CARU 2026..\"><\/object><a id=\"wp-block-file--media-ac3460ce-49eb-4ba9-96c0-e529bda756e8\" href=\"https:\/\/caru.org.uy\/nuevositio\/wp-content\/uploads\/2025\/12\/Pliego-de-Bases-y-Condiciones-CP-No06-25-SEGUROS-CARU-2026.pdf\">Pliego de Bases y Condiciones CP N\u00ba06-25 &#8211; SEGUROS CARU 2026.<\/a><a href=\"https:\/\/caru.org.uy\/nuevositio\/wp-content\/uploads\/2025\/12\/Pliego-de-Bases-y-Condiciones-CP-No06-25-SEGUROS-CARU-2026.pdf\" class=\"wp-block-file__button wp-element-button\" download aria-describedby=\"wp-block-file--media-ac3460ce-49eb-4ba9-96c0-e529bda756e8\">Descarga<\/a><\/div>\n\n\n\n<p><\/p>\n","protected":false},"excerpt":{"rendered":"<p>Estimado Oferente,\u00a0 La Comisi\u00f3n Administradora del R\u00edo Uruguay tiene el agrado de invitarlo a participar del Concurso de Precios N\u00ba06\/25 &#8220;Contrataci\u00f3n Anual de Seguros de veh\u00edculos, embarcaciones, tractores, trailers, de edificios\/laboratorios, equipos y responsabilidad Civil de la Comisi\u00f3n Administradora del R\u00edo Uruguay&#8221;. En adjunto encontrar\u00e1 el Pliego de Bases y Condiciones y los Anexos I, [&hellip;]<\/p>\n","protected":false},"author":12,"featured_media":12100,"comment_status":"open","ping_status":"open","sticky":false,"template":"","format":"standard","meta":{"_acf_changed":false,"_joinchat":[],"footnotes":""},"categories":[24,36,37],"tags":[],"class_list":["post-12256","post","type-post","status-publish","format-standard","has-post-thumbnail","hentry","category-compras","category-concursos","category-noticias"],"acf":[],"yoast_head":"<!-- This site is optimized with the Yoast SEO plugin v27.3 - https:\/\/yoast.com\/product\/yoast-seo-wordpress\/ -->\n<title>\u201cCONTRATACI\u00d3N ANUAL DE SEGUROS DE VEH\u00cdCULOS,EMBARCACIONES, TRACTORES, TRAILERS, DEEDIFICIOS\/LABORATORIOS, EQUIPOS Y DERESPONSABILIDAD CIVIL DE LA COMISI\u00d3NADMINISTRADORA DEL R\u00cdO URUGUAY\u201d CONCURSO DE PRECIOS N2 06\/25 % C.A.R.U. imagen<\/title>\n<meta name=\"robots\" content=\"index, follow, max-snippet:-1, max-image-preview:large, max-video-preview:-1\" \/>\n<link rel=\"canonical\" href=\"https:\/\/caru.org.uy\/nuevositio\/2025\/12\/04\/contratacion-anual-de-seguros-de-vehiculosembarcaciones-tractores-trailers-deedificios-laboratorios-equipos-y-deresponsabilidad-civil-de-la-comisionadministradora-del-rio-uruguay\/\" \/>\n<meta property=\"og:locale\" content=\"es_ES\" \/>\n<meta property=\"og:type\" content=\"article\" \/>\n<meta property=\"og:title\" content=\"\u201cCONTRATACI\u00d3N ANUAL DE SEGUROS DE VEH\u00cdCULOS,EMBARCACIONES, TRACTORES, TRAILERS, DEEDIFICIOS\/LABORATORIOS, EQUIPOS Y DERESPONSABILIDAD CIVIL DE LA COMISI\u00d3NADMINISTRADORA DEL R\u00cdO URUGUAY\u201d CONCURSO DE PRECIOS N2 06\/25 % C.A.R.U. imagen\" \/>\n<meta property=\"og:description\" content=\"Estimado Oferente,\u00a0 La Comisi\u00f3n Administradora del R\u00edo Uruguay tiene el agrado de invitarlo a participar del Concurso de Precios N\u00ba06\/25 &#8220;Contrataci\u00f3n Anual de Seguros de veh\u00edculos, embarcaciones, tractores, trailers, de edificios\/laboratorios, equipos y responsabilidad Civil de la Comisi\u00f3n Administradora del R\u00edo Uruguay&#8221;. En adjunto encontrar\u00e1 el Pliego de Bases y Condiciones y los Anexos I, [&hellip;]\" \/>\n<meta property=\"og:url\" content=\"https:\/\/caru.org.uy\/nuevositio\/2025\/12\/04\/contratacion-anual-de-seguros-de-vehiculosembarcaciones-tractores-trailers-deedificios-laboratorios-equipos-y-deresponsabilidad-civil-de-la-comisionadministradora-del-rio-uruguay\/\" \/>\n<meta property=\"og:site_name\" content=\"C.A.R.U.\" \/>\n<meta property=\"article:published_time\" content=\"2025-12-04T17:54:20+00:00\" \/>\n<meta property=\"article:modified_time\" content=\"2025-12-08T11:31:53+00:00\" \/>\n<meta property=\"og:image\" content=\"https:\/\/caru.org.uy\/nuevositio\/wp-content\/uploads\/2025\/11\/Sin-titulo-1-4-scaled.png\" \/>\n\t<meta property=\"og:image:width\" content=\"2560\" \/>\n\t<meta property=\"og:image:height\" content=\"1236\" \/>\n\t<meta property=\"og:image:type\" content=\"image\/png\" \/>\n<meta name=\"author\" content=\"Federico\" \/>\n<meta name=\"twitter:card\" content=\"summary_large_image\" \/>\n<meta name=\"twitter:label1\" content=\"Escrito por\" \/>\n\t<meta name=\"twitter:data1\" content=\"Federico\" \/>\n\t<meta name=\"twitter:label2\" content=\"Tiempo de lectura\" \/>\n\t<meta name=\"twitter:data2\" content=\"2 minutos\" \/>\n<script type=\"application\/ld+json\" class=\"yoast-schema-graph\">{\"@context\":\"https:\\\/\\\/schema.org\",\"@graph\":[{\"@type\":[\"Article\",\"BlogPosting\"],\"@id\":\"https:\\\/\\\/caru.org.uy\\\/nuevositio\\\/2025\\\/12\\\/04\\\/contratacion-anual-de-seguros-de-vehiculosembarcaciones-tractores-trailers-deedificios-laboratorios-equipos-y-deresponsabilidad-civil-de-la-comisionadministradora-del-rio-uruguay\\\/#article\",\"isPartOf\":{\"@id\":\"https:\\\/\\\/caru.org.uy\\\/nuevositio\\\/2025\\\/12\\\/04\\\/contratacion-anual-de-seguros-de-vehiculosembarcaciones-tractores-trailers-deedificios-laboratorios-equipos-y-deresponsabilidad-civil-de-la-comisionadministradora-del-rio-uruguay\\\/\"},\"author\":{\"name\":\"Federico\",\"@id\":\"https:\\\/\\\/caru.org.uy\\\/nuevositio\\\/#\\\/schema\\\/person\\\/fba625b864836c52fe4d995c9dc2869d\"},\"headline\":\"\u201cCONTRATACI\u00d3N ANUAL DE SEGUROS DE VEH\u00cdCULOS,EMBARCACIONES, TRACTORES, TRAILERS, DEEDIFICIOS\\\/LABORATORIOS, EQUIPOS Y DERESPONSABILIDAD CIVIL DE LA COMISI\u00d3NADMINISTRADORA DEL R\u00cdO URUGUAY\u201d CONCURSO DE PRECIOS N2 06\\\/25\",\"datePublished\":\"2025-12-04T17:54:20+00:00\",\"dateModified\":\"2025-12-08T11:31:53+00:00\",\"mainEntityOfPage\":{\"@id\":\"https:\\\/\\\/caru.org.uy\\\/nuevositio\\\/2025\\\/12\\\/04\\\/contratacion-anual-de-seguros-de-vehiculosembarcaciones-tractores-trailers-deedificios-laboratorios-equipos-y-deresponsabilidad-civil-de-la-comisionadministradora-del-rio-uruguay\\\/\"},\"wordCount\":219,\"commentCount\":0,\"publisher\":{\"@id\":\"https:\\\/\\\/caru.org.uy\\\/nuevositio\\\/#organization\"},\"image\":{\"@id\":\"https:\\\/\\\/caru.org.uy\\\/nuevositio\\\/2025\\\/12\\\/04\\\/contratacion-anual-de-seguros-de-vehiculosembarcaciones-tractores-trailers-deedificios-laboratorios-equipos-y-deresponsabilidad-civil-de-la-comisionadministradora-del-rio-uruguay\\\/#primaryimage\"},\"thumbnailUrl\":\"https:\\\/\\\/caru.org.uy\\\/nuevositio\\\/wp-content\\\/uploads\\\/2025\\\/11\\\/Sin-titulo-1-4-scaled.png\",\"articleSection\":[\"Compras\",\"Concursos\",\"Noticias\"],\"inLanguage\":\"es\",\"potentialAction\":[{\"@type\":\"CommentAction\",\"name\":\"Comment\",\"target\":[\"https:\\\/\\\/caru.org.uy\\\/nuevositio\\\/2025\\\/12\\\/04\\\/contratacion-anual-de-seguros-de-vehiculosembarcaciones-tractores-trailers-deedificios-laboratorios-equipos-y-deresponsabilidad-civil-de-la-comisionadministradora-del-rio-uruguay\\\/#respond\"]}]},{\"@type\":\"WebPage\",\"@id\":\"https:\\\/\\\/caru.org.uy\\\/nuevositio\\\/2025\\\/12\\\/04\\\/contratacion-anual-de-seguros-de-vehiculosembarcaciones-tractores-trailers-deedificios-laboratorios-equipos-y-deresponsabilidad-civil-de-la-comisionadministradora-del-rio-uruguay\\\/\",\"url\":\"https:\\\/\\\/caru.org.uy\\\/nuevositio\\\/2025\\\/12\\\/04\\\/contratacion-anual-de-seguros-de-vehiculosembarcaciones-tractores-trailers-deedificios-laboratorios-equipos-y-deresponsabilidad-civil-de-la-comisionadministradora-del-rio-uruguay\\\/\",\"name\":\"\u201cCONTRATACI\u00d3N ANUAL DE SEGUROS DE VEH\u00cdCULOS,EMBARCACIONES, TRACTORES, TRAILERS, DEEDIFICIOS\\\/LABORATORIOS, EQUIPOS Y DERESPONSABILIDAD CIVIL DE LA COMISI\u00d3NADMINISTRADORA DEL R\u00cdO URUGUAY\u201d CONCURSO DE PRECIOS N2 06\\\/25 % C.A.R.U. imagen\",\"isPartOf\":{\"@id\":\"https:\\\/\\\/caru.org.uy\\\/nuevositio\\\/#website\"},\"primaryImageOfPage\":{\"@id\":\"https:\\\/\\\/caru.org.uy\\\/nuevositio\\\/2025\\\/12\\\/04\\\/contratacion-anual-de-seguros-de-vehiculosembarcaciones-tractores-trailers-deedificios-laboratorios-equipos-y-deresponsabilidad-civil-de-la-comisionadministradora-del-rio-uruguay\\\/#primaryimage\"},\"image\":{\"@id\":\"https:\\\/\\\/caru.org.uy\\\/nuevositio\\\/2025\\\/12\\\/04\\\/contratacion-anual-de-seguros-de-vehiculosembarcaciones-tractores-trailers-deedificios-laboratorios-equipos-y-deresponsabilidad-civil-de-la-comisionadministradora-del-rio-uruguay\\\/#primaryimage\"},\"thumbnailUrl\":\"https:\\\/\\\/caru.org.uy\\\/nuevositio\\\/wp-content\\\/uploads\\\/2025\\\/11\\\/Sin-titulo-1-4-scaled.png\",\"datePublished\":\"2025-12-04T17:54:20+00:00\",\"dateModified\":\"2025-12-08T11:31:53+00:00\",\"breadcrumb\":{\"@id\":\"https:\\\/\\\/caru.org.uy\\\/nuevositio\\\/2025\\\/12\\\/04\\\/contratacion-anual-de-seguros-de-vehiculosembarcaciones-tractores-trailers-deedificios-laboratorios-equipos-y-deresponsabilidad-civil-de-la-comisionadministradora-del-rio-uruguay\\\/#breadcrumb\"},\"inLanguage\":\"es\",\"potentialAction\":[{\"@type\":\"ReadAction\",\"target\":[\"https:\\\/\\\/caru.org.uy\\\/nuevositio\\\/2025\\\/12\\\/04\\\/contratacion-anual-de-seguros-de-vehiculosembarcaciones-tractores-trailers-deedificios-laboratorios-equipos-y-deresponsabilidad-civil-de-la-comisionadministradora-del-rio-uruguay\\\/\"]}]},{\"@type\":\"ImageObject\",\"inLanguage\":\"es\",\"@id\":\"https:\\\/\\\/caru.org.uy\\\/nuevositio\\\/2025\\\/12\\\/04\\\/contratacion-anual-de-seguros-de-vehiculosembarcaciones-tractores-trailers-deedificios-laboratorios-equipos-y-deresponsabilidad-civil-de-la-comisionadministradora-del-rio-uruguay\\\/#primaryimage\",\"url\":\"https:\\\/\\\/caru.org.uy\\\/nuevositio\\\/wp-content\\\/uploads\\\/2025\\\/11\\\/Sin-titulo-1-4-scaled.png\",\"contentUrl\":\"https:\\\/\\\/caru.org.uy\\\/nuevositio\\\/wp-content\\\/uploads\\\/2025\\\/11\\\/Sin-titulo-1-4-scaled.png\",\"width\":2560,\"height\":1236},{\"@type\":\"BreadcrumbList\",\"@id\":\"https:\\\/\\\/caru.org.uy\\\/nuevositio\\\/2025\\\/12\\\/04\\\/contratacion-anual-de-seguros-de-vehiculosembarcaciones-tractores-trailers-deedificios-laboratorios-equipos-y-deresponsabilidad-civil-de-la-comisionadministradora-del-rio-uruguay\\\/#breadcrumb\",\"itemListElement\":[{\"@type\":\"ListItem\",\"position\":1,\"name\":\"Portada\",\"item\":\"https:\\\/\\\/caru.org.uy\\\/nuevositio\\\/\"},{\"@type\":\"ListItem\",\"position\":2,\"name\":\"\u201cCONTRATACI\u00d3N ANUAL DE SEGUROS DE VEH\u00cdCULOS,EMBARCACIONES, TRACTORES, TRAILERS, DEEDIFICIOS\\\/LABORATORIOS, EQUIPOS Y DERESPONSABILIDAD CIVIL DE LA COMISI\u00d3NADMINISTRADORA DEL R\u00cdO URUGUAY\u201d CONCURSO DE PRECIOS N2 06\\\/25\"}]},{\"@type\":\"WebSite\",\"@id\":\"https:\\\/\\\/caru.org.uy\\\/nuevositio\\\/#website\",\"url\":\"https:\\\/\\\/caru.org.uy\\\/nuevositio\\\/\",\"name\":\"C.A.R.U.\",\"description\":\"Comisi\u00f3n Administradora del R\u00edo Uruguay\",\"publisher\":{\"@id\":\"https:\\\/\\\/caru.org.uy\\\/nuevositio\\\/#organization\"},\"potentialAction\":[{\"@type\":\"SearchAction\",\"target\":{\"@type\":\"EntryPoint\",\"urlTemplate\":\"https:\\\/\\\/caru.org.uy\\\/nuevositio\\\/?s={search_term_string}\"},\"query-input\":{\"@type\":\"PropertyValueSpecification\",\"valueRequired\":true,\"valueName\":\"search_term_string\"}}],\"inLanguage\":\"es\"},{\"@type\":\"Organization\",\"@id\":\"https:\\\/\\\/caru.org.uy\\\/nuevositio\\\/#organization\",\"name\":\"C.A.R.U.\",\"url\":\"https:\\\/\\\/caru.org.uy\\\/nuevositio\\\/\",\"logo\":{\"@type\":\"ImageObject\",\"inLanguage\":\"es\",\"@id\":\"https:\\\/\\\/caru.org.uy\\\/nuevositio\\\/#\\\/schema\\\/logo\\\/image\\\/\",\"url\":\"https:\\\/\\\/caru.org.uy\\\/nuevositio\\\/wp-content\\\/uploads\\\/2023\\\/11\\\/logo-nuevo.jpg\",\"contentUrl\":\"https:\\\/\\\/caru.org.uy\\\/nuevositio\\\/wp-content\\\/uploads\\\/2023\\\/11\\\/logo-nuevo.jpg\",\"width\":1,\"height\":1,\"caption\":\"C.A.R.U.\"},\"image\":{\"@id\":\"https:\\\/\\\/caru.org.uy\\\/nuevositio\\\/#\\\/schema\\\/logo\\\/image\\\/\"}},{\"@type\":\"Person\",\"@id\":\"https:\\\/\\\/caru.org.uy\\\/nuevositio\\\/#\\\/schema\\\/person\\\/fba625b864836c52fe4d995c9dc2869d\",\"name\":\"Federico\",\"image\":{\"@type\":\"ImageObject\",\"inLanguage\":\"es\",\"@id\":\"https:\\\/\\\/secure.gravatar.com\\\/avatar\\\/542d68923246b6c29256d811c3ce7f803fe17d6a190c813a52ef45fcda4733ad?s=96&d=mm&r=g\",\"url\":\"https:\\\/\\\/secure.gravatar.com\\\/avatar\\\/542d68923246b6c29256d811c3ce7f803fe17d6a190c813a52ef45fcda4733ad?s=96&d=mm&r=g\",\"contentUrl\":\"https:\\\/\\\/secure.gravatar.com\\\/avatar\\\/542d68923246b6c29256d811c3ce7f803fe17d6a190c813a52ef45fcda4733ad?s=96&d=mm&r=g\",\"caption\":\"Federico\"},\"url\":\"https:\\\/\\\/caru.org.uy\\\/nuevositio\\\/author\\\/federico\\\/\"}]}<\/script>\n<!-- \/ Yoast SEO plugin. -->","yoast_head_json":{"title":"\u201cCONTRATACI\u00d3N ANUAL DE SEGUROS DE VEH\u00cdCULOS,EMBARCACIONES, TRACTORES, TRAILERS, DEEDIFICIOS\/LABORATORIOS, EQUIPOS Y DERESPONSABILIDAD CIVIL DE LA COMISI\u00d3NADMINISTRADORA DEL R\u00cdO URUGUAY\u201d CONCURSO DE PRECIOS N2 06\/25 % C.A.R.U. imagen","robots":{"index":"index","follow":"follow","max-snippet":"max-snippet:-1","max-image-preview":"max-image-preview:large","max-video-preview":"max-video-preview:-1"},"canonical":"https:\/\/caru.org.uy\/nuevositio\/2025\/12\/04\/contratacion-anual-de-seguros-de-vehiculosembarcaciones-tractores-trailers-deedificios-laboratorios-equipos-y-deresponsabilidad-civil-de-la-comisionadministradora-del-rio-uruguay\/","og_locale":"es_ES","og_type":"article","og_title":"\u201cCONTRATACI\u00d3N ANUAL DE SEGUROS DE VEH\u00cdCULOS,EMBARCACIONES, TRACTORES, TRAILERS, DEEDIFICIOS\/LABORATORIOS, EQUIPOS Y DERESPONSABILIDAD CIVIL DE LA COMISI\u00d3NADMINISTRADORA DEL R\u00cdO URUGUAY\u201d CONCURSO DE PRECIOS N2 06\/25 % C.A.R.U. imagen","og_description":"Estimado Oferente,\u00a0 La Comisi\u00f3n Administradora del R\u00edo Uruguay tiene el agrado de invitarlo a participar del Concurso de Precios N\u00ba06\/25 &#8220;Contrataci\u00f3n Anual de Seguros de veh\u00edculos, embarcaciones, tractores, trailers, de edificios\/laboratorios, equipos y responsabilidad Civil de la Comisi\u00f3n Administradora del R\u00edo Uruguay&#8221;. En adjunto encontrar\u00e1 el Pliego de Bases y Condiciones y los Anexos I, [&hellip;]","og_url":"https:\/\/caru.org.uy\/nuevositio\/2025\/12\/04\/contratacion-anual-de-seguros-de-vehiculosembarcaciones-tractores-trailers-deedificios-laboratorios-equipos-y-deresponsabilidad-civil-de-la-comisionadministradora-del-rio-uruguay\/","og_site_name":"C.A.R.U.","article_published_time":"2025-12-04T17:54:20+00:00","article_modified_time":"2025-12-08T11:31:53+00:00","og_image":[{"width":2560,"height":1236,"url":"https:\/\/caru.org.uy\/nuevositio\/wp-content\/uploads\/2025\/11\/Sin-titulo-1-4-scaled.png","type":"image\/png"}],"author":"Federico","twitter_card":"summary_large_image","twitter_misc":{"Escrito por":"Federico","Tiempo de lectura":"2 minutos"},"schema":{"@context":"https:\/\/schema.org","@graph":[{"@type":["Article","BlogPosting"],"@id":"https:\/\/caru.org.uy\/nuevositio\/2025\/12\/04\/contratacion-anual-de-seguros-de-vehiculosembarcaciones-tractores-trailers-deedificios-laboratorios-equipos-y-deresponsabilidad-civil-de-la-comisionadministradora-del-rio-uruguay\/#article","isPartOf":{"@id":"https:\/\/caru.org.uy\/nuevositio\/2025\/12\/04\/contratacion-anual-de-seguros-de-vehiculosembarcaciones-tractores-trailers-deedificios-laboratorios-equipos-y-deresponsabilidad-civil-de-la-comisionadministradora-del-rio-uruguay\/"},"author":{"name":"Federico","@id":"https:\/\/caru.org.uy\/nuevositio\/#\/schema\/person\/fba625b864836c52fe4d995c9dc2869d"},"headline":"\u201cCONTRATACI\u00d3N ANUAL DE SEGUROS DE VEH\u00cdCULOS,EMBARCACIONES, TRACTORES, TRAILERS, DEEDIFICIOS\/LABORATORIOS, EQUIPOS Y DERESPONSABILIDAD CIVIL DE LA COMISI\u00d3NADMINISTRADORA DEL R\u00cdO URUGUAY\u201d CONCURSO DE PRECIOS N2 06\/25","datePublished":"2025-12-04T17:54:20+00:00","dateModified":"2025-12-08T11:31:53+00:00","mainEntityOfPage":{"@id":"https:\/\/caru.org.uy\/nuevositio\/2025\/12\/04\/contratacion-anual-de-seguros-de-vehiculosembarcaciones-tractores-trailers-deedificios-laboratorios-equipos-y-deresponsabilidad-civil-de-la-comisionadministradora-del-rio-uruguay\/"},"wordCount":219,"commentCount":0,"publisher":{"@id":"https:\/\/caru.org.uy\/nuevositio\/#organization"},"image":{"@id":"https:\/\/caru.org.uy\/nuevositio\/2025\/12\/04\/contratacion-anual-de-seguros-de-vehiculosembarcaciones-tractores-trailers-deedificios-laboratorios-equipos-y-deresponsabilidad-civil-de-la-comisionadministradora-del-rio-uruguay\/#primaryimage"},"thumbnailUrl":"https:\/\/caru.org.uy\/nuevositio\/wp-content\/uploads\/2025\/11\/Sin-titulo-1-4-scaled.png","articleSection":["Compras","Concursos","Noticias"],"inLanguage":"es","potentialAction":[{"@type":"CommentAction","name":"Comment","target":["https:\/\/caru.org.uy\/nuevositio\/2025\/12\/04\/contratacion-anual-de-seguros-de-vehiculosembarcaciones-tractores-trailers-deedificios-laboratorios-equipos-y-deresponsabilidad-civil-de-la-comisionadministradora-del-rio-uruguay\/#respond"]}]},{"@type":"WebPage","@id":"https:\/\/caru.org.uy\/nuevositio\/2025\/12\/04\/contratacion-anual-de-seguros-de-vehiculosembarcaciones-tractores-trailers-deedificios-laboratorios-equipos-y-deresponsabilidad-civil-de-la-comisionadministradora-del-rio-uruguay\/","url":"https:\/\/caru.org.uy\/nuevositio\/2025\/12\/04\/contratacion-anual-de-seguros-de-vehiculosembarcaciones-tractores-trailers-deedificios-laboratorios-equipos-y-deresponsabilidad-civil-de-la-comisionadministradora-del-rio-uruguay\/","name":"\u201cCONTRATACI\u00d3N ANUAL DE SEGUROS DE VEH\u00cdCULOS,EMBARCACIONES, TRACTORES, TRAILERS, DEEDIFICIOS\/LABORATORIOS, EQUIPOS Y DERESPONSABILIDAD CIVIL DE LA COMISI\u00d3NADMINISTRADORA DEL R\u00cdO URUGUAY\u201d CONCURSO DE PRECIOS N2 06\/25 % C.A.R.U. imagen","isPartOf":{"@id":"https:\/\/caru.org.uy\/nuevositio\/#website"},"primaryImageOfPage":{"@id":"https:\/\/caru.org.uy\/nuevositio\/2025\/12\/04\/contratacion-anual-de-seguros-de-vehiculosembarcaciones-tractores-trailers-deedificios-laboratorios-equipos-y-deresponsabilidad-civil-de-la-comisionadministradora-del-rio-uruguay\/#primaryimage"},"image":{"@id":"https:\/\/caru.org.uy\/nuevositio\/2025\/12\/04\/contratacion-anual-de-seguros-de-vehiculosembarcaciones-tractores-trailers-deedificios-laboratorios-equipos-y-deresponsabilidad-civil-de-la-comisionadministradora-del-rio-uruguay\/#primaryimage"},"thumbnailUrl":"https:\/\/caru.org.uy\/nuevositio\/wp-content\/uploads\/2025\/11\/Sin-titulo-1-4-scaled.png","datePublished":"2025-12-04T17:54:20+00:00","dateModified":"2025-12-08T11:31:53+00:00","breadcrumb":{"@id":"https:\/\/caru.org.uy\/nuevositio\/2025\/12\/04\/contratacion-anual-de-seguros-de-vehiculosembarcaciones-tractores-trailers-deedificios-laboratorios-equipos-y-deresponsabilidad-civil-de-la-comisionadministradora-del-rio-uruguay\/#breadcrumb"},"inLanguage":"es","potentialAction":[{"@type":"ReadAction","target":["https:\/\/caru.org.uy\/nuevositio\/2025\/12\/04\/contratacion-anual-de-seguros-de-vehiculosembarcaciones-tractores-trailers-deedificios-laboratorios-equipos-y-deresponsabilidad-civil-de-la-comisionadministradora-del-rio-uruguay\/"]}]},{"@type":"ImageObject","inLanguage":"es","@id":"https:\/\/caru.org.uy\/nuevositio\/2025\/12\/04\/contratacion-anual-de-seguros-de-vehiculosembarcaciones-tractores-trailers-deedificios-laboratorios-equipos-y-deresponsabilidad-civil-de-la-comisionadministradora-del-rio-uruguay\/#primaryimage","url":"https:\/\/caru.org.uy\/nuevositio\/wp-content\/uploads\/2025\/11\/Sin-titulo-1-4-scaled.png","contentUrl":"https:\/\/caru.org.uy\/nuevositio\/wp-content\/uploads\/2025\/11\/Sin-titulo-1-4-scaled.png","width":2560,"height":1236},{"@type":"BreadcrumbList","@id":"https:\/\/caru.org.uy\/nuevositio\/2025\/12\/04\/contratacion-anual-de-seguros-de-vehiculosembarcaciones-tractores-trailers-deedificios-laboratorios-equipos-y-deresponsabilidad-civil-de-la-comisionadministradora-del-rio-uruguay\/#breadcrumb","itemListElement":[{"@type":"ListItem","position":1,"name":"Portada","item":"https:\/\/caru.org.uy\/nuevositio\/"},{"@type":"ListItem","position":2,"name":"\u201cCONTRATACI\u00d3N ANUAL DE SEGUROS DE VEH\u00cdCULOS,EMBARCACIONES, TRACTORES, TRAILERS, DEEDIFICIOS\/LABORATORIOS, EQUIPOS Y DERESPONSABILIDAD CIVIL DE LA COMISI\u00d3NADMINISTRADORA DEL R\u00cdO URUGUAY\u201d CONCURSO DE PRECIOS N2 06\/25"}]},{"@type":"WebSite","@id":"https:\/\/caru.org.uy\/nuevositio\/#website","url":"https:\/\/caru.org.uy\/nuevositio\/","name":"C.A.R.U.","description":"Comisi\u00f3n Administradora del R\u00edo Uruguay","publisher":{"@id":"https:\/\/caru.org.uy\/nuevositio\/#organization"},"potentialAction":[{"@type":"SearchAction","target":{"@type":"EntryPoint","urlTemplate":"https:\/\/caru.org.uy\/nuevositio\/?s={search_term_string}"},"query-input":{"@type":"PropertyValueSpecification","valueRequired":true,"valueName":"search_term_string"}}],"inLanguage":"es"},{"@type":"Organization","@id":"https:\/\/caru.org.uy\/nuevositio\/#organization","name":"C.A.R.U.","url":"https:\/\/caru.org.uy\/nuevositio\/","logo":{"@type":"ImageObject","inLanguage":"es","@id":"https:\/\/caru.org.uy\/nuevositio\/#\/schema\/logo\/image\/","url":"https:\/\/caru.org.uy\/nuevositio\/wp-content\/uploads\/2023\/11\/logo-nuevo.jpg","contentUrl":"https:\/\/caru.org.uy\/nuevositio\/wp-content\/uploads\/2023\/11\/logo-nuevo.jpg","width":1,"height":1,"caption":"C.A.R.U."},"image":{"@id":"https:\/\/caru.org.uy\/nuevositio\/#\/schema\/logo\/image\/"}},{"@type":"Person","@id":"https:\/\/caru.org.uy\/nuevositio\/#\/schema\/person\/fba625b864836c52fe4d995c9dc2869d","name":"Federico","image":{"@type":"ImageObject","inLanguage":"es","@id":"https:\/\/secure.gravatar.com\/avatar\/542d68923246b6c29256d811c3ce7f803fe17d6a190c813a52ef45fcda4733ad?s=96&d=mm&r=g","url":"https:\/\/secure.gravatar.com\/avatar\/542d68923246b6c29256d811c3ce7f803fe17d6a190c813a52ef45fcda4733ad?s=96&d=mm&r=g","contentUrl":"https:\/\/secure.gravatar.com\/avatar\/542d68923246b6c29256d811c3ce7f803fe17d6a190c813a52ef45fcda4733ad?s=96&d=mm&r=g","caption":"Federico"},"url":"https:\/\/caru.org.uy\/nuevositio\/author\/federico\/"}]}},"_links":{"self":[{"href":"https:\/\/caru.org.uy\/nuevositio\/wp-json\/wp\/v2\/posts\/12256","targetHints":{"allow":["GET"]}}],"collection":[{"href":"https:\/\/caru.org.uy\/nuevositio\/wp-json\/wp\/v2\/posts"}],"about":[{"href":"https:\/\/caru.org.uy\/nuevositio\/wp-json\/wp\/v2\/types\/post"}],"author":[{"embeddable":true,"href":"https:\/\/caru.org.uy\/nuevositio\/wp-json\/wp\/v2\/users\/12"}],"replies":[{"embeddable":true,"href":"https:\/\/caru.org.uy\/nuevositio\/wp-json\/wp\/v2\/comments?post=12256"}],"version-history":[{"count":2,"href":"https:\/\/caru.org.uy\/nuevositio\/wp-json\/wp\/v2\/posts\/12256\/revisions"}],"predecessor-version":[{"id":12259,"href":"https:\/\/caru.org.uy\/nuevositio\/wp-json\/wp\/v2\/posts\/12256\/revisions\/12259"}],"wp:featuredmedia":[{"embeddable":true,"href":"https:\/\/caru.org.uy\/nuevositio\/wp-json\/wp\/v2\/media\/12100"}],"wp:attachment":[{"href":"https:\/\/caru.org.uy\/nuevositio\/wp-json\/wp\/v2\/media?parent=12256"}],"wp:term":[{"taxonomy":"category","embeddable":true,"href":"https:\/\/caru.org.uy\/nuevositio\/wp-json\/wp\/v2\/categories?post=12256"},{"taxonomy":"post_tag","embeddable":true,"href":"https:\/\/caru.org.uy\/nuevositio\/wp-json\/wp\/v2\/tags?post=12256"}],"curies":[{"name":"wp","href":"https:\/\/api.w.org\/{rel}","templated":true}]}}