{"id":12312,"date":"2025-12-10T09:21:24","date_gmt":"2025-12-10T12:21:24","guid":{"rendered":"https:\/\/caru.org.uy\/nuevositio\/?p=12312"},"modified":"2025-12-10T09:21:26","modified_gmt":"2025-12-10T12:21:26","slug":"la-comision-administradora-del-rio-uruguay-caru-culmino-con-exitoel-5-de-diciembre-de-2025-una-nueva-instancia-de-formacion-regionaldestinada-a-fortalecer-la-vigilancia-visual-de-floraciones","status":"publish","type":"post","link":"https:\/\/caru.org.uy\/nuevositio\/2025\/12\/10\/la-comision-administradora-del-rio-uruguay-caru-culmino-con-exitoel-5-de-diciembre-de-2025-una-nueva-instancia-de-formacion-regionaldestinada-a-fortalecer-la-vigilancia-visual-de-floraciones\/","title":{"rendered":"La Comisi\u00f3n Administradora del R\u00edo Uruguay (CARU) culmin\u00f3 con \u00e9xito,el\u00a05 de diciembre de 2025, una nueva instancia de formaci\u00f3n regionaldestinada a fortalecer la vigilancia visual de floraciones de cianobacteriasen las playas del r\u00edo."},"content":{"rendered":"\n<p class=\"has-text-align-left has-black-color has-text-color has-link-color has-medium-font-size wp-elements-a390927526aa60f97eb5350ba8ce98ae\">La Comisi\u00f3n Administradora del R\u00edo Uruguay (CARU) culmin\u00f3 con \u00e9xito,<br>el 5 de diciembre de 2025, una nueva instancia de formaci\u00f3n regional<br>destinada a fortalecer la vigilancia visual de floraciones de cianobacterias<br>en las playas del r\u00edo. La jornada final se desarroll\u00f3 en la sede de CARU en<br>Paysand\u00fa y reuni\u00f3 a guardavidas, as\u00ed como equipos t\u00e9cnicos de Argentina<br>y Uruguay, completando un ciclo de capacitaciones que tambi\u00e9n fueron<br>brindadas en Concepci\u00f3n del Uruguay y Concordia.<br>La propuesta, organizada por el Departamento de Ambiente de CARU,<br>combin\u00f3 contenidos te\u00f3ricos y pr\u00e1cticos orientados a mejorar la detecci\u00f3n<br>temprana de floraciones algales, comprender los riesgos sanitarios<br>asociados y aplicar correctamente el m\u00e9todo de monitoreo visual.<br>Durante el encuentro, los participantes trabajaron con material t\u00e9cnico,<br>realizaron ejercicios de reconocimiento de estados de floraciones algales y<br>desarrollaron pr\u00e1cticas en una playa del r\u00edo Uruguay.<br>Las capacitaciones fueron brindadas por especialistas del Ministerio de<br>Ambiente de Uruguay y del Instituto Nacional del Agua (INA) de Argentina,<br>integrando enfoques binacionales en materia de gesti\u00f3n ambiental y<br>seguridad en playas. Las responsables del Departamento de Ambiente,<br>Tga. Qca. Gabriela Sena y Dra. Natalia Rougier, lideraron la conducci\u00f3n<br>t\u00e9cnica de las tres jornadas, asegurando la calidad cient\u00edfica de la<br>formaci\u00f3n.<br>El ciclo de capacitaciones se desarroll\u00f3 en un contexto donde las<br>floraciones de cianobacterias se vuelven m\u00e1s frecuentes durante la<br>temporada estival, reforzando la importancia del rol de los guardavidas en<br>la detecci\u00f3n temprana y la comunicaci\u00f3n oportuna a los usuarios de las<br>playas del r\u00edo Uruguay. Semanalmente en el portal institucional de CARU,<br>se publica el informe de Vigilancia de Playas en el cual se presentan<br>actualizados los estados de floraciones algales y los resultados de<br>bacterias de importancia sanitaria, contribuyendo a una temporada m\u00e1s<br>segura para las comunidades que disfrutan del r\u00edo Uruguay.<\/p>\n\n\n\n<p class=\"has-text-align-left has-black-color has-text-color has-link-color has-medium-font-size wp-elements-92639f312cd377101b500faa066aa888\"><\/p>\n\n\n\n<figure class=\"wp-block-gallery has-nested-images columns-default is-cropped wp-block-gallery-1 is-layout-flex wp-block-gallery-is-layout-flex\">\n<figure class=\"wp-block-image size-large\"><img decoding=\"async\" data-id=\"12316\" src=\"https:\/\/caru.org.uy\/nuevositio\/wp-content\/uploads\/2025\/12\/DSC_1816.jpg\" alt=\"\" class=\"wp-image-12316\"\/><\/figure>\n\n\n\n<figure class=\"wp-block-image size-large\"><img decoding=\"async\" data-id=\"12315\" src=\"https:\/\/caru.org.uy\/nuevositio\/wp-content\/uploads\/2025\/12\/DSC_1787.jpg\" alt=\"\" class=\"wp-image-12315\"\/><\/figure>\n\n\n\n<figure class=\"wp-block-image size-large\"><img decoding=\"async\" data-id=\"12317\" src=\"https:\/\/caru.org.uy\/nuevositio\/wp-content\/uploads\/2025\/12\/DSC_1479.jpg\" alt=\"\" class=\"wp-image-12317\"\/><\/figure>\n\n\n\n<figure class=\"wp-block-image size-large\"><img decoding=\"async\" data-id=\"12322\" src=\"https:\/\/caru.org.uy\/nuevositio\/wp-content\/uploads\/2025\/12\/DSC_1558.jpg\" alt=\"\" class=\"wp-image-12322\"\/><\/figure>\n\n\n\n<figure class=\"wp-block-image size-large\"><img decoding=\"async\" data-id=\"12313\" src=\"https:\/\/caru.org.uy\/nuevositio\/wp-content\/uploads\/2025\/12\/DSC_1593.jpg\" alt=\"\" class=\"wp-image-12313\"\/><\/figure>\n\n\n\n<figure class=\"wp-block-image size-large\"><img decoding=\"async\" data-id=\"12323\" src=\"https:\/\/caru.org.uy\/nuevositio\/wp-content\/uploads\/2025\/12\/DSC_1444-1.jpg\" alt=\"\" class=\"wp-image-12323\"\/><\/figure>\n<\/figure>\n","protected":false},"excerpt":{"rendered":"<p>La Comisi\u00f3n Administradora del R\u00edo Uruguay (CARU) culmin\u00f3 con \u00e9xito,el 5 de diciembre de 2025, una nueva instancia de formaci\u00f3n regionaldestinada a fortalecer la vigilancia visual de floraciones de cianobacteriasen las playas del r\u00edo. La jornada final se desarroll\u00f3 en la sede de CARU enPaysand\u00fa y reuni\u00f3 a guardavidas, as\u00ed como equipos t\u00e9cnicos de Argentinay [&hellip;]<\/p>\n","protected":false},"author":12,"featured_media":12315,"comment_status":"open","ping_status":"open","sticky":false,"template":"","format":"standard","meta":{"_acf_changed":false,"_joinchat":[],"footnotes":""},"categories":[],"tags":[],"class_list":["post-12312","post","type-post","status-publish","format-standard","has-post-thumbnail","hentry"],"acf":[],"yoast_head":"<!-- This site is optimized with the Yoast SEO plugin v27.3 - https:\/\/yoast.com\/product\/yoast-seo-wordpress\/ -->\n<title>La Comisi\u00f3n Administradora del R\u00edo Uruguay (CARU) culmin\u00f3 con \u00e9xito,el\u00a05 de diciembre de 2025, una nueva instancia de formaci\u00f3n regionaldestinada a fortalecer la vigilancia visual de floraciones de cianobacteriasen las playas del r\u00edo. % C.A.R.U. imagen<\/title>\n<meta name=\"robots\" content=\"index, follow, max-snippet:-1, max-image-preview:large, max-video-preview:-1\" \/>\n<link rel=\"canonical\" href=\"https:\/\/caru.org.uy\/nuevositio\/2025\/12\/10\/la-comision-administradora-del-rio-uruguay-caru-culmino-con-exitoel-5-de-diciembre-de-2025-una-nueva-instancia-de-formacion-regionaldestinada-a-fortalecer-la-vigilancia-visual-de-floraciones\/\" \/>\n<meta property=\"og:locale\" content=\"es_ES\" \/>\n<meta property=\"og:type\" content=\"article\" \/>\n<meta property=\"og:title\" content=\"La Comisi\u00f3n Administradora del R\u00edo Uruguay (CARU) culmin\u00f3 con \u00e9xito,el\u00a05 de diciembre de 2025, una nueva instancia de formaci\u00f3n regionaldestinada a fortalecer la vigilancia visual de floraciones de cianobacteriasen las playas del r\u00edo. % C.A.R.U. imagen\" \/>\n<meta property=\"og:description\" content=\"La Comisi\u00f3n Administradora del R\u00edo Uruguay (CARU) culmin\u00f3 con \u00e9xito,el 5 de diciembre de 2025, una nueva instancia de formaci\u00f3n regionaldestinada a fortalecer la vigilancia visual de floraciones de cianobacteriasen las playas del r\u00edo. La jornada final se desarroll\u00f3 en la sede de CARU enPaysand\u00fa y reuni\u00f3 a guardavidas, as\u00ed como equipos t\u00e9cnicos de Argentinay [&hellip;]\" \/>\n<meta property=\"og:url\" content=\"https:\/\/caru.org.uy\/nuevositio\/2025\/12\/10\/la-comision-administradora-del-rio-uruguay-caru-culmino-con-exitoel-5-de-diciembre-de-2025-una-nueva-instancia-de-formacion-regionaldestinada-a-fortalecer-la-vigilancia-visual-de-floraciones\/\" \/>\n<meta property=\"og:site_name\" content=\"C.A.R.U.\" \/>\n<meta property=\"article:published_time\" content=\"2025-12-10T12:21:24+00:00\" \/>\n<meta property=\"article:modified_time\" content=\"2025-12-10T12:21:26+00:00\" \/>\n<meta property=\"og:image\" content=\"https:\/\/caru.org.uy\/nuevositio\/wp-content\/uploads\/2025\/12\/DSC_1787.jpg\" \/>\n\t<meta property=\"og:image:width\" content=\"1\" \/>\n\t<meta property=\"og:image:height\" content=\"1\" \/>\n\t<meta property=\"og:image:type\" content=\"image\/jpeg\" \/>\n<meta name=\"author\" content=\"Federico\" \/>\n<meta name=\"twitter:card\" content=\"summary_large_image\" \/>\n<meta name=\"twitter:label1\" content=\"Escrito por\" \/>\n\t<meta name=\"twitter:data1\" content=\"Federico\" \/>\n\t<meta name=\"twitter:label2\" content=\"Tiempo de lectura\" \/>\n\t<meta name=\"twitter:data2\" content=\"3 minutos\" \/>\n<script type=\"application\/ld+json\" class=\"yoast-schema-graph\">{\"@context\":\"https:\\\/\\\/schema.org\",\"@graph\":[{\"@type\":[\"Article\",\"BlogPosting\"],\"@id\":\"https:\\\/\\\/caru.org.uy\\\/nuevositio\\\/2025\\\/12\\\/10\\\/la-comision-administradora-del-rio-uruguay-caru-culmino-con-exitoel-5-de-diciembre-de-2025-una-nueva-instancia-de-formacion-regionaldestinada-a-fortalecer-la-vigilancia-visual-de-floraciones\\\/#article\",\"isPartOf\":{\"@id\":\"https:\\\/\\\/caru.org.uy\\\/nuevositio\\\/2025\\\/12\\\/10\\\/la-comision-administradora-del-rio-uruguay-caru-culmino-con-exitoel-5-de-diciembre-de-2025-una-nueva-instancia-de-formacion-regionaldestinada-a-fortalecer-la-vigilancia-visual-de-floraciones\\\/\"},\"author\":{\"name\":\"Federico\",\"@id\":\"https:\\\/\\\/caru.org.uy\\\/nuevositio\\\/#\\\/schema\\\/person\\\/fba625b864836c52fe4d995c9dc2869d\"},\"headline\":\"La Comisi\u00f3n Administradora del R\u00edo Uruguay (CARU) culmin\u00f3 con \u00e9xito,el\u00a05 de diciembre de 2025, una nueva instancia de formaci\u00f3n regionaldestinada a fortalecer la vigilancia visual de floraciones de cianobacteriasen las playas del r\u00edo.\",\"datePublished\":\"2025-12-10T12:21:24+00:00\",\"dateModified\":\"2025-12-10T12:21:26+00:00\",\"mainEntityOfPage\":{\"@id\":\"https:\\\/\\\/caru.org.uy\\\/nuevositio\\\/2025\\\/12\\\/10\\\/la-comision-administradora-del-rio-uruguay-caru-culmino-con-exitoel-5-de-diciembre-de-2025-una-nueva-instancia-de-formacion-regionaldestinada-a-fortalecer-la-vigilancia-visual-de-floraciones\\\/\"},\"wordCount\":338,\"commentCount\":0,\"publisher\":{\"@id\":\"https:\\\/\\\/caru.org.uy\\\/nuevositio\\\/#organization\"},\"image\":{\"@id\":\"https:\\\/\\\/caru.org.uy\\\/nuevositio\\\/2025\\\/12\\\/10\\\/la-comision-administradora-del-rio-uruguay-caru-culmino-con-exitoel-5-de-diciembre-de-2025-una-nueva-instancia-de-formacion-regionaldestinada-a-fortalecer-la-vigilancia-visual-de-floraciones\\\/#primaryimage\"},\"thumbnailUrl\":\"https:\\\/\\\/caru.org.uy\\\/nuevositio\\\/wp-content\\\/uploads\\\/2025\\\/12\\\/DSC_1787.jpg\",\"inLanguage\":\"es\",\"potentialAction\":[{\"@type\":\"CommentAction\",\"name\":\"Comment\",\"target\":[\"https:\\\/\\\/caru.org.uy\\\/nuevositio\\\/2025\\\/12\\\/10\\\/la-comision-administradora-del-rio-uruguay-caru-culmino-con-exitoel-5-de-diciembre-de-2025-una-nueva-instancia-de-formacion-regionaldestinada-a-fortalecer-la-vigilancia-visual-de-floraciones\\\/#respond\"]}]},{\"@type\":\"WebPage\",\"@id\":\"https:\\\/\\\/caru.org.uy\\\/nuevositio\\\/2025\\\/12\\\/10\\\/la-comision-administradora-del-rio-uruguay-caru-culmino-con-exitoel-5-de-diciembre-de-2025-una-nueva-instancia-de-formacion-regionaldestinada-a-fortalecer-la-vigilancia-visual-de-floraciones\\\/\",\"url\":\"https:\\\/\\\/caru.org.uy\\\/nuevositio\\\/2025\\\/12\\\/10\\\/la-comision-administradora-del-rio-uruguay-caru-culmino-con-exitoel-5-de-diciembre-de-2025-una-nueva-instancia-de-formacion-regionaldestinada-a-fortalecer-la-vigilancia-visual-de-floraciones\\\/\",\"name\":\"La Comisi\u00f3n Administradora del R\u00edo Uruguay (CARU) culmin\u00f3 con \u00e9xito,el\u00a05 de diciembre de 2025, una nueva instancia de formaci\u00f3n regionaldestinada a fortalecer la vigilancia visual de floraciones de cianobacteriasen las playas del r\u00edo. % C.A.R.U. imagen\",\"isPartOf\":{\"@id\":\"https:\\\/\\\/caru.org.uy\\\/nuevositio\\\/#website\"},\"primaryImageOfPage\":{\"@id\":\"https:\\\/\\\/caru.org.uy\\\/nuevositio\\\/2025\\\/12\\\/10\\\/la-comision-administradora-del-rio-uruguay-caru-culmino-con-exitoel-5-de-diciembre-de-2025-una-nueva-instancia-de-formacion-regionaldestinada-a-fortalecer-la-vigilancia-visual-de-floraciones\\\/#primaryimage\"},\"image\":{\"@id\":\"https:\\\/\\\/caru.org.uy\\\/nuevositio\\\/2025\\\/12\\\/10\\\/la-comision-administradora-del-rio-uruguay-caru-culmino-con-exitoel-5-de-diciembre-de-2025-una-nueva-instancia-de-formacion-regionaldestinada-a-fortalecer-la-vigilancia-visual-de-floraciones\\\/#primaryimage\"},\"thumbnailUrl\":\"https:\\\/\\\/caru.org.uy\\\/nuevositio\\\/wp-content\\\/uploads\\\/2025\\\/12\\\/DSC_1787.jpg\",\"datePublished\":\"2025-12-10T12:21:24+00:00\",\"dateModified\":\"2025-12-10T12:21:26+00:00\",\"breadcrumb\":{\"@id\":\"https:\\\/\\\/caru.org.uy\\\/nuevositio\\\/2025\\\/12\\\/10\\\/la-comision-administradora-del-rio-uruguay-caru-culmino-con-exitoel-5-de-diciembre-de-2025-una-nueva-instancia-de-formacion-regionaldestinada-a-fortalecer-la-vigilancia-visual-de-floraciones\\\/#breadcrumb\"},\"inLanguage\":\"es\",\"potentialAction\":[{\"@type\":\"ReadAction\",\"target\":[\"https:\\\/\\\/caru.org.uy\\\/nuevositio\\\/2025\\\/12\\\/10\\\/la-comision-administradora-del-rio-uruguay-caru-culmino-con-exitoel-5-de-diciembre-de-2025-una-nueva-instancia-de-formacion-regionaldestinada-a-fortalecer-la-vigilancia-visual-de-floraciones\\\/\"]}]},{\"@type\":\"ImageObject\",\"inLanguage\":\"es\",\"@id\":\"https:\\\/\\\/caru.org.uy\\\/nuevositio\\\/2025\\\/12\\\/10\\\/la-comision-administradora-del-rio-uruguay-caru-culmino-con-exitoel-5-de-diciembre-de-2025-una-nueva-instancia-de-formacion-regionaldestinada-a-fortalecer-la-vigilancia-visual-de-floraciones\\\/#primaryimage\",\"url\":\"https:\\\/\\\/caru.org.uy\\\/nuevositio\\\/wp-content\\\/uploads\\\/2025\\\/12\\\/DSC_1787.jpg\",\"contentUrl\":\"https:\\\/\\\/caru.org.uy\\\/nuevositio\\\/wp-content\\\/uploads\\\/2025\\\/12\\\/DSC_1787.jpg\"},{\"@type\":\"BreadcrumbList\",\"@id\":\"https:\\\/\\\/caru.org.uy\\\/nuevositio\\\/2025\\\/12\\\/10\\\/la-comision-administradora-del-rio-uruguay-caru-culmino-con-exitoel-5-de-diciembre-de-2025-una-nueva-instancia-de-formacion-regionaldestinada-a-fortalecer-la-vigilancia-visual-de-floraciones\\\/#breadcrumb\",\"itemListElement\":[{\"@type\":\"ListItem\",\"position\":1,\"name\":\"Portada\",\"item\":\"https:\\\/\\\/caru.org.uy\\\/nuevositio\\\/\"},{\"@type\":\"ListItem\",\"position\":2,\"name\":\"La Comisi\u00f3n Administradora del R\u00edo Uruguay (CARU) culmin\u00f3 con \u00e9xito,el\u00a05 de diciembre de 2025, una nueva instancia de formaci\u00f3n regionaldestinada a fortalecer la vigilancia visual de floraciones de cianobacteriasen las playas del r\u00edo.\"}]},{\"@type\":\"WebSite\",\"@id\":\"https:\\\/\\\/caru.org.uy\\\/nuevositio\\\/#website\",\"url\":\"https:\\\/\\\/caru.org.uy\\\/nuevositio\\\/\",\"name\":\"C.A.R.U.\",\"description\":\"Comisi\u00f3n Administradora del R\u00edo Uruguay\",\"publisher\":{\"@id\":\"https:\\\/\\\/caru.org.uy\\\/nuevositio\\\/#organization\"},\"potentialAction\":[{\"@type\":\"SearchAction\",\"target\":{\"@type\":\"EntryPoint\",\"urlTemplate\":\"https:\\\/\\\/caru.org.uy\\\/nuevositio\\\/?s={search_term_string}\"},\"query-input\":{\"@type\":\"PropertyValueSpecification\",\"valueRequired\":true,\"valueName\":\"search_term_string\"}}],\"inLanguage\":\"es\"},{\"@type\":\"Organization\",\"@id\":\"https:\\\/\\\/caru.org.uy\\\/nuevositio\\\/#organization\",\"name\":\"C.A.R.U.\",\"url\":\"https:\\\/\\\/caru.org.uy\\\/nuevositio\\\/\",\"logo\":{\"@type\":\"ImageObject\",\"inLanguage\":\"es\",\"@id\":\"https:\\\/\\\/caru.org.uy\\\/nuevositio\\\/#\\\/schema\\\/logo\\\/image\\\/\",\"url\":\"https:\\\/\\\/caru.org.uy\\\/nuevositio\\\/wp-content\\\/uploads\\\/2023\\\/11\\\/logo-nuevo.jpg\",\"contentUrl\":\"https:\\\/\\\/caru.org.uy\\\/nuevositio\\\/wp-content\\\/uploads\\\/2023\\\/11\\\/logo-nuevo.jpg\",\"width\":1,\"height\":1,\"caption\":\"C.A.R.U.\"},\"image\":{\"@id\":\"https:\\\/\\\/caru.org.uy\\\/nuevositio\\\/#\\\/schema\\\/logo\\\/image\\\/\"}},{\"@type\":\"Person\",\"@id\":\"https:\\\/\\\/caru.org.uy\\\/nuevositio\\\/#\\\/schema\\\/person\\\/fba625b864836c52fe4d995c9dc2869d\",\"name\":\"Federico\",\"image\":{\"@type\":\"ImageObject\",\"inLanguage\":\"es\",\"@id\":\"https:\\\/\\\/secure.gravatar.com\\\/avatar\\\/542d68923246b6c29256d811c3ce7f803fe17d6a190c813a52ef45fcda4733ad?s=96&d=mm&r=g\",\"url\":\"https:\\\/\\\/secure.gravatar.com\\\/avatar\\\/542d68923246b6c29256d811c3ce7f803fe17d6a190c813a52ef45fcda4733ad?s=96&d=mm&r=g\",\"contentUrl\":\"https:\\\/\\\/secure.gravatar.com\\\/avatar\\\/542d68923246b6c29256d811c3ce7f803fe17d6a190c813a52ef45fcda4733ad?s=96&d=mm&r=g\",\"caption\":\"Federico\"},\"url\":\"https:\\\/\\\/caru.org.uy\\\/nuevositio\\\/author\\\/federico\\\/\"}]}<\/script>\n<!-- \/ Yoast SEO plugin. -->","yoast_head_json":{"title":"La Comisi\u00f3n Administradora del R\u00edo Uruguay (CARU) culmin\u00f3 con \u00e9xito,el\u00a05 de diciembre de 2025, una nueva instancia de formaci\u00f3n regionaldestinada a fortalecer la vigilancia visual de floraciones de cianobacteriasen las playas del r\u00edo. % C.A.R.U. imagen","robots":{"index":"index","follow":"follow","max-snippet":"max-snippet:-1","max-image-preview":"max-image-preview:large","max-video-preview":"max-video-preview:-1"},"canonical":"https:\/\/caru.org.uy\/nuevositio\/2025\/12\/10\/la-comision-administradora-del-rio-uruguay-caru-culmino-con-exitoel-5-de-diciembre-de-2025-una-nueva-instancia-de-formacion-regionaldestinada-a-fortalecer-la-vigilancia-visual-de-floraciones\/","og_locale":"es_ES","og_type":"article","og_title":"La Comisi\u00f3n Administradora del R\u00edo Uruguay (CARU) culmin\u00f3 con \u00e9xito,el\u00a05 de diciembre de 2025, una nueva instancia de formaci\u00f3n regionaldestinada a fortalecer la vigilancia visual de floraciones de cianobacteriasen las playas del r\u00edo. % C.A.R.U. imagen","og_description":"La Comisi\u00f3n Administradora del R\u00edo Uruguay (CARU) culmin\u00f3 con \u00e9xito,el 5 de diciembre de 2025, una nueva instancia de formaci\u00f3n regionaldestinada a fortalecer la vigilancia visual de floraciones de cianobacteriasen las playas del r\u00edo. La jornada final se desarroll\u00f3 en la sede de CARU enPaysand\u00fa y reuni\u00f3 a guardavidas, as\u00ed como equipos t\u00e9cnicos de Argentinay [&hellip;]","og_url":"https:\/\/caru.org.uy\/nuevositio\/2025\/12\/10\/la-comision-administradora-del-rio-uruguay-caru-culmino-con-exitoel-5-de-diciembre-de-2025-una-nueva-instancia-de-formacion-regionaldestinada-a-fortalecer-la-vigilancia-visual-de-floraciones\/","og_site_name":"C.A.R.U.","article_published_time":"2025-12-10T12:21:24+00:00","article_modified_time":"2025-12-10T12:21:26+00:00","og_image":[{"url":"https:\/\/caru.org.uy\/nuevositio\/wp-content\/uploads\/2025\/12\/DSC_1787.jpg","width":1,"height":1,"type":"image\/jpeg"}],"author":"Federico","twitter_card":"summary_large_image","twitter_misc":{"Escrito por":"Federico","Tiempo de lectura":"3 minutos"},"schema":{"@context":"https:\/\/schema.org","@graph":[{"@type":["Article","BlogPosting"],"@id":"https:\/\/caru.org.uy\/nuevositio\/2025\/12\/10\/la-comision-administradora-del-rio-uruguay-caru-culmino-con-exitoel-5-de-diciembre-de-2025-una-nueva-instancia-de-formacion-regionaldestinada-a-fortalecer-la-vigilancia-visual-de-floraciones\/#article","isPartOf":{"@id":"https:\/\/caru.org.uy\/nuevositio\/2025\/12\/10\/la-comision-administradora-del-rio-uruguay-caru-culmino-con-exitoel-5-de-diciembre-de-2025-una-nueva-instancia-de-formacion-regionaldestinada-a-fortalecer-la-vigilancia-visual-de-floraciones\/"},"author":{"name":"Federico","@id":"https:\/\/caru.org.uy\/nuevositio\/#\/schema\/person\/fba625b864836c52fe4d995c9dc2869d"},"headline":"La Comisi\u00f3n Administradora del R\u00edo Uruguay (CARU) culmin\u00f3 con \u00e9xito,el\u00a05 de diciembre de 2025, una nueva instancia de formaci\u00f3n regionaldestinada a fortalecer la vigilancia visual de floraciones de cianobacteriasen las playas del r\u00edo.","datePublished":"2025-12-10T12:21:24+00:00","dateModified":"2025-12-10T12:21:26+00:00","mainEntityOfPage":{"@id":"https:\/\/caru.org.uy\/nuevositio\/2025\/12\/10\/la-comision-administradora-del-rio-uruguay-caru-culmino-con-exitoel-5-de-diciembre-de-2025-una-nueva-instancia-de-formacion-regionaldestinada-a-fortalecer-la-vigilancia-visual-de-floraciones\/"},"wordCount":338,"commentCount":0,"publisher":{"@id":"https:\/\/caru.org.uy\/nuevositio\/#organization"},"image":{"@id":"https:\/\/caru.org.uy\/nuevositio\/2025\/12\/10\/la-comision-administradora-del-rio-uruguay-caru-culmino-con-exitoel-5-de-diciembre-de-2025-una-nueva-instancia-de-formacion-regionaldestinada-a-fortalecer-la-vigilancia-visual-de-floraciones\/#primaryimage"},"thumbnailUrl":"https:\/\/caru.org.uy\/nuevositio\/wp-content\/uploads\/2025\/12\/DSC_1787.jpg","inLanguage":"es","potentialAction":[{"@type":"CommentAction","name":"Comment","target":["https:\/\/caru.org.uy\/nuevositio\/2025\/12\/10\/la-comision-administradora-del-rio-uruguay-caru-culmino-con-exitoel-5-de-diciembre-de-2025-una-nueva-instancia-de-formacion-regionaldestinada-a-fortalecer-la-vigilancia-visual-de-floraciones\/#respond"]}]},{"@type":"WebPage","@id":"https:\/\/caru.org.uy\/nuevositio\/2025\/12\/10\/la-comision-administradora-del-rio-uruguay-caru-culmino-con-exitoel-5-de-diciembre-de-2025-una-nueva-instancia-de-formacion-regionaldestinada-a-fortalecer-la-vigilancia-visual-de-floraciones\/","url":"https:\/\/caru.org.uy\/nuevositio\/2025\/12\/10\/la-comision-administradora-del-rio-uruguay-caru-culmino-con-exitoel-5-de-diciembre-de-2025-una-nueva-instancia-de-formacion-regionaldestinada-a-fortalecer-la-vigilancia-visual-de-floraciones\/","name":"La Comisi\u00f3n Administradora del R\u00edo Uruguay (CARU) culmin\u00f3 con \u00e9xito,el\u00a05 de diciembre de 2025, una nueva instancia de formaci\u00f3n regionaldestinada a fortalecer la vigilancia visual de floraciones de cianobacteriasen las playas del r\u00edo. % C.A.R.U. imagen","isPartOf":{"@id":"https:\/\/caru.org.uy\/nuevositio\/#website"},"primaryImageOfPage":{"@id":"https:\/\/caru.org.uy\/nuevositio\/2025\/12\/10\/la-comision-administradora-del-rio-uruguay-caru-culmino-con-exitoel-5-de-diciembre-de-2025-una-nueva-instancia-de-formacion-regionaldestinada-a-fortalecer-la-vigilancia-visual-de-floraciones\/#primaryimage"},"image":{"@id":"https:\/\/caru.org.uy\/nuevositio\/2025\/12\/10\/la-comision-administradora-del-rio-uruguay-caru-culmino-con-exitoel-5-de-diciembre-de-2025-una-nueva-instancia-de-formacion-regionaldestinada-a-fortalecer-la-vigilancia-visual-de-floraciones\/#primaryimage"},"thumbnailUrl":"https:\/\/caru.org.uy\/nuevositio\/wp-content\/uploads\/2025\/12\/DSC_1787.jpg","datePublished":"2025-12-10T12:21:24+00:00","dateModified":"2025-12-10T12:21:26+00:00","breadcrumb":{"@id":"https:\/\/caru.org.uy\/nuevositio\/2025\/12\/10\/la-comision-administradora-del-rio-uruguay-caru-culmino-con-exitoel-5-de-diciembre-de-2025-una-nueva-instancia-de-formacion-regionaldestinada-a-fortalecer-la-vigilancia-visual-de-floraciones\/#breadcrumb"},"inLanguage":"es","potentialAction":[{"@type":"ReadAction","target":["https:\/\/caru.org.uy\/nuevositio\/2025\/12\/10\/la-comision-administradora-del-rio-uruguay-caru-culmino-con-exitoel-5-de-diciembre-de-2025-una-nueva-instancia-de-formacion-regionaldestinada-a-fortalecer-la-vigilancia-visual-de-floraciones\/"]}]},{"@type":"ImageObject","inLanguage":"es","@id":"https:\/\/caru.org.uy\/nuevositio\/2025\/12\/10\/la-comision-administradora-del-rio-uruguay-caru-culmino-con-exitoel-5-de-diciembre-de-2025-una-nueva-instancia-de-formacion-regionaldestinada-a-fortalecer-la-vigilancia-visual-de-floraciones\/#primaryimage","url":"https:\/\/caru.org.uy\/nuevositio\/wp-content\/uploads\/2025\/12\/DSC_1787.jpg","contentUrl":"https:\/\/caru.org.uy\/nuevositio\/wp-content\/uploads\/2025\/12\/DSC_1787.jpg"},{"@type":"BreadcrumbList","@id":"https:\/\/caru.org.uy\/nuevositio\/2025\/12\/10\/la-comision-administradora-del-rio-uruguay-caru-culmino-con-exitoel-5-de-diciembre-de-2025-una-nueva-instancia-de-formacion-regionaldestinada-a-fortalecer-la-vigilancia-visual-de-floraciones\/#breadcrumb","itemListElement":[{"@type":"ListItem","position":1,"name":"Portada","item":"https:\/\/caru.org.uy\/nuevositio\/"},{"@type":"ListItem","position":2,"name":"La Comisi\u00f3n Administradora del R\u00edo Uruguay (CARU) culmin\u00f3 con \u00e9xito,el\u00a05 de diciembre de 2025, una nueva instancia de formaci\u00f3n regionaldestinada a fortalecer la vigilancia visual de floraciones de cianobacteriasen las playas del r\u00edo."}]},{"@type":"WebSite","@id":"https:\/\/caru.org.uy\/nuevositio\/#website","url":"https:\/\/caru.org.uy\/nuevositio\/","name":"C.A.R.U.","description":"Comisi\u00f3n Administradora del R\u00edo Uruguay","publisher":{"@id":"https:\/\/caru.org.uy\/nuevositio\/#organization"},"potentialAction":[{"@type":"SearchAction","target":{"@type":"EntryPoint","urlTemplate":"https:\/\/caru.org.uy\/nuevositio\/?s={search_term_string}"},"query-input":{"@type":"PropertyValueSpecification","valueRequired":true,"valueName":"search_term_string"}}],"inLanguage":"es"},{"@type":"Organization","@id":"https:\/\/caru.org.uy\/nuevositio\/#organization","name":"C.A.R.U.","url":"https:\/\/caru.org.uy\/nuevositio\/","logo":{"@type":"ImageObject","inLanguage":"es","@id":"https:\/\/caru.org.uy\/nuevositio\/#\/schema\/logo\/image\/","url":"https:\/\/caru.org.uy\/nuevositio\/wp-content\/uploads\/2023\/11\/logo-nuevo.jpg","contentUrl":"https:\/\/caru.org.uy\/nuevositio\/wp-content\/uploads\/2023\/11\/logo-nuevo.jpg","width":1,"height":1,"caption":"C.A.R.U."},"image":{"@id":"https:\/\/caru.org.uy\/nuevositio\/#\/schema\/logo\/image\/"}},{"@type":"Person","@id":"https:\/\/caru.org.uy\/nuevositio\/#\/schema\/person\/fba625b864836c52fe4d995c9dc2869d","name":"Federico","image":{"@type":"ImageObject","inLanguage":"es","@id":"https:\/\/secure.gravatar.com\/avatar\/542d68923246b6c29256d811c3ce7f803fe17d6a190c813a52ef45fcda4733ad?s=96&d=mm&r=g","url":"https:\/\/secure.gravatar.com\/avatar\/542d68923246b6c29256d811c3ce7f803fe17d6a190c813a52ef45fcda4733ad?s=96&d=mm&r=g","contentUrl":"https:\/\/secure.gravatar.com\/avatar\/542d68923246b6c29256d811c3ce7f803fe17d6a190c813a52ef45fcda4733ad?s=96&d=mm&r=g","caption":"Federico"},"url":"https:\/\/caru.org.uy\/nuevositio\/author\/federico\/"}]}},"_links":{"self":[{"href":"https:\/\/caru.org.uy\/nuevositio\/wp-json\/wp\/v2\/posts\/12312","targetHints":{"allow":["GET"]}}],"collection":[{"href":"https:\/\/caru.org.uy\/nuevositio\/wp-json\/wp\/v2\/posts"}],"about":[{"href":"https:\/\/caru.org.uy\/nuevositio\/wp-json\/wp\/v2\/types\/post"}],"author":[{"embeddable":true,"href":"https:\/\/caru.org.uy\/nuevositio\/wp-json\/wp\/v2\/users\/12"}],"replies":[{"embeddable":true,"href":"https:\/\/caru.org.uy\/nuevositio\/wp-json\/wp\/v2\/comments?post=12312"}],"version-history":[{"count":2,"href":"https:\/\/caru.org.uy\/nuevositio\/wp-json\/wp\/v2\/posts\/12312\/revisions"}],"predecessor-version":[{"id":12325,"href":"https:\/\/caru.org.uy\/nuevositio\/wp-json\/wp\/v2\/posts\/12312\/revisions\/12325"}],"wp:featuredmedia":[{"embeddable":true,"href":"https:\/\/caru.org.uy\/nuevositio\/wp-json\/wp\/v2\/media\/12315"}],"wp:attachment":[{"href":"https:\/\/caru.org.uy\/nuevositio\/wp-json\/wp\/v2\/media?parent=12312"}],"wp:term":[{"taxonomy":"category","embeddable":true,"href":"https:\/\/caru.org.uy\/nuevositio\/wp-json\/wp\/v2\/categories?post=12312"},{"taxonomy":"post_tag","embeddable":true,"href":"https:\/\/caru.org.uy\/nuevositio\/wp-json\/wp\/v2\/tags?post=12312"}],"curies":[{"name":"wp","href":"https:\/\/api.w.org\/{rel}","templated":true}]}}