{"id":12336,"date":"2025-12-10T19:22:32","date_gmt":"2025-12-10T22:22:32","guid":{"rendered":"https:\/\/caru.org.uy\/nuevositio\/?p=12336"},"modified":"2025-12-10T19:22:55","modified_gmt":"2025-12-10T22:22:55","slug":"lanzamiento-oficial-del-sello-conmemorativo-por-los-50-anos-del-puente-internacional-general-jose-g-artigas","status":"publish","type":"post","link":"https:\/\/caru.org.uy\/nuevositio\/2025\/12\/10\/lanzamiento-oficial-del-sello-conmemorativo-por-los-50-anos-del-puente-internacional-general-jose-g-artigas\/","title":{"rendered":"Lanzamiento oficial del sello conmemorativo por los 50 a\u00f1os del Puente Internacional General Jos\u00e9 G. Artigas"},"content":{"rendered":"\n<p>La Delegaci\u00f3n Uruguaya ante la Comisi\u00f3n Administradora del R\u00edo Uruguay (CARU) particip\u00f3, en la sala de reuniones del organismo, del lanzamiento oficial del sello conmemorativo por los 50 a\u00f1os del Puente Internacional General Jos\u00e9 G. Artigas, actividad realizada el d\u00eda 10 de diciembre a las 14:30 horas.<\/p>\n\n\n\n<p>El acto cont\u00f3 con la presencia de la Presidenta de la Delegaci\u00f3n Uruguaya ante CARU, Dra. Mar\u00eda Cecilia Bottino Fiuri, as\u00ed como del Vicepresidente del Correo Uruguayo, Sr. Jos\u00e9 Luis Pereira.<\/p>\n\n\n\n<p>Asimismo, participaron los Delegados Uruguayos ante CARU, Dr. Sa\u00fal Aristimtu\u00f1o y Dr. Federico Daverede; la Secretaria General de la Intendencia de Paysand\u00fa, Prof. Gabriela G\u00f3mez; y la Presidenta de la Junta Departamental de Paysand\u00fa, Sra. Valeria Alonzo Bennini.<\/p>\n\n\n\n<p>Estuvieron tambi\u00e9n presentes Sras. y Sres. Ediles Departamentales integrantes de las Comisiones de Cultura y de Relaciones Internacionales, junto a la comunidad educativa de la zona; Liceo N.\u00ba 6. representantes de organizaciones sociales y funcionariado de CARU.<\/p>\n\n\n\n<p>La emisi\u00f3n de este sello conmemorativo constituye un hito de significativo valor hist\u00f3rico y simb\u00f3lico, destacando la relevancia del Puente Internacional General Artigas como infraestructura estrat\u00e9gica que, desde hace medio siglo, fortalece la integraci\u00f3n, la cooperaci\u00f3n y la vinculaci\u00f3n entre las Rep\u00fablicas Oriental del Uruguay y Argentina.<\/p>\n\n\n\n<figure class=\"wp-block-gallery has-nested-images columns-default is-cropped wp-block-gallery-1 is-layout-flex wp-block-gallery-is-layout-flex\">\n<figure class=\"wp-block-image size-large\"><img fetchpriority=\"high\" decoding=\"async\" width=\"768\" height=\"1024\" data-id=\"12337\" src=\"https:\/\/caru.org.uy\/nuevositio\/wp-content\/uploads\/2025\/12\/458ea97e-fe81-4c23-b449-699f9106c317-768x1024.jpg\" alt=\"\" class=\"wp-image-12337\" srcset=\"https:\/\/caru.org.uy\/nuevositio\/wp-content\/uploads\/2025\/12\/458ea97e-fe81-4c23-b449-699f9106c317-768x1024.jpg 768w, https:\/\/caru.org.uy\/nuevositio\/wp-content\/uploads\/2025\/12\/458ea97e-fe81-4c23-b449-699f9106c317-225x300.jpg 225w, https:\/\/caru.org.uy\/nuevositio\/wp-content\/uploads\/2025\/12\/458ea97e-fe81-4c23-b449-699f9106c317-1152x1536.jpg 1152w, https:\/\/caru.org.uy\/nuevositio\/wp-content\/uploads\/2025\/12\/458ea97e-fe81-4c23-b449-699f9106c317.jpg 1536w\" sizes=\"(max-width: 768px) 100vw, 768px\" \/><\/figure>\n\n\n\n<figure class=\"wp-block-image size-large\"><img decoding=\"async\" width=\"768\" height=\"1024\" data-id=\"12340\" src=\"https:\/\/caru.org.uy\/nuevositio\/wp-content\/uploads\/2025\/12\/242b9d35-66ea-4623-930f-1eb5a0314101-768x1024.jpg\" alt=\"\" class=\"wp-image-12340\" srcset=\"https:\/\/caru.org.uy\/nuevositio\/wp-content\/uploads\/2025\/12\/242b9d35-66ea-4623-930f-1eb5a0314101-768x1024.jpg 768w, https:\/\/caru.org.uy\/nuevositio\/wp-content\/uploads\/2025\/12\/242b9d35-66ea-4623-930f-1eb5a0314101-225x300.jpg 225w, https:\/\/caru.org.uy\/nuevositio\/wp-content\/uploads\/2025\/12\/242b9d35-66ea-4623-930f-1eb5a0314101-1152x1536.jpg 1152w, https:\/\/caru.org.uy\/nuevositio\/wp-content\/uploads\/2025\/12\/242b9d35-66ea-4623-930f-1eb5a0314101.jpg 1536w\" sizes=\"(max-width: 768px) 100vw, 768px\" \/><\/figure>\n<\/figure>\n\n\n\n<figure class=\"wp-block-image size-full\"><img decoding=\"async\" src=\"https:\/\/caru.org.uy\/nuevositio\/wp-content\/uploads\/2025\/12\/DSC_2087-1.jpg\" alt=\"\" class=\"wp-image-12342\"\/><\/figure>\n\n\n\n<p><\/p>\n","protected":false},"excerpt":{"rendered":"<p>La Delegaci\u00f3n Uruguaya ante la Comisi\u00f3n Administradora del R\u00edo Uruguay (CARU) particip\u00f3, en la sala de reuniones del organismo, del lanzamiento oficial del sello conmemorativo por los 50 a\u00f1os del Puente Internacional General Jos\u00e9 G. Artigas, actividad realizada el d\u00eda 10 de diciembre a las 14:30 horas. El acto cont\u00f3 con la presencia de la [&hellip;]<\/p>\n","protected":false},"author":12,"featured_media":12343,"comment_status":"open","ping_status":"open","sticky":false,"template":"","format":"standard","meta":{"_acf_changed":false,"_joinchat":[],"footnotes":""},"categories":[40,37,27],"tags":[],"class_list":["post-12336","post","type-post","status-publish","format-standard","has-post-thumbnail","hentry","category-destacada","category-noticias","category-novedades"],"acf":[],"yoast_head":"<!-- This site is optimized with the Yoast SEO plugin v27.3 - https:\/\/yoast.com\/product\/yoast-seo-wordpress\/ -->\n<title>Lanzamiento oficial del sello conmemorativo por los 50 a\u00f1os del Puente Internacional General Jos\u00e9 G. Artigas % C.A.R.U. imagen<\/title>\n<meta name=\"robots\" content=\"index, follow, max-snippet:-1, max-image-preview:large, max-video-preview:-1\" \/>\n<link rel=\"canonical\" href=\"https:\/\/caru.org.uy\/nuevositio\/2025\/12\/10\/lanzamiento-oficial-del-sello-conmemorativo-por-los-50-anos-del-puente-internacional-general-jose-g-artigas\/\" \/>\n<meta property=\"og:locale\" content=\"es_ES\" \/>\n<meta property=\"og:type\" content=\"article\" \/>\n<meta property=\"og:title\" content=\"Lanzamiento oficial del sello conmemorativo por los 50 a\u00f1os del Puente Internacional General Jos\u00e9 G. Artigas % C.A.R.U. imagen\" \/>\n<meta property=\"og:description\" content=\"La Delegaci\u00f3n Uruguaya ante la Comisi\u00f3n Administradora del R\u00edo Uruguay (CARU) particip\u00f3, en la sala de reuniones del organismo, del lanzamiento oficial del sello conmemorativo por los 50 a\u00f1os del Puente Internacional General Jos\u00e9 G. Artigas, actividad realizada el d\u00eda 10 de diciembre a las 14:30 horas. El acto cont\u00f3 con la presencia de la [&hellip;]\" \/>\n<meta property=\"og:url\" content=\"https:\/\/caru.org.uy\/nuevositio\/2025\/12\/10\/lanzamiento-oficial-del-sello-conmemorativo-por-los-50-anos-del-puente-internacional-general-jose-g-artigas\/\" \/>\n<meta property=\"og:site_name\" content=\"C.A.R.U.\" \/>\n<meta property=\"article:published_time\" content=\"2025-12-10T22:22:32+00:00\" \/>\n<meta property=\"article:modified_time\" content=\"2025-12-10T22:22:55+00:00\" \/>\n<meta property=\"og:image\" content=\"https:\/\/caru.org.uy\/nuevositio\/wp-content\/uploads\/2025\/12\/DSC_2044-1.jpg\" \/>\n\t<meta property=\"og:image:width\" content=\"1\" \/>\n\t<meta property=\"og:image:height\" content=\"1\" \/>\n\t<meta property=\"og:image:type\" content=\"image\/jpeg\" \/>\n<meta name=\"author\" content=\"Federico\" \/>\n<meta name=\"twitter:card\" content=\"summary_large_image\" \/>\n<meta name=\"twitter:label1\" content=\"Escrito por\" \/>\n\t<meta name=\"twitter:data1\" content=\"Federico\" \/>\n\t<meta name=\"twitter:label2\" content=\"Tiempo de lectura\" \/>\n\t<meta name=\"twitter:data2\" content=\"2 minutos\" \/>\n<script type=\"application\/ld+json\" class=\"yoast-schema-graph\">{\"@context\":\"https:\\\/\\\/schema.org\",\"@graph\":[{\"@type\":[\"Article\",\"BlogPosting\"],\"@id\":\"https:\\\/\\\/caru.org.uy\\\/nuevositio\\\/2025\\\/12\\\/10\\\/lanzamiento-oficial-del-sello-conmemorativo-por-los-50-anos-del-puente-internacional-general-jose-g-artigas\\\/#article\",\"isPartOf\":{\"@id\":\"https:\\\/\\\/caru.org.uy\\\/nuevositio\\\/2025\\\/12\\\/10\\\/lanzamiento-oficial-del-sello-conmemorativo-por-los-50-anos-del-puente-internacional-general-jose-g-artigas\\\/\"},\"author\":{\"name\":\"Federico\",\"@id\":\"https:\\\/\\\/caru.org.uy\\\/nuevositio\\\/#\\\/schema\\\/person\\\/fba625b864836c52fe4d995c9dc2869d\"},\"headline\":\"Lanzamiento oficial del sello conmemorativo por los 50 a\u00f1os del Puente Internacional General Jos\u00e9 G. Artigas\",\"datePublished\":\"2025-12-10T22:22:32+00:00\",\"dateModified\":\"2025-12-10T22:22:55+00:00\",\"mainEntityOfPage\":{\"@id\":\"https:\\\/\\\/caru.org.uy\\\/nuevositio\\\/2025\\\/12\\\/10\\\/lanzamiento-oficial-del-sello-conmemorativo-por-los-50-anos-del-puente-internacional-general-jose-g-artigas\\\/\"},\"wordCount\":231,\"commentCount\":0,\"publisher\":{\"@id\":\"https:\\\/\\\/caru.org.uy\\\/nuevositio\\\/#organization\"},\"image\":{\"@id\":\"https:\\\/\\\/caru.org.uy\\\/nuevositio\\\/2025\\\/12\\\/10\\\/lanzamiento-oficial-del-sello-conmemorativo-por-los-50-anos-del-puente-internacional-general-jose-g-artigas\\\/#primaryimage\"},\"thumbnailUrl\":\"https:\\\/\\\/caru.org.uy\\\/nuevositio\\\/wp-content\\\/uploads\\\/2025\\\/12\\\/DSC_2044-1.jpg\",\"articleSection\":[\"Destacada\",\"Noticias\",\"Novedades\"],\"inLanguage\":\"es\",\"potentialAction\":[{\"@type\":\"CommentAction\",\"name\":\"Comment\",\"target\":[\"https:\\\/\\\/caru.org.uy\\\/nuevositio\\\/2025\\\/12\\\/10\\\/lanzamiento-oficial-del-sello-conmemorativo-por-los-50-anos-del-puente-internacional-general-jose-g-artigas\\\/#respond\"]}]},{\"@type\":\"WebPage\",\"@id\":\"https:\\\/\\\/caru.org.uy\\\/nuevositio\\\/2025\\\/12\\\/10\\\/lanzamiento-oficial-del-sello-conmemorativo-por-los-50-anos-del-puente-internacional-general-jose-g-artigas\\\/\",\"url\":\"https:\\\/\\\/caru.org.uy\\\/nuevositio\\\/2025\\\/12\\\/10\\\/lanzamiento-oficial-del-sello-conmemorativo-por-los-50-anos-del-puente-internacional-general-jose-g-artigas\\\/\",\"name\":\"Lanzamiento oficial del sello conmemorativo por los 50 a\u00f1os del Puente Internacional General Jos\u00e9 G. Artigas % C.A.R.U. imagen\",\"isPartOf\":{\"@id\":\"https:\\\/\\\/caru.org.uy\\\/nuevositio\\\/#website\"},\"primaryImageOfPage\":{\"@id\":\"https:\\\/\\\/caru.org.uy\\\/nuevositio\\\/2025\\\/12\\\/10\\\/lanzamiento-oficial-del-sello-conmemorativo-por-los-50-anos-del-puente-internacional-general-jose-g-artigas\\\/#primaryimage\"},\"image\":{\"@id\":\"https:\\\/\\\/caru.org.uy\\\/nuevositio\\\/2025\\\/12\\\/10\\\/lanzamiento-oficial-del-sello-conmemorativo-por-los-50-anos-del-puente-internacional-general-jose-g-artigas\\\/#primaryimage\"},\"thumbnailUrl\":\"https:\\\/\\\/caru.org.uy\\\/nuevositio\\\/wp-content\\\/uploads\\\/2025\\\/12\\\/DSC_2044-1.jpg\",\"datePublished\":\"2025-12-10T22:22:32+00:00\",\"dateModified\":\"2025-12-10T22:22:55+00:00\",\"breadcrumb\":{\"@id\":\"https:\\\/\\\/caru.org.uy\\\/nuevositio\\\/2025\\\/12\\\/10\\\/lanzamiento-oficial-del-sello-conmemorativo-por-los-50-anos-del-puente-internacional-general-jose-g-artigas\\\/#breadcrumb\"},\"inLanguage\":\"es\",\"potentialAction\":[{\"@type\":\"ReadAction\",\"target\":[\"https:\\\/\\\/caru.org.uy\\\/nuevositio\\\/2025\\\/12\\\/10\\\/lanzamiento-oficial-del-sello-conmemorativo-por-los-50-anos-del-puente-internacional-general-jose-g-artigas\\\/\"]}]},{\"@type\":\"ImageObject\",\"inLanguage\":\"es\",\"@id\":\"https:\\\/\\\/caru.org.uy\\\/nuevositio\\\/2025\\\/12\\\/10\\\/lanzamiento-oficial-del-sello-conmemorativo-por-los-50-anos-del-puente-internacional-general-jose-g-artigas\\\/#primaryimage\",\"url\":\"https:\\\/\\\/caru.org.uy\\\/nuevositio\\\/wp-content\\\/uploads\\\/2025\\\/12\\\/DSC_2044-1.jpg\",\"contentUrl\":\"https:\\\/\\\/caru.org.uy\\\/nuevositio\\\/wp-content\\\/uploads\\\/2025\\\/12\\\/DSC_2044-1.jpg\"},{\"@type\":\"BreadcrumbList\",\"@id\":\"https:\\\/\\\/caru.org.uy\\\/nuevositio\\\/2025\\\/12\\\/10\\\/lanzamiento-oficial-del-sello-conmemorativo-por-los-50-anos-del-puente-internacional-general-jose-g-artigas\\\/#breadcrumb\",\"itemListElement\":[{\"@type\":\"ListItem\",\"position\":1,\"name\":\"Portada\",\"item\":\"https:\\\/\\\/caru.org.uy\\\/nuevositio\\\/\"},{\"@type\":\"ListItem\",\"position\":2,\"name\":\"Lanzamiento oficial del sello conmemorativo por los 50 a\u00f1os del Puente Internacional General Jos\u00e9 G. Artigas\"}]},{\"@type\":\"WebSite\",\"@id\":\"https:\\\/\\\/caru.org.uy\\\/nuevositio\\\/#website\",\"url\":\"https:\\\/\\\/caru.org.uy\\\/nuevositio\\\/\",\"name\":\"C.A.R.U.\",\"description\":\"Comisi\u00f3n Administradora del R\u00edo Uruguay\",\"publisher\":{\"@id\":\"https:\\\/\\\/caru.org.uy\\\/nuevositio\\\/#organization\"},\"potentialAction\":[{\"@type\":\"SearchAction\",\"target\":{\"@type\":\"EntryPoint\",\"urlTemplate\":\"https:\\\/\\\/caru.org.uy\\\/nuevositio\\\/?s={search_term_string}\"},\"query-input\":{\"@type\":\"PropertyValueSpecification\",\"valueRequired\":true,\"valueName\":\"search_term_string\"}}],\"inLanguage\":\"es\"},{\"@type\":\"Organization\",\"@id\":\"https:\\\/\\\/caru.org.uy\\\/nuevositio\\\/#organization\",\"name\":\"C.A.R.U.\",\"url\":\"https:\\\/\\\/caru.org.uy\\\/nuevositio\\\/\",\"logo\":{\"@type\":\"ImageObject\",\"inLanguage\":\"es\",\"@id\":\"https:\\\/\\\/caru.org.uy\\\/nuevositio\\\/#\\\/schema\\\/logo\\\/image\\\/\",\"url\":\"https:\\\/\\\/caru.org.uy\\\/nuevositio\\\/wp-content\\\/uploads\\\/2023\\\/11\\\/logo-nuevo.jpg\",\"contentUrl\":\"https:\\\/\\\/caru.org.uy\\\/nuevositio\\\/wp-content\\\/uploads\\\/2023\\\/11\\\/logo-nuevo.jpg\",\"width\":1,\"height\":1,\"caption\":\"C.A.R.U.\"},\"image\":{\"@id\":\"https:\\\/\\\/caru.org.uy\\\/nuevositio\\\/#\\\/schema\\\/logo\\\/image\\\/\"}},{\"@type\":\"Person\",\"@id\":\"https:\\\/\\\/caru.org.uy\\\/nuevositio\\\/#\\\/schema\\\/person\\\/fba625b864836c52fe4d995c9dc2869d\",\"name\":\"Federico\",\"image\":{\"@type\":\"ImageObject\",\"inLanguage\":\"es\",\"@id\":\"https:\\\/\\\/secure.gravatar.com\\\/avatar\\\/542d68923246b6c29256d811c3ce7f803fe17d6a190c813a52ef45fcda4733ad?s=96&d=mm&r=g\",\"url\":\"https:\\\/\\\/secure.gravatar.com\\\/avatar\\\/542d68923246b6c29256d811c3ce7f803fe17d6a190c813a52ef45fcda4733ad?s=96&d=mm&r=g\",\"contentUrl\":\"https:\\\/\\\/secure.gravatar.com\\\/avatar\\\/542d68923246b6c29256d811c3ce7f803fe17d6a190c813a52ef45fcda4733ad?s=96&d=mm&r=g\",\"caption\":\"Federico\"},\"url\":\"https:\\\/\\\/caru.org.uy\\\/nuevositio\\\/author\\\/federico\\\/\"}]}<\/script>\n<!-- \/ Yoast SEO plugin. -->","yoast_head_json":{"title":"Lanzamiento oficial del sello conmemorativo por los 50 a\u00f1os del Puente Internacional General Jos\u00e9 G. Artigas % C.A.R.U. imagen","robots":{"index":"index","follow":"follow","max-snippet":"max-snippet:-1","max-image-preview":"max-image-preview:large","max-video-preview":"max-video-preview:-1"},"canonical":"https:\/\/caru.org.uy\/nuevositio\/2025\/12\/10\/lanzamiento-oficial-del-sello-conmemorativo-por-los-50-anos-del-puente-internacional-general-jose-g-artigas\/","og_locale":"es_ES","og_type":"article","og_title":"Lanzamiento oficial del sello conmemorativo por los 50 a\u00f1os del Puente Internacional General Jos\u00e9 G. Artigas % C.A.R.U. imagen","og_description":"La Delegaci\u00f3n Uruguaya ante la Comisi\u00f3n Administradora del R\u00edo Uruguay (CARU) particip\u00f3, en la sala de reuniones del organismo, del lanzamiento oficial del sello conmemorativo por los 50 a\u00f1os del Puente Internacional General Jos\u00e9 G. Artigas, actividad realizada el d\u00eda 10 de diciembre a las 14:30 horas. El acto cont\u00f3 con la presencia de la [&hellip;]","og_url":"https:\/\/caru.org.uy\/nuevositio\/2025\/12\/10\/lanzamiento-oficial-del-sello-conmemorativo-por-los-50-anos-del-puente-internacional-general-jose-g-artigas\/","og_site_name":"C.A.R.U.","article_published_time":"2025-12-10T22:22:32+00:00","article_modified_time":"2025-12-10T22:22:55+00:00","og_image":[{"url":"https:\/\/caru.org.uy\/nuevositio\/wp-content\/uploads\/2025\/12\/DSC_2044-1.jpg","width":1,"height":1,"type":"image\/jpeg"}],"author":"Federico","twitter_card":"summary_large_image","twitter_misc":{"Escrito por":"Federico","Tiempo de lectura":"2 minutos"},"schema":{"@context":"https:\/\/schema.org","@graph":[{"@type":["Article","BlogPosting"],"@id":"https:\/\/caru.org.uy\/nuevositio\/2025\/12\/10\/lanzamiento-oficial-del-sello-conmemorativo-por-los-50-anos-del-puente-internacional-general-jose-g-artigas\/#article","isPartOf":{"@id":"https:\/\/caru.org.uy\/nuevositio\/2025\/12\/10\/lanzamiento-oficial-del-sello-conmemorativo-por-los-50-anos-del-puente-internacional-general-jose-g-artigas\/"},"author":{"name":"Federico","@id":"https:\/\/caru.org.uy\/nuevositio\/#\/schema\/person\/fba625b864836c52fe4d995c9dc2869d"},"headline":"Lanzamiento oficial del sello conmemorativo por los 50 a\u00f1os del Puente Internacional General Jos\u00e9 G. Artigas","datePublished":"2025-12-10T22:22:32+00:00","dateModified":"2025-12-10T22:22:55+00:00","mainEntityOfPage":{"@id":"https:\/\/caru.org.uy\/nuevositio\/2025\/12\/10\/lanzamiento-oficial-del-sello-conmemorativo-por-los-50-anos-del-puente-internacional-general-jose-g-artigas\/"},"wordCount":231,"commentCount":0,"publisher":{"@id":"https:\/\/caru.org.uy\/nuevositio\/#organization"},"image":{"@id":"https:\/\/caru.org.uy\/nuevositio\/2025\/12\/10\/lanzamiento-oficial-del-sello-conmemorativo-por-los-50-anos-del-puente-internacional-general-jose-g-artigas\/#primaryimage"},"thumbnailUrl":"https:\/\/caru.org.uy\/nuevositio\/wp-content\/uploads\/2025\/12\/DSC_2044-1.jpg","articleSection":["Destacada","Noticias","Novedades"],"inLanguage":"es","potentialAction":[{"@type":"CommentAction","name":"Comment","target":["https:\/\/caru.org.uy\/nuevositio\/2025\/12\/10\/lanzamiento-oficial-del-sello-conmemorativo-por-los-50-anos-del-puente-internacional-general-jose-g-artigas\/#respond"]}]},{"@type":"WebPage","@id":"https:\/\/caru.org.uy\/nuevositio\/2025\/12\/10\/lanzamiento-oficial-del-sello-conmemorativo-por-los-50-anos-del-puente-internacional-general-jose-g-artigas\/","url":"https:\/\/caru.org.uy\/nuevositio\/2025\/12\/10\/lanzamiento-oficial-del-sello-conmemorativo-por-los-50-anos-del-puente-internacional-general-jose-g-artigas\/","name":"Lanzamiento oficial del sello conmemorativo por los 50 a\u00f1os del Puente Internacional General Jos\u00e9 G. Artigas % C.A.R.U. imagen","isPartOf":{"@id":"https:\/\/caru.org.uy\/nuevositio\/#website"},"primaryImageOfPage":{"@id":"https:\/\/caru.org.uy\/nuevositio\/2025\/12\/10\/lanzamiento-oficial-del-sello-conmemorativo-por-los-50-anos-del-puente-internacional-general-jose-g-artigas\/#primaryimage"},"image":{"@id":"https:\/\/caru.org.uy\/nuevositio\/2025\/12\/10\/lanzamiento-oficial-del-sello-conmemorativo-por-los-50-anos-del-puente-internacional-general-jose-g-artigas\/#primaryimage"},"thumbnailUrl":"https:\/\/caru.org.uy\/nuevositio\/wp-content\/uploads\/2025\/12\/DSC_2044-1.jpg","datePublished":"2025-12-10T22:22:32+00:00","dateModified":"2025-12-10T22:22:55+00:00","breadcrumb":{"@id":"https:\/\/caru.org.uy\/nuevositio\/2025\/12\/10\/lanzamiento-oficial-del-sello-conmemorativo-por-los-50-anos-del-puente-internacional-general-jose-g-artigas\/#breadcrumb"},"inLanguage":"es","potentialAction":[{"@type":"ReadAction","target":["https:\/\/caru.org.uy\/nuevositio\/2025\/12\/10\/lanzamiento-oficial-del-sello-conmemorativo-por-los-50-anos-del-puente-internacional-general-jose-g-artigas\/"]}]},{"@type":"ImageObject","inLanguage":"es","@id":"https:\/\/caru.org.uy\/nuevositio\/2025\/12\/10\/lanzamiento-oficial-del-sello-conmemorativo-por-los-50-anos-del-puente-internacional-general-jose-g-artigas\/#primaryimage","url":"https:\/\/caru.org.uy\/nuevositio\/wp-content\/uploads\/2025\/12\/DSC_2044-1.jpg","contentUrl":"https:\/\/caru.org.uy\/nuevositio\/wp-content\/uploads\/2025\/12\/DSC_2044-1.jpg"},{"@type":"BreadcrumbList","@id":"https:\/\/caru.org.uy\/nuevositio\/2025\/12\/10\/lanzamiento-oficial-del-sello-conmemorativo-por-los-50-anos-del-puente-internacional-general-jose-g-artigas\/#breadcrumb","itemListElement":[{"@type":"ListItem","position":1,"name":"Portada","item":"https:\/\/caru.org.uy\/nuevositio\/"},{"@type":"ListItem","position":2,"name":"Lanzamiento oficial del sello conmemorativo por los 50 a\u00f1os del Puente Internacional General Jos\u00e9 G. Artigas"}]},{"@type":"WebSite","@id":"https:\/\/caru.org.uy\/nuevositio\/#website","url":"https:\/\/caru.org.uy\/nuevositio\/","name":"C.A.R.U.","description":"Comisi\u00f3n Administradora del R\u00edo Uruguay","publisher":{"@id":"https:\/\/caru.org.uy\/nuevositio\/#organization"},"potentialAction":[{"@type":"SearchAction","target":{"@type":"EntryPoint","urlTemplate":"https:\/\/caru.org.uy\/nuevositio\/?s={search_term_string}"},"query-input":{"@type":"PropertyValueSpecification","valueRequired":true,"valueName":"search_term_string"}}],"inLanguage":"es"},{"@type":"Organization","@id":"https:\/\/caru.org.uy\/nuevositio\/#organization","name":"C.A.R.U.","url":"https:\/\/caru.org.uy\/nuevositio\/","logo":{"@type":"ImageObject","inLanguage":"es","@id":"https:\/\/caru.org.uy\/nuevositio\/#\/schema\/logo\/image\/","url":"https:\/\/caru.org.uy\/nuevositio\/wp-content\/uploads\/2023\/11\/logo-nuevo.jpg","contentUrl":"https:\/\/caru.org.uy\/nuevositio\/wp-content\/uploads\/2023\/11\/logo-nuevo.jpg","width":1,"height":1,"caption":"C.A.R.U."},"image":{"@id":"https:\/\/caru.org.uy\/nuevositio\/#\/schema\/logo\/image\/"}},{"@type":"Person","@id":"https:\/\/caru.org.uy\/nuevositio\/#\/schema\/person\/fba625b864836c52fe4d995c9dc2869d","name":"Federico","image":{"@type":"ImageObject","inLanguage":"es","@id":"https:\/\/secure.gravatar.com\/avatar\/542d68923246b6c29256d811c3ce7f803fe17d6a190c813a52ef45fcda4733ad?s=96&d=mm&r=g","url":"https:\/\/secure.gravatar.com\/avatar\/542d68923246b6c29256d811c3ce7f803fe17d6a190c813a52ef45fcda4733ad?s=96&d=mm&r=g","contentUrl":"https:\/\/secure.gravatar.com\/avatar\/542d68923246b6c29256d811c3ce7f803fe17d6a190c813a52ef45fcda4733ad?s=96&d=mm&r=g","caption":"Federico"},"url":"https:\/\/caru.org.uy\/nuevositio\/author\/federico\/"}]}},"_links":{"self":[{"href":"https:\/\/caru.org.uy\/nuevositio\/wp-json\/wp\/v2\/posts\/12336","targetHints":{"allow":["GET"]}}],"collection":[{"href":"https:\/\/caru.org.uy\/nuevositio\/wp-json\/wp\/v2\/posts"}],"about":[{"href":"https:\/\/caru.org.uy\/nuevositio\/wp-json\/wp\/v2\/types\/post"}],"author":[{"embeddable":true,"href":"https:\/\/caru.org.uy\/nuevositio\/wp-json\/wp\/v2\/users\/12"}],"replies":[{"embeddable":true,"href":"https:\/\/caru.org.uy\/nuevositio\/wp-json\/wp\/v2\/comments?post=12336"}],"version-history":[{"count":1,"href":"https:\/\/caru.org.uy\/nuevositio\/wp-json\/wp\/v2\/posts\/12336\/revisions"}],"predecessor-version":[{"id":12344,"href":"https:\/\/caru.org.uy\/nuevositio\/wp-json\/wp\/v2\/posts\/12336\/revisions\/12344"}],"wp:featuredmedia":[{"embeddable":true,"href":"https:\/\/caru.org.uy\/nuevositio\/wp-json\/wp\/v2\/media\/12343"}],"wp:attachment":[{"href":"https:\/\/caru.org.uy\/nuevositio\/wp-json\/wp\/v2\/media?parent=12336"}],"wp:term":[{"taxonomy":"category","embeddable":true,"href":"https:\/\/caru.org.uy\/nuevositio\/wp-json\/wp\/v2\/categories?post=12336"},{"taxonomy":"post_tag","embeddable":true,"href":"https:\/\/caru.org.uy\/nuevositio\/wp-json\/wp\/v2\/tags?post=12336"}],"curies":[{"name":"wp","href":"https:\/\/api.w.org\/{rel}","templated":true}]}}