{"id":12364,"date":"2025-12-16T15:15:50","date_gmt":"2025-12-16T18:15:50","guid":{"rendered":"https:\/\/caru.org.uy\/nuevositio\/?p=12364"},"modified":"2025-12-19T08:53:39","modified_gmt":"2025-12-19T11:53:39","slug":"conmemoracion-del-cincuentenario-del-puente-internacional-paysandu-colon","status":"publish","type":"post","link":"https:\/\/caru.org.uy\/nuevositio\/2025\/12\/16\/conmemoracion-del-cincuentenario-del-puente-internacional-paysandu-colon\/","title":{"rendered":"CONMEMORACI\u00d3N DEL CINCUENTENARIO DEL PUENTE INTERNACIONAL PAYSAND\u00da-COL\u00d3N"},"content":{"rendered":"\n<p><\/p>\n\n\n\n<figure class=\"wp-block-gallery has-nested-images columns-default is-cropped wp-block-gallery-1 is-layout-flex wp-block-gallery-is-layout-flex\">\n<figure class=\"wp-block-image size-large\"><img decoding=\"async\" data-id=\"12368\" src=\"https:\/\/caru.org.uy\/nuevositio\/wp-content\/uploads\/2025\/12\/DSC_2615.jpg\" alt=\"\" class=\"wp-image-12368\"\/><\/figure>\n\n\n\n<figure class=\"wp-block-image size-full\"><img decoding=\"async\" data-id=\"12366\" src=\"https:\/\/caru.org.uy\/nuevositio\/wp-content\/uploads\/2025\/12\/DSC_2609.jpg\" alt=\"\" class=\"wp-image-12366\"\/><\/figure>\n\n\n\n<figure class=\"wp-block-image size-large\"><img decoding=\"async\" data-id=\"12370\" src=\"https:\/\/caru.org.uy\/nuevositio\/wp-content\/uploads\/2025\/12\/DSC_2398.jpg\" alt=\"\" class=\"wp-image-12370\"\/><\/figure>\n\n\n\n<figure class=\"wp-block-image size-large\"><img decoding=\"async\" data-id=\"12373\" src=\"https:\/\/caru.org.uy\/nuevositio\/wp-content\/uploads\/2025\/12\/DSC_2773-1.jpg\" alt=\"\" class=\"wp-image-12373\"\/><\/figure>\n\n\n\n<figure class=\"wp-block-image size-large\"><img decoding=\"async\" data-id=\"12375\" src=\"https:\/\/caru.org.uy\/nuevositio\/wp-content\/uploads\/2025\/12\/DSC_2446-1.jpg\" alt=\"\" class=\"wp-image-12375\"\/><\/figure>\n\n\n\n<figure class=\"wp-block-image size-large\"><img decoding=\"async\" data-id=\"12367\" src=\"https:\/\/caru.org.uy\/nuevositio\/wp-content\/uploads\/2025\/12\/DSC_2453.jpg\" alt=\"\" class=\"wp-image-12367\"\/><\/figure>\n\n\n\n\n<\/figure>\n\n\n\n<p>La conmemoraci\u00f3n del cincuentenario del Puente Internacional Paysand\u00fa\u2013Col\u00f3n, inaugurado el 10 de diciembre de 1975, se llev\u00f3 a cabo en la sede de la Comisi\u00f3n Administradora del R\u00edo Uruguay (CARU), con la participaci\u00f3n de autoridades de ambas m\u00e1rgenes del r\u00edo Uruguay y referentes institucionales y comunitarios.<\/p>\n\n\n\n<p>El acto cont\u00f3 con la presencia de la Delegaci\u00f3n Uruguaya ante CARU, encabezada por su Presidenta, Dra. Mar\u00eda Cecilia Bottino Fiuri, junto al Vicepresidente, los Delegados Lic. Mar\u00eda Cecilia Otegui Duarte, Sr. Carmelo Aristimu\u00f1o Fumero y Dr. Julio Federico Daverede \u00c1lvarez. Asimismo, participaron los Intendentes de Paysand\u00fa, Sr. Nicol\u00e1s Olivera, y de Col\u00f3n, Sra. Mar\u00eda Dalleves (en ejercicio), autoridades nacionales ,regionales , municipales , departamentales y exintendentes.<\/p>\n\n\n\n<p>De forma previa a la instancia protocolar, se desarroll\u00f3 un desfile de embarcaciones pertenecientes a instituciones n\u00e1uticas locales, y posteriormente se realiz\u00f3 un cierre cultural, en el marco de las actividades conmemorativas.<\/p>\n\n\n\n<p>Durante las intervenciones, las autoridades coincidieron en destacar el valor del Puente Internacional General Jos\u00e9 G. Artigas como infraestructura estrat\u00e9gica de integraci\u00f3n, concebida con el objetivo de fortalecer la vinculaci\u00f3n entre ambas comunidades, as\u00ed como su car\u00e1cter simb\u00f3lico en la construcci\u00f3n hist\u00f3rica de la cooperaci\u00f3n binacional. Asimismo, se remarc\u00f3 la importancia de proyectar su gesti\u00f3n y mantenimiento a futuro, considerando los ciclos de vida propios de este tipo de infraestructuras.<\/p>\n\n\n\n<p>Como cierre del acto, se procedi\u00f3 al descubrimiento de placas conmemorativas, reafirmando al puente como un s\u00edmbolo permanente de integraci\u00f3n, cooperaci\u00f3n y desarrollo compartido entre la Rep\u00fablica Oriental del Uruguay y la Rep\u00fablica Argentina.<\/p>\n","protected":false},"excerpt":{"rendered":"<p>La conmemoraci\u00f3n del cincuentenario del Puente Internacional Paysand\u00fa\u2013Col\u00f3n, inaugurado el 10 de diciembre de 1975, se llev\u00f3 a cabo en la sede de la Comisi\u00f3n Administradora del R\u00edo Uruguay (CARU), con la participaci\u00f3n de autoridades de ambas m\u00e1rgenes del r\u00edo Uruguay y referentes institucionales y comunitarios. El acto cont\u00f3 con la presencia de la Delegaci\u00f3n [&hellip;]<\/p>\n","protected":false},"author":12,"featured_media":12376,"comment_status":"open","ping_status":"open","sticky":false,"template":"","format":"standard","meta":{"_acf_changed":false,"_joinchat":[],"footnotes":""},"categories":[37,27],"tags":[],"class_list":["post-12364","post","type-post","status-publish","format-standard","has-post-thumbnail","hentry","category-noticias","category-novedades"],"acf":[],"yoast_head":"<!-- This site is optimized with the Yoast SEO plugin v27.3 - https:\/\/yoast.com\/product\/yoast-seo-wordpress\/ -->\n<title>CONMEMORACI\u00d3N DEL CINCUENTENARIO DEL PUENTE INTERNACIONAL PAYSAND\u00da-COL\u00d3N % C.A.R.U. imagen<\/title>\n<meta name=\"robots\" content=\"index, follow, max-snippet:-1, max-image-preview:large, max-video-preview:-1\" \/>\n<link rel=\"canonical\" href=\"https:\/\/caru.org.uy\/nuevositio\/2025\/12\/16\/conmemoracion-del-cincuentenario-del-puente-internacional-paysandu-colon\/\" \/>\n<meta property=\"og:locale\" content=\"es_ES\" \/>\n<meta property=\"og:type\" content=\"article\" \/>\n<meta property=\"og:title\" content=\"CONMEMORACI\u00d3N DEL CINCUENTENARIO DEL PUENTE INTERNACIONAL PAYSAND\u00da-COL\u00d3N % C.A.R.U. imagen\" \/>\n<meta property=\"og:description\" content=\"La conmemoraci\u00f3n del cincuentenario del Puente Internacional Paysand\u00fa\u2013Col\u00f3n, inaugurado el 10 de diciembre de 1975, se llev\u00f3 a cabo en la sede de la Comisi\u00f3n Administradora del R\u00edo Uruguay (CARU), con la participaci\u00f3n de autoridades de ambas m\u00e1rgenes del r\u00edo Uruguay y referentes institucionales y comunitarios. El acto cont\u00f3 con la presencia de la Delegaci\u00f3n [&hellip;]\" \/>\n<meta property=\"og:url\" content=\"https:\/\/caru.org.uy\/nuevositio\/2025\/12\/16\/conmemoracion-del-cincuentenario-del-puente-internacional-paysandu-colon\/\" \/>\n<meta property=\"og:site_name\" content=\"C.A.R.U.\" \/>\n<meta property=\"article:published_time\" content=\"2025-12-16T18:15:50+00:00\" \/>\n<meta property=\"article:modified_time\" content=\"2025-12-19T11:53:39+00:00\" \/>\n<meta property=\"og:image\" content=\"https:\/\/caru.org.uy\/nuevositio\/wp-content\/uploads\/2025\/12\/DSC_2447-1.jpg\" \/>\n\t<meta property=\"og:image:width\" content=\"1\" \/>\n\t<meta property=\"og:image:height\" content=\"1\" \/>\n\t<meta property=\"og:image:type\" content=\"image\/jpeg\" \/>\n<meta name=\"author\" content=\"Federico\" \/>\n<meta name=\"twitter:card\" content=\"summary_large_image\" \/>\n<meta name=\"twitter:label1\" content=\"Escrito por\" \/>\n\t<meta name=\"twitter:data1\" content=\"Federico\" \/>\n\t<meta name=\"twitter:label2\" content=\"Tiempo de lectura\" \/>\n\t<meta name=\"twitter:data2\" content=\"3 minutos\" \/>\n<script type=\"application\/ld+json\" class=\"yoast-schema-graph\">{\"@context\":\"https:\\\/\\\/schema.org\",\"@graph\":[{\"@type\":[\"Article\",\"BlogPosting\"],\"@id\":\"https:\\\/\\\/caru.org.uy\\\/nuevositio\\\/2025\\\/12\\\/16\\\/conmemoracion-del-cincuentenario-del-puente-internacional-paysandu-colon\\\/#article\",\"isPartOf\":{\"@id\":\"https:\\\/\\\/caru.org.uy\\\/nuevositio\\\/2025\\\/12\\\/16\\\/conmemoracion-del-cincuentenario-del-puente-internacional-paysandu-colon\\\/\"},\"author\":{\"name\":\"Federico\",\"@id\":\"https:\\\/\\\/caru.org.uy\\\/nuevositio\\\/#\\\/schema\\\/person\\\/fba625b864836c52fe4d995c9dc2869d\"},\"headline\":\"CONMEMORACI\u00d3N DEL CINCUENTENARIO DEL PUENTE INTERNACIONAL PAYSAND\u00da-COL\u00d3N\",\"datePublished\":\"2025-12-16T18:15:50+00:00\",\"dateModified\":\"2025-12-19T11:53:39+00:00\",\"mainEntityOfPage\":{\"@id\":\"https:\\\/\\\/caru.org.uy\\\/nuevositio\\\/2025\\\/12\\\/16\\\/conmemoracion-del-cincuentenario-del-puente-internacional-paysandu-colon\\\/\"},\"wordCount\":285,\"commentCount\":0,\"publisher\":{\"@id\":\"https:\\\/\\\/caru.org.uy\\\/nuevositio\\\/#organization\"},\"image\":{\"@id\":\"https:\\\/\\\/caru.org.uy\\\/nuevositio\\\/2025\\\/12\\\/16\\\/conmemoracion-del-cincuentenario-del-puente-internacional-paysandu-colon\\\/#primaryimage\"},\"thumbnailUrl\":\"https:\\\/\\\/caru.org.uy\\\/nuevositio\\\/wp-content\\\/uploads\\\/2025\\\/12\\\/DSC_2447-1.jpg\",\"articleSection\":[\"Noticias\",\"Novedades\"],\"inLanguage\":\"es\",\"potentialAction\":[{\"@type\":\"CommentAction\",\"name\":\"Comment\",\"target\":[\"https:\\\/\\\/caru.org.uy\\\/nuevositio\\\/2025\\\/12\\\/16\\\/conmemoracion-del-cincuentenario-del-puente-internacional-paysandu-colon\\\/#respond\"]}]},{\"@type\":\"WebPage\",\"@id\":\"https:\\\/\\\/caru.org.uy\\\/nuevositio\\\/2025\\\/12\\\/16\\\/conmemoracion-del-cincuentenario-del-puente-internacional-paysandu-colon\\\/\",\"url\":\"https:\\\/\\\/caru.org.uy\\\/nuevositio\\\/2025\\\/12\\\/16\\\/conmemoracion-del-cincuentenario-del-puente-internacional-paysandu-colon\\\/\",\"name\":\"CONMEMORACI\u00d3N DEL CINCUENTENARIO DEL PUENTE INTERNACIONAL PAYSAND\u00da-COL\u00d3N % C.A.R.U. imagen\",\"isPartOf\":{\"@id\":\"https:\\\/\\\/caru.org.uy\\\/nuevositio\\\/#website\"},\"primaryImageOfPage\":{\"@id\":\"https:\\\/\\\/caru.org.uy\\\/nuevositio\\\/2025\\\/12\\\/16\\\/conmemoracion-del-cincuentenario-del-puente-internacional-paysandu-colon\\\/#primaryimage\"},\"image\":{\"@id\":\"https:\\\/\\\/caru.org.uy\\\/nuevositio\\\/2025\\\/12\\\/16\\\/conmemoracion-del-cincuentenario-del-puente-internacional-paysandu-colon\\\/#primaryimage\"},\"thumbnailUrl\":\"https:\\\/\\\/caru.org.uy\\\/nuevositio\\\/wp-content\\\/uploads\\\/2025\\\/12\\\/DSC_2447-1.jpg\",\"datePublished\":\"2025-12-16T18:15:50+00:00\",\"dateModified\":\"2025-12-19T11:53:39+00:00\",\"breadcrumb\":{\"@id\":\"https:\\\/\\\/caru.org.uy\\\/nuevositio\\\/2025\\\/12\\\/16\\\/conmemoracion-del-cincuentenario-del-puente-internacional-paysandu-colon\\\/#breadcrumb\"},\"inLanguage\":\"es\",\"potentialAction\":[{\"@type\":\"ReadAction\",\"target\":[\"https:\\\/\\\/caru.org.uy\\\/nuevositio\\\/2025\\\/12\\\/16\\\/conmemoracion-del-cincuentenario-del-puente-internacional-paysandu-colon\\\/\"]}]},{\"@type\":\"ImageObject\",\"inLanguage\":\"es\",\"@id\":\"https:\\\/\\\/caru.org.uy\\\/nuevositio\\\/2025\\\/12\\\/16\\\/conmemoracion-del-cincuentenario-del-puente-internacional-paysandu-colon\\\/#primaryimage\",\"url\":\"https:\\\/\\\/caru.org.uy\\\/nuevositio\\\/wp-content\\\/uploads\\\/2025\\\/12\\\/DSC_2447-1.jpg\",\"contentUrl\":\"https:\\\/\\\/caru.org.uy\\\/nuevositio\\\/wp-content\\\/uploads\\\/2025\\\/12\\\/DSC_2447-1.jpg\"},{\"@type\":\"BreadcrumbList\",\"@id\":\"https:\\\/\\\/caru.org.uy\\\/nuevositio\\\/2025\\\/12\\\/16\\\/conmemoracion-del-cincuentenario-del-puente-internacional-paysandu-colon\\\/#breadcrumb\",\"itemListElement\":[{\"@type\":\"ListItem\",\"position\":1,\"name\":\"Portada\",\"item\":\"https:\\\/\\\/caru.org.uy\\\/nuevositio\\\/\"},{\"@type\":\"ListItem\",\"position\":2,\"name\":\"CONMEMORACI\u00d3N DEL CINCUENTENARIO DEL PUENTE INTERNACIONAL PAYSAND\u00da-COL\u00d3N\"}]},{\"@type\":\"WebSite\",\"@id\":\"https:\\\/\\\/caru.org.uy\\\/nuevositio\\\/#website\",\"url\":\"https:\\\/\\\/caru.org.uy\\\/nuevositio\\\/\",\"name\":\"C.A.R.U.\",\"description\":\"Comisi\u00f3n Administradora del R\u00edo Uruguay\",\"publisher\":{\"@id\":\"https:\\\/\\\/caru.org.uy\\\/nuevositio\\\/#organization\"},\"potentialAction\":[{\"@type\":\"SearchAction\",\"target\":{\"@type\":\"EntryPoint\",\"urlTemplate\":\"https:\\\/\\\/caru.org.uy\\\/nuevositio\\\/?s={search_term_string}\"},\"query-input\":{\"@type\":\"PropertyValueSpecification\",\"valueRequired\":true,\"valueName\":\"search_term_string\"}}],\"inLanguage\":\"es\"},{\"@type\":\"Organization\",\"@id\":\"https:\\\/\\\/caru.org.uy\\\/nuevositio\\\/#organization\",\"name\":\"C.A.R.U.\",\"url\":\"https:\\\/\\\/caru.org.uy\\\/nuevositio\\\/\",\"logo\":{\"@type\":\"ImageObject\",\"inLanguage\":\"es\",\"@id\":\"https:\\\/\\\/caru.org.uy\\\/nuevositio\\\/#\\\/schema\\\/logo\\\/image\\\/\",\"url\":\"https:\\\/\\\/caru.org.uy\\\/nuevositio\\\/wp-content\\\/uploads\\\/2023\\\/11\\\/logo-nuevo.jpg\",\"contentUrl\":\"https:\\\/\\\/caru.org.uy\\\/nuevositio\\\/wp-content\\\/uploads\\\/2023\\\/11\\\/logo-nuevo.jpg\",\"width\":1,\"height\":1,\"caption\":\"C.A.R.U.\"},\"image\":{\"@id\":\"https:\\\/\\\/caru.org.uy\\\/nuevositio\\\/#\\\/schema\\\/logo\\\/image\\\/\"}},{\"@type\":\"Person\",\"@id\":\"https:\\\/\\\/caru.org.uy\\\/nuevositio\\\/#\\\/schema\\\/person\\\/fba625b864836c52fe4d995c9dc2869d\",\"name\":\"Federico\",\"image\":{\"@type\":\"ImageObject\",\"inLanguage\":\"es\",\"@id\":\"https:\\\/\\\/secure.gravatar.com\\\/avatar\\\/542d68923246b6c29256d811c3ce7f803fe17d6a190c813a52ef45fcda4733ad?s=96&d=mm&r=g\",\"url\":\"https:\\\/\\\/secure.gravatar.com\\\/avatar\\\/542d68923246b6c29256d811c3ce7f803fe17d6a190c813a52ef45fcda4733ad?s=96&d=mm&r=g\",\"contentUrl\":\"https:\\\/\\\/secure.gravatar.com\\\/avatar\\\/542d68923246b6c29256d811c3ce7f803fe17d6a190c813a52ef45fcda4733ad?s=96&d=mm&r=g\",\"caption\":\"Federico\"},\"url\":\"https:\\\/\\\/caru.org.uy\\\/nuevositio\\\/author\\\/federico\\\/\"}]}<\/script>\n<!-- \/ Yoast SEO plugin. -->","yoast_head_json":{"title":"CONMEMORACI\u00d3N DEL CINCUENTENARIO DEL PUENTE INTERNACIONAL PAYSAND\u00da-COL\u00d3N % C.A.R.U. imagen","robots":{"index":"index","follow":"follow","max-snippet":"max-snippet:-1","max-image-preview":"max-image-preview:large","max-video-preview":"max-video-preview:-1"},"canonical":"https:\/\/caru.org.uy\/nuevositio\/2025\/12\/16\/conmemoracion-del-cincuentenario-del-puente-internacional-paysandu-colon\/","og_locale":"es_ES","og_type":"article","og_title":"CONMEMORACI\u00d3N DEL CINCUENTENARIO DEL PUENTE INTERNACIONAL PAYSAND\u00da-COL\u00d3N % C.A.R.U. imagen","og_description":"La conmemoraci\u00f3n del cincuentenario del Puente Internacional Paysand\u00fa\u2013Col\u00f3n, inaugurado el 10 de diciembre de 1975, se llev\u00f3 a cabo en la sede de la Comisi\u00f3n Administradora del R\u00edo Uruguay (CARU), con la participaci\u00f3n de autoridades de ambas m\u00e1rgenes del r\u00edo Uruguay y referentes institucionales y comunitarios. El acto cont\u00f3 con la presencia de la Delegaci\u00f3n [&hellip;]","og_url":"https:\/\/caru.org.uy\/nuevositio\/2025\/12\/16\/conmemoracion-del-cincuentenario-del-puente-internacional-paysandu-colon\/","og_site_name":"C.A.R.U.","article_published_time":"2025-12-16T18:15:50+00:00","article_modified_time":"2025-12-19T11:53:39+00:00","og_image":[{"url":"https:\/\/caru.org.uy\/nuevositio\/wp-content\/uploads\/2025\/12\/DSC_2447-1.jpg","width":1,"height":1,"type":"image\/jpeg"}],"author":"Federico","twitter_card":"summary_large_image","twitter_misc":{"Escrito por":"Federico","Tiempo de lectura":"3 minutos"},"schema":{"@context":"https:\/\/schema.org","@graph":[{"@type":["Article","BlogPosting"],"@id":"https:\/\/caru.org.uy\/nuevositio\/2025\/12\/16\/conmemoracion-del-cincuentenario-del-puente-internacional-paysandu-colon\/#article","isPartOf":{"@id":"https:\/\/caru.org.uy\/nuevositio\/2025\/12\/16\/conmemoracion-del-cincuentenario-del-puente-internacional-paysandu-colon\/"},"author":{"name":"Federico","@id":"https:\/\/caru.org.uy\/nuevositio\/#\/schema\/person\/fba625b864836c52fe4d995c9dc2869d"},"headline":"CONMEMORACI\u00d3N DEL CINCUENTENARIO DEL PUENTE INTERNACIONAL PAYSAND\u00da-COL\u00d3N","datePublished":"2025-12-16T18:15:50+00:00","dateModified":"2025-12-19T11:53:39+00:00","mainEntityOfPage":{"@id":"https:\/\/caru.org.uy\/nuevositio\/2025\/12\/16\/conmemoracion-del-cincuentenario-del-puente-internacional-paysandu-colon\/"},"wordCount":285,"commentCount":0,"publisher":{"@id":"https:\/\/caru.org.uy\/nuevositio\/#organization"},"image":{"@id":"https:\/\/caru.org.uy\/nuevositio\/2025\/12\/16\/conmemoracion-del-cincuentenario-del-puente-internacional-paysandu-colon\/#primaryimage"},"thumbnailUrl":"https:\/\/caru.org.uy\/nuevositio\/wp-content\/uploads\/2025\/12\/DSC_2447-1.jpg","articleSection":["Noticias","Novedades"],"inLanguage":"es","potentialAction":[{"@type":"CommentAction","name":"Comment","target":["https:\/\/caru.org.uy\/nuevositio\/2025\/12\/16\/conmemoracion-del-cincuentenario-del-puente-internacional-paysandu-colon\/#respond"]}]},{"@type":"WebPage","@id":"https:\/\/caru.org.uy\/nuevositio\/2025\/12\/16\/conmemoracion-del-cincuentenario-del-puente-internacional-paysandu-colon\/","url":"https:\/\/caru.org.uy\/nuevositio\/2025\/12\/16\/conmemoracion-del-cincuentenario-del-puente-internacional-paysandu-colon\/","name":"CONMEMORACI\u00d3N DEL CINCUENTENARIO DEL PUENTE INTERNACIONAL PAYSAND\u00da-COL\u00d3N % C.A.R.U. imagen","isPartOf":{"@id":"https:\/\/caru.org.uy\/nuevositio\/#website"},"primaryImageOfPage":{"@id":"https:\/\/caru.org.uy\/nuevositio\/2025\/12\/16\/conmemoracion-del-cincuentenario-del-puente-internacional-paysandu-colon\/#primaryimage"},"image":{"@id":"https:\/\/caru.org.uy\/nuevositio\/2025\/12\/16\/conmemoracion-del-cincuentenario-del-puente-internacional-paysandu-colon\/#primaryimage"},"thumbnailUrl":"https:\/\/caru.org.uy\/nuevositio\/wp-content\/uploads\/2025\/12\/DSC_2447-1.jpg","datePublished":"2025-12-16T18:15:50+00:00","dateModified":"2025-12-19T11:53:39+00:00","breadcrumb":{"@id":"https:\/\/caru.org.uy\/nuevositio\/2025\/12\/16\/conmemoracion-del-cincuentenario-del-puente-internacional-paysandu-colon\/#breadcrumb"},"inLanguage":"es","potentialAction":[{"@type":"ReadAction","target":["https:\/\/caru.org.uy\/nuevositio\/2025\/12\/16\/conmemoracion-del-cincuentenario-del-puente-internacional-paysandu-colon\/"]}]},{"@type":"ImageObject","inLanguage":"es","@id":"https:\/\/caru.org.uy\/nuevositio\/2025\/12\/16\/conmemoracion-del-cincuentenario-del-puente-internacional-paysandu-colon\/#primaryimage","url":"https:\/\/caru.org.uy\/nuevositio\/wp-content\/uploads\/2025\/12\/DSC_2447-1.jpg","contentUrl":"https:\/\/caru.org.uy\/nuevositio\/wp-content\/uploads\/2025\/12\/DSC_2447-1.jpg"},{"@type":"BreadcrumbList","@id":"https:\/\/caru.org.uy\/nuevositio\/2025\/12\/16\/conmemoracion-del-cincuentenario-del-puente-internacional-paysandu-colon\/#breadcrumb","itemListElement":[{"@type":"ListItem","position":1,"name":"Portada","item":"https:\/\/caru.org.uy\/nuevositio\/"},{"@type":"ListItem","position":2,"name":"CONMEMORACI\u00d3N DEL CINCUENTENARIO DEL PUENTE INTERNACIONAL PAYSAND\u00da-COL\u00d3N"}]},{"@type":"WebSite","@id":"https:\/\/caru.org.uy\/nuevositio\/#website","url":"https:\/\/caru.org.uy\/nuevositio\/","name":"C.A.R.U.","description":"Comisi\u00f3n Administradora del R\u00edo Uruguay","publisher":{"@id":"https:\/\/caru.org.uy\/nuevositio\/#organization"},"potentialAction":[{"@type":"SearchAction","target":{"@type":"EntryPoint","urlTemplate":"https:\/\/caru.org.uy\/nuevositio\/?s={search_term_string}"},"query-input":{"@type":"PropertyValueSpecification","valueRequired":true,"valueName":"search_term_string"}}],"inLanguage":"es"},{"@type":"Organization","@id":"https:\/\/caru.org.uy\/nuevositio\/#organization","name":"C.A.R.U.","url":"https:\/\/caru.org.uy\/nuevositio\/","logo":{"@type":"ImageObject","inLanguage":"es","@id":"https:\/\/caru.org.uy\/nuevositio\/#\/schema\/logo\/image\/","url":"https:\/\/caru.org.uy\/nuevositio\/wp-content\/uploads\/2023\/11\/logo-nuevo.jpg","contentUrl":"https:\/\/caru.org.uy\/nuevositio\/wp-content\/uploads\/2023\/11\/logo-nuevo.jpg","width":1,"height":1,"caption":"C.A.R.U."},"image":{"@id":"https:\/\/caru.org.uy\/nuevositio\/#\/schema\/logo\/image\/"}},{"@type":"Person","@id":"https:\/\/caru.org.uy\/nuevositio\/#\/schema\/person\/fba625b864836c52fe4d995c9dc2869d","name":"Federico","image":{"@type":"ImageObject","inLanguage":"es","@id":"https:\/\/secure.gravatar.com\/avatar\/542d68923246b6c29256d811c3ce7f803fe17d6a190c813a52ef45fcda4733ad?s=96&d=mm&r=g","url":"https:\/\/secure.gravatar.com\/avatar\/542d68923246b6c29256d811c3ce7f803fe17d6a190c813a52ef45fcda4733ad?s=96&d=mm&r=g","contentUrl":"https:\/\/secure.gravatar.com\/avatar\/542d68923246b6c29256d811c3ce7f803fe17d6a190c813a52ef45fcda4733ad?s=96&d=mm&r=g","caption":"Federico"},"url":"https:\/\/caru.org.uy\/nuevositio\/author\/federico\/"}]}},"_links":{"self":[{"href":"https:\/\/caru.org.uy\/nuevositio\/wp-json\/wp\/v2\/posts\/12364","targetHints":{"allow":["GET"]}}],"collection":[{"href":"https:\/\/caru.org.uy\/nuevositio\/wp-json\/wp\/v2\/posts"}],"about":[{"href":"https:\/\/caru.org.uy\/nuevositio\/wp-json\/wp\/v2\/types\/post"}],"author":[{"embeddable":true,"href":"https:\/\/caru.org.uy\/nuevositio\/wp-json\/wp\/v2\/users\/12"}],"replies":[{"embeddable":true,"href":"https:\/\/caru.org.uy\/nuevositio\/wp-json\/wp\/v2\/comments?post=12364"}],"version-history":[{"count":1,"href":"https:\/\/caru.org.uy\/nuevositio\/wp-json\/wp\/v2\/posts\/12364\/revisions"}],"predecessor-version":[{"id":12379,"href":"https:\/\/caru.org.uy\/nuevositio\/wp-json\/wp\/v2\/posts\/12364\/revisions\/12379"}],"wp:featuredmedia":[{"embeddable":true,"href":"https:\/\/caru.org.uy\/nuevositio\/wp-json\/wp\/v2\/media\/12376"}],"wp:attachment":[{"href":"https:\/\/caru.org.uy\/nuevositio\/wp-json\/wp\/v2\/media?parent=12364"}],"wp:term":[{"taxonomy":"category","embeddable":true,"href":"https:\/\/caru.org.uy\/nuevositio\/wp-json\/wp\/v2\/categories?post=12364"},{"taxonomy":"post_tag","embeddable":true,"href":"https:\/\/caru.org.uy\/nuevositio\/wp-json\/wp\/v2\/tags?post=12364"}],"curies":[{"name":"wp","href":"https:\/\/api.w.org\/{rel}","templated":true}]}}