{"id":12398,"date":"2025-12-21T14:18:58","date_gmt":"2025-12-21T17:18:58","guid":{"rendered":"https:\/\/caru.org.uy\/nuevositio\/?p=12398"},"modified":"2025-12-21T14:19:01","modified_gmt":"2025-12-21T17:19:01","slug":"en-el-ultimo-plenario-del-ano-se-aprobo-el-presupuesto-general-de-gastos-2026-de-caru","status":"publish","type":"post","link":"https:\/\/caru.org.uy\/nuevositio\/2025\/12\/21\/en-el-ultimo-plenario-del-ano-se-aprobo-el-presupuesto-general-de-gastos-2026-de-caru\/","title":{"rendered":"En el \u00faltimo Plenario del a\u00f1o, se aprob\u00f3 el presupuesto general de gastos 2026 de CARU"},"content":{"rendered":"\n<figure class=\"wp-block-image size-full is-resized\"><img fetchpriority=\"high\" decoding=\"async\" width=\"675\" height=\"384\" src=\"https:\/\/caru.org.uy\/nuevositio\/wp-content\/uploads\/2025\/12\/2e7b7740-5a68-42de-af53-42a24f408e7e.jpg\" alt=\"\" class=\"wp-image-12399\" style=\"width:999px;height:auto\" srcset=\"https:\/\/caru.org.uy\/nuevositio\/wp-content\/uploads\/2025\/12\/2e7b7740-5a68-42de-af53-42a24f408e7e.jpg 675w, https:\/\/caru.org.uy\/nuevositio\/wp-content\/uploads\/2025\/12\/2e7b7740-5a68-42de-af53-42a24f408e7e-300x171.jpg 300w\" sizes=\"(max-width: 675px) 100vw, 675px\" \/><\/figure>\n\n\n\n<p><\/p>\n\n\n\n<p><strong>En la \u00faltima sesi\u00f3n de 2025, ambas delegaciones debatieron y aprobaron el presupuesto para el funcionamiento de las distintas \u00e1reas de gobierno del organismo binacional.<\/strong><\/p>\n\n\n\n<p>Durante la ma\u00f1ana del viernes, ambas partes aprobaron el primer presupuesto general de gastos de CARU de la actual gesti\u00f3n, dado que ambas delegaciones asumieron en el mes de junio pasado.<\/p>\n\n\n\n<p>Por lo tanto, en 2026 se podr\u00e1 ejecutar el primer dise\u00f1o de gasto e inversi\u00f3n, que fue confeccionado, debatido y aprobado por la actual gesti\u00f3n.&nbsp;<\/p>\n\n\n\n<p>Recordemos que el organismo binacional est\u00e1 terminando su ejercicio financiero 2025 con super\u00e1vit, lo que posibilita incrementar la inversi\u00f3n en obras para mejorar la navegabilidad en el R\u00edo Uruguay durante el pr\u00f3ximo ejercicio.<\/p>\n\n\n\n<p><\/p>\n","protected":false},"excerpt":{"rendered":"<p>En la \u00faltima sesi\u00f3n de 2025, ambas delegaciones debatieron y aprobaron el presupuesto para el funcionamiento de las distintas \u00e1reas de gobierno del organismo binacional. Durante la ma\u00f1ana del viernes, ambas partes aprobaron el primer presupuesto general de gastos de CARU de la actual gesti\u00f3n, dado que ambas delegaciones asumieron en el mes de junio [&hellip;]<\/p>\n","protected":false},"author":12,"featured_media":12400,"comment_status":"open","ping_status":"open","sticky":false,"template":"","format":"standard","meta":{"_acf_changed":false,"_joinchat":[],"footnotes":""},"categories":[37,27],"tags":[],"class_list":["post-12398","post","type-post","status-publish","format-standard","has-post-thumbnail","hentry","category-noticias","category-novedades"],"acf":[],"yoast_head":"<!-- This site is optimized with the Yoast SEO plugin v27.3 - https:\/\/yoast.com\/product\/yoast-seo-wordpress\/ -->\n<title>En el \u00faltimo Plenario del a\u00f1o, se aprob\u00f3 el presupuesto general de gastos 2026 de CARU % C.A.R.U. imagen<\/title>\n<meta name=\"robots\" content=\"index, follow, max-snippet:-1, max-image-preview:large, max-video-preview:-1\" \/>\n<link rel=\"canonical\" href=\"https:\/\/caru.org.uy\/nuevositio\/2025\/12\/21\/en-el-ultimo-plenario-del-ano-se-aprobo-el-presupuesto-general-de-gastos-2026-de-caru\/\" \/>\n<meta property=\"og:locale\" content=\"es_ES\" \/>\n<meta property=\"og:type\" content=\"article\" \/>\n<meta property=\"og:title\" content=\"En el \u00faltimo Plenario del a\u00f1o, se aprob\u00f3 el presupuesto general de gastos 2026 de CARU % C.A.R.U. imagen\" \/>\n<meta property=\"og:description\" content=\"En la \u00faltima sesi\u00f3n de 2025, ambas delegaciones debatieron y aprobaron el presupuesto para el funcionamiento de las distintas \u00e1reas de gobierno del organismo binacional. Durante la ma\u00f1ana del viernes, ambas partes aprobaron el primer presupuesto general de gastos de CARU de la actual gesti\u00f3n, dado que ambas delegaciones asumieron en el mes de junio [&hellip;]\" \/>\n<meta property=\"og:url\" content=\"https:\/\/caru.org.uy\/nuevositio\/2025\/12\/21\/en-el-ultimo-plenario-del-ano-se-aprobo-el-presupuesto-general-de-gastos-2026-de-caru\/\" \/>\n<meta property=\"og:site_name\" content=\"C.A.R.U.\" \/>\n<meta property=\"article:published_time\" content=\"2025-12-21T17:18:58+00:00\" \/>\n<meta property=\"article:modified_time\" content=\"2025-12-21T17:19:01+00:00\" \/>\n<meta property=\"og:image\" content=\"https:\/\/caru.org.uy\/nuevositio\/wp-content\/uploads\/2025\/12\/2e7b7740-5a68-42de-af53-42a24f408e7e-1.jpg\" \/>\n\t<meta property=\"og:image:width\" content=\"675\" \/>\n\t<meta property=\"og:image:height\" content=\"384\" \/>\n\t<meta property=\"og:image:type\" content=\"image\/jpeg\" \/>\n<meta name=\"author\" content=\"Federico\" \/>\n<meta name=\"twitter:card\" content=\"summary_large_image\" \/>\n<meta name=\"twitter:label1\" content=\"Escrito por\" \/>\n\t<meta name=\"twitter:data1\" content=\"Federico\" \/>\n\t<meta name=\"twitter:label2\" content=\"Tiempo de lectura\" \/>\n\t<meta name=\"twitter:data2\" content=\"1 minuto\" \/>\n<script type=\"application\/ld+json\" class=\"yoast-schema-graph\">{\"@context\":\"https:\\\/\\\/schema.org\",\"@graph\":[{\"@type\":[\"Article\",\"BlogPosting\"],\"@id\":\"https:\\\/\\\/caru.org.uy\\\/nuevositio\\\/2025\\\/12\\\/21\\\/en-el-ultimo-plenario-del-ano-se-aprobo-el-presupuesto-general-de-gastos-2026-de-caru\\\/#article\",\"isPartOf\":{\"@id\":\"https:\\\/\\\/caru.org.uy\\\/nuevositio\\\/2025\\\/12\\\/21\\\/en-el-ultimo-plenario-del-ano-se-aprobo-el-presupuesto-general-de-gastos-2026-de-caru\\\/\"},\"author\":{\"name\":\"Federico\",\"@id\":\"https:\\\/\\\/caru.org.uy\\\/nuevositio\\\/#\\\/schema\\\/person\\\/fba625b864836c52fe4d995c9dc2869d\"},\"headline\":\"En el \u00faltimo Plenario del a\u00f1o, se aprob\u00f3 el presupuesto general de gastos 2026 de CARU\",\"datePublished\":\"2025-12-21T17:18:58+00:00\",\"dateModified\":\"2025-12-21T17:19:01+00:00\",\"mainEntityOfPage\":{\"@id\":\"https:\\\/\\\/caru.org.uy\\\/nuevositio\\\/2025\\\/12\\\/21\\\/en-el-ultimo-plenario-del-ano-se-aprobo-el-presupuesto-general-de-gastos-2026-de-caru\\\/\"},\"wordCount\":138,\"commentCount\":0,\"publisher\":{\"@id\":\"https:\\\/\\\/caru.org.uy\\\/nuevositio\\\/#organization\"},\"image\":{\"@id\":\"https:\\\/\\\/caru.org.uy\\\/nuevositio\\\/2025\\\/12\\\/21\\\/en-el-ultimo-plenario-del-ano-se-aprobo-el-presupuesto-general-de-gastos-2026-de-caru\\\/#primaryimage\"},\"thumbnailUrl\":\"https:\\\/\\\/caru.org.uy\\\/nuevositio\\\/wp-content\\\/uploads\\\/2025\\\/12\\\/2e7b7740-5a68-42de-af53-42a24f408e7e-1.jpg\",\"articleSection\":[\"Noticias\",\"Novedades\"],\"inLanguage\":\"es\",\"potentialAction\":[{\"@type\":\"CommentAction\",\"name\":\"Comment\",\"target\":[\"https:\\\/\\\/caru.org.uy\\\/nuevositio\\\/2025\\\/12\\\/21\\\/en-el-ultimo-plenario-del-ano-se-aprobo-el-presupuesto-general-de-gastos-2026-de-caru\\\/#respond\"]}]},{\"@type\":\"WebPage\",\"@id\":\"https:\\\/\\\/caru.org.uy\\\/nuevositio\\\/2025\\\/12\\\/21\\\/en-el-ultimo-plenario-del-ano-se-aprobo-el-presupuesto-general-de-gastos-2026-de-caru\\\/\",\"url\":\"https:\\\/\\\/caru.org.uy\\\/nuevositio\\\/2025\\\/12\\\/21\\\/en-el-ultimo-plenario-del-ano-se-aprobo-el-presupuesto-general-de-gastos-2026-de-caru\\\/\",\"name\":\"En el \u00faltimo Plenario del a\u00f1o, se aprob\u00f3 el presupuesto general de gastos 2026 de CARU % C.A.R.U. imagen\",\"isPartOf\":{\"@id\":\"https:\\\/\\\/caru.org.uy\\\/nuevositio\\\/#website\"},\"primaryImageOfPage\":{\"@id\":\"https:\\\/\\\/caru.org.uy\\\/nuevositio\\\/2025\\\/12\\\/21\\\/en-el-ultimo-plenario-del-ano-se-aprobo-el-presupuesto-general-de-gastos-2026-de-caru\\\/#primaryimage\"},\"image\":{\"@id\":\"https:\\\/\\\/caru.org.uy\\\/nuevositio\\\/2025\\\/12\\\/21\\\/en-el-ultimo-plenario-del-ano-se-aprobo-el-presupuesto-general-de-gastos-2026-de-caru\\\/#primaryimage\"},\"thumbnailUrl\":\"https:\\\/\\\/caru.org.uy\\\/nuevositio\\\/wp-content\\\/uploads\\\/2025\\\/12\\\/2e7b7740-5a68-42de-af53-42a24f408e7e-1.jpg\",\"datePublished\":\"2025-12-21T17:18:58+00:00\",\"dateModified\":\"2025-12-21T17:19:01+00:00\",\"breadcrumb\":{\"@id\":\"https:\\\/\\\/caru.org.uy\\\/nuevositio\\\/2025\\\/12\\\/21\\\/en-el-ultimo-plenario-del-ano-se-aprobo-el-presupuesto-general-de-gastos-2026-de-caru\\\/#breadcrumb\"},\"inLanguage\":\"es\",\"potentialAction\":[{\"@type\":\"ReadAction\",\"target\":[\"https:\\\/\\\/caru.org.uy\\\/nuevositio\\\/2025\\\/12\\\/21\\\/en-el-ultimo-plenario-del-ano-se-aprobo-el-presupuesto-general-de-gastos-2026-de-caru\\\/\"]}]},{\"@type\":\"ImageObject\",\"inLanguage\":\"es\",\"@id\":\"https:\\\/\\\/caru.org.uy\\\/nuevositio\\\/2025\\\/12\\\/21\\\/en-el-ultimo-plenario-del-ano-se-aprobo-el-presupuesto-general-de-gastos-2026-de-caru\\\/#primaryimage\",\"url\":\"https:\\\/\\\/caru.org.uy\\\/nuevositio\\\/wp-content\\\/uploads\\\/2025\\\/12\\\/2e7b7740-5a68-42de-af53-42a24f408e7e-1.jpg\",\"contentUrl\":\"https:\\\/\\\/caru.org.uy\\\/nuevositio\\\/wp-content\\\/uploads\\\/2025\\\/12\\\/2e7b7740-5a68-42de-af53-42a24f408e7e-1.jpg\",\"width\":675,\"height\":384},{\"@type\":\"BreadcrumbList\",\"@id\":\"https:\\\/\\\/caru.org.uy\\\/nuevositio\\\/2025\\\/12\\\/21\\\/en-el-ultimo-plenario-del-ano-se-aprobo-el-presupuesto-general-de-gastos-2026-de-caru\\\/#breadcrumb\",\"itemListElement\":[{\"@type\":\"ListItem\",\"position\":1,\"name\":\"Portada\",\"item\":\"https:\\\/\\\/caru.org.uy\\\/nuevositio\\\/\"},{\"@type\":\"ListItem\",\"position\":2,\"name\":\"En el \u00faltimo Plenario del a\u00f1o, se aprob\u00f3 el presupuesto general de gastos 2026 de CARU\"}]},{\"@type\":\"WebSite\",\"@id\":\"https:\\\/\\\/caru.org.uy\\\/nuevositio\\\/#website\",\"url\":\"https:\\\/\\\/caru.org.uy\\\/nuevositio\\\/\",\"name\":\"C.A.R.U.\",\"description\":\"Comisi\u00f3n Administradora del R\u00edo Uruguay\",\"publisher\":{\"@id\":\"https:\\\/\\\/caru.org.uy\\\/nuevositio\\\/#organization\"},\"potentialAction\":[{\"@type\":\"SearchAction\",\"target\":{\"@type\":\"EntryPoint\",\"urlTemplate\":\"https:\\\/\\\/caru.org.uy\\\/nuevositio\\\/?s={search_term_string}\"},\"query-input\":{\"@type\":\"PropertyValueSpecification\",\"valueRequired\":true,\"valueName\":\"search_term_string\"}}],\"inLanguage\":\"es\"},{\"@type\":\"Organization\",\"@id\":\"https:\\\/\\\/caru.org.uy\\\/nuevositio\\\/#organization\",\"name\":\"C.A.R.U.\",\"url\":\"https:\\\/\\\/caru.org.uy\\\/nuevositio\\\/\",\"logo\":{\"@type\":\"ImageObject\",\"inLanguage\":\"es\",\"@id\":\"https:\\\/\\\/caru.org.uy\\\/nuevositio\\\/#\\\/schema\\\/logo\\\/image\\\/\",\"url\":\"https:\\\/\\\/caru.org.uy\\\/nuevositio\\\/wp-content\\\/uploads\\\/2023\\\/11\\\/logo-nuevo.jpg\",\"contentUrl\":\"https:\\\/\\\/caru.org.uy\\\/nuevositio\\\/wp-content\\\/uploads\\\/2023\\\/11\\\/logo-nuevo.jpg\",\"width\":1,\"height\":1,\"caption\":\"C.A.R.U.\"},\"image\":{\"@id\":\"https:\\\/\\\/caru.org.uy\\\/nuevositio\\\/#\\\/schema\\\/logo\\\/image\\\/\"}},{\"@type\":\"Person\",\"@id\":\"https:\\\/\\\/caru.org.uy\\\/nuevositio\\\/#\\\/schema\\\/person\\\/fba625b864836c52fe4d995c9dc2869d\",\"name\":\"Federico\",\"image\":{\"@type\":\"ImageObject\",\"inLanguage\":\"es\",\"@id\":\"https:\\\/\\\/secure.gravatar.com\\\/avatar\\\/542d68923246b6c29256d811c3ce7f803fe17d6a190c813a52ef45fcda4733ad?s=96&d=mm&r=g\",\"url\":\"https:\\\/\\\/secure.gravatar.com\\\/avatar\\\/542d68923246b6c29256d811c3ce7f803fe17d6a190c813a52ef45fcda4733ad?s=96&d=mm&r=g\",\"contentUrl\":\"https:\\\/\\\/secure.gravatar.com\\\/avatar\\\/542d68923246b6c29256d811c3ce7f803fe17d6a190c813a52ef45fcda4733ad?s=96&d=mm&r=g\",\"caption\":\"Federico\"},\"url\":\"https:\\\/\\\/caru.org.uy\\\/nuevositio\\\/author\\\/federico\\\/\"}]}<\/script>\n<!-- \/ Yoast SEO plugin. -->","yoast_head_json":{"title":"En el \u00faltimo Plenario del a\u00f1o, se aprob\u00f3 el presupuesto general de gastos 2026 de CARU % C.A.R.U. imagen","robots":{"index":"index","follow":"follow","max-snippet":"max-snippet:-1","max-image-preview":"max-image-preview:large","max-video-preview":"max-video-preview:-1"},"canonical":"https:\/\/caru.org.uy\/nuevositio\/2025\/12\/21\/en-el-ultimo-plenario-del-ano-se-aprobo-el-presupuesto-general-de-gastos-2026-de-caru\/","og_locale":"es_ES","og_type":"article","og_title":"En el \u00faltimo Plenario del a\u00f1o, se aprob\u00f3 el presupuesto general de gastos 2026 de CARU % C.A.R.U. imagen","og_description":"En la \u00faltima sesi\u00f3n de 2025, ambas delegaciones debatieron y aprobaron el presupuesto para el funcionamiento de las distintas \u00e1reas de gobierno del organismo binacional. Durante la ma\u00f1ana del viernes, ambas partes aprobaron el primer presupuesto general de gastos de CARU de la actual gesti\u00f3n, dado que ambas delegaciones asumieron en el mes de junio [&hellip;]","og_url":"https:\/\/caru.org.uy\/nuevositio\/2025\/12\/21\/en-el-ultimo-plenario-del-ano-se-aprobo-el-presupuesto-general-de-gastos-2026-de-caru\/","og_site_name":"C.A.R.U.","article_published_time":"2025-12-21T17:18:58+00:00","article_modified_time":"2025-12-21T17:19:01+00:00","og_image":[{"width":675,"height":384,"url":"https:\/\/caru.org.uy\/nuevositio\/wp-content\/uploads\/2025\/12\/2e7b7740-5a68-42de-af53-42a24f408e7e-1.jpg","type":"image\/jpeg"}],"author":"Federico","twitter_card":"summary_large_image","twitter_misc":{"Escrito por":"Federico","Tiempo de lectura":"1 minuto"},"schema":{"@context":"https:\/\/schema.org","@graph":[{"@type":["Article","BlogPosting"],"@id":"https:\/\/caru.org.uy\/nuevositio\/2025\/12\/21\/en-el-ultimo-plenario-del-ano-se-aprobo-el-presupuesto-general-de-gastos-2026-de-caru\/#article","isPartOf":{"@id":"https:\/\/caru.org.uy\/nuevositio\/2025\/12\/21\/en-el-ultimo-plenario-del-ano-se-aprobo-el-presupuesto-general-de-gastos-2026-de-caru\/"},"author":{"name":"Federico","@id":"https:\/\/caru.org.uy\/nuevositio\/#\/schema\/person\/fba625b864836c52fe4d995c9dc2869d"},"headline":"En el \u00faltimo Plenario del a\u00f1o, se aprob\u00f3 el presupuesto general de gastos 2026 de CARU","datePublished":"2025-12-21T17:18:58+00:00","dateModified":"2025-12-21T17:19:01+00:00","mainEntityOfPage":{"@id":"https:\/\/caru.org.uy\/nuevositio\/2025\/12\/21\/en-el-ultimo-plenario-del-ano-se-aprobo-el-presupuesto-general-de-gastos-2026-de-caru\/"},"wordCount":138,"commentCount":0,"publisher":{"@id":"https:\/\/caru.org.uy\/nuevositio\/#organization"},"image":{"@id":"https:\/\/caru.org.uy\/nuevositio\/2025\/12\/21\/en-el-ultimo-plenario-del-ano-se-aprobo-el-presupuesto-general-de-gastos-2026-de-caru\/#primaryimage"},"thumbnailUrl":"https:\/\/caru.org.uy\/nuevositio\/wp-content\/uploads\/2025\/12\/2e7b7740-5a68-42de-af53-42a24f408e7e-1.jpg","articleSection":["Noticias","Novedades"],"inLanguage":"es","potentialAction":[{"@type":"CommentAction","name":"Comment","target":["https:\/\/caru.org.uy\/nuevositio\/2025\/12\/21\/en-el-ultimo-plenario-del-ano-se-aprobo-el-presupuesto-general-de-gastos-2026-de-caru\/#respond"]}]},{"@type":"WebPage","@id":"https:\/\/caru.org.uy\/nuevositio\/2025\/12\/21\/en-el-ultimo-plenario-del-ano-se-aprobo-el-presupuesto-general-de-gastos-2026-de-caru\/","url":"https:\/\/caru.org.uy\/nuevositio\/2025\/12\/21\/en-el-ultimo-plenario-del-ano-se-aprobo-el-presupuesto-general-de-gastos-2026-de-caru\/","name":"En el \u00faltimo Plenario del a\u00f1o, se aprob\u00f3 el presupuesto general de gastos 2026 de CARU % C.A.R.U. imagen","isPartOf":{"@id":"https:\/\/caru.org.uy\/nuevositio\/#website"},"primaryImageOfPage":{"@id":"https:\/\/caru.org.uy\/nuevositio\/2025\/12\/21\/en-el-ultimo-plenario-del-ano-se-aprobo-el-presupuesto-general-de-gastos-2026-de-caru\/#primaryimage"},"image":{"@id":"https:\/\/caru.org.uy\/nuevositio\/2025\/12\/21\/en-el-ultimo-plenario-del-ano-se-aprobo-el-presupuesto-general-de-gastos-2026-de-caru\/#primaryimage"},"thumbnailUrl":"https:\/\/caru.org.uy\/nuevositio\/wp-content\/uploads\/2025\/12\/2e7b7740-5a68-42de-af53-42a24f408e7e-1.jpg","datePublished":"2025-12-21T17:18:58+00:00","dateModified":"2025-12-21T17:19:01+00:00","breadcrumb":{"@id":"https:\/\/caru.org.uy\/nuevositio\/2025\/12\/21\/en-el-ultimo-plenario-del-ano-se-aprobo-el-presupuesto-general-de-gastos-2026-de-caru\/#breadcrumb"},"inLanguage":"es","potentialAction":[{"@type":"ReadAction","target":["https:\/\/caru.org.uy\/nuevositio\/2025\/12\/21\/en-el-ultimo-plenario-del-ano-se-aprobo-el-presupuesto-general-de-gastos-2026-de-caru\/"]}]},{"@type":"ImageObject","inLanguage":"es","@id":"https:\/\/caru.org.uy\/nuevositio\/2025\/12\/21\/en-el-ultimo-plenario-del-ano-se-aprobo-el-presupuesto-general-de-gastos-2026-de-caru\/#primaryimage","url":"https:\/\/caru.org.uy\/nuevositio\/wp-content\/uploads\/2025\/12\/2e7b7740-5a68-42de-af53-42a24f408e7e-1.jpg","contentUrl":"https:\/\/caru.org.uy\/nuevositio\/wp-content\/uploads\/2025\/12\/2e7b7740-5a68-42de-af53-42a24f408e7e-1.jpg","width":675,"height":384},{"@type":"BreadcrumbList","@id":"https:\/\/caru.org.uy\/nuevositio\/2025\/12\/21\/en-el-ultimo-plenario-del-ano-se-aprobo-el-presupuesto-general-de-gastos-2026-de-caru\/#breadcrumb","itemListElement":[{"@type":"ListItem","position":1,"name":"Portada","item":"https:\/\/caru.org.uy\/nuevositio\/"},{"@type":"ListItem","position":2,"name":"En el \u00faltimo Plenario del a\u00f1o, se aprob\u00f3 el presupuesto general de gastos 2026 de CARU"}]},{"@type":"WebSite","@id":"https:\/\/caru.org.uy\/nuevositio\/#website","url":"https:\/\/caru.org.uy\/nuevositio\/","name":"C.A.R.U.","description":"Comisi\u00f3n Administradora del R\u00edo Uruguay","publisher":{"@id":"https:\/\/caru.org.uy\/nuevositio\/#organization"},"potentialAction":[{"@type":"SearchAction","target":{"@type":"EntryPoint","urlTemplate":"https:\/\/caru.org.uy\/nuevositio\/?s={search_term_string}"},"query-input":{"@type":"PropertyValueSpecification","valueRequired":true,"valueName":"search_term_string"}}],"inLanguage":"es"},{"@type":"Organization","@id":"https:\/\/caru.org.uy\/nuevositio\/#organization","name":"C.A.R.U.","url":"https:\/\/caru.org.uy\/nuevositio\/","logo":{"@type":"ImageObject","inLanguage":"es","@id":"https:\/\/caru.org.uy\/nuevositio\/#\/schema\/logo\/image\/","url":"https:\/\/caru.org.uy\/nuevositio\/wp-content\/uploads\/2023\/11\/logo-nuevo.jpg","contentUrl":"https:\/\/caru.org.uy\/nuevositio\/wp-content\/uploads\/2023\/11\/logo-nuevo.jpg","width":1,"height":1,"caption":"C.A.R.U."},"image":{"@id":"https:\/\/caru.org.uy\/nuevositio\/#\/schema\/logo\/image\/"}},{"@type":"Person","@id":"https:\/\/caru.org.uy\/nuevositio\/#\/schema\/person\/fba625b864836c52fe4d995c9dc2869d","name":"Federico","image":{"@type":"ImageObject","inLanguage":"es","@id":"https:\/\/secure.gravatar.com\/avatar\/542d68923246b6c29256d811c3ce7f803fe17d6a190c813a52ef45fcda4733ad?s=96&d=mm&r=g","url":"https:\/\/secure.gravatar.com\/avatar\/542d68923246b6c29256d811c3ce7f803fe17d6a190c813a52ef45fcda4733ad?s=96&d=mm&r=g","contentUrl":"https:\/\/secure.gravatar.com\/avatar\/542d68923246b6c29256d811c3ce7f803fe17d6a190c813a52ef45fcda4733ad?s=96&d=mm&r=g","caption":"Federico"},"url":"https:\/\/caru.org.uy\/nuevositio\/author\/federico\/"}]}},"_links":{"self":[{"href":"https:\/\/caru.org.uy\/nuevositio\/wp-json\/wp\/v2\/posts\/12398","targetHints":{"allow":["GET"]}}],"collection":[{"href":"https:\/\/caru.org.uy\/nuevositio\/wp-json\/wp\/v2\/posts"}],"about":[{"href":"https:\/\/caru.org.uy\/nuevositio\/wp-json\/wp\/v2\/types\/post"}],"author":[{"embeddable":true,"href":"https:\/\/caru.org.uy\/nuevositio\/wp-json\/wp\/v2\/users\/12"}],"replies":[{"embeddable":true,"href":"https:\/\/caru.org.uy\/nuevositio\/wp-json\/wp\/v2\/comments?post=12398"}],"version-history":[{"count":1,"href":"https:\/\/caru.org.uy\/nuevositio\/wp-json\/wp\/v2\/posts\/12398\/revisions"}],"predecessor-version":[{"id":12401,"href":"https:\/\/caru.org.uy\/nuevositio\/wp-json\/wp\/v2\/posts\/12398\/revisions\/12401"}],"wp:featuredmedia":[{"embeddable":true,"href":"https:\/\/caru.org.uy\/nuevositio\/wp-json\/wp\/v2\/media\/12400"}],"wp:attachment":[{"href":"https:\/\/caru.org.uy\/nuevositio\/wp-json\/wp\/v2\/media?parent=12398"}],"wp:term":[{"taxonomy":"category","embeddable":true,"href":"https:\/\/caru.org.uy\/nuevositio\/wp-json\/wp\/v2\/categories?post=12398"},{"taxonomy":"post_tag","embeddable":true,"href":"https:\/\/caru.org.uy\/nuevositio\/wp-json\/wp\/v2\/tags?post=12398"}],"curies":[{"name":"wp","href":"https:\/\/api.w.org\/{rel}","templated":true}]}}