{"id":12402,"date":"2025-12-21T14:51:00","date_gmt":"2025-12-21T17:51:00","guid":{"rendered":"https:\/\/caru.org.uy\/nuevositio\/?p=12402"},"modified":"2025-12-21T14:51:03","modified_gmt":"2025-12-21T17:51:03","slug":"inauguracion-de-restauracion-avenida-de-las-americas-paysandu","status":"publish","type":"post","link":"https:\/\/caru.org.uy\/nuevositio\/2025\/12\/21\/inauguracion-de-restauracion-avenida-de-las-americas-paysandu\/","title":{"rendered":"Inauguraci\u00f3n de restauraci\u00f3n; Avenida de\u00a0las Am\u00e9ricas Paysand\u00fa"},"content":{"rendered":"\n<figure class=\"wp-block-image size-full is-resized\"><img fetchpriority=\"high\" decoding=\"async\" width=\"630\" height=\"381\" src=\"https:\/\/caru.org.uy\/nuevositio\/wp-content\/uploads\/2025\/12\/7278488e-eafb-4530-a735-498fafff2c0b-1.jpg\" alt=\"\" class=\"wp-image-12404\" style=\"width:1010px;height:auto\" srcset=\"https:\/\/caru.org.uy\/nuevositio\/wp-content\/uploads\/2025\/12\/7278488e-eafb-4530-a735-498fafff2c0b-1.jpg 630w, https:\/\/caru.org.uy\/nuevositio\/wp-content\/uploads\/2025\/12\/7278488e-eafb-4530-a735-498fafff2c0b-1-300x181.jpg 300w\" sizes=\"(max-width: 630px) 100vw, 630px\" \/><\/figure>\n\n\n\n<p><\/p>\n\n\n\n<p>El nuevo acceso de doble v\u00eda, que une a la ciudad de Paysand\u00fa con el puente Internacional General Artigas, mejora sustancialmente el flujo de tr\u00e1nsito y la seguridad vial de cara a la temporada tur\u00edstica.&nbsp;&nbsp;<\/p>\n\n\n\n<p>Con la presencia de la ministra de Transporte y Obras P\u00fablicas Luc\u00eda Etcheverry, el intendente de Paysand\u00fa, Nicol\u00e1s Olivera, ediles, diputados y representantes de las fuerzas de seguridad, se inaugur\u00f3 durante la ma\u00f1ana del viernes, la obra de rehabilitaci\u00f3n de Avenida de las Am\u00e9ricas, en Paysand\u00fa, desde ruta 3 hasta el Puente Internacional Artigas.<\/p>\n\n\n\n<p>En el acto tambi\u00e9n estuvieron los representantes de la Comisi\u00f3n Administradora del R\u00edo Uruguay, la presidencia Argentina y la vicepresidente Cecilia Bottino Fiuri qui\u00e9n particip\u00f3 del corte de cinta inaugural, junto a las dem\u00e1s autoridades pol\u00edticas y organizaciones no gubernamentales.&nbsp;&nbsp;&nbsp;<\/p>\n\n\n\n<p>La obra estuvo a cargo del Consorcio L.P. Pietroboni- Berkes, que demand\u00f3 una inversi\u00f3n de 326.196.832 pesos uruguayos (8.305.000 d\u00f3lares) e incluy\u00f3 dos rotondas en Bulevar Artigas y Park Way, como as\u00ed tambi\u00e9n las calzadas auxiliares, nueva luminaria, se\u00f1alizaci\u00f3n vial vertical y horizontal.&nbsp;&nbsp;<\/p>\n\n\n\n<p>\u201cLas obras generan cosas que no son tan visibles como dinamizar la econom\u00eda loca\u201d y \u201csi crece la econom\u00eda hay mejores condiciones para fortalecer pol\u00edticas sociales, de educaci\u00f3n y para que cada departamento tenga posibilidades de desarrollo\u201d, expres\u00f3 la ministra Luc\u00eda Etcheverry.&nbsp;<\/p>\n\n\n\n<p>En tanto el intendente Nicol\u00e1s Olivera remarc\u00f3 que: \u201cPoder inaugurar esta obra en el departamento jerarquiza el acceso al pa\u00eds y a nuestra ciudad adem\u00e1s de brindar m\u00e1s seguridad\u201d.<\/p>\n\n\n\n<p><\/p>\n","protected":false},"excerpt":{"rendered":"<p>El nuevo acceso de doble v\u00eda, que une a la ciudad de Paysand\u00fa con el puente Internacional General Artigas, mejora sustancialmente el flujo de tr\u00e1nsito y la seguridad vial de cara a la temporada tur\u00edstica.&nbsp;&nbsp; Con la presencia de la ministra de Transporte y Obras P\u00fablicas Luc\u00eda Etcheverry, el intendente de Paysand\u00fa, Nicol\u00e1s Olivera, ediles, [&hellip;]<\/p>\n","protected":false},"author":12,"featured_media":12403,"comment_status":"open","ping_status":"open","sticky":false,"template":"","format":"standard","meta":{"_acf_changed":false,"_joinchat":[],"footnotes":""},"categories":[37,27],"tags":[],"class_list":["post-12402","post","type-post","status-publish","format-standard","has-post-thumbnail","hentry","category-noticias","category-novedades"],"acf":[],"yoast_head":"<!-- This site is optimized with the Yoast SEO plugin v27.3 - https:\/\/yoast.com\/product\/yoast-seo-wordpress\/ -->\n<title>Inauguraci\u00f3n de restauraci\u00f3n; Avenida de\u00a0las Am\u00e9ricas Paysand\u00fa % C.A.R.U. imagen<\/title>\n<meta name=\"robots\" content=\"index, follow, max-snippet:-1, max-image-preview:large, max-video-preview:-1\" \/>\n<link rel=\"canonical\" href=\"https:\/\/caru.org.uy\/nuevositio\/2025\/12\/21\/inauguracion-de-restauracion-avenida-de-las-americas-paysandu\/\" \/>\n<meta property=\"og:locale\" content=\"es_ES\" \/>\n<meta property=\"og:type\" content=\"article\" \/>\n<meta property=\"og:title\" content=\"Inauguraci\u00f3n de restauraci\u00f3n; Avenida de\u00a0las Am\u00e9ricas Paysand\u00fa % C.A.R.U. imagen\" \/>\n<meta property=\"og:description\" content=\"El nuevo acceso de doble v\u00eda, que une a la ciudad de Paysand\u00fa con el puente Internacional General Artigas, mejora sustancialmente el flujo de tr\u00e1nsito y la seguridad vial de cara a la temporada tur\u00edstica.&nbsp;&nbsp; Con la presencia de la ministra de Transporte y Obras P\u00fablicas Luc\u00eda Etcheverry, el intendente de Paysand\u00fa, Nicol\u00e1s Olivera, ediles, [&hellip;]\" \/>\n<meta property=\"og:url\" content=\"https:\/\/caru.org.uy\/nuevositio\/2025\/12\/21\/inauguracion-de-restauracion-avenida-de-las-americas-paysandu\/\" \/>\n<meta property=\"og:site_name\" content=\"C.A.R.U.\" \/>\n<meta property=\"article:published_time\" content=\"2025-12-21T17:51:00+00:00\" \/>\n<meta property=\"article:modified_time\" content=\"2025-12-21T17:51:03+00:00\" \/>\n<meta property=\"og:image\" content=\"https:\/\/caru.org.uy\/nuevositio\/wp-content\/uploads\/2025\/12\/7278488e-eafb-4530-a735-498fafff2c0b.jpg\" \/>\n\t<meta property=\"og:image:width\" content=\"630\" \/>\n\t<meta property=\"og:image:height\" content=\"381\" \/>\n\t<meta property=\"og:image:type\" content=\"image\/jpeg\" \/>\n<meta name=\"author\" content=\"Federico\" \/>\n<meta name=\"twitter:card\" content=\"summary_large_image\" \/>\n<meta name=\"twitter:label1\" content=\"Escrito por\" \/>\n\t<meta name=\"twitter:data1\" content=\"Federico\" \/>\n\t<meta name=\"twitter:label2\" content=\"Tiempo de lectura\" \/>\n\t<meta name=\"twitter:data2\" content=\"2 minutos\" \/>\n<script type=\"application\/ld+json\" class=\"yoast-schema-graph\">{\"@context\":\"https:\\\/\\\/schema.org\",\"@graph\":[{\"@type\":[\"Article\",\"BlogPosting\"],\"@id\":\"https:\\\/\\\/caru.org.uy\\\/nuevositio\\\/2025\\\/12\\\/21\\\/inauguracion-de-restauracion-avenida-de-las-americas-paysandu\\\/#article\",\"isPartOf\":{\"@id\":\"https:\\\/\\\/caru.org.uy\\\/nuevositio\\\/2025\\\/12\\\/21\\\/inauguracion-de-restauracion-avenida-de-las-americas-paysandu\\\/\"},\"author\":{\"name\":\"Federico\",\"@id\":\"https:\\\/\\\/caru.org.uy\\\/nuevositio\\\/#\\\/schema\\\/person\\\/fba625b864836c52fe4d995c9dc2869d\"},\"headline\":\"Inauguraci\u00f3n de restauraci\u00f3n; Avenida de\u00a0las Am\u00e9ricas Paysand\u00fa\",\"datePublished\":\"2025-12-21T17:51:00+00:00\",\"dateModified\":\"2025-12-21T17:51:03+00:00\",\"mainEntityOfPage\":{\"@id\":\"https:\\\/\\\/caru.org.uy\\\/nuevositio\\\/2025\\\/12\\\/21\\\/inauguracion-de-restauracion-avenida-de-las-americas-paysandu\\\/\"},\"wordCount\":289,\"commentCount\":0,\"publisher\":{\"@id\":\"https:\\\/\\\/caru.org.uy\\\/nuevositio\\\/#organization\"},\"image\":{\"@id\":\"https:\\\/\\\/caru.org.uy\\\/nuevositio\\\/2025\\\/12\\\/21\\\/inauguracion-de-restauracion-avenida-de-las-americas-paysandu\\\/#primaryimage\"},\"thumbnailUrl\":\"https:\\\/\\\/caru.org.uy\\\/nuevositio\\\/wp-content\\\/uploads\\\/2025\\\/12\\\/7278488e-eafb-4530-a735-498fafff2c0b.jpg\",\"articleSection\":[\"Noticias\",\"Novedades\"],\"inLanguage\":\"es\",\"potentialAction\":[{\"@type\":\"CommentAction\",\"name\":\"Comment\",\"target\":[\"https:\\\/\\\/caru.org.uy\\\/nuevositio\\\/2025\\\/12\\\/21\\\/inauguracion-de-restauracion-avenida-de-las-americas-paysandu\\\/#respond\"]}]},{\"@type\":\"WebPage\",\"@id\":\"https:\\\/\\\/caru.org.uy\\\/nuevositio\\\/2025\\\/12\\\/21\\\/inauguracion-de-restauracion-avenida-de-las-americas-paysandu\\\/\",\"url\":\"https:\\\/\\\/caru.org.uy\\\/nuevositio\\\/2025\\\/12\\\/21\\\/inauguracion-de-restauracion-avenida-de-las-americas-paysandu\\\/\",\"name\":\"Inauguraci\u00f3n de restauraci\u00f3n; Avenida de\u00a0las Am\u00e9ricas Paysand\u00fa % C.A.R.U. imagen\",\"isPartOf\":{\"@id\":\"https:\\\/\\\/caru.org.uy\\\/nuevositio\\\/#website\"},\"primaryImageOfPage\":{\"@id\":\"https:\\\/\\\/caru.org.uy\\\/nuevositio\\\/2025\\\/12\\\/21\\\/inauguracion-de-restauracion-avenida-de-las-americas-paysandu\\\/#primaryimage\"},\"image\":{\"@id\":\"https:\\\/\\\/caru.org.uy\\\/nuevositio\\\/2025\\\/12\\\/21\\\/inauguracion-de-restauracion-avenida-de-las-americas-paysandu\\\/#primaryimage\"},\"thumbnailUrl\":\"https:\\\/\\\/caru.org.uy\\\/nuevositio\\\/wp-content\\\/uploads\\\/2025\\\/12\\\/7278488e-eafb-4530-a735-498fafff2c0b.jpg\",\"datePublished\":\"2025-12-21T17:51:00+00:00\",\"dateModified\":\"2025-12-21T17:51:03+00:00\",\"breadcrumb\":{\"@id\":\"https:\\\/\\\/caru.org.uy\\\/nuevositio\\\/2025\\\/12\\\/21\\\/inauguracion-de-restauracion-avenida-de-las-americas-paysandu\\\/#breadcrumb\"},\"inLanguage\":\"es\",\"potentialAction\":[{\"@type\":\"ReadAction\",\"target\":[\"https:\\\/\\\/caru.org.uy\\\/nuevositio\\\/2025\\\/12\\\/21\\\/inauguracion-de-restauracion-avenida-de-las-americas-paysandu\\\/\"]}]},{\"@type\":\"ImageObject\",\"inLanguage\":\"es\",\"@id\":\"https:\\\/\\\/caru.org.uy\\\/nuevositio\\\/2025\\\/12\\\/21\\\/inauguracion-de-restauracion-avenida-de-las-americas-paysandu\\\/#primaryimage\",\"url\":\"https:\\\/\\\/caru.org.uy\\\/nuevositio\\\/wp-content\\\/uploads\\\/2025\\\/12\\\/7278488e-eafb-4530-a735-498fafff2c0b.jpg\",\"contentUrl\":\"https:\\\/\\\/caru.org.uy\\\/nuevositio\\\/wp-content\\\/uploads\\\/2025\\\/12\\\/7278488e-eafb-4530-a735-498fafff2c0b.jpg\",\"width\":630,\"height\":381},{\"@type\":\"BreadcrumbList\",\"@id\":\"https:\\\/\\\/caru.org.uy\\\/nuevositio\\\/2025\\\/12\\\/21\\\/inauguracion-de-restauracion-avenida-de-las-americas-paysandu\\\/#breadcrumb\",\"itemListElement\":[{\"@type\":\"ListItem\",\"position\":1,\"name\":\"Portada\",\"item\":\"https:\\\/\\\/caru.org.uy\\\/nuevositio\\\/\"},{\"@type\":\"ListItem\",\"position\":2,\"name\":\"Inauguraci\u00f3n de restauraci\u00f3n; Avenida de\u00a0las Am\u00e9ricas Paysand\u00fa\"}]},{\"@type\":\"WebSite\",\"@id\":\"https:\\\/\\\/caru.org.uy\\\/nuevositio\\\/#website\",\"url\":\"https:\\\/\\\/caru.org.uy\\\/nuevositio\\\/\",\"name\":\"C.A.R.U.\",\"description\":\"Comisi\u00f3n Administradora del R\u00edo Uruguay\",\"publisher\":{\"@id\":\"https:\\\/\\\/caru.org.uy\\\/nuevositio\\\/#organization\"},\"potentialAction\":[{\"@type\":\"SearchAction\",\"target\":{\"@type\":\"EntryPoint\",\"urlTemplate\":\"https:\\\/\\\/caru.org.uy\\\/nuevositio\\\/?s={search_term_string}\"},\"query-input\":{\"@type\":\"PropertyValueSpecification\",\"valueRequired\":true,\"valueName\":\"search_term_string\"}}],\"inLanguage\":\"es\"},{\"@type\":\"Organization\",\"@id\":\"https:\\\/\\\/caru.org.uy\\\/nuevositio\\\/#organization\",\"name\":\"C.A.R.U.\",\"url\":\"https:\\\/\\\/caru.org.uy\\\/nuevositio\\\/\",\"logo\":{\"@type\":\"ImageObject\",\"inLanguage\":\"es\",\"@id\":\"https:\\\/\\\/caru.org.uy\\\/nuevositio\\\/#\\\/schema\\\/logo\\\/image\\\/\",\"url\":\"https:\\\/\\\/caru.org.uy\\\/nuevositio\\\/wp-content\\\/uploads\\\/2023\\\/11\\\/logo-nuevo.jpg\",\"contentUrl\":\"https:\\\/\\\/caru.org.uy\\\/nuevositio\\\/wp-content\\\/uploads\\\/2023\\\/11\\\/logo-nuevo.jpg\",\"width\":1,\"height\":1,\"caption\":\"C.A.R.U.\"},\"image\":{\"@id\":\"https:\\\/\\\/caru.org.uy\\\/nuevositio\\\/#\\\/schema\\\/logo\\\/image\\\/\"}},{\"@type\":\"Person\",\"@id\":\"https:\\\/\\\/caru.org.uy\\\/nuevositio\\\/#\\\/schema\\\/person\\\/fba625b864836c52fe4d995c9dc2869d\",\"name\":\"Federico\",\"image\":{\"@type\":\"ImageObject\",\"inLanguage\":\"es\",\"@id\":\"https:\\\/\\\/secure.gravatar.com\\\/avatar\\\/542d68923246b6c29256d811c3ce7f803fe17d6a190c813a52ef45fcda4733ad?s=96&d=mm&r=g\",\"url\":\"https:\\\/\\\/secure.gravatar.com\\\/avatar\\\/542d68923246b6c29256d811c3ce7f803fe17d6a190c813a52ef45fcda4733ad?s=96&d=mm&r=g\",\"contentUrl\":\"https:\\\/\\\/secure.gravatar.com\\\/avatar\\\/542d68923246b6c29256d811c3ce7f803fe17d6a190c813a52ef45fcda4733ad?s=96&d=mm&r=g\",\"caption\":\"Federico\"},\"url\":\"https:\\\/\\\/caru.org.uy\\\/nuevositio\\\/author\\\/federico\\\/\"}]}<\/script>\n<!-- \/ Yoast SEO plugin. -->","yoast_head_json":{"title":"Inauguraci\u00f3n de restauraci\u00f3n; Avenida de\u00a0las Am\u00e9ricas Paysand\u00fa % C.A.R.U. imagen","robots":{"index":"index","follow":"follow","max-snippet":"max-snippet:-1","max-image-preview":"max-image-preview:large","max-video-preview":"max-video-preview:-1"},"canonical":"https:\/\/caru.org.uy\/nuevositio\/2025\/12\/21\/inauguracion-de-restauracion-avenida-de-las-americas-paysandu\/","og_locale":"es_ES","og_type":"article","og_title":"Inauguraci\u00f3n de restauraci\u00f3n; Avenida de\u00a0las Am\u00e9ricas Paysand\u00fa % C.A.R.U. imagen","og_description":"El nuevo acceso de doble v\u00eda, que une a la ciudad de Paysand\u00fa con el puente Internacional General Artigas, mejora sustancialmente el flujo de tr\u00e1nsito y la seguridad vial de cara a la temporada tur\u00edstica.&nbsp;&nbsp; Con la presencia de la ministra de Transporte y Obras P\u00fablicas Luc\u00eda Etcheverry, el intendente de Paysand\u00fa, Nicol\u00e1s Olivera, ediles, [&hellip;]","og_url":"https:\/\/caru.org.uy\/nuevositio\/2025\/12\/21\/inauguracion-de-restauracion-avenida-de-las-americas-paysandu\/","og_site_name":"C.A.R.U.","article_published_time":"2025-12-21T17:51:00+00:00","article_modified_time":"2025-12-21T17:51:03+00:00","og_image":[{"width":630,"height":381,"url":"https:\/\/caru.org.uy\/nuevositio\/wp-content\/uploads\/2025\/12\/7278488e-eafb-4530-a735-498fafff2c0b.jpg","type":"image\/jpeg"}],"author":"Federico","twitter_card":"summary_large_image","twitter_misc":{"Escrito por":"Federico","Tiempo de lectura":"2 minutos"},"schema":{"@context":"https:\/\/schema.org","@graph":[{"@type":["Article","BlogPosting"],"@id":"https:\/\/caru.org.uy\/nuevositio\/2025\/12\/21\/inauguracion-de-restauracion-avenida-de-las-americas-paysandu\/#article","isPartOf":{"@id":"https:\/\/caru.org.uy\/nuevositio\/2025\/12\/21\/inauguracion-de-restauracion-avenida-de-las-americas-paysandu\/"},"author":{"name":"Federico","@id":"https:\/\/caru.org.uy\/nuevositio\/#\/schema\/person\/fba625b864836c52fe4d995c9dc2869d"},"headline":"Inauguraci\u00f3n de restauraci\u00f3n; Avenida de\u00a0las Am\u00e9ricas Paysand\u00fa","datePublished":"2025-12-21T17:51:00+00:00","dateModified":"2025-12-21T17:51:03+00:00","mainEntityOfPage":{"@id":"https:\/\/caru.org.uy\/nuevositio\/2025\/12\/21\/inauguracion-de-restauracion-avenida-de-las-americas-paysandu\/"},"wordCount":289,"commentCount":0,"publisher":{"@id":"https:\/\/caru.org.uy\/nuevositio\/#organization"},"image":{"@id":"https:\/\/caru.org.uy\/nuevositio\/2025\/12\/21\/inauguracion-de-restauracion-avenida-de-las-americas-paysandu\/#primaryimage"},"thumbnailUrl":"https:\/\/caru.org.uy\/nuevositio\/wp-content\/uploads\/2025\/12\/7278488e-eafb-4530-a735-498fafff2c0b.jpg","articleSection":["Noticias","Novedades"],"inLanguage":"es","potentialAction":[{"@type":"CommentAction","name":"Comment","target":["https:\/\/caru.org.uy\/nuevositio\/2025\/12\/21\/inauguracion-de-restauracion-avenida-de-las-americas-paysandu\/#respond"]}]},{"@type":"WebPage","@id":"https:\/\/caru.org.uy\/nuevositio\/2025\/12\/21\/inauguracion-de-restauracion-avenida-de-las-americas-paysandu\/","url":"https:\/\/caru.org.uy\/nuevositio\/2025\/12\/21\/inauguracion-de-restauracion-avenida-de-las-americas-paysandu\/","name":"Inauguraci\u00f3n de restauraci\u00f3n; Avenida de\u00a0las Am\u00e9ricas Paysand\u00fa % C.A.R.U. imagen","isPartOf":{"@id":"https:\/\/caru.org.uy\/nuevositio\/#website"},"primaryImageOfPage":{"@id":"https:\/\/caru.org.uy\/nuevositio\/2025\/12\/21\/inauguracion-de-restauracion-avenida-de-las-americas-paysandu\/#primaryimage"},"image":{"@id":"https:\/\/caru.org.uy\/nuevositio\/2025\/12\/21\/inauguracion-de-restauracion-avenida-de-las-americas-paysandu\/#primaryimage"},"thumbnailUrl":"https:\/\/caru.org.uy\/nuevositio\/wp-content\/uploads\/2025\/12\/7278488e-eafb-4530-a735-498fafff2c0b.jpg","datePublished":"2025-12-21T17:51:00+00:00","dateModified":"2025-12-21T17:51:03+00:00","breadcrumb":{"@id":"https:\/\/caru.org.uy\/nuevositio\/2025\/12\/21\/inauguracion-de-restauracion-avenida-de-las-americas-paysandu\/#breadcrumb"},"inLanguage":"es","potentialAction":[{"@type":"ReadAction","target":["https:\/\/caru.org.uy\/nuevositio\/2025\/12\/21\/inauguracion-de-restauracion-avenida-de-las-americas-paysandu\/"]}]},{"@type":"ImageObject","inLanguage":"es","@id":"https:\/\/caru.org.uy\/nuevositio\/2025\/12\/21\/inauguracion-de-restauracion-avenida-de-las-americas-paysandu\/#primaryimage","url":"https:\/\/caru.org.uy\/nuevositio\/wp-content\/uploads\/2025\/12\/7278488e-eafb-4530-a735-498fafff2c0b.jpg","contentUrl":"https:\/\/caru.org.uy\/nuevositio\/wp-content\/uploads\/2025\/12\/7278488e-eafb-4530-a735-498fafff2c0b.jpg","width":630,"height":381},{"@type":"BreadcrumbList","@id":"https:\/\/caru.org.uy\/nuevositio\/2025\/12\/21\/inauguracion-de-restauracion-avenida-de-las-americas-paysandu\/#breadcrumb","itemListElement":[{"@type":"ListItem","position":1,"name":"Portada","item":"https:\/\/caru.org.uy\/nuevositio\/"},{"@type":"ListItem","position":2,"name":"Inauguraci\u00f3n de restauraci\u00f3n; Avenida de\u00a0las Am\u00e9ricas Paysand\u00fa"}]},{"@type":"WebSite","@id":"https:\/\/caru.org.uy\/nuevositio\/#website","url":"https:\/\/caru.org.uy\/nuevositio\/","name":"C.A.R.U.","description":"Comisi\u00f3n Administradora del R\u00edo Uruguay","publisher":{"@id":"https:\/\/caru.org.uy\/nuevositio\/#organization"},"potentialAction":[{"@type":"SearchAction","target":{"@type":"EntryPoint","urlTemplate":"https:\/\/caru.org.uy\/nuevositio\/?s={search_term_string}"},"query-input":{"@type":"PropertyValueSpecification","valueRequired":true,"valueName":"search_term_string"}}],"inLanguage":"es"},{"@type":"Organization","@id":"https:\/\/caru.org.uy\/nuevositio\/#organization","name":"C.A.R.U.","url":"https:\/\/caru.org.uy\/nuevositio\/","logo":{"@type":"ImageObject","inLanguage":"es","@id":"https:\/\/caru.org.uy\/nuevositio\/#\/schema\/logo\/image\/","url":"https:\/\/caru.org.uy\/nuevositio\/wp-content\/uploads\/2023\/11\/logo-nuevo.jpg","contentUrl":"https:\/\/caru.org.uy\/nuevositio\/wp-content\/uploads\/2023\/11\/logo-nuevo.jpg","width":1,"height":1,"caption":"C.A.R.U."},"image":{"@id":"https:\/\/caru.org.uy\/nuevositio\/#\/schema\/logo\/image\/"}},{"@type":"Person","@id":"https:\/\/caru.org.uy\/nuevositio\/#\/schema\/person\/fba625b864836c52fe4d995c9dc2869d","name":"Federico","image":{"@type":"ImageObject","inLanguage":"es","@id":"https:\/\/secure.gravatar.com\/avatar\/542d68923246b6c29256d811c3ce7f803fe17d6a190c813a52ef45fcda4733ad?s=96&d=mm&r=g","url":"https:\/\/secure.gravatar.com\/avatar\/542d68923246b6c29256d811c3ce7f803fe17d6a190c813a52ef45fcda4733ad?s=96&d=mm&r=g","contentUrl":"https:\/\/secure.gravatar.com\/avatar\/542d68923246b6c29256d811c3ce7f803fe17d6a190c813a52ef45fcda4733ad?s=96&d=mm&r=g","caption":"Federico"},"url":"https:\/\/caru.org.uy\/nuevositio\/author\/federico\/"}]}},"_links":{"self":[{"href":"https:\/\/caru.org.uy\/nuevositio\/wp-json\/wp\/v2\/posts\/12402","targetHints":{"allow":["GET"]}}],"collection":[{"href":"https:\/\/caru.org.uy\/nuevositio\/wp-json\/wp\/v2\/posts"}],"about":[{"href":"https:\/\/caru.org.uy\/nuevositio\/wp-json\/wp\/v2\/types\/post"}],"author":[{"embeddable":true,"href":"https:\/\/caru.org.uy\/nuevositio\/wp-json\/wp\/v2\/users\/12"}],"replies":[{"embeddable":true,"href":"https:\/\/caru.org.uy\/nuevositio\/wp-json\/wp\/v2\/comments?post=12402"}],"version-history":[{"count":1,"href":"https:\/\/caru.org.uy\/nuevositio\/wp-json\/wp\/v2\/posts\/12402\/revisions"}],"predecessor-version":[{"id":12405,"href":"https:\/\/caru.org.uy\/nuevositio\/wp-json\/wp\/v2\/posts\/12402\/revisions\/12405"}],"wp:featuredmedia":[{"embeddable":true,"href":"https:\/\/caru.org.uy\/nuevositio\/wp-json\/wp\/v2\/media\/12403"}],"wp:attachment":[{"href":"https:\/\/caru.org.uy\/nuevositio\/wp-json\/wp\/v2\/media?parent=12402"}],"wp:term":[{"taxonomy":"category","embeddable":true,"href":"https:\/\/caru.org.uy\/nuevositio\/wp-json\/wp\/v2\/categories?post=12402"},{"taxonomy":"post_tag","embeddable":true,"href":"https:\/\/caru.org.uy\/nuevositio\/wp-json\/wp\/v2\/tags?post=12402"}],"curies":[{"name":"wp","href":"https:\/\/api.w.org\/{rel}","templated":true}]}}