{"id":12468,"date":"2026-01-21T18:03:13","date_gmt":"2026-01-21T21:03:13","guid":{"rendered":"https:\/\/caru.org.uy\/nuevositio\/?p=12468"},"modified":"2026-01-21T18:03:40","modified_gmt":"2026-01-21T21:03:40","slug":"la-presidenta-y-los-delegados-uruguayos-ante-la-comision-administradora-del-rio-uruguay-caru-realizaron-una-visita-institucional-al-puerto-de-nueva-palmira","status":"publish","type":"post","link":"https:\/\/caru.org.uy\/nuevositio\/2026\/01\/21\/la-presidenta-y-los-delegados-uruguayos-ante-la-comision-administradora-del-rio-uruguay-caru-realizaron-una-visita-institucional-al-puerto-de-nueva-palmira\/","title":{"rendered":"La Presidenta y los Delegados Uruguayos ante la Comisi\u00f3n Administradora del R\u00edo Uruguay (CARU) realizaron una visita institucional al Puerto de Nueva Palmira"},"content":{"rendered":"\n<p>en el marco de las acciones de vinculaci\u00f3n territorial y seguimiento de situaciones relevantes para la gesti\u00f3n del r\u00edo Uruguay.<\/p>\n\n\n\n<p>Durante la jornada, mantuvieron instancias de di\u00e1logo con <strong>vecinos y autoridades locales<\/strong>, abordando la <strong>problem\u00e1tica vinculada a la erosi\u00f3n en las playas de la zona<\/strong>. El intercambio permiti\u00f3 relevar inquietudes, compartir informaci\u00f3n y analizar el contexto local, contribuyendo a una visi\u00f3n integral de la situaci\u00f3n.<\/p>\n\n\n\n<p>Esta instancia se inscribe en el compromiso de la CARU con el <strong>acompa\u00f1amiento institucional, la escucha activa de las comunidades ribere\u00f1as y la articulaci\u00f3n con actores locales<\/strong>, como parte de un enfoque orientado al an\u00e1lisis t\u00e9cnico y a la gesti\u00f3n responsable de las din\u00e1micas del r\u00edo Uruguay.<\/p>\n\n\n\n<figure class=\"wp-block-image size-large\"><img fetchpriority=\"high\" decoding=\"async\" width=\"1024\" height=\"768\" src=\"https:\/\/caru.org.uy\/nuevositio\/wp-content\/uploads\/2026\/01\/WhatsApp-Image-2026-01-21-at-16.41.10-1024x768.jpeg\" alt=\"\" class=\"wp-image-12474\" srcset=\"https:\/\/caru.org.uy\/nuevositio\/wp-content\/uploads\/2026\/01\/WhatsApp-Image-2026-01-21-at-16.41.10-1024x768.jpeg 1024w, https:\/\/caru.org.uy\/nuevositio\/wp-content\/uploads\/2026\/01\/WhatsApp-Image-2026-01-21-at-16.41.10-300x225.jpeg 300w, https:\/\/caru.org.uy\/nuevositio\/wp-content\/uploads\/2026\/01\/WhatsApp-Image-2026-01-21-at-16.41.10-768x576.jpeg 768w, https:\/\/caru.org.uy\/nuevositio\/wp-content\/uploads\/2026\/01\/WhatsApp-Image-2026-01-21-at-16.41.10-1536x1152.jpeg 1536w, https:\/\/caru.org.uy\/nuevositio\/wp-content\/uploads\/2026\/01\/WhatsApp-Image-2026-01-21-at-16.41.10.jpeg 2048w\" sizes=\"(max-width: 1024px) 100vw, 1024px\" \/><\/figure>\n\n\n\n<figure class=\"wp-block-image size-large is-resized\"><img decoding=\"async\" width=\"768\" height=\"1024\" src=\"https:\/\/caru.org.uy\/nuevositio\/wp-content\/uploads\/2026\/01\/WhatsApp-Image-2026-01-21-at-16.42.57-768x1024.jpeg\" alt=\"\" class=\"wp-image-12472\" style=\"width:1025px;height:auto\" srcset=\"https:\/\/caru.org.uy\/nuevositio\/wp-content\/uploads\/2026\/01\/WhatsApp-Image-2026-01-21-at-16.42.57-768x1024.jpeg 768w, https:\/\/caru.org.uy\/nuevositio\/wp-content\/uploads\/2026\/01\/WhatsApp-Image-2026-01-21-at-16.42.57-225x300.jpeg 225w, https:\/\/caru.org.uy\/nuevositio\/wp-content\/uploads\/2026\/01\/WhatsApp-Image-2026-01-21-at-16.42.57-1152x1536.jpeg 1152w, https:\/\/caru.org.uy\/nuevositio\/wp-content\/uploads\/2026\/01\/WhatsApp-Image-2026-01-21-at-16.42.57.jpeg 1536w\" sizes=\"(max-width: 768px) 100vw, 768px\" \/><\/figure>\n\n\n\n<figure class=\"wp-block-image size-large is-resized\"><img decoding=\"async\" width=\"768\" height=\"1024\" src=\"https:\/\/caru.org.uy\/nuevositio\/wp-content\/uploads\/2026\/01\/WhatsApp-Image-2026-01-21-at-16.41.34-768x1024.jpeg\" alt=\"\" class=\"wp-image-12469\" style=\"width:1025px;height:auto\" srcset=\"https:\/\/caru.org.uy\/nuevositio\/wp-content\/uploads\/2026\/01\/WhatsApp-Image-2026-01-21-at-16.41.34-768x1024.jpeg 768w, https:\/\/caru.org.uy\/nuevositio\/wp-content\/uploads\/2026\/01\/WhatsApp-Image-2026-01-21-at-16.41.34-225x300.jpeg 225w, https:\/\/caru.org.uy\/nuevositio\/wp-content\/uploads\/2026\/01\/WhatsApp-Image-2026-01-21-at-16.41.34-1152x1536.jpeg 1152w, https:\/\/caru.org.uy\/nuevositio\/wp-content\/uploads\/2026\/01\/WhatsApp-Image-2026-01-21-at-16.41.34.jpeg 1536w\" sizes=\"(max-width: 768px) 100vw, 768px\" \/><\/figure>\n","protected":false},"excerpt":{"rendered":"<p>en el marco de las acciones de vinculaci\u00f3n territorial y seguimiento de situaciones relevantes para la gesti\u00f3n del r\u00edo Uruguay. Durante la jornada, mantuvieron instancias de di\u00e1logo con vecinos y autoridades locales, abordando la problem\u00e1tica vinculada a la erosi\u00f3n en las playas de la zona. El intercambio permiti\u00f3 relevar inquietudes, compartir informaci\u00f3n y analizar el [&hellip;]<\/p>\n","protected":false},"author":12,"featured_media":12474,"comment_status":"open","ping_status":"open","sticky":false,"template":"","format":"standard","meta":{"_acf_changed":false,"_joinchat":[],"footnotes":""},"categories":[37,27],"tags":[],"class_list":["post-12468","post","type-post","status-publish","format-standard","has-post-thumbnail","hentry","category-noticias","category-novedades"],"acf":[],"yoast_head":"<!-- This site is optimized with the Yoast SEO plugin v27.3 - https:\/\/yoast.com\/product\/yoast-seo-wordpress\/ -->\n<title>La Presidenta y los Delegados Uruguayos ante la Comisi\u00f3n Administradora del R\u00edo Uruguay (CARU) realizaron una visita institucional al Puerto de Nueva Palmira % C.A.R.U. imagen<\/title>\n<meta name=\"robots\" content=\"index, follow, max-snippet:-1, max-image-preview:large, max-video-preview:-1\" \/>\n<link rel=\"canonical\" href=\"https:\/\/caru.org.uy\/nuevositio\/2026\/01\/21\/la-presidenta-y-los-delegados-uruguayos-ante-la-comision-administradora-del-rio-uruguay-caru-realizaron-una-visita-institucional-al-puerto-de-nueva-palmira\/\" \/>\n<meta property=\"og:locale\" content=\"es_ES\" \/>\n<meta property=\"og:type\" content=\"article\" \/>\n<meta property=\"og:title\" content=\"La Presidenta y los Delegados Uruguayos ante la Comisi\u00f3n Administradora del R\u00edo Uruguay (CARU) realizaron una visita institucional al Puerto de Nueva Palmira % C.A.R.U. imagen\" \/>\n<meta property=\"og:description\" content=\"en el marco de las acciones de vinculaci\u00f3n territorial y seguimiento de situaciones relevantes para la gesti\u00f3n del r\u00edo Uruguay. Durante la jornada, mantuvieron instancias de di\u00e1logo con vecinos y autoridades locales, abordando la problem\u00e1tica vinculada a la erosi\u00f3n en las playas de la zona. El intercambio permiti\u00f3 relevar inquietudes, compartir informaci\u00f3n y analizar el [&hellip;]\" \/>\n<meta property=\"og:url\" content=\"https:\/\/caru.org.uy\/nuevositio\/2026\/01\/21\/la-presidenta-y-los-delegados-uruguayos-ante-la-comision-administradora-del-rio-uruguay-caru-realizaron-una-visita-institucional-al-puerto-de-nueva-palmira\/\" \/>\n<meta property=\"og:site_name\" content=\"C.A.R.U.\" \/>\n<meta property=\"article:published_time\" content=\"2026-01-21T21:03:13+00:00\" \/>\n<meta property=\"article:modified_time\" content=\"2026-01-21T21:03:40+00:00\" \/>\n<meta property=\"og:image\" content=\"https:\/\/caru.org.uy\/nuevositio\/wp-content\/uploads\/2026\/01\/WhatsApp-Image-2026-01-21-at-16.41.10.jpeg\" \/>\n\t<meta property=\"og:image:width\" content=\"2048\" \/>\n\t<meta property=\"og:image:height\" content=\"1536\" \/>\n\t<meta property=\"og:image:type\" content=\"image\/jpeg\" \/>\n<meta name=\"author\" content=\"Federico\" \/>\n<meta name=\"twitter:card\" content=\"summary_large_image\" \/>\n<meta name=\"twitter:label1\" content=\"Escrito por\" \/>\n\t<meta name=\"twitter:data1\" content=\"Federico\" \/>\n\t<meta name=\"twitter:label2\" content=\"Tiempo de lectura\" \/>\n\t<meta name=\"twitter:data2\" content=\"2 minutos\" \/>\n<script type=\"application\/ld+json\" class=\"yoast-schema-graph\">{\"@context\":\"https:\\\/\\\/schema.org\",\"@graph\":[{\"@type\":[\"Article\",\"BlogPosting\"],\"@id\":\"https:\\\/\\\/caru.org.uy\\\/nuevositio\\\/2026\\\/01\\\/21\\\/la-presidenta-y-los-delegados-uruguayos-ante-la-comision-administradora-del-rio-uruguay-caru-realizaron-una-visita-institucional-al-puerto-de-nueva-palmira\\\/#article\",\"isPartOf\":{\"@id\":\"https:\\\/\\\/caru.org.uy\\\/nuevositio\\\/2026\\\/01\\\/21\\\/la-presidenta-y-los-delegados-uruguayos-ante-la-comision-administradora-del-rio-uruguay-caru-realizaron-una-visita-institucional-al-puerto-de-nueva-palmira\\\/\"},\"author\":{\"name\":\"Federico\",\"@id\":\"https:\\\/\\\/caru.org.uy\\\/nuevositio\\\/#\\\/schema\\\/person\\\/fba625b864836c52fe4d995c9dc2869d\"},\"headline\":\"La Presidenta y los Delegados Uruguayos ante la Comisi\u00f3n Administradora del R\u00edo Uruguay (CARU) realizaron una visita institucional al Puerto de Nueva Palmira\",\"datePublished\":\"2026-01-21T21:03:13+00:00\",\"dateModified\":\"2026-01-21T21:03:40+00:00\",\"mainEntityOfPage\":{\"@id\":\"https:\\\/\\\/caru.org.uy\\\/nuevositio\\\/2026\\\/01\\\/21\\\/la-presidenta-y-los-delegados-uruguayos-ante-la-comision-administradora-del-rio-uruguay-caru-realizaron-una-visita-institucional-al-puerto-de-nueva-palmira\\\/\"},\"wordCount\":154,\"commentCount\":0,\"publisher\":{\"@id\":\"https:\\\/\\\/caru.org.uy\\\/nuevositio\\\/#organization\"},\"image\":{\"@id\":\"https:\\\/\\\/caru.org.uy\\\/nuevositio\\\/2026\\\/01\\\/21\\\/la-presidenta-y-los-delegados-uruguayos-ante-la-comision-administradora-del-rio-uruguay-caru-realizaron-una-visita-institucional-al-puerto-de-nueva-palmira\\\/#primaryimage\"},\"thumbnailUrl\":\"https:\\\/\\\/caru.org.uy\\\/nuevositio\\\/wp-content\\\/uploads\\\/2026\\\/01\\\/WhatsApp-Image-2026-01-21-at-16.41.10.jpeg\",\"articleSection\":[\"Noticias\",\"Novedades\"],\"inLanguage\":\"es\",\"potentialAction\":[{\"@type\":\"CommentAction\",\"name\":\"Comment\",\"target\":[\"https:\\\/\\\/caru.org.uy\\\/nuevositio\\\/2026\\\/01\\\/21\\\/la-presidenta-y-los-delegados-uruguayos-ante-la-comision-administradora-del-rio-uruguay-caru-realizaron-una-visita-institucional-al-puerto-de-nueva-palmira\\\/#respond\"]}]},{\"@type\":\"WebPage\",\"@id\":\"https:\\\/\\\/caru.org.uy\\\/nuevositio\\\/2026\\\/01\\\/21\\\/la-presidenta-y-los-delegados-uruguayos-ante-la-comision-administradora-del-rio-uruguay-caru-realizaron-una-visita-institucional-al-puerto-de-nueva-palmira\\\/\",\"url\":\"https:\\\/\\\/caru.org.uy\\\/nuevositio\\\/2026\\\/01\\\/21\\\/la-presidenta-y-los-delegados-uruguayos-ante-la-comision-administradora-del-rio-uruguay-caru-realizaron-una-visita-institucional-al-puerto-de-nueva-palmira\\\/\",\"name\":\"La Presidenta y los Delegados Uruguayos ante la Comisi\u00f3n Administradora del R\u00edo Uruguay (CARU) realizaron una visita institucional al Puerto de Nueva Palmira % C.A.R.U. imagen\",\"isPartOf\":{\"@id\":\"https:\\\/\\\/caru.org.uy\\\/nuevositio\\\/#website\"},\"primaryImageOfPage\":{\"@id\":\"https:\\\/\\\/caru.org.uy\\\/nuevositio\\\/2026\\\/01\\\/21\\\/la-presidenta-y-los-delegados-uruguayos-ante-la-comision-administradora-del-rio-uruguay-caru-realizaron-una-visita-institucional-al-puerto-de-nueva-palmira\\\/#primaryimage\"},\"image\":{\"@id\":\"https:\\\/\\\/caru.org.uy\\\/nuevositio\\\/2026\\\/01\\\/21\\\/la-presidenta-y-los-delegados-uruguayos-ante-la-comision-administradora-del-rio-uruguay-caru-realizaron-una-visita-institucional-al-puerto-de-nueva-palmira\\\/#primaryimage\"},\"thumbnailUrl\":\"https:\\\/\\\/caru.org.uy\\\/nuevositio\\\/wp-content\\\/uploads\\\/2026\\\/01\\\/WhatsApp-Image-2026-01-21-at-16.41.10.jpeg\",\"datePublished\":\"2026-01-21T21:03:13+00:00\",\"dateModified\":\"2026-01-21T21:03:40+00:00\",\"breadcrumb\":{\"@id\":\"https:\\\/\\\/caru.org.uy\\\/nuevositio\\\/2026\\\/01\\\/21\\\/la-presidenta-y-los-delegados-uruguayos-ante-la-comision-administradora-del-rio-uruguay-caru-realizaron-una-visita-institucional-al-puerto-de-nueva-palmira\\\/#breadcrumb\"},\"inLanguage\":\"es\",\"potentialAction\":[{\"@type\":\"ReadAction\",\"target\":[\"https:\\\/\\\/caru.org.uy\\\/nuevositio\\\/2026\\\/01\\\/21\\\/la-presidenta-y-los-delegados-uruguayos-ante-la-comision-administradora-del-rio-uruguay-caru-realizaron-una-visita-institucional-al-puerto-de-nueva-palmira\\\/\"]}]},{\"@type\":\"ImageObject\",\"inLanguage\":\"es\",\"@id\":\"https:\\\/\\\/caru.org.uy\\\/nuevositio\\\/2026\\\/01\\\/21\\\/la-presidenta-y-los-delegados-uruguayos-ante-la-comision-administradora-del-rio-uruguay-caru-realizaron-una-visita-institucional-al-puerto-de-nueva-palmira\\\/#primaryimage\",\"url\":\"https:\\\/\\\/caru.org.uy\\\/nuevositio\\\/wp-content\\\/uploads\\\/2026\\\/01\\\/WhatsApp-Image-2026-01-21-at-16.41.10.jpeg\",\"contentUrl\":\"https:\\\/\\\/caru.org.uy\\\/nuevositio\\\/wp-content\\\/uploads\\\/2026\\\/01\\\/WhatsApp-Image-2026-01-21-at-16.41.10.jpeg\",\"width\":2048,\"height\":1536},{\"@type\":\"BreadcrumbList\",\"@id\":\"https:\\\/\\\/caru.org.uy\\\/nuevositio\\\/2026\\\/01\\\/21\\\/la-presidenta-y-los-delegados-uruguayos-ante-la-comision-administradora-del-rio-uruguay-caru-realizaron-una-visita-institucional-al-puerto-de-nueva-palmira\\\/#breadcrumb\",\"itemListElement\":[{\"@type\":\"ListItem\",\"position\":1,\"name\":\"Portada\",\"item\":\"https:\\\/\\\/caru.org.uy\\\/nuevositio\\\/\"},{\"@type\":\"ListItem\",\"position\":2,\"name\":\"La Presidenta y los Delegados Uruguayos ante la Comisi\u00f3n Administradora del R\u00edo Uruguay (CARU) realizaron una visita institucional al Puerto de Nueva Palmira\"}]},{\"@type\":\"WebSite\",\"@id\":\"https:\\\/\\\/caru.org.uy\\\/nuevositio\\\/#website\",\"url\":\"https:\\\/\\\/caru.org.uy\\\/nuevositio\\\/\",\"name\":\"C.A.R.U.\",\"description\":\"Comisi\u00f3n Administradora del R\u00edo Uruguay\",\"publisher\":{\"@id\":\"https:\\\/\\\/caru.org.uy\\\/nuevositio\\\/#organization\"},\"potentialAction\":[{\"@type\":\"SearchAction\",\"target\":{\"@type\":\"EntryPoint\",\"urlTemplate\":\"https:\\\/\\\/caru.org.uy\\\/nuevositio\\\/?s={search_term_string}\"},\"query-input\":{\"@type\":\"PropertyValueSpecification\",\"valueRequired\":true,\"valueName\":\"search_term_string\"}}],\"inLanguage\":\"es\"},{\"@type\":\"Organization\",\"@id\":\"https:\\\/\\\/caru.org.uy\\\/nuevositio\\\/#organization\",\"name\":\"C.A.R.U.\",\"url\":\"https:\\\/\\\/caru.org.uy\\\/nuevositio\\\/\",\"logo\":{\"@type\":\"ImageObject\",\"inLanguage\":\"es\",\"@id\":\"https:\\\/\\\/caru.org.uy\\\/nuevositio\\\/#\\\/schema\\\/logo\\\/image\\\/\",\"url\":\"https:\\\/\\\/caru.org.uy\\\/nuevositio\\\/wp-content\\\/uploads\\\/2023\\\/11\\\/logo-nuevo.jpg\",\"contentUrl\":\"https:\\\/\\\/caru.org.uy\\\/nuevositio\\\/wp-content\\\/uploads\\\/2023\\\/11\\\/logo-nuevo.jpg\",\"width\":1,\"height\":1,\"caption\":\"C.A.R.U.\"},\"image\":{\"@id\":\"https:\\\/\\\/caru.org.uy\\\/nuevositio\\\/#\\\/schema\\\/logo\\\/image\\\/\"}},{\"@type\":\"Person\",\"@id\":\"https:\\\/\\\/caru.org.uy\\\/nuevositio\\\/#\\\/schema\\\/person\\\/fba625b864836c52fe4d995c9dc2869d\",\"name\":\"Federico\",\"image\":{\"@type\":\"ImageObject\",\"inLanguage\":\"es\",\"@id\":\"https:\\\/\\\/secure.gravatar.com\\\/avatar\\\/542d68923246b6c29256d811c3ce7f803fe17d6a190c813a52ef45fcda4733ad?s=96&d=mm&r=g\",\"url\":\"https:\\\/\\\/secure.gravatar.com\\\/avatar\\\/542d68923246b6c29256d811c3ce7f803fe17d6a190c813a52ef45fcda4733ad?s=96&d=mm&r=g\",\"contentUrl\":\"https:\\\/\\\/secure.gravatar.com\\\/avatar\\\/542d68923246b6c29256d811c3ce7f803fe17d6a190c813a52ef45fcda4733ad?s=96&d=mm&r=g\",\"caption\":\"Federico\"},\"url\":\"https:\\\/\\\/caru.org.uy\\\/nuevositio\\\/author\\\/federico\\\/\"}]}<\/script>\n<!-- \/ Yoast SEO plugin. -->","yoast_head_json":{"title":"La Presidenta y los Delegados Uruguayos ante la Comisi\u00f3n Administradora del R\u00edo Uruguay (CARU) realizaron una visita institucional al Puerto de Nueva Palmira % C.A.R.U. imagen","robots":{"index":"index","follow":"follow","max-snippet":"max-snippet:-1","max-image-preview":"max-image-preview:large","max-video-preview":"max-video-preview:-1"},"canonical":"https:\/\/caru.org.uy\/nuevositio\/2026\/01\/21\/la-presidenta-y-los-delegados-uruguayos-ante-la-comision-administradora-del-rio-uruguay-caru-realizaron-una-visita-institucional-al-puerto-de-nueva-palmira\/","og_locale":"es_ES","og_type":"article","og_title":"La Presidenta y los Delegados Uruguayos ante la Comisi\u00f3n Administradora del R\u00edo Uruguay (CARU) realizaron una visita institucional al Puerto de Nueva Palmira % C.A.R.U. imagen","og_description":"en el marco de las acciones de vinculaci\u00f3n territorial y seguimiento de situaciones relevantes para la gesti\u00f3n del r\u00edo Uruguay. Durante la jornada, mantuvieron instancias de di\u00e1logo con vecinos y autoridades locales, abordando la problem\u00e1tica vinculada a la erosi\u00f3n en las playas de la zona. El intercambio permiti\u00f3 relevar inquietudes, compartir informaci\u00f3n y analizar el [&hellip;]","og_url":"https:\/\/caru.org.uy\/nuevositio\/2026\/01\/21\/la-presidenta-y-los-delegados-uruguayos-ante-la-comision-administradora-del-rio-uruguay-caru-realizaron-una-visita-institucional-al-puerto-de-nueva-palmira\/","og_site_name":"C.A.R.U.","article_published_time":"2026-01-21T21:03:13+00:00","article_modified_time":"2026-01-21T21:03:40+00:00","og_image":[{"width":2048,"height":1536,"url":"https:\/\/caru.org.uy\/nuevositio\/wp-content\/uploads\/2026\/01\/WhatsApp-Image-2026-01-21-at-16.41.10.jpeg","type":"image\/jpeg"}],"author":"Federico","twitter_card":"summary_large_image","twitter_misc":{"Escrito por":"Federico","Tiempo de lectura":"2 minutos"},"schema":{"@context":"https:\/\/schema.org","@graph":[{"@type":["Article","BlogPosting"],"@id":"https:\/\/caru.org.uy\/nuevositio\/2026\/01\/21\/la-presidenta-y-los-delegados-uruguayos-ante-la-comision-administradora-del-rio-uruguay-caru-realizaron-una-visita-institucional-al-puerto-de-nueva-palmira\/#article","isPartOf":{"@id":"https:\/\/caru.org.uy\/nuevositio\/2026\/01\/21\/la-presidenta-y-los-delegados-uruguayos-ante-la-comision-administradora-del-rio-uruguay-caru-realizaron-una-visita-institucional-al-puerto-de-nueva-palmira\/"},"author":{"name":"Federico","@id":"https:\/\/caru.org.uy\/nuevositio\/#\/schema\/person\/fba625b864836c52fe4d995c9dc2869d"},"headline":"La Presidenta y los Delegados Uruguayos ante la Comisi\u00f3n Administradora del R\u00edo Uruguay (CARU) realizaron una visita institucional al Puerto de Nueva Palmira","datePublished":"2026-01-21T21:03:13+00:00","dateModified":"2026-01-21T21:03:40+00:00","mainEntityOfPage":{"@id":"https:\/\/caru.org.uy\/nuevositio\/2026\/01\/21\/la-presidenta-y-los-delegados-uruguayos-ante-la-comision-administradora-del-rio-uruguay-caru-realizaron-una-visita-institucional-al-puerto-de-nueva-palmira\/"},"wordCount":154,"commentCount":0,"publisher":{"@id":"https:\/\/caru.org.uy\/nuevositio\/#organization"},"image":{"@id":"https:\/\/caru.org.uy\/nuevositio\/2026\/01\/21\/la-presidenta-y-los-delegados-uruguayos-ante-la-comision-administradora-del-rio-uruguay-caru-realizaron-una-visita-institucional-al-puerto-de-nueva-palmira\/#primaryimage"},"thumbnailUrl":"https:\/\/caru.org.uy\/nuevositio\/wp-content\/uploads\/2026\/01\/WhatsApp-Image-2026-01-21-at-16.41.10.jpeg","articleSection":["Noticias","Novedades"],"inLanguage":"es","potentialAction":[{"@type":"CommentAction","name":"Comment","target":["https:\/\/caru.org.uy\/nuevositio\/2026\/01\/21\/la-presidenta-y-los-delegados-uruguayos-ante-la-comision-administradora-del-rio-uruguay-caru-realizaron-una-visita-institucional-al-puerto-de-nueva-palmira\/#respond"]}]},{"@type":"WebPage","@id":"https:\/\/caru.org.uy\/nuevositio\/2026\/01\/21\/la-presidenta-y-los-delegados-uruguayos-ante-la-comision-administradora-del-rio-uruguay-caru-realizaron-una-visita-institucional-al-puerto-de-nueva-palmira\/","url":"https:\/\/caru.org.uy\/nuevositio\/2026\/01\/21\/la-presidenta-y-los-delegados-uruguayos-ante-la-comision-administradora-del-rio-uruguay-caru-realizaron-una-visita-institucional-al-puerto-de-nueva-palmira\/","name":"La Presidenta y los Delegados Uruguayos ante la Comisi\u00f3n Administradora del R\u00edo Uruguay (CARU) realizaron una visita institucional al Puerto de Nueva Palmira % C.A.R.U. imagen","isPartOf":{"@id":"https:\/\/caru.org.uy\/nuevositio\/#website"},"primaryImageOfPage":{"@id":"https:\/\/caru.org.uy\/nuevositio\/2026\/01\/21\/la-presidenta-y-los-delegados-uruguayos-ante-la-comision-administradora-del-rio-uruguay-caru-realizaron-una-visita-institucional-al-puerto-de-nueva-palmira\/#primaryimage"},"image":{"@id":"https:\/\/caru.org.uy\/nuevositio\/2026\/01\/21\/la-presidenta-y-los-delegados-uruguayos-ante-la-comision-administradora-del-rio-uruguay-caru-realizaron-una-visita-institucional-al-puerto-de-nueva-palmira\/#primaryimage"},"thumbnailUrl":"https:\/\/caru.org.uy\/nuevositio\/wp-content\/uploads\/2026\/01\/WhatsApp-Image-2026-01-21-at-16.41.10.jpeg","datePublished":"2026-01-21T21:03:13+00:00","dateModified":"2026-01-21T21:03:40+00:00","breadcrumb":{"@id":"https:\/\/caru.org.uy\/nuevositio\/2026\/01\/21\/la-presidenta-y-los-delegados-uruguayos-ante-la-comision-administradora-del-rio-uruguay-caru-realizaron-una-visita-institucional-al-puerto-de-nueva-palmira\/#breadcrumb"},"inLanguage":"es","potentialAction":[{"@type":"ReadAction","target":["https:\/\/caru.org.uy\/nuevositio\/2026\/01\/21\/la-presidenta-y-los-delegados-uruguayos-ante-la-comision-administradora-del-rio-uruguay-caru-realizaron-una-visita-institucional-al-puerto-de-nueva-palmira\/"]}]},{"@type":"ImageObject","inLanguage":"es","@id":"https:\/\/caru.org.uy\/nuevositio\/2026\/01\/21\/la-presidenta-y-los-delegados-uruguayos-ante-la-comision-administradora-del-rio-uruguay-caru-realizaron-una-visita-institucional-al-puerto-de-nueva-palmira\/#primaryimage","url":"https:\/\/caru.org.uy\/nuevositio\/wp-content\/uploads\/2026\/01\/WhatsApp-Image-2026-01-21-at-16.41.10.jpeg","contentUrl":"https:\/\/caru.org.uy\/nuevositio\/wp-content\/uploads\/2026\/01\/WhatsApp-Image-2026-01-21-at-16.41.10.jpeg","width":2048,"height":1536},{"@type":"BreadcrumbList","@id":"https:\/\/caru.org.uy\/nuevositio\/2026\/01\/21\/la-presidenta-y-los-delegados-uruguayos-ante-la-comision-administradora-del-rio-uruguay-caru-realizaron-una-visita-institucional-al-puerto-de-nueva-palmira\/#breadcrumb","itemListElement":[{"@type":"ListItem","position":1,"name":"Portada","item":"https:\/\/caru.org.uy\/nuevositio\/"},{"@type":"ListItem","position":2,"name":"La Presidenta y los Delegados Uruguayos ante la Comisi\u00f3n Administradora del R\u00edo Uruguay (CARU) realizaron una visita institucional al Puerto de Nueva Palmira"}]},{"@type":"WebSite","@id":"https:\/\/caru.org.uy\/nuevositio\/#website","url":"https:\/\/caru.org.uy\/nuevositio\/","name":"C.A.R.U.","description":"Comisi\u00f3n Administradora del R\u00edo Uruguay","publisher":{"@id":"https:\/\/caru.org.uy\/nuevositio\/#organization"},"potentialAction":[{"@type":"SearchAction","target":{"@type":"EntryPoint","urlTemplate":"https:\/\/caru.org.uy\/nuevositio\/?s={search_term_string}"},"query-input":{"@type":"PropertyValueSpecification","valueRequired":true,"valueName":"search_term_string"}}],"inLanguage":"es"},{"@type":"Organization","@id":"https:\/\/caru.org.uy\/nuevositio\/#organization","name":"C.A.R.U.","url":"https:\/\/caru.org.uy\/nuevositio\/","logo":{"@type":"ImageObject","inLanguage":"es","@id":"https:\/\/caru.org.uy\/nuevositio\/#\/schema\/logo\/image\/","url":"https:\/\/caru.org.uy\/nuevositio\/wp-content\/uploads\/2023\/11\/logo-nuevo.jpg","contentUrl":"https:\/\/caru.org.uy\/nuevositio\/wp-content\/uploads\/2023\/11\/logo-nuevo.jpg","width":1,"height":1,"caption":"C.A.R.U."},"image":{"@id":"https:\/\/caru.org.uy\/nuevositio\/#\/schema\/logo\/image\/"}},{"@type":"Person","@id":"https:\/\/caru.org.uy\/nuevositio\/#\/schema\/person\/fba625b864836c52fe4d995c9dc2869d","name":"Federico","image":{"@type":"ImageObject","inLanguage":"es","@id":"https:\/\/secure.gravatar.com\/avatar\/542d68923246b6c29256d811c3ce7f803fe17d6a190c813a52ef45fcda4733ad?s=96&d=mm&r=g","url":"https:\/\/secure.gravatar.com\/avatar\/542d68923246b6c29256d811c3ce7f803fe17d6a190c813a52ef45fcda4733ad?s=96&d=mm&r=g","contentUrl":"https:\/\/secure.gravatar.com\/avatar\/542d68923246b6c29256d811c3ce7f803fe17d6a190c813a52ef45fcda4733ad?s=96&d=mm&r=g","caption":"Federico"},"url":"https:\/\/caru.org.uy\/nuevositio\/author\/federico\/"}]}},"_links":{"self":[{"href":"https:\/\/caru.org.uy\/nuevositio\/wp-json\/wp\/v2\/posts\/12468","targetHints":{"allow":["GET"]}}],"collection":[{"href":"https:\/\/caru.org.uy\/nuevositio\/wp-json\/wp\/v2\/posts"}],"about":[{"href":"https:\/\/caru.org.uy\/nuevositio\/wp-json\/wp\/v2\/types\/post"}],"author":[{"embeddable":true,"href":"https:\/\/caru.org.uy\/nuevositio\/wp-json\/wp\/v2\/users\/12"}],"replies":[{"embeddable":true,"href":"https:\/\/caru.org.uy\/nuevositio\/wp-json\/wp\/v2\/comments?post=12468"}],"version-history":[{"count":1,"href":"https:\/\/caru.org.uy\/nuevositio\/wp-json\/wp\/v2\/posts\/12468\/revisions"}],"predecessor-version":[{"id":12475,"href":"https:\/\/caru.org.uy\/nuevositio\/wp-json\/wp\/v2\/posts\/12468\/revisions\/12475"}],"wp:featuredmedia":[{"embeddable":true,"href":"https:\/\/caru.org.uy\/nuevositio\/wp-json\/wp\/v2\/media\/12474"}],"wp:attachment":[{"href":"https:\/\/caru.org.uy\/nuevositio\/wp-json\/wp\/v2\/media?parent=12468"}],"wp:term":[{"taxonomy":"category","embeddable":true,"href":"https:\/\/caru.org.uy\/nuevositio\/wp-json\/wp\/v2\/categories?post=12468"},{"taxonomy":"post_tag","embeddable":true,"href":"https:\/\/caru.org.uy\/nuevositio\/wp-json\/wp\/v2\/tags?post=12468"}],"curies":[{"name":"wp","href":"https:\/\/api.w.org\/{rel}","templated":true}]}}