{"id":12494,"date":"2026-01-23T20:52:18","date_gmt":"2026-01-23T23:52:18","guid":{"rendered":"https:\/\/caru.org.uy\/nuevositio\/?p=12494"},"modified":"2026-01-27T12:45:00","modified_gmt":"2026-01-27T15:45:00","slug":"comision-administradora-del-rio-uruguay-resuelve-dejar-sin-efecto-el-llamado-a-concurso-abierto-publico-de-oposicion-y-antecedentes-n06-25","status":"publish","type":"post","link":"https:\/\/caru.org.uy\/nuevositio\/2026\/01\/23\/comision-administradora-del-rio-uruguay-resuelve-dejar-sin-efecto-el-llamado-a-concurso-abierto-publico-de-oposicion-y-antecedentes-n06-25\/","title":{"rendered":"Comisi\u00f3n Administradora del R\u00edo Uruguay, resuelve dejar sin efecto el llamado a Concurso Abierto P\u00fablico\u00a0de Oposici\u00f3n y Antecedentes n\u00b006\/25."},"content":{"rendered":"\n<figure class=\"wp-block-image size-large is-resized\"><img fetchpriority=\"high\" decoding=\"async\" width=\"1024\" height=\"494\" src=\"https:\/\/caru.org.uy\/nuevositio\/wp-content\/uploads\/2025\/11\/Sin-titulo-1-4-1024x494.png\" alt=\"\" class=\"wp-image-12100\" style=\"width:1130px;height:auto\" srcset=\"https:\/\/caru.org.uy\/nuevositio\/wp-content\/uploads\/2025\/11\/Sin-titulo-1-4-1024x494.png 1024w, https:\/\/caru.org.uy\/nuevositio\/wp-content\/uploads\/2025\/11\/Sin-titulo-1-4-300x145.png 300w, https:\/\/caru.org.uy\/nuevositio\/wp-content\/uploads\/2025\/11\/Sin-titulo-1-4-768x371.png 768w, https:\/\/caru.org.uy\/nuevositio\/wp-content\/uploads\/2025\/11\/Sin-titulo-1-4-1536x741.png 1536w, https:\/\/caru.org.uy\/nuevositio\/wp-content\/uploads\/2025\/11\/Sin-titulo-1-4-2048x989.png 2048w\" sizes=\"(max-width: 1024px) 100vw, 1024px\" \/><\/figure>\n\n\n\n<p class=\"has-x-large-font-size\">Seg\u00fan resoluci\u00f3n n\u00b004\/26 de fecha 23 de enero 2026 y considerando el art\u00edculo 53\u00b0 del Estatuto, la Comisi\u00f3n Administradora del R\u00edo Uruguay, <strong>resuelve<\/strong> <strong>dejar sin efecto el llamado a Concurso Abierto P\u00fablico\u00a0de Oposici\u00f3n y Antecedentes n\u00b006\/25, para la selecci\u00f3n de dos jefes de campa\u00f1a para el Comit\u00e9\u00a0Cient\u00edfico.<\/strong><\/p>\n\n\n\n<p><\/p>\n","protected":false},"excerpt":{"rendered":"<p>Seg\u00fan resoluci\u00f3n n\u00b004\/26 de fecha 23 de enero 2026 y considerando el art\u00edculo 53\u00b0 del Estatuto, la Comisi\u00f3n Administradora del R\u00edo Uruguay, resuelve dejar sin efecto el llamado a Concurso Abierto P\u00fablico\u00a0de Oposici\u00f3n y Antecedentes n\u00b006\/25, para la selecci\u00f3n de dos jefes de campa\u00f1a para el Comit\u00e9\u00a0Cient\u00edfico.<\/p>\n","protected":false},"author":12,"featured_media":12100,"comment_status":"open","ping_status":"open","sticky":false,"template":"","format":"standard","meta":{"_acf_changed":false,"_joinchat":[],"footnotes":""},"categories":[36,37],"tags":[],"class_list":["post-12494","post","type-post","status-publish","format-standard","has-post-thumbnail","hentry","category-concursos","category-noticias"],"acf":[],"yoast_head":"<!-- This site is optimized with the Yoast SEO plugin v27.3 - https:\/\/yoast.com\/product\/yoast-seo-wordpress\/ -->\n<title>Comisi\u00f3n Administradora del R\u00edo Uruguay, resuelve dejar sin efecto el llamado a Concurso Abierto P\u00fablico\u00a0de Oposici\u00f3n y Antecedentes n\u00b006\/25. % C.A.R.U. imagen<\/title>\n<meta name=\"robots\" content=\"index, follow, max-snippet:-1, max-image-preview:large, max-video-preview:-1\" \/>\n<link rel=\"canonical\" href=\"https:\/\/caru.org.uy\/nuevositio\/2026\/01\/23\/comision-administradora-del-rio-uruguay-resuelve-dejar-sin-efecto-el-llamado-a-concurso-abierto-publico-de-oposicion-y-antecedentes-n06-25\/\" \/>\n<meta property=\"og:locale\" content=\"es_ES\" \/>\n<meta property=\"og:type\" content=\"article\" \/>\n<meta property=\"og:title\" content=\"Comisi\u00f3n Administradora del R\u00edo Uruguay, resuelve dejar sin efecto el llamado a Concurso Abierto P\u00fablico\u00a0de Oposici\u00f3n y Antecedentes n\u00b006\/25. % C.A.R.U. imagen\" \/>\n<meta property=\"og:description\" content=\"Seg\u00fan resoluci\u00f3n n\u00b004\/26 de fecha 23 de enero 2026 y considerando el art\u00edculo 53\u00b0 del Estatuto, la Comisi\u00f3n Administradora del R\u00edo Uruguay, resuelve dejar sin efecto el llamado a Concurso Abierto P\u00fablico\u00a0de Oposici\u00f3n y Antecedentes n\u00b006\/25, para la selecci\u00f3n de dos jefes de campa\u00f1a para el Comit\u00e9\u00a0Cient\u00edfico.\" \/>\n<meta property=\"og:url\" content=\"https:\/\/caru.org.uy\/nuevositio\/2026\/01\/23\/comision-administradora-del-rio-uruguay-resuelve-dejar-sin-efecto-el-llamado-a-concurso-abierto-publico-de-oposicion-y-antecedentes-n06-25\/\" \/>\n<meta property=\"og:site_name\" content=\"C.A.R.U.\" \/>\n<meta property=\"article:published_time\" content=\"2026-01-23T23:52:18+00:00\" \/>\n<meta property=\"article:modified_time\" content=\"2026-01-27T15:45:00+00:00\" \/>\n<meta property=\"og:image\" content=\"https:\/\/caru.org.uy\/nuevositio\/wp-content\/uploads\/2025\/11\/Sin-titulo-1-4-scaled.png\" \/>\n\t<meta property=\"og:image:width\" content=\"2560\" \/>\n\t<meta property=\"og:image:height\" content=\"1236\" \/>\n\t<meta property=\"og:image:type\" content=\"image\/png\" \/>\n<meta name=\"author\" content=\"Federico\" \/>\n<meta name=\"twitter:card\" content=\"summary_large_image\" \/>\n<meta name=\"twitter:label1\" content=\"Escrito por\" \/>\n\t<meta name=\"twitter:data1\" content=\"Federico\" \/>\n\t<meta name=\"twitter:label2\" content=\"Tiempo de lectura\" \/>\n\t<meta name=\"twitter:data2\" content=\"1 minuto\" \/>\n<script type=\"application\/ld+json\" class=\"yoast-schema-graph\">{\"@context\":\"https:\\\/\\\/schema.org\",\"@graph\":[{\"@type\":[\"Article\",\"BlogPosting\"],\"@id\":\"https:\\\/\\\/caru.org.uy\\\/nuevositio\\\/2026\\\/01\\\/23\\\/comision-administradora-del-rio-uruguay-resuelve-dejar-sin-efecto-el-llamado-a-concurso-abierto-publico-de-oposicion-y-antecedentes-n06-25\\\/#article\",\"isPartOf\":{\"@id\":\"https:\\\/\\\/caru.org.uy\\\/nuevositio\\\/2026\\\/01\\\/23\\\/comision-administradora-del-rio-uruguay-resuelve-dejar-sin-efecto-el-llamado-a-concurso-abierto-publico-de-oposicion-y-antecedentes-n06-25\\\/\"},\"author\":{\"name\":\"Federico\",\"@id\":\"https:\\\/\\\/caru.org.uy\\\/nuevositio\\\/#\\\/schema\\\/person\\\/fba625b864836c52fe4d995c9dc2869d\"},\"headline\":\"Comisi\u00f3n Administradora del R\u00edo Uruguay, resuelve dejar sin efecto el llamado a Concurso Abierto P\u00fablico\u00a0de Oposici\u00f3n y Antecedentes n\u00b006\\\/25.\",\"datePublished\":\"2026-01-23T23:52:18+00:00\",\"dateModified\":\"2026-01-27T15:45:00+00:00\",\"mainEntityOfPage\":{\"@id\":\"https:\\\/\\\/caru.org.uy\\\/nuevositio\\\/2026\\\/01\\\/23\\\/comision-administradora-del-rio-uruguay-resuelve-dejar-sin-efecto-el-llamado-a-concurso-abierto-publico-de-oposicion-y-antecedentes-n06-25\\\/\"},\"wordCount\":80,\"commentCount\":0,\"publisher\":{\"@id\":\"https:\\\/\\\/caru.org.uy\\\/nuevositio\\\/#organization\"},\"image\":{\"@id\":\"https:\\\/\\\/caru.org.uy\\\/nuevositio\\\/2026\\\/01\\\/23\\\/comision-administradora-del-rio-uruguay-resuelve-dejar-sin-efecto-el-llamado-a-concurso-abierto-publico-de-oposicion-y-antecedentes-n06-25\\\/#primaryimage\"},\"thumbnailUrl\":\"https:\\\/\\\/caru.org.uy\\\/nuevositio\\\/wp-content\\\/uploads\\\/2025\\\/11\\\/Sin-titulo-1-4-scaled.png\",\"articleSection\":[\"Concursos\",\"Noticias\"],\"inLanguage\":\"es\",\"potentialAction\":[{\"@type\":\"CommentAction\",\"name\":\"Comment\",\"target\":[\"https:\\\/\\\/caru.org.uy\\\/nuevositio\\\/2026\\\/01\\\/23\\\/comision-administradora-del-rio-uruguay-resuelve-dejar-sin-efecto-el-llamado-a-concurso-abierto-publico-de-oposicion-y-antecedentes-n06-25\\\/#respond\"]}]},{\"@type\":\"WebPage\",\"@id\":\"https:\\\/\\\/caru.org.uy\\\/nuevositio\\\/2026\\\/01\\\/23\\\/comision-administradora-del-rio-uruguay-resuelve-dejar-sin-efecto-el-llamado-a-concurso-abierto-publico-de-oposicion-y-antecedentes-n06-25\\\/\",\"url\":\"https:\\\/\\\/caru.org.uy\\\/nuevositio\\\/2026\\\/01\\\/23\\\/comision-administradora-del-rio-uruguay-resuelve-dejar-sin-efecto-el-llamado-a-concurso-abierto-publico-de-oposicion-y-antecedentes-n06-25\\\/\",\"name\":\"Comisi\u00f3n Administradora del R\u00edo Uruguay, resuelve dejar sin efecto el llamado a Concurso Abierto P\u00fablico\u00a0de Oposici\u00f3n y Antecedentes n\u00b006\\\/25. % C.A.R.U. imagen\",\"isPartOf\":{\"@id\":\"https:\\\/\\\/caru.org.uy\\\/nuevositio\\\/#website\"},\"primaryImageOfPage\":{\"@id\":\"https:\\\/\\\/caru.org.uy\\\/nuevositio\\\/2026\\\/01\\\/23\\\/comision-administradora-del-rio-uruguay-resuelve-dejar-sin-efecto-el-llamado-a-concurso-abierto-publico-de-oposicion-y-antecedentes-n06-25\\\/#primaryimage\"},\"image\":{\"@id\":\"https:\\\/\\\/caru.org.uy\\\/nuevositio\\\/2026\\\/01\\\/23\\\/comision-administradora-del-rio-uruguay-resuelve-dejar-sin-efecto-el-llamado-a-concurso-abierto-publico-de-oposicion-y-antecedentes-n06-25\\\/#primaryimage\"},\"thumbnailUrl\":\"https:\\\/\\\/caru.org.uy\\\/nuevositio\\\/wp-content\\\/uploads\\\/2025\\\/11\\\/Sin-titulo-1-4-scaled.png\",\"datePublished\":\"2026-01-23T23:52:18+00:00\",\"dateModified\":\"2026-01-27T15:45:00+00:00\",\"breadcrumb\":{\"@id\":\"https:\\\/\\\/caru.org.uy\\\/nuevositio\\\/2026\\\/01\\\/23\\\/comision-administradora-del-rio-uruguay-resuelve-dejar-sin-efecto-el-llamado-a-concurso-abierto-publico-de-oposicion-y-antecedentes-n06-25\\\/#breadcrumb\"},\"inLanguage\":\"es\",\"potentialAction\":[{\"@type\":\"ReadAction\",\"target\":[\"https:\\\/\\\/caru.org.uy\\\/nuevositio\\\/2026\\\/01\\\/23\\\/comision-administradora-del-rio-uruguay-resuelve-dejar-sin-efecto-el-llamado-a-concurso-abierto-publico-de-oposicion-y-antecedentes-n06-25\\\/\"]}]},{\"@type\":\"ImageObject\",\"inLanguage\":\"es\",\"@id\":\"https:\\\/\\\/caru.org.uy\\\/nuevositio\\\/2026\\\/01\\\/23\\\/comision-administradora-del-rio-uruguay-resuelve-dejar-sin-efecto-el-llamado-a-concurso-abierto-publico-de-oposicion-y-antecedentes-n06-25\\\/#primaryimage\",\"url\":\"https:\\\/\\\/caru.org.uy\\\/nuevositio\\\/wp-content\\\/uploads\\\/2025\\\/11\\\/Sin-titulo-1-4-scaled.png\",\"contentUrl\":\"https:\\\/\\\/caru.org.uy\\\/nuevositio\\\/wp-content\\\/uploads\\\/2025\\\/11\\\/Sin-titulo-1-4-scaled.png\",\"width\":2560,\"height\":1236},{\"@type\":\"BreadcrumbList\",\"@id\":\"https:\\\/\\\/caru.org.uy\\\/nuevositio\\\/2026\\\/01\\\/23\\\/comision-administradora-del-rio-uruguay-resuelve-dejar-sin-efecto-el-llamado-a-concurso-abierto-publico-de-oposicion-y-antecedentes-n06-25\\\/#breadcrumb\",\"itemListElement\":[{\"@type\":\"ListItem\",\"position\":1,\"name\":\"Portada\",\"item\":\"https:\\\/\\\/caru.org.uy\\\/nuevositio\\\/\"},{\"@type\":\"ListItem\",\"position\":2,\"name\":\"Comisi\u00f3n Administradora del R\u00edo Uruguay, resuelve dejar sin efecto el llamado a Concurso Abierto P\u00fablico\u00a0de Oposici\u00f3n y Antecedentes n\u00b006\\\/25.\"}]},{\"@type\":\"WebSite\",\"@id\":\"https:\\\/\\\/caru.org.uy\\\/nuevositio\\\/#website\",\"url\":\"https:\\\/\\\/caru.org.uy\\\/nuevositio\\\/\",\"name\":\"C.A.R.U.\",\"description\":\"Comisi\u00f3n Administradora del R\u00edo Uruguay\",\"publisher\":{\"@id\":\"https:\\\/\\\/caru.org.uy\\\/nuevositio\\\/#organization\"},\"potentialAction\":[{\"@type\":\"SearchAction\",\"target\":{\"@type\":\"EntryPoint\",\"urlTemplate\":\"https:\\\/\\\/caru.org.uy\\\/nuevositio\\\/?s={search_term_string}\"},\"query-input\":{\"@type\":\"PropertyValueSpecification\",\"valueRequired\":true,\"valueName\":\"search_term_string\"}}],\"inLanguage\":\"es\"},{\"@type\":\"Organization\",\"@id\":\"https:\\\/\\\/caru.org.uy\\\/nuevositio\\\/#organization\",\"name\":\"C.A.R.U.\",\"url\":\"https:\\\/\\\/caru.org.uy\\\/nuevositio\\\/\",\"logo\":{\"@type\":\"ImageObject\",\"inLanguage\":\"es\",\"@id\":\"https:\\\/\\\/caru.org.uy\\\/nuevositio\\\/#\\\/schema\\\/logo\\\/image\\\/\",\"url\":\"https:\\\/\\\/caru.org.uy\\\/nuevositio\\\/wp-content\\\/uploads\\\/2023\\\/11\\\/logo-nuevo.jpg\",\"contentUrl\":\"https:\\\/\\\/caru.org.uy\\\/nuevositio\\\/wp-content\\\/uploads\\\/2023\\\/11\\\/logo-nuevo.jpg\",\"width\":1,\"height\":1,\"caption\":\"C.A.R.U.\"},\"image\":{\"@id\":\"https:\\\/\\\/caru.org.uy\\\/nuevositio\\\/#\\\/schema\\\/logo\\\/image\\\/\"}},{\"@type\":\"Person\",\"@id\":\"https:\\\/\\\/caru.org.uy\\\/nuevositio\\\/#\\\/schema\\\/person\\\/fba625b864836c52fe4d995c9dc2869d\",\"name\":\"Federico\",\"image\":{\"@type\":\"ImageObject\",\"inLanguage\":\"es\",\"@id\":\"https:\\\/\\\/secure.gravatar.com\\\/avatar\\\/542d68923246b6c29256d811c3ce7f803fe17d6a190c813a52ef45fcda4733ad?s=96&d=mm&r=g\",\"url\":\"https:\\\/\\\/secure.gravatar.com\\\/avatar\\\/542d68923246b6c29256d811c3ce7f803fe17d6a190c813a52ef45fcda4733ad?s=96&d=mm&r=g\",\"contentUrl\":\"https:\\\/\\\/secure.gravatar.com\\\/avatar\\\/542d68923246b6c29256d811c3ce7f803fe17d6a190c813a52ef45fcda4733ad?s=96&d=mm&r=g\",\"caption\":\"Federico\"},\"url\":\"https:\\\/\\\/caru.org.uy\\\/nuevositio\\\/author\\\/federico\\\/\"}]}<\/script>\n<!-- \/ Yoast SEO plugin. -->","yoast_head_json":{"title":"Comisi\u00f3n Administradora del R\u00edo Uruguay, resuelve dejar sin efecto el llamado a Concurso Abierto P\u00fablico\u00a0de Oposici\u00f3n y Antecedentes n\u00b006\/25. % C.A.R.U. imagen","robots":{"index":"index","follow":"follow","max-snippet":"max-snippet:-1","max-image-preview":"max-image-preview:large","max-video-preview":"max-video-preview:-1"},"canonical":"https:\/\/caru.org.uy\/nuevositio\/2026\/01\/23\/comision-administradora-del-rio-uruguay-resuelve-dejar-sin-efecto-el-llamado-a-concurso-abierto-publico-de-oposicion-y-antecedentes-n06-25\/","og_locale":"es_ES","og_type":"article","og_title":"Comisi\u00f3n Administradora del R\u00edo Uruguay, resuelve dejar sin efecto el llamado a Concurso Abierto P\u00fablico\u00a0de Oposici\u00f3n y Antecedentes n\u00b006\/25. % C.A.R.U. imagen","og_description":"Seg\u00fan resoluci\u00f3n n\u00b004\/26 de fecha 23 de enero 2026 y considerando el art\u00edculo 53\u00b0 del Estatuto, la Comisi\u00f3n Administradora del R\u00edo Uruguay, resuelve dejar sin efecto el llamado a Concurso Abierto P\u00fablico\u00a0de Oposici\u00f3n y Antecedentes n\u00b006\/25, para la selecci\u00f3n de dos jefes de campa\u00f1a para el Comit\u00e9\u00a0Cient\u00edfico.","og_url":"https:\/\/caru.org.uy\/nuevositio\/2026\/01\/23\/comision-administradora-del-rio-uruguay-resuelve-dejar-sin-efecto-el-llamado-a-concurso-abierto-publico-de-oposicion-y-antecedentes-n06-25\/","og_site_name":"C.A.R.U.","article_published_time":"2026-01-23T23:52:18+00:00","article_modified_time":"2026-01-27T15:45:00+00:00","og_image":[{"width":2560,"height":1236,"url":"https:\/\/caru.org.uy\/nuevositio\/wp-content\/uploads\/2025\/11\/Sin-titulo-1-4-scaled.png","type":"image\/png"}],"author":"Federico","twitter_card":"summary_large_image","twitter_misc":{"Escrito por":"Federico","Tiempo de lectura":"1 minuto"},"schema":{"@context":"https:\/\/schema.org","@graph":[{"@type":["Article","BlogPosting"],"@id":"https:\/\/caru.org.uy\/nuevositio\/2026\/01\/23\/comision-administradora-del-rio-uruguay-resuelve-dejar-sin-efecto-el-llamado-a-concurso-abierto-publico-de-oposicion-y-antecedentes-n06-25\/#article","isPartOf":{"@id":"https:\/\/caru.org.uy\/nuevositio\/2026\/01\/23\/comision-administradora-del-rio-uruguay-resuelve-dejar-sin-efecto-el-llamado-a-concurso-abierto-publico-de-oposicion-y-antecedentes-n06-25\/"},"author":{"name":"Federico","@id":"https:\/\/caru.org.uy\/nuevositio\/#\/schema\/person\/fba625b864836c52fe4d995c9dc2869d"},"headline":"Comisi\u00f3n Administradora del R\u00edo Uruguay, resuelve dejar sin efecto el llamado a Concurso Abierto P\u00fablico\u00a0de Oposici\u00f3n y Antecedentes n\u00b006\/25.","datePublished":"2026-01-23T23:52:18+00:00","dateModified":"2026-01-27T15:45:00+00:00","mainEntityOfPage":{"@id":"https:\/\/caru.org.uy\/nuevositio\/2026\/01\/23\/comision-administradora-del-rio-uruguay-resuelve-dejar-sin-efecto-el-llamado-a-concurso-abierto-publico-de-oposicion-y-antecedentes-n06-25\/"},"wordCount":80,"commentCount":0,"publisher":{"@id":"https:\/\/caru.org.uy\/nuevositio\/#organization"},"image":{"@id":"https:\/\/caru.org.uy\/nuevositio\/2026\/01\/23\/comision-administradora-del-rio-uruguay-resuelve-dejar-sin-efecto-el-llamado-a-concurso-abierto-publico-de-oposicion-y-antecedentes-n06-25\/#primaryimage"},"thumbnailUrl":"https:\/\/caru.org.uy\/nuevositio\/wp-content\/uploads\/2025\/11\/Sin-titulo-1-4-scaled.png","articleSection":["Concursos","Noticias"],"inLanguage":"es","potentialAction":[{"@type":"CommentAction","name":"Comment","target":["https:\/\/caru.org.uy\/nuevositio\/2026\/01\/23\/comision-administradora-del-rio-uruguay-resuelve-dejar-sin-efecto-el-llamado-a-concurso-abierto-publico-de-oposicion-y-antecedentes-n06-25\/#respond"]}]},{"@type":"WebPage","@id":"https:\/\/caru.org.uy\/nuevositio\/2026\/01\/23\/comision-administradora-del-rio-uruguay-resuelve-dejar-sin-efecto-el-llamado-a-concurso-abierto-publico-de-oposicion-y-antecedentes-n06-25\/","url":"https:\/\/caru.org.uy\/nuevositio\/2026\/01\/23\/comision-administradora-del-rio-uruguay-resuelve-dejar-sin-efecto-el-llamado-a-concurso-abierto-publico-de-oposicion-y-antecedentes-n06-25\/","name":"Comisi\u00f3n Administradora del R\u00edo Uruguay, resuelve dejar sin efecto el llamado a Concurso Abierto P\u00fablico\u00a0de Oposici\u00f3n y Antecedentes n\u00b006\/25. % C.A.R.U. imagen","isPartOf":{"@id":"https:\/\/caru.org.uy\/nuevositio\/#website"},"primaryImageOfPage":{"@id":"https:\/\/caru.org.uy\/nuevositio\/2026\/01\/23\/comision-administradora-del-rio-uruguay-resuelve-dejar-sin-efecto-el-llamado-a-concurso-abierto-publico-de-oposicion-y-antecedentes-n06-25\/#primaryimage"},"image":{"@id":"https:\/\/caru.org.uy\/nuevositio\/2026\/01\/23\/comision-administradora-del-rio-uruguay-resuelve-dejar-sin-efecto-el-llamado-a-concurso-abierto-publico-de-oposicion-y-antecedentes-n06-25\/#primaryimage"},"thumbnailUrl":"https:\/\/caru.org.uy\/nuevositio\/wp-content\/uploads\/2025\/11\/Sin-titulo-1-4-scaled.png","datePublished":"2026-01-23T23:52:18+00:00","dateModified":"2026-01-27T15:45:00+00:00","breadcrumb":{"@id":"https:\/\/caru.org.uy\/nuevositio\/2026\/01\/23\/comision-administradora-del-rio-uruguay-resuelve-dejar-sin-efecto-el-llamado-a-concurso-abierto-publico-de-oposicion-y-antecedentes-n06-25\/#breadcrumb"},"inLanguage":"es","potentialAction":[{"@type":"ReadAction","target":["https:\/\/caru.org.uy\/nuevositio\/2026\/01\/23\/comision-administradora-del-rio-uruguay-resuelve-dejar-sin-efecto-el-llamado-a-concurso-abierto-publico-de-oposicion-y-antecedentes-n06-25\/"]}]},{"@type":"ImageObject","inLanguage":"es","@id":"https:\/\/caru.org.uy\/nuevositio\/2026\/01\/23\/comision-administradora-del-rio-uruguay-resuelve-dejar-sin-efecto-el-llamado-a-concurso-abierto-publico-de-oposicion-y-antecedentes-n06-25\/#primaryimage","url":"https:\/\/caru.org.uy\/nuevositio\/wp-content\/uploads\/2025\/11\/Sin-titulo-1-4-scaled.png","contentUrl":"https:\/\/caru.org.uy\/nuevositio\/wp-content\/uploads\/2025\/11\/Sin-titulo-1-4-scaled.png","width":2560,"height":1236},{"@type":"BreadcrumbList","@id":"https:\/\/caru.org.uy\/nuevositio\/2026\/01\/23\/comision-administradora-del-rio-uruguay-resuelve-dejar-sin-efecto-el-llamado-a-concurso-abierto-publico-de-oposicion-y-antecedentes-n06-25\/#breadcrumb","itemListElement":[{"@type":"ListItem","position":1,"name":"Portada","item":"https:\/\/caru.org.uy\/nuevositio\/"},{"@type":"ListItem","position":2,"name":"Comisi\u00f3n Administradora del R\u00edo Uruguay, resuelve dejar sin efecto el llamado a Concurso Abierto P\u00fablico\u00a0de Oposici\u00f3n y Antecedentes n\u00b006\/25."}]},{"@type":"WebSite","@id":"https:\/\/caru.org.uy\/nuevositio\/#website","url":"https:\/\/caru.org.uy\/nuevositio\/","name":"C.A.R.U.","description":"Comisi\u00f3n Administradora del R\u00edo Uruguay","publisher":{"@id":"https:\/\/caru.org.uy\/nuevositio\/#organization"},"potentialAction":[{"@type":"SearchAction","target":{"@type":"EntryPoint","urlTemplate":"https:\/\/caru.org.uy\/nuevositio\/?s={search_term_string}"},"query-input":{"@type":"PropertyValueSpecification","valueRequired":true,"valueName":"search_term_string"}}],"inLanguage":"es"},{"@type":"Organization","@id":"https:\/\/caru.org.uy\/nuevositio\/#organization","name":"C.A.R.U.","url":"https:\/\/caru.org.uy\/nuevositio\/","logo":{"@type":"ImageObject","inLanguage":"es","@id":"https:\/\/caru.org.uy\/nuevositio\/#\/schema\/logo\/image\/","url":"https:\/\/caru.org.uy\/nuevositio\/wp-content\/uploads\/2023\/11\/logo-nuevo.jpg","contentUrl":"https:\/\/caru.org.uy\/nuevositio\/wp-content\/uploads\/2023\/11\/logo-nuevo.jpg","width":1,"height":1,"caption":"C.A.R.U."},"image":{"@id":"https:\/\/caru.org.uy\/nuevositio\/#\/schema\/logo\/image\/"}},{"@type":"Person","@id":"https:\/\/caru.org.uy\/nuevositio\/#\/schema\/person\/fba625b864836c52fe4d995c9dc2869d","name":"Federico","image":{"@type":"ImageObject","inLanguage":"es","@id":"https:\/\/secure.gravatar.com\/avatar\/542d68923246b6c29256d811c3ce7f803fe17d6a190c813a52ef45fcda4733ad?s=96&d=mm&r=g","url":"https:\/\/secure.gravatar.com\/avatar\/542d68923246b6c29256d811c3ce7f803fe17d6a190c813a52ef45fcda4733ad?s=96&d=mm&r=g","contentUrl":"https:\/\/secure.gravatar.com\/avatar\/542d68923246b6c29256d811c3ce7f803fe17d6a190c813a52ef45fcda4733ad?s=96&d=mm&r=g","caption":"Federico"},"url":"https:\/\/caru.org.uy\/nuevositio\/author\/federico\/"}]}},"_links":{"self":[{"href":"https:\/\/caru.org.uy\/nuevositio\/wp-json\/wp\/v2\/posts\/12494","targetHints":{"allow":["GET"]}}],"collection":[{"href":"https:\/\/caru.org.uy\/nuevositio\/wp-json\/wp\/v2\/posts"}],"about":[{"href":"https:\/\/caru.org.uy\/nuevositio\/wp-json\/wp\/v2\/types\/post"}],"author":[{"embeddable":true,"href":"https:\/\/caru.org.uy\/nuevositio\/wp-json\/wp\/v2\/users\/12"}],"replies":[{"embeddable":true,"href":"https:\/\/caru.org.uy\/nuevositio\/wp-json\/wp\/v2\/comments?post=12494"}],"version-history":[{"count":2,"href":"https:\/\/caru.org.uy\/nuevositio\/wp-json\/wp\/v2\/posts\/12494\/revisions"}],"predecessor-version":[{"id":12506,"href":"https:\/\/caru.org.uy\/nuevositio\/wp-json\/wp\/v2\/posts\/12494\/revisions\/12506"}],"wp:featuredmedia":[{"embeddable":true,"href":"https:\/\/caru.org.uy\/nuevositio\/wp-json\/wp\/v2\/media\/12100"}],"wp:attachment":[{"href":"https:\/\/caru.org.uy\/nuevositio\/wp-json\/wp\/v2\/media?parent=12494"}],"wp:term":[{"taxonomy":"category","embeddable":true,"href":"https:\/\/caru.org.uy\/nuevositio\/wp-json\/wp\/v2\/categories?post=12494"},{"taxonomy":"post_tag","embeddable":true,"href":"https:\/\/caru.org.uy\/nuevositio\/wp-json\/wp\/v2\/tags?post=12494"}],"curies":[{"name":"wp","href":"https:\/\/api.w.org\/{rel}","templated":true}]}}