{"id":12513,"date":"2026-02-04T12:18:44","date_gmt":"2026-02-04T15:18:44","guid":{"rendered":"https:\/\/caru.org.uy\/nuevositio\/?p=12513"},"modified":"2026-02-04T12:30:05","modified_gmt":"2026-02-04T15:30:05","slug":"se-inauguro-la-primera-etapa-del-proyecto-de-reacondicionamiento-de-la-aci-ejecutado-con-aportes-de-la-caru-y-se-dio-inicio-a-la-segunda","status":"publish","type":"post","link":"https:\/\/caru.org.uy\/nuevositio\/2026\/02\/04\/se-inauguro-la-primera-etapa-del-proyecto-de-reacondicionamiento-de-la-aci-ejecutado-con-aportes-de-la-caru-y-se-dio-inicio-a-la-segunda\/","title":{"rendered":"Se inaugur\u00f3 la primera etapa del Proyecto de Reacondicionamiento de la ACI, ejecutado con aportes de la CARU, y se dio inicio a la segunda."},"content":{"rendered":"\n<p>Este <strong>4 de febrero<\/strong>, a las <strong>10:00 horas<\/strong>, <strong>se realiz\u00f3 en la Area de Control Integrado en el puente general artigas<\/strong> (<strong>ACI<\/strong>) el acto de <strong>inauguraci\u00f3n de la Primera Etapa e inicio de la Segunda Etapa del Proyecto de Reacondicionamiento<\/strong>, ejecutado <strong>con aportes de la Comisi\u00f3n Administradora del R\u00edo Uruguay (CARU)<\/strong>, con la participaci\u00f3n de autoridades y representantes institucionales.<\/p>\n\n\n\n<p>En la oportunidad quedaron formalmente inauguradas las obras correspondientes a la <strong>primera etapa<\/strong>, que incluyeron el <strong>mejoramiento integral de las instalaciones<\/strong>, abarcando trabajos de <strong>refacci\u00f3n edilicia<\/strong>, <strong>adecuaci\u00f3n de espacios de trabajo<\/strong>, <strong>mejoras en accesos y circulaci\u00f3n<\/strong>, <strong>puesta a punto de servicios b\u00e1sicos<\/strong> y <strong>acondicionamiento general<\/strong>, con el objetivo de optimizar las condiciones de funcionamiento, seguridad y confort.<\/p>\n\n\n\n<p>Asimismo, durante el acto se dio inicio a la <strong>segunda etapa del proyecto<\/strong>, que continuar\u00e1 desarroll\u00e1ndose <strong>con el apoyo de la CARU<\/strong> y contemplar\u00e1 nuevas intervenciones orientadas a la <strong>modernizaci\u00f3n y optimizaci\u00f3n de \u00e1reas operativas y administrativas<\/strong>, as\u00ed como la <strong>continuidad de las mejoras estructurales<\/strong>, en funci\u00f3n de las necesidades actuales y futuras de la ACI.<\/p>\n\n\n\n<p>Las autoridades destacaron la importancia del acompa\u00f1amiento institucional de la CARU para la concreci\u00f3n de estas obras, que permiten avanzar de manera planificada y sostenida en la <strong>puesta en valor de la infraestructura<\/strong>, garantizando la continuidad de las actividades.<\/p>\n\n\n\n<figure class=\"wp-block-image size-large is-resized\"><img fetchpriority=\"high\" decoding=\"async\" width=\"1024\" height=\"683\" src=\"https:\/\/caru.org.uy\/nuevositio\/wp-content\/uploads\/2026\/02\/DSC_3483-1-1024x683.png\" alt=\"\" class=\"wp-image-12515\" style=\"width:1130px;height:auto\" srcset=\"https:\/\/caru.org.uy\/nuevositio\/wp-content\/uploads\/2026\/02\/DSC_3483-1-1024x683.png 1024w, https:\/\/caru.org.uy\/nuevositio\/wp-content\/uploads\/2026\/02\/DSC_3483-1-300x200.png 300w, https:\/\/caru.org.uy\/nuevositio\/wp-content\/uploads\/2026\/02\/DSC_3483-1-768x512.png 768w, https:\/\/caru.org.uy\/nuevositio\/wp-content\/uploads\/2026\/02\/DSC_3483-1-1536x1024.png 1536w, https:\/\/caru.org.uy\/nuevositio\/wp-content\/uploads\/2026\/02\/DSC_3483-1-2048x1365.png 2048w\" sizes=\"(max-width: 1024px) 100vw, 1024px\" \/><\/figure>\n\n\n\n<figure class=\"wp-block-image size-large is-resized\"><img decoding=\"async\" width=\"1024\" height=\"624\" src=\"https:\/\/caru.org.uy\/nuevositio\/wp-content\/uploads\/2026\/02\/DSC_3356-1024x624.png\" alt=\"\" class=\"wp-image-12516\" style=\"width:1130px;height:auto\" srcset=\"https:\/\/caru.org.uy\/nuevositio\/wp-content\/uploads\/2026\/02\/DSC_3356-1024x624.png 1024w, https:\/\/caru.org.uy\/nuevositio\/wp-content\/uploads\/2026\/02\/DSC_3356-300x183.png 300w, https:\/\/caru.org.uy\/nuevositio\/wp-content\/uploads\/2026\/02\/DSC_3356-768x468.png 768w, https:\/\/caru.org.uy\/nuevositio\/wp-content\/uploads\/2026\/02\/DSC_3356-1536x936.png 1536w, https:\/\/caru.org.uy\/nuevositio\/wp-content\/uploads\/2026\/02\/DSC_3356-2048x1248.png 2048w\" sizes=\"(max-width: 1024px) 100vw, 1024px\" \/><\/figure>\n\n\n\n<figure class=\"wp-block-image size-large is-resized\"><img decoding=\"async\" width=\"1024\" height=\"683\" src=\"https:\/\/caru.org.uy\/nuevositio\/wp-content\/uploads\/2026\/02\/DSC_3361-1024x683.png\" alt=\"\" class=\"wp-image-12517\" style=\"width:1130px;height:auto\" srcset=\"https:\/\/caru.org.uy\/nuevositio\/wp-content\/uploads\/2026\/02\/DSC_3361-1024x683.png 1024w, https:\/\/caru.org.uy\/nuevositio\/wp-content\/uploads\/2026\/02\/DSC_3361-300x200.png 300w, https:\/\/caru.org.uy\/nuevositio\/wp-content\/uploads\/2026\/02\/DSC_3361-768x512.png 768w, https:\/\/caru.org.uy\/nuevositio\/wp-content\/uploads\/2026\/02\/DSC_3361-1536x1024.png 1536w, https:\/\/caru.org.uy\/nuevositio\/wp-content\/uploads\/2026\/02\/DSC_3361-2048x1365.png 2048w\" sizes=\"(max-width: 1024px) 100vw, 1024px\" \/><\/figure>\n","protected":false},"excerpt":{"rendered":"<p>Este 4 de febrero, a las 10:00 horas, se realiz\u00f3 en la Area de Control Integrado en el puente general artigas (ACI) el acto de inauguraci\u00f3n de la Primera Etapa e inicio de la Segunda Etapa del Proyecto de Reacondicionamiento, ejecutado con aportes de la Comisi\u00f3n Administradora del R\u00edo Uruguay (CARU), con la participaci\u00f3n de [&hellip;]<\/p>\n","protected":false},"author":12,"featured_media":12514,"comment_status":"open","ping_status":"open","sticky":false,"template":"","format":"standard","meta":{"_acf_changed":false,"_joinchat":[],"footnotes":""},"categories":[40,37,27],"tags":[],"class_list":["post-12513","post","type-post","status-publish","format-standard","has-post-thumbnail","hentry","category-destacada","category-noticias","category-novedades"],"acf":[],"yoast_head":"<!-- This site is optimized with the Yoast SEO plugin v27.3 - https:\/\/yoast.com\/product\/yoast-seo-wordpress\/ -->\n<title>Se inaugur\u00f3 la primera etapa del Proyecto de Reacondicionamiento de la ACI, ejecutado con aportes de la CARU, y se dio inicio a la segunda. % C.A.R.U. imagen<\/title>\n<meta name=\"robots\" content=\"index, follow, max-snippet:-1, max-image-preview:large, max-video-preview:-1\" \/>\n<link rel=\"canonical\" href=\"https:\/\/caru.org.uy\/nuevositio\/2026\/02\/04\/se-inauguro-la-primera-etapa-del-proyecto-de-reacondicionamiento-de-la-aci-ejecutado-con-aportes-de-la-caru-y-se-dio-inicio-a-la-segunda\/\" \/>\n<meta property=\"og:locale\" content=\"es_ES\" \/>\n<meta property=\"og:type\" content=\"article\" \/>\n<meta property=\"og:title\" content=\"Se inaugur\u00f3 la primera etapa del Proyecto de Reacondicionamiento de la ACI, ejecutado con aportes de la CARU, y se dio inicio a la segunda. % C.A.R.U. imagen\" \/>\n<meta property=\"og:description\" content=\"Este 4 de febrero, a las 10:00 horas, se realiz\u00f3 en la Area de Control Integrado en el puente general artigas (ACI) el acto de inauguraci\u00f3n de la Primera Etapa e inicio de la Segunda Etapa del Proyecto de Reacondicionamiento, ejecutado con aportes de la Comisi\u00f3n Administradora del R\u00edo Uruguay (CARU), con la participaci\u00f3n de [&hellip;]\" \/>\n<meta property=\"og:url\" content=\"https:\/\/caru.org.uy\/nuevositio\/2026\/02\/04\/se-inauguro-la-primera-etapa-del-proyecto-de-reacondicionamiento-de-la-aci-ejecutado-con-aportes-de-la-caru-y-se-dio-inicio-a-la-segunda\/\" \/>\n<meta property=\"og:site_name\" content=\"C.A.R.U.\" \/>\n<meta property=\"article:published_time\" content=\"2026-02-04T15:18:44+00:00\" \/>\n<meta property=\"article:modified_time\" content=\"2026-02-04T15:30:05+00:00\" \/>\n<meta property=\"og:image\" content=\"https:\/\/caru.org.uy\/nuevositio\/wp-content\/uploads\/2026\/02\/DSC_3483-1024x683.png\" \/>\n\t<meta property=\"og:image:width\" content=\"1024\" \/>\n\t<meta property=\"og:image:height\" content=\"683\" \/>\n\t<meta property=\"og:image:type\" content=\"image\/png\" \/>\n<meta name=\"author\" content=\"Federico\" \/>\n<meta name=\"twitter:card\" content=\"summary_large_image\" \/>\n<meta name=\"twitter:label1\" content=\"Escrito por\" \/>\n\t<meta name=\"twitter:data1\" content=\"Federico\" \/>\n\t<meta name=\"twitter:label2\" content=\"Tiempo de lectura\" \/>\n\t<meta name=\"twitter:data2\" content=\"2 minutos\" \/>\n<script type=\"application\/ld+json\" class=\"yoast-schema-graph\">{\"@context\":\"https:\\\/\\\/schema.org\",\"@graph\":[{\"@type\":[\"Article\",\"BlogPosting\"],\"@id\":\"https:\\\/\\\/caru.org.uy\\\/nuevositio\\\/2026\\\/02\\\/04\\\/se-inauguro-la-primera-etapa-del-proyecto-de-reacondicionamiento-de-la-aci-ejecutado-con-aportes-de-la-caru-y-se-dio-inicio-a-la-segunda\\\/#article\",\"isPartOf\":{\"@id\":\"https:\\\/\\\/caru.org.uy\\\/nuevositio\\\/2026\\\/02\\\/04\\\/se-inauguro-la-primera-etapa-del-proyecto-de-reacondicionamiento-de-la-aci-ejecutado-con-aportes-de-la-caru-y-se-dio-inicio-a-la-segunda\\\/\"},\"author\":{\"name\":\"Federico\",\"@id\":\"https:\\\/\\\/caru.org.uy\\\/nuevositio\\\/#\\\/schema\\\/person\\\/fba625b864836c52fe4d995c9dc2869d\"},\"headline\":\"Se inaugur\u00f3 la primera etapa del Proyecto de Reacondicionamiento de la ACI, ejecutado con aportes de la CARU, y se dio inicio a la segunda.\",\"datePublished\":\"2026-02-04T15:18:44+00:00\",\"dateModified\":\"2026-02-04T15:30:05+00:00\",\"mainEntityOfPage\":{\"@id\":\"https:\\\/\\\/caru.org.uy\\\/nuevositio\\\/2026\\\/02\\\/04\\\/se-inauguro-la-primera-etapa-del-proyecto-de-reacondicionamiento-de-la-aci-ejecutado-con-aportes-de-la-caru-y-se-dio-inicio-a-la-segunda\\\/\"},\"wordCount\":248,\"commentCount\":0,\"publisher\":{\"@id\":\"https:\\\/\\\/caru.org.uy\\\/nuevositio\\\/#organization\"},\"image\":{\"@id\":\"https:\\\/\\\/caru.org.uy\\\/nuevositio\\\/2026\\\/02\\\/04\\\/se-inauguro-la-primera-etapa-del-proyecto-de-reacondicionamiento-de-la-aci-ejecutado-con-aportes-de-la-caru-y-se-dio-inicio-a-la-segunda\\\/#primaryimage\"},\"thumbnailUrl\":\"https:\\\/\\\/caru.org.uy\\\/nuevositio\\\/wp-content\\\/uploads\\\/2026\\\/02\\\/DSC_3483-scaled.png\",\"articleSection\":[\"Destacada\",\"Noticias\",\"Novedades\"],\"inLanguage\":\"es\",\"potentialAction\":[{\"@type\":\"CommentAction\",\"name\":\"Comment\",\"target\":[\"https:\\\/\\\/caru.org.uy\\\/nuevositio\\\/2026\\\/02\\\/04\\\/se-inauguro-la-primera-etapa-del-proyecto-de-reacondicionamiento-de-la-aci-ejecutado-con-aportes-de-la-caru-y-se-dio-inicio-a-la-segunda\\\/#respond\"]}]},{\"@type\":\"WebPage\",\"@id\":\"https:\\\/\\\/caru.org.uy\\\/nuevositio\\\/2026\\\/02\\\/04\\\/se-inauguro-la-primera-etapa-del-proyecto-de-reacondicionamiento-de-la-aci-ejecutado-con-aportes-de-la-caru-y-se-dio-inicio-a-la-segunda\\\/\",\"url\":\"https:\\\/\\\/caru.org.uy\\\/nuevositio\\\/2026\\\/02\\\/04\\\/se-inauguro-la-primera-etapa-del-proyecto-de-reacondicionamiento-de-la-aci-ejecutado-con-aportes-de-la-caru-y-se-dio-inicio-a-la-segunda\\\/\",\"name\":\"Se inaugur\u00f3 la primera etapa del Proyecto de Reacondicionamiento de la ACI, ejecutado con aportes de la CARU, y se dio inicio a la segunda. % C.A.R.U. imagen\",\"isPartOf\":{\"@id\":\"https:\\\/\\\/caru.org.uy\\\/nuevositio\\\/#website\"},\"primaryImageOfPage\":{\"@id\":\"https:\\\/\\\/caru.org.uy\\\/nuevositio\\\/2026\\\/02\\\/04\\\/se-inauguro-la-primera-etapa-del-proyecto-de-reacondicionamiento-de-la-aci-ejecutado-con-aportes-de-la-caru-y-se-dio-inicio-a-la-segunda\\\/#primaryimage\"},\"image\":{\"@id\":\"https:\\\/\\\/caru.org.uy\\\/nuevositio\\\/2026\\\/02\\\/04\\\/se-inauguro-la-primera-etapa-del-proyecto-de-reacondicionamiento-de-la-aci-ejecutado-con-aportes-de-la-caru-y-se-dio-inicio-a-la-segunda\\\/#primaryimage\"},\"thumbnailUrl\":\"https:\\\/\\\/caru.org.uy\\\/nuevositio\\\/wp-content\\\/uploads\\\/2026\\\/02\\\/DSC_3483-scaled.png\",\"datePublished\":\"2026-02-04T15:18:44+00:00\",\"dateModified\":\"2026-02-04T15:30:05+00:00\",\"breadcrumb\":{\"@id\":\"https:\\\/\\\/caru.org.uy\\\/nuevositio\\\/2026\\\/02\\\/04\\\/se-inauguro-la-primera-etapa-del-proyecto-de-reacondicionamiento-de-la-aci-ejecutado-con-aportes-de-la-caru-y-se-dio-inicio-a-la-segunda\\\/#breadcrumb\"},\"inLanguage\":\"es\",\"potentialAction\":[{\"@type\":\"ReadAction\",\"target\":[\"https:\\\/\\\/caru.org.uy\\\/nuevositio\\\/2026\\\/02\\\/04\\\/se-inauguro-la-primera-etapa-del-proyecto-de-reacondicionamiento-de-la-aci-ejecutado-con-aportes-de-la-caru-y-se-dio-inicio-a-la-segunda\\\/\"]}]},{\"@type\":\"ImageObject\",\"inLanguage\":\"es\",\"@id\":\"https:\\\/\\\/caru.org.uy\\\/nuevositio\\\/2026\\\/02\\\/04\\\/se-inauguro-la-primera-etapa-del-proyecto-de-reacondicionamiento-de-la-aci-ejecutado-con-aportes-de-la-caru-y-se-dio-inicio-a-la-segunda\\\/#primaryimage\",\"url\":\"https:\\\/\\\/caru.org.uy\\\/nuevositio\\\/wp-content\\\/uploads\\\/2026\\\/02\\\/DSC_3483-scaled.png\",\"contentUrl\":\"https:\\\/\\\/caru.org.uy\\\/nuevositio\\\/wp-content\\\/uploads\\\/2026\\\/02\\\/DSC_3483-scaled.png\",\"width\":2560,\"height\":1707},{\"@type\":\"BreadcrumbList\",\"@id\":\"https:\\\/\\\/caru.org.uy\\\/nuevositio\\\/2026\\\/02\\\/04\\\/se-inauguro-la-primera-etapa-del-proyecto-de-reacondicionamiento-de-la-aci-ejecutado-con-aportes-de-la-caru-y-se-dio-inicio-a-la-segunda\\\/#breadcrumb\",\"itemListElement\":[{\"@type\":\"ListItem\",\"position\":1,\"name\":\"Portada\",\"item\":\"https:\\\/\\\/caru.org.uy\\\/nuevositio\\\/\"},{\"@type\":\"ListItem\",\"position\":2,\"name\":\"Se inaugur\u00f3 la primera etapa del Proyecto de Reacondicionamiento de la ACI, ejecutado con aportes de la CARU, y se dio inicio a la segunda.\"}]},{\"@type\":\"WebSite\",\"@id\":\"https:\\\/\\\/caru.org.uy\\\/nuevositio\\\/#website\",\"url\":\"https:\\\/\\\/caru.org.uy\\\/nuevositio\\\/\",\"name\":\"C.A.R.U.\",\"description\":\"Comisi\u00f3n Administradora del R\u00edo Uruguay\",\"publisher\":{\"@id\":\"https:\\\/\\\/caru.org.uy\\\/nuevositio\\\/#organization\"},\"potentialAction\":[{\"@type\":\"SearchAction\",\"target\":{\"@type\":\"EntryPoint\",\"urlTemplate\":\"https:\\\/\\\/caru.org.uy\\\/nuevositio\\\/?s={search_term_string}\"},\"query-input\":{\"@type\":\"PropertyValueSpecification\",\"valueRequired\":true,\"valueName\":\"search_term_string\"}}],\"inLanguage\":\"es\"},{\"@type\":\"Organization\",\"@id\":\"https:\\\/\\\/caru.org.uy\\\/nuevositio\\\/#organization\",\"name\":\"C.A.R.U.\",\"url\":\"https:\\\/\\\/caru.org.uy\\\/nuevositio\\\/\",\"logo\":{\"@type\":\"ImageObject\",\"inLanguage\":\"es\",\"@id\":\"https:\\\/\\\/caru.org.uy\\\/nuevositio\\\/#\\\/schema\\\/logo\\\/image\\\/\",\"url\":\"https:\\\/\\\/caru.org.uy\\\/nuevositio\\\/wp-content\\\/uploads\\\/2023\\\/11\\\/logo-nuevo.jpg\",\"contentUrl\":\"https:\\\/\\\/caru.org.uy\\\/nuevositio\\\/wp-content\\\/uploads\\\/2023\\\/11\\\/logo-nuevo.jpg\",\"width\":1,\"height\":1,\"caption\":\"C.A.R.U.\"},\"image\":{\"@id\":\"https:\\\/\\\/caru.org.uy\\\/nuevositio\\\/#\\\/schema\\\/logo\\\/image\\\/\"}},{\"@type\":\"Person\",\"@id\":\"https:\\\/\\\/caru.org.uy\\\/nuevositio\\\/#\\\/schema\\\/person\\\/fba625b864836c52fe4d995c9dc2869d\",\"name\":\"Federico\",\"image\":{\"@type\":\"ImageObject\",\"inLanguage\":\"es\",\"@id\":\"https:\\\/\\\/secure.gravatar.com\\\/avatar\\\/542d68923246b6c29256d811c3ce7f803fe17d6a190c813a52ef45fcda4733ad?s=96&d=mm&r=g\",\"url\":\"https:\\\/\\\/secure.gravatar.com\\\/avatar\\\/542d68923246b6c29256d811c3ce7f803fe17d6a190c813a52ef45fcda4733ad?s=96&d=mm&r=g\",\"contentUrl\":\"https:\\\/\\\/secure.gravatar.com\\\/avatar\\\/542d68923246b6c29256d811c3ce7f803fe17d6a190c813a52ef45fcda4733ad?s=96&d=mm&r=g\",\"caption\":\"Federico\"},\"url\":\"https:\\\/\\\/caru.org.uy\\\/nuevositio\\\/author\\\/federico\\\/\"}]}<\/script>\n<!-- \/ Yoast SEO plugin. -->","yoast_head_json":{"title":"Se inaugur\u00f3 la primera etapa del Proyecto de Reacondicionamiento de la ACI, ejecutado con aportes de la CARU, y se dio inicio a la segunda. % C.A.R.U. imagen","robots":{"index":"index","follow":"follow","max-snippet":"max-snippet:-1","max-image-preview":"max-image-preview:large","max-video-preview":"max-video-preview:-1"},"canonical":"https:\/\/caru.org.uy\/nuevositio\/2026\/02\/04\/se-inauguro-la-primera-etapa-del-proyecto-de-reacondicionamiento-de-la-aci-ejecutado-con-aportes-de-la-caru-y-se-dio-inicio-a-la-segunda\/","og_locale":"es_ES","og_type":"article","og_title":"Se inaugur\u00f3 la primera etapa del Proyecto de Reacondicionamiento de la ACI, ejecutado con aportes de la CARU, y se dio inicio a la segunda. % C.A.R.U. imagen","og_description":"Este 4 de febrero, a las 10:00 horas, se realiz\u00f3 en la Area de Control Integrado en el puente general artigas (ACI) el acto de inauguraci\u00f3n de la Primera Etapa e inicio de la Segunda Etapa del Proyecto de Reacondicionamiento, ejecutado con aportes de la Comisi\u00f3n Administradora del R\u00edo Uruguay (CARU), con la participaci\u00f3n de [&hellip;]","og_url":"https:\/\/caru.org.uy\/nuevositio\/2026\/02\/04\/se-inauguro-la-primera-etapa-del-proyecto-de-reacondicionamiento-de-la-aci-ejecutado-con-aportes-de-la-caru-y-se-dio-inicio-a-la-segunda\/","og_site_name":"C.A.R.U.","article_published_time":"2026-02-04T15:18:44+00:00","article_modified_time":"2026-02-04T15:30:05+00:00","og_image":[{"width":1024,"height":683,"url":"https:\/\/caru.org.uy\/nuevositio\/wp-content\/uploads\/2026\/02\/DSC_3483-1024x683.png","type":"image\/png"}],"author":"Federico","twitter_card":"summary_large_image","twitter_misc":{"Escrito por":"Federico","Tiempo de lectura":"2 minutos"},"schema":{"@context":"https:\/\/schema.org","@graph":[{"@type":["Article","BlogPosting"],"@id":"https:\/\/caru.org.uy\/nuevositio\/2026\/02\/04\/se-inauguro-la-primera-etapa-del-proyecto-de-reacondicionamiento-de-la-aci-ejecutado-con-aportes-de-la-caru-y-se-dio-inicio-a-la-segunda\/#article","isPartOf":{"@id":"https:\/\/caru.org.uy\/nuevositio\/2026\/02\/04\/se-inauguro-la-primera-etapa-del-proyecto-de-reacondicionamiento-de-la-aci-ejecutado-con-aportes-de-la-caru-y-se-dio-inicio-a-la-segunda\/"},"author":{"name":"Federico","@id":"https:\/\/caru.org.uy\/nuevositio\/#\/schema\/person\/fba625b864836c52fe4d995c9dc2869d"},"headline":"Se inaugur\u00f3 la primera etapa del Proyecto de Reacondicionamiento de la ACI, ejecutado con aportes de la CARU, y se dio inicio a la segunda.","datePublished":"2026-02-04T15:18:44+00:00","dateModified":"2026-02-04T15:30:05+00:00","mainEntityOfPage":{"@id":"https:\/\/caru.org.uy\/nuevositio\/2026\/02\/04\/se-inauguro-la-primera-etapa-del-proyecto-de-reacondicionamiento-de-la-aci-ejecutado-con-aportes-de-la-caru-y-se-dio-inicio-a-la-segunda\/"},"wordCount":248,"commentCount":0,"publisher":{"@id":"https:\/\/caru.org.uy\/nuevositio\/#organization"},"image":{"@id":"https:\/\/caru.org.uy\/nuevositio\/2026\/02\/04\/se-inauguro-la-primera-etapa-del-proyecto-de-reacondicionamiento-de-la-aci-ejecutado-con-aportes-de-la-caru-y-se-dio-inicio-a-la-segunda\/#primaryimage"},"thumbnailUrl":"https:\/\/caru.org.uy\/nuevositio\/wp-content\/uploads\/2026\/02\/DSC_3483-scaled.png","articleSection":["Destacada","Noticias","Novedades"],"inLanguage":"es","potentialAction":[{"@type":"CommentAction","name":"Comment","target":["https:\/\/caru.org.uy\/nuevositio\/2026\/02\/04\/se-inauguro-la-primera-etapa-del-proyecto-de-reacondicionamiento-de-la-aci-ejecutado-con-aportes-de-la-caru-y-se-dio-inicio-a-la-segunda\/#respond"]}]},{"@type":"WebPage","@id":"https:\/\/caru.org.uy\/nuevositio\/2026\/02\/04\/se-inauguro-la-primera-etapa-del-proyecto-de-reacondicionamiento-de-la-aci-ejecutado-con-aportes-de-la-caru-y-se-dio-inicio-a-la-segunda\/","url":"https:\/\/caru.org.uy\/nuevositio\/2026\/02\/04\/se-inauguro-la-primera-etapa-del-proyecto-de-reacondicionamiento-de-la-aci-ejecutado-con-aportes-de-la-caru-y-se-dio-inicio-a-la-segunda\/","name":"Se inaugur\u00f3 la primera etapa del Proyecto de Reacondicionamiento de la ACI, ejecutado con aportes de la CARU, y se dio inicio a la segunda. % C.A.R.U. imagen","isPartOf":{"@id":"https:\/\/caru.org.uy\/nuevositio\/#website"},"primaryImageOfPage":{"@id":"https:\/\/caru.org.uy\/nuevositio\/2026\/02\/04\/se-inauguro-la-primera-etapa-del-proyecto-de-reacondicionamiento-de-la-aci-ejecutado-con-aportes-de-la-caru-y-se-dio-inicio-a-la-segunda\/#primaryimage"},"image":{"@id":"https:\/\/caru.org.uy\/nuevositio\/2026\/02\/04\/se-inauguro-la-primera-etapa-del-proyecto-de-reacondicionamiento-de-la-aci-ejecutado-con-aportes-de-la-caru-y-se-dio-inicio-a-la-segunda\/#primaryimage"},"thumbnailUrl":"https:\/\/caru.org.uy\/nuevositio\/wp-content\/uploads\/2026\/02\/DSC_3483-scaled.png","datePublished":"2026-02-04T15:18:44+00:00","dateModified":"2026-02-04T15:30:05+00:00","breadcrumb":{"@id":"https:\/\/caru.org.uy\/nuevositio\/2026\/02\/04\/se-inauguro-la-primera-etapa-del-proyecto-de-reacondicionamiento-de-la-aci-ejecutado-con-aportes-de-la-caru-y-se-dio-inicio-a-la-segunda\/#breadcrumb"},"inLanguage":"es","potentialAction":[{"@type":"ReadAction","target":["https:\/\/caru.org.uy\/nuevositio\/2026\/02\/04\/se-inauguro-la-primera-etapa-del-proyecto-de-reacondicionamiento-de-la-aci-ejecutado-con-aportes-de-la-caru-y-se-dio-inicio-a-la-segunda\/"]}]},{"@type":"ImageObject","inLanguage":"es","@id":"https:\/\/caru.org.uy\/nuevositio\/2026\/02\/04\/se-inauguro-la-primera-etapa-del-proyecto-de-reacondicionamiento-de-la-aci-ejecutado-con-aportes-de-la-caru-y-se-dio-inicio-a-la-segunda\/#primaryimage","url":"https:\/\/caru.org.uy\/nuevositio\/wp-content\/uploads\/2026\/02\/DSC_3483-scaled.png","contentUrl":"https:\/\/caru.org.uy\/nuevositio\/wp-content\/uploads\/2026\/02\/DSC_3483-scaled.png","width":2560,"height":1707},{"@type":"BreadcrumbList","@id":"https:\/\/caru.org.uy\/nuevositio\/2026\/02\/04\/se-inauguro-la-primera-etapa-del-proyecto-de-reacondicionamiento-de-la-aci-ejecutado-con-aportes-de-la-caru-y-se-dio-inicio-a-la-segunda\/#breadcrumb","itemListElement":[{"@type":"ListItem","position":1,"name":"Portada","item":"https:\/\/caru.org.uy\/nuevositio\/"},{"@type":"ListItem","position":2,"name":"Se inaugur\u00f3 la primera etapa del Proyecto de Reacondicionamiento de la ACI, ejecutado con aportes de la CARU, y se dio inicio a la segunda."}]},{"@type":"WebSite","@id":"https:\/\/caru.org.uy\/nuevositio\/#website","url":"https:\/\/caru.org.uy\/nuevositio\/","name":"C.A.R.U.","description":"Comisi\u00f3n Administradora del R\u00edo Uruguay","publisher":{"@id":"https:\/\/caru.org.uy\/nuevositio\/#organization"},"potentialAction":[{"@type":"SearchAction","target":{"@type":"EntryPoint","urlTemplate":"https:\/\/caru.org.uy\/nuevositio\/?s={search_term_string}"},"query-input":{"@type":"PropertyValueSpecification","valueRequired":true,"valueName":"search_term_string"}}],"inLanguage":"es"},{"@type":"Organization","@id":"https:\/\/caru.org.uy\/nuevositio\/#organization","name":"C.A.R.U.","url":"https:\/\/caru.org.uy\/nuevositio\/","logo":{"@type":"ImageObject","inLanguage":"es","@id":"https:\/\/caru.org.uy\/nuevositio\/#\/schema\/logo\/image\/","url":"https:\/\/caru.org.uy\/nuevositio\/wp-content\/uploads\/2023\/11\/logo-nuevo.jpg","contentUrl":"https:\/\/caru.org.uy\/nuevositio\/wp-content\/uploads\/2023\/11\/logo-nuevo.jpg","width":1,"height":1,"caption":"C.A.R.U."},"image":{"@id":"https:\/\/caru.org.uy\/nuevositio\/#\/schema\/logo\/image\/"}},{"@type":"Person","@id":"https:\/\/caru.org.uy\/nuevositio\/#\/schema\/person\/fba625b864836c52fe4d995c9dc2869d","name":"Federico","image":{"@type":"ImageObject","inLanguage":"es","@id":"https:\/\/secure.gravatar.com\/avatar\/542d68923246b6c29256d811c3ce7f803fe17d6a190c813a52ef45fcda4733ad?s=96&d=mm&r=g","url":"https:\/\/secure.gravatar.com\/avatar\/542d68923246b6c29256d811c3ce7f803fe17d6a190c813a52ef45fcda4733ad?s=96&d=mm&r=g","contentUrl":"https:\/\/secure.gravatar.com\/avatar\/542d68923246b6c29256d811c3ce7f803fe17d6a190c813a52ef45fcda4733ad?s=96&d=mm&r=g","caption":"Federico"},"url":"https:\/\/caru.org.uy\/nuevositio\/author\/federico\/"}]}},"_links":{"self":[{"href":"https:\/\/caru.org.uy\/nuevositio\/wp-json\/wp\/v2\/posts\/12513","targetHints":{"allow":["GET"]}}],"collection":[{"href":"https:\/\/caru.org.uy\/nuevositio\/wp-json\/wp\/v2\/posts"}],"about":[{"href":"https:\/\/caru.org.uy\/nuevositio\/wp-json\/wp\/v2\/types\/post"}],"author":[{"embeddable":true,"href":"https:\/\/caru.org.uy\/nuevositio\/wp-json\/wp\/v2\/users\/12"}],"replies":[{"embeddable":true,"href":"https:\/\/caru.org.uy\/nuevositio\/wp-json\/wp\/v2\/comments?post=12513"}],"version-history":[{"count":2,"href":"https:\/\/caru.org.uy\/nuevositio\/wp-json\/wp\/v2\/posts\/12513\/revisions"}],"predecessor-version":[{"id":12519,"href":"https:\/\/caru.org.uy\/nuevositio\/wp-json\/wp\/v2\/posts\/12513\/revisions\/12519"}],"wp:featuredmedia":[{"embeddable":true,"href":"https:\/\/caru.org.uy\/nuevositio\/wp-json\/wp\/v2\/media\/12514"}],"wp:attachment":[{"href":"https:\/\/caru.org.uy\/nuevositio\/wp-json\/wp\/v2\/media?parent=12513"}],"wp:term":[{"taxonomy":"category","embeddable":true,"href":"https:\/\/caru.org.uy\/nuevositio\/wp-json\/wp\/v2\/categories?post=12513"},{"taxonomy":"post_tag","embeddable":true,"href":"https:\/\/caru.org.uy\/nuevositio\/wp-json\/wp\/v2\/tags?post=12513"}],"curies":[{"name":"wp","href":"https:\/\/api.w.org\/{rel}","templated":true}]}}