{"id":12524,"date":"2026-02-11T14:06:18","date_gmt":"2026-02-11T17:06:18","guid":{"rendered":"https:\/\/caru.org.uy\/nuevositio\/?p=12524"},"modified":"2026-02-11T14:06:20","modified_gmt":"2026-02-11T17:06:20","slug":"la-presidenta-de-la-delegacion-uruguaya-ante-la-comision-administradora-del-rio-uruguay-caru-dra-maria-cecilia-bottino-fiuri-y-el-vicepresidente-dr-jose-bayardi-lozano-participaron-en-la-cerem","status":"publish","type":"post","link":"https:\/\/caru.org.uy\/nuevositio\/2026\/02\/11\/la-presidenta-de-la-delegacion-uruguaya-ante-la-comision-administradora-del-rio-uruguay-caru-dra-maria-cecilia-bottino-fiuri-y-el-vicepresidente-dr-jose-bayardi-lozano-participaron-en-la-cerem\/","title":{"rendered":"La Presidenta de la Delegaci\u00f3n Uruguaya ante la Comisi\u00f3n Administradora del R\u00edo Uruguay (CARU), Dra. Mar\u00eda Cecilia Bottino Fiuri, y el Vicepresidente, Dr. Jos\u00e9 Bayardi Lozano, participaron en la ceremonia conmemorativa del 197\u00b0 Aniversario de la Prefectura Nacional Naval."},"content":{"rendered":"\n<p>La presencia institucional reafirma los lazos de cooperaci\u00f3n y el trabajo coordinado que ambas instituciones desarrollan en el \u00e1mbito del r\u00edo Uruguay, en el marco de sus respectivas competencias.<\/p>\n\n\n\n<figure class=\"wp-block-gallery has-nested-images columns-default is-cropped wp-block-gallery-1 is-layout-flex wp-block-gallery-is-layout-flex\">\n<figure class=\"wp-block-image size-large\"><img fetchpriority=\"high\" decoding=\"async\" width=\"1024\" height=\"683\" data-id=\"12525\" src=\"https:\/\/caru.org.uy\/nuevositio\/wp-content\/uploads\/2026\/02\/DSC_3607-1024x683.jpg\" alt=\"\" class=\"wp-image-12525\" srcset=\"https:\/\/caru.org.uy\/nuevositio\/wp-content\/uploads\/2026\/02\/DSC_3607-1024x683.jpg 1024w, https:\/\/caru.org.uy\/nuevositio\/wp-content\/uploads\/2026\/02\/DSC_3607-300x200.jpg 300w, https:\/\/caru.org.uy\/nuevositio\/wp-content\/uploads\/2026\/02\/DSC_3607-768x512.jpg 768w, https:\/\/caru.org.uy\/nuevositio\/wp-content\/uploads\/2026\/02\/DSC_3607-1536x1024.jpg 1536w, https:\/\/caru.org.uy\/nuevositio\/wp-content\/uploads\/2026\/02\/DSC_3607-2048x1365.jpg 2048w\" sizes=\"(max-width: 1024px) 100vw, 1024px\" \/><\/figure>\n\n\n\n<figure class=\"wp-block-image size-large is-resized\"><img decoding=\"async\" width=\"683\" height=\"1024\" data-id=\"12532\" src=\"https:\/\/caru.org.uy\/nuevositio\/wp-content\/uploads\/2026\/02\/DSC_3658-683x1024.jpg\" alt=\"\" class=\"wp-image-12532\" style=\"width:357px;height:auto\" srcset=\"https:\/\/caru.org.uy\/nuevositio\/wp-content\/uploads\/2026\/02\/DSC_3658-683x1024.jpg 683w, https:\/\/caru.org.uy\/nuevositio\/wp-content\/uploads\/2026\/02\/DSC_3658-200x300.jpg 200w, https:\/\/caru.org.uy\/nuevositio\/wp-content\/uploads\/2026\/02\/DSC_3658-768x1152.jpg 768w, https:\/\/caru.org.uy\/nuevositio\/wp-content\/uploads\/2026\/02\/DSC_3658-1024x1536.jpg 1024w, https:\/\/caru.org.uy\/nuevositio\/wp-content\/uploads\/2026\/02\/DSC_3658-1365x2048.jpg 1365w, https:\/\/caru.org.uy\/nuevositio\/wp-content\/uploads\/2026\/02\/DSC_3658-scaled.jpg 1707w\" sizes=\"(max-width: 683px) 100vw, 683px\" \/><\/figure>\n<\/figure>\n\n\n\n<figure class=\"wp-block-image size-large\"><img decoding=\"async\" width=\"1024\" height=\"683\" src=\"https:\/\/caru.org.uy\/nuevositio\/wp-content\/uploads\/2026\/02\/DSC_3602-1024x683.jpg\" alt=\"\" class=\"wp-image-12530\" srcset=\"https:\/\/caru.org.uy\/nuevositio\/wp-content\/uploads\/2026\/02\/DSC_3602-1024x683.jpg 1024w, https:\/\/caru.org.uy\/nuevositio\/wp-content\/uploads\/2026\/02\/DSC_3602-300x200.jpg 300w, https:\/\/caru.org.uy\/nuevositio\/wp-content\/uploads\/2026\/02\/DSC_3602-768x512.jpg 768w, https:\/\/caru.org.uy\/nuevositio\/wp-content\/uploads\/2026\/02\/DSC_3602-1536x1024.jpg 1536w, https:\/\/caru.org.uy\/nuevositio\/wp-content\/uploads\/2026\/02\/DSC_3602-2048x1365.jpg 2048w\" sizes=\"(max-width: 1024px) 100vw, 1024px\" \/><\/figure>\n\n\n\n<figure class=\"wp-block-image size-large is-resized\"><img loading=\"lazy\" decoding=\"async\" width=\"1024\" height=\"683\" src=\"https:\/\/caru.org.uy\/nuevositio\/wp-content\/uploads\/2026\/02\/DSC_3599-1024x683.jpg\" alt=\"\" class=\"wp-image-12534\" style=\"aspect-ratio:1.500010370646921;width:1026px;height:auto\" srcset=\"https:\/\/caru.org.uy\/nuevositio\/wp-content\/uploads\/2026\/02\/DSC_3599-1024x683.jpg 1024w, https:\/\/caru.org.uy\/nuevositio\/wp-content\/uploads\/2026\/02\/DSC_3599-300x200.jpg 300w, https:\/\/caru.org.uy\/nuevositio\/wp-content\/uploads\/2026\/02\/DSC_3599-768x512.jpg 768w, https:\/\/caru.org.uy\/nuevositio\/wp-content\/uploads\/2026\/02\/DSC_3599-1536x1024.jpg 1536w, https:\/\/caru.org.uy\/nuevositio\/wp-content\/uploads\/2026\/02\/DSC_3599-2048x1365.jpg 2048w\" sizes=\"(max-width: 1024px) 100vw, 1024px\" \/><\/figure>\n\n\n\n<figure class=\"wp-block-image size-large is-resized\"><img loading=\"lazy\" decoding=\"async\" width=\"1024\" height=\"683\" src=\"https:\/\/caru.org.uy\/nuevositio\/wp-content\/uploads\/2026\/02\/DSC_3621-1024x683.jpg\" alt=\"\" class=\"wp-image-12535\" style=\"aspect-ratio:1.500010370646921;width:1024px;height:auto\" srcset=\"https:\/\/caru.org.uy\/nuevositio\/wp-content\/uploads\/2026\/02\/DSC_3621-1024x683.jpg 1024w, https:\/\/caru.org.uy\/nuevositio\/wp-content\/uploads\/2026\/02\/DSC_3621-300x200.jpg 300w, https:\/\/caru.org.uy\/nuevositio\/wp-content\/uploads\/2026\/02\/DSC_3621-768x512.jpg 768w, https:\/\/caru.org.uy\/nuevositio\/wp-content\/uploads\/2026\/02\/DSC_3621-1536x1024.jpg 1536w, https:\/\/caru.org.uy\/nuevositio\/wp-content\/uploads\/2026\/02\/DSC_3621-2048x1365.jpg 2048w\" sizes=\"(max-width: 1024px) 100vw, 1024px\" \/><\/figure>\n<!--52fe1--><!--52fe1-->","protected":false},"excerpt":{"rendered":"<p>La presencia institucional reafirma los lazos de cooperaci\u00f3n y el trabajo coordinado que ambas instituciones desarrollan en el \u00e1mbito del r\u00edo Uruguay, en el marco de sus respectivas competencias.<\/p>\n","protected":false},"author":12,"featured_media":12535,"comment_status":"open","ping_status":"open","sticky":false,"template":"","format":"standard","meta":{"_acf_changed":false,"_joinchat":[],"footnotes":""},"categories":[37,27],"tags":[],"class_list":["post-12524","post","type-post","status-publish","format-standard","has-post-thumbnail","hentry","category-noticias","category-novedades"],"acf":[],"yoast_head":"<!-- This site is optimized with the Yoast SEO plugin v27.3 - https:\/\/yoast.com\/product\/yoast-seo-wordpress\/ -->\n<title>La Presidenta de la Delegaci\u00f3n Uruguaya ante la Comisi\u00f3n Administradora del R\u00edo Uruguay (CARU), Dra. Mar\u00eda Cecilia Bottino Fiuri, y el Vicepresidente, Dr. Jos\u00e9 Bayardi Lozano, participaron en la ceremonia conmemorativa del 197\u00b0 Aniversario de la Prefectura Nacional Naval. % C.A.R.U. imagen<\/title>\n<meta name=\"robots\" content=\"index, follow, max-snippet:-1, max-image-preview:large, max-video-preview:-1\" \/>\n<link rel=\"canonical\" href=\"https:\/\/caru.org.uy\/nuevositio\/2026\/02\/11\/la-presidenta-de-la-delegacion-uruguaya-ante-la-comision-administradora-del-rio-uruguay-caru-dra-maria-cecilia-bottino-fiuri-y-el-vicepresidente-dr-jose-bayardi-lozano-participaron-en-la-cerem\/\" \/>\n<meta property=\"og:locale\" content=\"es_ES\" \/>\n<meta property=\"og:type\" content=\"article\" \/>\n<meta property=\"og:title\" content=\"La Presidenta de la Delegaci\u00f3n Uruguaya ante la Comisi\u00f3n Administradora del R\u00edo Uruguay (CARU), Dra. Mar\u00eda Cecilia Bottino Fiuri, y el Vicepresidente, Dr. Jos\u00e9 Bayardi Lozano, participaron en la ceremonia conmemorativa del 197\u00b0 Aniversario de la Prefectura Nacional Naval. % C.A.R.U. imagen\" \/>\n<meta property=\"og:description\" content=\"La presencia institucional reafirma los lazos de cooperaci\u00f3n y el trabajo coordinado que ambas instituciones desarrollan en el \u00e1mbito del r\u00edo Uruguay, en el marco de sus respectivas competencias.\" \/>\n<meta property=\"og:url\" content=\"https:\/\/caru.org.uy\/nuevositio\/2026\/02\/11\/la-presidenta-de-la-delegacion-uruguaya-ante-la-comision-administradora-del-rio-uruguay-caru-dra-maria-cecilia-bottino-fiuri-y-el-vicepresidente-dr-jose-bayardi-lozano-participaron-en-la-cerem\/\" \/>\n<meta property=\"og:site_name\" content=\"C.A.R.U.\" \/>\n<meta property=\"article:published_time\" content=\"2026-02-11T17:06:18+00:00\" \/>\n<meta property=\"article:modified_time\" content=\"2026-02-11T17:06:20+00:00\" \/>\n<meta property=\"og:image\" content=\"https:\/\/caru.org.uy\/nuevositio\/wp-content\/uploads\/2026\/02\/DSC_3621-scaled.jpg\" \/>\n\t<meta property=\"og:image:width\" content=\"2560\" \/>\n\t<meta property=\"og:image:height\" content=\"1707\" \/>\n\t<meta property=\"og:image:type\" content=\"image\/jpeg\" \/>\n<meta name=\"author\" content=\"Federico\" \/>\n<meta name=\"twitter:card\" content=\"summary_large_image\" \/>\n<meta name=\"twitter:label1\" content=\"Escrito por\" \/>\n\t<meta name=\"twitter:data1\" content=\"Federico\" \/>\n\t<meta name=\"twitter:label2\" content=\"Tiempo de lectura\" \/>\n\t<meta name=\"twitter:data2\" content=\"2 minutos\" \/>\n<script type=\"application\/ld+json\" class=\"yoast-schema-graph\">{\"@context\":\"https:\\\/\\\/schema.org\",\"@graph\":[{\"@type\":[\"Article\",\"BlogPosting\"],\"@id\":\"https:\\\/\\\/caru.org.uy\\\/nuevositio\\\/2026\\\/02\\\/11\\\/la-presidenta-de-la-delegacion-uruguaya-ante-la-comision-administradora-del-rio-uruguay-caru-dra-maria-cecilia-bottino-fiuri-y-el-vicepresidente-dr-jose-bayardi-lozano-participaron-en-la-cerem\\\/#article\",\"isPartOf\":{\"@id\":\"https:\\\/\\\/caru.org.uy\\\/nuevositio\\\/2026\\\/02\\\/11\\\/la-presidenta-de-la-delegacion-uruguaya-ante-la-comision-administradora-del-rio-uruguay-caru-dra-maria-cecilia-bottino-fiuri-y-el-vicepresidente-dr-jose-bayardi-lozano-participaron-en-la-cerem\\\/\"},\"author\":{\"name\":\"Federico\",\"@id\":\"https:\\\/\\\/caru.org.uy\\\/nuevositio\\\/#\\\/schema\\\/person\\\/fba625b864836c52fe4d995c9dc2869d\"},\"headline\":\"La Presidenta de la Delegaci\u00f3n Uruguaya ante la Comisi\u00f3n Administradora del R\u00edo Uruguay (CARU), Dra. Mar\u00eda Cecilia Bottino Fiuri, y el Vicepresidente, Dr. Jos\u00e9 Bayardi Lozano, participaron en la ceremonia conmemorativa del 197\u00b0 Aniversario de la Prefectura Nacional Naval.\",\"datePublished\":\"2026-02-11T17:06:18+00:00\",\"dateModified\":\"2026-02-11T17:06:20+00:00\",\"mainEntityOfPage\":{\"@id\":\"https:\\\/\\\/caru.org.uy\\\/nuevositio\\\/2026\\\/02\\\/11\\\/la-presidenta-de-la-delegacion-uruguaya-ante-la-comision-administradora-del-rio-uruguay-caru-dra-maria-cecilia-bottino-fiuri-y-el-vicepresidente-dr-jose-bayardi-lozano-participaron-en-la-cerem\\\/\"},\"wordCount\":73,\"commentCount\":0,\"publisher\":{\"@id\":\"https:\\\/\\\/caru.org.uy\\\/nuevositio\\\/#organization\"},\"image\":{\"@id\":\"https:\\\/\\\/caru.org.uy\\\/nuevositio\\\/2026\\\/02\\\/11\\\/la-presidenta-de-la-delegacion-uruguaya-ante-la-comision-administradora-del-rio-uruguay-caru-dra-maria-cecilia-bottino-fiuri-y-el-vicepresidente-dr-jose-bayardi-lozano-participaron-en-la-cerem\\\/#primaryimage\"},\"thumbnailUrl\":\"https:\\\/\\\/caru.org.uy\\\/nuevositio\\\/wp-content\\\/uploads\\\/2026\\\/02\\\/DSC_3621-scaled.jpg\",\"articleSection\":[\"Noticias\",\"Novedades\"],\"inLanguage\":\"es\",\"potentialAction\":[{\"@type\":\"CommentAction\",\"name\":\"Comment\",\"target\":[\"https:\\\/\\\/caru.org.uy\\\/nuevositio\\\/2026\\\/02\\\/11\\\/la-presidenta-de-la-delegacion-uruguaya-ante-la-comision-administradora-del-rio-uruguay-caru-dra-maria-cecilia-bottino-fiuri-y-el-vicepresidente-dr-jose-bayardi-lozano-participaron-en-la-cerem\\\/#respond\"]}]},{\"@type\":\"WebPage\",\"@id\":\"https:\\\/\\\/caru.org.uy\\\/nuevositio\\\/2026\\\/02\\\/11\\\/la-presidenta-de-la-delegacion-uruguaya-ante-la-comision-administradora-del-rio-uruguay-caru-dra-maria-cecilia-bottino-fiuri-y-el-vicepresidente-dr-jose-bayardi-lozano-participaron-en-la-cerem\\\/\",\"url\":\"https:\\\/\\\/caru.org.uy\\\/nuevositio\\\/2026\\\/02\\\/11\\\/la-presidenta-de-la-delegacion-uruguaya-ante-la-comision-administradora-del-rio-uruguay-caru-dra-maria-cecilia-bottino-fiuri-y-el-vicepresidente-dr-jose-bayardi-lozano-participaron-en-la-cerem\\\/\",\"name\":\"La Presidenta de la Delegaci\u00f3n Uruguaya ante la Comisi\u00f3n Administradora del R\u00edo Uruguay (CARU), Dra. Mar\u00eda Cecilia Bottino Fiuri, y el Vicepresidente, Dr. Jos\u00e9 Bayardi Lozano, participaron en la ceremonia conmemorativa del 197\u00b0 Aniversario de la Prefectura Nacional Naval. % C.A.R.U. imagen\",\"isPartOf\":{\"@id\":\"https:\\\/\\\/caru.org.uy\\\/nuevositio\\\/#website\"},\"primaryImageOfPage\":{\"@id\":\"https:\\\/\\\/caru.org.uy\\\/nuevositio\\\/2026\\\/02\\\/11\\\/la-presidenta-de-la-delegacion-uruguaya-ante-la-comision-administradora-del-rio-uruguay-caru-dra-maria-cecilia-bottino-fiuri-y-el-vicepresidente-dr-jose-bayardi-lozano-participaron-en-la-cerem\\\/#primaryimage\"},\"image\":{\"@id\":\"https:\\\/\\\/caru.org.uy\\\/nuevositio\\\/2026\\\/02\\\/11\\\/la-presidenta-de-la-delegacion-uruguaya-ante-la-comision-administradora-del-rio-uruguay-caru-dra-maria-cecilia-bottino-fiuri-y-el-vicepresidente-dr-jose-bayardi-lozano-participaron-en-la-cerem\\\/#primaryimage\"},\"thumbnailUrl\":\"https:\\\/\\\/caru.org.uy\\\/nuevositio\\\/wp-content\\\/uploads\\\/2026\\\/02\\\/DSC_3621-scaled.jpg\",\"datePublished\":\"2026-02-11T17:06:18+00:00\",\"dateModified\":\"2026-02-11T17:06:20+00:00\",\"breadcrumb\":{\"@id\":\"https:\\\/\\\/caru.org.uy\\\/nuevositio\\\/2026\\\/02\\\/11\\\/la-presidenta-de-la-delegacion-uruguaya-ante-la-comision-administradora-del-rio-uruguay-caru-dra-maria-cecilia-bottino-fiuri-y-el-vicepresidente-dr-jose-bayardi-lozano-participaron-en-la-cerem\\\/#breadcrumb\"},\"inLanguage\":\"es\",\"potentialAction\":[{\"@type\":\"ReadAction\",\"target\":[\"https:\\\/\\\/caru.org.uy\\\/nuevositio\\\/2026\\\/02\\\/11\\\/la-presidenta-de-la-delegacion-uruguaya-ante-la-comision-administradora-del-rio-uruguay-caru-dra-maria-cecilia-bottino-fiuri-y-el-vicepresidente-dr-jose-bayardi-lozano-participaron-en-la-cerem\\\/\"]}]},{\"@type\":\"ImageObject\",\"inLanguage\":\"es\",\"@id\":\"https:\\\/\\\/caru.org.uy\\\/nuevositio\\\/2026\\\/02\\\/11\\\/la-presidenta-de-la-delegacion-uruguaya-ante-la-comision-administradora-del-rio-uruguay-caru-dra-maria-cecilia-bottino-fiuri-y-el-vicepresidente-dr-jose-bayardi-lozano-participaron-en-la-cerem\\\/#primaryimage\",\"url\":\"https:\\\/\\\/caru.org.uy\\\/nuevositio\\\/wp-content\\\/uploads\\\/2026\\\/02\\\/DSC_3621-scaled.jpg\",\"contentUrl\":\"https:\\\/\\\/caru.org.uy\\\/nuevositio\\\/wp-content\\\/uploads\\\/2026\\\/02\\\/DSC_3621-scaled.jpg\",\"width\":2560,\"height\":1707},{\"@type\":\"BreadcrumbList\",\"@id\":\"https:\\\/\\\/caru.org.uy\\\/nuevositio\\\/2026\\\/02\\\/11\\\/la-presidenta-de-la-delegacion-uruguaya-ante-la-comision-administradora-del-rio-uruguay-caru-dra-maria-cecilia-bottino-fiuri-y-el-vicepresidente-dr-jose-bayardi-lozano-participaron-en-la-cerem\\\/#breadcrumb\",\"itemListElement\":[{\"@type\":\"ListItem\",\"position\":1,\"name\":\"Portada\",\"item\":\"https:\\\/\\\/caru.org.uy\\\/nuevositio\\\/\"},{\"@type\":\"ListItem\",\"position\":2,\"name\":\"La Presidenta de la Delegaci\u00f3n Uruguaya ante la Comisi\u00f3n Administradora del R\u00edo Uruguay (CARU), Dra. Mar\u00eda Cecilia Bottino Fiuri, y el Vicepresidente, Dr. Jos\u00e9 Bayardi Lozano, participaron en la ceremonia conmemorativa del 197\u00b0 Aniversario de la Prefectura Nacional Naval.\"}]},{\"@type\":\"WebSite\",\"@id\":\"https:\\\/\\\/caru.org.uy\\\/nuevositio\\\/#website\",\"url\":\"https:\\\/\\\/caru.org.uy\\\/nuevositio\\\/\",\"name\":\"C.A.R.U.\",\"description\":\"Comisi\u00f3n Administradora del R\u00edo Uruguay\",\"publisher\":{\"@id\":\"https:\\\/\\\/caru.org.uy\\\/nuevositio\\\/#organization\"},\"potentialAction\":[{\"@type\":\"SearchAction\",\"target\":{\"@type\":\"EntryPoint\",\"urlTemplate\":\"https:\\\/\\\/caru.org.uy\\\/nuevositio\\\/?s={search_term_string}\"},\"query-input\":{\"@type\":\"PropertyValueSpecification\",\"valueRequired\":true,\"valueName\":\"search_term_string\"}}],\"inLanguage\":\"es\"},{\"@type\":\"Organization\",\"@id\":\"https:\\\/\\\/caru.org.uy\\\/nuevositio\\\/#organization\",\"name\":\"C.A.R.U.\",\"url\":\"https:\\\/\\\/caru.org.uy\\\/nuevositio\\\/\",\"logo\":{\"@type\":\"ImageObject\",\"inLanguage\":\"es\",\"@id\":\"https:\\\/\\\/caru.org.uy\\\/nuevositio\\\/#\\\/schema\\\/logo\\\/image\\\/\",\"url\":\"https:\\\/\\\/caru.org.uy\\\/nuevositio\\\/wp-content\\\/uploads\\\/2023\\\/11\\\/logo-nuevo.jpg\",\"contentUrl\":\"https:\\\/\\\/caru.org.uy\\\/nuevositio\\\/wp-content\\\/uploads\\\/2023\\\/11\\\/logo-nuevo.jpg\",\"width\":1,\"height\":1,\"caption\":\"C.A.R.U.\"},\"image\":{\"@id\":\"https:\\\/\\\/caru.org.uy\\\/nuevositio\\\/#\\\/schema\\\/logo\\\/image\\\/\"}},{\"@type\":\"Person\",\"@id\":\"https:\\\/\\\/caru.org.uy\\\/nuevositio\\\/#\\\/schema\\\/person\\\/fba625b864836c52fe4d995c9dc2869d\",\"name\":\"Federico\",\"image\":{\"@type\":\"ImageObject\",\"inLanguage\":\"es\",\"@id\":\"https:\\\/\\\/secure.gravatar.com\\\/avatar\\\/542d68923246b6c29256d811c3ce7f803fe17d6a190c813a52ef45fcda4733ad?s=96&d=mm&r=g\",\"url\":\"https:\\\/\\\/secure.gravatar.com\\\/avatar\\\/542d68923246b6c29256d811c3ce7f803fe17d6a190c813a52ef45fcda4733ad?s=96&d=mm&r=g\",\"contentUrl\":\"https:\\\/\\\/secure.gravatar.com\\\/avatar\\\/542d68923246b6c29256d811c3ce7f803fe17d6a190c813a52ef45fcda4733ad?s=96&d=mm&r=g\",\"caption\":\"Federico\"},\"url\":\"https:\\\/\\\/caru.org.uy\\\/nuevositio\\\/author\\\/federico\\\/\"}]}<\/script>\n<!-- \/ Yoast SEO plugin. -->","yoast_head_json":{"title":"La Presidenta de la Delegaci\u00f3n Uruguaya ante la Comisi\u00f3n Administradora del R\u00edo Uruguay (CARU), Dra. Mar\u00eda Cecilia Bottino Fiuri, y el Vicepresidente, Dr. Jos\u00e9 Bayardi Lozano, participaron en la ceremonia conmemorativa del 197\u00b0 Aniversario de la Prefectura Nacional Naval. % C.A.R.U. imagen","robots":{"index":"index","follow":"follow","max-snippet":"max-snippet:-1","max-image-preview":"max-image-preview:large","max-video-preview":"max-video-preview:-1"},"canonical":"https:\/\/caru.org.uy\/nuevositio\/2026\/02\/11\/la-presidenta-de-la-delegacion-uruguaya-ante-la-comision-administradora-del-rio-uruguay-caru-dra-maria-cecilia-bottino-fiuri-y-el-vicepresidente-dr-jose-bayardi-lozano-participaron-en-la-cerem\/","og_locale":"es_ES","og_type":"article","og_title":"La Presidenta de la Delegaci\u00f3n Uruguaya ante la Comisi\u00f3n Administradora del R\u00edo Uruguay (CARU), Dra. Mar\u00eda Cecilia Bottino Fiuri, y el Vicepresidente, Dr. Jos\u00e9 Bayardi Lozano, participaron en la ceremonia conmemorativa del 197\u00b0 Aniversario de la Prefectura Nacional Naval. % C.A.R.U. imagen","og_description":"La presencia institucional reafirma los lazos de cooperaci\u00f3n y el trabajo coordinado que ambas instituciones desarrollan en el \u00e1mbito del r\u00edo Uruguay, en el marco de sus respectivas competencias.","og_url":"https:\/\/caru.org.uy\/nuevositio\/2026\/02\/11\/la-presidenta-de-la-delegacion-uruguaya-ante-la-comision-administradora-del-rio-uruguay-caru-dra-maria-cecilia-bottino-fiuri-y-el-vicepresidente-dr-jose-bayardi-lozano-participaron-en-la-cerem\/","og_site_name":"C.A.R.U.","article_published_time":"2026-02-11T17:06:18+00:00","article_modified_time":"2026-02-11T17:06:20+00:00","og_image":[{"width":2560,"height":1707,"url":"https:\/\/caru.org.uy\/nuevositio\/wp-content\/uploads\/2026\/02\/DSC_3621-scaled.jpg","type":"image\/jpeg"}],"author":"Federico","twitter_card":"summary_large_image","twitter_misc":{"Escrito por":"Federico","Tiempo de lectura":"2 minutos"},"schema":{"@context":"https:\/\/schema.org","@graph":[{"@type":["Article","BlogPosting"],"@id":"https:\/\/caru.org.uy\/nuevositio\/2026\/02\/11\/la-presidenta-de-la-delegacion-uruguaya-ante-la-comision-administradora-del-rio-uruguay-caru-dra-maria-cecilia-bottino-fiuri-y-el-vicepresidente-dr-jose-bayardi-lozano-participaron-en-la-cerem\/#article","isPartOf":{"@id":"https:\/\/caru.org.uy\/nuevositio\/2026\/02\/11\/la-presidenta-de-la-delegacion-uruguaya-ante-la-comision-administradora-del-rio-uruguay-caru-dra-maria-cecilia-bottino-fiuri-y-el-vicepresidente-dr-jose-bayardi-lozano-participaron-en-la-cerem\/"},"author":{"name":"Federico","@id":"https:\/\/caru.org.uy\/nuevositio\/#\/schema\/person\/fba625b864836c52fe4d995c9dc2869d"},"headline":"La Presidenta de la Delegaci\u00f3n Uruguaya ante la Comisi\u00f3n Administradora del R\u00edo Uruguay (CARU), Dra. Mar\u00eda Cecilia Bottino Fiuri, y el Vicepresidente, Dr. Jos\u00e9 Bayardi Lozano, participaron en la ceremonia conmemorativa del 197\u00b0 Aniversario de la Prefectura Nacional Naval.","datePublished":"2026-02-11T17:06:18+00:00","dateModified":"2026-02-11T17:06:20+00:00","mainEntityOfPage":{"@id":"https:\/\/caru.org.uy\/nuevositio\/2026\/02\/11\/la-presidenta-de-la-delegacion-uruguaya-ante-la-comision-administradora-del-rio-uruguay-caru-dra-maria-cecilia-bottino-fiuri-y-el-vicepresidente-dr-jose-bayardi-lozano-participaron-en-la-cerem\/"},"wordCount":73,"commentCount":0,"publisher":{"@id":"https:\/\/caru.org.uy\/nuevositio\/#organization"},"image":{"@id":"https:\/\/caru.org.uy\/nuevositio\/2026\/02\/11\/la-presidenta-de-la-delegacion-uruguaya-ante-la-comision-administradora-del-rio-uruguay-caru-dra-maria-cecilia-bottino-fiuri-y-el-vicepresidente-dr-jose-bayardi-lozano-participaron-en-la-cerem\/#primaryimage"},"thumbnailUrl":"https:\/\/caru.org.uy\/nuevositio\/wp-content\/uploads\/2026\/02\/DSC_3621-scaled.jpg","articleSection":["Noticias","Novedades"],"inLanguage":"es","potentialAction":[{"@type":"CommentAction","name":"Comment","target":["https:\/\/caru.org.uy\/nuevositio\/2026\/02\/11\/la-presidenta-de-la-delegacion-uruguaya-ante-la-comision-administradora-del-rio-uruguay-caru-dra-maria-cecilia-bottino-fiuri-y-el-vicepresidente-dr-jose-bayardi-lozano-participaron-en-la-cerem\/#respond"]}]},{"@type":"WebPage","@id":"https:\/\/caru.org.uy\/nuevositio\/2026\/02\/11\/la-presidenta-de-la-delegacion-uruguaya-ante-la-comision-administradora-del-rio-uruguay-caru-dra-maria-cecilia-bottino-fiuri-y-el-vicepresidente-dr-jose-bayardi-lozano-participaron-en-la-cerem\/","url":"https:\/\/caru.org.uy\/nuevositio\/2026\/02\/11\/la-presidenta-de-la-delegacion-uruguaya-ante-la-comision-administradora-del-rio-uruguay-caru-dra-maria-cecilia-bottino-fiuri-y-el-vicepresidente-dr-jose-bayardi-lozano-participaron-en-la-cerem\/","name":"La Presidenta de la Delegaci\u00f3n Uruguaya ante la Comisi\u00f3n Administradora del R\u00edo Uruguay (CARU), Dra. Mar\u00eda Cecilia Bottino Fiuri, y el Vicepresidente, Dr. Jos\u00e9 Bayardi Lozano, participaron en la ceremonia conmemorativa del 197\u00b0 Aniversario de la Prefectura Nacional Naval. % C.A.R.U. imagen","isPartOf":{"@id":"https:\/\/caru.org.uy\/nuevositio\/#website"},"primaryImageOfPage":{"@id":"https:\/\/caru.org.uy\/nuevositio\/2026\/02\/11\/la-presidenta-de-la-delegacion-uruguaya-ante-la-comision-administradora-del-rio-uruguay-caru-dra-maria-cecilia-bottino-fiuri-y-el-vicepresidente-dr-jose-bayardi-lozano-participaron-en-la-cerem\/#primaryimage"},"image":{"@id":"https:\/\/caru.org.uy\/nuevositio\/2026\/02\/11\/la-presidenta-de-la-delegacion-uruguaya-ante-la-comision-administradora-del-rio-uruguay-caru-dra-maria-cecilia-bottino-fiuri-y-el-vicepresidente-dr-jose-bayardi-lozano-participaron-en-la-cerem\/#primaryimage"},"thumbnailUrl":"https:\/\/caru.org.uy\/nuevositio\/wp-content\/uploads\/2026\/02\/DSC_3621-scaled.jpg","datePublished":"2026-02-11T17:06:18+00:00","dateModified":"2026-02-11T17:06:20+00:00","breadcrumb":{"@id":"https:\/\/caru.org.uy\/nuevositio\/2026\/02\/11\/la-presidenta-de-la-delegacion-uruguaya-ante-la-comision-administradora-del-rio-uruguay-caru-dra-maria-cecilia-bottino-fiuri-y-el-vicepresidente-dr-jose-bayardi-lozano-participaron-en-la-cerem\/#breadcrumb"},"inLanguage":"es","potentialAction":[{"@type":"ReadAction","target":["https:\/\/caru.org.uy\/nuevositio\/2026\/02\/11\/la-presidenta-de-la-delegacion-uruguaya-ante-la-comision-administradora-del-rio-uruguay-caru-dra-maria-cecilia-bottino-fiuri-y-el-vicepresidente-dr-jose-bayardi-lozano-participaron-en-la-cerem\/"]}]},{"@type":"ImageObject","inLanguage":"es","@id":"https:\/\/caru.org.uy\/nuevositio\/2026\/02\/11\/la-presidenta-de-la-delegacion-uruguaya-ante-la-comision-administradora-del-rio-uruguay-caru-dra-maria-cecilia-bottino-fiuri-y-el-vicepresidente-dr-jose-bayardi-lozano-participaron-en-la-cerem\/#primaryimage","url":"https:\/\/caru.org.uy\/nuevositio\/wp-content\/uploads\/2026\/02\/DSC_3621-scaled.jpg","contentUrl":"https:\/\/caru.org.uy\/nuevositio\/wp-content\/uploads\/2026\/02\/DSC_3621-scaled.jpg","width":2560,"height":1707},{"@type":"BreadcrumbList","@id":"https:\/\/caru.org.uy\/nuevositio\/2026\/02\/11\/la-presidenta-de-la-delegacion-uruguaya-ante-la-comision-administradora-del-rio-uruguay-caru-dra-maria-cecilia-bottino-fiuri-y-el-vicepresidente-dr-jose-bayardi-lozano-participaron-en-la-cerem\/#breadcrumb","itemListElement":[{"@type":"ListItem","position":1,"name":"Portada","item":"https:\/\/caru.org.uy\/nuevositio\/"},{"@type":"ListItem","position":2,"name":"La Presidenta de la Delegaci\u00f3n Uruguaya ante la Comisi\u00f3n Administradora del R\u00edo Uruguay (CARU), Dra. Mar\u00eda Cecilia Bottino Fiuri, y el Vicepresidente, Dr. Jos\u00e9 Bayardi Lozano, participaron en la ceremonia conmemorativa del 197\u00b0 Aniversario de la Prefectura Nacional Naval."}]},{"@type":"WebSite","@id":"https:\/\/caru.org.uy\/nuevositio\/#website","url":"https:\/\/caru.org.uy\/nuevositio\/","name":"C.A.R.U.","description":"Comisi\u00f3n Administradora del R\u00edo Uruguay","publisher":{"@id":"https:\/\/caru.org.uy\/nuevositio\/#organization"},"potentialAction":[{"@type":"SearchAction","target":{"@type":"EntryPoint","urlTemplate":"https:\/\/caru.org.uy\/nuevositio\/?s={search_term_string}"},"query-input":{"@type":"PropertyValueSpecification","valueRequired":true,"valueName":"search_term_string"}}],"inLanguage":"es"},{"@type":"Organization","@id":"https:\/\/caru.org.uy\/nuevositio\/#organization","name":"C.A.R.U.","url":"https:\/\/caru.org.uy\/nuevositio\/","logo":{"@type":"ImageObject","inLanguage":"es","@id":"https:\/\/caru.org.uy\/nuevositio\/#\/schema\/logo\/image\/","url":"https:\/\/caru.org.uy\/nuevositio\/wp-content\/uploads\/2023\/11\/logo-nuevo.jpg","contentUrl":"https:\/\/caru.org.uy\/nuevositio\/wp-content\/uploads\/2023\/11\/logo-nuevo.jpg","width":1,"height":1,"caption":"C.A.R.U."},"image":{"@id":"https:\/\/caru.org.uy\/nuevositio\/#\/schema\/logo\/image\/"}},{"@type":"Person","@id":"https:\/\/caru.org.uy\/nuevositio\/#\/schema\/person\/fba625b864836c52fe4d995c9dc2869d","name":"Federico","image":{"@type":"ImageObject","inLanguage":"es","@id":"https:\/\/secure.gravatar.com\/avatar\/542d68923246b6c29256d811c3ce7f803fe17d6a190c813a52ef45fcda4733ad?s=96&d=mm&r=g","url":"https:\/\/secure.gravatar.com\/avatar\/542d68923246b6c29256d811c3ce7f803fe17d6a190c813a52ef45fcda4733ad?s=96&d=mm&r=g","contentUrl":"https:\/\/secure.gravatar.com\/avatar\/542d68923246b6c29256d811c3ce7f803fe17d6a190c813a52ef45fcda4733ad?s=96&d=mm&r=g","caption":"Federico"},"url":"https:\/\/caru.org.uy\/nuevositio\/author\/federico\/"}]}},"_links":{"self":[{"href":"https:\/\/caru.org.uy\/nuevositio\/wp-json\/wp\/v2\/posts\/12524","targetHints":{"allow":["GET"]}}],"collection":[{"href":"https:\/\/caru.org.uy\/nuevositio\/wp-json\/wp\/v2\/posts"}],"about":[{"href":"https:\/\/caru.org.uy\/nuevositio\/wp-json\/wp\/v2\/types\/post"}],"author":[{"embeddable":true,"href":"https:\/\/caru.org.uy\/nuevositio\/wp-json\/wp\/v2\/users\/12"}],"replies":[{"embeddable":true,"href":"https:\/\/caru.org.uy\/nuevositio\/wp-json\/wp\/v2\/comments?post=12524"}],"version-history":[{"count":1,"href":"https:\/\/caru.org.uy\/nuevositio\/wp-json\/wp\/v2\/posts\/12524\/revisions"}],"predecessor-version":[{"id":12536,"href":"https:\/\/caru.org.uy\/nuevositio\/wp-json\/wp\/v2\/posts\/12524\/revisions\/12536"}],"wp:featuredmedia":[{"embeddable":true,"href":"https:\/\/caru.org.uy\/nuevositio\/wp-json\/wp\/v2\/media\/12535"}],"wp:attachment":[{"href":"https:\/\/caru.org.uy\/nuevositio\/wp-json\/wp\/v2\/media?parent=12524"}],"wp:term":[{"taxonomy":"category","embeddable":true,"href":"https:\/\/caru.org.uy\/nuevositio\/wp-json\/wp\/v2\/categories?post=12524"},{"taxonomy":"post_tag","embeddable":true,"href":"https:\/\/caru.org.uy\/nuevositio\/wp-json\/wp\/v2\/tags?post=12524"}],"curies":[{"name":"wp","href":"https:\/\/api.w.org\/{rel}","templated":true}]}}