{"id":12567,"date":"2026-04-01T00:05:42","date_gmt":"2026-04-01T03:05:42","guid":{"rendered":"https:\/\/caru.org.uy\/nuevositio\/?p=12567"},"modified":"2026-04-01T00:05:44","modified_gmt":"2026-04-01T03:05:44","slug":"programa-de-conservacion-de-la-fauna-ictica-y-los-recursos-pesqueros-en-el-marco-de-la-semana-de-turismo","status":"publish","type":"post","link":"https:\/\/caru.org.uy\/nuevositio\/2026\/04\/01\/programa-de-conservacion-de-la-fauna-ictica-y-los-recursos-pesqueros-en-el-marco-de-la-semana-de-turismo\/","title":{"rendered":"Programa de conservaci\u00f3n de la fauna \u00edctica y los recursos pesqueros en el marco de la semana de turismo"},"content":{"rendered":"\n<figure class=\"wp-block-image size-large\"><img fetchpriority=\"high\" decoding=\"async\" width=\"1024\" height=\"720\" src=\"https:\/\/caru.org.uy\/nuevositio\/wp-content\/uploads\/2026\/04\/Flyer-Surubi-re-editado-1024x720.png\" alt=\"\" class=\"wp-image-12568\" srcset=\"https:\/\/caru.org.uy\/nuevositio\/wp-content\/uploads\/2026\/04\/Flyer-Surubi-re-editado-1024x720.png 1024w, https:\/\/caru.org.uy\/nuevositio\/wp-content\/uploads\/2026\/04\/Flyer-Surubi-re-editado-300x211.png 300w, https:\/\/caru.org.uy\/nuevositio\/wp-content\/uploads\/2026\/04\/Flyer-Surubi-re-editado-768x540.png 768w, https:\/\/caru.org.uy\/nuevositio\/wp-content\/uploads\/2026\/04\/Flyer-Surubi-re-editado-1536x1080.png 1536w, https:\/\/caru.org.uy\/nuevositio\/wp-content\/uploads\/2026\/04\/Flyer-Surubi-re-editado.png 1599w\" sizes=\"(max-width: 1024px) 100vw, 1024px\" \/><\/figure>\n\n\n\n<p><\/p>\n\n\n\n<p>CARU RECUERDA:<\/p>\n\n\n\n<p>La marcaci\u00f3n de ejemplares de surub\u00edpintado (Pseudoplatystoma corruscans) constituye una herramienta t\u00e9cnica fundamental para fortalecer el conocimiento del ecosistema fluvial y contribuir al dise\u00f1o de estrategias de gesti\u00f3n y conservaci\u00f3n de los recursos pesqueros.<\/p>\n\n\n\n<p>CARU solicita la colaboraci\u00f3n de pescadores y usuarios del r\u00edo: en caso de capturar un ejemplar marcado, se recomienda registrar fecha, hora y lugar de captura, tomar fotograf\u00edas de la marca, conservar el n\u00famero identificatorio y comunicarse con la instituci\u00f3n, a efectos de aportar informaci\u00f3n valiosa al estudio.<\/p>\n\n\n\n<p>Estas acciones forman parte del compromiso permanente de CARU con la investigaci\u00f3n cient\u00edfica aplicada, la gesti\u00f3n sostenible del r\u00edo Uruguay y la preservaci\u00f3n de su biodiversidad.<\/p>\n\n\n\n<p>Para reportes o consultas, se encuentra disponible la Coordinaci\u00f3n de Pesca de CARU a trav\u00e9s de los canales institucionales de contacto<\/p>\n","protected":false},"excerpt":{"rendered":"<p>CARU RECUERDA: La marcaci\u00f3n de ejemplares de surub\u00edpintado (Pseudoplatystoma corruscans) constituye una herramienta t\u00e9cnica fundamental para fortalecer el conocimiento del ecosistema fluvial y contribuir al dise\u00f1o de estrategias de gesti\u00f3n y conservaci\u00f3n de los recursos pesqueros. CARU solicita la colaboraci\u00f3n de pescadores y usuarios del r\u00edo: en caso de capturar un ejemplar marcado, se recomienda [&hellip;]<\/p>\n","protected":false},"author":12,"featured_media":12483,"comment_status":"open","ping_status":"open","sticky":false,"template":"","format":"standard","meta":{"_acf_changed":false,"_joinchat":[],"footnotes":""},"categories":[54,37],"tags":[],"class_list":["post-12567","post","type-post","status-publish","format-standard","has-post-thumbnail","hentry","category-mortandad-peces","category-noticias"],"acf":[],"yoast_head":"<!-- This site is optimized with the Yoast SEO plugin v27.3 - https:\/\/yoast.com\/product\/yoast-seo-wordpress\/ -->\n<title>Programa de conservaci\u00f3n de la fauna \u00edctica y los recursos pesqueros en el marco de la semana de turismo % C.A.R.U. imagen<\/title>\n<meta name=\"robots\" content=\"index, follow, max-snippet:-1, max-image-preview:large, max-video-preview:-1\" \/>\n<link rel=\"canonical\" href=\"https:\/\/caru.org.uy\/nuevositio\/2026\/04\/01\/programa-de-conservacion-de-la-fauna-ictica-y-los-recursos-pesqueros-en-el-marco-de-la-semana-de-turismo\/\" \/>\n<meta property=\"og:locale\" content=\"es_ES\" \/>\n<meta property=\"og:type\" content=\"article\" \/>\n<meta property=\"og:title\" content=\"Programa de conservaci\u00f3n de la fauna \u00edctica y los recursos pesqueros en el marco de la semana de turismo % C.A.R.U. imagen\" \/>\n<meta property=\"og:description\" content=\"CARU RECUERDA: La marcaci\u00f3n de ejemplares de surub\u00edpintado (Pseudoplatystoma corruscans) constituye una herramienta t\u00e9cnica fundamental para fortalecer el conocimiento del ecosistema fluvial y contribuir al dise\u00f1o de estrategias de gesti\u00f3n y conservaci\u00f3n de los recursos pesqueros. CARU solicita la colaboraci\u00f3n de pescadores y usuarios del r\u00edo: en caso de capturar un ejemplar marcado, se recomienda [&hellip;]\" \/>\n<meta property=\"og:url\" content=\"https:\/\/caru.org.uy\/nuevositio\/2026\/04\/01\/programa-de-conservacion-de-la-fauna-ictica-y-los-recursos-pesqueros-en-el-marco-de-la-semana-de-turismo\/\" \/>\n<meta property=\"og:site_name\" content=\"C.A.R.U.\" \/>\n<meta property=\"article:published_time\" content=\"2026-04-01T03:05:42+00:00\" \/>\n<meta property=\"article:modified_time\" content=\"2026-04-01T03:05:44+00:00\" \/>\n<meta property=\"og:image\" content=\"https:\/\/caru.org.uy\/nuevositio\/wp-content\/uploads\/2026\/01\/FLYER-RE-EDITADO-SURUBI-PILAR-1-1024x720.png\" \/>\n\t<meta property=\"og:image:width\" content=\"1024\" \/>\n\t<meta property=\"og:image:height\" content=\"720\" \/>\n\t<meta property=\"og:image:type\" content=\"image\/png\" \/>\n<meta name=\"author\" content=\"Federico\" \/>\n<meta name=\"twitter:card\" content=\"summary_large_image\" \/>\n<meta name=\"twitter:label1\" content=\"Escrito por\" \/>\n\t<meta name=\"twitter:data1\" content=\"Federico\" \/>\n\t<meta name=\"twitter:label2\" content=\"Tiempo de lectura\" \/>\n\t<meta name=\"twitter:data2\" content=\"2 minutos\" \/>\n<script type=\"application\/ld+json\" class=\"yoast-schema-graph\">{\"@context\":\"https:\\\/\\\/schema.org\",\"@graph\":[{\"@type\":[\"Article\",\"BlogPosting\"],\"@id\":\"https:\\\/\\\/caru.org.uy\\\/nuevositio\\\/2026\\\/04\\\/01\\\/programa-de-conservacion-de-la-fauna-ictica-y-los-recursos-pesqueros-en-el-marco-de-la-semana-de-turismo\\\/#article\",\"isPartOf\":{\"@id\":\"https:\\\/\\\/caru.org.uy\\\/nuevositio\\\/2026\\\/04\\\/01\\\/programa-de-conservacion-de-la-fauna-ictica-y-los-recursos-pesqueros-en-el-marco-de-la-semana-de-turismo\\\/\"},\"author\":{\"name\":\"Federico\",\"@id\":\"https:\\\/\\\/caru.org.uy\\\/nuevositio\\\/#\\\/schema\\\/person\\\/fba625b864836c52fe4d995c9dc2869d\"},\"headline\":\"Programa de conservaci\u00f3n de la fauna \u00edctica y los recursos pesqueros en el marco de la semana de turismo\",\"datePublished\":\"2026-04-01T03:05:42+00:00\",\"dateModified\":\"2026-04-01T03:05:44+00:00\",\"mainEntityOfPage\":{\"@id\":\"https:\\\/\\\/caru.org.uy\\\/nuevositio\\\/2026\\\/04\\\/01\\\/programa-de-conservacion-de-la-fauna-ictica-y-los-recursos-pesqueros-en-el-marco-de-la-semana-de-turismo\\\/\"},\"wordCount\":170,\"commentCount\":0,\"publisher\":{\"@id\":\"https:\\\/\\\/caru.org.uy\\\/nuevositio\\\/#organization\"},\"image\":{\"@id\":\"https:\\\/\\\/caru.org.uy\\\/nuevositio\\\/2026\\\/04\\\/01\\\/programa-de-conservacion-de-la-fauna-ictica-y-los-recursos-pesqueros-en-el-marco-de-la-semana-de-turismo\\\/#primaryimage\"},\"thumbnailUrl\":\"https:\\\/\\\/caru.org.uy\\\/nuevositio\\\/wp-content\\\/uploads\\\/2026\\\/01\\\/FLYER-RE-EDITADO-SURUBI-PILAR-1.png\",\"articleSection\":[\"MORTANDAD PECES\",\"Noticias\"],\"inLanguage\":\"es\",\"potentialAction\":[{\"@type\":\"CommentAction\",\"name\":\"Comment\",\"target\":[\"https:\\\/\\\/caru.org.uy\\\/nuevositio\\\/2026\\\/04\\\/01\\\/programa-de-conservacion-de-la-fauna-ictica-y-los-recursos-pesqueros-en-el-marco-de-la-semana-de-turismo\\\/#respond\"]}]},{\"@type\":\"WebPage\",\"@id\":\"https:\\\/\\\/caru.org.uy\\\/nuevositio\\\/2026\\\/04\\\/01\\\/programa-de-conservacion-de-la-fauna-ictica-y-los-recursos-pesqueros-en-el-marco-de-la-semana-de-turismo\\\/\",\"url\":\"https:\\\/\\\/caru.org.uy\\\/nuevositio\\\/2026\\\/04\\\/01\\\/programa-de-conservacion-de-la-fauna-ictica-y-los-recursos-pesqueros-en-el-marco-de-la-semana-de-turismo\\\/\",\"name\":\"Programa de conservaci\u00f3n de la fauna \u00edctica y los recursos pesqueros en el marco de la semana de turismo % C.A.R.U. imagen\",\"isPartOf\":{\"@id\":\"https:\\\/\\\/caru.org.uy\\\/nuevositio\\\/#website\"},\"primaryImageOfPage\":{\"@id\":\"https:\\\/\\\/caru.org.uy\\\/nuevositio\\\/2026\\\/04\\\/01\\\/programa-de-conservacion-de-la-fauna-ictica-y-los-recursos-pesqueros-en-el-marco-de-la-semana-de-turismo\\\/#primaryimage\"},\"image\":{\"@id\":\"https:\\\/\\\/caru.org.uy\\\/nuevositio\\\/2026\\\/04\\\/01\\\/programa-de-conservacion-de-la-fauna-ictica-y-los-recursos-pesqueros-en-el-marco-de-la-semana-de-turismo\\\/#primaryimage\"},\"thumbnailUrl\":\"https:\\\/\\\/caru.org.uy\\\/nuevositio\\\/wp-content\\\/uploads\\\/2026\\\/01\\\/FLYER-RE-EDITADO-SURUBI-PILAR-1.png\",\"datePublished\":\"2026-04-01T03:05:42+00:00\",\"dateModified\":\"2026-04-01T03:05:44+00:00\",\"breadcrumb\":{\"@id\":\"https:\\\/\\\/caru.org.uy\\\/nuevositio\\\/2026\\\/04\\\/01\\\/programa-de-conservacion-de-la-fauna-ictica-y-los-recursos-pesqueros-en-el-marco-de-la-semana-de-turismo\\\/#breadcrumb\"},\"inLanguage\":\"es\",\"potentialAction\":[{\"@type\":\"ReadAction\",\"target\":[\"https:\\\/\\\/caru.org.uy\\\/nuevositio\\\/2026\\\/04\\\/01\\\/programa-de-conservacion-de-la-fauna-ictica-y-los-recursos-pesqueros-en-el-marco-de-la-semana-de-turismo\\\/\"]}]},{\"@type\":\"ImageObject\",\"inLanguage\":\"es\",\"@id\":\"https:\\\/\\\/caru.org.uy\\\/nuevositio\\\/2026\\\/04\\\/01\\\/programa-de-conservacion-de-la-fauna-ictica-y-los-recursos-pesqueros-en-el-marco-de-la-semana-de-turismo\\\/#primaryimage\",\"url\":\"https:\\\/\\\/caru.org.uy\\\/nuevositio\\\/wp-content\\\/uploads\\\/2026\\\/01\\\/FLYER-RE-EDITADO-SURUBI-PILAR-1.png\",\"contentUrl\":\"https:\\\/\\\/caru.org.uy\\\/nuevositio\\\/wp-content\\\/uploads\\\/2026\\\/01\\\/FLYER-RE-EDITADO-SURUBI-PILAR-1.png\",\"width\":1599,\"height\":1124},{\"@type\":\"BreadcrumbList\",\"@id\":\"https:\\\/\\\/caru.org.uy\\\/nuevositio\\\/2026\\\/04\\\/01\\\/programa-de-conservacion-de-la-fauna-ictica-y-los-recursos-pesqueros-en-el-marco-de-la-semana-de-turismo\\\/#breadcrumb\",\"itemListElement\":[{\"@type\":\"ListItem\",\"position\":1,\"name\":\"Portada\",\"item\":\"https:\\\/\\\/caru.org.uy\\\/nuevositio\\\/\"},{\"@type\":\"ListItem\",\"position\":2,\"name\":\"Programa de conservaci\u00f3n de la fauna \u00edctica y los recursos pesqueros en el marco de la semana de turismo\"}]},{\"@type\":\"WebSite\",\"@id\":\"https:\\\/\\\/caru.org.uy\\\/nuevositio\\\/#website\",\"url\":\"https:\\\/\\\/caru.org.uy\\\/nuevositio\\\/\",\"name\":\"C.A.R.U.\",\"description\":\"Comisi\u00f3n Administradora del R\u00edo Uruguay\",\"publisher\":{\"@id\":\"https:\\\/\\\/caru.org.uy\\\/nuevositio\\\/#organization\"},\"potentialAction\":[{\"@type\":\"SearchAction\",\"target\":{\"@type\":\"EntryPoint\",\"urlTemplate\":\"https:\\\/\\\/caru.org.uy\\\/nuevositio\\\/?s={search_term_string}\"},\"query-input\":{\"@type\":\"PropertyValueSpecification\",\"valueRequired\":true,\"valueName\":\"search_term_string\"}}],\"inLanguage\":\"es\"},{\"@type\":\"Organization\",\"@id\":\"https:\\\/\\\/caru.org.uy\\\/nuevositio\\\/#organization\",\"name\":\"C.A.R.U.\",\"url\":\"https:\\\/\\\/caru.org.uy\\\/nuevositio\\\/\",\"logo\":{\"@type\":\"ImageObject\",\"inLanguage\":\"es\",\"@id\":\"https:\\\/\\\/caru.org.uy\\\/nuevositio\\\/#\\\/schema\\\/logo\\\/image\\\/\",\"url\":\"https:\\\/\\\/caru.org.uy\\\/nuevositio\\\/wp-content\\\/uploads\\\/2023\\\/11\\\/logo-nuevo.jpg\",\"contentUrl\":\"https:\\\/\\\/caru.org.uy\\\/nuevositio\\\/wp-content\\\/uploads\\\/2023\\\/11\\\/logo-nuevo.jpg\",\"width\":1,\"height\":1,\"caption\":\"C.A.R.U.\"},\"image\":{\"@id\":\"https:\\\/\\\/caru.org.uy\\\/nuevositio\\\/#\\\/schema\\\/logo\\\/image\\\/\"}},{\"@type\":\"Person\",\"@id\":\"https:\\\/\\\/caru.org.uy\\\/nuevositio\\\/#\\\/schema\\\/person\\\/fba625b864836c52fe4d995c9dc2869d\",\"name\":\"Federico\",\"image\":{\"@type\":\"ImageObject\",\"inLanguage\":\"es\",\"@id\":\"https:\\\/\\\/secure.gravatar.com\\\/avatar\\\/542d68923246b6c29256d811c3ce7f803fe17d6a190c813a52ef45fcda4733ad?s=96&d=mm&r=g\",\"url\":\"https:\\\/\\\/secure.gravatar.com\\\/avatar\\\/542d68923246b6c29256d811c3ce7f803fe17d6a190c813a52ef45fcda4733ad?s=96&d=mm&r=g\",\"contentUrl\":\"https:\\\/\\\/secure.gravatar.com\\\/avatar\\\/542d68923246b6c29256d811c3ce7f803fe17d6a190c813a52ef45fcda4733ad?s=96&d=mm&r=g\",\"caption\":\"Federico\"},\"url\":\"https:\\\/\\\/caru.org.uy\\\/nuevositio\\\/author\\\/federico\\\/\"}]}<\/script>\n<!-- \/ Yoast SEO plugin. -->","yoast_head_json":{"title":"Programa de conservaci\u00f3n de la fauna \u00edctica y los recursos pesqueros en el marco de la semana de turismo % C.A.R.U. imagen","robots":{"index":"index","follow":"follow","max-snippet":"max-snippet:-1","max-image-preview":"max-image-preview:large","max-video-preview":"max-video-preview:-1"},"canonical":"https:\/\/caru.org.uy\/nuevositio\/2026\/04\/01\/programa-de-conservacion-de-la-fauna-ictica-y-los-recursos-pesqueros-en-el-marco-de-la-semana-de-turismo\/","og_locale":"es_ES","og_type":"article","og_title":"Programa de conservaci\u00f3n de la fauna \u00edctica y los recursos pesqueros en el marco de la semana de turismo % C.A.R.U. imagen","og_description":"CARU RECUERDA: La marcaci\u00f3n de ejemplares de surub\u00edpintado (Pseudoplatystoma corruscans) constituye una herramienta t\u00e9cnica fundamental para fortalecer el conocimiento del ecosistema fluvial y contribuir al dise\u00f1o de estrategias de gesti\u00f3n y conservaci\u00f3n de los recursos pesqueros. CARU solicita la colaboraci\u00f3n de pescadores y usuarios del r\u00edo: en caso de capturar un ejemplar marcado, se recomienda [&hellip;]","og_url":"https:\/\/caru.org.uy\/nuevositio\/2026\/04\/01\/programa-de-conservacion-de-la-fauna-ictica-y-los-recursos-pesqueros-en-el-marco-de-la-semana-de-turismo\/","og_site_name":"C.A.R.U.","article_published_time":"2026-04-01T03:05:42+00:00","article_modified_time":"2026-04-01T03:05:44+00:00","og_image":[{"width":1024,"height":720,"url":"https:\/\/caru.org.uy\/nuevositio\/wp-content\/uploads\/2026\/01\/FLYER-RE-EDITADO-SURUBI-PILAR-1-1024x720.png","type":"image\/png"}],"author":"Federico","twitter_card":"summary_large_image","twitter_misc":{"Escrito por":"Federico","Tiempo de lectura":"2 minutos"},"schema":{"@context":"https:\/\/schema.org","@graph":[{"@type":["Article","BlogPosting"],"@id":"https:\/\/caru.org.uy\/nuevositio\/2026\/04\/01\/programa-de-conservacion-de-la-fauna-ictica-y-los-recursos-pesqueros-en-el-marco-de-la-semana-de-turismo\/#article","isPartOf":{"@id":"https:\/\/caru.org.uy\/nuevositio\/2026\/04\/01\/programa-de-conservacion-de-la-fauna-ictica-y-los-recursos-pesqueros-en-el-marco-de-la-semana-de-turismo\/"},"author":{"name":"Federico","@id":"https:\/\/caru.org.uy\/nuevositio\/#\/schema\/person\/fba625b864836c52fe4d995c9dc2869d"},"headline":"Programa de conservaci\u00f3n de la fauna \u00edctica y los recursos pesqueros en el marco de la semana de turismo","datePublished":"2026-04-01T03:05:42+00:00","dateModified":"2026-04-01T03:05:44+00:00","mainEntityOfPage":{"@id":"https:\/\/caru.org.uy\/nuevositio\/2026\/04\/01\/programa-de-conservacion-de-la-fauna-ictica-y-los-recursos-pesqueros-en-el-marco-de-la-semana-de-turismo\/"},"wordCount":170,"commentCount":0,"publisher":{"@id":"https:\/\/caru.org.uy\/nuevositio\/#organization"},"image":{"@id":"https:\/\/caru.org.uy\/nuevositio\/2026\/04\/01\/programa-de-conservacion-de-la-fauna-ictica-y-los-recursos-pesqueros-en-el-marco-de-la-semana-de-turismo\/#primaryimage"},"thumbnailUrl":"https:\/\/caru.org.uy\/nuevositio\/wp-content\/uploads\/2026\/01\/FLYER-RE-EDITADO-SURUBI-PILAR-1.png","articleSection":["MORTANDAD PECES","Noticias"],"inLanguage":"es","potentialAction":[{"@type":"CommentAction","name":"Comment","target":["https:\/\/caru.org.uy\/nuevositio\/2026\/04\/01\/programa-de-conservacion-de-la-fauna-ictica-y-los-recursos-pesqueros-en-el-marco-de-la-semana-de-turismo\/#respond"]}]},{"@type":"WebPage","@id":"https:\/\/caru.org.uy\/nuevositio\/2026\/04\/01\/programa-de-conservacion-de-la-fauna-ictica-y-los-recursos-pesqueros-en-el-marco-de-la-semana-de-turismo\/","url":"https:\/\/caru.org.uy\/nuevositio\/2026\/04\/01\/programa-de-conservacion-de-la-fauna-ictica-y-los-recursos-pesqueros-en-el-marco-de-la-semana-de-turismo\/","name":"Programa de conservaci\u00f3n de la fauna \u00edctica y los recursos pesqueros en el marco de la semana de turismo % C.A.R.U. imagen","isPartOf":{"@id":"https:\/\/caru.org.uy\/nuevositio\/#website"},"primaryImageOfPage":{"@id":"https:\/\/caru.org.uy\/nuevositio\/2026\/04\/01\/programa-de-conservacion-de-la-fauna-ictica-y-los-recursos-pesqueros-en-el-marco-de-la-semana-de-turismo\/#primaryimage"},"image":{"@id":"https:\/\/caru.org.uy\/nuevositio\/2026\/04\/01\/programa-de-conservacion-de-la-fauna-ictica-y-los-recursos-pesqueros-en-el-marco-de-la-semana-de-turismo\/#primaryimage"},"thumbnailUrl":"https:\/\/caru.org.uy\/nuevositio\/wp-content\/uploads\/2026\/01\/FLYER-RE-EDITADO-SURUBI-PILAR-1.png","datePublished":"2026-04-01T03:05:42+00:00","dateModified":"2026-04-01T03:05:44+00:00","breadcrumb":{"@id":"https:\/\/caru.org.uy\/nuevositio\/2026\/04\/01\/programa-de-conservacion-de-la-fauna-ictica-y-los-recursos-pesqueros-en-el-marco-de-la-semana-de-turismo\/#breadcrumb"},"inLanguage":"es","potentialAction":[{"@type":"ReadAction","target":["https:\/\/caru.org.uy\/nuevositio\/2026\/04\/01\/programa-de-conservacion-de-la-fauna-ictica-y-los-recursos-pesqueros-en-el-marco-de-la-semana-de-turismo\/"]}]},{"@type":"ImageObject","inLanguage":"es","@id":"https:\/\/caru.org.uy\/nuevositio\/2026\/04\/01\/programa-de-conservacion-de-la-fauna-ictica-y-los-recursos-pesqueros-en-el-marco-de-la-semana-de-turismo\/#primaryimage","url":"https:\/\/caru.org.uy\/nuevositio\/wp-content\/uploads\/2026\/01\/FLYER-RE-EDITADO-SURUBI-PILAR-1.png","contentUrl":"https:\/\/caru.org.uy\/nuevositio\/wp-content\/uploads\/2026\/01\/FLYER-RE-EDITADO-SURUBI-PILAR-1.png","width":1599,"height":1124},{"@type":"BreadcrumbList","@id":"https:\/\/caru.org.uy\/nuevositio\/2026\/04\/01\/programa-de-conservacion-de-la-fauna-ictica-y-los-recursos-pesqueros-en-el-marco-de-la-semana-de-turismo\/#breadcrumb","itemListElement":[{"@type":"ListItem","position":1,"name":"Portada","item":"https:\/\/caru.org.uy\/nuevositio\/"},{"@type":"ListItem","position":2,"name":"Programa de conservaci\u00f3n de la fauna \u00edctica y los recursos pesqueros en el marco de la semana de turismo"}]},{"@type":"WebSite","@id":"https:\/\/caru.org.uy\/nuevositio\/#website","url":"https:\/\/caru.org.uy\/nuevositio\/","name":"C.A.R.U.","description":"Comisi\u00f3n Administradora del R\u00edo Uruguay","publisher":{"@id":"https:\/\/caru.org.uy\/nuevositio\/#organization"},"potentialAction":[{"@type":"SearchAction","target":{"@type":"EntryPoint","urlTemplate":"https:\/\/caru.org.uy\/nuevositio\/?s={search_term_string}"},"query-input":{"@type":"PropertyValueSpecification","valueRequired":true,"valueName":"search_term_string"}}],"inLanguage":"es"},{"@type":"Organization","@id":"https:\/\/caru.org.uy\/nuevositio\/#organization","name":"C.A.R.U.","url":"https:\/\/caru.org.uy\/nuevositio\/","logo":{"@type":"ImageObject","inLanguage":"es","@id":"https:\/\/caru.org.uy\/nuevositio\/#\/schema\/logo\/image\/","url":"https:\/\/caru.org.uy\/nuevositio\/wp-content\/uploads\/2023\/11\/logo-nuevo.jpg","contentUrl":"https:\/\/caru.org.uy\/nuevositio\/wp-content\/uploads\/2023\/11\/logo-nuevo.jpg","width":1,"height":1,"caption":"C.A.R.U."},"image":{"@id":"https:\/\/caru.org.uy\/nuevositio\/#\/schema\/logo\/image\/"}},{"@type":"Person","@id":"https:\/\/caru.org.uy\/nuevositio\/#\/schema\/person\/fba625b864836c52fe4d995c9dc2869d","name":"Federico","image":{"@type":"ImageObject","inLanguage":"es","@id":"https:\/\/secure.gravatar.com\/avatar\/542d68923246b6c29256d811c3ce7f803fe17d6a190c813a52ef45fcda4733ad?s=96&d=mm&r=g","url":"https:\/\/secure.gravatar.com\/avatar\/542d68923246b6c29256d811c3ce7f803fe17d6a190c813a52ef45fcda4733ad?s=96&d=mm&r=g","contentUrl":"https:\/\/secure.gravatar.com\/avatar\/542d68923246b6c29256d811c3ce7f803fe17d6a190c813a52ef45fcda4733ad?s=96&d=mm&r=g","caption":"Federico"},"url":"https:\/\/caru.org.uy\/nuevositio\/author\/federico\/"}]}},"_links":{"self":[{"href":"https:\/\/caru.org.uy\/nuevositio\/wp-json\/wp\/v2\/posts\/12567","targetHints":{"allow":["GET"]}}],"collection":[{"href":"https:\/\/caru.org.uy\/nuevositio\/wp-json\/wp\/v2\/posts"}],"about":[{"href":"https:\/\/caru.org.uy\/nuevositio\/wp-json\/wp\/v2\/types\/post"}],"author":[{"embeddable":true,"href":"https:\/\/caru.org.uy\/nuevositio\/wp-json\/wp\/v2\/users\/12"}],"replies":[{"embeddable":true,"href":"https:\/\/caru.org.uy\/nuevositio\/wp-json\/wp\/v2\/comments?post=12567"}],"version-history":[{"count":1,"href":"https:\/\/caru.org.uy\/nuevositio\/wp-json\/wp\/v2\/posts\/12567\/revisions"}],"predecessor-version":[{"id":12569,"href":"https:\/\/caru.org.uy\/nuevositio\/wp-json\/wp\/v2\/posts\/12567\/revisions\/12569"}],"wp:featuredmedia":[{"embeddable":true,"href":"https:\/\/caru.org.uy\/nuevositio\/wp-json\/wp\/v2\/media\/12483"}],"wp:attachment":[{"href":"https:\/\/caru.org.uy\/nuevositio\/wp-json\/wp\/v2\/media?parent=12567"}],"wp:term":[{"taxonomy":"category","embeddable":true,"href":"https:\/\/caru.org.uy\/nuevositio\/wp-json\/wp\/v2\/categories?post=12567"},{"taxonomy":"post_tag","embeddable":true,"href":"https:\/\/caru.org.uy\/nuevositio\/wp-json\/wp\/v2\/tags?post=12567"}],"curies":[{"name":"wp","href":"https:\/\/api.w.org\/{rel}","templated":true}]}}