{"id":12570,"date":"2026-04-02T00:05:55","date_gmt":"2026-04-02T03:05:55","guid":{"rendered":"https:\/\/caru.org.uy\/nuevositio\/?p=12570"},"modified":"2026-04-01T00:08:41","modified_gmt":"2026-04-01T03:08:41","slug":"carpas-asiaticas-en-el-rio-uruguay-recordamos-en-el-margen-de-la-semana-de-turismo","status":"publish","type":"post","link":"https:\/\/caru.org.uy\/nuevositio\/2026\/04\/02\/carpas-asiaticas-en-el-rio-uruguay-recordamos-en-el-margen-de-la-semana-de-turismo\/","title":{"rendered":"Carpas Asi\u00e1ticas en el r\u00edo Uruguay; Recordamos en el margen de la semana de turismo."},"content":{"rendered":"\n<figure class=\"wp-block-image size-large\"><img fetchpriority=\"high\" decoding=\"async\" width=\"721\" height=\"1024\" src=\"https:\/\/caru.org.uy\/nuevositio\/wp-content\/uploads\/2026\/04\/Flyer-carpas-asiaticas-721x1024.jpeg\" alt=\"\" class=\"wp-image-12571\" srcset=\"https:\/\/caru.org.uy\/nuevositio\/wp-content\/uploads\/2026\/04\/Flyer-carpas-asiaticas-721x1024.jpeg 721w, https:\/\/caru.org.uy\/nuevositio\/wp-content\/uploads\/2026\/04\/Flyer-carpas-asiaticas-211x300.jpeg 211w, https:\/\/caru.org.uy\/nuevositio\/wp-content\/uploads\/2026\/04\/Flyer-carpas-asiaticas-768x1091.jpeg 768w, https:\/\/caru.org.uy\/nuevositio\/wp-content\/uploads\/2026\/04\/Flyer-carpas-asiaticas-1081x1536.jpeg 1081w, https:\/\/caru.org.uy\/nuevositio\/wp-content\/uploads\/2026\/04\/Flyer-carpas-asiaticas.jpeg 1126w\" sizes=\"(max-width: 721px) 100vw, 721px\" \/><\/figure>\n\n\n\n<p><\/p>\n\n\n\n<p><\/p>\n\n\n\n<p>La Comisi\u00f3n Administradora del R\u00edo Uruguay (CARU) informa que durante el a\u00f1o 2025 se ha registrado un incremento en las capturas de carpas asi\u00e1ticas en el tramo medio e inferior del r\u00edo Uruguay, tanto por parte de pescadores artesanales como deportivos.<\/p>\n\n\n\n<p>Las especies identificadas corresponden a carpa plateada (Hypophthalmichthys molitrix) y carpa cabezona (Hypophthalmichthys nobilis), peces ex\u00f3ticos que requieren seguimiento debido a su potencial impacto sobre los ecosistemas acu\u00e1ticos y las especies nativas.<\/p>\n\n\n\n<p>Con el objetivo de fortalecer la identificaci\u00f3n adecuada de ejemplares, CARU difunde criterios t\u00e9cnicos b\u00e1sicos que permiten diferenciarlas, considerando caracter\u00edsticas morfol\u00f3gicas tales como la posici\u00f3n de los ojos, la presencia o ausencia de manchas corporales y la longitud de las aletas pectorales.<\/p>\n\n\n\n<p>Asimismo, se exhorta a la poblaci\u00f3n usuaria del r\u00edo que, ante la captura de ejemplares de carpas asi\u00e1ticas, no los devuelva al agua y comunique la situaci\u00f3n a la instituci\u00f3n, procurando, de ser posible, preservar el ejemplar entero, a efectos de contribuir al relevamiento t\u00e9cnico y al an\u00e1lisis cient\u00edfico de la especie.<\/p>\n\n\n\n<p>Estas acciones forman parte del compromiso permanente de CARU con la protecci\u00f3n del ecosistema del r\u00edo Uruguay, la gesti\u00f3n responsable de los recursos naturales y la generaci\u00f3n de informaci\u00f3n t\u00e9cnica para la toma de decisiones.<\/p>\n\n\n\n<p>Para reportes o consultas, se encuentra disponible la Coordinaci\u00f3n de Pesca de CARU a trav\u00e9s de los canales institucionales de contacto.<\/p>\n","protected":false},"excerpt":{"rendered":"<p>La Comisi\u00f3n Administradora del R\u00edo Uruguay (CARU) informa que durante el a\u00f1o 2025 se ha registrado un incremento en las capturas de carpas asi\u00e1ticas en el tramo medio e inferior del r\u00edo Uruguay, tanto por parte de pescadores artesanales como deportivos. Las especies identificadas corresponden a carpa plateada (Hypophthalmichthys molitrix) y carpa cabezona (Hypophthalmichthys nobilis), [&hellip;]<\/p>\n","protected":false},"author":12,"featured_media":12486,"comment_status":"open","ping_status":"open","sticky":false,"template":"","format":"standard","meta":{"_acf_changed":false,"_joinchat":[],"footnotes":""},"categories":[],"tags":[],"class_list":["post-12570","post","type-post","status-publish","format-standard","has-post-thumbnail","hentry"],"acf":[],"yoast_head":"<!-- This site is optimized with the Yoast SEO plugin v27.3 - https:\/\/yoast.com\/product\/yoast-seo-wordpress\/ -->\n<title>Carpas Asi\u00e1ticas en el r\u00edo Uruguay; Recordamos en el margen de la semana de turismo. % C.A.R.U. imagen<\/title>\n<meta name=\"robots\" content=\"index, follow, max-snippet:-1, max-image-preview:large, max-video-preview:-1\" \/>\n<link rel=\"canonical\" href=\"https:\/\/caru.org.uy\/nuevositio\/2026\/04\/02\/carpas-asiaticas-en-el-rio-uruguay-recordamos-en-el-margen-de-la-semana-de-turismo\/\" \/>\n<meta property=\"og:locale\" content=\"es_ES\" \/>\n<meta property=\"og:type\" content=\"article\" \/>\n<meta property=\"og:title\" content=\"Carpas Asi\u00e1ticas en el r\u00edo Uruguay; Recordamos en el margen de la semana de turismo. % C.A.R.U. imagen\" \/>\n<meta property=\"og:description\" content=\"La Comisi\u00f3n Administradora del R\u00edo Uruguay (CARU) informa que durante el a\u00f1o 2025 se ha registrado un incremento en las capturas de carpas asi\u00e1ticas en el tramo medio e inferior del r\u00edo Uruguay, tanto por parte de pescadores artesanales como deportivos. Las especies identificadas corresponden a carpa plateada (Hypophthalmichthys molitrix) y carpa cabezona (Hypophthalmichthys nobilis), [&hellip;]\" \/>\n<meta property=\"og:url\" content=\"https:\/\/caru.org.uy\/nuevositio\/2026\/04\/02\/carpas-asiaticas-en-el-rio-uruguay-recordamos-en-el-margen-de-la-semana-de-turismo\/\" \/>\n<meta property=\"og:site_name\" content=\"C.A.R.U.\" \/>\n<meta property=\"article:published_time\" content=\"2026-04-02T03:05:55+00:00\" \/>\n<meta property=\"og:image\" content=\"https:\/\/caru.org.uy\/nuevositio\/wp-content\/uploads\/2026\/01\/Flyer-carpas-asiaticas-e1769176937573.jpeg\" \/>\n\t<meta property=\"og:image:width\" content=\"1125\" \/>\n\t<meta property=\"og:image:height\" content=\"427\" \/>\n\t<meta property=\"og:image:type\" content=\"image\/jpeg\" \/>\n<meta name=\"author\" content=\"Federico\" \/>\n<meta name=\"twitter:card\" content=\"summary_large_image\" \/>\n<meta name=\"twitter:label1\" content=\"Escrito por\" \/>\n\t<meta name=\"twitter:data1\" content=\"Federico\" \/>\n\t<meta name=\"twitter:label2\" content=\"Tiempo de lectura\" \/>\n\t<meta name=\"twitter:data2\" content=\"2 minutos\" \/>\n<script type=\"application\/ld+json\" class=\"yoast-schema-graph\">{\"@context\":\"https:\\\/\\\/schema.org\",\"@graph\":[{\"@type\":[\"Article\",\"BlogPosting\"],\"@id\":\"https:\\\/\\\/caru.org.uy\\\/nuevositio\\\/2026\\\/04\\\/02\\\/carpas-asiaticas-en-el-rio-uruguay-recordamos-en-el-margen-de-la-semana-de-turismo\\\/#article\",\"isPartOf\":{\"@id\":\"https:\\\/\\\/caru.org.uy\\\/nuevositio\\\/2026\\\/04\\\/02\\\/carpas-asiaticas-en-el-rio-uruguay-recordamos-en-el-margen-de-la-semana-de-turismo\\\/\"},\"author\":{\"name\":\"Federico\",\"@id\":\"https:\\\/\\\/caru.org.uy\\\/nuevositio\\\/#\\\/schema\\\/person\\\/fba625b864836c52fe4d995c9dc2869d\"},\"headline\":\"Carpas Asi\u00e1ticas en el r\u00edo Uruguay; Recordamos en el margen de la semana de turismo.\",\"datePublished\":\"2026-04-02T03:05:55+00:00\",\"mainEntityOfPage\":{\"@id\":\"https:\\\/\\\/caru.org.uy\\\/nuevositio\\\/2026\\\/04\\\/02\\\/carpas-asiaticas-en-el-rio-uruguay-recordamos-en-el-margen-de-la-semana-de-turismo\\\/\"},\"wordCount\":268,\"commentCount\":0,\"publisher\":{\"@id\":\"https:\\\/\\\/caru.org.uy\\\/nuevositio\\\/#organization\"},\"image\":{\"@id\":\"https:\\\/\\\/caru.org.uy\\\/nuevositio\\\/2026\\\/04\\\/02\\\/carpas-asiaticas-en-el-rio-uruguay-recordamos-en-el-margen-de-la-semana-de-turismo\\\/#primaryimage\"},\"thumbnailUrl\":\"https:\\\/\\\/caru.org.uy\\\/nuevositio\\\/wp-content\\\/uploads\\\/2026\\\/01\\\/Flyer-carpas-asiaticas-e1769176937573.jpeg\",\"inLanguage\":\"es\",\"potentialAction\":[{\"@type\":\"CommentAction\",\"name\":\"Comment\",\"target\":[\"https:\\\/\\\/caru.org.uy\\\/nuevositio\\\/2026\\\/04\\\/02\\\/carpas-asiaticas-en-el-rio-uruguay-recordamos-en-el-margen-de-la-semana-de-turismo\\\/#respond\"]}]},{\"@type\":\"WebPage\",\"@id\":\"https:\\\/\\\/caru.org.uy\\\/nuevositio\\\/2026\\\/04\\\/02\\\/carpas-asiaticas-en-el-rio-uruguay-recordamos-en-el-margen-de-la-semana-de-turismo\\\/\",\"url\":\"https:\\\/\\\/caru.org.uy\\\/nuevositio\\\/2026\\\/04\\\/02\\\/carpas-asiaticas-en-el-rio-uruguay-recordamos-en-el-margen-de-la-semana-de-turismo\\\/\",\"name\":\"Carpas Asi\u00e1ticas en el r\u00edo Uruguay; Recordamos en el margen de la semana de turismo. % C.A.R.U. imagen\",\"isPartOf\":{\"@id\":\"https:\\\/\\\/caru.org.uy\\\/nuevositio\\\/#website\"},\"primaryImageOfPage\":{\"@id\":\"https:\\\/\\\/caru.org.uy\\\/nuevositio\\\/2026\\\/04\\\/02\\\/carpas-asiaticas-en-el-rio-uruguay-recordamos-en-el-margen-de-la-semana-de-turismo\\\/#primaryimage\"},\"image\":{\"@id\":\"https:\\\/\\\/caru.org.uy\\\/nuevositio\\\/2026\\\/04\\\/02\\\/carpas-asiaticas-en-el-rio-uruguay-recordamos-en-el-margen-de-la-semana-de-turismo\\\/#primaryimage\"},\"thumbnailUrl\":\"https:\\\/\\\/caru.org.uy\\\/nuevositio\\\/wp-content\\\/uploads\\\/2026\\\/01\\\/Flyer-carpas-asiaticas-e1769176937573.jpeg\",\"datePublished\":\"2026-04-02T03:05:55+00:00\",\"breadcrumb\":{\"@id\":\"https:\\\/\\\/caru.org.uy\\\/nuevositio\\\/2026\\\/04\\\/02\\\/carpas-asiaticas-en-el-rio-uruguay-recordamos-en-el-margen-de-la-semana-de-turismo\\\/#breadcrumb\"},\"inLanguage\":\"es\",\"potentialAction\":[{\"@type\":\"ReadAction\",\"target\":[\"https:\\\/\\\/caru.org.uy\\\/nuevositio\\\/2026\\\/04\\\/02\\\/carpas-asiaticas-en-el-rio-uruguay-recordamos-en-el-margen-de-la-semana-de-turismo\\\/\"]}]},{\"@type\":\"ImageObject\",\"inLanguage\":\"es\",\"@id\":\"https:\\\/\\\/caru.org.uy\\\/nuevositio\\\/2026\\\/04\\\/02\\\/carpas-asiaticas-en-el-rio-uruguay-recordamos-en-el-margen-de-la-semana-de-turismo\\\/#primaryimage\",\"url\":\"https:\\\/\\\/caru.org.uy\\\/nuevositio\\\/wp-content\\\/uploads\\\/2026\\\/01\\\/Flyer-carpas-asiaticas-e1769176937573.jpeg\",\"contentUrl\":\"https:\\\/\\\/caru.org.uy\\\/nuevositio\\\/wp-content\\\/uploads\\\/2026\\\/01\\\/Flyer-carpas-asiaticas-e1769176937573.jpeg\",\"width\":1125,\"height\":427},{\"@type\":\"BreadcrumbList\",\"@id\":\"https:\\\/\\\/caru.org.uy\\\/nuevositio\\\/2026\\\/04\\\/02\\\/carpas-asiaticas-en-el-rio-uruguay-recordamos-en-el-margen-de-la-semana-de-turismo\\\/#breadcrumb\",\"itemListElement\":[{\"@type\":\"ListItem\",\"position\":1,\"name\":\"Portada\",\"item\":\"https:\\\/\\\/caru.org.uy\\\/nuevositio\\\/\"},{\"@type\":\"ListItem\",\"position\":2,\"name\":\"Carpas Asi\u00e1ticas en el r\u00edo Uruguay; Recordamos en el margen de la semana de turismo.\"}]},{\"@type\":\"WebSite\",\"@id\":\"https:\\\/\\\/caru.org.uy\\\/nuevositio\\\/#website\",\"url\":\"https:\\\/\\\/caru.org.uy\\\/nuevositio\\\/\",\"name\":\"C.A.R.U.\",\"description\":\"Comisi\u00f3n Administradora del R\u00edo Uruguay\",\"publisher\":{\"@id\":\"https:\\\/\\\/caru.org.uy\\\/nuevositio\\\/#organization\"},\"potentialAction\":[{\"@type\":\"SearchAction\",\"target\":{\"@type\":\"EntryPoint\",\"urlTemplate\":\"https:\\\/\\\/caru.org.uy\\\/nuevositio\\\/?s={search_term_string}\"},\"query-input\":{\"@type\":\"PropertyValueSpecification\",\"valueRequired\":true,\"valueName\":\"search_term_string\"}}],\"inLanguage\":\"es\"},{\"@type\":\"Organization\",\"@id\":\"https:\\\/\\\/caru.org.uy\\\/nuevositio\\\/#organization\",\"name\":\"C.A.R.U.\",\"url\":\"https:\\\/\\\/caru.org.uy\\\/nuevositio\\\/\",\"logo\":{\"@type\":\"ImageObject\",\"inLanguage\":\"es\",\"@id\":\"https:\\\/\\\/caru.org.uy\\\/nuevositio\\\/#\\\/schema\\\/logo\\\/image\\\/\",\"url\":\"https:\\\/\\\/caru.org.uy\\\/nuevositio\\\/wp-content\\\/uploads\\\/2023\\\/11\\\/logo-nuevo.jpg\",\"contentUrl\":\"https:\\\/\\\/caru.org.uy\\\/nuevositio\\\/wp-content\\\/uploads\\\/2023\\\/11\\\/logo-nuevo.jpg\",\"width\":1,\"height\":1,\"caption\":\"C.A.R.U.\"},\"image\":{\"@id\":\"https:\\\/\\\/caru.org.uy\\\/nuevositio\\\/#\\\/schema\\\/logo\\\/image\\\/\"}},{\"@type\":\"Person\",\"@id\":\"https:\\\/\\\/caru.org.uy\\\/nuevositio\\\/#\\\/schema\\\/person\\\/fba625b864836c52fe4d995c9dc2869d\",\"name\":\"Federico\",\"image\":{\"@type\":\"ImageObject\",\"inLanguage\":\"es\",\"@id\":\"https:\\\/\\\/secure.gravatar.com\\\/avatar\\\/542d68923246b6c29256d811c3ce7f803fe17d6a190c813a52ef45fcda4733ad?s=96&d=mm&r=g\",\"url\":\"https:\\\/\\\/secure.gravatar.com\\\/avatar\\\/542d68923246b6c29256d811c3ce7f803fe17d6a190c813a52ef45fcda4733ad?s=96&d=mm&r=g\",\"contentUrl\":\"https:\\\/\\\/secure.gravatar.com\\\/avatar\\\/542d68923246b6c29256d811c3ce7f803fe17d6a190c813a52ef45fcda4733ad?s=96&d=mm&r=g\",\"caption\":\"Federico\"},\"url\":\"https:\\\/\\\/caru.org.uy\\\/nuevositio\\\/author\\\/federico\\\/\"}]}<\/script>\n<!-- \/ Yoast SEO plugin. -->","yoast_head_json":{"title":"Carpas Asi\u00e1ticas en el r\u00edo Uruguay; Recordamos en el margen de la semana de turismo. % C.A.R.U. imagen","robots":{"index":"index","follow":"follow","max-snippet":"max-snippet:-1","max-image-preview":"max-image-preview:large","max-video-preview":"max-video-preview:-1"},"canonical":"https:\/\/caru.org.uy\/nuevositio\/2026\/04\/02\/carpas-asiaticas-en-el-rio-uruguay-recordamos-en-el-margen-de-la-semana-de-turismo\/","og_locale":"es_ES","og_type":"article","og_title":"Carpas Asi\u00e1ticas en el r\u00edo Uruguay; Recordamos en el margen de la semana de turismo. % C.A.R.U. imagen","og_description":"La Comisi\u00f3n Administradora del R\u00edo Uruguay (CARU) informa que durante el a\u00f1o 2025 se ha registrado un incremento en las capturas de carpas asi\u00e1ticas en el tramo medio e inferior del r\u00edo Uruguay, tanto por parte de pescadores artesanales como deportivos. Las especies identificadas corresponden a carpa plateada (Hypophthalmichthys molitrix) y carpa cabezona (Hypophthalmichthys nobilis), [&hellip;]","og_url":"https:\/\/caru.org.uy\/nuevositio\/2026\/04\/02\/carpas-asiaticas-en-el-rio-uruguay-recordamos-en-el-margen-de-la-semana-de-turismo\/","og_site_name":"C.A.R.U.","article_published_time":"2026-04-02T03:05:55+00:00","og_image":[{"width":1125,"height":427,"url":"https:\/\/caru.org.uy\/nuevositio\/wp-content\/uploads\/2026\/01\/Flyer-carpas-asiaticas-e1769176937573.jpeg","type":"image\/jpeg"}],"author":"Federico","twitter_card":"summary_large_image","twitter_misc":{"Escrito por":"Federico","Tiempo de lectura":"2 minutos"},"schema":{"@context":"https:\/\/schema.org","@graph":[{"@type":["Article","BlogPosting"],"@id":"https:\/\/caru.org.uy\/nuevositio\/2026\/04\/02\/carpas-asiaticas-en-el-rio-uruguay-recordamos-en-el-margen-de-la-semana-de-turismo\/#article","isPartOf":{"@id":"https:\/\/caru.org.uy\/nuevositio\/2026\/04\/02\/carpas-asiaticas-en-el-rio-uruguay-recordamos-en-el-margen-de-la-semana-de-turismo\/"},"author":{"name":"Federico","@id":"https:\/\/caru.org.uy\/nuevositio\/#\/schema\/person\/fba625b864836c52fe4d995c9dc2869d"},"headline":"Carpas Asi\u00e1ticas en el r\u00edo Uruguay; Recordamos en el margen de la semana de turismo.","datePublished":"2026-04-02T03:05:55+00:00","mainEntityOfPage":{"@id":"https:\/\/caru.org.uy\/nuevositio\/2026\/04\/02\/carpas-asiaticas-en-el-rio-uruguay-recordamos-en-el-margen-de-la-semana-de-turismo\/"},"wordCount":268,"commentCount":0,"publisher":{"@id":"https:\/\/caru.org.uy\/nuevositio\/#organization"},"image":{"@id":"https:\/\/caru.org.uy\/nuevositio\/2026\/04\/02\/carpas-asiaticas-en-el-rio-uruguay-recordamos-en-el-margen-de-la-semana-de-turismo\/#primaryimage"},"thumbnailUrl":"https:\/\/caru.org.uy\/nuevositio\/wp-content\/uploads\/2026\/01\/Flyer-carpas-asiaticas-e1769176937573.jpeg","inLanguage":"es","potentialAction":[{"@type":"CommentAction","name":"Comment","target":["https:\/\/caru.org.uy\/nuevositio\/2026\/04\/02\/carpas-asiaticas-en-el-rio-uruguay-recordamos-en-el-margen-de-la-semana-de-turismo\/#respond"]}]},{"@type":"WebPage","@id":"https:\/\/caru.org.uy\/nuevositio\/2026\/04\/02\/carpas-asiaticas-en-el-rio-uruguay-recordamos-en-el-margen-de-la-semana-de-turismo\/","url":"https:\/\/caru.org.uy\/nuevositio\/2026\/04\/02\/carpas-asiaticas-en-el-rio-uruguay-recordamos-en-el-margen-de-la-semana-de-turismo\/","name":"Carpas Asi\u00e1ticas en el r\u00edo Uruguay; Recordamos en el margen de la semana de turismo. % C.A.R.U. imagen","isPartOf":{"@id":"https:\/\/caru.org.uy\/nuevositio\/#website"},"primaryImageOfPage":{"@id":"https:\/\/caru.org.uy\/nuevositio\/2026\/04\/02\/carpas-asiaticas-en-el-rio-uruguay-recordamos-en-el-margen-de-la-semana-de-turismo\/#primaryimage"},"image":{"@id":"https:\/\/caru.org.uy\/nuevositio\/2026\/04\/02\/carpas-asiaticas-en-el-rio-uruguay-recordamos-en-el-margen-de-la-semana-de-turismo\/#primaryimage"},"thumbnailUrl":"https:\/\/caru.org.uy\/nuevositio\/wp-content\/uploads\/2026\/01\/Flyer-carpas-asiaticas-e1769176937573.jpeg","datePublished":"2026-04-02T03:05:55+00:00","breadcrumb":{"@id":"https:\/\/caru.org.uy\/nuevositio\/2026\/04\/02\/carpas-asiaticas-en-el-rio-uruguay-recordamos-en-el-margen-de-la-semana-de-turismo\/#breadcrumb"},"inLanguage":"es","potentialAction":[{"@type":"ReadAction","target":["https:\/\/caru.org.uy\/nuevositio\/2026\/04\/02\/carpas-asiaticas-en-el-rio-uruguay-recordamos-en-el-margen-de-la-semana-de-turismo\/"]}]},{"@type":"ImageObject","inLanguage":"es","@id":"https:\/\/caru.org.uy\/nuevositio\/2026\/04\/02\/carpas-asiaticas-en-el-rio-uruguay-recordamos-en-el-margen-de-la-semana-de-turismo\/#primaryimage","url":"https:\/\/caru.org.uy\/nuevositio\/wp-content\/uploads\/2026\/01\/Flyer-carpas-asiaticas-e1769176937573.jpeg","contentUrl":"https:\/\/caru.org.uy\/nuevositio\/wp-content\/uploads\/2026\/01\/Flyer-carpas-asiaticas-e1769176937573.jpeg","width":1125,"height":427},{"@type":"BreadcrumbList","@id":"https:\/\/caru.org.uy\/nuevositio\/2026\/04\/02\/carpas-asiaticas-en-el-rio-uruguay-recordamos-en-el-margen-de-la-semana-de-turismo\/#breadcrumb","itemListElement":[{"@type":"ListItem","position":1,"name":"Portada","item":"https:\/\/caru.org.uy\/nuevositio\/"},{"@type":"ListItem","position":2,"name":"Carpas Asi\u00e1ticas en el r\u00edo Uruguay; Recordamos en el margen de la semana de turismo."}]},{"@type":"WebSite","@id":"https:\/\/caru.org.uy\/nuevositio\/#website","url":"https:\/\/caru.org.uy\/nuevositio\/","name":"C.A.R.U.","description":"Comisi\u00f3n Administradora del R\u00edo Uruguay","publisher":{"@id":"https:\/\/caru.org.uy\/nuevositio\/#organization"},"potentialAction":[{"@type":"SearchAction","target":{"@type":"EntryPoint","urlTemplate":"https:\/\/caru.org.uy\/nuevositio\/?s={search_term_string}"},"query-input":{"@type":"PropertyValueSpecification","valueRequired":true,"valueName":"search_term_string"}}],"inLanguage":"es"},{"@type":"Organization","@id":"https:\/\/caru.org.uy\/nuevositio\/#organization","name":"C.A.R.U.","url":"https:\/\/caru.org.uy\/nuevositio\/","logo":{"@type":"ImageObject","inLanguage":"es","@id":"https:\/\/caru.org.uy\/nuevositio\/#\/schema\/logo\/image\/","url":"https:\/\/caru.org.uy\/nuevositio\/wp-content\/uploads\/2023\/11\/logo-nuevo.jpg","contentUrl":"https:\/\/caru.org.uy\/nuevositio\/wp-content\/uploads\/2023\/11\/logo-nuevo.jpg","width":1,"height":1,"caption":"C.A.R.U."},"image":{"@id":"https:\/\/caru.org.uy\/nuevositio\/#\/schema\/logo\/image\/"}},{"@type":"Person","@id":"https:\/\/caru.org.uy\/nuevositio\/#\/schema\/person\/fba625b864836c52fe4d995c9dc2869d","name":"Federico","image":{"@type":"ImageObject","inLanguage":"es","@id":"https:\/\/secure.gravatar.com\/avatar\/542d68923246b6c29256d811c3ce7f803fe17d6a190c813a52ef45fcda4733ad?s=96&d=mm&r=g","url":"https:\/\/secure.gravatar.com\/avatar\/542d68923246b6c29256d811c3ce7f803fe17d6a190c813a52ef45fcda4733ad?s=96&d=mm&r=g","contentUrl":"https:\/\/secure.gravatar.com\/avatar\/542d68923246b6c29256d811c3ce7f803fe17d6a190c813a52ef45fcda4733ad?s=96&d=mm&r=g","caption":"Federico"},"url":"https:\/\/caru.org.uy\/nuevositio\/author\/federico\/"}]}},"_links":{"self":[{"href":"https:\/\/caru.org.uy\/nuevositio\/wp-json\/wp\/v2\/posts\/12570","targetHints":{"allow":["GET"]}}],"collection":[{"href":"https:\/\/caru.org.uy\/nuevositio\/wp-json\/wp\/v2\/posts"}],"about":[{"href":"https:\/\/caru.org.uy\/nuevositio\/wp-json\/wp\/v2\/types\/post"}],"author":[{"embeddable":true,"href":"https:\/\/caru.org.uy\/nuevositio\/wp-json\/wp\/v2\/users\/12"}],"replies":[{"embeddable":true,"href":"https:\/\/caru.org.uy\/nuevositio\/wp-json\/wp\/v2\/comments?post=12570"}],"version-history":[{"count":1,"href":"https:\/\/caru.org.uy\/nuevositio\/wp-json\/wp\/v2\/posts\/12570\/revisions"}],"predecessor-version":[{"id":12572,"href":"https:\/\/caru.org.uy\/nuevositio\/wp-json\/wp\/v2\/posts\/12570\/revisions\/12572"}],"wp:featuredmedia":[{"embeddable":true,"href":"https:\/\/caru.org.uy\/nuevositio\/wp-json\/wp\/v2\/media\/12486"}],"wp:attachment":[{"href":"https:\/\/caru.org.uy\/nuevositio\/wp-json\/wp\/v2\/media?parent=12570"}],"wp:term":[{"taxonomy":"category","embeddable":true,"href":"https:\/\/caru.org.uy\/nuevositio\/wp-json\/wp\/v2\/categories?post=12570"},{"taxonomy":"post_tag","embeddable":true,"href":"https:\/\/caru.org.uy\/nuevositio\/wp-json\/wp\/v2\/tags?post=12570"}],"curies":[{"name":"wp","href":"https:\/\/api.w.org\/{rel}","templated":true}]}}