{"id":12584,"date":"2026-04-16T14:23:49","date_gmt":"2026-04-16T17:23:49","guid":{"rendered":"https:\/\/caru.org.uy\/nuevositio\/?p=12584"},"modified":"2026-04-16T14:24:00","modified_gmt":"2026-04-16T17:24:00","slug":"la-comision-administradora-del-rio-uruguay-caru-fue-sede-de-la-conferencia-de-lanzamiento-de-las-iii-jornadas-binacionales-de-docentes-de-educacion-superior-del-rio-uruguay-argentina-urugua","status":"publish","type":"post","link":"https:\/\/caru.org.uy\/nuevositio\/2026\/04\/16\/la-comision-administradora-del-rio-uruguay-caru-fue-sede-de-la-conferencia-de-lanzamiento-de-las-iii-jornadas-binacionales-de-docentes-de-educacion-superior-del-rio-uruguay-argentina-urugua\/","title":{"rendered":"La Comisi\u00f3n Administradora del R\u00edo Uruguay (CARU) fue sede de la conferencia de lanzamiento de las III Jornadas Binacionales de Docentes de Educaci\u00f3n Superior del R\u00edo Uruguay (Argentina\u2013Uruguay) y de las III Jornadas Trinacionales de Educaci\u00f3n Superior (Argentina\u2013Uruguay\u2013Brasil)."},"content":{"rendered":"\n<p>La instancia marc\u00f3 el inicio de una nueva edici\u00f3n de este espacio acad\u00e9mico regional, orientado al encuentro, intercambio y construcci\u00f3n conjunta de conocimiento entre instituciones de educaci\u00f3n superior de la regi\u00f3n.<\/p>\n\n\n\n<p>La actividad reafirma el compromiso de la CARU con la promoci\u00f3n de iniciativas de cooperaci\u00f3n binacional y regional, contribuyendo al fortalecimiento de los v\u00ednculos acad\u00e9micos y al desarrollo educativo en el \u00e1mbito del r\u00edo Uruguay.<\/p>\n\n\n\n<p>En este marco, la presidenta de la CARU, Dra. Mar\u00eda Cecilia Bottino Fiuiri, se\u00f1al\u00f3 que la impronta de esta presidencia es abrir las puertas hacia la comunidad y procurar conectarse con los pueblos ribere\u00f1os de las m\u00e1s diversas maneras. No se trata de una pose pol\u00edtica o de un \u201cmomento de democratizaci\u00f3n\u201d de la instituci\u00f3n, sino de la profunda convicci\u00f3n de que as\u00ed se construyen instituciones p\u00fablicas y se fortalece la democracia a nivel local, nacional y regional.<\/p>\n\n\n\n<figure class=\"wp-block-image size-large\"><img fetchpriority=\"high\" decoding=\"async\" width=\"1024\" height=\"683\" src=\"https:\/\/caru.org.uy\/nuevositio\/wp-content\/uploads\/2026\/04\/unnamed-1-1024x683.jpg\" alt=\"\" class=\"wp-image-12585\" srcset=\"https:\/\/caru.org.uy\/nuevositio\/wp-content\/uploads\/2026\/04\/unnamed-1-1024x683.jpg 1024w, https:\/\/caru.org.uy\/nuevositio\/wp-content\/uploads\/2026\/04\/unnamed-1-300x200.jpg 300w, https:\/\/caru.org.uy\/nuevositio\/wp-content\/uploads\/2026\/04\/unnamed-1-768x512.jpg 768w, https:\/\/caru.org.uy\/nuevositio\/wp-content\/uploads\/2026\/04\/unnamed-1-1536x1024.jpg 1536w, https:\/\/caru.org.uy\/nuevositio\/wp-content\/uploads\/2026\/04\/unnamed-1-2048x1365.jpg 2048w\" sizes=\"(max-width: 1024px) 100vw, 1024px\" \/><\/figure>\n\n\n\n<figure class=\"wp-block-image size-large\"><img decoding=\"async\" width=\"1024\" height=\"683\" src=\"https:\/\/caru.org.uy\/nuevositio\/wp-content\/uploads\/2026\/04\/unnamed-2-1024x683.jpg\" alt=\"\" class=\"wp-image-12586\" srcset=\"https:\/\/caru.org.uy\/nuevositio\/wp-content\/uploads\/2026\/04\/unnamed-2-1024x683.jpg 1024w, https:\/\/caru.org.uy\/nuevositio\/wp-content\/uploads\/2026\/04\/unnamed-2-300x200.jpg 300w, https:\/\/caru.org.uy\/nuevositio\/wp-content\/uploads\/2026\/04\/unnamed-2-768x512.jpg 768w, https:\/\/caru.org.uy\/nuevositio\/wp-content\/uploads\/2026\/04\/unnamed-2-1536x1024.jpg 1536w, https:\/\/caru.org.uy\/nuevositio\/wp-content\/uploads\/2026\/04\/unnamed-2-2048x1365.jpg 2048w\" sizes=\"(max-width: 1024px) 100vw, 1024px\" \/><\/figure>\n\n\n\n<figure class=\"wp-block-image size-large\"><img decoding=\"async\" width=\"1024\" height=\"683\" src=\"https:\/\/caru.org.uy\/nuevositio\/wp-content\/uploads\/2026\/04\/unnamed-3-1024x683.jpg\" alt=\"\" class=\"wp-image-12587\" srcset=\"https:\/\/caru.org.uy\/nuevositio\/wp-content\/uploads\/2026\/04\/unnamed-3-1024x683.jpg 1024w, https:\/\/caru.org.uy\/nuevositio\/wp-content\/uploads\/2026\/04\/unnamed-3-300x200.jpg 300w, https:\/\/caru.org.uy\/nuevositio\/wp-content\/uploads\/2026\/04\/unnamed-3-768x512.jpg 768w, https:\/\/caru.org.uy\/nuevositio\/wp-content\/uploads\/2026\/04\/unnamed-3-1536x1024.jpg 1536w, https:\/\/caru.org.uy\/nuevositio\/wp-content\/uploads\/2026\/04\/unnamed-3-2048x1365.jpg 2048w\" sizes=\"(max-width: 1024px) 100vw, 1024px\" \/><\/figure>\n\n\n\n<figure class=\"wp-block-image size-large\"><img loading=\"lazy\" decoding=\"async\" width=\"1024\" height=\"683\" src=\"https:\/\/caru.org.uy\/nuevositio\/wp-content\/uploads\/2026\/04\/unnamed-1024x683.jpg\" alt=\"\" class=\"wp-image-12588\" srcset=\"https:\/\/caru.org.uy\/nuevositio\/wp-content\/uploads\/2026\/04\/unnamed-1024x683.jpg 1024w, https:\/\/caru.org.uy\/nuevositio\/wp-content\/uploads\/2026\/04\/unnamed-300x200.jpg 300w, https:\/\/caru.org.uy\/nuevositio\/wp-content\/uploads\/2026\/04\/unnamed-768x512.jpg 768w, https:\/\/caru.org.uy\/nuevositio\/wp-content\/uploads\/2026\/04\/unnamed-1536x1024.jpg 1536w, https:\/\/caru.org.uy\/nuevositio\/wp-content\/uploads\/2026\/04\/unnamed-2048x1365.jpg 2048w\" sizes=\"(max-width: 1024px) 100vw, 1024px\" \/><\/figure>\n","protected":false},"excerpt":{"rendered":"<p>La instancia marc\u00f3 el inicio de una nueva edici\u00f3n de este espacio acad\u00e9mico regional, orientado al encuentro, intercambio y construcci\u00f3n conjunta de conocimiento entre instituciones de educaci\u00f3n superior de la regi\u00f3n. La actividad reafirma el compromiso de la CARU con la promoci\u00f3n de iniciativas de cooperaci\u00f3n binacional y regional, contribuyendo al fortalecimiento de los v\u00ednculos [&hellip;]<\/p>\n","protected":false},"author":12,"featured_media":12585,"comment_status":"open","ping_status":"open","sticky":false,"template":"","format":"standard","meta":{"_acf_changed":false,"_joinchat":[],"footnotes":""},"categories":[40,37,27],"tags":[],"class_list":["post-12584","post","type-post","status-publish","format-standard","has-post-thumbnail","hentry","category-destacada","category-noticias","category-novedades"],"acf":[],"yoast_head":"<!-- This site is optimized with the Yoast SEO plugin v27.3 - https:\/\/yoast.com\/product\/yoast-seo-wordpress\/ -->\n<title>La Comisi\u00f3n Administradora del R\u00edo Uruguay (CARU) fue sede de la conferencia de lanzamiento de las III Jornadas Binacionales de Docentes de Educaci\u00f3n Superior del R\u00edo Uruguay (Argentina\u2013Uruguay) y de las III Jornadas Trinacionales de Educaci\u00f3n Superior (Argentina\u2013Uruguay\u2013Brasil). % C.A.R.U. imagen<\/title>\n<meta name=\"robots\" content=\"index, follow, max-snippet:-1, max-image-preview:large, max-video-preview:-1\" \/>\n<link rel=\"canonical\" href=\"https:\/\/caru.org.uy\/nuevositio\/2026\/04\/16\/la-comision-administradora-del-rio-uruguay-caru-fue-sede-de-la-conferencia-de-lanzamiento-de-las-iii-jornadas-binacionales-de-docentes-de-educacion-superior-del-rio-uruguay-argentina-urugua\/\" \/>\n<meta property=\"og:locale\" content=\"es_ES\" \/>\n<meta property=\"og:type\" content=\"article\" \/>\n<meta property=\"og:title\" content=\"La Comisi\u00f3n Administradora del R\u00edo Uruguay (CARU) fue sede de la conferencia de lanzamiento de las III Jornadas Binacionales de Docentes de Educaci\u00f3n Superior del R\u00edo Uruguay (Argentina\u2013Uruguay) y de las III Jornadas Trinacionales de Educaci\u00f3n Superior (Argentina\u2013Uruguay\u2013Brasil). % C.A.R.U. imagen\" \/>\n<meta property=\"og:description\" content=\"La instancia marc\u00f3 el inicio de una nueva edici\u00f3n de este espacio acad\u00e9mico regional, orientado al encuentro, intercambio y construcci\u00f3n conjunta de conocimiento entre instituciones de educaci\u00f3n superior de la regi\u00f3n. La actividad reafirma el compromiso de la CARU con la promoci\u00f3n de iniciativas de cooperaci\u00f3n binacional y regional, contribuyendo al fortalecimiento de los v\u00ednculos [&hellip;]\" \/>\n<meta property=\"og:url\" content=\"https:\/\/caru.org.uy\/nuevositio\/2026\/04\/16\/la-comision-administradora-del-rio-uruguay-caru-fue-sede-de-la-conferencia-de-lanzamiento-de-las-iii-jornadas-binacionales-de-docentes-de-educacion-superior-del-rio-uruguay-argentina-urugua\/\" \/>\n<meta property=\"og:site_name\" content=\"C.A.R.U.\" \/>\n<meta property=\"article:published_time\" content=\"2026-04-16T17:23:49+00:00\" \/>\n<meta property=\"article:modified_time\" content=\"2026-04-16T17:24:00+00:00\" \/>\n<meta property=\"og:image\" content=\"https:\/\/caru.org.uy\/nuevositio\/wp-content\/uploads\/2026\/04\/unnamed-1-scaled.jpg\" \/>\n\t<meta property=\"og:image:width\" content=\"2560\" \/>\n\t<meta property=\"og:image:height\" content=\"1707\" \/>\n\t<meta property=\"og:image:type\" content=\"image\/jpeg\" \/>\n<meta name=\"author\" content=\"Federico\" \/>\n<meta name=\"twitter:card\" content=\"summary_large_image\" \/>\n<meta name=\"twitter:label1\" content=\"Escrito por\" \/>\n\t<meta name=\"twitter:data1\" content=\"Federico\" \/>\n\t<meta name=\"twitter:label2\" content=\"Tiempo de lectura\" \/>\n\t<meta name=\"twitter:data2\" content=\"2 minutos\" \/>\n<script type=\"application\/ld+json\" class=\"yoast-schema-graph\">{\"@context\":\"https:\\\/\\\/schema.org\",\"@graph\":[{\"@type\":[\"Article\",\"BlogPosting\"],\"@id\":\"https:\\\/\\\/caru.org.uy\\\/nuevositio\\\/2026\\\/04\\\/16\\\/la-comision-administradora-del-rio-uruguay-caru-fue-sede-de-la-conferencia-de-lanzamiento-de-las-iii-jornadas-binacionales-de-docentes-de-educacion-superior-del-rio-uruguay-argentina-urugua\\\/#article\",\"isPartOf\":{\"@id\":\"https:\\\/\\\/caru.org.uy\\\/nuevositio\\\/2026\\\/04\\\/16\\\/la-comision-administradora-del-rio-uruguay-caru-fue-sede-de-la-conferencia-de-lanzamiento-de-las-iii-jornadas-binacionales-de-docentes-de-educacion-superior-del-rio-uruguay-argentina-urugua\\\/\"},\"author\":{\"name\":\"Federico\",\"@id\":\"https:\\\/\\\/caru.org.uy\\\/nuevositio\\\/#\\\/schema\\\/person\\\/fba625b864836c52fe4d995c9dc2869d\"},\"headline\":\"La Comisi\u00f3n Administradora del R\u00edo Uruguay (CARU) fue sede de la conferencia de lanzamiento de las III Jornadas Binacionales de Docentes de Educaci\u00f3n Superior del R\u00edo Uruguay (Argentina\u2013Uruguay) y de las III Jornadas Trinacionales de Educaci\u00f3n Superior (Argentina\u2013Uruguay\u2013Brasil).\",\"datePublished\":\"2026-04-16T17:23:49+00:00\",\"dateModified\":\"2026-04-16T17:24:00+00:00\",\"mainEntityOfPage\":{\"@id\":\"https:\\\/\\\/caru.org.uy\\\/nuevositio\\\/2026\\\/04\\\/16\\\/la-comision-administradora-del-rio-uruguay-caru-fue-sede-de-la-conferencia-de-lanzamiento-de-las-iii-jornadas-binacionales-de-docentes-de-educacion-superior-del-rio-uruguay-argentina-urugua\\\/\"},\"wordCount\":209,\"commentCount\":0,\"publisher\":{\"@id\":\"https:\\\/\\\/caru.org.uy\\\/nuevositio\\\/#organization\"},\"image\":{\"@id\":\"https:\\\/\\\/caru.org.uy\\\/nuevositio\\\/2026\\\/04\\\/16\\\/la-comision-administradora-del-rio-uruguay-caru-fue-sede-de-la-conferencia-de-lanzamiento-de-las-iii-jornadas-binacionales-de-docentes-de-educacion-superior-del-rio-uruguay-argentina-urugua\\\/#primaryimage\"},\"thumbnailUrl\":\"https:\\\/\\\/caru.org.uy\\\/nuevositio\\\/wp-content\\\/uploads\\\/2026\\\/04\\\/unnamed-1-scaled.jpg\",\"articleSection\":[\"Destacada\",\"Noticias\",\"Novedades\"],\"inLanguage\":\"es\",\"potentialAction\":[{\"@type\":\"CommentAction\",\"name\":\"Comment\",\"target\":[\"https:\\\/\\\/caru.org.uy\\\/nuevositio\\\/2026\\\/04\\\/16\\\/la-comision-administradora-del-rio-uruguay-caru-fue-sede-de-la-conferencia-de-lanzamiento-de-las-iii-jornadas-binacionales-de-docentes-de-educacion-superior-del-rio-uruguay-argentina-urugua\\\/#respond\"]}]},{\"@type\":\"WebPage\",\"@id\":\"https:\\\/\\\/caru.org.uy\\\/nuevositio\\\/2026\\\/04\\\/16\\\/la-comision-administradora-del-rio-uruguay-caru-fue-sede-de-la-conferencia-de-lanzamiento-de-las-iii-jornadas-binacionales-de-docentes-de-educacion-superior-del-rio-uruguay-argentina-urugua\\\/\",\"url\":\"https:\\\/\\\/caru.org.uy\\\/nuevositio\\\/2026\\\/04\\\/16\\\/la-comision-administradora-del-rio-uruguay-caru-fue-sede-de-la-conferencia-de-lanzamiento-de-las-iii-jornadas-binacionales-de-docentes-de-educacion-superior-del-rio-uruguay-argentina-urugua\\\/\",\"name\":\"La Comisi\u00f3n Administradora del R\u00edo Uruguay (CARU) fue sede de la conferencia de lanzamiento de las III Jornadas Binacionales de Docentes de Educaci\u00f3n Superior del R\u00edo Uruguay (Argentina\u2013Uruguay) y de las III Jornadas Trinacionales de Educaci\u00f3n Superior (Argentina\u2013Uruguay\u2013Brasil). % C.A.R.U. imagen\",\"isPartOf\":{\"@id\":\"https:\\\/\\\/caru.org.uy\\\/nuevositio\\\/#website\"},\"primaryImageOfPage\":{\"@id\":\"https:\\\/\\\/caru.org.uy\\\/nuevositio\\\/2026\\\/04\\\/16\\\/la-comision-administradora-del-rio-uruguay-caru-fue-sede-de-la-conferencia-de-lanzamiento-de-las-iii-jornadas-binacionales-de-docentes-de-educacion-superior-del-rio-uruguay-argentina-urugua\\\/#primaryimage\"},\"image\":{\"@id\":\"https:\\\/\\\/caru.org.uy\\\/nuevositio\\\/2026\\\/04\\\/16\\\/la-comision-administradora-del-rio-uruguay-caru-fue-sede-de-la-conferencia-de-lanzamiento-de-las-iii-jornadas-binacionales-de-docentes-de-educacion-superior-del-rio-uruguay-argentina-urugua\\\/#primaryimage\"},\"thumbnailUrl\":\"https:\\\/\\\/caru.org.uy\\\/nuevositio\\\/wp-content\\\/uploads\\\/2026\\\/04\\\/unnamed-1-scaled.jpg\",\"datePublished\":\"2026-04-16T17:23:49+00:00\",\"dateModified\":\"2026-04-16T17:24:00+00:00\",\"breadcrumb\":{\"@id\":\"https:\\\/\\\/caru.org.uy\\\/nuevositio\\\/2026\\\/04\\\/16\\\/la-comision-administradora-del-rio-uruguay-caru-fue-sede-de-la-conferencia-de-lanzamiento-de-las-iii-jornadas-binacionales-de-docentes-de-educacion-superior-del-rio-uruguay-argentina-urugua\\\/#breadcrumb\"},\"inLanguage\":\"es\",\"potentialAction\":[{\"@type\":\"ReadAction\",\"target\":[\"https:\\\/\\\/caru.org.uy\\\/nuevositio\\\/2026\\\/04\\\/16\\\/la-comision-administradora-del-rio-uruguay-caru-fue-sede-de-la-conferencia-de-lanzamiento-de-las-iii-jornadas-binacionales-de-docentes-de-educacion-superior-del-rio-uruguay-argentina-urugua\\\/\"]}]},{\"@type\":\"ImageObject\",\"inLanguage\":\"es\",\"@id\":\"https:\\\/\\\/caru.org.uy\\\/nuevositio\\\/2026\\\/04\\\/16\\\/la-comision-administradora-del-rio-uruguay-caru-fue-sede-de-la-conferencia-de-lanzamiento-de-las-iii-jornadas-binacionales-de-docentes-de-educacion-superior-del-rio-uruguay-argentina-urugua\\\/#primaryimage\",\"url\":\"https:\\\/\\\/caru.org.uy\\\/nuevositio\\\/wp-content\\\/uploads\\\/2026\\\/04\\\/unnamed-1-scaled.jpg\",\"contentUrl\":\"https:\\\/\\\/caru.org.uy\\\/nuevositio\\\/wp-content\\\/uploads\\\/2026\\\/04\\\/unnamed-1-scaled.jpg\",\"width\":2560,\"height\":1707},{\"@type\":\"BreadcrumbList\",\"@id\":\"https:\\\/\\\/caru.org.uy\\\/nuevositio\\\/2026\\\/04\\\/16\\\/la-comision-administradora-del-rio-uruguay-caru-fue-sede-de-la-conferencia-de-lanzamiento-de-las-iii-jornadas-binacionales-de-docentes-de-educacion-superior-del-rio-uruguay-argentina-urugua\\\/#breadcrumb\",\"itemListElement\":[{\"@type\":\"ListItem\",\"position\":1,\"name\":\"Portada\",\"item\":\"https:\\\/\\\/caru.org.uy\\\/nuevositio\\\/\"},{\"@type\":\"ListItem\",\"position\":2,\"name\":\"La Comisi\u00f3n Administradora del R\u00edo Uruguay (CARU) fue sede de la conferencia de lanzamiento de las III Jornadas Binacionales de Docentes de Educaci\u00f3n Superior del R\u00edo Uruguay (Argentina\u2013Uruguay) y de las III Jornadas Trinacionales de Educaci\u00f3n Superior (Argentina\u2013Uruguay\u2013Brasil).\"}]},{\"@type\":\"WebSite\",\"@id\":\"https:\\\/\\\/caru.org.uy\\\/nuevositio\\\/#website\",\"url\":\"https:\\\/\\\/caru.org.uy\\\/nuevositio\\\/\",\"name\":\"C.A.R.U.\",\"description\":\"Comisi\u00f3n Administradora del R\u00edo Uruguay\",\"publisher\":{\"@id\":\"https:\\\/\\\/caru.org.uy\\\/nuevositio\\\/#organization\"},\"potentialAction\":[{\"@type\":\"SearchAction\",\"target\":{\"@type\":\"EntryPoint\",\"urlTemplate\":\"https:\\\/\\\/caru.org.uy\\\/nuevositio\\\/?s={search_term_string}\"},\"query-input\":{\"@type\":\"PropertyValueSpecification\",\"valueRequired\":true,\"valueName\":\"search_term_string\"}}],\"inLanguage\":\"es\"},{\"@type\":\"Organization\",\"@id\":\"https:\\\/\\\/caru.org.uy\\\/nuevositio\\\/#organization\",\"name\":\"C.A.R.U.\",\"url\":\"https:\\\/\\\/caru.org.uy\\\/nuevositio\\\/\",\"logo\":{\"@type\":\"ImageObject\",\"inLanguage\":\"es\",\"@id\":\"https:\\\/\\\/caru.org.uy\\\/nuevositio\\\/#\\\/schema\\\/logo\\\/image\\\/\",\"url\":\"https:\\\/\\\/caru.org.uy\\\/nuevositio\\\/wp-content\\\/uploads\\\/2023\\\/11\\\/logo-nuevo.jpg\",\"contentUrl\":\"https:\\\/\\\/caru.org.uy\\\/nuevositio\\\/wp-content\\\/uploads\\\/2023\\\/11\\\/logo-nuevo.jpg\",\"width\":1,\"height\":1,\"caption\":\"C.A.R.U.\"},\"image\":{\"@id\":\"https:\\\/\\\/caru.org.uy\\\/nuevositio\\\/#\\\/schema\\\/logo\\\/image\\\/\"}},{\"@type\":\"Person\",\"@id\":\"https:\\\/\\\/caru.org.uy\\\/nuevositio\\\/#\\\/schema\\\/person\\\/fba625b864836c52fe4d995c9dc2869d\",\"name\":\"Federico\",\"image\":{\"@type\":\"ImageObject\",\"inLanguage\":\"es\",\"@id\":\"https:\\\/\\\/secure.gravatar.com\\\/avatar\\\/542d68923246b6c29256d811c3ce7f803fe17d6a190c813a52ef45fcda4733ad?s=96&d=mm&r=g\",\"url\":\"https:\\\/\\\/secure.gravatar.com\\\/avatar\\\/542d68923246b6c29256d811c3ce7f803fe17d6a190c813a52ef45fcda4733ad?s=96&d=mm&r=g\",\"contentUrl\":\"https:\\\/\\\/secure.gravatar.com\\\/avatar\\\/542d68923246b6c29256d811c3ce7f803fe17d6a190c813a52ef45fcda4733ad?s=96&d=mm&r=g\",\"caption\":\"Federico\"},\"url\":\"https:\\\/\\\/caru.org.uy\\\/nuevositio\\\/author\\\/federico\\\/\"}]}<\/script>\n<!-- \/ Yoast SEO plugin. -->","yoast_head_json":{"title":"La Comisi\u00f3n Administradora del R\u00edo Uruguay (CARU) fue sede de la conferencia de lanzamiento de las III Jornadas Binacionales de Docentes de Educaci\u00f3n Superior del R\u00edo Uruguay (Argentina\u2013Uruguay) y de las III Jornadas Trinacionales de Educaci\u00f3n Superior (Argentina\u2013Uruguay\u2013Brasil). % C.A.R.U. imagen","robots":{"index":"index","follow":"follow","max-snippet":"max-snippet:-1","max-image-preview":"max-image-preview:large","max-video-preview":"max-video-preview:-1"},"canonical":"https:\/\/caru.org.uy\/nuevositio\/2026\/04\/16\/la-comision-administradora-del-rio-uruguay-caru-fue-sede-de-la-conferencia-de-lanzamiento-de-las-iii-jornadas-binacionales-de-docentes-de-educacion-superior-del-rio-uruguay-argentina-urugua\/","og_locale":"es_ES","og_type":"article","og_title":"La Comisi\u00f3n Administradora del R\u00edo Uruguay (CARU) fue sede de la conferencia de lanzamiento de las III Jornadas Binacionales de Docentes de Educaci\u00f3n Superior del R\u00edo Uruguay (Argentina\u2013Uruguay) y de las III Jornadas Trinacionales de Educaci\u00f3n Superior (Argentina\u2013Uruguay\u2013Brasil). % C.A.R.U. imagen","og_description":"La instancia marc\u00f3 el inicio de una nueva edici\u00f3n de este espacio acad\u00e9mico regional, orientado al encuentro, intercambio y construcci\u00f3n conjunta de conocimiento entre instituciones de educaci\u00f3n superior de la regi\u00f3n. La actividad reafirma el compromiso de la CARU con la promoci\u00f3n de iniciativas de cooperaci\u00f3n binacional y regional, contribuyendo al fortalecimiento de los v\u00ednculos [&hellip;]","og_url":"https:\/\/caru.org.uy\/nuevositio\/2026\/04\/16\/la-comision-administradora-del-rio-uruguay-caru-fue-sede-de-la-conferencia-de-lanzamiento-de-las-iii-jornadas-binacionales-de-docentes-de-educacion-superior-del-rio-uruguay-argentina-urugua\/","og_site_name":"C.A.R.U.","article_published_time":"2026-04-16T17:23:49+00:00","article_modified_time":"2026-04-16T17:24:00+00:00","og_image":[{"width":2560,"height":1707,"url":"https:\/\/caru.org.uy\/nuevositio\/wp-content\/uploads\/2026\/04\/unnamed-1-scaled.jpg","type":"image\/jpeg"}],"author":"Federico","twitter_card":"summary_large_image","twitter_misc":{"Escrito por":"Federico","Tiempo de lectura":"2 minutos"},"schema":{"@context":"https:\/\/schema.org","@graph":[{"@type":["Article","BlogPosting"],"@id":"https:\/\/caru.org.uy\/nuevositio\/2026\/04\/16\/la-comision-administradora-del-rio-uruguay-caru-fue-sede-de-la-conferencia-de-lanzamiento-de-las-iii-jornadas-binacionales-de-docentes-de-educacion-superior-del-rio-uruguay-argentina-urugua\/#article","isPartOf":{"@id":"https:\/\/caru.org.uy\/nuevositio\/2026\/04\/16\/la-comision-administradora-del-rio-uruguay-caru-fue-sede-de-la-conferencia-de-lanzamiento-de-las-iii-jornadas-binacionales-de-docentes-de-educacion-superior-del-rio-uruguay-argentina-urugua\/"},"author":{"name":"Federico","@id":"https:\/\/caru.org.uy\/nuevositio\/#\/schema\/person\/fba625b864836c52fe4d995c9dc2869d"},"headline":"La Comisi\u00f3n Administradora del R\u00edo Uruguay (CARU) fue sede de la conferencia de lanzamiento de las III Jornadas Binacionales de Docentes de Educaci\u00f3n Superior del R\u00edo Uruguay (Argentina\u2013Uruguay) y de las III Jornadas Trinacionales de Educaci\u00f3n Superior (Argentina\u2013Uruguay\u2013Brasil).","datePublished":"2026-04-16T17:23:49+00:00","dateModified":"2026-04-16T17:24:00+00:00","mainEntityOfPage":{"@id":"https:\/\/caru.org.uy\/nuevositio\/2026\/04\/16\/la-comision-administradora-del-rio-uruguay-caru-fue-sede-de-la-conferencia-de-lanzamiento-de-las-iii-jornadas-binacionales-de-docentes-de-educacion-superior-del-rio-uruguay-argentina-urugua\/"},"wordCount":209,"commentCount":0,"publisher":{"@id":"https:\/\/caru.org.uy\/nuevositio\/#organization"},"image":{"@id":"https:\/\/caru.org.uy\/nuevositio\/2026\/04\/16\/la-comision-administradora-del-rio-uruguay-caru-fue-sede-de-la-conferencia-de-lanzamiento-de-las-iii-jornadas-binacionales-de-docentes-de-educacion-superior-del-rio-uruguay-argentina-urugua\/#primaryimage"},"thumbnailUrl":"https:\/\/caru.org.uy\/nuevositio\/wp-content\/uploads\/2026\/04\/unnamed-1-scaled.jpg","articleSection":["Destacada","Noticias","Novedades"],"inLanguage":"es","potentialAction":[{"@type":"CommentAction","name":"Comment","target":["https:\/\/caru.org.uy\/nuevositio\/2026\/04\/16\/la-comision-administradora-del-rio-uruguay-caru-fue-sede-de-la-conferencia-de-lanzamiento-de-las-iii-jornadas-binacionales-de-docentes-de-educacion-superior-del-rio-uruguay-argentina-urugua\/#respond"]}]},{"@type":"WebPage","@id":"https:\/\/caru.org.uy\/nuevositio\/2026\/04\/16\/la-comision-administradora-del-rio-uruguay-caru-fue-sede-de-la-conferencia-de-lanzamiento-de-las-iii-jornadas-binacionales-de-docentes-de-educacion-superior-del-rio-uruguay-argentina-urugua\/","url":"https:\/\/caru.org.uy\/nuevositio\/2026\/04\/16\/la-comision-administradora-del-rio-uruguay-caru-fue-sede-de-la-conferencia-de-lanzamiento-de-las-iii-jornadas-binacionales-de-docentes-de-educacion-superior-del-rio-uruguay-argentina-urugua\/","name":"La Comisi\u00f3n Administradora del R\u00edo Uruguay (CARU) fue sede de la conferencia de lanzamiento de las III Jornadas Binacionales de Docentes de Educaci\u00f3n Superior del R\u00edo Uruguay (Argentina\u2013Uruguay) y de las III Jornadas Trinacionales de Educaci\u00f3n Superior (Argentina\u2013Uruguay\u2013Brasil). % C.A.R.U. imagen","isPartOf":{"@id":"https:\/\/caru.org.uy\/nuevositio\/#website"},"primaryImageOfPage":{"@id":"https:\/\/caru.org.uy\/nuevositio\/2026\/04\/16\/la-comision-administradora-del-rio-uruguay-caru-fue-sede-de-la-conferencia-de-lanzamiento-de-las-iii-jornadas-binacionales-de-docentes-de-educacion-superior-del-rio-uruguay-argentina-urugua\/#primaryimage"},"image":{"@id":"https:\/\/caru.org.uy\/nuevositio\/2026\/04\/16\/la-comision-administradora-del-rio-uruguay-caru-fue-sede-de-la-conferencia-de-lanzamiento-de-las-iii-jornadas-binacionales-de-docentes-de-educacion-superior-del-rio-uruguay-argentina-urugua\/#primaryimage"},"thumbnailUrl":"https:\/\/caru.org.uy\/nuevositio\/wp-content\/uploads\/2026\/04\/unnamed-1-scaled.jpg","datePublished":"2026-04-16T17:23:49+00:00","dateModified":"2026-04-16T17:24:00+00:00","breadcrumb":{"@id":"https:\/\/caru.org.uy\/nuevositio\/2026\/04\/16\/la-comision-administradora-del-rio-uruguay-caru-fue-sede-de-la-conferencia-de-lanzamiento-de-las-iii-jornadas-binacionales-de-docentes-de-educacion-superior-del-rio-uruguay-argentina-urugua\/#breadcrumb"},"inLanguage":"es","potentialAction":[{"@type":"ReadAction","target":["https:\/\/caru.org.uy\/nuevositio\/2026\/04\/16\/la-comision-administradora-del-rio-uruguay-caru-fue-sede-de-la-conferencia-de-lanzamiento-de-las-iii-jornadas-binacionales-de-docentes-de-educacion-superior-del-rio-uruguay-argentina-urugua\/"]}]},{"@type":"ImageObject","inLanguage":"es","@id":"https:\/\/caru.org.uy\/nuevositio\/2026\/04\/16\/la-comision-administradora-del-rio-uruguay-caru-fue-sede-de-la-conferencia-de-lanzamiento-de-las-iii-jornadas-binacionales-de-docentes-de-educacion-superior-del-rio-uruguay-argentina-urugua\/#primaryimage","url":"https:\/\/caru.org.uy\/nuevositio\/wp-content\/uploads\/2026\/04\/unnamed-1-scaled.jpg","contentUrl":"https:\/\/caru.org.uy\/nuevositio\/wp-content\/uploads\/2026\/04\/unnamed-1-scaled.jpg","width":2560,"height":1707},{"@type":"BreadcrumbList","@id":"https:\/\/caru.org.uy\/nuevositio\/2026\/04\/16\/la-comision-administradora-del-rio-uruguay-caru-fue-sede-de-la-conferencia-de-lanzamiento-de-las-iii-jornadas-binacionales-de-docentes-de-educacion-superior-del-rio-uruguay-argentina-urugua\/#breadcrumb","itemListElement":[{"@type":"ListItem","position":1,"name":"Portada","item":"https:\/\/caru.org.uy\/nuevositio\/"},{"@type":"ListItem","position":2,"name":"La Comisi\u00f3n Administradora del R\u00edo Uruguay (CARU) fue sede de la conferencia de lanzamiento de las III Jornadas Binacionales de Docentes de Educaci\u00f3n Superior del R\u00edo Uruguay (Argentina\u2013Uruguay) y de las III Jornadas Trinacionales de Educaci\u00f3n Superior (Argentina\u2013Uruguay\u2013Brasil)."}]},{"@type":"WebSite","@id":"https:\/\/caru.org.uy\/nuevositio\/#website","url":"https:\/\/caru.org.uy\/nuevositio\/","name":"C.A.R.U.","description":"Comisi\u00f3n Administradora del R\u00edo Uruguay","publisher":{"@id":"https:\/\/caru.org.uy\/nuevositio\/#organization"},"potentialAction":[{"@type":"SearchAction","target":{"@type":"EntryPoint","urlTemplate":"https:\/\/caru.org.uy\/nuevositio\/?s={search_term_string}"},"query-input":{"@type":"PropertyValueSpecification","valueRequired":true,"valueName":"search_term_string"}}],"inLanguage":"es"},{"@type":"Organization","@id":"https:\/\/caru.org.uy\/nuevositio\/#organization","name":"C.A.R.U.","url":"https:\/\/caru.org.uy\/nuevositio\/","logo":{"@type":"ImageObject","inLanguage":"es","@id":"https:\/\/caru.org.uy\/nuevositio\/#\/schema\/logo\/image\/","url":"https:\/\/caru.org.uy\/nuevositio\/wp-content\/uploads\/2023\/11\/logo-nuevo.jpg","contentUrl":"https:\/\/caru.org.uy\/nuevositio\/wp-content\/uploads\/2023\/11\/logo-nuevo.jpg","width":1,"height":1,"caption":"C.A.R.U."},"image":{"@id":"https:\/\/caru.org.uy\/nuevositio\/#\/schema\/logo\/image\/"}},{"@type":"Person","@id":"https:\/\/caru.org.uy\/nuevositio\/#\/schema\/person\/fba625b864836c52fe4d995c9dc2869d","name":"Federico","image":{"@type":"ImageObject","inLanguage":"es","@id":"https:\/\/secure.gravatar.com\/avatar\/542d68923246b6c29256d811c3ce7f803fe17d6a190c813a52ef45fcda4733ad?s=96&d=mm&r=g","url":"https:\/\/secure.gravatar.com\/avatar\/542d68923246b6c29256d811c3ce7f803fe17d6a190c813a52ef45fcda4733ad?s=96&d=mm&r=g","contentUrl":"https:\/\/secure.gravatar.com\/avatar\/542d68923246b6c29256d811c3ce7f803fe17d6a190c813a52ef45fcda4733ad?s=96&d=mm&r=g","caption":"Federico"},"url":"https:\/\/caru.org.uy\/nuevositio\/author\/federico\/"}]}},"_links":{"self":[{"href":"https:\/\/caru.org.uy\/nuevositio\/wp-json\/wp\/v2\/posts\/12584","targetHints":{"allow":["GET"]}}],"collection":[{"href":"https:\/\/caru.org.uy\/nuevositio\/wp-json\/wp\/v2\/posts"}],"about":[{"href":"https:\/\/caru.org.uy\/nuevositio\/wp-json\/wp\/v2\/types\/post"}],"author":[{"embeddable":true,"href":"https:\/\/caru.org.uy\/nuevositio\/wp-json\/wp\/v2\/users\/12"}],"replies":[{"embeddable":true,"href":"https:\/\/caru.org.uy\/nuevositio\/wp-json\/wp\/v2\/comments?post=12584"}],"version-history":[{"count":1,"href":"https:\/\/caru.org.uy\/nuevositio\/wp-json\/wp\/v2\/posts\/12584\/revisions"}],"predecessor-version":[{"id":12589,"href":"https:\/\/caru.org.uy\/nuevositio\/wp-json\/wp\/v2\/posts\/12584\/revisions\/12589"}],"wp:featuredmedia":[{"embeddable":true,"href":"https:\/\/caru.org.uy\/nuevositio\/wp-json\/wp\/v2\/media\/12585"}],"wp:attachment":[{"href":"https:\/\/caru.org.uy\/nuevositio\/wp-json\/wp\/v2\/media?parent=12584"}],"wp:term":[{"taxonomy":"category","embeddable":true,"href":"https:\/\/caru.org.uy\/nuevositio\/wp-json\/wp\/v2\/categories?post=12584"},{"taxonomy":"post_tag","embeddable":true,"href":"https:\/\/caru.org.uy\/nuevositio\/wp-json\/wp\/v2\/tags?post=12584"}],"curies":[{"name":"wp","href":"https:\/\/api.w.org\/{rel}","templated":true}]}}