{"id":5354,"date":"2021-09-10T00:05:00","date_gmt":"2021-09-10T00:05:00","guid":{"rendered":"https:\/\/caru.org.uy\/nuevositio\/?p=5354"},"modified":"2022-01-25T19:43:43","modified_gmt":"2022-01-25T19:43:43","slug":"resolucion-16-21-veda-del-dorado","status":"publish","type":"post","link":"https:\/\/caru.org.uy\/nuevositio\/2021\/09\/10\/resolucion-16-21-veda-del-dorado\/","title":{"rendered":"Resoluci\u00f3n 16\/21 \u2013 Veda del Dorado"},"content":{"rendered":"\t\t<div data-elementor-type=\"wp-post\" data-elementor-id=\"5354\" class=\"elementor elementor-5354\" data-elementor-post-type=\"post\">\n\t\t\t\t\t\t<section class=\"elementor-section elementor-top-section elementor-element elementor-element-445a3290 elementor-section-boxed elementor-section-height-default elementor-section-height-default\" data-id=\"445a3290\" data-element_type=\"section\" data-e-type=\"section\" data-settings=\"{&quot;jet_parallax_layout_list&quot;:[{&quot;jet_parallax_layout_image&quot;:{&quot;url&quot;:&quot;&quot;,&quot;id&quot;:&quot;&quot;,&quot;size&quot;:&quot;&quot;},&quot;_id&quot;:&quot;1311c39&quot;,&quot;jet_parallax_layout_image_tablet&quot;:{&quot;url&quot;:&quot;&quot;,&quot;id&quot;:&quot;&quot;,&quot;size&quot;:&quot;&quot;},&quot;jet_parallax_layout_image_mobile&quot;:{&quot;url&quot;:&quot;&quot;,&quot;id&quot;:&quot;&quot;,&quot;size&quot;:&quot;&quot;},&quot;jet_parallax_layout_speed&quot;:{&quot;unit&quot;:&quot;%&quot;,&quot;size&quot;:50,&quot;sizes&quot;:[]},&quot;jet_parallax_layout_type&quot;:&quot;scroll&quot;,&quot;jet_parallax_layout_direction&quot;:&quot;1&quot;,&quot;jet_parallax_layout_fx_direction&quot;:null,&quot;jet_parallax_layout_z_index&quot;:&quot;&quot;,&quot;jet_parallax_layout_bg_x&quot;:50,&quot;jet_parallax_layout_bg_x_tablet&quot;:&quot;&quot;,&quot;jet_parallax_layout_bg_x_mobile&quot;:&quot;&quot;,&quot;jet_parallax_layout_bg_y&quot;:50,&quot;jet_parallax_layout_bg_y_tablet&quot;:&quot;&quot;,&quot;jet_parallax_layout_bg_y_mobile&quot;:&quot;&quot;,&quot;jet_parallax_layout_bg_size&quot;:&quot;auto&quot;,&quot;jet_parallax_layout_bg_size_tablet&quot;:&quot;&quot;,&quot;jet_parallax_layout_bg_size_mobile&quot;:&quot;&quot;,&quot;jet_parallax_layout_animation_prop&quot;:&quot;transform&quot;,&quot;jet_parallax_layout_on&quot;:[&quot;desktop&quot;,&quot;tablet&quot;]}]}\">\n\t\t\t\t\t\t<div class=\"elementor-container elementor-column-gap-default\">\n\t\t\t\t\t<div class=\"elementor-column elementor-col-100 elementor-top-column elementor-element elementor-element-7c2e1086\" data-id=\"7c2e1086\" data-element_type=\"column\" data-e-type=\"column\">\n\t\t\t<div class=\"elementor-widget-wrap elementor-element-populated\">\n\t\t\t\t\t\t<div class=\"elementor-element elementor-element-5cdb0e51 elementor-widget elementor-widget-text-editor\" data-id=\"5cdb0e51\" data-element_type=\"widget\" data-e-type=\"widget\" data-widget_type=\"text-editor.default\">\n\t\t\t\t<div class=\"elementor-widget-container\">\n\t\t\t\t\t\t\t\t\t<p>El 13 de septiembre comienza la Veda para la pesca del Dorado<\/p><p>La Comisi\u00f3n Administradora del R\u00edo Uruguay, informa que el periodo de veda del Dorado, seg\u00fan Resoluci\u00f3n N\u00ba 16\/2021, para la pesca comercial y deportiva va desde el 13 de septiembre al 31 de diciembre de cada a\u00f1o. La medida busca la preservaci\u00f3n de esta especie en la regi\u00f3n.<\/p><p>En este sentido, desde la CARU explicaron que el Dorado realiza migraciones reproductivas regulares en los r\u00edos de las cuencas donde todav\u00eda habitan. El per\u00edodo reproductivo en nuestra regi\u00f3n es en la primavera y el verano, por lo que se establece la veda estos cuatro meses para proteger la \u00e9poca del desove y aumentar as\u00ed la eficiencia reproductiva.<\/p><p>La CARU recuerda que la mencionada Resoluci\u00f3n se enmarca en las tareas de preservaci\u00f3n de la Biodiversidad y la conservaci\u00f3n de los recursos \u00edcticos del R\u00edo Uruguay que desarrolla la Comisi\u00f3n Administradora del R\u00edo Uruguay.<\/p><p>Resoluci\u00f3n N\u00b016-21 Veda del Dorado<\/p><h6><span style=\"color: #333333;\"><strong><a style=\"color: #333333;\" href=\"https:\/\/www.caru.org.uy\/web\/wp-content\/uploads\/2021\/09\/RES-0162021.pdf\">Acceda a la Resoluci\u00f3n 16\/21<\/a><\/strong><\/span><\/h6><p>\u00a0<\/p>\t\t\t\t\t\t\t\t<\/div>\n\t\t\t\t<\/div>\n\t\t\t\t\t<\/div>\n\t\t<\/div>\n\t\t\t\t\t<\/div>\n\t\t<\/section>\n\t\t\t\t<\/div>\n\t\t","protected":false},"excerpt":{"rendered":"<p>El 13 de septiembre comienza la Veda para la pesca del Dorado La Comisi\u00f3n Administradora del R\u00edo Uruguay, informa que el periodo de veda del Dorado, seg\u00fan Resoluci\u00f3n N\u00ba 16\/2021, para la pesca comercial y deportiva va desde el 13 de septiembre al 31 de diciembre de cada a\u00f1o. La medida busca la preservaci\u00f3n de [&hellip;]<\/p>\n","protected":false},"author":1,"featured_media":6488,"comment_status":"closed","ping_status":"open","sticky":false,"template":"","format":"standard","meta":{"_acf_changed":false,"_joinchat":[],"footnotes":""},"categories":[37,27],"tags":[],"class_list":["post-5354","post","type-post","status-publish","format-standard","has-post-thumbnail","hentry","category-noticias","category-novedades"],"acf":[],"yoast_head":"<!-- This site is optimized with the Yoast SEO plugin v27.3 - https:\/\/yoast.com\/product\/yoast-seo-wordpress\/ -->\n<title>Resoluci\u00f3n 16\/21 \u2013 Veda del Dorado % C.A.R.U. imagen<\/title>\n<meta name=\"robots\" content=\"index, follow, max-snippet:-1, max-image-preview:large, max-video-preview:-1\" \/>\n<link rel=\"canonical\" href=\"https:\/\/caru.org.uy\/nuevositio\/2021\/09\/10\/resolucion-16-21-veda-del-dorado\/\" \/>\n<meta property=\"og:locale\" content=\"es_ES\" \/>\n<meta property=\"og:type\" content=\"article\" \/>\n<meta property=\"og:title\" content=\"Resoluci\u00f3n 16\/21 \u2013 Veda del Dorado % C.A.R.U. imagen\" \/>\n<meta property=\"og:description\" content=\"El 13 de septiembre comienza la Veda para la pesca del Dorado La Comisi\u00f3n Administradora del R\u00edo Uruguay, informa que el periodo de veda del Dorado, seg\u00fan Resoluci\u00f3n N\u00ba 16\/2021, para la pesca comercial y deportiva va desde el 13 de septiembre al 31 de diciembre de cada a\u00f1o. La medida busca la preservaci\u00f3n de [&hellip;]\" \/>\n<meta property=\"og:url\" content=\"https:\/\/caru.org.uy\/nuevositio\/2021\/09\/10\/resolucion-16-21-veda-del-dorado\/\" \/>\n<meta property=\"og:site_name\" content=\"C.A.R.U.\" \/>\n<meta property=\"article:published_time\" content=\"2021-09-10T00:05:00+00:00\" \/>\n<meta property=\"article:modified_time\" content=\"2022-01-25T19:43:43+00:00\" \/>\n<meta property=\"og:image\" content=\"https:\/\/caru.org.uy\/nuevositio\/wp-content\/uploads\/2021\/09\/foto-noticia-veda-dorado.jpg\" \/>\n\t<meta property=\"og:image:width\" content=\"1280\" \/>\n\t<meta property=\"og:image:height\" content=\"853\" \/>\n\t<meta property=\"og:image:type\" content=\"image\/jpeg\" \/>\n<meta name=\"author\" content=\"Noma\" \/>\n<meta name=\"twitter:card\" content=\"summary_large_image\" \/>\n<meta name=\"twitter:label1\" content=\"Escrito por\" \/>\n\t<meta name=\"twitter:data1\" content=\"Noma\" \/>\n\t<meta name=\"twitter:label2\" content=\"Tiempo de lectura\" \/>\n\t<meta name=\"twitter:data2\" content=\"1 minuto\" \/>\n<script type=\"application\/ld+json\" class=\"yoast-schema-graph\">{\"@context\":\"https:\\\/\\\/schema.org\",\"@graph\":[{\"@type\":[\"Article\",\"BlogPosting\"],\"@id\":\"https:\\\/\\\/caru.org.uy\\\/nuevositio\\\/2021\\\/09\\\/10\\\/resolucion-16-21-veda-del-dorado\\\/#article\",\"isPartOf\":{\"@id\":\"https:\\\/\\\/caru.org.uy\\\/nuevositio\\\/2021\\\/09\\\/10\\\/resolucion-16-21-veda-del-dorado\\\/\"},\"author\":{\"name\":\"Noma\",\"@id\":\"https:\\\/\\\/caru.org.uy\\\/nuevositio\\\/#\\\/schema\\\/person\\\/9a11b7bc115602d2066d4c695b2aa3e5\"},\"headline\":\"Resoluci\u00f3n 16\\\/21 \u2013 Veda del Dorado\",\"datePublished\":\"2021-09-10T00:05:00+00:00\",\"dateModified\":\"2022-01-25T19:43:43+00:00\",\"mainEntityOfPage\":{\"@id\":\"https:\\\/\\\/caru.org.uy\\\/nuevositio\\\/2021\\\/09\\\/10\\\/resolucion-16-21-veda-del-dorado\\\/\"},\"wordCount\":183,\"publisher\":{\"@id\":\"https:\\\/\\\/caru.org.uy\\\/nuevositio\\\/#organization\"},\"image\":{\"@id\":\"https:\\\/\\\/caru.org.uy\\\/nuevositio\\\/2021\\\/09\\\/10\\\/resolucion-16-21-veda-del-dorado\\\/#primaryimage\"},\"thumbnailUrl\":\"https:\\\/\\\/caru.org.uy\\\/nuevositio\\\/wp-content\\\/uploads\\\/2021\\\/09\\\/foto-noticia-veda-dorado.jpg\",\"articleSection\":[\"Noticias\",\"Novedades\"],\"inLanguage\":\"es\"},{\"@type\":\"WebPage\",\"@id\":\"https:\\\/\\\/caru.org.uy\\\/nuevositio\\\/2021\\\/09\\\/10\\\/resolucion-16-21-veda-del-dorado\\\/\",\"url\":\"https:\\\/\\\/caru.org.uy\\\/nuevositio\\\/2021\\\/09\\\/10\\\/resolucion-16-21-veda-del-dorado\\\/\",\"name\":\"Resoluci\u00f3n 16\\\/21 \u2013 Veda del Dorado % C.A.R.U. imagen\",\"isPartOf\":{\"@id\":\"https:\\\/\\\/caru.org.uy\\\/nuevositio\\\/#website\"},\"primaryImageOfPage\":{\"@id\":\"https:\\\/\\\/caru.org.uy\\\/nuevositio\\\/2021\\\/09\\\/10\\\/resolucion-16-21-veda-del-dorado\\\/#primaryimage\"},\"image\":{\"@id\":\"https:\\\/\\\/caru.org.uy\\\/nuevositio\\\/2021\\\/09\\\/10\\\/resolucion-16-21-veda-del-dorado\\\/#primaryimage\"},\"thumbnailUrl\":\"https:\\\/\\\/caru.org.uy\\\/nuevositio\\\/wp-content\\\/uploads\\\/2021\\\/09\\\/foto-noticia-veda-dorado.jpg\",\"datePublished\":\"2021-09-10T00:05:00+00:00\",\"dateModified\":\"2022-01-25T19:43:43+00:00\",\"breadcrumb\":{\"@id\":\"https:\\\/\\\/caru.org.uy\\\/nuevositio\\\/2021\\\/09\\\/10\\\/resolucion-16-21-veda-del-dorado\\\/#breadcrumb\"},\"inLanguage\":\"es\",\"potentialAction\":[{\"@type\":\"ReadAction\",\"target\":[\"https:\\\/\\\/caru.org.uy\\\/nuevositio\\\/2021\\\/09\\\/10\\\/resolucion-16-21-veda-del-dorado\\\/\"]}]},{\"@type\":\"ImageObject\",\"inLanguage\":\"es\",\"@id\":\"https:\\\/\\\/caru.org.uy\\\/nuevositio\\\/2021\\\/09\\\/10\\\/resolucion-16-21-veda-del-dorado\\\/#primaryimage\",\"url\":\"https:\\\/\\\/caru.org.uy\\\/nuevositio\\\/wp-content\\\/uploads\\\/2021\\\/09\\\/foto-noticia-veda-dorado.jpg\",\"contentUrl\":\"https:\\\/\\\/caru.org.uy\\\/nuevositio\\\/wp-content\\\/uploads\\\/2021\\\/09\\\/foto-noticia-veda-dorado.jpg\",\"width\":1280,\"height\":853},{\"@type\":\"BreadcrumbList\",\"@id\":\"https:\\\/\\\/caru.org.uy\\\/nuevositio\\\/2021\\\/09\\\/10\\\/resolucion-16-21-veda-del-dorado\\\/#breadcrumb\",\"itemListElement\":[{\"@type\":\"ListItem\",\"position\":1,\"name\":\"Portada\",\"item\":\"https:\\\/\\\/caru.org.uy\\\/nuevositio\\\/\"},{\"@type\":\"ListItem\",\"position\":2,\"name\":\"Resoluci\u00f3n 16\\\/21 \u2013 Veda del Dorado\"}]},{\"@type\":\"WebSite\",\"@id\":\"https:\\\/\\\/caru.org.uy\\\/nuevositio\\\/#website\",\"url\":\"https:\\\/\\\/caru.org.uy\\\/nuevositio\\\/\",\"name\":\"C.A.R.U.\",\"description\":\"Comisi\u00f3n Administradora del R\u00edo Uruguay\",\"publisher\":{\"@id\":\"https:\\\/\\\/caru.org.uy\\\/nuevositio\\\/#organization\"},\"potentialAction\":[{\"@type\":\"SearchAction\",\"target\":{\"@type\":\"EntryPoint\",\"urlTemplate\":\"https:\\\/\\\/caru.org.uy\\\/nuevositio\\\/?s={search_term_string}\"},\"query-input\":{\"@type\":\"PropertyValueSpecification\",\"valueRequired\":true,\"valueName\":\"search_term_string\"}}],\"inLanguage\":\"es\"},{\"@type\":\"Organization\",\"@id\":\"https:\\\/\\\/caru.org.uy\\\/nuevositio\\\/#organization\",\"name\":\"C.A.R.U.\",\"url\":\"https:\\\/\\\/caru.org.uy\\\/nuevositio\\\/\",\"logo\":{\"@type\":\"ImageObject\",\"inLanguage\":\"es\",\"@id\":\"https:\\\/\\\/caru.org.uy\\\/nuevositio\\\/#\\\/schema\\\/logo\\\/image\\\/\",\"url\":\"https:\\\/\\\/caru.org.uy\\\/nuevositio\\\/wp-content\\\/uploads\\\/2023\\\/11\\\/logo-nuevo.jpg\",\"contentUrl\":\"https:\\\/\\\/caru.org.uy\\\/nuevositio\\\/wp-content\\\/uploads\\\/2023\\\/11\\\/logo-nuevo.jpg\",\"width\":1,\"height\":1,\"caption\":\"C.A.R.U.\"},\"image\":{\"@id\":\"https:\\\/\\\/caru.org.uy\\\/nuevositio\\\/#\\\/schema\\\/logo\\\/image\\\/\"}},{\"@type\":\"Person\",\"@id\":\"https:\\\/\\\/caru.org.uy\\\/nuevositio\\\/#\\\/schema\\\/person\\\/9a11b7bc115602d2066d4c695b2aa3e5\",\"name\":\"Noma\",\"image\":{\"@type\":\"ImageObject\",\"inLanguage\":\"es\",\"@id\":\"https:\\\/\\\/secure.gravatar.com\\\/avatar\\\/8b0eb2764fe524b07cdc015df29e7576c061e58c50641dd8ccc46d3d448307e5?s=96&d=mm&r=g\",\"url\":\"https:\\\/\\\/secure.gravatar.com\\\/avatar\\\/8b0eb2764fe524b07cdc015df29e7576c061e58c50641dd8ccc46d3d448307e5?s=96&d=mm&r=g\",\"contentUrl\":\"https:\\\/\\\/secure.gravatar.com\\\/avatar\\\/8b0eb2764fe524b07cdc015df29e7576c061e58c50641dd8ccc46d3d448307e5?s=96&d=mm&r=g\",\"caption\":\"Noma\"},\"url\":\"https:\\\/\\\/caru.org.uy\\\/nuevositio\\\/author\\\/admin\\\/\"}]}<\/script>\n<!-- \/ Yoast SEO plugin. -->","yoast_head_json":{"title":"Resoluci\u00f3n 16\/21 \u2013 Veda del Dorado % C.A.R.U. imagen","robots":{"index":"index","follow":"follow","max-snippet":"max-snippet:-1","max-image-preview":"max-image-preview:large","max-video-preview":"max-video-preview:-1"},"canonical":"https:\/\/caru.org.uy\/nuevositio\/2021\/09\/10\/resolucion-16-21-veda-del-dorado\/","og_locale":"es_ES","og_type":"article","og_title":"Resoluci\u00f3n 16\/21 \u2013 Veda del Dorado % C.A.R.U. imagen","og_description":"El 13 de septiembre comienza la Veda para la pesca del Dorado La Comisi\u00f3n Administradora del R\u00edo Uruguay, informa que el periodo de veda del Dorado, seg\u00fan Resoluci\u00f3n N\u00ba 16\/2021, para la pesca comercial y deportiva va desde el 13 de septiembre al 31 de diciembre de cada a\u00f1o. La medida busca la preservaci\u00f3n de [&hellip;]","og_url":"https:\/\/caru.org.uy\/nuevositio\/2021\/09\/10\/resolucion-16-21-veda-del-dorado\/","og_site_name":"C.A.R.U.","article_published_time":"2021-09-10T00:05:00+00:00","article_modified_time":"2022-01-25T19:43:43+00:00","og_image":[{"width":1280,"height":853,"url":"https:\/\/caru.org.uy\/nuevositio\/wp-content\/uploads\/2021\/09\/foto-noticia-veda-dorado.jpg","type":"image\/jpeg"}],"author":"Noma","twitter_card":"summary_large_image","twitter_misc":{"Escrito por":"Noma","Tiempo de lectura":"1 minuto"},"schema":{"@context":"https:\/\/schema.org","@graph":[{"@type":["Article","BlogPosting"],"@id":"https:\/\/caru.org.uy\/nuevositio\/2021\/09\/10\/resolucion-16-21-veda-del-dorado\/#article","isPartOf":{"@id":"https:\/\/caru.org.uy\/nuevositio\/2021\/09\/10\/resolucion-16-21-veda-del-dorado\/"},"author":{"name":"Noma","@id":"https:\/\/caru.org.uy\/nuevositio\/#\/schema\/person\/9a11b7bc115602d2066d4c695b2aa3e5"},"headline":"Resoluci\u00f3n 16\/21 \u2013 Veda del Dorado","datePublished":"2021-09-10T00:05:00+00:00","dateModified":"2022-01-25T19:43:43+00:00","mainEntityOfPage":{"@id":"https:\/\/caru.org.uy\/nuevositio\/2021\/09\/10\/resolucion-16-21-veda-del-dorado\/"},"wordCount":183,"publisher":{"@id":"https:\/\/caru.org.uy\/nuevositio\/#organization"},"image":{"@id":"https:\/\/caru.org.uy\/nuevositio\/2021\/09\/10\/resolucion-16-21-veda-del-dorado\/#primaryimage"},"thumbnailUrl":"https:\/\/caru.org.uy\/nuevositio\/wp-content\/uploads\/2021\/09\/foto-noticia-veda-dorado.jpg","articleSection":["Noticias","Novedades"],"inLanguage":"es"},{"@type":"WebPage","@id":"https:\/\/caru.org.uy\/nuevositio\/2021\/09\/10\/resolucion-16-21-veda-del-dorado\/","url":"https:\/\/caru.org.uy\/nuevositio\/2021\/09\/10\/resolucion-16-21-veda-del-dorado\/","name":"Resoluci\u00f3n 16\/21 \u2013 Veda del Dorado % C.A.R.U. imagen","isPartOf":{"@id":"https:\/\/caru.org.uy\/nuevositio\/#website"},"primaryImageOfPage":{"@id":"https:\/\/caru.org.uy\/nuevositio\/2021\/09\/10\/resolucion-16-21-veda-del-dorado\/#primaryimage"},"image":{"@id":"https:\/\/caru.org.uy\/nuevositio\/2021\/09\/10\/resolucion-16-21-veda-del-dorado\/#primaryimage"},"thumbnailUrl":"https:\/\/caru.org.uy\/nuevositio\/wp-content\/uploads\/2021\/09\/foto-noticia-veda-dorado.jpg","datePublished":"2021-09-10T00:05:00+00:00","dateModified":"2022-01-25T19:43:43+00:00","breadcrumb":{"@id":"https:\/\/caru.org.uy\/nuevositio\/2021\/09\/10\/resolucion-16-21-veda-del-dorado\/#breadcrumb"},"inLanguage":"es","potentialAction":[{"@type":"ReadAction","target":["https:\/\/caru.org.uy\/nuevositio\/2021\/09\/10\/resolucion-16-21-veda-del-dorado\/"]}]},{"@type":"ImageObject","inLanguage":"es","@id":"https:\/\/caru.org.uy\/nuevositio\/2021\/09\/10\/resolucion-16-21-veda-del-dorado\/#primaryimage","url":"https:\/\/caru.org.uy\/nuevositio\/wp-content\/uploads\/2021\/09\/foto-noticia-veda-dorado.jpg","contentUrl":"https:\/\/caru.org.uy\/nuevositio\/wp-content\/uploads\/2021\/09\/foto-noticia-veda-dorado.jpg","width":1280,"height":853},{"@type":"BreadcrumbList","@id":"https:\/\/caru.org.uy\/nuevositio\/2021\/09\/10\/resolucion-16-21-veda-del-dorado\/#breadcrumb","itemListElement":[{"@type":"ListItem","position":1,"name":"Portada","item":"https:\/\/caru.org.uy\/nuevositio\/"},{"@type":"ListItem","position":2,"name":"Resoluci\u00f3n 16\/21 \u2013 Veda del Dorado"}]},{"@type":"WebSite","@id":"https:\/\/caru.org.uy\/nuevositio\/#website","url":"https:\/\/caru.org.uy\/nuevositio\/","name":"C.A.R.U.","description":"Comisi\u00f3n Administradora del R\u00edo Uruguay","publisher":{"@id":"https:\/\/caru.org.uy\/nuevositio\/#organization"},"potentialAction":[{"@type":"SearchAction","target":{"@type":"EntryPoint","urlTemplate":"https:\/\/caru.org.uy\/nuevositio\/?s={search_term_string}"},"query-input":{"@type":"PropertyValueSpecification","valueRequired":true,"valueName":"search_term_string"}}],"inLanguage":"es"},{"@type":"Organization","@id":"https:\/\/caru.org.uy\/nuevositio\/#organization","name":"C.A.R.U.","url":"https:\/\/caru.org.uy\/nuevositio\/","logo":{"@type":"ImageObject","inLanguage":"es","@id":"https:\/\/caru.org.uy\/nuevositio\/#\/schema\/logo\/image\/","url":"https:\/\/caru.org.uy\/nuevositio\/wp-content\/uploads\/2023\/11\/logo-nuevo.jpg","contentUrl":"https:\/\/caru.org.uy\/nuevositio\/wp-content\/uploads\/2023\/11\/logo-nuevo.jpg","width":1,"height":1,"caption":"C.A.R.U."},"image":{"@id":"https:\/\/caru.org.uy\/nuevositio\/#\/schema\/logo\/image\/"}},{"@type":"Person","@id":"https:\/\/caru.org.uy\/nuevositio\/#\/schema\/person\/9a11b7bc115602d2066d4c695b2aa3e5","name":"Noma","image":{"@type":"ImageObject","inLanguage":"es","@id":"https:\/\/secure.gravatar.com\/avatar\/8b0eb2764fe524b07cdc015df29e7576c061e58c50641dd8ccc46d3d448307e5?s=96&d=mm&r=g","url":"https:\/\/secure.gravatar.com\/avatar\/8b0eb2764fe524b07cdc015df29e7576c061e58c50641dd8ccc46d3d448307e5?s=96&d=mm&r=g","contentUrl":"https:\/\/secure.gravatar.com\/avatar\/8b0eb2764fe524b07cdc015df29e7576c061e58c50641dd8ccc46d3d448307e5?s=96&d=mm&r=g","caption":"Noma"},"url":"https:\/\/caru.org.uy\/nuevositio\/author\/admin\/"}]}},"_links":{"self":[{"href":"https:\/\/caru.org.uy\/nuevositio\/wp-json\/wp\/v2\/posts\/5354","targetHints":{"allow":["GET"]}}],"collection":[{"href":"https:\/\/caru.org.uy\/nuevositio\/wp-json\/wp\/v2\/posts"}],"about":[{"href":"https:\/\/caru.org.uy\/nuevositio\/wp-json\/wp\/v2\/types\/post"}],"author":[{"embeddable":true,"href":"https:\/\/caru.org.uy\/nuevositio\/wp-json\/wp\/v2\/users\/1"}],"replies":[{"embeddable":true,"href":"https:\/\/caru.org.uy\/nuevositio\/wp-json\/wp\/v2\/comments?post=5354"}],"version-history":[{"count":4,"href":"https:\/\/caru.org.uy\/nuevositio\/wp-json\/wp\/v2\/posts\/5354\/revisions"}],"predecessor-version":[{"id":7350,"href":"https:\/\/caru.org.uy\/nuevositio\/wp-json\/wp\/v2\/posts\/5354\/revisions\/7350"}],"wp:featuredmedia":[{"embeddable":true,"href":"https:\/\/caru.org.uy\/nuevositio\/wp-json\/wp\/v2\/media\/6488"}],"wp:attachment":[{"href":"https:\/\/caru.org.uy\/nuevositio\/wp-json\/wp\/v2\/media?parent=5354"}],"wp:term":[{"taxonomy":"category","embeddable":true,"href":"https:\/\/caru.org.uy\/nuevositio\/wp-json\/wp\/v2\/categories?post=5354"},{"taxonomy":"post_tag","embeddable":true,"href":"https:\/\/caru.org.uy\/nuevositio\/wp-json\/wp\/v2\/tags?post=5354"}],"curies":[{"name":"wp","href":"https:\/\/api.w.org\/{rel}","templated":true}]}}