{"id":5363,"date":"2021-07-30T00:08:00","date_gmt":"2021-07-30T00:08:00","guid":{"rendered":"https:\/\/caru.org.uy\/nuevositio\/?p=5363"},"modified":"2022-01-25T19:43:48","modified_gmt":"2022-01-25T19:43:48","slug":"resolucion-caru-09-21-restricciones-para-la-pesca-en-el-rio-uruguay","status":"publish","type":"post","link":"https:\/\/caru.org.uy\/nuevositio\/2021\/07\/30\/resolucion-caru-09-21-restricciones-para-la-pesca-en-el-rio-uruguay\/","title":{"rendered":"Resoluci\u00f3n CARU 09\/21 \u2013 Restricciones para la pesca en el r\u00edo Uruguay"},"content":{"rendered":"\t\t<div data-elementor-type=\"wp-post\" data-elementor-id=\"5363\" class=\"elementor elementor-5363\" data-elementor-post-type=\"post\">\n\t\t\t\t\t\t<section class=\"elementor-section elementor-top-section elementor-element elementor-element-24111d2e elementor-section-boxed elementor-section-height-default elementor-section-height-default\" data-id=\"24111d2e\" data-element_type=\"section\" data-e-type=\"section\" data-settings=\"{&quot;jet_parallax_layout_list&quot;:[{&quot;jet_parallax_layout_image&quot;:{&quot;url&quot;:&quot;&quot;,&quot;id&quot;:&quot;&quot;,&quot;size&quot;:&quot;&quot;},&quot;_id&quot;:&quot;1311c39&quot;,&quot;jet_parallax_layout_image_tablet&quot;:{&quot;url&quot;:&quot;&quot;,&quot;id&quot;:&quot;&quot;,&quot;size&quot;:&quot;&quot;},&quot;jet_parallax_layout_image_mobile&quot;:{&quot;url&quot;:&quot;&quot;,&quot;id&quot;:&quot;&quot;,&quot;size&quot;:&quot;&quot;},&quot;jet_parallax_layout_speed&quot;:{&quot;unit&quot;:&quot;%&quot;,&quot;size&quot;:50,&quot;sizes&quot;:[]},&quot;jet_parallax_layout_type&quot;:&quot;scroll&quot;,&quot;jet_parallax_layout_direction&quot;:&quot;1&quot;,&quot;jet_parallax_layout_fx_direction&quot;:null,&quot;jet_parallax_layout_z_index&quot;:&quot;&quot;,&quot;jet_parallax_layout_bg_x&quot;:50,&quot;jet_parallax_layout_bg_x_tablet&quot;:&quot;&quot;,&quot;jet_parallax_layout_bg_x_mobile&quot;:&quot;&quot;,&quot;jet_parallax_layout_bg_y&quot;:50,&quot;jet_parallax_layout_bg_y_tablet&quot;:&quot;&quot;,&quot;jet_parallax_layout_bg_y_mobile&quot;:&quot;&quot;,&quot;jet_parallax_layout_bg_size&quot;:&quot;auto&quot;,&quot;jet_parallax_layout_bg_size_tablet&quot;:&quot;&quot;,&quot;jet_parallax_layout_bg_size_mobile&quot;:&quot;&quot;,&quot;jet_parallax_layout_animation_prop&quot;:&quot;transform&quot;,&quot;jet_parallax_layout_on&quot;:[&quot;desktop&quot;,&quot;tablet&quot;]}]}\">\n\t\t\t\t\t\t<div class=\"elementor-container elementor-column-gap-default\">\n\t\t\t\t\t<div class=\"elementor-column elementor-col-100 elementor-top-column elementor-element elementor-element-883c70a\" data-id=\"883c70a\" data-element_type=\"column\" data-e-type=\"column\">\n\t\t\t<div class=\"elementor-widget-wrap elementor-element-populated\">\n\t\t\t\t\t\t<div class=\"elementor-element elementor-element-5b331e7b elementor-widget elementor-widget-text-editor\" data-id=\"5b331e7b\" data-element_type=\"widget\" data-e-type=\"widget\" data-widget_type=\"text-editor.default\">\n\t\t\t\t<div class=\"elementor-widget-container\">\n\t\t\t\t\t\t\t\t\t<p>La Comisi\u00f3n Administradora del R\u00edo Uruguay dispuso la publicaci\u00f3n de la Resoluci\u00f3n N\u00ba 09\/21, con nuevas restricciones para la pesca en el R\u00edo Uruguay; la cual ya comienza a regir a partir de las publicaciones en el Bolet\u00edn Oficial de la Rep\u00fablica Argentina y el Diario Oficial de la Rep\u00fablica Oriental del Uruguay.<\/p><p>Estas restricciones para la pesca, se tomaron ante el escenario de bajante sostenida en la totalidad de la Cuenca del Plata, la que se ha venido registrando en los a\u00f1os 2019 y 2020 y considerando que en la Cuenca del R\u00edo Uruguay se prev\u00e9n condiciones deficitarias de precipitaciones pluviales para los pr\u00f3ximos meses lo que indica una alta probabilidad de ocurrencia de la fase negativa de \u201cLa Ni\u00f1a\u201d y que, por tanto, se contin\u00faen registrando niveles hidrom\u00e9tricos inferiores a los normales, lo que afecta a los recursos vivos del r\u00edo.<\/p><p>La mencionada resoluci\u00f3n indica en su primer art\u00edculo \u201cRestr\u00ednjanse en la totalidad del tramo del R\u00edo Uruguay de jurisdicci\u00f3n territorial de la Comisi\u00f3n Administradora del R\u00edo Uruguay, las pr\u00e1cticas de pesca comercial y artesanal, las que quedar\u00e1n limitadas y podr\u00e1n desarrollarse los d\u00edas lunes, martes, mi\u00e9rcoles y jueves de cada semana\u201d. Adem\u00e1s las pr\u00e1cticas de pesca comercial, deportiva y artesanal, podr\u00e1n realizarse solamente en horario diurno.<\/p><p>En tanto que se autoriza la pr\u00e1ctica de pesca deportiva con devoluci\u00f3n obligatoria de piezas, todos los d\u00edas de la semana cuando se realice desde embarcaciones. Y se autoriza la pr\u00e1ctica de pesca deportiva sin devoluci\u00f3n obligatoria de las piezas todos los d\u00edas de la semana cuando se realice con ca\u00f1a o l\u00ednea desde la costa.<\/p><p>De la misma manera se mantiene la prohibici\u00f3n de pesca en todas las modalidades en la zona definida por la Resoluci\u00f3n N\u00b0 29\/2007, a la altura de Puerto Yeru\u00e1. Y se autoriza en la totalidad del tramo del R\u00edo Uruguay de jurisdicci\u00f3n territorial de la CARU, las pr\u00e1cticas de la pesca con fines de subsistencia y la de investigaci\u00f3n, requiri\u00e9ndose para ello en este caso la previa autorizaci\u00f3n de esta Comisi\u00f3n Administradora.<br \/><br \/><\/p><h6><strong><span style=\"color: #333333;\"><a style=\"color: #333333;\" href=\"https:\/\/www.caru.org.uy\/web\/wp-content\/uploads\/2021\/07\/RESOLUCION-09.21-.pdf\">Acceda a la Resoluci\u00f3n 09\/21<\/a><\/span><\/strong><\/h6>\t\t\t\t\t\t\t\t<\/div>\n\t\t\t\t<\/div>\n\t\t\t\t\t<\/div>\n\t\t<\/div>\n\t\t\t\t\t<\/div>\n\t\t<\/section>\n\t\t\t\t<\/div>\n\t\t","protected":false},"excerpt":{"rendered":"<p>La Comisi\u00f3n Administradora del R\u00edo Uruguay dispuso la publicaci\u00f3n de la Resoluci\u00f3n N\u00ba 09\/21, con nuevas restricciones para la pesca en el R\u00edo Uruguay; la cual ya comienza a regir a partir de las publicaciones en el Bolet\u00edn Oficial de la Rep\u00fablica Argentina y el Diario Oficial de la Rep\u00fablica Oriental del Uruguay. Estas restricciones [&hellip;]<\/p>\n","protected":false},"author":1,"featured_media":6489,"comment_status":"closed","ping_status":"open","sticky":false,"template":"","format":"standard","meta":{"_acf_changed":false,"_joinchat":[],"footnotes":""},"categories":[37,27],"tags":[],"class_list":["post-5363","post","type-post","status-publish","format-standard","has-post-thumbnail","hentry","category-noticias","category-novedades"],"acf":[],"yoast_head":"<!-- This site is optimized with the Yoast SEO plugin v27.3 - https:\/\/yoast.com\/product\/yoast-seo-wordpress\/ -->\n<title>Resoluci\u00f3n CARU 09\/21 \u2013 Restricciones para la pesca en el r\u00edo Uruguay % C.A.R.U. imagen<\/title>\n<meta name=\"robots\" content=\"index, follow, max-snippet:-1, max-image-preview:large, max-video-preview:-1\" \/>\n<link rel=\"canonical\" href=\"https:\/\/caru.org.uy\/nuevositio\/2021\/07\/30\/resolucion-caru-09-21-restricciones-para-la-pesca-en-el-rio-uruguay\/\" \/>\n<meta property=\"og:locale\" content=\"es_ES\" \/>\n<meta property=\"og:type\" content=\"article\" \/>\n<meta property=\"og:title\" content=\"Resoluci\u00f3n CARU 09\/21 \u2013 Restricciones para la pesca en el r\u00edo Uruguay % C.A.R.U. imagen\" \/>\n<meta property=\"og:description\" content=\"La Comisi\u00f3n Administradora del R\u00edo Uruguay dispuso la publicaci\u00f3n de la Resoluci\u00f3n N\u00ba 09\/21, con nuevas restricciones para la pesca en el R\u00edo Uruguay; la cual ya comienza a regir a partir de las publicaciones en el Bolet\u00edn Oficial de la Rep\u00fablica Argentina y el Diario Oficial de la Rep\u00fablica Oriental del Uruguay. Estas restricciones [&hellip;]\" \/>\n<meta property=\"og:url\" content=\"https:\/\/caru.org.uy\/nuevositio\/2021\/07\/30\/resolucion-caru-09-21-restricciones-para-la-pesca-en-el-rio-uruguay\/\" \/>\n<meta property=\"og:site_name\" content=\"C.A.R.U.\" \/>\n<meta property=\"article:published_time\" content=\"2021-07-30T00:08:00+00:00\" \/>\n<meta property=\"article:modified_time\" content=\"2022-01-25T19:43:48+00:00\" \/>\n<meta property=\"og:image\" content=\"https:\/\/caru.org.uy\/nuevositio\/wp-content\/uploads\/2021\/07\/foto-noticia-restricciones-pesca.jpg\" \/>\n\t<meta property=\"og:image:width\" content=\"1140\" \/>\n\t<meta property=\"og:image:height\" content=\"641\" \/>\n\t<meta property=\"og:image:type\" content=\"image\/jpeg\" \/>\n<meta name=\"author\" content=\"Noma\" \/>\n<meta name=\"twitter:card\" content=\"summary_large_image\" \/>\n<meta name=\"twitter:label1\" content=\"Escrito por\" \/>\n\t<meta name=\"twitter:data1\" content=\"Noma\" \/>\n\t<meta name=\"twitter:label2\" content=\"Tiempo de lectura\" \/>\n\t<meta name=\"twitter:data2\" content=\"2 minutos\" \/>\n<script type=\"application\/ld+json\" class=\"yoast-schema-graph\">{\"@context\":\"https:\\\/\\\/schema.org\",\"@graph\":[{\"@type\":[\"Article\",\"BlogPosting\"],\"@id\":\"https:\\\/\\\/caru.org.uy\\\/nuevositio\\\/2021\\\/07\\\/30\\\/resolucion-caru-09-21-restricciones-para-la-pesca-en-el-rio-uruguay\\\/#article\",\"isPartOf\":{\"@id\":\"https:\\\/\\\/caru.org.uy\\\/nuevositio\\\/2021\\\/07\\\/30\\\/resolucion-caru-09-21-restricciones-para-la-pesca-en-el-rio-uruguay\\\/\"},\"author\":{\"name\":\"Noma\",\"@id\":\"https:\\\/\\\/caru.org.uy\\\/nuevositio\\\/#\\\/schema\\\/person\\\/9a11b7bc115602d2066d4c695b2aa3e5\"},\"headline\":\"Resoluci\u00f3n CARU 09\\\/21 \u2013 Restricciones para la pesca en el r\u00edo Uruguay\",\"datePublished\":\"2021-07-30T00:08:00+00:00\",\"dateModified\":\"2022-01-25T19:43:48+00:00\",\"mainEntityOfPage\":{\"@id\":\"https:\\\/\\\/caru.org.uy\\\/nuevositio\\\/2021\\\/07\\\/30\\\/resolucion-caru-09-21-restricciones-para-la-pesca-en-el-rio-uruguay\\\/\"},\"wordCount\":398,\"publisher\":{\"@id\":\"https:\\\/\\\/caru.org.uy\\\/nuevositio\\\/#organization\"},\"image\":{\"@id\":\"https:\\\/\\\/caru.org.uy\\\/nuevositio\\\/2021\\\/07\\\/30\\\/resolucion-caru-09-21-restricciones-para-la-pesca-en-el-rio-uruguay\\\/#primaryimage\"},\"thumbnailUrl\":\"https:\\\/\\\/caru.org.uy\\\/nuevositio\\\/wp-content\\\/uploads\\\/2021\\\/07\\\/foto-noticia-restricciones-pesca.jpg\",\"articleSection\":[\"Noticias\",\"Novedades\"],\"inLanguage\":\"es\"},{\"@type\":\"WebPage\",\"@id\":\"https:\\\/\\\/caru.org.uy\\\/nuevositio\\\/2021\\\/07\\\/30\\\/resolucion-caru-09-21-restricciones-para-la-pesca-en-el-rio-uruguay\\\/\",\"url\":\"https:\\\/\\\/caru.org.uy\\\/nuevositio\\\/2021\\\/07\\\/30\\\/resolucion-caru-09-21-restricciones-para-la-pesca-en-el-rio-uruguay\\\/\",\"name\":\"Resoluci\u00f3n CARU 09\\\/21 \u2013 Restricciones para la pesca en el r\u00edo Uruguay % C.A.R.U. imagen\",\"isPartOf\":{\"@id\":\"https:\\\/\\\/caru.org.uy\\\/nuevositio\\\/#website\"},\"primaryImageOfPage\":{\"@id\":\"https:\\\/\\\/caru.org.uy\\\/nuevositio\\\/2021\\\/07\\\/30\\\/resolucion-caru-09-21-restricciones-para-la-pesca-en-el-rio-uruguay\\\/#primaryimage\"},\"image\":{\"@id\":\"https:\\\/\\\/caru.org.uy\\\/nuevositio\\\/2021\\\/07\\\/30\\\/resolucion-caru-09-21-restricciones-para-la-pesca-en-el-rio-uruguay\\\/#primaryimage\"},\"thumbnailUrl\":\"https:\\\/\\\/caru.org.uy\\\/nuevositio\\\/wp-content\\\/uploads\\\/2021\\\/07\\\/foto-noticia-restricciones-pesca.jpg\",\"datePublished\":\"2021-07-30T00:08:00+00:00\",\"dateModified\":\"2022-01-25T19:43:48+00:00\",\"breadcrumb\":{\"@id\":\"https:\\\/\\\/caru.org.uy\\\/nuevositio\\\/2021\\\/07\\\/30\\\/resolucion-caru-09-21-restricciones-para-la-pesca-en-el-rio-uruguay\\\/#breadcrumb\"},\"inLanguage\":\"es\",\"potentialAction\":[{\"@type\":\"ReadAction\",\"target\":[\"https:\\\/\\\/caru.org.uy\\\/nuevositio\\\/2021\\\/07\\\/30\\\/resolucion-caru-09-21-restricciones-para-la-pesca-en-el-rio-uruguay\\\/\"]}]},{\"@type\":\"ImageObject\",\"inLanguage\":\"es\",\"@id\":\"https:\\\/\\\/caru.org.uy\\\/nuevositio\\\/2021\\\/07\\\/30\\\/resolucion-caru-09-21-restricciones-para-la-pesca-en-el-rio-uruguay\\\/#primaryimage\",\"url\":\"https:\\\/\\\/caru.org.uy\\\/nuevositio\\\/wp-content\\\/uploads\\\/2021\\\/07\\\/foto-noticia-restricciones-pesca.jpg\",\"contentUrl\":\"https:\\\/\\\/caru.org.uy\\\/nuevositio\\\/wp-content\\\/uploads\\\/2021\\\/07\\\/foto-noticia-restricciones-pesca.jpg\",\"width\":1140,\"height\":641},{\"@type\":\"BreadcrumbList\",\"@id\":\"https:\\\/\\\/caru.org.uy\\\/nuevositio\\\/2021\\\/07\\\/30\\\/resolucion-caru-09-21-restricciones-para-la-pesca-en-el-rio-uruguay\\\/#breadcrumb\",\"itemListElement\":[{\"@type\":\"ListItem\",\"position\":1,\"name\":\"Portada\",\"item\":\"https:\\\/\\\/caru.org.uy\\\/nuevositio\\\/\"},{\"@type\":\"ListItem\",\"position\":2,\"name\":\"Resoluci\u00f3n CARU 09\\\/21 \u2013 Restricciones para la pesca en el r\u00edo Uruguay\"}]},{\"@type\":\"WebSite\",\"@id\":\"https:\\\/\\\/caru.org.uy\\\/nuevositio\\\/#website\",\"url\":\"https:\\\/\\\/caru.org.uy\\\/nuevositio\\\/\",\"name\":\"C.A.R.U.\",\"description\":\"Comisi\u00f3n Administradora del R\u00edo Uruguay\",\"publisher\":{\"@id\":\"https:\\\/\\\/caru.org.uy\\\/nuevositio\\\/#organization\"},\"potentialAction\":[{\"@type\":\"SearchAction\",\"target\":{\"@type\":\"EntryPoint\",\"urlTemplate\":\"https:\\\/\\\/caru.org.uy\\\/nuevositio\\\/?s={search_term_string}\"},\"query-input\":{\"@type\":\"PropertyValueSpecification\",\"valueRequired\":true,\"valueName\":\"search_term_string\"}}],\"inLanguage\":\"es\"},{\"@type\":\"Organization\",\"@id\":\"https:\\\/\\\/caru.org.uy\\\/nuevositio\\\/#organization\",\"name\":\"C.A.R.U.\",\"url\":\"https:\\\/\\\/caru.org.uy\\\/nuevositio\\\/\",\"logo\":{\"@type\":\"ImageObject\",\"inLanguage\":\"es\",\"@id\":\"https:\\\/\\\/caru.org.uy\\\/nuevositio\\\/#\\\/schema\\\/logo\\\/image\\\/\",\"url\":\"https:\\\/\\\/caru.org.uy\\\/nuevositio\\\/wp-content\\\/uploads\\\/2023\\\/11\\\/logo-nuevo.jpg\",\"contentUrl\":\"https:\\\/\\\/caru.org.uy\\\/nuevositio\\\/wp-content\\\/uploads\\\/2023\\\/11\\\/logo-nuevo.jpg\",\"width\":1,\"height\":1,\"caption\":\"C.A.R.U.\"},\"image\":{\"@id\":\"https:\\\/\\\/caru.org.uy\\\/nuevositio\\\/#\\\/schema\\\/logo\\\/image\\\/\"}},{\"@type\":\"Person\",\"@id\":\"https:\\\/\\\/caru.org.uy\\\/nuevositio\\\/#\\\/schema\\\/person\\\/9a11b7bc115602d2066d4c695b2aa3e5\",\"name\":\"Noma\",\"image\":{\"@type\":\"ImageObject\",\"inLanguage\":\"es\",\"@id\":\"https:\\\/\\\/secure.gravatar.com\\\/avatar\\\/8b0eb2764fe524b07cdc015df29e7576c061e58c50641dd8ccc46d3d448307e5?s=96&d=mm&r=g\",\"url\":\"https:\\\/\\\/secure.gravatar.com\\\/avatar\\\/8b0eb2764fe524b07cdc015df29e7576c061e58c50641dd8ccc46d3d448307e5?s=96&d=mm&r=g\",\"contentUrl\":\"https:\\\/\\\/secure.gravatar.com\\\/avatar\\\/8b0eb2764fe524b07cdc015df29e7576c061e58c50641dd8ccc46d3d448307e5?s=96&d=mm&r=g\",\"caption\":\"Noma\"},\"url\":\"https:\\\/\\\/caru.org.uy\\\/nuevositio\\\/author\\\/admin\\\/\"}]}<\/script>\n<!-- \/ Yoast SEO plugin. -->","yoast_head_json":{"title":"Resoluci\u00f3n CARU 09\/21 \u2013 Restricciones para la pesca en el r\u00edo Uruguay % C.A.R.U. imagen","robots":{"index":"index","follow":"follow","max-snippet":"max-snippet:-1","max-image-preview":"max-image-preview:large","max-video-preview":"max-video-preview:-1"},"canonical":"https:\/\/caru.org.uy\/nuevositio\/2021\/07\/30\/resolucion-caru-09-21-restricciones-para-la-pesca-en-el-rio-uruguay\/","og_locale":"es_ES","og_type":"article","og_title":"Resoluci\u00f3n CARU 09\/21 \u2013 Restricciones para la pesca en el r\u00edo Uruguay % C.A.R.U. imagen","og_description":"La Comisi\u00f3n Administradora del R\u00edo Uruguay dispuso la publicaci\u00f3n de la Resoluci\u00f3n N\u00ba 09\/21, con nuevas restricciones para la pesca en el R\u00edo Uruguay; la cual ya comienza a regir a partir de las publicaciones en el Bolet\u00edn Oficial de la Rep\u00fablica Argentina y el Diario Oficial de la Rep\u00fablica Oriental del Uruguay. Estas restricciones [&hellip;]","og_url":"https:\/\/caru.org.uy\/nuevositio\/2021\/07\/30\/resolucion-caru-09-21-restricciones-para-la-pesca-en-el-rio-uruguay\/","og_site_name":"C.A.R.U.","article_published_time":"2021-07-30T00:08:00+00:00","article_modified_time":"2022-01-25T19:43:48+00:00","og_image":[{"width":1140,"height":641,"url":"https:\/\/caru.org.uy\/nuevositio\/wp-content\/uploads\/2021\/07\/foto-noticia-restricciones-pesca.jpg","type":"image\/jpeg"}],"author":"Noma","twitter_card":"summary_large_image","twitter_misc":{"Escrito por":"Noma","Tiempo de lectura":"2 minutos"},"schema":{"@context":"https:\/\/schema.org","@graph":[{"@type":["Article","BlogPosting"],"@id":"https:\/\/caru.org.uy\/nuevositio\/2021\/07\/30\/resolucion-caru-09-21-restricciones-para-la-pesca-en-el-rio-uruguay\/#article","isPartOf":{"@id":"https:\/\/caru.org.uy\/nuevositio\/2021\/07\/30\/resolucion-caru-09-21-restricciones-para-la-pesca-en-el-rio-uruguay\/"},"author":{"name":"Noma","@id":"https:\/\/caru.org.uy\/nuevositio\/#\/schema\/person\/9a11b7bc115602d2066d4c695b2aa3e5"},"headline":"Resoluci\u00f3n CARU 09\/21 \u2013 Restricciones para la pesca en el r\u00edo Uruguay","datePublished":"2021-07-30T00:08:00+00:00","dateModified":"2022-01-25T19:43:48+00:00","mainEntityOfPage":{"@id":"https:\/\/caru.org.uy\/nuevositio\/2021\/07\/30\/resolucion-caru-09-21-restricciones-para-la-pesca-en-el-rio-uruguay\/"},"wordCount":398,"publisher":{"@id":"https:\/\/caru.org.uy\/nuevositio\/#organization"},"image":{"@id":"https:\/\/caru.org.uy\/nuevositio\/2021\/07\/30\/resolucion-caru-09-21-restricciones-para-la-pesca-en-el-rio-uruguay\/#primaryimage"},"thumbnailUrl":"https:\/\/caru.org.uy\/nuevositio\/wp-content\/uploads\/2021\/07\/foto-noticia-restricciones-pesca.jpg","articleSection":["Noticias","Novedades"],"inLanguage":"es"},{"@type":"WebPage","@id":"https:\/\/caru.org.uy\/nuevositio\/2021\/07\/30\/resolucion-caru-09-21-restricciones-para-la-pesca-en-el-rio-uruguay\/","url":"https:\/\/caru.org.uy\/nuevositio\/2021\/07\/30\/resolucion-caru-09-21-restricciones-para-la-pesca-en-el-rio-uruguay\/","name":"Resoluci\u00f3n CARU 09\/21 \u2013 Restricciones para la pesca en el r\u00edo Uruguay % C.A.R.U. imagen","isPartOf":{"@id":"https:\/\/caru.org.uy\/nuevositio\/#website"},"primaryImageOfPage":{"@id":"https:\/\/caru.org.uy\/nuevositio\/2021\/07\/30\/resolucion-caru-09-21-restricciones-para-la-pesca-en-el-rio-uruguay\/#primaryimage"},"image":{"@id":"https:\/\/caru.org.uy\/nuevositio\/2021\/07\/30\/resolucion-caru-09-21-restricciones-para-la-pesca-en-el-rio-uruguay\/#primaryimage"},"thumbnailUrl":"https:\/\/caru.org.uy\/nuevositio\/wp-content\/uploads\/2021\/07\/foto-noticia-restricciones-pesca.jpg","datePublished":"2021-07-30T00:08:00+00:00","dateModified":"2022-01-25T19:43:48+00:00","breadcrumb":{"@id":"https:\/\/caru.org.uy\/nuevositio\/2021\/07\/30\/resolucion-caru-09-21-restricciones-para-la-pesca-en-el-rio-uruguay\/#breadcrumb"},"inLanguage":"es","potentialAction":[{"@type":"ReadAction","target":["https:\/\/caru.org.uy\/nuevositio\/2021\/07\/30\/resolucion-caru-09-21-restricciones-para-la-pesca-en-el-rio-uruguay\/"]}]},{"@type":"ImageObject","inLanguage":"es","@id":"https:\/\/caru.org.uy\/nuevositio\/2021\/07\/30\/resolucion-caru-09-21-restricciones-para-la-pesca-en-el-rio-uruguay\/#primaryimage","url":"https:\/\/caru.org.uy\/nuevositio\/wp-content\/uploads\/2021\/07\/foto-noticia-restricciones-pesca.jpg","contentUrl":"https:\/\/caru.org.uy\/nuevositio\/wp-content\/uploads\/2021\/07\/foto-noticia-restricciones-pesca.jpg","width":1140,"height":641},{"@type":"BreadcrumbList","@id":"https:\/\/caru.org.uy\/nuevositio\/2021\/07\/30\/resolucion-caru-09-21-restricciones-para-la-pesca-en-el-rio-uruguay\/#breadcrumb","itemListElement":[{"@type":"ListItem","position":1,"name":"Portada","item":"https:\/\/caru.org.uy\/nuevositio\/"},{"@type":"ListItem","position":2,"name":"Resoluci\u00f3n CARU 09\/21 \u2013 Restricciones para la pesca en el r\u00edo Uruguay"}]},{"@type":"WebSite","@id":"https:\/\/caru.org.uy\/nuevositio\/#website","url":"https:\/\/caru.org.uy\/nuevositio\/","name":"C.A.R.U.","description":"Comisi\u00f3n Administradora del R\u00edo Uruguay","publisher":{"@id":"https:\/\/caru.org.uy\/nuevositio\/#organization"},"potentialAction":[{"@type":"SearchAction","target":{"@type":"EntryPoint","urlTemplate":"https:\/\/caru.org.uy\/nuevositio\/?s={search_term_string}"},"query-input":{"@type":"PropertyValueSpecification","valueRequired":true,"valueName":"search_term_string"}}],"inLanguage":"es"},{"@type":"Organization","@id":"https:\/\/caru.org.uy\/nuevositio\/#organization","name":"C.A.R.U.","url":"https:\/\/caru.org.uy\/nuevositio\/","logo":{"@type":"ImageObject","inLanguage":"es","@id":"https:\/\/caru.org.uy\/nuevositio\/#\/schema\/logo\/image\/","url":"https:\/\/caru.org.uy\/nuevositio\/wp-content\/uploads\/2023\/11\/logo-nuevo.jpg","contentUrl":"https:\/\/caru.org.uy\/nuevositio\/wp-content\/uploads\/2023\/11\/logo-nuevo.jpg","width":1,"height":1,"caption":"C.A.R.U."},"image":{"@id":"https:\/\/caru.org.uy\/nuevositio\/#\/schema\/logo\/image\/"}},{"@type":"Person","@id":"https:\/\/caru.org.uy\/nuevositio\/#\/schema\/person\/9a11b7bc115602d2066d4c695b2aa3e5","name":"Noma","image":{"@type":"ImageObject","inLanguage":"es","@id":"https:\/\/secure.gravatar.com\/avatar\/8b0eb2764fe524b07cdc015df29e7576c061e58c50641dd8ccc46d3d448307e5?s=96&d=mm&r=g","url":"https:\/\/secure.gravatar.com\/avatar\/8b0eb2764fe524b07cdc015df29e7576c061e58c50641dd8ccc46d3d448307e5?s=96&d=mm&r=g","contentUrl":"https:\/\/secure.gravatar.com\/avatar\/8b0eb2764fe524b07cdc015df29e7576c061e58c50641dd8ccc46d3d448307e5?s=96&d=mm&r=g","caption":"Noma"},"url":"https:\/\/caru.org.uy\/nuevositio\/author\/admin\/"}]}},"_links":{"self":[{"href":"https:\/\/caru.org.uy\/nuevositio\/wp-json\/wp\/v2\/posts\/5363","targetHints":{"allow":["GET"]}}],"collection":[{"href":"https:\/\/caru.org.uy\/nuevositio\/wp-json\/wp\/v2\/posts"}],"about":[{"href":"https:\/\/caru.org.uy\/nuevositio\/wp-json\/wp\/v2\/types\/post"}],"author":[{"embeddable":true,"href":"https:\/\/caru.org.uy\/nuevositio\/wp-json\/wp\/v2\/users\/1"}],"replies":[{"embeddable":true,"href":"https:\/\/caru.org.uy\/nuevositio\/wp-json\/wp\/v2\/comments?post=5363"}],"version-history":[{"count":4,"href":"https:\/\/caru.org.uy\/nuevositio\/wp-json\/wp\/v2\/posts\/5363\/revisions"}],"predecessor-version":[{"id":7349,"href":"https:\/\/caru.org.uy\/nuevositio\/wp-json\/wp\/v2\/posts\/5363\/revisions\/7349"}],"wp:featuredmedia":[{"embeddable":true,"href":"https:\/\/caru.org.uy\/nuevositio\/wp-json\/wp\/v2\/media\/6489"}],"wp:attachment":[{"href":"https:\/\/caru.org.uy\/nuevositio\/wp-json\/wp\/v2\/media?parent=5363"}],"wp:term":[{"taxonomy":"category","embeddable":true,"href":"https:\/\/caru.org.uy\/nuevositio\/wp-json\/wp\/v2\/categories?post=5363"},{"taxonomy":"post_tag","embeddable":true,"href":"https:\/\/caru.org.uy\/nuevositio\/wp-json\/wp\/v2\/tags?post=5363"}],"curies":[{"name":"wp","href":"https:\/\/api.w.org\/{rel}","templated":true}]}}