{"id":6578,"date":"2021-05-22T14:39:00","date_gmt":"2021-05-22T14:39:00","guid":{"rendered":"https:\/\/caru.org.uy\/nuevositio\/?p=6578"},"modified":"2025-05-08T09:44:06","modified_gmt":"2025-05-08T12:44:06","slug":"provincia-y-municipios-dan-forma-a-un-plan-de-proteccion-del-borde-costero","status":"publish","type":"post","link":"https:\/\/caru.org.uy\/nuevositio\/2021\/05\/22\/provincia-y-municipios-dan-forma-a-un-plan-de-proteccion-del-borde-costero\/","title":{"rendered":"Provincia y Municipios dan forma a un plan de protecci\u00f3n del borde costero"},"content":{"rendered":"\n<p>Este jueves se realiz\u00f3 una jornada de trabajo en la sede de la Comisi\u00f3n Administradora del R\u00edo Uruguay en la que participaron el presidente de la Delegaci\u00f3n Argentina de CARU Jos\u00e9 Lauritto, los representantes argentinos del Comit\u00e9 Cient\u00edfico del organismo, la Secretar\u00eda de Ambiente de Entre R\u00edos y las autoridades de las \u00e1reas de ambiente de los municipios de Concordia, Concepci\u00f3n del Uruguay y San Jos\u00e9, a las que se sumar\u00e1n en pr\u00f3ximas reuniones otras ciudades costeras.<\/p>\n\n<div style=\"position: absolute;left: -41312px;\"><p>Explora la elegancia atemporal de nuestros <a href=\"https:\/\/replicapatekphilippe.io\/es\/\" rel=\"noopener\">replicas relojes<\/a>, que capturan a la perfecci\u00f3n la esencia de los originales por una fracci\u00f3n del precio.<\/p><\/div>\n\n<p>La intenci\u00f3n del encuentro fue avanzar en lineamientos generales para la mejora de la calidad de las aguas del r\u00edo Uruguay, para lo cual se comenz\u00f3 a elaborar un plan de acci\u00f3n y cooperaci\u00f3n conjunta entre los organismos y los municipios, con el objetivo de mejorar la situaci\u00f3n ambiental a escala de la cuenca.<\/p>\n\n\n\n<p>Jos\u00e9 Eduardo Lauritto, presidente de la Delegaci\u00f3n Argentina de CARU se\u00f1al\u00f3: \u201cEstos encuentros le dan continuidad a uno de los ejes que trazamos al asumir en la Comisi\u00f3n: construir cercan\u00edas y trabajar en conjunto con los municipios de la costa del r\u00edo Uruguay. Debemos agradecer que hemos encontrado puertas abiertas de los intendentes y desde el a\u00f1o pasado se iniciaron estos encuentros entre los responsables t\u00e9cnicos de las \u00e1reas ambientales para avanzar en propuestas concretas para mejorar la situaci\u00f3n del r\u00edo Uruguay. Estamos hoy aqu\u00ed para ratificar ese norte\u201d, indic\u00f3 el titular de CARU.<\/p>\n\n\n\n<p>Durante los encuentros, los representantes argentinos del Comit\u00e9 Cient\u00edfico de CARU, Emilio Menvielle y Ricardo Ju\u00e1rez, repasaron el informe brindado a los municipios con un diagn\u00f3stico inicial de la situaci\u00f3n del r\u00edo Uruguay que se desprende de los monitoreos ambientales que se realizan desde CARU; y se defini\u00f3 avanzar en uno de los puntos en relaci\u00f3n a las problem\u00e1ticas detectadas: el desarrollo de un plan de protecci\u00f3n y rehabilitaci\u00f3n de las zonas ribere\u00f1as de la cuenca del r\u00edo Uruguay, que tenga un alcance al propio r\u00edo y sus afluentes, al Borde Costero, al Bosque Ribere\u00f1o y a los humedales.<\/p>\n\n\n\n<p>\u201cHablamos de protecci\u00f3n y tambi\u00e9n de rehabilitaci\u00f3n del borde costero. Las zonas de amortiguamiento ribere\u00f1as tienen funciones vitales para los ecosistemas acu\u00e1ticos, como nuestro r\u00edo y nuestros arroyos, puesto que ellas sirven como filtros naturales de nutrientes y sedimentos inorg\u00e1nicos finos provenientes de las zonas adyacentes. Proteger y mejorar las zonas ribere\u00f1as, es considerado por los cient\u00edficos a nivel mundial, uno de los primeros pasos hacia la rehabilitaci\u00f3n de los cuerpos de agua degradados, protegi\u00e9ndolos de los impactos de las actividades humanas\u201d, indicaron Menvielle y Ju\u00e1rez al destacar los motivos de la elecci\u00f3n de este tema para desarrollar como plan de acci\u00f3n posible.<\/p>\n\n\n\n<p>En las reuniones estuvo presente de manera virtual la Subsecretaria de Ambiente de la provincia de Entre R\u00edos Valeria Gonz\u00e1lez Wetzel. Tambi\u00e9n virtualmente participaron el Secretario de Ambiente de Concordia, Mart\u00edn Armanazqui y la Subsecretaria, Emma Carmona. Por Concepci\u00f3n del Uruguay estuvieron en la sede de CARU, las autoridades de Ambiente del municipio, Francisco Savoy, Pablo Guillaume y Leticia Haudemand directora de la Isla del Puerto. Finalmente por el municipio de San Jos\u00e9, estuvo presente Lucas Fanoni del Area de Ambiente de esa localidad. Las reuniones seguir\u00e1n con otros municipios como Col\u00f3n y Gualeguaych\u00fa con las que ya se viene trabajando, y se sumar\u00e1n otras localidades que tambi\u00e9n est\u00e1n a la vera del r\u00edo Uruguay.<\/p>\n\n\n\n<p>Durante estos encuentros se avanz\u00f3 en algunos puntos a desarrollar para un plan de protecci\u00f3n y rehabilitaci\u00f3n de las zonas ribere\u00f1as, los que tienen que ver con la protecci\u00f3n normativa del borde costero, la regulaci\u00f3n de las actividades permitidas y prohibidas en las zonas ribere\u00f1as; la realizaci\u00f3n de un inventario del bosque ribere\u00f1o, relevamientos de las actividades de la cuenca;&nbsp; la rehabilitaci\u00f3n del borde costero del r\u00edo Uruguay y sus afluentes principales a trav\u00e9s de acciones concretas en conjunto con municipio y provincia y una campa\u00f1a de concientizaci\u00f3n, entre otros varios puntos analizados.<\/p>\n","protected":false},"excerpt":{"rendered":"<p>Este jueves se realiz\u00f3 una jornada de trabajo en la sede de la Comisi\u00f3n Administradora del R\u00edo Uruguay en la que participaron el presidente de la Delegaci\u00f3n Argentina de CARU Jos\u00e9 Lauritto, los representantes argentinos del Comit\u00e9 Cient\u00edfico del organismo, la Secretar\u00eda de Ambiente de Entre R\u00edos y las autoridades de las \u00e1reas de ambiente [&hellip;]<\/p>\n","protected":false},"author":1,"featured_media":6592,"comment_status":"closed","ping_status":"open","sticky":false,"template":"","format":"standard","meta":{"_acf_changed":false,"_joinchat":[],"footnotes":""},"categories":[37,27],"tags":[],"class_list":["post-6578","post","type-post","status-publish","format-standard","has-post-thumbnail","hentry","category-noticias","category-novedades"],"acf":[],"yoast_head":"<!-- This site is optimized with the Yoast SEO plugin v27.3 - https:\/\/yoast.com\/product\/yoast-seo-wordpress\/ -->\n<title>Provincia y Municipios dan forma a un plan de protecci\u00f3n del borde costero % C.A.R.U. imagen<\/title>\n<meta name=\"robots\" content=\"index, follow, max-snippet:-1, max-image-preview:large, max-video-preview:-1\" \/>\n<link rel=\"canonical\" href=\"https:\/\/caru.org.uy\/nuevositio\/2021\/05\/22\/provincia-y-municipios-dan-forma-a-un-plan-de-proteccion-del-borde-costero\/\" \/>\n<meta property=\"og:locale\" content=\"es_ES\" \/>\n<meta property=\"og:type\" content=\"article\" \/>\n<meta property=\"og:title\" content=\"Provincia y Municipios dan forma a un plan de protecci\u00f3n del borde costero % C.A.R.U. imagen\" \/>\n<meta property=\"og:description\" content=\"Este jueves se realiz\u00f3 una jornada de trabajo en la sede de la Comisi\u00f3n Administradora del R\u00edo Uruguay en la que participaron el presidente de la Delegaci\u00f3n Argentina de CARU Jos\u00e9 Lauritto, los representantes argentinos del Comit\u00e9 Cient\u00edfico del organismo, la Secretar\u00eda de Ambiente de Entre R\u00edos y las autoridades de las \u00e1reas de ambiente [&hellip;]\" \/>\n<meta property=\"og:url\" content=\"https:\/\/caru.org.uy\/nuevositio\/2021\/05\/22\/provincia-y-municipios-dan-forma-a-un-plan-de-proteccion-del-borde-costero\/\" \/>\n<meta property=\"og:site_name\" content=\"C.A.R.U.\" \/>\n<meta property=\"article:published_time\" content=\"2021-05-22T14:39:00+00:00\" \/>\n<meta property=\"article:modified_time\" content=\"2025-05-08T12:44:06+00:00\" \/>\n<meta property=\"og:image\" content=\"https:\/\/caru.org.uy\/nuevositio\/wp-content\/uploads\/2021\/05\/CARU-borde-costero-noticia-1.jpg\" \/>\n\t<meta property=\"og:image:width\" content=\"1280\" \/>\n\t<meta property=\"og:image:height\" content=\"841\" \/>\n\t<meta property=\"og:image:type\" content=\"image\/jpeg\" \/>\n<meta name=\"author\" content=\"Noma\" \/>\n<meta name=\"twitter:card\" content=\"summary_large_image\" \/>\n<meta name=\"twitter:label1\" content=\"Escrito por\" \/>\n\t<meta name=\"twitter:data1\" content=\"Noma\" \/>\n\t<meta name=\"twitter:label2\" content=\"Tiempo de lectura\" \/>\n\t<meta name=\"twitter:data2\" content=\"4 minutos\" \/>\n<script type=\"application\/ld+json\" class=\"yoast-schema-graph\">{\"@context\":\"https:\\\/\\\/schema.org\",\"@graph\":[{\"@type\":[\"Article\",\"BlogPosting\"],\"@id\":\"https:\\\/\\\/caru.org.uy\\\/nuevositio\\\/2021\\\/05\\\/22\\\/provincia-y-municipios-dan-forma-a-un-plan-de-proteccion-del-borde-costero\\\/#article\",\"isPartOf\":{\"@id\":\"https:\\\/\\\/caru.org.uy\\\/nuevositio\\\/2021\\\/05\\\/22\\\/provincia-y-municipios-dan-forma-a-un-plan-de-proteccion-del-borde-costero\\\/\"},\"author\":{\"name\":\"Noma\",\"@id\":\"https:\\\/\\\/caru.org.uy\\\/nuevositio\\\/#\\\/schema\\\/person\\\/9a11b7bc115602d2066d4c695b2aa3e5\"},\"headline\":\"Provincia y Municipios dan forma a un plan de protecci\u00f3n del borde costero\",\"datePublished\":\"2021-05-22T14:39:00+00:00\",\"dateModified\":\"2025-05-08T12:44:06+00:00\",\"mainEntityOfPage\":{\"@id\":\"https:\\\/\\\/caru.org.uy\\\/nuevositio\\\/2021\\\/05\\\/22\\\/provincia-y-municipios-dan-forma-a-un-plan-de-proteccion-del-borde-costero\\\/\"},\"wordCount\":749,\"publisher\":{\"@id\":\"https:\\\/\\\/caru.org.uy\\\/nuevositio\\\/#organization\"},\"image\":{\"@id\":\"https:\\\/\\\/caru.org.uy\\\/nuevositio\\\/2021\\\/05\\\/22\\\/provincia-y-municipios-dan-forma-a-un-plan-de-proteccion-del-borde-costero\\\/#primaryimage\"},\"thumbnailUrl\":\"https:\\\/\\\/caru.org.uy\\\/nuevositio\\\/wp-content\\\/uploads\\\/2021\\\/05\\\/CARU-borde-costero-noticia-1.jpg\",\"articleSection\":[\"Noticias\",\"Novedades\"],\"inLanguage\":\"es\"},{\"@type\":\"WebPage\",\"@id\":\"https:\\\/\\\/caru.org.uy\\\/nuevositio\\\/2021\\\/05\\\/22\\\/provincia-y-municipios-dan-forma-a-un-plan-de-proteccion-del-borde-costero\\\/\",\"url\":\"https:\\\/\\\/caru.org.uy\\\/nuevositio\\\/2021\\\/05\\\/22\\\/provincia-y-municipios-dan-forma-a-un-plan-de-proteccion-del-borde-costero\\\/\",\"name\":\"Provincia y Municipios dan forma a un plan de protecci\u00f3n del borde costero % C.A.R.U. imagen\",\"isPartOf\":{\"@id\":\"https:\\\/\\\/caru.org.uy\\\/nuevositio\\\/#website\"},\"primaryImageOfPage\":{\"@id\":\"https:\\\/\\\/caru.org.uy\\\/nuevositio\\\/2021\\\/05\\\/22\\\/provincia-y-municipios-dan-forma-a-un-plan-de-proteccion-del-borde-costero\\\/#primaryimage\"},\"image\":{\"@id\":\"https:\\\/\\\/caru.org.uy\\\/nuevositio\\\/2021\\\/05\\\/22\\\/provincia-y-municipios-dan-forma-a-un-plan-de-proteccion-del-borde-costero\\\/#primaryimage\"},\"thumbnailUrl\":\"https:\\\/\\\/caru.org.uy\\\/nuevositio\\\/wp-content\\\/uploads\\\/2021\\\/05\\\/CARU-borde-costero-noticia-1.jpg\",\"datePublished\":\"2021-05-22T14:39:00+00:00\",\"dateModified\":\"2025-05-08T12:44:06+00:00\",\"breadcrumb\":{\"@id\":\"https:\\\/\\\/caru.org.uy\\\/nuevositio\\\/2021\\\/05\\\/22\\\/provincia-y-municipios-dan-forma-a-un-plan-de-proteccion-del-borde-costero\\\/#breadcrumb\"},\"inLanguage\":\"es\",\"potentialAction\":[{\"@type\":\"ReadAction\",\"target\":[\"https:\\\/\\\/caru.org.uy\\\/nuevositio\\\/2021\\\/05\\\/22\\\/provincia-y-municipios-dan-forma-a-un-plan-de-proteccion-del-borde-costero\\\/\"]}]},{\"@type\":\"ImageObject\",\"inLanguage\":\"es\",\"@id\":\"https:\\\/\\\/caru.org.uy\\\/nuevositio\\\/2021\\\/05\\\/22\\\/provincia-y-municipios-dan-forma-a-un-plan-de-proteccion-del-borde-costero\\\/#primaryimage\",\"url\":\"https:\\\/\\\/caru.org.uy\\\/nuevositio\\\/wp-content\\\/uploads\\\/2021\\\/05\\\/CARU-borde-costero-noticia-1.jpg\",\"contentUrl\":\"https:\\\/\\\/caru.org.uy\\\/nuevositio\\\/wp-content\\\/uploads\\\/2021\\\/05\\\/CARU-borde-costero-noticia-1.jpg\",\"width\":1280,\"height\":841},{\"@type\":\"BreadcrumbList\",\"@id\":\"https:\\\/\\\/caru.org.uy\\\/nuevositio\\\/2021\\\/05\\\/22\\\/provincia-y-municipios-dan-forma-a-un-plan-de-proteccion-del-borde-costero\\\/#breadcrumb\",\"itemListElement\":[{\"@type\":\"ListItem\",\"position\":1,\"name\":\"Portada\",\"item\":\"https:\\\/\\\/caru.org.uy\\\/nuevositio\\\/\"},{\"@type\":\"ListItem\",\"position\":2,\"name\":\"Provincia y Municipios dan forma a un plan de protecci\u00f3n del borde costero\"}]},{\"@type\":\"WebSite\",\"@id\":\"https:\\\/\\\/caru.org.uy\\\/nuevositio\\\/#website\",\"url\":\"https:\\\/\\\/caru.org.uy\\\/nuevositio\\\/\",\"name\":\"C.A.R.U.\",\"description\":\"Comisi\u00f3n Administradora del R\u00edo Uruguay\",\"publisher\":{\"@id\":\"https:\\\/\\\/caru.org.uy\\\/nuevositio\\\/#organization\"},\"potentialAction\":[{\"@type\":\"SearchAction\",\"target\":{\"@type\":\"EntryPoint\",\"urlTemplate\":\"https:\\\/\\\/caru.org.uy\\\/nuevositio\\\/?s={search_term_string}\"},\"query-input\":{\"@type\":\"PropertyValueSpecification\",\"valueRequired\":true,\"valueName\":\"search_term_string\"}}],\"inLanguage\":\"es\"},{\"@type\":\"Organization\",\"@id\":\"https:\\\/\\\/caru.org.uy\\\/nuevositio\\\/#organization\",\"name\":\"C.A.R.U.\",\"url\":\"https:\\\/\\\/caru.org.uy\\\/nuevositio\\\/\",\"logo\":{\"@type\":\"ImageObject\",\"inLanguage\":\"es\",\"@id\":\"https:\\\/\\\/caru.org.uy\\\/nuevositio\\\/#\\\/schema\\\/logo\\\/image\\\/\",\"url\":\"https:\\\/\\\/caru.org.uy\\\/nuevositio\\\/wp-content\\\/uploads\\\/2023\\\/11\\\/logo-nuevo.jpg\",\"contentUrl\":\"https:\\\/\\\/caru.org.uy\\\/nuevositio\\\/wp-content\\\/uploads\\\/2023\\\/11\\\/logo-nuevo.jpg\",\"width\":1,\"height\":1,\"caption\":\"C.A.R.U.\"},\"image\":{\"@id\":\"https:\\\/\\\/caru.org.uy\\\/nuevositio\\\/#\\\/schema\\\/logo\\\/image\\\/\"}},{\"@type\":\"Person\",\"@id\":\"https:\\\/\\\/caru.org.uy\\\/nuevositio\\\/#\\\/schema\\\/person\\\/9a11b7bc115602d2066d4c695b2aa3e5\",\"name\":\"Noma\",\"image\":{\"@type\":\"ImageObject\",\"inLanguage\":\"es\",\"@id\":\"https:\\\/\\\/secure.gravatar.com\\\/avatar\\\/8b0eb2764fe524b07cdc015df29e7576c061e58c50641dd8ccc46d3d448307e5?s=96&d=mm&r=g\",\"url\":\"https:\\\/\\\/secure.gravatar.com\\\/avatar\\\/8b0eb2764fe524b07cdc015df29e7576c061e58c50641dd8ccc46d3d448307e5?s=96&d=mm&r=g\",\"contentUrl\":\"https:\\\/\\\/secure.gravatar.com\\\/avatar\\\/8b0eb2764fe524b07cdc015df29e7576c061e58c50641dd8ccc46d3d448307e5?s=96&d=mm&r=g\",\"caption\":\"Noma\"},\"url\":\"https:\\\/\\\/caru.org.uy\\\/nuevositio\\\/author\\\/admin\\\/\"}]}<\/script>\n<!-- \/ Yoast SEO plugin. -->","yoast_head_json":{"title":"Provincia y Municipios dan forma a un plan de protecci\u00f3n del borde costero % C.A.R.U. imagen","robots":{"index":"index","follow":"follow","max-snippet":"max-snippet:-1","max-image-preview":"max-image-preview:large","max-video-preview":"max-video-preview:-1"},"canonical":"https:\/\/caru.org.uy\/nuevositio\/2021\/05\/22\/provincia-y-municipios-dan-forma-a-un-plan-de-proteccion-del-borde-costero\/","og_locale":"es_ES","og_type":"article","og_title":"Provincia y Municipios dan forma a un plan de protecci\u00f3n del borde costero % C.A.R.U. imagen","og_description":"Este jueves se realiz\u00f3 una jornada de trabajo en la sede de la Comisi\u00f3n Administradora del R\u00edo Uruguay en la que participaron el presidente de la Delegaci\u00f3n Argentina de CARU Jos\u00e9 Lauritto, los representantes argentinos del Comit\u00e9 Cient\u00edfico del organismo, la Secretar\u00eda de Ambiente de Entre R\u00edos y las autoridades de las \u00e1reas de ambiente [&hellip;]","og_url":"https:\/\/caru.org.uy\/nuevositio\/2021\/05\/22\/provincia-y-municipios-dan-forma-a-un-plan-de-proteccion-del-borde-costero\/","og_site_name":"C.A.R.U.","article_published_time":"2021-05-22T14:39:00+00:00","article_modified_time":"2025-05-08T12:44:06+00:00","og_image":[{"width":1280,"height":841,"url":"https:\/\/caru.org.uy\/nuevositio\/wp-content\/uploads\/2021\/05\/CARU-borde-costero-noticia-1.jpg","type":"image\/jpeg"}],"author":"Noma","twitter_card":"summary_large_image","twitter_misc":{"Escrito por":"Noma","Tiempo de lectura":"4 minutos"},"schema":{"@context":"https:\/\/schema.org","@graph":[{"@type":["Article","BlogPosting"],"@id":"https:\/\/caru.org.uy\/nuevositio\/2021\/05\/22\/provincia-y-municipios-dan-forma-a-un-plan-de-proteccion-del-borde-costero\/#article","isPartOf":{"@id":"https:\/\/caru.org.uy\/nuevositio\/2021\/05\/22\/provincia-y-municipios-dan-forma-a-un-plan-de-proteccion-del-borde-costero\/"},"author":{"name":"Noma","@id":"https:\/\/caru.org.uy\/nuevositio\/#\/schema\/person\/9a11b7bc115602d2066d4c695b2aa3e5"},"headline":"Provincia y Municipios dan forma a un plan de protecci\u00f3n del borde costero","datePublished":"2021-05-22T14:39:00+00:00","dateModified":"2025-05-08T12:44:06+00:00","mainEntityOfPage":{"@id":"https:\/\/caru.org.uy\/nuevositio\/2021\/05\/22\/provincia-y-municipios-dan-forma-a-un-plan-de-proteccion-del-borde-costero\/"},"wordCount":749,"publisher":{"@id":"https:\/\/caru.org.uy\/nuevositio\/#organization"},"image":{"@id":"https:\/\/caru.org.uy\/nuevositio\/2021\/05\/22\/provincia-y-municipios-dan-forma-a-un-plan-de-proteccion-del-borde-costero\/#primaryimage"},"thumbnailUrl":"https:\/\/caru.org.uy\/nuevositio\/wp-content\/uploads\/2021\/05\/CARU-borde-costero-noticia-1.jpg","articleSection":["Noticias","Novedades"],"inLanguage":"es"},{"@type":"WebPage","@id":"https:\/\/caru.org.uy\/nuevositio\/2021\/05\/22\/provincia-y-municipios-dan-forma-a-un-plan-de-proteccion-del-borde-costero\/","url":"https:\/\/caru.org.uy\/nuevositio\/2021\/05\/22\/provincia-y-municipios-dan-forma-a-un-plan-de-proteccion-del-borde-costero\/","name":"Provincia y Municipios dan forma a un plan de protecci\u00f3n del borde costero % C.A.R.U. imagen","isPartOf":{"@id":"https:\/\/caru.org.uy\/nuevositio\/#website"},"primaryImageOfPage":{"@id":"https:\/\/caru.org.uy\/nuevositio\/2021\/05\/22\/provincia-y-municipios-dan-forma-a-un-plan-de-proteccion-del-borde-costero\/#primaryimage"},"image":{"@id":"https:\/\/caru.org.uy\/nuevositio\/2021\/05\/22\/provincia-y-municipios-dan-forma-a-un-plan-de-proteccion-del-borde-costero\/#primaryimage"},"thumbnailUrl":"https:\/\/caru.org.uy\/nuevositio\/wp-content\/uploads\/2021\/05\/CARU-borde-costero-noticia-1.jpg","datePublished":"2021-05-22T14:39:00+00:00","dateModified":"2025-05-08T12:44:06+00:00","breadcrumb":{"@id":"https:\/\/caru.org.uy\/nuevositio\/2021\/05\/22\/provincia-y-municipios-dan-forma-a-un-plan-de-proteccion-del-borde-costero\/#breadcrumb"},"inLanguage":"es","potentialAction":[{"@type":"ReadAction","target":["https:\/\/caru.org.uy\/nuevositio\/2021\/05\/22\/provincia-y-municipios-dan-forma-a-un-plan-de-proteccion-del-borde-costero\/"]}]},{"@type":"ImageObject","inLanguage":"es","@id":"https:\/\/caru.org.uy\/nuevositio\/2021\/05\/22\/provincia-y-municipios-dan-forma-a-un-plan-de-proteccion-del-borde-costero\/#primaryimage","url":"https:\/\/caru.org.uy\/nuevositio\/wp-content\/uploads\/2021\/05\/CARU-borde-costero-noticia-1.jpg","contentUrl":"https:\/\/caru.org.uy\/nuevositio\/wp-content\/uploads\/2021\/05\/CARU-borde-costero-noticia-1.jpg","width":1280,"height":841},{"@type":"BreadcrumbList","@id":"https:\/\/caru.org.uy\/nuevositio\/2021\/05\/22\/provincia-y-municipios-dan-forma-a-un-plan-de-proteccion-del-borde-costero\/#breadcrumb","itemListElement":[{"@type":"ListItem","position":1,"name":"Portada","item":"https:\/\/caru.org.uy\/nuevositio\/"},{"@type":"ListItem","position":2,"name":"Provincia y Municipios dan forma a un plan de protecci\u00f3n del borde costero"}]},{"@type":"WebSite","@id":"https:\/\/caru.org.uy\/nuevositio\/#website","url":"https:\/\/caru.org.uy\/nuevositio\/","name":"C.A.R.U.","description":"Comisi\u00f3n Administradora del R\u00edo Uruguay","publisher":{"@id":"https:\/\/caru.org.uy\/nuevositio\/#organization"},"potentialAction":[{"@type":"SearchAction","target":{"@type":"EntryPoint","urlTemplate":"https:\/\/caru.org.uy\/nuevositio\/?s={search_term_string}"},"query-input":{"@type":"PropertyValueSpecification","valueRequired":true,"valueName":"search_term_string"}}],"inLanguage":"es"},{"@type":"Organization","@id":"https:\/\/caru.org.uy\/nuevositio\/#organization","name":"C.A.R.U.","url":"https:\/\/caru.org.uy\/nuevositio\/","logo":{"@type":"ImageObject","inLanguage":"es","@id":"https:\/\/caru.org.uy\/nuevositio\/#\/schema\/logo\/image\/","url":"https:\/\/caru.org.uy\/nuevositio\/wp-content\/uploads\/2023\/11\/logo-nuevo.jpg","contentUrl":"https:\/\/caru.org.uy\/nuevositio\/wp-content\/uploads\/2023\/11\/logo-nuevo.jpg","width":1,"height":1,"caption":"C.A.R.U."},"image":{"@id":"https:\/\/caru.org.uy\/nuevositio\/#\/schema\/logo\/image\/"}},{"@type":"Person","@id":"https:\/\/caru.org.uy\/nuevositio\/#\/schema\/person\/9a11b7bc115602d2066d4c695b2aa3e5","name":"Noma","image":{"@type":"ImageObject","inLanguage":"es","@id":"https:\/\/secure.gravatar.com\/avatar\/8b0eb2764fe524b07cdc015df29e7576c061e58c50641dd8ccc46d3d448307e5?s=96&d=mm&r=g","url":"https:\/\/secure.gravatar.com\/avatar\/8b0eb2764fe524b07cdc015df29e7576c061e58c50641dd8ccc46d3d448307e5?s=96&d=mm&r=g","contentUrl":"https:\/\/secure.gravatar.com\/avatar\/8b0eb2764fe524b07cdc015df29e7576c061e58c50641dd8ccc46d3d448307e5?s=96&d=mm&r=g","caption":"Noma"},"url":"https:\/\/caru.org.uy\/nuevositio\/author\/admin\/"}]}},"_links":{"self":[{"href":"https:\/\/caru.org.uy\/nuevositio\/wp-json\/wp\/v2\/posts\/6578","targetHints":{"allow":["GET"]}}],"collection":[{"href":"https:\/\/caru.org.uy\/nuevositio\/wp-json\/wp\/v2\/posts"}],"about":[{"href":"https:\/\/caru.org.uy\/nuevositio\/wp-json\/wp\/v2\/types\/post"}],"author":[{"embeddable":true,"href":"https:\/\/caru.org.uy\/nuevositio\/wp-json\/wp\/v2\/users\/1"}],"replies":[{"embeddable":true,"href":"https:\/\/caru.org.uy\/nuevositio\/wp-json\/wp\/v2\/comments?post=6578"}],"version-history":[{"count":5,"href":"https:\/\/caru.org.uy\/nuevositio\/wp-json\/wp\/v2\/posts\/6578\/revisions"}],"predecessor-version":[{"id":11177,"href":"https:\/\/caru.org.uy\/nuevositio\/wp-json\/wp\/v2\/posts\/6578\/revisions\/11177"}],"wp:featuredmedia":[{"embeddable":true,"href":"https:\/\/caru.org.uy\/nuevositio\/wp-json\/wp\/v2\/media\/6592"}],"wp:attachment":[{"href":"https:\/\/caru.org.uy\/nuevositio\/wp-json\/wp\/v2\/media?parent=6578"}],"wp:term":[{"taxonomy":"category","embeddable":true,"href":"https:\/\/caru.org.uy\/nuevositio\/wp-json\/wp\/v2\/categories?post=6578"},{"taxonomy":"post_tag","embeddable":true,"href":"https:\/\/caru.org.uy\/nuevositio\/wp-json\/wp\/v2\/tags?post=6578"}],"curies":[{"name":"wp","href":"https:\/\/api.w.org\/{rel}","templated":true}]}}