{"id":6616,"date":"2021-07-29T15:08:00","date_gmt":"2021-07-29T15:08:00","guid":{"rendered":"https:\/\/caru.org.uy\/nuevositio\/?p=6616"},"modified":"2021-12-22T13:46:13","modified_gmt":"2021-12-22T13:46:13","slug":"nueva-reunion-en-caru-por-el-plan-de-proteccion-del-borde-costero","status":"publish","type":"post","link":"https:\/\/caru.org.uy\/nuevositio\/2021\/07\/29\/nueva-reunion-en-caru-por-el-plan-de-proteccion-del-borde-costero\/","title":{"rendered":"Nueva reuni\u00f3n en CARU por el plan de protecci\u00f3n del borde costero"},"content":{"rendered":"\n<p>En la sede de la Comisi\u00f3n Administradora del R\u00edo Uruguay, el presidente de la Delegaci\u00f3n Argentina Jos\u00e9 Lauritto junto a los representantes argentinos del Comit\u00e9 Cient\u00edfico del organismo y la subsecretaria de Ambiente de Entre R\u00edos Valeria Gonz\u00e1lez Wetzel, recibieron al Director de Ambiente de la Municipalidad de Col\u00f3n, Roberto Bergara. Se trata de la continuidad de las reuniones que ya se realizaron con sus pares de Concordia, Concepci\u00f3n del Uruguay y San Jos\u00e9, con el fin de darle forma a un plan de protecci\u00f3n del borde costero del R\u00edo Uruguay.<\/p>\n\n\n\n<p>\u201cLa intenci\u00f3n del encuentro es avanzar en lineamientos generales para la mejora de la calidad de las aguas del r\u00edo Uruguay. Para ello se comenz\u00f3 a elaborar un plan de acci\u00f3n y cooperaci\u00f3n conjunta entre los organismos y los municipios costeros, con el objetivo de mejorar la situaci\u00f3n ambiental a escala de la cuenca\u201d, indic\u00f3 Jos\u00e9 Eduardo Lauritto, presidente de la Delegaci\u00f3n Argentina de CARU.<\/p>\n\n\n\n<p>Al igual que en las reuniones anteriores y que est\u00e1 previsto continuar con el resto de los municipios que se encuentran en la cuenca del r\u00edo Uruguay, los representantes argentinos del Comit\u00e9 Cient\u00edfico de CARU, Emilio Menvielle y Ricardo Ju\u00e1rez, repasaron el informe con un diagn\u00f3stico inicial de la situaci\u00f3n del r\u00edo Uruguay que se desprende de los monitoreos ambientales que se realizan desde CARU permanentemente.<\/p>\n\n\n\n<p>\u201cBuscamos avanzar en una acci\u00f3n concreta que permita trabajar en la prevenci\u00f3n de la llegada de contaminantes al r\u00edo Uruguay: estamos hablando de un plan de protecci\u00f3n y rehabilitaci\u00f3n de las zonas ribere\u00f1as de la cuenca del r\u00edo Uruguay, que tenga un alcance al propio r\u00edo y sus afluentes, al Borde Costero, al Bosque Ribere\u00f1o y a los humedales\u201d, indicaron los especialistas del Comit\u00e9 Cient\u00edfico de CARU.<\/p>\n\n\n\n<p><strong>Por qu\u00e9 el Borde Costero<\/strong><\/p>\n\n\n\n<p>\u201cHablamos de protecci\u00f3n y tambi\u00e9n de rehabilitaci\u00f3n del borde costero\u201d, reiteran los especialistas. Y luego detallan que las zonas de amortiguamiento ribere\u00f1as tienen funciones vitales para los ecosistemas acu\u00e1ticos, como nuestro r\u00edo y nuestros arroyos, puesto que ellas sirven como filtros naturales de nutrientes y sedimentos inorg\u00e1nicos finos provenientes de las zonas adyacentes. Proteger y mejorar las zonas ribere\u00f1as, es considerado por los cient\u00edficos a nivel mundial, uno de los primeros pasos hacia la rehabilitaci\u00f3n de los cuerpos de agua degradados, protegi\u00e9ndolos de los impactos de las actividades humanas.<\/p>\n\n\n\n<p>Al igual que en las reuniones anteriores, estuvo presente de manera virtual la Subsecretaria de Ambiente de la provincia de Entre R\u00edos Valeria Gonz\u00e1lez Wetzel, organismo que tiene un rol muy importante en las acciones sobre las que se viene trabajando en conjunto con CARU.<\/p>\n","protected":false},"excerpt":{"rendered":"<p>En la sede de la Comisi\u00f3n Administradora del R\u00edo Uruguay, el presidente de la Delegaci\u00f3n Argentina Jos\u00e9 Lauritto junto a los representantes argentinos del Comit\u00e9 Cient\u00edfico del organismo y la subsecretaria de Ambiente de Entre R\u00edos Valeria Gonz\u00e1lez Wetzel, recibieron al Director de Ambiente de la Municipalidad de Col\u00f3n, Roberto Bergara. Se trata de la [&hellip;]<\/p>\n","protected":false},"author":1,"featured_media":6593,"comment_status":"open","ping_status":"open","sticky":false,"template":"","format":"standard","meta":{"_acf_changed":false,"_joinchat":[],"footnotes":""},"categories":[37,27],"tags":[],"class_list":["post-6616","post","type-post","status-publish","format-standard","has-post-thumbnail","hentry","category-noticias","category-novedades"],"acf":[],"yoast_head":"<!-- This site is optimized with the Yoast SEO plugin v27.3 - https:\/\/yoast.com\/product\/yoast-seo-wordpress\/ -->\n<title>Nueva reuni\u00f3n en CARU por el plan de protecci\u00f3n del borde costero % C.A.R.U. imagen<\/title>\n<meta name=\"robots\" content=\"index, follow, max-snippet:-1, max-image-preview:large, max-video-preview:-1\" \/>\n<link rel=\"canonical\" href=\"https:\/\/caru.org.uy\/nuevositio\/2021\/07\/29\/nueva-reunion-en-caru-por-el-plan-de-proteccion-del-borde-costero\/\" \/>\n<meta property=\"og:locale\" content=\"es_ES\" \/>\n<meta property=\"og:type\" content=\"article\" \/>\n<meta property=\"og:title\" content=\"Nueva reuni\u00f3n en CARU por el plan de protecci\u00f3n del borde costero % C.A.R.U. imagen\" \/>\n<meta property=\"og:description\" content=\"En la sede de la Comisi\u00f3n Administradora del R\u00edo Uruguay, el presidente de la Delegaci\u00f3n Argentina Jos\u00e9 Lauritto junto a los representantes argentinos del Comit\u00e9 Cient\u00edfico del organismo y la subsecretaria de Ambiente de Entre R\u00edos Valeria Gonz\u00e1lez Wetzel, recibieron al Director de Ambiente de la Municipalidad de Col\u00f3n, Roberto Bergara. Se trata de la [&hellip;]\" \/>\n<meta property=\"og:url\" content=\"https:\/\/caru.org.uy\/nuevositio\/2021\/07\/29\/nueva-reunion-en-caru-por-el-plan-de-proteccion-del-borde-costero\/\" \/>\n<meta property=\"og:site_name\" content=\"C.A.R.U.\" \/>\n<meta property=\"article:published_time\" content=\"2021-07-29T15:08:00+00:00\" \/>\n<meta property=\"article:modified_time\" content=\"2021-12-22T13:46:13+00:00\" \/>\n<meta property=\"og:image\" content=\"https:\/\/caru.org.uy\/nuevositio\/wp-content\/uploads\/2021\/05\/CARU-borde-costero-noticia-2.jpg\" \/>\n\t<meta property=\"og:image:width\" content=\"1280\" \/>\n\t<meta property=\"og:image:height\" content=\"759\" \/>\n\t<meta property=\"og:image:type\" content=\"image\/jpeg\" \/>\n<meta name=\"author\" content=\"Noma\" \/>\n<meta name=\"twitter:card\" content=\"summary_large_image\" \/>\n<meta name=\"twitter:label1\" content=\"Escrito por\" \/>\n\t<meta name=\"twitter:data1\" content=\"Noma\" \/>\n\t<meta name=\"twitter:label2\" content=\"Tiempo de lectura\" \/>\n\t<meta name=\"twitter:data2\" content=\"2 minutos\" \/>\n<script type=\"application\/ld+json\" class=\"yoast-schema-graph\">{\"@context\":\"https:\\\/\\\/schema.org\",\"@graph\":[{\"@type\":[\"Article\",\"BlogPosting\"],\"@id\":\"https:\\\/\\\/caru.org.uy\\\/nuevositio\\\/2021\\\/07\\\/29\\\/nueva-reunion-en-caru-por-el-plan-de-proteccion-del-borde-costero\\\/#article\",\"isPartOf\":{\"@id\":\"https:\\\/\\\/caru.org.uy\\\/nuevositio\\\/2021\\\/07\\\/29\\\/nueva-reunion-en-caru-por-el-plan-de-proteccion-del-borde-costero\\\/\"},\"author\":{\"name\":\"Noma\",\"@id\":\"https:\\\/\\\/caru.org.uy\\\/nuevositio\\\/#\\\/schema\\\/person\\\/9a11b7bc115602d2066d4c695b2aa3e5\"},\"headline\":\"Nueva reuni\u00f3n en CARU por el plan de protecci\u00f3n del borde costero\",\"datePublished\":\"2021-07-29T15:08:00+00:00\",\"dateModified\":\"2021-12-22T13:46:13+00:00\",\"mainEntityOfPage\":{\"@id\":\"https:\\\/\\\/caru.org.uy\\\/nuevositio\\\/2021\\\/07\\\/29\\\/nueva-reunion-en-caru-por-el-plan-de-proteccion-del-borde-costero\\\/\"},\"wordCount\":487,\"commentCount\":0,\"publisher\":{\"@id\":\"https:\\\/\\\/caru.org.uy\\\/nuevositio\\\/#organization\"},\"image\":{\"@id\":\"https:\\\/\\\/caru.org.uy\\\/nuevositio\\\/2021\\\/07\\\/29\\\/nueva-reunion-en-caru-por-el-plan-de-proteccion-del-borde-costero\\\/#primaryimage\"},\"thumbnailUrl\":\"https:\\\/\\\/caru.org.uy\\\/nuevositio\\\/wp-content\\\/uploads\\\/2021\\\/05\\\/CARU-borde-costero-noticia-2.jpg\",\"articleSection\":[\"Noticias\",\"Novedades\"],\"inLanguage\":\"es\",\"potentialAction\":[{\"@type\":\"CommentAction\",\"name\":\"Comment\",\"target\":[\"https:\\\/\\\/caru.org.uy\\\/nuevositio\\\/2021\\\/07\\\/29\\\/nueva-reunion-en-caru-por-el-plan-de-proteccion-del-borde-costero\\\/#respond\"]}]},{\"@type\":\"WebPage\",\"@id\":\"https:\\\/\\\/caru.org.uy\\\/nuevositio\\\/2021\\\/07\\\/29\\\/nueva-reunion-en-caru-por-el-plan-de-proteccion-del-borde-costero\\\/\",\"url\":\"https:\\\/\\\/caru.org.uy\\\/nuevositio\\\/2021\\\/07\\\/29\\\/nueva-reunion-en-caru-por-el-plan-de-proteccion-del-borde-costero\\\/\",\"name\":\"Nueva reuni\u00f3n en CARU por el plan de protecci\u00f3n del borde costero % C.A.R.U. imagen\",\"isPartOf\":{\"@id\":\"https:\\\/\\\/caru.org.uy\\\/nuevositio\\\/#website\"},\"primaryImageOfPage\":{\"@id\":\"https:\\\/\\\/caru.org.uy\\\/nuevositio\\\/2021\\\/07\\\/29\\\/nueva-reunion-en-caru-por-el-plan-de-proteccion-del-borde-costero\\\/#primaryimage\"},\"image\":{\"@id\":\"https:\\\/\\\/caru.org.uy\\\/nuevositio\\\/2021\\\/07\\\/29\\\/nueva-reunion-en-caru-por-el-plan-de-proteccion-del-borde-costero\\\/#primaryimage\"},\"thumbnailUrl\":\"https:\\\/\\\/caru.org.uy\\\/nuevositio\\\/wp-content\\\/uploads\\\/2021\\\/05\\\/CARU-borde-costero-noticia-2.jpg\",\"datePublished\":\"2021-07-29T15:08:00+00:00\",\"dateModified\":\"2021-12-22T13:46:13+00:00\",\"breadcrumb\":{\"@id\":\"https:\\\/\\\/caru.org.uy\\\/nuevositio\\\/2021\\\/07\\\/29\\\/nueva-reunion-en-caru-por-el-plan-de-proteccion-del-borde-costero\\\/#breadcrumb\"},\"inLanguage\":\"es\",\"potentialAction\":[{\"@type\":\"ReadAction\",\"target\":[\"https:\\\/\\\/caru.org.uy\\\/nuevositio\\\/2021\\\/07\\\/29\\\/nueva-reunion-en-caru-por-el-plan-de-proteccion-del-borde-costero\\\/\"]}]},{\"@type\":\"ImageObject\",\"inLanguage\":\"es\",\"@id\":\"https:\\\/\\\/caru.org.uy\\\/nuevositio\\\/2021\\\/07\\\/29\\\/nueva-reunion-en-caru-por-el-plan-de-proteccion-del-borde-costero\\\/#primaryimage\",\"url\":\"https:\\\/\\\/caru.org.uy\\\/nuevositio\\\/wp-content\\\/uploads\\\/2021\\\/05\\\/CARU-borde-costero-noticia-2.jpg\",\"contentUrl\":\"https:\\\/\\\/caru.org.uy\\\/nuevositio\\\/wp-content\\\/uploads\\\/2021\\\/05\\\/CARU-borde-costero-noticia-2.jpg\",\"width\":1280,\"height\":759},{\"@type\":\"BreadcrumbList\",\"@id\":\"https:\\\/\\\/caru.org.uy\\\/nuevositio\\\/2021\\\/07\\\/29\\\/nueva-reunion-en-caru-por-el-plan-de-proteccion-del-borde-costero\\\/#breadcrumb\",\"itemListElement\":[{\"@type\":\"ListItem\",\"position\":1,\"name\":\"Portada\",\"item\":\"https:\\\/\\\/caru.org.uy\\\/nuevositio\\\/\"},{\"@type\":\"ListItem\",\"position\":2,\"name\":\"Nueva reuni\u00f3n en CARU por el plan de protecci\u00f3n del borde costero\"}]},{\"@type\":\"WebSite\",\"@id\":\"https:\\\/\\\/caru.org.uy\\\/nuevositio\\\/#website\",\"url\":\"https:\\\/\\\/caru.org.uy\\\/nuevositio\\\/\",\"name\":\"C.A.R.U.\",\"description\":\"Comisi\u00f3n Administradora del R\u00edo Uruguay\",\"publisher\":{\"@id\":\"https:\\\/\\\/caru.org.uy\\\/nuevositio\\\/#organization\"},\"potentialAction\":[{\"@type\":\"SearchAction\",\"target\":{\"@type\":\"EntryPoint\",\"urlTemplate\":\"https:\\\/\\\/caru.org.uy\\\/nuevositio\\\/?s={search_term_string}\"},\"query-input\":{\"@type\":\"PropertyValueSpecification\",\"valueRequired\":true,\"valueName\":\"search_term_string\"}}],\"inLanguage\":\"es\"},{\"@type\":\"Organization\",\"@id\":\"https:\\\/\\\/caru.org.uy\\\/nuevositio\\\/#organization\",\"name\":\"C.A.R.U.\",\"url\":\"https:\\\/\\\/caru.org.uy\\\/nuevositio\\\/\",\"logo\":{\"@type\":\"ImageObject\",\"inLanguage\":\"es\",\"@id\":\"https:\\\/\\\/caru.org.uy\\\/nuevositio\\\/#\\\/schema\\\/logo\\\/image\\\/\",\"url\":\"https:\\\/\\\/caru.org.uy\\\/nuevositio\\\/wp-content\\\/uploads\\\/2023\\\/11\\\/logo-nuevo.jpg\",\"contentUrl\":\"https:\\\/\\\/caru.org.uy\\\/nuevositio\\\/wp-content\\\/uploads\\\/2023\\\/11\\\/logo-nuevo.jpg\",\"width\":1,\"height\":1,\"caption\":\"C.A.R.U.\"},\"image\":{\"@id\":\"https:\\\/\\\/caru.org.uy\\\/nuevositio\\\/#\\\/schema\\\/logo\\\/image\\\/\"}},{\"@type\":\"Person\",\"@id\":\"https:\\\/\\\/caru.org.uy\\\/nuevositio\\\/#\\\/schema\\\/person\\\/9a11b7bc115602d2066d4c695b2aa3e5\",\"name\":\"Noma\",\"image\":{\"@type\":\"ImageObject\",\"inLanguage\":\"es\",\"@id\":\"https:\\\/\\\/secure.gravatar.com\\\/avatar\\\/8b0eb2764fe524b07cdc015df29e7576c061e58c50641dd8ccc46d3d448307e5?s=96&d=mm&r=g\",\"url\":\"https:\\\/\\\/secure.gravatar.com\\\/avatar\\\/8b0eb2764fe524b07cdc015df29e7576c061e58c50641dd8ccc46d3d448307e5?s=96&d=mm&r=g\",\"contentUrl\":\"https:\\\/\\\/secure.gravatar.com\\\/avatar\\\/8b0eb2764fe524b07cdc015df29e7576c061e58c50641dd8ccc46d3d448307e5?s=96&d=mm&r=g\",\"caption\":\"Noma\"},\"url\":\"https:\\\/\\\/caru.org.uy\\\/nuevositio\\\/author\\\/admin\\\/\"}]}<\/script>\n<!-- \/ Yoast SEO plugin. -->","yoast_head_json":{"title":"Nueva reuni\u00f3n en CARU por el plan de protecci\u00f3n del borde costero % C.A.R.U. imagen","robots":{"index":"index","follow":"follow","max-snippet":"max-snippet:-1","max-image-preview":"max-image-preview:large","max-video-preview":"max-video-preview:-1"},"canonical":"https:\/\/caru.org.uy\/nuevositio\/2021\/07\/29\/nueva-reunion-en-caru-por-el-plan-de-proteccion-del-borde-costero\/","og_locale":"es_ES","og_type":"article","og_title":"Nueva reuni\u00f3n en CARU por el plan de protecci\u00f3n del borde costero % C.A.R.U. imagen","og_description":"En la sede de la Comisi\u00f3n Administradora del R\u00edo Uruguay, el presidente de la Delegaci\u00f3n Argentina Jos\u00e9 Lauritto junto a los representantes argentinos del Comit\u00e9 Cient\u00edfico del organismo y la subsecretaria de Ambiente de Entre R\u00edos Valeria Gonz\u00e1lez Wetzel, recibieron al Director de Ambiente de la Municipalidad de Col\u00f3n, Roberto Bergara. Se trata de la [&hellip;]","og_url":"https:\/\/caru.org.uy\/nuevositio\/2021\/07\/29\/nueva-reunion-en-caru-por-el-plan-de-proteccion-del-borde-costero\/","og_site_name":"C.A.R.U.","article_published_time":"2021-07-29T15:08:00+00:00","article_modified_time":"2021-12-22T13:46:13+00:00","og_image":[{"width":1280,"height":759,"url":"https:\/\/caru.org.uy\/nuevositio\/wp-content\/uploads\/2021\/05\/CARU-borde-costero-noticia-2.jpg","type":"image\/jpeg"}],"author":"Noma","twitter_card":"summary_large_image","twitter_misc":{"Escrito por":"Noma","Tiempo de lectura":"2 minutos"},"schema":{"@context":"https:\/\/schema.org","@graph":[{"@type":["Article","BlogPosting"],"@id":"https:\/\/caru.org.uy\/nuevositio\/2021\/07\/29\/nueva-reunion-en-caru-por-el-plan-de-proteccion-del-borde-costero\/#article","isPartOf":{"@id":"https:\/\/caru.org.uy\/nuevositio\/2021\/07\/29\/nueva-reunion-en-caru-por-el-plan-de-proteccion-del-borde-costero\/"},"author":{"name":"Noma","@id":"https:\/\/caru.org.uy\/nuevositio\/#\/schema\/person\/9a11b7bc115602d2066d4c695b2aa3e5"},"headline":"Nueva reuni\u00f3n en CARU por el plan de protecci\u00f3n del borde costero","datePublished":"2021-07-29T15:08:00+00:00","dateModified":"2021-12-22T13:46:13+00:00","mainEntityOfPage":{"@id":"https:\/\/caru.org.uy\/nuevositio\/2021\/07\/29\/nueva-reunion-en-caru-por-el-plan-de-proteccion-del-borde-costero\/"},"wordCount":487,"commentCount":0,"publisher":{"@id":"https:\/\/caru.org.uy\/nuevositio\/#organization"},"image":{"@id":"https:\/\/caru.org.uy\/nuevositio\/2021\/07\/29\/nueva-reunion-en-caru-por-el-plan-de-proteccion-del-borde-costero\/#primaryimage"},"thumbnailUrl":"https:\/\/caru.org.uy\/nuevositio\/wp-content\/uploads\/2021\/05\/CARU-borde-costero-noticia-2.jpg","articleSection":["Noticias","Novedades"],"inLanguage":"es","potentialAction":[{"@type":"CommentAction","name":"Comment","target":["https:\/\/caru.org.uy\/nuevositio\/2021\/07\/29\/nueva-reunion-en-caru-por-el-plan-de-proteccion-del-borde-costero\/#respond"]}]},{"@type":"WebPage","@id":"https:\/\/caru.org.uy\/nuevositio\/2021\/07\/29\/nueva-reunion-en-caru-por-el-plan-de-proteccion-del-borde-costero\/","url":"https:\/\/caru.org.uy\/nuevositio\/2021\/07\/29\/nueva-reunion-en-caru-por-el-plan-de-proteccion-del-borde-costero\/","name":"Nueva reuni\u00f3n en CARU por el plan de protecci\u00f3n del borde costero % C.A.R.U. imagen","isPartOf":{"@id":"https:\/\/caru.org.uy\/nuevositio\/#website"},"primaryImageOfPage":{"@id":"https:\/\/caru.org.uy\/nuevositio\/2021\/07\/29\/nueva-reunion-en-caru-por-el-plan-de-proteccion-del-borde-costero\/#primaryimage"},"image":{"@id":"https:\/\/caru.org.uy\/nuevositio\/2021\/07\/29\/nueva-reunion-en-caru-por-el-plan-de-proteccion-del-borde-costero\/#primaryimage"},"thumbnailUrl":"https:\/\/caru.org.uy\/nuevositio\/wp-content\/uploads\/2021\/05\/CARU-borde-costero-noticia-2.jpg","datePublished":"2021-07-29T15:08:00+00:00","dateModified":"2021-12-22T13:46:13+00:00","breadcrumb":{"@id":"https:\/\/caru.org.uy\/nuevositio\/2021\/07\/29\/nueva-reunion-en-caru-por-el-plan-de-proteccion-del-borde-costero\/#breadcrumb"},"inLanguage":"es","potentialAction":[{"@type":"ReadAction","target":["https:\/\/caru.org.uy\/nuevositio\/2021\/07\/29\/nueva-reunion-en-caru-por-el-plan-de-proteccion-del-borde-costero\/"]}]},{"@type":"ImageObject","inLanguage":"es","@id":"https:\/\/caru.org.uy\/nuevositio\/2021\/07\/29\/nueva-reunion-en-caru-por-el-plan-de-proteccion-del-borde-costero\/#primaryimage","url":"https:\/\/caru.org.uy\/nuevositio\/wp-content\/uploads\/2021\/05\/CARU-borde-costero-noticia-2.jpg","contentUrl":"https:\/\/caru.org.uy\/nuevositio\/wp-content\/uploads\/2021\/05\/CARU-borde-costero-noticia-2.jpg","width":1280,"height":759},{"@type":"BreadcrumbList","@id":"https:\/\/caru.org.uy\/nuevositio\/2021\/07\/29\/nueva-reunion-en-caru-por-el-plan-de-proteccion-del-borde-costero\/#breadcrumb","itemListElement":[{"@type":"ListItem","position":1,"name":"Portada","item":"https:\/\/caru.org.uy\/nuevositio\/"},{"@type":"ListItem","position":2,"name":"Nueva reuni\u00f3n en CARU por el plan de protecci\u00f3n del borde costero"}]},{"@type":"WebSite","@id":"https:\/\/caru.org.uy\/nuevositio\/#website","url":"https:\/\/caru.org.uy\/nuevositio\/","name":"C.A.R.U.","description":"Comisi\u00f3n Administradora del R\u00edo Uruguay","publisher":{"@id":"https:\/\/caru.org.uy\/nuevositio\/#organization"},"potentialAction":[{"@type":"SearchAction","target":{"@type":"EntryPoint","urlTemplate":"https:\/\/caru.org.uy\/nuevositio\/?s={search_term_string}"},"query-input":{"@type":"PropertyValueSpecification","valueRequired":true,"valueName":"search_term_string"}}],"inLanguage":"es"},{"@type":"Organization","@id":"https:\/\/caru.org.uy\/nuevositio\/#organization","name":"C.A.R.U.","url":"https:\/\/caru.org.uy\/nuevositio\/","logo":{"@type":"ImageObject","inLanguage":"es","@id":"https:\/\/caru.org.uy\/nuevositio\/#\/schema\/logo\/image\/","url":"https:\/\/caru.org.uy\/nuevositio\/wp-content\/uploads\/2023\/11\/logo-nuevo.jpg","contentUrl":"https:\/\/caru.org.uy\/nuevositio\/wp-content\/uploads\/2023\/11\/logo-nuevo.jpg","width":1,"height":1,"caption":"C.A.R.U."},"image":{"@id":"https:\/\/caru.org.uy\/nuevositio\/#\/schema\/logo\/image\/"}},{"@type":"Person","@id":"https:\/\/caru.org.uy\/nuevositio\/#\/schema\/person\/9a11b7bc115602d2066d4c695b2aa3e5","name":"Noma","image":{"@type":"ImageObject","inLanguage":"es","@id":"https:\/\/secure.gravatar.com\/avatar\/8b0eb2764fe524b07cdc015df29e7576c061e58c50641dd8ccc46d3d448307e5?s=96&d=mm&r=g","url":"https:\/\/secure.gravatar.com\/avatar\/8b0eb2764fe524b07cdc015df29e7576c061e58c50641dd8ccc46d3d448307e5?s=96&d=mm&r=g","contentUrl":"https:\/\/secure.gravatar.com\/avatar\/8b0eb2764fe524b07cdc015df29e7576c061e58c50641dd8ccc46d3d448307e5?s=96&d=mm&r=g","caption":"Noma"},"url":"https:\/\/caru.org.uy\/nuevositio\/author\/admin\/"}]}},"_links":{"self":[{"href":"https:\/\/caru.org.uy\/nuevositio\/wp-json\/wp\/v2\/posts\/6616","targetHints":{"allow":["GET"]}}],"collection":[{"href":"https:\/\/caru.org.uy\/nuevositio\/wp-json\/wp\/v2\/posts"}],"about":[{"href":"https:\/\/caru.org.uy\/nuevositio\/wp-json\/wp\/v2\/types\/post"}],"author":[{"embeddable":true,"href":"https:\/\/caru.org.uy\/nuevositio\/wp-json\/wp\/v2\/users\/1"}],"replies":[{"embeddable":true,"href":"https:\/\/caru.org.uy\/nuevositio\/wp-json\/wp\/v2\/comments?post=6616"}],"version-history":[{"count":1,"href":"https:\/\/caru.org.uy\/nuevositio\/wp-json\/wp\/v2\/posts\/6616\/revisions"}],"predecessor-version":[{"id":6617,"href":"https:\/\/caru.org.uy\/nuevositio\/wp-json\/wp\/v2\/posts\/6616\/revisions\/6617"}],"wp:featuredmedia":[{"embeddable":true,"href":"https:\/\/caru.org.uy\/nuevositio\/wp-json\/wp\/v2\/media\/6593"}],"wp:attachment":[{"href":"https:\/\/caru.org.uy\/nuevositio\/wp-json\/wp\/v2\/media?parent=6616"}],"wp:term":[{"taxonomy":"category","embeddable":true,"href":"https:\/\/caru.org.uy\/nuevositio\/wp-json\/wp\/v2\/categories?post=6616"},{"taxonomy":"post_tag","embeddable":true,"href":"https:\/\/caru.org.uy\/nuevositio\/wp-json\/wp\/v2\/tags?post=6616"}],"curies":[{"name":"wp","href":"https:\/\/api.w.org\/{rel}","templated":true}]}}