{"id":6618,"date":"2021-12-09T15:18:45","date_gmt":"2021-12-09T15:18:45","guid":{"rendered":"https:\/\/caru.org.uy\/nuevositio\/?p=6618"},"modified":"2023-11-15T12:55:03","modified_gmt":"2023-11-15T12:55:03","slug":"el-presidente-de-caru-recibio-al-intendente-de-villa-paranacito","status":"publish","type":"post","link":"https:\/\/caru.org.uy\/nuevositio\/2021\/12\/09\/el-presidente-de-caru-recibio-al-intendente-de-villa-paranacito\/","title":{"rendered":"El Presidente de CARU recibi\u00f3 al intendente de Villa Paranacito"},"content":{"rendered":"\t\t<div data-elementor-type=\"wp-post\" data-elementor-id=\"6618\" class=\"elementor elementor-6618\" data-elementor-post-type=\"post\">\n\t\t\t\t\t\t<section class=\"elementor-section elementor-top-section elementor-element elementor-element-152d26ac elementor-section-boxed elementor-section-height-default elementor-section-height-default\" data-id=\"152d26ac\" data-element_type=\"section\" data-e-type=\"section\" data-settings=\"{&quot;jet_parallax_layout_list&quot;:[]}\">\n\t\t\t\t\t\t<div class=\"elementor-container elementor-column-gap-default\">\n\t\t\t\t\t<div class=\"elementor-column elementor-col-50 elementor-top-column elementor-element elementor-element-a26caa8\" data-id=\"a26caa8\" data-element_type=\"column\" data-e-type=\"column\">\n\t\t\t<div class=\"elementor-widget-wrap elementor-element-populated\">\n\t\t\t\t\t\t<div class=\"elementor-element elementor-element-4652fd9 elementor-widget elementor-widget-image\" data-id=\"4652fd9\" data-element_type=\"widget\" data-e-type=\"widget\" data-widget_type=\"image.default\">\n\t\t\t\t<div class=\"elementor-widget-container\">\n\t\t\t\t\t\t\t\t\t\t\t\t\t\t\t<img fetchpriority=\"high\" decoding=\"async\" width=\"1024\" height=\"696\" src=\"https:\/\/caru.org.uy\/nuevositio\/wp-content\/uploads\/2021\/05\/CARU-borde-costero-noticia-3-1024x696.jpg\" class=\"attachment-large size-large wp-image-6594\" alt=\"\" srcset=\"https:\/\/caru.org.uy\/nuevositio\/wp-content\/uploads\/2021\/05\/CARU-borde-costero-noticia-3-1024x696.jpg 1024w, https:\/\/caru.org.uy\/nuevositio\/wp-content\/uploads\/2021\/05\/CARU-borde-costero-noticia-3-300x204.jpg 300w, https:\/\/caru.org.uy\/nuevositio\/wp-content\/uploads\/2021\/05\/CARU-borde-costero-noticia-3-768x522.jpg 768w, https:\/\/caru.org.uy\/nuevositio\/wp-content\/uploads\/2021\/05\/CARU-borde-costero-noticia-3.jpg 1535w\" sizes=\"(max-width: 1024px) 100vw, 1024px\" \/>\t\t\t\t\t\t\t\t\t\t\t\t\t\t\t<\/div>\n\t\t\t\t<\/div>\n\t\t\t\t\t<\/div>\n\t\t<\/div>\n\t\t\t\t<div class=\"elementor-column elementor-col-50 elementor-top-column elementor-element elementor-element-703cdfb5\" data-id=\"703cdfb5\" data-element_type=\"column\" data-e-type=\"column\">\n\t\t\t<div class=\"elementor-widget-wrap elementor-element-populated\">\n\t\t\t\t\t\t<div class=\"elementor-element elementor-element-47a06ba elementor-widget elementor-widget-text-editor\" data-id=\"47a06ba\" data-element_type=\"widget\" data-e-type=\"widget\" data-widget_type=\"text-editor.default\">\n\t\t\t\t<div class=\"elementor-widget-container\">\n\t\t\t\t\t\t\t\t\t\n<p>El presidente de la Comisi\u00f3n Administradora del R\u00edo Uruguay (CARU), Jos\u00e9 Eduardo Lauritto, recibi\u00f3 en la sede del organismo binacional al Intendente de Villa Paranacito, Gabriel Garc\u00eda. Se trat\u00f3 de un nuevo encuentro de una serie de reuniones que la Delegaci\u00f3n Argentina de la CARU desarrolla con los intendentes de las ciudades ribere\u00f1as y con influencia directa en el r\u00edo Uruguay.<\/p>\n\n\n\n<p>\u201cEsta es la primera reuni\u00f3n que mantenemos con el Intendente Garc\u00eda, a quien agradecemos la predisposici\u00f3n de acercarse a CARU, en el marco de esta idea que sostenemos, de articular con los gobiernos municipales de la Costa del r\u00edo Uruguay. Entre varios temas comunes que tratamos, se hizo hincapi\u00e9 en la situaci\u00f3n ambiental, ya que compartimos la preocupaci\u00f3n sobre el estado del r\u00edo Uruguay y sus afluentes, los humedales y los bordes costeros\u201d, se\u00f1al\u00f3 Lauritto luego del encuentro.<\/p>\n\n\n\n<p>La Delegaci\u00f3n Argentina de CARU ya ha mantenido reuniones con intendentes de Concordia, Gualeguaych\u00fa, Concepci\u00f3n del Uruguay, Col\u00f3n y San Jos\u00e9 y sus equipos de ambiente; y la intenci\u00f3n es ampliar esos encuentros a m\u00e1s localidades ribere\u00f1as, comenzando con Villa Paranacito.<\/p>\n\n\n\n<p>\u201cEstos encuentros le dan continuidad a uno de los ejes que trazamos al asumir en la Comisi\u00f3n: construir cercan\u00edas y trabajar en conjunto con los municipios de la costa del r\u00edo Uruguay. Debemos agradecer que hemos encontrado puertas abiertas de los intendentes y desde el a\u00f1o pasado se iniciaron estos encuentros entre los responsables t\u00e9cnicos de las \u00e1reas ambientales para avanzar en propuestas concretas para mejorar la situaci\u00f3n del r\u00edo Uruguay\u201d, indic\u00f3 el titular de CARU.<\/p>\n\n\n\n<p>Paranacito, en el sur de la provincia de Entre R\u00edos, es una localidad donde gran parte de su territorio pertenece a zonas de humedales. Gabriel Garc\u00eda comparti\u00f3 con Lauritto algunas acciones realizadas desde el Municipio tendientes a proteger los bordes costeros y el medio ambiente.<\/p>\n\n\n\n<p>Lauritto destac\u00f3 que CARU avanza en la elaboraci\u00f3n de un Plan de Protecci\u00f3n y Rehabilitaci\u00f3n del borde costero. Est\u00e1 comprobado que las zonas de amortiguamiento ribere\u00f1as tienen funciones vitales para los ecosistemas acu\u00e1ticos, como nuestro r\u00edo y nuestros arroyos, puesto que ellas sirven como filtros naturales de nutrientes y sedimentos inorg\u00e1nicos finos provenientes de las zonas adyacentes. Proteger y mejorar las zonas ribere\u00f1as, es considerado por los cient\u00edficos a nivel mundial, uno de los primeros pasos hacia la rehabilitaci\u00f3n de los cuerpos de agua degradados, protegi\u00e9ndolos de los impactos de las actividades humanas.<\/p>\n\t\t\t\t\t\t\t\t<\/div>\n\t\t\t\t<\/div>\n\t\t\t\t\t<\/div>\n\t\t<\/div>\n\t\t\t\t\t<\/div>\n\t\t<\/section>\n\t\t\t\t<\/div>\n\t\t","protected":false},"excerpt":{"rendered":"<p>El presidente de la Comisi\u00f3n Administradora del R\u00edo Uruguay (CARU), Jos\u00e9 Eduardo Lauritto, recibi\u00f3 en la sede del organismo binacional al Intendente de Villa Paranacito, Gabriel Garc\u00eda. Se trat\u00f3 de un nuevo encuentro de una serie de reuniones que la Delegaci\u00f3n Argentina de la CARU desarrolla con los intendentes de las ciudades ribere\u00f1as y con [&hellip;]<\/p>\n","protected":false},"author":1,"featured_media":6594,"comment_status":"closed","ping_status":"open","sticky":false,"template":"","format":"standard","meta":{"_acf_changed":false,"_joinchat":[],"footnotes":""},"categories":[37,27],"tags":[],"class_list":["post-6618","post","type-post","status-publish","format-standard","has-post-thumbnail","hentry","category-noticias","category-novedades"],"acf":[],"yoast_head":"<!-- This site is optimized with the Yoast SEO plugin v27.3 - https:\/\/yoast.com\/product\/yoast-seo-wordpress\/ -->\n<title>El Presidente de CARU recibi\u00f3 al intendente de Villa Paranacito % C.A.R.U. imagen<\/title>\n<meta name=\"robots\" content=\"index, follow, max-snippet:-1, max-image-preview:large, max-video-preview:-1\" \/>\n<link rel=\"canonical\" href=\"https:\/\/caru.org.uy\/nuevositio\/2021\/12\/09\/el-presidente-de-caru-recibio-al-intendente-de-villa-paranacito\/\" \/>\n<meta property=\"og:locale\" content=\"es_ES\" \/>\n<meta property=\"og:type\" content=\"article\" \/>\n<meta property=\"og:title\" content=\"El Presidente de CARU recibi\u00f3 al intendente de Villa Paranacito % C.A.R.U. imagen\" \/>\n<meta property=\"og:description\" content=\"El presidente de la Comisi\u00f3n Administradora del R\u00edo Uruguay (CARU), Jos\u00e9 Eduardo Lauritto, recibi\u00f3 en la sede del organismo binacional al Intendente de Villa Paranacito, Gabriel Garc\u00eda. Se trat\u00f3 de un nuevo encuentro de una serie de reuniones que la Delegaci\u00f3n Argentina de la CARU desarrolla con los intendentes de las ciudades ribere\u00f1as y con [&hellip;]\" \/>\n<meta property=\"og:url\" content=\"https:\/\/caru.org.uy\/nuevositio\/2021\/12\/09\/el-presidente-de-caru-recibio-al-intendente-de-villa-paranacito\/\" \/>\n<meta property=\"og:site_name\" content=\"C.A.R.U.\" \/>\n<meta property=\"article:published_time\" content=\"2021-12-09T15:18:45+00:00\" \/>\n<meta property=\"article:modified_time\" content=\"2023-11-15T12:55:03+00:00\" \/>\n<meta property=\"og:image\" content=\"https:\/\/caru.org.uy\/nuevositio\/wp-content\/uploads\/2021\/05\/CARU-borde-costero-noticia-3.jpg\" \/>\n\t<meta property=\"og:image:width\" content=\"1535\" \/>\n\t<meta property=\"og:image:height\" content=\"1043\" \/>\n\t<meta property=\"og:image:type\" content=\"image\/jpeg\" \/>\n<meta name=\"author\" content=\"Noma\" \/>\n<meta name=\"twitter:card\" content=\"summary_large_image\" \/>\n<meta name=\"twitter:label1\" content=\"Escrito por\" \/>\n\t<meta name=\"twitter:data1\" content=\"Noma\" \/>\n\t<meta name=\"twitter:label2\" content=\"Tiempo de lectura\" \/>\n\t<meta name=\"twitter:data2\" content=\"2 minutos\" \/>\n<script type=\"application\/ld+json\" class=\"yoast-schema-graph\">{\"@context\":\"https:\\\/\\\/schema.org\",\"@graph\":[{\"@type\":[\"Article\",\"BlogPosting\"],\"@id\":\"https:\\\/\\\/caru.org.uy\\\/nuevositio\\\/2021\\\/12\\\/09\\\/el-presidente-de-caru-recibio-al-intendente-de-villa-paranacito\\\/#article\",\"isPartOf\":{\"@id\":\"https:\\\/\\\/caru.org.uy\\\/nuevositio\\\/2021\\\/12\\\/09\\\/el-presidente-de-caru-recibio-al-intendente-de-villa-paranacito\\\/\"},\"author\":{\"name\":\"Noma\",\"@id\":\"https:\\\/\\\/caru.org.uy\\\/nuevositio\\\/#\\\/schema\\\/person\\\/9a11b7bc115602d2066d4c695b2aa3e5\"},\"headline\":\"El Presidente de CARU recibi\u00f3 al intendente de Villa Paranacito\",\"datePublished\":\"2021-12-09T15:18:45+00:00\",\"dateModified\":\"2023-11-15T12:55:03+00:00\",\"mainEntityOfPage\":{\"@id\":\"https:\\\/\\\/caru.org.uy\\\/nuevositio\\\/2021\\\/12\\\/09\\\/el-presidente-de-caru-recibio-al-intendente-de-villa-paranacito\\\/\"},\"wordCount\":444,\"publisher\":{\"@id\":\"https:\\\/\\\/caru.org.uy\\\/nuevositio\\\/#organization\"},\"image\":{\"@id\":\"https:\\\/\\\/caru.org.uy\\\/nuevositio\\\/2021\\\/12\\\/09\\\/el-presidente-de-caru-recibio-al-intendente-de-villa-paranacito\\\/#primaryimage\"},\"thumbnailUrl\":\"https:\\\/\\\/caru.org.uy\\\/nuevositio\\\/wp-content\\\/uploads\\\/2021\\\/05\\\/CARU-borde-costero-noticia-3.jpg\",\"articleSection\":[\"Noticias\",\"Novedades\"],\"inLanguage\":\"es\"},{\"@type\":\"WebPage\",\"@id\":\"https:\\\/\\\/caru.org.uy\\\/nuevositio\\\/2021\\\/12\\\/09\\\/el-presidente-de-caru-recibio-al-intendente-de-villa-paranacito\\\/\",\"url\":\"https:\\\/\\\/caru.org.uy\\\/nuevositio\\\/2021\\\/12\\\/09\\\/el-presidente-de-caru-recibio-al-intendente-de-villa-paranacito\\\/\",\"name\":\"El Presidente de CARU recibi\u00f3 al intendente de Villa Paranacito % C.A.R.U. imagen\",\"isPartOf\":{\"@id\":\"https:\\\/\\\/caru.org.uy\\\/nuevositio\\\/#website\"},\"primaryImageOfPage\":{\"@id\":\"https:\\\/\\\/caru.org.uy\\\/nuevositio\\\/2021\\\/12\\\/09\\\/el-presidente-de-caru-recibio-al-intendente-de-villa-paranacito\\\/#primaryimage\"},\"image\":{\"@id\":\"https:\\\/\\\/caru.org.uy\\\/nuevositio\\\/2021\\\/12\\\/09\\\/el-presidente-de-caru-recibio-al-intendente-de-villa-paranacito\\\/#primaryimage\"},\"thumbnailUrl\":\"https:\\\/\\\/caru.org.uy\\\/nuevositio\\\/wp-content\\\/uploads\\\/2021\\\/05\\\/CARU-borde-costero-noticia-3.jpg\",\"datePublished\":\"2021-12-09T15:18:45+00:00\",\"dateModified\":\"2023-11-15T12:55:03+00:00\",\"breadcrumb\":{\"@id\":\"https:\\\/\\\/caru.org.uy\\\/nuevositio\\\/2021\\\/12\\\/09\\\/el-presidente-de-caru-recibio-al-intendente-de-villa-paranacito\\\/#breadcrumb\"},\"inLanguage\":\"es\",\"potentialAction\":[{\"@type\":\"ReadAction\",\"target\":[\"https:\\\/\\\/caru.org.uy\\\/nuevositio\\\/2021\\\/12\\\/09\\\/el-presidente-de-caru-recibio-al-intendente-de-villa-paranacito\\\/\"]}]},{\"@type\":\"ImageObject\",\"inLanguage\":\"es\",\"@id\":\"https:\\\/\\\/caru.org.uy\\\/nuevositio\\\/2021\\\/12\\\/09\\\/el-presidente-de-caru-recibio-al-intendente-de-villa-paranacito\\\/#primaryimage\",\"url\":\"https:\\\/\\\/caru.org.uy\\\/nuevositio\\\/wp-content\\\/uploads\\\/2021\\\/05\\\/CARU-borde-costero-noticia-3.jpg\",\"contentUrl\":\"https:\\\/\\\/caru.org.uy\\\/nuevositio\\\/wp-content\\\/uploads\\\/2021\\\/05\\\/CARU-borde-costero-noticia-3.jpg\",\"width\":1535,\"height\":1043},{\"@type\":\"BreadcrumbList\",\"@id\":\"https:\\\/\\\/caru.org.uy\\\/nuevositio\\\/2021\\\/12\\\/09\\\/el-presidente-de-caru-recibio-al-intendente-de-villa-paranacito\\\/#breadcrumb\",\"itemListElement\":[{\"@type\":\"ListItem\",\"position\":1,\"name\":\"Portada\",\"item\":\"https:\\\/\\\/caru.org.uy\\\/nuevositio\\\/\"},{\"@type\":\"ListItem\",\"position\":2,\"name\":\"El Presidente de CARU recibi\u00f3 al intendente de Villa Paranacito\"}]},{\"@type\":\"WebSite\",\"@id\":\"https:\\\/\\\/caru.org.uy\\\/nuevositio\\\/#website\",\"url\":\"https:\\\/\\\/caru.org.uy\\\/nuevositio\\\/\",\"name\":\"C.A.R.U.\",\"description\":\"Comisi\u00f3n Administradora del R\u00edo Uruguay\",\"publisher\":{\"@id\":\"https:\\\/\\\/caru.org.uy\\\/nuevositio\\\/#organization\"},\"potentialAction\":[{\"@type\":\"SearchAction\",\"target\":{\"@type\":\"EntryPoint\",\"urlTemplate\":\"https:\\\/\\\/caru.org.uy\\\/nuevositio\\\/?s={search_term_string}\"},\"query-input\":{\"@type\":\"PropertyValueSpecification\",\"valueRequired\":true,\"valueName\":\"search_term_string\"}}],\"inLanguage\":\"es\"},{\"@type\":\"Organization\",\"@id\":\"https:\\\/\\\/caru.org.uy\\\/nuevositio\\\/#organization\",\"name\":\"C.A.R.U.\",\"url\":\"https:\\\/\\\/caru.org.uy\\\/nuevositio\\\/\",\"logo\":{\"@type\":\"ImageObject\",\"inLanguage\":\"es\",\"@id\":\"https:\\\/\\\/caru.org.uy\\\/nuevositio\\\/#\\\/schema\\\/logo\\\/image\\\/\",\"url\":\"https:\\\/\\\/caru.org.uy\\\/nuevositio\\\/wp-content\\\/uploads\\\/2023\\\/11\\\/logo-nuevo.jpg\",\"contentUrl\":\"https:\\\/\\\/caru.org.uy\\\/nuevositio\\\/wp-content\\\/uploads\\\/2023\\\/11\\\/logo-nuevo.jpg\",\"width\":1,\"height\":1,\"caption\":\"C.A.R.U.\"},\"image\":{\"@id\":\"https:\\\/\\\/caru.org.uy\\\/nuevositio\\\/#\\\/schema\\\/logo\\\/image\\\/\"}},{\"@type\":\"Person\",\"@id\":\"https:\\\/\\\/caru.org.uy\\\/nuevositio\\\/#\\\/schema\\\/person\\\/9a11b7bc115602d2066d4c695b2aa3e5\",\"name\":\"Noma\",\"image\":{\"@type\":\"ImageObject\",\"inLanguage\":\"es\",\"@id\":\"https:\\\/\\\/secure.gravatar.com\\\/avatar\\\/8b0eb2764fe524b07cdc015df29e7576c061e58c50641dd8ccc46d3d448307e5?s=96&d=mm&r=g\",\"url\":\"https:\\\/\\\/secure.gravatar.com\\\/avatar\\\/8b0eb2764fe524b07cdc015df29e7576c061e58c50641dd8ccc46d3d448307e5?s=96&d=mm&r=g\",\"contentUrl\":\"https:\\\/\\\/secure.gravatar.com\\\/avatar\\\/8b0eb2764fe524b07cdc015df29e7576c061e58c50641dd8ccc46d3d448307e5?s=96&d=mm&r=g\",\"caption\":\"Noma\"},\"url\":\"https:\\\/\\\/caru.org.uy\\\/nuevositio\\\/author\\\/admin\\\/\"}]}<\/script>\n<!-- \/ Yoast SEO plugin. -->","yoast_head_json":{"title":"El Presidente de CARU recibi\u00f3 al intendente de Villa Paranacito % C.A.R.U. imagen","robots":{"index":"index","follow":"follow","max-snippet":"max-snippet:-1","max-image-preview":"max-image-preview:large","max-video-preview":"max-video-preview:-1"},"canonical":"https:\/\/caru.org.uy\/nuevositio\/2021\/12\/09\/el-presidente-de-caru-recibio-al-intendente-de-villa-paranacito\/","og_locale":"es_ES","og_type":"article","og_title":"El Presidente de CARU recibi\u00f3 al intendente de Villa Paranacito % C.A.R.U. imagen","og_description":"El presidente de la Comisi\u00f3n Administradora del R\u00edo Uruguay (CARU), Jos\u00e9 Eduardo Lauritto, recibi\u00f3 en la sede del organismo binacional al Intendente de Villa Paranacito, Gabriel Garc\u00eda. Se trat\u00f3 de un nuevo encuentro de una serie de reuniones que la Delegaci\u00f3n Argentina de la CARU desarrolla con los intendentes de las ciudades ribere\u00f1as y con [&hellip;]","og_url":"https:\/\/caru.org.uy\/nuevositio\/2021\/12\/09\/el-presidente-de-caru-recibio-al-intendente-de-villa-paranacito\/","og_site_name":"C.A.R.U.","article_published_time":"2021-12-09T15:18:45+00:00","article_modified_time":"2023-11-15T12:55:03+00:00","og_image":[{"width":1535,"height":1043,"url":"https:\/\/caru.org.uy\/nuevositio\/wp-content\/uploads\/2021\/05\/CARU-borde-costero-noticia-3.jpg","type":"image\/jpeg"}],"author":"Noma","twitter_card":"summary_large_image","twitter_misc":{"Escrito por":"Noma","Tiempo de lectura":"2 minutos"},"schema":{"@context":"https:\/\/schema.org","@graph":[{"@type":["Article","BlogPosting"],"@id":"https:\/\/caru.org.uy\/nuevositio\/2021\/12\/09\/el-presidente-de-caru-recibio-al-intendente-de-villa-paranacito\/#article","isPartOf":{"@id":"https:\/\/caru.org.uy\/nuevositio\/2021\/12\/09\/el-presidente-de-caru-recibio-al-intendente-de-villa-paranacito\/"},"author":{"name":"Noma","@id":"https:\/\/caru.org.uy\/nuevositio\/#\/schema\/person\/9a11b7bc115602d2066d4c695b2aa3e5"},"headline":"El Presidente de CARU recibi\u00f3 al intendente de Villa Paranacito","datePublished":"2021-12-09T15:18:45+00:00","dateModified":"2023-11-15T12:55:03+00:00","mainEntityOfPage":{"@id":"https:\/\/caru.org.uy\/nuevositio\/2021\/12\/09\/el-presidente-de-caru-recibio-al-intendente-de-villa-paranacito\/"},"wordCount":444,"publisher":{"@id":"https:\/\/caru.org.uy\/nuevositio\/#organization"},"image":{"@id":"https:\/\/caru.org.uy\/nuevositio\/2021\/12\/09\/el-presidente-de-caru-recibio-al-intendente-de-villa-paranacito\/#primaryimage"},"thumbnailUrl":"https:\/\/caru.org.uy\/nuevositio\/wp-content\/uploads\/2021\/05\/CARU-borde-costero-noticia-3.jpg","articleSection":["Noticias","Novedades"],"inLanguage":"es"},{"@type":"WebPage","@id":"https:\/\/caru.org.uy\/nuevositio\/2021\/12\/09\/el-presidente-de-caru-recibio-al-intendente-de-villa-paranacito\/","url":"https:\/\/caru.org.uy\/nuevositio\/2021\/12\/09\/el-presidente-de-caru-recibio-al-intendente-de-villa-paranacito\/","name":"El Presidente de CARU recibi\u00f3 al intendente de Villa Paranacito % C.A.R.U. imagen","isPartOf":{"@id":"https:\/\/caru.org.uy\/nuevositio\/#website"},"primaryImageOfPage":{"@id":"https:\/\/caru.org.uy\/nuevositio\/2021\/12\/09\/el-presidente-de-caru-recibio-al-intendente-de-villa-paranacito\/#primaryimage"},"image":{"@id":"https:\/\/caru.org.uy\/nuevositio\/2021\/12\/09\/el-presidente-de-caru-recibio-al-intendente-de-villa-paranacito\/#primaryimage"},"thumbnailUrl":"https:\/\/caru.org.uy\/nuevositio\/wp-content\/uploads\/2021\/05\/CARU-borde-costero-noticia-3.jpg","datePublished":"2021-12-09T15:18:45+00:00","dateModified":"2023-11-15T12:55:03+00:00","breadcrumb":{"@id":"https:\/\/caru.org.uy\/nuevositio\/2021\/12\/09\/el-presidente-de-caru-recibio-al-intendente-de-villa-paranacito\/#breadcrumb"},"inLanguage":"es","potentialAction":[{"@type":"ReadAction","target":["https:\/\/caru.org.uy\/nuevositio\/2021\/12\/09\/el-presidente-de-caru-recibio-al-intendente-de-villa-paranacito\/"]}]},{"@type":"ImageObject","inLanguage":"es","@id":"https:\/\/caru.org.uy\/nuevositio\/2021\/12\/09\/el-presidente-de-caru-recibio-al-intendente-de-villa-paranacito\/#primaryimage","url":"https:\/\/caru.org.uy\/nuevositio\/wp-content\/uploads\/2021\/05\/CARU-borde-costero-noticia-3.jpg","contentUrl":"https:\/\/caru.org.uy\/nuevositio\/wp-content\/uploads\/2021\/05\/CARU-borde-costero-noticia-3.jpg","width":1535,"height":1043},{"@type":"BreadcrumbList","@id":"https:\/\/caru.org.uy\/nuevositio\/2021\/12\/09\/el-presidente-de-caru-recibio-al-intendente-de-villa-paranacito\/#breadcrumb","itemListElement":[{"@type":"ListItem","position":1,"name":"Portada","item":"https:\/\/caru.org.uy\/nuevositio\/"},{"@type":"ListItem","position":2,"name":"El Presidente de CARU recibi\u00f3 al intendente de Villa Paranacito"}]},{"@type":"WebSite","@id":"https:\/\/caru.org.uy\/nuevositio\/#website","url":"https:\/\/caru.org.uy\/nuevositio\/","name":"C.A.R.U.","description":"Comisi\u00f3n Administradora del R\u00edo Uruguay","publisher":{"@id":"https:\/\/caru.org.uy\/nuevositio\/#organization"},"potentialAction":[{"@type":"SearchAction","target":{"@type":"EntryPoint","urlTemplate":"https:\/\/caru.org.uy\/nuevositio\/?s={search_term_string}"},"query-input":{"@type":"PropertyValueSpecification","valueRequired":true,"valueName":"search_term_string"}}],"inLanguage":"es"},{"@type":"Organization","@id":"https:\/\/caru.org.uy\/nuevositio\/#organization","name":"C.A.R.U.","url":"https:\/\/caru.org.uy\/nuevositio\/","logo":{"@type":"ImageObject","inLanguage":"es","@id":"https:\/\/caru.org.uy\/nuevositio\/#\/schema\/logo\/image\/","url":"https:\/\/caru.org.uy\/nuevositio\/wp-content\/uploads\/2023\/11\/logo-nuevo.jpg","contentUrl":"https:\/\/caru.org.uy\/nuevositio\/wp-content\/uploads\/2023\/11\/logo-nuevo.jpg","width":1,"height":1,"caption":"C.A.R.U."},"image":{"@id":"https:\/\/caru.org.uy\/nuevositio\/#\/schema\/logo\/image\/"}},{"@type":"Person","@id":"https:\/\/caru.org.uy\/nuevositio\/#\/schema\/person\/9a11b7bc115602d2066d4c695b2aa3e5","name":"Noma","image":{"@type":"ImageObject","inLanguage":"es","@id":"https:\/\/secure.gravatar.com\/avatar\/8b0eb2764fe524b07cdc015df29e7576c061e58c50641dd8ccc46d3d448307e5?s=96&d=mm&r=g","url":"https:\/\/secure.gravatar.com\/avatar\/8b0eb2764fe524b07cdc015df29e7576c061e58c50641dd8ccc46d3d448307e5?s=96&d=mm&r=g","contentUrl":"https:\/\/secure.gravatar.com\/avatar\/8b0eb2764fe524b07cdc015df29e7576c061e58c50641dd8ccc46d3d448307e5?s=96&d=mm&r=g","caption":"Noma"},"url":"https:\/\/caru.org.uy\/nuevositio\/author\/admin\/"}]}},"_links":{"self":[{"href":"https:\/\/caru.org.uy\/nuevositio\/wp-json\/wp\/v2\/posts\/6618","targetHints":{"allow":["GET"]}}],"collection":[{"href":"https:\/\/caru.org.uy\/nuevositio\/wp-json\/wp\/v2\/posts"}],"about":[{"href":"https:\/\/caru.org.uy\/nuevositio\/wp-json\/wp\/v2\/types\/post"}],"author":[{"embeddable":true,"href":"https:\/\/caru.org.uy\/nuevositio\/wp-json\/wp\/v2\/users\/1"}],"replies":[{"embeddable":true,"href":"https:\/\/caru.org.uy\/nuevositio\/wp-json\/wp\/v2\/comments?post=6618"}],"version-history":[{"count":5,"href":"https:\/\/caru.org.uy\/nuevositio\/wp-json\/wp\/v2\/posts\/6618\/revisions"}],"predecessor-version":[{"id":8771,"href":"https:\/\/caru.org.uy\/nuevositio\/wp-json\/wp\/v2\/posts\/6618\/revisions\/8771"}],"wp:featuredmedia":[{"embeddable":true,"href":"https:\/\/caru.org.uy\/nuevositio\/wp-json\/wp\/v2\/media\/6594"}],"wp:attachment":[{"href":"https:\/\/caru.org.uy\/nuevositio\/wp-json\/wp\/v2\/media?parent=6618"}],"wp:term":[{"taxonomy":"category","embeddable":true,"href":"https:\/\/caru.org.uy\/nuevositio\/wp-json\/wp\/v2\/categories?post=6618"},{"taxonomy":"post_tag","embeddable":true,"href":"https:\/\/caru.org.uy\/nuevositio\/wp-json\/wp\/v2\/tags?post=6618"}],"curies":[{"name":"wp","href":"https:\/\/api.w.org\/{rel}","templated":true}]}}