{"id":7430,"date":"2022-02-21T17:18:55","date_gmt":"2022-02-21T17:18:55","guid":{"rendered":"https:\/\/caru.org.uy\/nuevositio\/?p=7430"},"modified":"2023-11-15T12:53:43","modified_gmt":"2023-11-15T12:53:43","slug":"mas-de-35-mil-autos-pasaron-por-los-puentes-artigas-y-san-martin","status":"publish","type":"post","link":"https:\/\/caru.org.uy\/nuevositio\/2022\/02\/21\/mas-de-35-mil-autos-pasaron-por-los-puentes-artigas-y-san-martin\/","title":{"rendered":"M\u00e1s de 35 mil autos pasaron por los puentes Artigas y San Mart\u00edn"},"content":{"rendered":"\t\t<div data-elementor-type=\"wp-post\" data-elementor-id=\"7430\" class=\"elementor elementor-7430\" data-elementor-post-type=\"post\">\n\t\t\t\t\t\t<section class=\"elementor-section elementor-top-section elementor-element elementor-element-50fec607 elementor-section-boxed elementor-section-height-default elementor-section-height-default\" data-id=\"50fec607\" data-element_type=\"section\" data-e-type=\"section\" data-settings=\"{&quot;jet_parallax_layout_list&quot;:[]}\">\n\t\t\t\t\t\t<div class=\"elementor-container elementor-column-gap-default\">\n\t\t\t\t\t<div class=\"elementor-column elementor-col-50 elementor-top-column elementor-element elementor-element-bc566a0\" data-id=\"bc566a0\" data-element_type=\"column\" data-e-type=\"column\">\n\t\t\t<div class=\"elementor-widget-wrap elementor-element-populated\">\n\t\t\t\t\t\t<div class=\"elementor-element elementor-element-b71fb7 elementor-widget elementor-widget-image\" data-id=\"b71fb7\" data-element_type=\"widget\" data-e-type=\"widget\" data-widget_type=\"image.default\">\n\t\t\t\t<div class=\"elementor-widget-container\">\n\t\t\t\t\t\t\t\t\t\t\t\t\t\t\t<img fetchpriority=\"high\" decoding=\"async\" width=\"768\" height=\"576\" src=\"https:\/\/caru.org.uy\/nuevositio\/wp-content\/uploads\/2022\/02\/Informe-movimiento-frontera-en-Puentes-CARU.jpeg\" class=\"attachment-large size-large wp-image-7433\" alt=\"\" srcset=\"https:\/\/caru.org.uy\/nuevositio\/wp-content\/uploads\/2022\/02\/Informe-movimiento-frontera-en-Puentes-CARU.jpeg 768w, https:\/\/caru.org.uy\/nuevositio\/wp-content\/uploads\/2022\/02\/Informe-movimiento-frontera-en-Puentes-CARU-300x225.jpeg 300w\" sizes=\"(max-width: 768px) 100vw, 768px\" \/>\t\t\t\t\t\t\t\t\t\t\t\t\t\t\t<\/div>\n\t\t\t\t<\/div>\n\t\t\t\t\t<\/div>\n\t\t<\/div>\n\t\t\t\t<div class=\"elementor-column elementor-col-50 elementor-top-column elementor-element elementor-element-27319ecf\" data-id=\"27319ecf\" data-element_type=\"column\" data-e-type=\"column\">\n\t\t\t<div class=\"elementor-widget-wrap elementor-element-populated\">\n\t\t\t\t\t\t<div class=\"elementor-element elementor-element-5615a08d elementor-widget elementor-widget-text-editor\" data-id=\"5615a08d\" data-element_type=\"widget\" data-e-type=\"widget\" data-widget_type=\"text-editor.default\">\n\t\t\t\t<div class=\"elementor-widget-container\">\n\t\t\t\t\t\t\t\t\t<p><em>En un mes desde la reapertura de las fronteras terrestres por los puentes Artigas y San Mart\u00edn, se movilizaron 35.852 autom\u00f3viles. M\u00e1s de 22 mil ingresaron a la Rep\u00fablica Oriental del Uruguay, y poco m\u00e1s de 13 mil ingresaron a Argentina.<br \/><br \/><\/em>Este lunes se cumpli\u00f3 un mes desde la autorizaci\u00f3n del Gobierno Nacional Argentino a los corredores seguros en Entre R\u00edos para los pasos fronterizos por los dos puentes internacionales que administra la Comisi\u00f3n Administradora del R\u00edo Uruguay (CARU): El Puente Libertador General San Mart\u00edn (Gualeguaych\u00fa\u2013Fray Bentos), y el Puente General Artigas (Col\u00f3n-Paysand\u00fa).<\/p><p>Desde el 10 de diciembre de 2021 al 13 de enero 2022, ingresaron a la Argentina por los puentes Artigas y San Mart\u00edn que administra CARU, un total de 13.026 autom\u00f3viles, 6.367 camiones y 156 motos. En tanto que de Argentina al Uruguay ingresaron en el mismo per\u00edodo 22.826 autom\u00f3viles, 6.307 camiones y 196 motos.\u00a0<\/p><p><strong>Por puentes<\/strong><\/p><p>Los ingresos a la Argentina est\u00e1n distribuidos de la siguiente manera: por el Puente Libertador General San Mart\u00edn (Fray Bentos \u2013 Gualeguaych\u00fa) ingresaron 9.824 autom\u00f3viles y 5.520 camiones y por el Puente General Artigas (Paysand\u00fa \u2013 Col\u00f3n) ingresaron 3.202 autos y 787 camiones<\/p><p>En tanto que los ingresos a la Rep\u00fablica Oriental del Uruguay por ambos puentes fueron los siguientes: Por el puente San Mart\u00edn ingresaron 17.823 autom\u00f3viles y 5.769 camiones y por el puente Artigas ingresaron 5.003 autos y 538 camiones.<\/p><p>En n\u00fameros totales, en el \u00faltimo mes se movilizaron por el Puente Libertador General San Mart\u00edn (Gualeguaych\u00fa-Fray Bentos) 27.647 autom\u00f3viles, 11.289 camiones y 227 motos. En tanto que en el puente General Artigas (Col\u00f3n Paysand\u00fa) se movilizaron en el mismo mes 8.205 autom\u00f3viles, 1.325 camiones y 125 motos.<\/p><p>Con este registro del movimiento vehicular en los puentes, se deduce que el movimiento de autom\u00f3viles en el puente San Mart\u00edn fue casi cuatro veces mayor que el del Puente Artigas. Y en lo que refiere al transporte de cargas fue poco m\u00e1s de 8 veces mayor.<\/p><p><strong>Picos de tr\u00e1nsito<\/strong><\/p><p>En cuanto a algunos datos estad\u00edsticos que se desprenden del registro de movimiento en los Puentes en este mes, se destaca el pico de mayor movimiento de autom\u00f3viles. Fue de 1388 autom\u00f3viles que ingresaron a la Rep\u00fablica Oriental del Uruguay por el Puente San Mart\u00edn en un solo d\u00eda: el jueves 30 de diciembre. Este d\u00eda de tr\u00e1nsito intenso, fue precedido por el segundo pico, registrado el mi\u00e9rcoles 29 de diciembre con 1330 autom\u00f3viles. Es decir que en esas 48 horas ingresaron a Uruguay por Fray Bentos: 2.718 autos (casi la misma cantidad que el total de ingresos a la Argentina por el puente Artigas en todo el mes).<\/p><p>En tanto que los picos de ingreso a la Argentina por el puente San Mart\u00edn se dieron el domingo 9 de enero (651 autom\u00f3viles) y el s\u00e1bado 8 de enero (541 autom\u00f3viles).<\/p><p>En el Puente Artigas, los d\u00edas de mayor movimiento para ingresar al Uruguay tambi\u00e9n fueron 29 y 30 de diciembre, pero en una cantidad sensiblemente menor: 338 y 350 autom\u00f3viles respectivamente. Y en cuanto al ingreso a la Argentina se repite los d\u00edas de mayor flujo vehicular que se dio el 8 y 9 de enero, con 153 y 143 autom\u00f3viles respectivamente.<\/p><p>En cuanto al transporte de cargas, el 16 de diciembre se dio el mayor movimiento de camiones en el Puente San Mart\u00edn con 334 camiones ingresando a Uruguay y otros 256 ingresando a la Argentina, es decir un movimiento de 590 transportistas en la frontera.<\/p><p>En el puente Artigas, de mucho menor tr\u00e1nsito de carga, el d\u00eda de mayor movimiento de transporte pesado se dio el jueves 23 de diciembre, con 39 camiones ingresando a Uruguay y 45 ingresando a Argentina, es decir un total de 84 veh\u00edculos.<\/p><p><strong>Protocolos<\/strong><\/p><p>Recordemos que de acuerdo al Protocolo sanitario para la frontera, el ingreso a la Argentina s\u00f3lo est\u00e1 permitido de 8.00 a 20.00 horas todos los d\u00edas. Mientras que el ingreso al Uruguay por cualquiera de sus puentes se puede realizar las 24 horas, todos los d\u00edas.<\/p><p>Los requisitos de ingreso al Uruguay:\u00a0PCR negativo\u00a0hasta 72 horas previas al viaje, sea la persona que ingresa mayor de edad o no. Los \u00fanicos que podr\u00e1n no presentar este certificado son los menores de seis a\u00f1os. Presentar\u00a0esquema de vacunaci\u00f3n\u00a0contra el covid-19 completo en caso de mayores de edad. Declaraci\u00f3n jurada\u00a0electr\u00f3nica que se completar\u00e1 dentro de las 48 horas previas al cruce de frontera a trav\u00e9s de\u00a0<a href=\"https:\/\/www.gub.uy\/tramites\/declaracion-jurada-ingreso-uruguay-extranjeros-inmunizados-menores\">https:\/\/www.gub.uy\/tramites\/declaracion-jurada-ingreso-uruguay-extranjeros-inmunizados-menores<\/a><\/p><p>Requisitos de ingreso a Argentina: PCR negativo\u00a0hasta 72 horas previas al viaje, el cual solamente est\u00e1n eximidos de presentar los menores de seis a\u00f1os. Tambi\u00e9n podr\u00e1n presentar un test de ant\u00edgenos dentro de las 24 horas de ingreso. Presentar\u00a0esquema de vacunaci\u00f3n\u00a0completo, a excepci\u00f3n de los menores de edad. Quienes no lo tengan, deber\u00e1n realizar una cuarentena y presentar un PCR negativo a los siete d\u00edas de su arribo a Argentina para terminar con el aislamiento. Se solicita a los turistas contar con un seguro de salud covid-19 con cobertura internacional de servicios de internaci\u00f3n. Declaraci\u00f3n jurada\u00a0electr\u00f3nica al ingresar y al salir del pa\u00eds, donde se solicitar\u00e1n los datos personales. La misma se realiza a trav\u00e9s de la p\u00e1gina\u00a0<a href=\"https:\/\/ddjj.migraciones.gob.ar\/app\/home.php\">https:\/\/ddjj.migraciones.gob.ar\/app\/home.php<\/a><\/p>\t\t\t\t\t\t\t\t<\/div>\n\t\t\t\t<\/div>\n\t\t\t\t\t<\/div>\n\t\t<\/div>\n\t\t\t\t\t<\/div>\n\t\t<\/section>\n\t\t\t\t<\/div>\n\t\t","protected":false},"excerpt":{"rendered":"<p>En un mes desde la reapertura de las fronteras terrestres por los puentes Artigas y San Mart\u00edn, se movilizaron 35.852 autom\u00f3viles. M\u00e1s de 22 mil ingresaron a la Rep\u00fablica Oriental del Uruguay, y poco m\u00e1s de 13 mil ingresaron a Argentina. Este lunes se cumpli\u00f3 un mes desde la autorizaci\u00f3n del Gobierno Nacional Argentino a [&hellip;]<\/p>\n","protected":false},"author":1,"featured_media":7433,"comment_status":"open","ping_status":"open","sticky":false,"template":"","format":"standard","meta":{"_acf_changed":false,"_joinchat":[],"footnotes":""},"categories":[37,27],"tags":[],"class_list":["post-7430","post","type-post","status-publish","format-standard","has-post-thumbnail","hentry","category-noticias","category-novedades"],"acf":[],"yoast_head":"<!-- This site is optimized with the Yoast SEO plugin v27.3 - https:\/\/yoast.com\/product\/yoast-seo-wordpress\/ -->\n<title>M\u00e1s de 35 mil autos pasaron por los puentes Artigas y San Mart\u00edn % C.A.R.U. imagen<\/title>\n<meta name=\"robots\" content=\"index, follow, max-snippet:-1, max-image-preview:large, max-video-preview:-1\" \/>\n<link rel=\"canonical\" href=\"https:\/\/caru.org.uy\/nuevositio\/2022\/02\/21\/mas-de-35-mil-autos-pasaron-por-los-puentes-artigas-y-san-martin\/\" \/>\n<meta property=\"og:locale\" content=\"es_ES\" \/>\n<meta property=\"og:type\" content=\"article\" \/>\n<meta property=\"og:title\" content=\"M\u00e1s de 35 mil autos pasaron por los puentes Artigas y San Mart\u00edn % C.A.R.U. imagen\" \/>\n<meta property=\"og:description\" content=\"En un mes desde la reapertura de las fronteras terrestres por los puentes Artigas y San Mart\u00edn, se movilizaron 35.852 autom\u00f3viles. M\u00e1s de 22 mil ingresaron a la Rep\u00fablica Oriental del Uruguay, y poco m\u00e1s de 13 mil ingresaron a Argentina. Este lunes se cumpli\u00f3 un mes desde la autorizaci\u00f3n del Gobierno Nacional Argentino a [&hellip;]\" \/>\n<meta property=\"og:url\" content=\"https:\/\/caru.org.uy\/nuevositio\/2022\/02\/21\/mas-de-35-mil-autos-pasaron-por-los-puentes-artigas-y-san-martin\/\" \/>\n<meta property=\"og:site_name\" content=\"C.A.R.U.\" \/>\n<meta property=\"article:published_time\" content=\"2022-02-21T17:18:55+00:00\" \/>\n<meta property=\"article:modified_time\" content=\"2023-11-15T12:53:43+00:00\" \/>\n<meta property=\"og:image\" content=\"https:\/\/caru.org.uy\/nuevositio\/wp-content\/uploads\/2022\/02\/Informe-movimiento-frontera-en-Puentes-CARU.jpeg\" \/>\n\t<meta property=\"og:image:width\" content=\"768\" \/>\n\t<meta property=\"og:image:height\" content=\"576\" \/>\n\t<meta property=\"og:image:type\" content=\"image\/jpeg\" \/>\n<meta name=\"author\" content=\"Noma\" \/>\n<meta name=\"twitter:card\" content=\"summary_large_image\" \/>\n<meta name=\"twitter:label1\" content=\"Escrito por\" \/>\n\t<meta name=\"twitter:data1\" content=\"Noma\" \/>\n\t<meta name=\"twitter:label2\" content=\"Tiempo de lectura\" \/>\n\t<meta name=\"twitter:data2\" content=\"4 minutos\" \/>\n<script type=\"application\/ld+json\" class=\"yoast-schema-graph\">{\"@context\":\"https:\\\/\\\/schema.org\",\"@graph\":[{\"@type\":[\"Article\",\"BlogPosting\"],\"@id\":\"https:\\\/\\\/caru.org.uy\\\/nuevositio\\\/2022\\\/02\\\/21\\\/mas-de-35-mil-autos-pasaron-por-los-puentes-artigas-y-san-martin\\\/#article\",\"isPartOf\":{\"@id\":\"https:\\\/\\\/caru.org.uy\\\/nuevositio\\\/2022\\\/02\\\/21\\\/mas-de-35-mil-autos-pasaron-por-los-puentes-artigas-y-san-martin\\\/\"},\"author\":{\"name\":\"Noma\",\"@id\":\"https:\\\/\\\/caru.org.uy\\\/nuevositio\\\/#\\\/schema\\\/person\\\/9a11b7bc115602d2066d4c695b2aa3e5\"},\"headline\":\"M\u00e1s de 35 mil autos pasaron por los puentes Artigas y San Mart\u00edn\",\"datePublished\":\"2022-02-21T17:18:55+00:00\",\"dateModified\":\"2023-11-15T12:53:43+00:00\",\"mainEntityOfPage\":{\"@id\":\"https:\\\/\\\/caru.org.uy\\\/nuevositio\\\/2022\\\/02\\\/21\\\/mas-de-35-mil-autos-pasaron-por-los-puentes-artigas-y-san-martin\\\/\"},\"wordCount\":907,\"commentCount\":0,\"publisher\":{\"@id\":\"https:\\\/\\\/caru.org.uy\\\/nuevositio\\\/#organization\"},\"image\":{\"@id\":\"https:\\\/\\\/caru.org.uy\\\/nuevositio\\\/2022\\\/02\\\/21\\\/mas-de-35-mil-autos-pasaron-por-los-puentes-artigas-y-san-martin\\\/#primaryimage\"},\"thumbnailUrl\":\"https:\\\/\\\/caru.org.uy\\\/nuevositio\\\/wp-content\\\/uploads\\\/2022\\\/02\\\/Informe-movimiento-frontera-en-Puentes-CARU.jpeg\",\"articleSection\":[\"Noticias\",\"Novedades\"],\"inLanguage\":\"es\",\"potentialAction\":[{\"@type\":\"CommentAction\",\"name\":\"Comment\",\"target\":[\"https:\\\/\\\/caru.org.uy\\\/nuevositio\\\/2022\\\/02\\\/21\\\/mas-de-35-mil-autos-pasaron-por-los-puentes-artigas-y-san-martin\\\/#respond\"]}]},{\"@type\":\"WebPage\",\"@id\":\"https:\\\/\\\/caru.org.uy\\\/nuevositio\\\/2022\\\/02\\\/21\\\/mas-de-35-mil-autos-pasaron-por-los-puentes-artigas-y-san-martin\\\/\",\"url\":\"https:\\\/\\\/caru.org.uy\\\/nuevositio\\\/2022\\\/02\\\/21\\\/mas-de-35-mil-autos-pasaron-por-los-puentes-artigas-y-san-martin\\\/\",\"name\":\"M\u00e1s de 35 mil autos pasaron por los puentes Artigas y San Mart\u00edn % C.A.R.U. imagen\",\"isPartOf\":{\"@id\":\"https:\\\/\\\/caru.org.uy\\\/nuevositio\\\/#website\"},\"primaryImageOfPage\":{\"@id\":\"https:\\\/\\\/caru.org.uy\\\/nuevositio\\\/2022\\\/02\\\/21\\\/mas-de-35-mil-autos-pasaron-por-los-puentes-artigas-y-san-martin\\\/#primaryimage\"},\"image\":{\"@id\":\"https:\\\/\\\/caru.org.uy\\\/nuevositio\\\/2022\\\/02\\\/21\\\/mas-de-35-mil-autos-pasaron-por-los-puentes-artigas-y-san-martin\\\/#primaryimage\"},\"thumbnailUrl\":\"https:\\\/\\\/caru.org.uy\\\/nuevositio\\\/wp-content\\\/uploads\\\/2022\\\/02\\\/Informe-movimiento-frontera-en-Puentes-CARU.jpeg\",\"datePublished\":\"2022-02-21T17:18:55+00:00\",\"dateModified\":\"2023-11-15T12:53:43+00:00\",\"breadcrumb\":{\"@id\":\"https:\\\/\\\/caru.org.uy\\\/nuevositio\\\/2022\\\/02\\\/21\\\/mas-de-35-mil-autos-pasaron-por-los-puentes-artigas-y-san-martin\\\/#breadcrumb\"},\"inLanguage\":\"es\",\"potentialAction\":[{\"@type\":\"ReadAction\",\"target\":[\"https:\\\/\\\/caru.org.uy\\\/nuevositio\\\/2022\\\/02\\\/21\\\/mas-de-35-mil-autos-pasaron-por-los-puentes-artigas-y-san-martin\\\/\"]}]},{\"@type\":\"ImageObject\",\"inLanguage\":\"es\",\"@id\":\"https:\\\/\\\/caru.org.uy\\\/nuevositio\\\/2022\\\/02\\\/21\\\/mas-de-35-mil-autos-pasaron-por-los-puentes-artigas-y-san-martin\\\/#primaryimage\",\"url\":\"https:\\\/\\\/caru.org.uy\\\/nuevositio\\\/wp-content\\\/uploads\\\/2022\\\/02\\\/Informe-movimiento-frontera-en-Puentes-CARU.jpeg\",\"contentUrl\":\"https:\\\/\\\/caru.org.uy\\\/nuevositio\\\/wp-content\\\/uploads\\\/2022\\\/02\\\/Informe-movimiento-frontera-en-Puentes-CARU.jpeg\",\"width\":768,\"height\":576},{\"@type\":\"BreadcrumbList\",\"@id\":\"https:\\\/\\\/caru.org.uy\\\/nuevositio\\\/2022\\\/02\\\/21\\\/mas-de-35-mil-autos-pasaron-por-los-puentes-artigas-y-san-martin\\\/#breadcrumb\",\"itemListElement\":[{\"@type\":\"ListItem\",\"position\":1,\"name\":\"Portada\",\"item\":\"https:\\\/\\\/caru.org.uy\\\/nuevositio\\\/\"},{\"@type\":\"ListItem\",\"position\":2,\"name\":\"M\u00e1s de 35 mil autos pasaron por los puentes Artigas y San Mart\u00edn\"}]},{\"@type\":\"WebSite\",\"@id\":\"https:\\\/\\\/caru.org.uy\\\/nuevositio\\\/#website\",\"url\":\"https:\\\/\\\/caru.org.uy\\\/nuevositio\\\/\",\"name\":\"C.A.R.U.\",\"description\":\"Comisi\u00f3n Administradora del R\u00edo Uruguay\",\"publisher\":{\"@id\":\"https:\\\/\\\/caru.org.uy\\\/nuevositio\\\/#organization\"},\"potentialAction\":[{\"@type\":\"SearchAction\",\"target\":{\"@type\":\"EntryPoint\",\"urlTemplate\":\"https:\\\/\\\/caru.org.uy\\\/nuevositio\\\/?s={search_term_string}\"},\"query-input\":{\"@type\":\"PropertyValueSpecification\",\"valueRequired\":true,\"valueName\":\"search_term_string\"}}],\"inLanguage\":\"es\"},{\"@type\":\"Organization\",\"@id\":\"https:\\\/\\\/caru.org.uy\\\/nuevositio\\\/#organization\",\"name\":\"C.A.R.U.\",\"url\":\"https:\\\/\\\/caru.org.uy\\\/nuevositio\\\/\",\"logo\":{\"@type\":\"ImageObject\",\"inLanguage\":\"es\",\"@id\":\"https:\\\/\\\/caru.org.uy\\\/nuevositio\\\/#\\\/schema\\\/logo\\\/image\\\/\",\"url\":\"https:\\\/\\\/caru.org.uy\\\/nuevositio\\\/wp-content\\\/uploads\\\/2023\\\/11\\\/logo-nuevo.jpg\",\"contentUrl\":\"https:\\\/\\\/caru.org.uy\\\/nuevositio\\\/wp-content\\\/uploads\\\/2023\\\/11\\\/logo-nuevo.jpg\",\"width\":1,\"height\":1,\"caption\":\"C.A.R.U.\"},\"image\":{\"@id\":\"https:\\\/\\\/caru.org.uy\\\/nuevositio\\\/#\\\/schema\\\/logo\\\/image\\\/\"}},{\"@type\":\"Person\",\"@id\":\"https:\\\/\\\/caru.org.uy\\\/nuevositio\\\/#\\\/schema\\\/person\\\/9a11b7bc115602d2066d4c695b2aa3e5\",\"name\":\"Noma\",\"image\":{\"@type\":\"ImageObject\",\"inLanguage\":\"es\",\"@id\":\"https:\\\/\\\/secure.gravatar.com\\\/avatar\\\/8b0eb2764fe524b07cdc015df29e7576c061e58c50641dd8ccc46d3d448307e5?s=96&d=mm&r=g\",\"url\":\"https:\\\/\\\/secure.gravatar.com\\\/avatar\\\/8b0eb2764fe524b07cdc015df29e7576c061e58c50641dd8ccc46d3d448307e5?s=96&d=mm&r=g\",\"contentUrl\":\"https:\\\/\\\/secure.gravatar.com\\\/avatar\\\/8b0eb2764fe524b07cdc015df29e7576c061e58c50641dd8ccc46d3d448307e5?s=96&d=mm&r=g\",\"caption\":\"Noma\"},\"url\":\"https:\\\/\\\/caru.org.uy\\\/nuevositio\\\/author\\\/admin\\\/\"}]}<\/script>\n<!-- \/ Yoast SEO plugin. -->","yoast_head_json":{"title":"M\u00e1s de 35 mil autos pasaron por los puentes Artigas y San Mart\u00edn % C.A.R.U. imagen","robots":{"index":"index","follow":"follow","max-snippet":"max-snippet:-1","max-image-preview":"max-image-preview:large","max-video-preview":"max-video-preview:-1"},"canonical":"https:\/\/caru.org.uy\/nuevositio\/2022\/02\/21\/mas-de-35-mil-autos-pasaron-por-los-puentes-artigas-y-san-martin\/","og_locale":"es_ES","og_type":"article","og_title":"M\u00e1s de 35 mil autos pasaron por los puentes Artigas y San Mart\u00edn % C.A.R.U. imagen","og_description":"En un mes desde la reapertura de las fronteras terrestres por los puentes Artigas y San Mart\u00edn, se movilizaron 35.852 autom\u00f3viles. M\u00e1s de 22 mil ingresaron a la Rep\u00fablica Oriental del Uruguay, y poco m\u00e1s de 13 mil ingresaron a Argentina. Este lunes se cumpli\u00f3 un mes desde la autorizaci\u00f3n del Gobierno Nacional Argentino a [&hellip;]","og_url":"https:\/\/caru.org.uy\/nuevositio\/2022\/02\/21\/mas-de-35-mil-autos-pasaron-por-los-puentes-artigas-y-san-martin\/","og_site_name":"C.A.R.U.","article_published_time":"2022-02-21T17:18:55+00:00","article_modified_time":"2023-11-15T12:53:43+00:00","og_image":[{"width":768,"height":576,"url":"https:\/\/caru.org.uy\/nuevositio\/wp-content\/uploads\/2022\/02\/Informe-movimiento-frontera-en-Puentes-CARU.jpeg","type":"image\/jpeg"}],"author":"Noma","twitter_card":"summary_large_image","twitter_misc":{"Escrito por":"Noma","Tiempo de lectura":"4 minutos"},"schema":{"@context":"https:\/\/schema.org","@graph":[{"@type":["Article","BlogPosting"],"@id":"https:\/\/caru.org.uy\/nuevositio\/2022\/02\/21\/mas-de-35-mil-autos-pasaron-por-los-puentes-artigas-y-san-martin\/#article","isPartOf":{"@id":"https:\/\/caru.org.uy\/nuevositio\/2022\/02\/21\/mas-de-35-mil-autos-pasaron-por-los-puentes-artigas-y-san-martin\/"},"author":{"name":"Noma","@id":"https:\/\/caru.org.uy\/nuevositio\/#\/schema\/person\/9a11b7bc115602d2066d4c695b2aa3e5"},"headline":"M\u00e1s de 35 mil autos pasaron por los puentes Artigas y San Mart\u00edn","datePublished":"2022-02-21T17:18:55+00:00","dateModified":"2023-11-15T12:53:43+00:00","mainEntityOfPage":{"@id":"https:\/\/caru.org.uy\/nuevositio\/2022\/02\/21\/mas-de-35-mil-autos-pasaron-por-los-puentes-artigas-y-san-martin\/"},"wordCount":907,"commentCount":0,"publisher":{"@id":"https:\/\/caru.org.uy\/nuevositio\/#organization"},"image":{"@id":"https:\/\/caru.org.uy\/nuevositio\/2022\/02\/21\/mas-de-35-mil-autos-pasaron-por-los-puentes-artigas-y-san-martin\/#primaryimage"},"thumbnailUrl":"https:\/\/caru.org.uy\/nuevositio\/wp-content\/uploads\/2022\/02\/Informe-movimiento-frontera-en-Puentes-CARU.jpeg","articleSection":["Noticias","Novedades"],"inLanguage":"es","potentialAction":[{"@type":"CommentAction","name":"Comment","target":["https:\/\/caru.org.uy\/nuevositio\/2022\/02\/21\/mas-de-35-mil-autos-pasaron-por-los-puentes-artigas-y-san-martin\/#respond"]}]},{"@type":"WebPage","@id":"https:\/\/caru.org.uy\/nuevositio\/2022\/02\/21\/mas-de-35-mil-autos-pasaron-por-los-puentes-artigas-y-san-martin\/","url":"https:\/\/caru.org.uy\/nuevositio\/2022\/02\/21\/mas-de-35-mil-autos-pasaron-por-los-puentes-artigas-y-san-martin\/","name":"M\u00e1s de 35 mil autos pasaron por los puentes Artigas y San Mart\u00edn % C.A.R.U. imagen","isPartOf":{"@id":"https:\/\/caru.org.uy\/nuevositio\/#website"},"primaryImageOfPage":{"@id":"https:\/\/caru.org.uy\/nuevositio\/2022\/02\/21\/mas-de-35-mil-autos-pasaron-por-los-puentes-artigas-y-san-martin\/#primaryimage"},"image":{"@id":"https:\/\/caru.org.uy\/nuevositio\/2022\/02\/21\/mas-de-35-mil-autos-pasaron-por-los-puentes-artigas-y-san-martin\/#primaryimage"},"thumbnailUrl":"https:\/\/caru.org.uy\/nuevositio\/wp-content\/uploads\/2022\/02\/Informe-movimiento-frontera-en-Puentes-CARU.jpeg","datePublished":"2022-02-21T17:18:55+00:00","dateModified":"2023-11-15T12:53:43+00:00","breadcrumb":{"@id":"https:\/\/caru.org.uy\/nuevositio\/2022\/02\/21\/mas-de-35-mil-autos-pasaron-por-los-puentes-artigas-y-san-martin\/#breadcrumb"},"inLanguage":"es","potentialAction":[{"@type":"ReadAction","target":["https:\/\/caru.org.uy\/nuevositio\/2022\/02\/21\/mas-de-35-mil-autos-pasaron-por-los-puentes-artigas-y-san-martin\/"]}]},{"@type":"ImageObject","inLanguage":"es","@id":"https:\/\/caru.org.uy\/nuevositio\/2022\/02\/21\/mas-de-35-mil-autos-pasaron-por-los-puentes-artigas-y-san-martin\/#primaryimage","url":"https:\/\/caru.org.uy\/nuevositio\/wp-content\/uploads\/2022\/02\/Informe-movimiento-frontera-en-Puentes-CARU.jpeg","contentUrl":"https:\/\/caru.org.uy\/nuevositio\/wp-content\/uploads\/2022\/02\/Informe-movimiento-frontera-en-Puentes-CARU.jpeg","width":768,"height":576},{"@type":"BreadcrumbList","@id":"https:\/\/caru.org.uy\/nuevositio\/2022\/02\/21\/mas-de-35-mil-autos-pasaron-por-los-puentes-artigas-y-san-martin\/#breadcrumb","itemListElement":[{"@type":"ListItem","position":1,"name":"Portada","item":"https:\/\/caru.org.uy\/nuevositio\/"},{"@type":"ListItem","position":2,"name":"M\u00e1s de 35 mil autos pasaron por los puentes Artigas y San Mart\u00edn"}]},{"@type":"WebSite","@id":"https:\/\/caru.org.uy\/nuevositio\/#website","url":"https:\/\/caru.org.uy\/nuevositio\/","name":"C.A.R.U.","description":"Comisi\u00f3n Administradora del R\u00edo Uruguay","publisher":{"@id":"https:\/\/caru.org.uy\/nuevositio\/#organization"},"potentialAction":[{"@type":"SearchAction","target":{"@type":"EntryPoint","urlTemplate":"https:\/\/caru.org.uy\/nuevositio\/?s={search_term_string}"},"query-input":{"@type":"PropertyValueSpecification","valueRequired":true,"valueName":"search_term_string"}}],"inLanguage":"es"},{"@type":"Organization","@id":"https:\/\/caru.org.uy\/nuevositio\/#organization","name":"C.A.R.U.","url":"https:\/\/caru.org.uy\/nuevositio\/","logo":{"@type":"ImageObject","inLanguage":"es","@id":"https:\/\/caru.org.uy\/nuevositio\/#\/schema\/logo\/image\/","url":"https:\/\/caru.org.uy\/nuevositio\/wp-content\/uploads\/2023\/11\/logo-nuevo.jpg","contentUrl":"https:\/\/caru.org.uy\/nuevositio\/wp-content\/uploads\/2023\/11\/logo-nuevo.jpg","width":1,"height":1,"caption":"C.A.R.U."},"image":{"@id":"https:\/\/caru.org.uy\/nuevositio\/#\/schema\/logo\/image\/"}},{"@type":"Person","@id":"https:\/\/caru.org.uy\/nuevositio\/#\/schema\/person\/9a11b7bc115602d2066d4c695b2aa3e5","name":"Noma","image":{"@type":"ImageObject","inLanguage":"es","@id":"https:\/\/secure.gravatar.com\/avatar\/8b0eb2764fe524b07cdc015df29e7576c061e58c50641dd8ccc46d3d448307e5?s=96&d=mm&r=g","url":"https:\/\/secure.gravatar.com\/avatar\/8b0eb2764fe524b07cdc015df29e7576c061e58c50641dd8ccc46d3d448307e5?s=96&d=mm&r=g","contentUrl":"https:\/\/secure.gravatar.com\/avatar\/8b0eb2764fe524b07cdc015df29e7576c061e58c50641dd8ccc46d3d448307e5?s=96&d=mm&r=g","caption":"Noma"},"url":"https:\/\/caru.org.uy\/nuevositio\/author\/admin\/"}]}},"_links":{"self":[{"href":"https:\/\/caru.org.uy\/nuevositio\/wp-json\/wp\/v2\/posts\/7430","targetHints":{"allow":["GET"]}}],"collection":[{"href":"https:\/\/caru.org.uy\/nuevositio\/wp-json\/wp\/v2\/posts"}],"about":[{"href":"https:\/\/caru.org.uy\/nuevositio\/wp-json\/wp\/v2\/types\/post"}],"author":[{"embeddable":true,"href":"https:\/\/caru.org.uy\/nuevositio\/wp-json\/wp\/v2\/users\/1"}],"replies":[{"embeddable":true,"href":"https:\/\/caru.org.uy\/nuevositio\/wp-json\/wp\/v2\/comments?post=7430"}],"version-history":[{"count":5,"href":"https:\/\/caru.org.uy\/nuevositio\/wp-json\/wp\/v2\/posts\/7430\/revisions"}],"predecessor-version":[{"id":8768,"href":"https:\/\/caru.org.uy\/nuevositio\/wp-json\/wp\/v2\/posts\/7430\/revisions\/8768"}],"wp:featuredmedia":[{"embeddable":true,"href":"https:\/\/caru.org.uy\/nuevositio\/wp-json\/wp\/v2\/media\/7433"}],"wp:attachment":[{"href":"https:\/\/caru.org.uy\/nuevositio\/wp-json\/wp\/v2\/media?parent=7430"}],"wp:term":[{"taxonomy":"category","embeddable":true,"href":"https:\/\/caru.org.uy\/nuevositio\/wp-json\/wp\/v2\/categories?post=7430"},{"taxonomy":"post_tag","embeddable":true,"href":"https:\/\/caru.org.uy\/nuevositio\/wp-json\/wp\/v2\/tags?post=7430"}],"curies":[{"name":"wp","href":"https:\/\/api.w.org\/{rel}","templated":true}]}}