{"id":7444,"date":"2022-02-21T17:33:08","date_gmt":"2022-02-21T17:33:08","guid":{"rendered":"https:\/\/caru.org.uy\/nuevositio\/?p=7444"},"modified":"2023-11-15T12:50:52","modified_gmt":"2023-11-15T12:50:52","slug":"cambio-de-luminarias-para-el-balizamiento-del-rio-uruguay","status":"publish","type":"post","link":"https:\/\/caru.org.uy\/nuevositio\/2022\/02\/21\/cambio-de-luminarias-para-el-balizamiento-del-rio-uruguay\/","title":{"rendered":"Cambio de luminarias para el balizamiento del R\u00edo Uruguay"},"content":{"rendered":"\t\t<div data-elementor-type=\"wp-post\" data-elementor-id=\"7444\" class=\"elementor elementor-7444\" data-elementor-post-type=\"post\">\n\t\t\t\t\t\t<section class=\"elementor-section elementor-top-section elementor-element elementor-element-3ca2414 elementor-section-boxed elementor-section-height-default elementor-section-height-default\" data-id=\"3ca2414\" data-element_type=\"section\" data-e-type=\"section\" data-settings=\"{&quot;jet_parallax_layout_list&quot;:[]}\">\n\t\t\t\t\t\t<div class=\"elementor-container elementor-column-gap-default\">\n\t\t\t\t\t<div class=\"elementor-column elementor-col-50 elementor-top-column elementor-element elementor-element-747ff2f7\" data-id=\"747ff2f7\" data-element_type=\"column\" data-e-type=\"column\">\n\t\t\t<div class=\"elementor-widget-wrap elementor-element-populated\">\n\t\t\t\t\t\t<div class=\"elementor-element elementor-element-527b71f6 elementor-widget elementor-widget-image\" data-id=\"527b71f6\" data-element_type=\"widget\" data-e-type=\"widget\" data-widget_type=\"image.default\">\n\t\t\t\t<div class=\"elementor-widget-container\">\n\t\t\t\t\t\t\t\t\t\t\t\t\t\t\t<img fetchpriority=\"high\" decoding=\"async\" width=\"1024\" height=\"828\" src=\"https:\/\/caru.org.uy\/nuevositio\/wp-content\/uploads\/2022\/02\/web-Boyas-arg-1-1-1024x828.jpeg\" class=\"attachment-large size-large wp-image-7452\" alt=\"\" srcset=\"https:\/\/caru.org.uy\/nuevositio\/wp-content\/uploads\/2022\/02\/web-Boyas-arg-1-1-1024x828.jpeg 1024w, https:\/\/caru.org.uy\/nuevositio\/wp-content\/uploads\/2022\/02\/web-Boyas-arg-1-1-300x242.jpeg 300w, https:\/\/caru.org.uy\/nuevositio\/wp-content\/uploads\/2022\/02\/web-Boyas-arg-1-1-768x621.jpeg 768w, https:\/\/caru.org.uy\/nuevositio\/wp-content\/uploads\/2022\/02\/web-Boyas-arg-1-1.jpeg 1199w\" sizes=\"(max-width: 1024px) 100vw, 1024px\" \/>\t\t\t\t\t\t\t\t\t\t\t\t\t\t\t<\/div>\n\t\t\t\t<\/div>\n\t\t\t\t\t<\/div>\n\t\t<\/div>\n\t\t\t\t<div class=\"elementor-column elementor-col-50 elementor-top-column elementor-element elementor-element-4f7e8721\" data-id=\"4f7e8721\" data-element_type=\"column\" data-e-type=\"column\">\n\t\t\t<div class=\"elementor-widget-wrap elementor-element-populated\">\n\t\t\t\t\t\t<div class=\"elementor-element elementor-element-4f9022e0 elementor-widget elementor-widget-text-editor\" data-id=\"4f9022e0\" data-element_type=\"widget\" data-e-type=\"widget\" data-widget_type=\"text-editor.default\">\n\t\t\t\t<div class=\"elementor-widget-container\">\n\t\t\t\t\t\t\t\t\t<p>El s\u00e1bado 15 de enero de 2022 comenzaron los trabajos del mantenimiento de las 135 boyas que se encuentran bajo responsabilidad de la Rep\u00fablica Argentina y que corresponden al balizamiento del r\u00edo Uruguay desde el kil\u00f3metro 0 hasta el 213 que aseguran la correcta navegabilidad diurna y nocturna por dicho canal.<\/p><p>El balizamiento, se encuentra contemplado en el \u201cProyecto de dragado y balizamiento del r\u00edo Uruguay\u201d desde el kil\u00f3metro 0 al 187,1, que incluye al canal de acceso al puerto de Concepci\u00f3n del Uruguay y los pasos entre los kil\u00f3metros 187,1 y el 206, 8, del puerto de Paysand\u00fa. Dicho Proyecto fue encomendado por los gobiernos de la Rep\u00fablica Oriental del Uruguay y de la Rep\u00fablica Argentina a la Comisi\u00f3n Administradora del R\u00edo Uruguay (CARU).<\/p><p>La presente campa\u00f1a de mantenimiento del balizamiento se realiza a partir de la firma de un convenio entre la Comisi\u00f3n Administradora del R\u00edo Uruguay y el Ministerio de Defensa de la Naci\u00f3n, desde donde se resolvi\u00f3 que la Armada Argentina realice las tareas. Esto se dispuso de manera circunstancial, luego de que la Subsecretar\u00eda de Puertos y V\u00edas Navegables de la Naci\u00f3n informara que no contaba con los recursos necesarios para afrontar las tareas que se le hab\u00edan encomendado para el control del balizamiento.<\/p><p>No obstante, para las pr\u00f3ximas tareas de mantenimiento del balizado del R\u00edo Uruguay, el Subsecretario de Puertos y V\u00edas Navegables de la Naci\u00f3n confirm\u00f3 que se dispondr\u00e1 del buque \u201cBalizador 562 B\u201d para el r\u00edo Uruguay, el cual ser\u00e1 destinado de forma permanente a esas tareas de balizamiento de toda esta v\u00eda navegable.<\/p><p>En tanto que las 99 boyas que se encuentran bajo la responsabilidad del Gobierno de la Rep\u00fablica Oriental del Uruguay, tienen su mantenimiento regular a trav\u00e9s del Servicio de\u00a0Oceanograf\u00eda,\u00a0Hidrograf\u00eda y\u00a0Meteorolog\u00eda de la\u00a0Armada (SOHMA), de la Armada Nacional Uruguaya.<\/p><p>\u00a0<\/p><p><strong>El balizamiento<\/strong><\/p><p>Recordemos que el balizamiento del R\u00edo Uruguay consta de 234 boyas que se encuentran dispuestas entre el Km 0 (Punta Gorda, ROU)- y el Km 213 (Puente Internacional Gral. Artigas), de las cuales 135 se encuentran bajo responsabilidad de la Argentina y 99 de la Rep\u00fablica Oriental del Uruguay.<\/p><p>Las tareas previstas para el mantenimiento de las boyas ya instaladas consisten en: verificaci\u00f3n del posicionamiento y reposicionamiento; verificaci\u00f3n del funcionamiento lum\u00ednico y caracter\u00edstica asignada; pintado de la superestructura, reparaci\u00f3n y\/o reemplazo de letreros, bater\u00edas, fotoc\u00e9lulas, cables, paneles solares, cadenas y grilletes.<\/p><p>\u00a0<\/p><p><strong>La campa\u00f1a argentina<\/strong><\/p><p>El Capit\u00e1n de Corbeta Jos\u00e9 Ledezma Hinojosa es el Comandante del buque Multiprop\u00f3sito A.R.A. \u201cCiudad de Z\u00e1rate\u201d destinado por la Armada Argentina para la realizaci\u00f3n de las tareas de recambio de luminarias en las boyas del r\u00edo Uruguay, que se iniciaron el d\u00eda 15 de enero y finalizaron este viernes seg\u00fan lo previsto en el plan de trabajo.<\/p><p>Se realiz\u00f3 el recambio de 52 luminarias que se encontraban quemadas o apagadas. \u201cSe complet\u00f3 el cambio de luminarias de las boyas del canal del tramo n\u00famero\u00a0 1 que comprende del Km 0 al Km 98 (puerto de Fray Bentos), \u00a0el cambio de luminarias de las boyas del canal del tramo n\u00famero 2 que comprende del Km 98 al Km 187.1 (puerto de Concepci\u00f3n del Uruguay). Y el d\u00eda 21 de enero se finaliz\u00f3 el trabajo de cambio de luminarias de las boyas del tramo n\u00famero 3 que comprende del Km 187.1 al Km 213 (Puente Artigas, Paysand\u00fa-Col\u00f3n), interviniendo en un total de 52 boyas\u201d, indic\u00f3 el Comandante del A.R.A. \u201cCiudad de Z\u00e1rate\u201d.<\/p><p>El control y mantenimiento del balizamiento encomendado a la CARU, permite garantizar la seguridad y las condiciones \u00f3ptimas de navegabilidad en el R\u00edo Uruguay, que a partir de la obra del Dragado de Apertura y Profundizaci\u00f3n ha permitido el regreso de buques de mayor calado y que le ha devuelto movimiento a los puertos de esta v\u00eda fluvial.\u00a0<\/p>\t\t\t\t\t\t\t\t<\/div>\n\t\t\t\t<\/div>\n\t\t\t\t\t<\/div>\n\t\t<\/div>\n\t\t\t\t\t<\/div>\n\t\t<\/section>\n\t\t\t\t<\/div>\n\t\t","protected":false},"excerpt":{"rendered":"<p>El s\u00e1bado 15 de enero de 2022 comenzaron los trabajos del mantenimiento de las 135 boyas que se encuentran bajo responsabilidad de la Rep\u00fablica Argentina y que corresponden al balizamiento del r\u00edo Uruguay desde el kil\u00f3metro 0 hasta el 213 que aseguran la correcta navegabilidad diurna y nocturna por dicho canal. El balizamiento, se encuentra [&hellip;]<\/p>\n","protected":false},"author":1,"featured_media":7452,"comment_status":"closed","ping_status":"open","sticky":false,"template":"","format":"standard","meta":{"_acf_changed":false,"_joinchat":[],"footnotes":""},"categories":[37,27],"tags":[],"class_list":["post-7444","post","type-post","status-publish","format-standard","has-post-thumbnail","hentry","category-noticias","category-novedades"],"acf":[],"yoast_head":"<!-- This site is optimized with the Yoast SEO plugin v27.3 - https:\/\/yoast.com\/product\/yoast-seo-wordpress\/ -->\n<title>Cambio de luminarias para el balizamiento del R\u00edo Uruguay % C.A.R.U. imagen<\/title>\n<meta name=\"robots\" content=\"index, follow, max-snippet:-1, max-image-preview:large, max-video-preview:-1\" \/>\n<link rel=\"canonical\" href=\"https:\/\/caru.org.uy\/nuevositio\/2022\/02\/21\/cambio-de-luminarias-para-el-balizamiento-del-rio-uruguay\/\" \/>\n<meta property=\"og:locale\" content=\"es_ES\" \/>\n<meta property=\"og:type\" content=\"article\" \/>\n<meta property=\"og:title\" content=\"Cambio de luminarias para el balizamiento del R\u00edo Uruguay % C.A.R.U. imagen\" \/>\n<meta property=\"og:description\" content=\"El s\u00e1bado 15 de enero de 2022 comenzaron los trabajos del mantenimiento de las 135 boyas que se encuentran bajo responsabilidad de la Rep\u00fablica Argentina y que corresponden al balizamiento del r\u00edo Uruguay desde el kil\u00f3metro 0 hasta el 213 que aseguran la correcta navegabilidad diurna y nocturna por dicho canal. El balizamiento, se encuentra [&hellip;]\" \/>\n<meta property=\"og:url\" content=\"https:\/\/caru.org.uy\/nuevositio\/2022\/02\/21\/cambio-de-luminarias-para-el-balizamiento-del-rio-uruguay\/\" \/>\n<meta property=\"og:site_name\" content=\"C.A.R.U.\" \/>\n<meta property=\"article:published_time\" content=\"2022-02-21T17:33:08+00:00\" \/>\n<meta property=\"article:modified_time\" content=\"2023-11-15T12:50:52+00:00\" \/>\n<meta property=\"og:image\" content=\"https:\/\/caru.org.uy\/nuevositio\/wp-content\/uploads\/2022\/02\/web-Boyas-arg-1-1.jpeg\" \/>\n\t<meta property=\"og:image:width\" content=\"1199\" \/>\n\t<meta property=\"og:image:height\" content=\"969\" \/>\n\t<meta property=\"og:image:type\" content=\"image\/jpeg\" \/>\n<meta name=\"author\" content=\"Noma\" \/>\n<meta name=\"twitter:card\" content=\"summary_large_image\" \/>\n<meta name=\"twitter:label1\" content=\"Escrito por\" \/>\n\t<meta name=\"twitter:data1\" content=\"Noma\" \/>\n\t<meta name=\"twitter:label2\" content=\"Tiempo de lectura\" \/>\n\t<meta name=\"twitter:data2\" content=\"3 minutos\" \/>\n<script type=\"application\/ld+json\" class=\"yoast-schema-graph\">{\"@context\":\"https:\\\/\\\/schema.org\",\"@graph\":[{\"@type\":[\"Article\",\"BlogPosting\"],\"@id\":\"https:\\\/\\\/caru.org.uy\\\/nuevositio\\\/2022\\\/02\\\/21\\\/cambio-de-luminarias-para-el-balizamiento-del-rio-uruguay\\\/#article\",\"isPartOf\":{\"@id\":\"https:\\\/\\\/caru.org.uy\\\/nuevositio\\\/2022\\\/02\\\/21\\\/cambio-de-luminarias-para-el-balizamiento-del-rio-uruguay\\\/\"},\"author\":{\"name\":\"Noma\",\"@id\":\"https:\\\/\\\/caru.org.uy\\\/nuevositio\\\/#\\\/schema\\\/person\\\/9a11b7bc115602d2066d4c695b2aa3e5\"},\"headline\":\"Cambio de luminarias para el balizamiento del R\u00edo Uruguay\",\"datePublished\":\"2022-02-21T17:33:08+00:00\",\"dateModified\":\"2023-11-15T12:50:52+00:00\",\"mainEntityOfPage\":{\"@id\":\"https:\\\/\\\/caru.org.uy\\\/nuevositio\\\/2022\\\/02\\\/21\\\/cambio-de-luminarias-para-el-balizamiento-del-rio-uruguay\\\/\"},\"wordCount\":674,\"publisher\":{\"@id\":\"https:\\\/\\\/caru.org.uy\\\/nuevositio\\\/#organization\"},\"image\":{\"@id\":\"https:\\\/\\\/caru.org.uy\\\/nuevositio\\\/2022\\\/02\\\/21\\\/cambio-de-luminarias-para-el-balizamiento-del-rio-uruguay\\\/#primaryimage\"},\"thumbnailUrl\":\"https:\\\/\\\/caru.org.uy\\\/nuevositio\\\/wp-content\\\/uploads\\\/2022\\\/02\\\/web-Boyas-arg-1-1.jpeg\",\"articleSection\":[\"Noticias\",\"Novedades\"],\"inLanguage\":\"es\"},{\"@type\":\"WebPage\",\"@id\":\"https:\\\/\\\/caru.org.uy\\\/nuevositio\\\/2022\\\/02\\\/21\\\/cambio-de-luminarias-para-el-balizamiento-del-rio-uruguay\\\/\",\"url\":\"https:\\\/\\\/caru.org.uy\\\/nuevositio\\\/2022\\\/02\\\/21\\\/cambio-de-luminarias-para-el-balizamiento-del-rio-uruguay\\\/\",\"name\":\"Cambio de luminarias para el balizamiento del R\u00edo Uruguay % C.A.R.U. imagen\",\"isPartOf\":{\"@id\":\"https:\\\/\\\/caru.org.uy\\\/nuevositio\\\/#website\"},\"primaryImageOfPage\":{\"@id\":\"https:\\\/\\\/caru.org.uy\\\/nuevositio\\\/2022\\\/02\\\/21\\\/cambio-de-luminarias-para-el-balizamiento-del-rio-uruguay\\\/#primaryimage\"},\"image\":{\"@id\":\"https:\\\/\\\/caru.org.uy\\\/nuevositio\\\/2022\\\/02\\\/21\\\/cambio-de-luminarias-para-el-balizamiento-del-rio-uruguay\\\/#primaryimage\"},\"thumbnailUrl\":\"https:\\\/\\\/caru.org.uy\\\/nuevositio\\\/wp-content\\\/uploads\\\/2022\\\/02\\\/web-Boyas-arg-1-1.jpeg\",\"datePublished\":\"2022-02-21T17:33:08+00:00\",\"dateModified\":\"2023-11-15T12:50:52+00:00\",\"breadcrumb\":{\"@id\":\"https:\\\/\\\/caru.org.uy\\\/nuevositio\\\/2022\\\/02\\\/21\\\/cambio-de-luminarias-para-el-balizamiento-del-rio-uruguay\\\/#breadcrumb\"},\"inLanguage\":\"es\",\"potentialAction\":[{\"@type\":\"ReadAction\",\"target\":[\"https:\\\/\\\/caru.org.uy\\\/nuevositio\\\/2022\\\/02\\\/21\\\/cambio-de-luminarias-para-el-balizamiento-del-rio-uruguay\\\/\"]}]},{\"@type\":\"ImageObject\",\"inLanguage\":\"es\",\"@id\":\"https:\\\/\\\/caru.org.uy\\\/nuevositio\\\/2022\\\/02\\\/21\\\/cambio-de-luminarias-para-el-balizamiento-del-rio-uruguay\\\/#primaryimage\",\"url\":\"https:\\\/\\\/caru.org.uy\\\/nuevositio\\\/wp-content\\\/uploads\\\/2022\\\/02\\\/web-Boyas-arg-1-1.jpeg\",\"contentUrl\":\"https:\\\/\\\/caru.org.uy\\\/nuevositio\\\/wp-content\\\/uploads\\\/2022\\\/02\\\/web-Boyas-arg-1-1.jpeg\",\"width\":1199,\"height\":969},{\"@type\":\"BreadcrumbList\",\"@id\":\"https:\\\/\\\/caru.org.uy\\\/nuevositio\\\/2022\\\/02\\\/21\\\/cambio-de-luminarias-para-el-balizamiento-del-rio-uruguay\\\/#breadcrumb\",\"itemListElement\":[{\"@type\":\"ListItem\",\"position\":1,\"name\":\"Portada\",\"item\":\"https:\\\/\\\/caru.org.uy\\\/nuevositio\\\/\"},{\"@type\":\"ListItem\",\"position\":2,\"name\":\"Cambio de luminarias para el balizamiento del R\u00edo Uruguay\"}]},{\"@type\":\"WebSite\",\"@id\":\"https:\\\/\\\/caru.org.uy\\\/nuevositio\\\/#website\",\"url\":\"https:\\\/\\\/caru.org.uy\\\/nuevositio\\\/\",\"name\":\"C.A.R.U.\",\"description\":\"Comisi\u00f3n Administradora del R\u00edo Uruguay\",\"publisher\":{\"@id\":\"https:\\\/\\\/caru.org.uy\\\/nuevositio\\\/#organization\"},\"potentialAction\":[{\"@type\":\"SearchAction\",\"target\":{\"@type\":\"EntryPoint\",\"urlTemplate\":\"https:\\\/\\\/caru.org.uy\\\/nuevositio\\\/?s={search_term_string}\"},\"query-input\":{\"@type\":\"PropertyValueSpecification\",\"valueRequired\":true,\"valueName\":\"search_term_string\"}}],\"inLanguage\":\"es\"},{\"@type\":\"Organization\",\"@id\":\"https:\\\/\\\/caru.org.uy\\\/nuevositio\\\/#organization\",\"name\":\"C.A.R.U.\",\"url\":\"https:\\\/\\\/caru.org.uy\\\/nuevositio\\\/\",\"logo\":{\"@type\":\"ImageObject\",\"inLanguage\":\"es\",\"@id\":\"https:\\\/\\\/caru.org.uy\\\/nuevositio\\\/#\\\/schema\\\/logo\\\/image\\\/\",\"url\":\"https:\\\/\\\/caru.org.uy\\\/nuevositio\\\/wp-content\\\/uploads\\\/2023\\\/11\\\/logo-nuevo.jpg\",\"contentUrl\":\"https:\\\/\\\/caru.org.uy\\\/nuevositio\\\/wp-content\\\/uploads\\\/2023\\\/11\\\/logo-nuevo.jpg\",\"width\":1,\"height\":1,\"caption\":\"C.A.R.U.\"},\"image\":{\"@id\":\"https:\\\/\\\/caru.org.uy\\\/nuevositio\\\/#\\\/schema\\\/logo\\\/image\\\/\"}},{\"@type\":\"Person\",\"@id\":\"https:\\\/\\\/caru.org.uy\\\/nuevositio\\\/#\\\/schema\\\/person\\\/9a11b7bc115602d2066d4c695b2aa3e5\",\"name\":\"Noma\",\"image\":{\"@type\":\"ImageObject\",\"inLanguage\":\"es\",\"@id\":\"https:\\\/\\\/secure.gravatar.com\\\/avatar\\\/8b0eb2764fe524b07cdc015df29e7576c061e58c50641dd8ccc46d3d448307e5?s=96&d=mm&r=g\",\"url\":\"https:\\\/\\\/secure.gravatar.com\\\/avatar\\\/8b0eb2764fe524b07cdc015df29e7576c061e58c50641dd8ccc46d3d448307e5?s=96&d=mm&r=g\",\"contentUrl\":\"https:\\\/\\\/secure.gravatar.com\\\/avatar\\\/8b0eb2764fe524b07cdc015df29e7576c061e58c50641dd8ccc46d3d448307e5?s=96&d=mm&r=g\",\"caption\":\"Noma\"},\"url\":\"https:\\\/\\\/caru.org.uy\\\/nuevositio\\\/author\\\/admin\\\/\"}]}<\/script>\n<!-- \/ Yoast SEO plugin. -->","yoast_head_json":{"title":"Cambio de luminarias para el balizamiento del R\u00edo Uruguay % C.A.R.U. imagen","robots":{"index":"index","follow":"follow","max-snippet":"max-snippet:-1","max-image-preview":"max-image-preview:large","max-video-preview":"max-video-preview:-1"},"canonical":"https:\/\/caru.org.uy\/nuevositio\/2022\/02\/21\/cambio-de-luminarias-para-el-balizamiento-del-rio-uruguay\/","og_locale":"es_ES","og_type":"article","og_title":"Cambio de luminarias para el balizamiento del R\u00edo Uruguay % C.A.R.U. imagen","og_description":"El s\u00e1bado 15 de enero de 2022 comenzaron los trabajos del mantenimiento de las 135 boyas que se encuentran bajo responsabilidad de la Rep\u00fablica Argentina y que corresponden al balizamiento del r\u00edo Uruguay desde el kil\u00f3metro 0 hasta el 213 que aseguran la correcta navegabilidad diurna y nocturna por dicho canal. El balizamiento, se encuentra [&hellip;]","og_url":"https:\/\/caru.org.uy\/nuevositio\/2022\/02\/21\/cambio-de-luminarias-para-el-balizamiento-del-rio-uruguay\/","og_site_name":"C.A.R.U.","article_published_time":"2022-02-21T17:33:08+00:00","article_modified_time":"2023-11-15T12:50:52+00:00","og_image":[{"width":1199,"height":969,"url":"https:\/\/caru.org.uy\/nuevositio\/wp-content\/uploads\/2022\/02\/web-Boyas-arg-1-1.jpeg","type":"image\/jpeg"}],"author":"Noma","twitter_card":"summary_large_image","twitter_misc":{"Escrito por":"Noma","Tiempo de lectura":"3 minutos"},"schema":{"@context":"https:\/\/schema.org","@graph":[{"@type":["Article","BlogPosting"],"@id":"https:\/\/caru.org.uy\/nuevositio\/2022\/02\/21\/cambio-de-luminarias-para-el-balizamiento-del-rio-uruguay\/#article","isPartOf":{"@id":"https:\/\/caru.org.uy\/nuevositio\/2022\/02\/21\/cambio-de-luminarias-para-el-balizamiento-del-rio-uruguay\/"},"author":{"name":"Noma","@id":"https:\/\/caru.org.uy\/nuevositio\/#\/schema\/person\/9a11b7bc115602d2066d4c695b2aa3e5"},"headline":"Cambio de luminarias para el balizamiento del R\u00edo Uruguay","datePublished":"2022-02-21T17:33:08+00:00","dateModified":"2023-11-15T12:50:52+00:00","mainEntityOfPage":{"@id":"https:\/\/caru.org.uy\/nuevositio\/2022\/02\/21\/cambio-de-luminarias-para-el-balizamiento-del-rio-uruguay\/"},"wordCount":674,"publisher":{"@id":"https:\/\/caru.org.uy\/nuevositio\/#organization"},"image":{"@id":"https:\/\/caru.org.uy\/nuevositio\/2022\/02\/21\/cambio-de-luminarias-para-el-balizamiento-del-rio-uruguay\/#primaryimage"},"thumbnailUrl":"https:\/\/caru.org.uy\/nuevositio\/wp-content\/uploads\/2022\/02\/web-Boyas-arg-1-1.jpeg","articleSection":["Noticias","Novedades"],"inLanguage":"es"},{"@type":"WebPage","@id":"https:\/\/caru.org.uy\/nuevositio\/2022\/02\/21\/cambio-de-luminarias-para-el-balizamiento-del-rio-uruguay\/","url":"https:\/\/caru.org.uy\/nuevositio\/2022\/02\/21\/cambio-de-luminarias-para-el-balizamiento-del-rio-uruguay\/","name":"Cambio de luminarias para el balizamiento del R\u00edo Uruguay % C.A.R.U. imagen","isPartOf":{"@id":"https:\/\/caru.org.uy\/nuevositio\/#website"},"primaryImageOfPage":{"@id":"https:\/\/caru.org.uy\/nuevositio\/2022\/02\/21\/cambio-de-luminarias-para-el-balizamiento-del-rio-uruguay\/#primaryimage"},"image":{"@id":"https:\/\/caru.org.uy\/nuevositio\/2022\/02\/21\/cambio-de-luminarias-para-el-balizamiento-del-rio-uruguay\/#primaryimage"},"thumbnailUrl":"https:\/\/caru.org.uy\/nuevositio\/wp-content\/uploads\/2022\/02\/web-Boyas-arg-1-1.jpeg","datePublished":"2022-02-21T17:33:08+00:00","dateModified":"2023-11-15T12:50:52+00:00","breadcrumb":{"@id":"https:\/\/caru.org.uy\/nuevositio\/2022\/02\/21\/cambio-de-luminarias-para-el-balizamiento-del-rio-uruguay\/#breadcrumb"},"inLanguage":"es","potentialAction":[{"@type":"ReadAction","target":["https:\/\/caru.org.uy\/nuevositio\/2022\/02\/21\/cambio-de-luminarias-para-el-balizamiento-del-rio-uruguay\/"]}]},{"@type":"ImageObject","inLanguage":"es","@id":"https:\/\/caru.org.uy\/nuevositio\/2022\/02\/21\/cambio-de-luminarias-para-el-balizamiento-del-rio-uruguay\/#primaryimage","url":"https:\/\/caru.org.uy\/nuevositio\/wp-content\/uploads\/2022\/02\/web-Boyas-arg-1-1.jpeg","contentUrl":"https:\/\/caru.org.uy\/nuevositio\/wp-content\/uploads\/2022\/02\/web-Boyas-arg-1-1.jpeg","width":1199,"height":969},{"@type":"BreadcrumbList","@id":"https:\/\/caru.org.uy\/nuevositio\/2022\/02\/21\/cambio-de-luminarias-para-el-balizamiento-del-rio-uruguay\/#breadcrumb","itemListElement":[{"@type":"ListItem","position":1,"name":"Portada","item":"https:\/\/caru.org.uy\/nuevositio\/"},{"@type":"ListItem","position":2,"name":"Cambio de luminarias para el balizamiento del R\u00edo Uruguay"}]},{"@type":"WebSite","@id":"https:\/\/caru.org.uy\/nuevositio\/#website","url":"https:\/\/caru.org.uy\/nuevositio\/","name":"C.A.R.U.","description":"Comisi\u00f3n Administradora del R\u00edo Uruguay","publisher":{"@id":"https:\/\/caru.org.uy\/nuevositio\/#organization"},"potentialAction":[{"@type":"SearchAction","target":{"@type":"EntryPoint","urlTemplate":"https:\/\/caru.org.uy\/nuevositio\/?s={search_term_string}"},"query-input":{"@type":"PropertyValueSpecification","valueRequired":true,"valueName":"search_term_string"}}],"inLanguage":"es"},{"@type":"Organization","@id":"https:\/\/caru.org.uy\/nuevositio\/#organization","name":"C.A.R.U.","url":"https:\/\/caru.org.uy\/nuevositio\/","logo":{"@type":"ImageObject","inLanguage":"es","@id":"https:\/\/caru.org.uy\/nuevositio\/#\/schema\/logo\/image\/","url":"https:\/\/caru.org.uy\/nuevositio\/wp-content\/uploads\/2023\/11\/logo-nuevo.jpg","contentUrl":"https:\/\/caru.org.uy\/nuevositio\/wp-content\/uploads\/2023\/11\/logo-nuevo.jpg","width":1,"height":1,"caption":"C.A.R.U."},"image":{"@id":"https:\/\/caru.org.uy\/nuevositio\/#\/schema\/logo\/image\/"}},{"@type":"Person","@id":"https:\/\/caru.org.uy\/nuevositio\/#\/schema\/person\/9a11b7bc115602d2066d4c695b2aa3e5","name":"Noma","image":{"@type":"ImageObject","inLanguage":"es","@id":"https:\/\/secure.gravatar.com\/avatar\/8b0eb2764fe524b07cdc015df29e7576c061e58c50641dd8ccc46d3d448307e5?s=96&d=mm&r=g","url":"https:\/\/secure.gravatar.com\/avatar\/8b0eb2764fe524b07cdc015df29e7576c061e58c50641dd8ccc46d3d448307e5?s=96&d=mm&r=g","contentUrl":"https:\/\/secure.gravatar.com\/avatar\/8b0eb2764fe524b07cdc015df29e7576c061e58c50641dd8ccc46d3d448307e5?s=96&d=mm&r=g","caption":"Noma"},"url":"https:\/\/caru.org.uy\/nuevositio\/author\/admin\/"}]}},"_links":{"self":[{"href":"https:\/\/caru.org.uy\/nuevositio\/wp-json\/wp\/v2\/posts\/7444","targetHints":{"allow":["GET"]}}],"collection":[{"href":"https:\/\/caru.org.uy\/nuevositio\/wp-json\/wp\/v2\/posts"}],"about":[{"href":"https:\/\/caru.org.uy\/nuevositio\/wp-json\/wp\/v2\/types\/post"}],"author":[{"embeddable":true,"href":"https:\/\/caru.org.uy\/nuevositio\/wp-json\/wp\/v2\/users\/1"}],"replies":[{"embeddable":true,"href":"https:\/\/caru.org.uy\/nuevositio\/wp-json\/wp\/v2\/comments?post=7444"}],"version-history":[{"count":5,"href":"https:\/\/caru.org.uy\/nuevositio\/wp-json\/wp\/v2\/posts\/7444\/revisions"}],"predecessor-version":[{"id":8765,"href":"https:\/\/caru.org.uy\/nuevositio\/wp-json\/wp\/v2\/posts\/7444\/revisions\/8765"}],"wp:featuredmedia":[{"embeddable":true,"href":"https:\/\/caru.org.uy\/nuevositio\/wp-json\/wp\/v2\/media\/7452"}],"wp:attachment":[{"href":"https:\/\/caru.org.uy\/nuevositio\/wp-json\/wp\/v2\/media?parent=7444"}],"wp:term":[{"taxonomy":"category","embeddable":true,"href":"https:\/\/caru.org.uy\/nuevositio\/wp-json\/wp\/v2\/categories?post=7444"},{"taxonomy":"post_tag","embeddable":true,"href":"https:\/\/caru.org.uy\/nuevositio\/wp-json\/wp\/v2\/tags?post=7444"}],"curies":[{"name":"wp","href":"https:\/\/api.w.org\/{rel}","templated":true}]}}