{"id":7455,"date":"2022-02-23T14:21:29","date_gmt":"2022-02-23T14:21:29","guid":{"rendered":"https:\/\/caru.org.uy\/nuevositio\/?p=7455"},"modified":"2023-11-15T12:49:38","modified_gmt":"2023-11-15T12:49:38","slug":"fallecio-la-delegada-argentina-de-caru-marta-insausti-de-aguirre","status":"publish","type":"post","link":"https:\/\/caru.org.uy\/nuevositio\/2022\/02\/23\/fallecio-la-delegada-argentina-de-caru-marta-insausti-de-aguirre\/","title":{"rendered":"Falleci\u00f3 la Delegada Argentina de CARU, Marta Insausti de Aguirre"},"content":{"rendered":"\t\t<div data-elementor-type=\"wp-post\" data-elementor-id=\"7455\" class=\"elementor elementor-7455\" data-elementor-post-type=\"post\">\n\t\t\t\t\t\t<section class=\"elementor-section elementor-top-section elementor-element elementor-element-5f6893af elementor-section-boxed elementor-section-height-default elementor-section-height-default\" data-id=\"5f6893af\" data-element_type=\"section\" data-e-type=\"section\" data-settings=\"{&quot;jet_parallax_layout_list&quot;:[]}\">\n\t\t\t\t\t\t<div class=\"elementor-container elementor-column-gap-default\">\n\t\t\t\t\t<div class=\"elementor-column elementor-col-50 elementor-top-column elementor-element elementor-element-280cdcc0\" data-id=\"280cdcc0\" data-element_type=\"column\" data-e-type=\"column\">\n\t\t\t<div class=\"elementor-widget-wrap elementor-element-populated\">\n\t\t\t\t\t\t<div class=\"elementor-element elementor-element-123f69b6 elementor-widget elementor-widget-image\" data-id=\"123f69b6\" data-element_type=\"widget\" data-e-type=\"widget\" data-widget_type=\"image.default\">\n\t\t\t\t<div class=\"elementor-widget-container\">\n\t\t\t\t\t\t\t\t\t\t\t\t\t\t\t<img fetchpriority=\"high\" decoding=\"async\" width=\"891\" height=\"665\" src=\"https:\/\/caru.org.uy\/nuevositio\/wp-content\/uploads\/2022\/02\/web-marta.jpg\" class=\"attachment-large size-large wp-image-7453\" alt=\"\" srcset=\"https:\/\/caru.org.uy\/nuevositio\/wp-content\/uploads\/2022\/02\/web-marta.jpg 891w, https:\/\/caru.org.uy\/nuevositio\/wp-content\/uploads\/2022\/02\/web-marta-300x224.jpg 300w, https:\/\/caru.org.uy\/nuevositio\/wp-content\/uploads\/2022\/02\/web-marta-768x573.jpg 768w\" sizes=\"(max-width: 891px) 100vw, 891px\" \/>\t\t\t\t\t\t\t\t\t\t\t\t\t\t\t<\/div>\n\t\t\t\t<\/div>\n\t\t\t\t\t<\/div>\n\t\t<\/div>\n\t\t\t\t<div class=\"elementor-column elementor-col-50 elementor-top-column elementor-element elementor-element-102147b8\" data-id=\"102147b8\" data-element_type=\"column\" data-e-type=\"column\">\n\t\t\t<div class=\"elementor-widget-wrap elementor-element-populated\">\n\t\t\t\t\t\t<div class=\"elementor-element elementor-element-206500ae elementor-widget elementor-widget-text-editor\" data-id=\"206500ae\" data-element_type=\"widget\" data-e-type=\"widget\" data-widget_type=\"text-editor.default\">\n\t\t\t\t<div class=\"elementor-widget-container\">\n\t\t\t\t\t\t\t\t\t\n<p>En la madrugada del lunes 31 de enero, falleci\u00f3 en Buenos Aires la Delegada Argentina ante la Comisi\u00f3n Administradora del R\u00edo Uruguay (CARU), Embajadora Plenipotenciaria Marta Insausti Urdapilleta de Aguirre.<\/p>\n\n\n\n<p>Marta Insausti de Aguirre, de 65 a\u00f1os de edad, contaba con una vasta experiencia en la Canciller\u00eda Argentina, ocupando diferentes cargos en embajadas y consulados de nuestro pa\u00eds. El 22 de marzo de 2020 fue designada por el Presidente de la Naci\u00f3n como Delegada Argentina ante la CARU, cargo que desempe\u00f1\u00f3 con profesionalismo e integridad.<\/p>\n\n\n\n<p>Actualmente era, adem\u00e1s, Presidenta de la Asociaci\u00f3n Profesional del Servicio Exterior de la Naci\u00f3n (APSEN), durante cuyo mandato defendi\u00f3 los intereses del Cuerpo Diplom\u00e1tico.<\/p>\n\n\n\n<p>La Comisi\u00f3n Administradora del R\u00edo Uruguay lamenta hoy su irreparable p\u00e9rdida, y acompa\u00f1a a su familia en este tiempo de profundo dolor.<\/p>\n\t\t\t\t\t\t\t\t<\/div>\n\t\t\t\t<\/div>\n\t\t\t\t\t<\/div>\n\t\t<\/div>\n\t\t\t\t\t<\/div>\n\t\t<\/section>\n\t\t\t\t<\/div>\n\t\t","protected":false},"excerpt":{"rendered":"<p>En la madrugada del lunes 31 de enero, falleci\u00f3 en Buenos Aires la Delegada Argentina ante la Comisi\u00f3n Administradora del R\u00edo Uruguay (CARU), Embajadora Plenipotenciaria Marta Insausti Urdapilleta de Aguirre. Marta Insausti de Aguirre, de 65 a\u00f1os de edad, contaba con una vasta experiencia en la Canciller\u00eda Argentina, ocupando diferentes cargos en embajadas y consulados [&hellip;]<\/p>\n","protected":false},"author":1,"featured_media":7453,"comment_status":"closed","ping_status":"open","sticky":false,"template":"","format":"standard","meta":{"_acf_changed":false,"_joinchat":[],"footnotes":""},"categories":[37,27],"tags":[],"class_list":["post-7455","post","type-post","status-publish","format-standard","has-post-thumbnail","hentry","category-noticias","category-novedades"],"acf":[],"yoast_head":"<!-- This site is optimized with the Yoast SEO plugin v27.3 - https:\/\/yoast.com\/product\/yoast-seo-wordpress\/ -->\n<title>Falleci\u00f3 la Delegada Argentina de CARU, Marta Insausti de Aguirre % C.A.R.U. imagen<\/title>\n<meta name=\"robots\" content=\"index, follow, max-snippet:-1, max-image-preview:large, max-video-preview:-1\" \/>\n<link rel=\"canonical\" href=\"https:\/\/caru.org.uy\/nuevositio\/2022\/02\/23\/fallecio-la-delegada-argentina-de-caru-marta-insausti-de-aguirre\/\" \/>\n<meta property=\"og:locale\" content=\"es_ES\" \/>\n<meta property=\"og:type\" content=\"article\" \/>\n<meta property=\"og:title\" content=\"Falleci\u00f3 la Delegada Argentina de CARU, Marta Insausti de Aguirre % C.A.R.U. imagen\" \/>\n<meta property=\"og:description\" content=\"En la madrugada del lunes 31 de enero, falleci\u00f3 en Buenos Aires la Delegada Argentina ante la Comisi\u00f3n Administradora del R\u00edo Uruguay (CARU), Embajadora Plenipotenciaria Marta Insausti Urdapilleta de Aguirre. Marta Insausti de Aguirre, de 65 a\u00f1os de edad, contaba con una vasta experiencia en la Canciller\u00eda Argentina, ocupando diferentes cargos en embajadas y consulados [&hellip;]\" \/>\n<meta property=\"og:url\" content=\"https:\/\/caru.org.uy\/nuevositio\/2022\/02\/23\/fallecio-la-delegada-argentina-de-caru-marta-insausti-de-aguirre\/\" \/>\n<meta property=\"og:site_name\" content=\"C.A.R.U.\" \/>\n<meta property=\"article:published_time\" content=\"2022-02-23T14:21:29+00:00\" \/>\n<meta property=\"article:modified_time\" content=\"2023-11-15T12:49:38+00:00\" \/>\n<meta property=\"og:image\" content=\"https:\/\/caru.org.uy\/nuevositio\/wp-content\/uploads\/2022\/02\/web-marta.jpg\" \/>\n\t<meta property=\"og:image:width\" content=\"891\" \/>\n\t<meta property=\"og:image:height\" content=\"665\" \/>\n\t<meta property=\"og:image:type\" content=\"image\/jpeg\" \/>\n<meta name=\"author\" content=\"Noma\" \/>\n<meta name=\"twitter:card\" content=\"summary_large_image\" \/>\n<meta name=\"twitter:label1\" content=\"Escrito por\" \/>\n\t<meta name=\"twitter:data1\" content=\"Noma\" \/>\n\t<meta name=\"twitter:label2\" content=\"Tiempo de lectura\" \/>\n\t<meta name=\"twitter:data2\" content=\"1 minuto\" \/>\n<script type=\"application\/ld+json\" class=\"yoast-schema-graph\">{\"@context\":\"https:\\\/\\\/schema.org\",\"@graph\":[{\"@type\":[\"Article\",\"BlogPosting\"],\"@id\":\"https:\\\/\\\/caru.org.uy\\\/nuevositio\\\/2022\\\/02\\\/23\\\/fallecio-la-delegada-argentina-de-caru-marta-insausti-de-aguirre\\\/#article\",\"isPartOf\":{\"@id\":\"https:\\\/\\\/caru.org.uy\\\/nuevositio\\\/2022\\\/02\\\/23\\\/fallecio-la-delegada-argentina-de-caru-marta-insausti-de-aguirre\\\/\"},\"author\":{\"name\":\"Noma\",\"@id\":\"https:\\\/\\\/caru.org.uy\\\/nuevositio\\\/#\\\/schema\\\/person\\\/9a11b7bc115602d2066d4c695b2aa3e5\"},\"headline\":\"Falleci\u00f3 la Delegada Argentina de CARU, Marta Insausti de Aguirre\",\"datePublished\":\"2022-02-23T14:21:29+00:00\",\"dateModified\":\"2023-11-15T12:49:38+00:00\",\"mainEntityOfPage\":{\"@id\":\"https:\\\/\\\/caru.org.uy\\\/nuevositio\\\/2022\\\/02\\\/23\\\/fallecio-la-delegada-argentina-de-caru-marta-insausti-de-aguirre\\\/\"},\"wordCount\":151,\"publisher\":{\"@id\":\"https:\\\/\\\/caru.org.uy\\\/nuevositio\\\/#organization\"},\"image\":{\"@id\":\"https:\\\/\\\/caru.org.uy\\\/nuevositio\\\/2022\\\/02\\\/23\\\/fallecio-la-delegada-argentina-de-caru-marta-insausti-de-aguirre\\\/#primaryimage\"},\"thumbnailUrl\":\"https:\\\/\\\/caru.org.uy\\\/nuevositio\\\/wp-content\\\/uploads\\\/2022\\\/02\\\/web-marta.jpg\",\"articleSection\":[\"Noticias\",\"Novedades\"],\"inLanguage\":\"es\"},{\"@type\":\"WebPage\",\"@id\":\"https:\\\/\\\/caru.org.uy\\\/nuevositio\\\/2022\\\/02\\\/23\\\/fallecio-la-delegada-argentina-de-caru-marta-insausti-de-aguirre\\\/\",\"url\":\"https:\\\/\\\/caru.org.uy\\\/nuevositio\\\/2022\\\/02\\\/23\\\/fallecio-la-delegada-argentina-de-caru-marta-insausti-de-aguirre\\\/\",\"name\":\"Falleci\u00f3 la Delegada Argentina de CARU, Marta Insausti de Aguirre % C.A.R.U. imagen\",\"isPartOf\":{\"@id\":\"https:\\\/\\\/caru.org.uy\\\/nuevositio\\\/#website\"},\"primaryImageOfPage\":{\"@id\":\"https:\\\/\\\/caru.org.uy\\\/nuevositio\\\/2022\\\/02\\\/23\\\/fallecio-la-delegada-argentina-de-caru-marta-insausti-de-aguirre\\\/#primaryimage\"},\"image\":{\"@id\":\"https:\\\/\\\/caru.org.uy\\\/nuevositio\\\/2022\\\/02\\\/23\\\/fallecio-la-delegada-argentina-de-caru-marta-insausti-de-aguirre\\\/#primaryimage\"},\"thumbnailUrl\":\"https:\\\/\\\/caru.org.uy\\\/nuevositio\\\/wp-content\\\/uploads\\\/2022\\\/02\\\/web-marta.jpg\",\"datePublished\":\"2022-02-23T14:21:29+00:00\",\"dateModified\":\"2023-11-15T12:49:38+00:00\",\"breadcrumb\":{\"@id\":\"https:\\\/\\\/caru.org.uy\\\/nuevositio\\\/2022\\\/02\\\/23\\\/fallecio-la-delegada-argentina-de-caru-marta-insausti-de-aguirre\\\/#breadcrumb\"},\"inLanguage\":\"es\",\"potentialAction\":[{\"@type\":\"ReadAction\",\"target\":[\"https:\\\/\\\/caru.org.uy\\\/nuevositio\\\/2022\\\/02\\\/23\\\/fallecio-la-delegada-argentina-de-caru-marta-insausti-de-aguirre\\\/\"]}]},{\"@type\":\"ImageObject\",\"inLanguage\":\"es\",\"@id\":\"https:\\\/\\\/caru.org.uy\\\/nuevositio\\\/2022\\\/02\\\/23\\\/fallecio-la-delegada-argentina-de-caru-marta-insausti-de-aguirre\\\/#primaryimage\",\"url\":\"https:\\\/\\\/caru.org.uy\\\/nuevositio\\\/wp-content\\\/uploads\\\/2022\\\/02\\\/web-marta.jpg\",\"contentUrl\":\"https:\\\/\\\/caru.org.uy\\\/nuevositio\\\/wp-content\\\/uploads\\\/2022\\\/02\\\/web-marta.jpg\",\"width\":891,\"height\":665},{\"@type\":\"BreadcrumbList\",\"@id\":\"https:\\\/\\\/caru.org.uy\\\/nuevositio\\\/2022\\\/02\\\/23\\\/fallecio-la-delegada-argentina-de-caru-marta-insausti-de-aguirre\\\/#breadcrumb\",\"itemListElement\":[{\"@type\":\"ListItem\",\"position\":1,\"name\":\"Portada\",\"item\":\"https:\\\/\\\/caru.org.uy\\\/nuevositio\\\/\"},{\"@type\":\"ListItem\",\"position\":2,\"name\":\"Falleci\u00f3 la Delegada Argentina de CARU, Marta Insausti de Aguirre\"}]},{\"@type\":\"WebSite\",\"@id\":\"https:\\\/\\\/caru.org.uy\\\/nuevositio\\\/#website\",\"url\":\"https:\\\/\\\/caru.org.uy\\\/nuevositio\\\/\",\"name\":\"C.A.R.U.\",\"description\":\"Comisi\u00f3n Administradora del R\u00edo Uruguay\",\"publisher\":{\"@id\":\"https:\\\/\\\/caru.org.uy\\\/nuevositio\\\/#organization\"},\"potentialAction\":[{\"@type\":\"SearchAction\",\"target\":{\"@type\":\"EntryPoint\",\"urlTemplate\":\"https:\\\/\\\/caru.org.uy\\\/nuevositio\\\/?s={search_term_string}\"},\"query-input\":{\"@type\":\"PropertyValueSpecification\",\"valueRequired\":true,\"valueName\":\"search_term_string\"}}],\"inLanguage\":\"es\"},{\"@type\":\"Organization\",\"@id\":\"https:\\\/\\\/caru.org.uy\\\/nuevositio\\\/#organization\",\"name\":\"C.A.R.U.\",\"url\":\"https:\\\/\\\/caru.org.uy\\\/nuevositio\\\/\",\"logo\":{\"@type\":\"ImageObject\",\"inLanguage\":\"es\",\"@id\":\"https:\\\/\\\/caru.org.uy\\\/nuevositio\\\/#\\\/schema\\\/logo\\\/image\\\/\",\"url\":\"https:\\\/\\\/caru.org.uy\\\/nuevositio\\\/wp-content\\\/uploads\\\/2023\\\/11\\\/logo-nuevo.jpg\",\"contentUrl\":\"https:\\\/\\\/caru.org.uy\\\/nuevositio\\\/wp-content\\\/uploads\\\/2023\\\/11\\\/logo-nuevo.jpg\",\"width\":1,\"height\":1,\"caption\":\"C.A.R.U.\"},\"image\":{\"@id\":\"https:\\\/\\\/caru.org.uy\\\/nuevositio\\\/#\\\/schema\\\/logo\\\/image\\\/\"}},{\"@type\":\"Person\",\"@id\":\"https:\\\/\\\/caru.org.uy\\\/nuevositio\\\/#\\\/schema\\\/person\\\/9a11b7bc115602d2066d4c695b2aa3e5\",\"name\":\"Noma\",\"image\":{\"@type\":\"ImageObject\",\"inLanguage\":\"es\",\"@id\":\"https:\\\/\\\/secure.gravatar.com\\\/avatar\\\/8b0eb2764fe524b07cdc015df29e7576c061e58c50641dd8ccc46d3d448307e5?s=96&d=mm&r=g\",\"url\":\"https:\\\/\\\/secure.gravatar.com\\\/avatar\\\/8b0eb2764fe524b07cdc015df29e7576c061e58c50641dd8ccc46d3d448307e5?s=96&d=mm&r=g\",\"contentUrl\":\"https:\\\/\\\/secure.gravatar.com\\\/avatar\\\/8b0eb2764fe524b07cdc015df29e7576c061e58c50641dd8ccc46d3d448307e5?s=96&d=mm&r=g\",\"caption\":\"Noma\"},\"url\":\"https:\\\/\\\/caru.org.uy\\\/nuevositio\\\/author\\\/admin\\\/\"}]}<\/script>\n<!-- \/ Yoast SEO plugin. -->","yoast_head_json":{"title":"Falleci\u00f3 la Delegada Argentina de CARU, Marta Insausti de Aguirre % C.A.R.U. imagen","robots":{"index":"index","follow":"follow","max-snippet":"max-snippet:-1","max-image-preview":"max-image-preview:large","max-video-preview":"max-video-preview:-1"},"canonical":"https:\/\/caru.org.uy\/nuevositio\/2022\/02\/23\/fallecio-la-delegada-argentina-de-caru-marta-insausti-de-aguirre\/","og_locale":"es_ES","og_type":"article","og_title":"Falleci\u00f3 la Delegada Argentina de CARU, Marta Insausti de Aguirre % C.A.R.U. imagen","og_description":"En la madrugada del lunes 31 de enero, falleci\u00f3 en Buenos Aires la Delegada Argentina ante la Comisi\u00f3n Administradora del R\u00edo Uruguay (CARU), Embajadora Plenipotenciaria Marta Insausti Urdapilleta de Aguirre. Marta Insausti de Aguirre, de 65 a\u00f1os de edad, contaba con una vasta experiencia en la Canciller\u00eda Argentina, ocupando diferentes cargos en embajadas y consulados [&hellip;]","og_url":"https:\/\/caru.org.uy\/nuevositio\/2022\/02\/23\/fallecio-la-delegada-argentina-de-caru-marta-insausti-de-aguirre\/","og_site_name":"C.A.R.U.","article_published_time":"2022-02-23T14:21:29+00:00","article_modified_time":"2023-11-15T12:49:38+00:00","og_image":[{"width":891,"height":665,"url":"https:\/\/caru.org.uy\/nuevositio\/wp-content\/uploads\/2022\/02\/web-marta.jpg","type":"image\/jpeg"}],"author":"Noma","twitter_card":"summary_large_image","twitter_misc":{"Escrito por":"Noma","Tiempo de lectura":"1 minuto"},"schema":{"@context":"https:\/\/schema.org","@graph":[{"@type":["Article","BlogPosting"],"@id":"https:\/\/caru.org.uy\/nuevositio\/2022\/02\/23\/fallecio-la-delegada-argentina-de-caru-marta-insausti-de-aguirre\/#article","isPartOf":{"@id":"https:\/\/caru.org.uy\/nuevositio\/2022\/02\/23\/fallecio-la-delegada-argentina-de-caru-marta-insausti-de-aguirre\/"},"author":{"name":"Noma","@id":"https:\/\/caru.org.uy\/nuevositio\/#\/schema\/person\/9a11b7bc115602d2066d4c695b2aa3e5"},"headline":"Falleci\u00f3 la Delegada Argentina de CARU, Marta Insausti de Aguirre","datePublished":"2022-02-23T14:21:29+00:00","dateModified":"2023-11-15T12:49:38+00:00","mainEntityOfPage":{"@id":"https:\/\/caru.org.uy\/nuevositio\/2022\/02\/23\/fallecio-la-delegada-argentina-de-caru-marta-insausti-de-aguirre\/"},"wordCount":151,"publisher":{"@id":"https:\/\/caru.org.uy\/nuevositio\/#organization"},"image":{"@id":"https:\/\/caru.org.uy\/nuevositio\/2022\/02\/23\/fallecio-la-delegada-argentina-de-caru-marta-insausti-de-aguirre\/#primaryimage"},"thumbnailUrl":"https:\/\/caru.org.uy\/nuevositio\/wp-content\/uploads\/2022\/02\/web-marta.jpg","articleSection":["Noticias","Novedades"],"inLanguage":"es"},{"@type":"WebPage","@id":"https:\/\/caru.org.uy\/nuevositio\/2022\/02\/23\/fallecio-la-delegada-argentina-de-caru-marta-insausti-de-aguirre\/","url":"https:\/\/caru.org.uy\/nuevositio\/2022\/02\/23\/fallecio-la-delegada-argentina-de-caru-marta-insausti-de-aguirre\/","name":"Falleci\u00f3 la Delegada Argentina de CARU, Marta Insausti de Aguirre % C.A.R.U. imagen","isPartOf":{"@id":"https:\/\/caru.org.uy\/nuevositio\/#website"},"primaryImageOfPage":{"@id":"https:\/\/caru.org.uy\/nuevositio\/2022\/02\/23\/fallecio-la-delegada-argentina-de-caru-marta-insausti-de-aguirre\/#primaryimage"},"image":{"@id":"https:\/\/caru.org.uy\/nuevositio\/2022\/02\/23\/fallecio-la-delegada-argentina-de-caru-marta-insausti-de-aguirre\/#primaryimage"},"thumbnailUrl":"https:\/\/caru.org.uy\/nuevositio\/wp-content\/uploads\/2022\/02\/web-marta.jpg","datePublished":"2022-02-23T14:21:29+00:00","dateModified":"2023-11-15T12:49:38+00:00","breadcrumb":{"@id":"https:\/\/caru.org.uy\/nuevositio\/2022\/02\/23\/fallecio-la-delegada-argentina-de-caru-marta-insausti-de-aguirre\/#breadcrumb"},"inLanguage":"es","potentialAction":[{"@type":"ReadAction","target":["https:\/\/caru.org.uy\/nuevositio\/2022\/02\/23\/fallecio-la-delegada-argentina-de-caru-marta-insausti-de-aguirre\/"]}]},{"@type":"ImageObject","inLanguage":"es","@id":"https:\/\/caru.org.uy\/nuevositio\/2022\/02\/23\/fallecio-la-delegada-argentina-de-caru-marta-insausti-de-aguirre\/#primaryimage","url":"https:\/\/caru.org.uy\/nuevositio\/wp-content\/uploads\/2022\/02\/web-marta.jpg","contentUrl":"https:\/\/caru.org.uy\/nuevositio\/wp-content\/uploads\/2022\/02\/web-marta.jpg","width":891,"height":665},{"@type":"BreadcrumbList","@id":"https:\/\/caru.org.uy\/nuevositio\/2022\/02\/23\/fallecio-la-delegada-argentina-de-caru-marta-insausti-de-aguirre\/#breadcrumb","itemListElement":[{"@type":"ListItem","position":1,"name":"Portada","item":"https:\/\/caru.org.uy\/nuevositio\/"},{"@type":"ListItem","position":2,"name":"Falleci\u00f3 la Delegada Argentina de CARU, Marta Insausti de Aguirre"}]},{"@type":"WebSite","@id":"https:\/\/caru.org.uy\/nuevositio\/#website","url":"https:\/\/caru.org.uy\/nuevositio\/","name":"C.A.R.U.","description":"Comisi\u00f3n Administradora del R\u00edo Uruguay","publisher":{"@id":"https:\/\/caru.org.uy\/nuevositio\/#organization"},"potentialAction":[{"@type":"SearchAction","target":{"@type":"EntryPoint","urlTemplate":"https:\/\/caru.org.uy\/nuevositio\/?s={search_term_string}"},"query-input":{"@type":"PropertyValueSpecification","valueRequired":true,"valueName":"search_term_string"}}],"inLanguage":"es"},{"@type":"Organization","@id":"https:\/\/caru.org.uy\/nuevositio\/#organization","name":"C.A.R.U.","url":"https:\/\/caru.org.uy\/nuevositio\/","logo":{"@type":"ImageObject","inLanguage":"es","@id":"https:\/\/caru.org.uy\/nuevositio\/#\/schema\/logo\/image\/","url":"https:\/\/caru.org.uy\/nuevositio\/wp-content\/uploads\/2023\/11\/logo-nuevo.jpg","contentUrl":"https:\/\/caru.org.uy\/nuevositio\/wp-content\/uploads\/2023\/11\/logo-nuevo.jpg","width":1,"height":1,"caption":"C.A.R.U."},"image":{"@id":"https:\/\/caru.org.uy\/nuevositio\/#\/schema\/logo\/image\/"}},{"@type":"Person","@id":"https:\/\/caru.org.uy\/nuevositio\/#\/schema\/person\/9a11b7bc115602d2066d4c695b2aa3e5","name":"Noma","image":{"@type":"ImageObject","inLanguage":"es","@id":"https:\/\/secure.gravatar.com\/avatar\/8b0eb2764fe524b07cdc015df29e7576c061e58c50641dd8ccc46d3d448307e5?s=96&d=mm&r=g","url":"https:\/\/secure.gravatar.com\/avatar\/8b0eb2764fe524b07cdc015df29e7576c061e58c50641dd8ccc46d3d448307e5?s=96&d=mm&r=g","contentUrl":"https:\/\/secure.gravatar.com\/avatar\/8b0eb2764fe524b07cdc015df29e7576c061e58c50641dd8ccc46d3d448307e5?s=96&d=mm&r=g","caption":"Noma"},"url":"https:\/\/caru.org.uy\/nuevositio\/author\/admin\/"}]}},"_links":{"self":[{"href":"https:\/\/caru.org.uy\/nuevositio\/wp-json\/wp\/v2\/posts\/7455","targetHints":{"allow":["GET"]}}],"collection":[{"href":"https:\/\/caru.org.uy\/nuevositio\/wp-json\/wp\/v2\/posts"}],"about":[{"href":"https:\/\/caru.org.uy\/nuevositio\/wp-json\/wp\/v2\/types\/post"}],"author":[{"embeddable":true,"href":"https:\/\/caru.org.uy\/nuevositio\/wp-json\/wp\/v2\/users\/1"}],"replies":[{"embeddable":true,"href":"https:\/\/caru.org.uy\/nuevositio\/wp-json\/wp\/v2\/comments?post=7455"}],"version-history":[{"count":5,"href":"https:\/\/caru.org.uy\/nuevositio\/wp-json\/wp\/v2\/posts\/7455\/revisions"}],"predecessor-version":[{"id":8762,"href":"https:\/\/caru.org.uy\/nuevositio\/wp-json\/wp\/v2\/posts\/7455\/revisions\/8762"}],"wp:featuredmedia":[{"embeddable":true,"href":"https:\/\/caru.org.uy\/nuevositio\/wp-json\/wp\/v2\/media\/7453"}],"wp:attachment":[{"href":"https:\/\/caru.org.uy\/nuevositio\/wp-json\/wp\/v2\/media?parent=7455"}],"wp:term":[{"taxonomy":"category","embeddable":true,"href":"https:\/\/caru.org.uy\/nuevositio\/wp-json\/wp\/v2\/categories?post=7455"},{"taxonomy":"post_tag","embeddable":true,"href":"https:\/\/caru.org.uy\/nuevositio\/wp-json\/wp\/v2\/tags?post=7455"}],"curies":[{"name":"wp","href":"https:\/\/api.w.org\/{rel}","templated":true}]}}