{"id":7462,"date":"2022-02-23T14:30:26","date_gmt":"2022-02-23T14:30:26","guid":{"rendered":"https:\/\/caru.org.uy\/nuevositio\/?p=7462"},"modified":"2023-11-15T12:48:29","modified_gmt":"2023-11-15T12:48:29","slug":"caru-incorporo-wifi-gratuito-en-los-puentes-internacionales-artigas-y-san-martin","status":"publish","type":"post","link":"https:\/\/caru.org.uy\/nuevositio\/2022\/02\/23\/caru-incorporo-wifi-gratuito-en-los-puentes-internacionales-artigas-y-san-martin\/","title":{"rendered":"CARU incorpor\u00f3 WiFi gratuito en los puentes internacionales Gral. Artigas y Gral. San Mart\u00edn"},"content":{"rendered":"\t\t<div data-elementor-type=\"wp-post\" data-elementor-id=\"7462\" class=\"elementor elementor-7462\" data-elementor-post-type=\"post\">\n\t\t\t\t\t\t<section class=\"elementor-section elementor-top-section elementor-element elementor-element-6205d724 elementor-section-boxed elementor-section-height-default elementor-section-height-default\" data-id=\"6205d724\" data-element_type=\"section\" data-e-type=\"section\" data-settings=\"{&quot;jet_parallax_layout_list&quot;:[]}\">\n\t\t\t\t\t\t<div class=\"elementor-container elementor-column-gap-default\">\n\t\t\t\t\t<div class=\"elementor-column elementor-col-50 elementor-top-column elementor-element elementor-element-5f233efb\" data-id=\"5f233efb\" data-element_type=\"column\" data-e-type=\"column\">\n\t\t\t<div class=\"elementor-widget-wrap elementor-element-populated\">\n\t\t\t\t\t\t<div class=\"elementor-element elementor-element-f3e42ef elementor-widget elementor-widget-image\" data-id=\"f3e42ef\" data-element_type=\"widget\" data-e-type=\"widget\" data-widget_type=\"image.default\">\n\t\t\t\t<div class=\"elementor-widget-container\">\n\t\t\t\t\t\t\t\t\t\t\t\t\t\t\t<img fetchpriority=\"high\" decoding=\"async\" width=\"1024\" height=\"655\" src=\"https:\/\/caru.org.uy\/nuevositio\/wp-content\/uploads\/2022\/02\/frontera-1-1024x655.jpg\" class=\"attachment-large size-large wp-image-7463\" alt=\"\" srcset=\"https:\/\/caru.org.uy\/nuevositio\/wp-content\/uploads\/2022\/02\/frontera-1-1024x655.jpg 1024w, https:\/\/caru.org.uy\/nuevositio\/wp-content\/uploads\/2022\/02\/frontera-1-300x192.jpg 300w, https:\/\/caru.org.uy\/nuevositio\/wp-content\/uploads\/2022\/02\/frontera-1-768x491.jpg 768w, https:\/\/caru.org.uy\/nuevositio\/wp-content\/uploads\/2022\/02\/frontera-1.jpg 1477w\" sizes=\"(max-width: 1024px) 100vw, 1024px\" \/>\t\t\t\t\t\t\t\t\t\t\t\t\t\t\t<\/div>\n\t\t\t\t<\/div>\n\t\t\t\t\t<\/div>\n\t\t<\/div>\n\t\t\t\t<div class=\"elementor-column elementor-col-50 elementor-top-column elementor-element elementor-element-fb805af\" data-id=\"fb805af\" data-element_type=\"column\" data-e-type=\"column\">\n\t\t\t<div class=\"elementor-widget-wrap elementor-element-populated\">\n\t\t\t\t\t\t<div class=\"elementor-element elementor-element-4fd89b8e elementor-widget elementor-widget-text-editor\" data-id=\"4fd89b8e\" data-element_type=\"widget\" data-e-type=\"widget\" data-widget_type=\"text-editor.default\">\n\t\t\t\t<div class=\"elementor-widget-container\">\n\t\t\t\t\t\t\t\t\t\n<p>La Comisi\u00f3n Administradora del R\u00edo Uruguay pone a disposici\u00f3n de los usuarios de los Puentes Internacionales General Artigas y Libertador General San Mart\u00edn, un nuevo servicio de WIFI gratuito.<\/p>\n\n\n\n<p>Quienes cuenten con los dispositivos apropiados, podr\u00e1n captar la se\u00f1al y utilizar dicha tecnolog\u00eda en las Areas de Control Integrado (ACI) de ambos puentes que administra CARU y que unen a la Rep\u00fablica Argentina y la Rep\u00fablica Oriental del Uruguay.<\/p>\n\n\n\n<p>El servicio de WIFI gratuito fue contratado por CARU a la Administraci\u00f3n Nacional de Telecomunicaciones de la Rep\u00fablica Oriental del Uruguay (ANTEL), y permitir\u00e1 conectarse a Internet a los usuarios que as\u00ed lo requieran. Se trata de una herramienta que brinda CARU para quienes necesiten conectividad, movilidad y f\u00e1cil acceso a internet para completar y\/o realizar tr\u00e1mites migratorios, aduaneros y las declaraciones requeridas por las autoridades sanitarias en los Puentes Internacionales.<\/p>\n\n\n\n<p>A los efectos de la implementaci\u00f3n del servicio referido, Antel realiz\u00f3 a su costo y cargo el Proyecto de Ingenier\u00eda que incluye el dise\u00f1o de la red y la determinaci\u00f3n del lugar m\u00e1s apto, de acuerdo con la infraestructura de los Puentes Internacionales Artigas y San Mart\u00edn. En dicho Proyecto se contempla la cobertura WIFI en las \u00e1reas mencionadas.<\/p>\n\n\n\n<p>A partir del convenio firmado entre CARU y Antel, la Comisi\u00f3n Administradora tiene un SSID (nombre de la red de WiFi) personalizado: \u201cCARU WIFI\u201d.&nbsp;<\/p>\n\t\t\t\t\t\t\t\t<\/div>\n\t\t\t\t<\/div>\n\t\t\t\t\t<\/div>\n\t\t<\/div>\n\t\t\t\t\t<\/div>\n\t\t<\/section>\n\t\t\t\t<\/div>\n\t\t","protected":false},"excerpt":{"rendered":"<p>La Comisi\u00f3n Administradora del R\u00edo Uruguay pone a disposici\u00f3n de los usuarios de los Puentes Internacionales General Artigas y Libertador General San Mart\u00edn, un nuevo servicio de WIFI gratuito. Quienes cuenten con los dispositivos apropiados, podr\u00e1n captar la se\u00f1al y utilizar dicha tecnolog\u00eda en las Areas de Control Integrado (ACI) de ambos puentes que administra [&hellip;]<\/p>\n","protected":false},"author":1,"featured_media":7463,"comment_status":"open","ping_status":"open","sticky":false,"template":"","format":"standard","meta":{"_acf_changed":false,"_joinchat":[],"footnotes":""},"categories":[37,27],"tags":[],"class_list":["post-7462","post","type-post","status-publish","format-standard","has-post-thumbnail","hentry","category-noticias","category-novedades"],"acf":[],"yoast_head":"<!-- This site is optimized with the Yoast SEO plugin v27.3 - https:\/\/yoast.com\/product\/yoast-seo-wordpress\/ -->\n<title>CARU incorpor\u00f3 WiFi gratuito en los puentes internacionales Gral. Artigas y Gral. San Mart\u00edn % C.A.R.U. imagen<\/title>\n<meta name=\"robots\" content=\"index, follow, max-snippet:-1, max-image-preview:large, max-video-preview:-1\" \/>\n<link rel=\"canonical\" href=\"https:\/\/caru.org.uy\/nuevositio\/2022\/02\/23\/caru-incorporo-wifi-gratuito-en-los-puentes-internacionales-artigas-y-san-martin\/\" \/>\n<meta property=\"og:locale\" content=\"es_ES\" \/>\n<meta property=\"og:type\" content=\"article\" \/>\n<meta property=\"og:title\" content=\"CARU incorpor\u00f3 WiFi gratuito en los puentes internacionales Gral. Artigas y Gral. San Mart\u00edn % C.A.R.U. imagen\" \/>\n<meta property=\"og:description\" content=\"La Comisi\u00f3n Administradora del R\u00edo Uruguay pone a disposici\u00f3n de los usuarios de los Puentes Internacionales General Artigas y Libertador General San Mart\u00edn, un nuevo servicio de WIFI gratuito. Quienes cuenten con los dispositivos apropiados, podr\u00e1n captar la se\u00f1al y utilizar dicha tecnolog\u00eda en las Areas de Control Integrado (ACI) de ambos puentes que administra [&hellip;]\" \/>\n<meta property=\"og:url\" content=\"https:\/\/caru.org.uy\/nuevositio\/2022\/02\/23\/caru-incorporo-wifi-gratuito-en-los-puentes-internacionales-artigas-y-san-martin\/\" \/>\n<meta property=\"og:site_name\" content=\"C.A.R.U.\" \/>\n<meta property=\"article:published_time\" content=\"2022-02-23T14:30:26+00:00\" \/>\n<meta property=\"article:modified_time\" content=\"2023-11-15T12:48:29+00:00\" \/>\n<meta property=\"og:image\" content=\"https:\/\/caru.org.uy\/nuevositio\/wp-content\/uploads\/2022\/02\/frontera-1.jpg\" \/>\n\t<meta property=\"og:image:width\" content=\"1477\" \/>\n\t<meta property=\"og:image:height\" content=\"945\" \/>\n\t<meta property=\"og:image:type\" content=\"image\/jpeg\" \/>\n<meta name=\"author\" content=\"Noma\" \/>\n<meta name=\"twitter:card\" content=\"summary_large_image\" \/>\n<meta name=\"twitter:label1\" content=\"Escrito por\" \/>\n\t<meta name=\"twitter:data1\" content=\"Noma\" \/>\n\t<meta name=\"twitter:label2\" content=\"Tiempo de lectura\" \/>\n\t<meta name=\"twitter:data2\" content=\"1 minuto\" \/>\n<script type=\"application\/ld+json\" class=\"yoast-schema-graph\">{\"@context\":\"https:\\\/\\\/schema.org\",\"@graph\":[{\"@type\":[\"Article\",\"BlogPosting\"],\"@id\":\"https:\\\/\\\/caru.org.uy\\\/nuevositio\\\/2022\\\/02\\\/23\\\/caru-incorporo-wifi-gratuito-en-los-puentes-internacionales-artigas-y-san-martin\\\/#article\",\"isPartOf\":{\"@id\":\"https:\\\/\\\/caru.org.uy\\\/nuevositio\\\/2022\\\/02\\\/23\\\/caru-incorporo-wifi-gratuito-en-los-puentes-internacionales-artigas-y-san-martin\\\/\"},\"author\":{\"name\":\"Noma\",\"@id\":\"https:\\\/\\\/caru.org.uy\\\/nuevositio\\\/#\\\/schema\\\/person\\\/9a11b7bc115602d2066d4c695b2aa3e5\"},\"headline\":\"CARU incorpor\u00f3 WiFi gratuito en los puentes internacionales Gral. Artigas y Gral. San Mart\u00edn\",\"datePublished\":\"2022-02-23T14:30:26+00:00\",\"dateModified\":\"2023-11-15T12:48:29+00:00\",\"mainEntityOfPage\":{\"@id\":\"https:\\\/\\\/caru.org.uy\\\/nuevositio\\\/2022\\\/02\\\/23\\\/caru-incorporo-wifi-gratuito-en-los-puentes-internacionales-artigas-y-san-martin\\\/\"},\"wordCount\":260,\"commentCount\":0,\"publisher\":{\"@id\":\"https:\\\/\\\/caru.org.uy\\\/nuevositio\\\/#organization\"},\"image\":{\"@id\":\"https:\\\/\\\/caru.org.uy\\\/nuevositio\\\/2022\\\/02\\\/23\\\/caru-incorporo-wifi-gratuito-en-los-puentes-internacionales-artigas-y-san-martin\\\/#primaryimage\"},\"thumbnailUrl\":\"https:\\\/\\\/caru.org.uy\\\/nuevositio\\\/wp-content\\\/uploads\\\/2022\\\/02\\\/frontera-1.jpg\",\"articleSection\":[\"Noticias\",\"Novedades\"],\"inLanguage\":\"es\",\"potentialAction\":[{\"@type\":\"CommentAction\",\"name\":\"Comment\",\"target\":[\"https:\\\/\\\/caru.org.uy\\\/nuevositio\\\/2022\\\/02\\\/23\\\/caru-incorporo-wifi-gratuito-en-los-puentes-internacionales-artigas-y-san-martin\\\/#respond\"]}]},{\"@type\":\"WebPage\",\"@id\":\"https:\\\/\\\/caru.org.uy\\\/nuevositio\\\/2022\\\/02\\\/23\\\/caru-incorporo-wifi-gratuito-en-los-puentes-internacionales-artigas-y-san-martin\\\/\",\"url\":\"https:\\\/\\\/caru.org.uy\\\/nuevositio\\\/2022\\\/02\\\/23\\\/caru-incorporo-wifi-gratuito-en-los-puentes-internacionales-artigas-y-san-martin\\\/\",\"name\":\"CARU incorpor\u00f3 WiFi gratuito en los puentes internacionales Gral. Artigas y Gral. San Mart\u00edn % C.A.R.U. imagen\",\"isPartOf\":{\"@id\":\"https:\\\/\\\/caru.org.uy\\\/nuevositio\\\/#website\"},\"primaryImageOfPage\":{\"@id\":\"https:\\\/\\\/caru.org.uy\\\/nuevositio\\\/2022\\\/02\\\/23\\\/caru-incorporo-wifi-gratuito-en-los-puentes-internacionales-artigas-y-san-martin\\\/#primaryimage\"},\"image\":{\"@id\":\"https:\\\/\\\/caru.org.uy\\\/nuevositio\\\/2022\\\/02\\\/23\\\/caru-incorporo-wifi-gratuito-en-los-puentes-internacionales-artigas-y-san-martin\\\/#primaryimage\"},\"thumbnailUrl\":\"https:\\\/\\\/caru.org.uy\\\/nuevositio\\\/wp-content\\\/uploads\\\/2022\\\/02\\\/frontera-1.jpg\",\"datePublished\":\"2022-02-23T14:30:26+00:00\",\"dateModified\":\"2023-11-15T12:48:29+00:00\",\"breadcrumb\":{\"@id\":\"https:\\\/\\\/caru.org.uy\\\/nuevositio\\\/2022\\\/02\\\/23\\\/caru-incorporo-wifi-gratuito-en-los-puentes-internacionales-artigas-y-san-martin\\\/#breadcrumb\"},\"inLanguage\":\"es\",\"potentialAction\":[{\"@type\":\"ReadAction\",\"target\":[\"https:\\\/\\\/caru.org.uy\\\/nuevositio\\\/2022\\\/02\\\/23\\\/caru-incorporo-wifi-gratuito-en-los-puentes-internacionales-artigas-y-san-martin\\\/\"]}]},{\"@type\":\"ImageObject\",\"inLanguage\":\"es\",\"@id\":\"https:\\\/\\\/caru.org.uy\\\/nuevositio\\\/2022\\\/02\\\/23\\\/caru-incorporo-wifi-gratuito-en-los-puentes-internacionales-artigas-y-san-martin\\\/#primaryimage\",\"url\":\"https:\\\/\\\/caru.org.uy\\\/nuevositio\\\/wp-content\\\/uploads\\\/2022\\\/02\\\/frontera-1.jpg\",\"contentUrl\":\"https:\\\/\\\/caru.org.uy\\\/nuevositio\\\/wp-content\\\/uploads\\\/2022\\\/02\\\/frontera-1.jpg\",\"width\":1477,\"height\":945},{\"@type\":\"BreadcrumbList\",\"@id\":\"https:\\\/\\\/caru.org.uy\\\/nuevositio\\\/2022\\\/02\\\/23\\\/caru-incorporo-wifi-gratuito-en-los-puentes-internacionales-artigas-y-san-martin\\\/#breadcrumb\",\"itemListElement\":[{\"@type\":\"ListItem\",\"position\":1,\"name\":\"Portada\",\"item\":\"https:\\\/\\\/caru.org.uy\\\/nuevositio\\\/\"},{\"@type\":\"ListItem\",\"position\":2,\"name\":\"CARU incorpor\u00f3 WiFi gratuito en los puentes internacionales Gral. Artigas y Gral. San Mart\u00edn\"}]},{\"@type\":\"WebSite\",\"@id\":\"https:\\\/\\\/caru.org.uy\\\/nuevositio\\\/#website\",\"url\":\"https:\\\/\\\/caru.org.uy\\\/nuevositio\\\/\",\"name\":\"C.A.R.U.\",\"description\":\"Comisi\u00f3n Administradora del R\u00edo Uruguay\",\"publisher\":{\"@id\":\"https:\\\/\\\/caru.org.uy\\\/nuevositio\\\/#organization\"},\"potentialAction\":[{\"@type\":\"SearchAction\",\"target\":{\"@type\":\"EntryPoint\",\"urlTemplate\":\"https:\\\/\\\/caru.org.uy\\\/nuevositio\\\/?s={search_term_string}\"},\"query-input\":{\"@type\":\"PropertyValueSpecification\",\"valueRequired\":true,\"valueName\":\"search_term_string\"}}],\"inLanguage\":\"es\"},{\"@type\":\"Organization\",\"@id\":\"https:\\\/\\\/caru.org.uy\\\/nuevositio\\\/#organization\",\"name\":\"C.A.R.U.\",\"url\":\"https:\\\/\\\/caru.org.uy\\\/nuevositio\\\/\",\"logo\":{\"@type\":\"ImageObject\",\"inLanguage\":\"es\",\"@id\":\"https:\\\/\\\/caru.org.uy\\\/nuevositio\\\/#\\\/schema\\\/logo\\\/image\\\/\",\"url\":\"https:\\\/\\\/caru.org.uy\\\/nuevositio\\\/wp-content\\\/uploads\\\/2023\\\/11\\\/logo-nuevo.jpg\",\"contentUrl\":\"https:\\\/\\\/caru.org.uy\\\/nuevositio\\\/wp-content\\\/uploads\\\/2023\\\/11\\\/logo-nuevo.jpg\",\"width\":1,\"height\":1,\"caption\":\"C.A.R.U.\"},\"image\":{\"@id\":\"https:\\\/\\\/caru.org.uy\\\/nuevositio\\\/#\\\/schema\\\/logo\\\/image\\\/\"}},{\"@type\":\"Person\",\"@id\":\"https:\\\/\\\/caru.org.uy\\\/nuevositio\\\/#\\\/schema\\\/person\\\/9a11b7bc115602d2066d4c695b2aa3e5\",\"name\":\"Noma\",\"image\":{\"@type\":\"ImageObject\",\"inLanguage\":\"es\",\"@id\":\"https:\\\/\\\/secure.gravatar.com\\\/avatar\\\/8b0eb2764fe524b07cdc015df29e7576c061e58c50641dd8ccc46d3d448307e5?s=96&d=mm&r=g\",\"url\":\"https:\\\/\\\/secure.gravatar.com\\\/avatar\\\/8b0eb2764fe524b07cdc015df29e7576c061e58c50641dd8ccc46d3d448307e5?s=96&d=mm&r=g\",\"contentUrl\":\"https:\\\/\\\/secure.gravatar.com\\\/avatar\\\/8b0eb2764fe524b07cdc015df29e7576c061e58c50641dd8ccc46d3d448307e5?s=96&d=mm&r=g\",\"caption\":\"Noma\"},\"url\":\"https:\\\/\\\/caru.org.uy\\\/nuevositio\\\/author\\\/admin\\\/\"}]}<\/script>\n<!-- \/ Yoast SEO plugin. -->","yoast_head_json":{"title":"CARU incorpor\u00f3 WiFi gratuito en los puentes internacionales Gral. Artigas y Gral. San Mart\u00edn % C.A.R.U. imagen","robots":{"index":"index","follow":"follow","max-snippet":"max-snippet:-1","max-image-preview":"max-image-preview:large","max-video-preview":"max-video-preview:-1"},"canonical":"https:\/\/caru.org.uy\/nuevositio\/2022\/02\/23\/caru-incorporo-wifi-gratuito-en-los-puentes-internacionales-artigas-y-san-martin\/","og_locale":"es_ES","og_type":"article","og_title":"CARU incorpor\u00f3 WiFi gratuito en los puentes internacionales Gral. Artigas y Gral. San Mart\u00edn % C.A.R.U. imagen","og_description":"La Comisi\u00f3n Administradora del R\u00edo Uruguay pone a disposici\u00f3n de los usuarios de los Puentes Internacionales General Artigas y Libertador General San Mart\u00edn, un nuevo servicio de WIFI gratuito. Quienes cuenten con los dispositivos apropiados, podr\u00e1n captar la se\u00f1al y utilizar dicha tecnolog\u00eda en las Areas de Control Integrado (ACI) de ambos puentes que administra [&hellip;]","og_url":"https:\/\/caru.org.uy\/nuevositio\/2022\/02\/23\/caru-incorporo-wifi-gratuito-en-los-puentes-internacionales-artigas-y-san-martin\/","og_site_name":"C.A.R.U.","article_published_time":"2022-02-23T14:30:26+00:00","article_modified_time":"2023-11-15T12:48:29+00:00","og_image":[{"width":1477,"height":945,"url":"https:\/\/caru.org.uy\/nuevositio\/wp-content\/uploads\/2022\/02\/frontera-1.jpg","type":"image\/jpeg"}],"author":"Noma","twitter_card":"summary_large_image","twitter_misc":{"Escrito por":"Noma","Tiempo de lectura":"1 minuto"},"schema":{"@context":"https:\/\/schema.org","@graph":[{"@type":["Article","BlogPosting"],"@id":"https:\/\/caru.org.uy\/nuevositio\/2022\/02\/23\/caru-incorporo-wifi-gratuito-en-los-puentes-internacionales-artigas-y-san-martin\/#article","isPartOf":{"@id":"https:\/\/caru.org.uy\/nuevositio\/2022\/02\/23\/caru-incorporo-wifi-gratuito-en-los-puentes-internacionales-artigas-y-san-martin\/"},"author":{"name":"Noma","@id":"https:\/\/caru.org.uy\/nuevositio\/#\/schema\/person\/9a11b7bc115602d2066d4c695b2aa3e5"},"headline":"CARU incorpor\u00f3 WiFi gratuito en los puentes internacionales Gral. Artigas y Gral. San Mart\u00edn","datePublished":"2022-02-23T14:30:26+00:00","dateModified":"2023-11-15T12:48:29+00:00","mainEntityOfPage":{"@id":"https:\/\/caru.org.uy\/nuevositio\/2022\/02\/23\/caru-incorporo-wifi-gratuito-en-los-puentes-internacionales-artigas-y-san-martin\/"},"wordCount":260,"commentCount":0,"publisher":{"@id":"https:\/\/caru.org.uy\/nuevositio\/#organization"},"image":{"@id":"https:\/\/caru.org.uy\/nuevositio\/2022\/02\/23\/caru-incorporo-wifi-gratuito-en-los-puentes-internacionales-artigas-y-san-martin\/#primaryimage"},"thumbnailUrl":"https:\/\/caru.org.uy\/nuevositio\/wp-content\/uploads\/2022\/02\/frontera-1.jpg","articleSection":["Noticias","Novedades"],"inLanguage":"es","potentialAction":[{"@type":"CommentAction","name":"Comment","target":["https:\/\/caru.org.uy\/nuevositio\/2022\/02\/23\/caru-incorporo-wifi-gratuito-en-los-puentes-internacionales-artigas-y-san-martin\/#respond"]}]},{"@type":"WebPage","@id":"https:\/\/caru.org.uy\/nuevositio\/2022\/02\/23\/caru-incorporo-wifi-gratuito-en-los-puentes-internacionales-artigas-y-san-martin\/","url":"https:\/\/caru.org.uy\/nuevositio\/2022\/02\/23\/caru-incorporo-wifi-gratuito-en-los-puentes-internacionales-artigas-y-san-martin\/","name":"CARU incorpor\u00f3 WiFi gratuito en los puentes internacionales Gral. Artigas y Gral. San Mart\u00edn % C.A.R.U. imagen","isPartOf":{"@id":"https:\/\/caru.org.uy\/nuevositio\/#website"},"primaryImageOfPage":{"@id":"https:\/\/caru.org.uy\/nuevositio\/2022\/02\/23\/caru-incorporo-wifi-gratuito-en-los-puentes-internacionales-artigas-y-san-martin\/#primaryimage"},"image":{"@id":"https:\/\/caru.org.uy\/nuevositio\/2022\/02\/23\/caru-incorporo-wifi-gratuito-en-los-puentes-internacionales-artigas-y-san-martin\/#primaryimage"},"thumbnailUrl":"https:\/\/caru.org.uy\/nuevositio\/wp-content\/uploads\/2022\/02\/frontera-1.jpg","datePublished":"2022-02-23T14:30:26+00:00","dateModified":"2023-11-15T12:48:29+00:00","breadcrumb":{"@id":"https:\/\/caru.org.uy\/nuevositio\/2022\/02\/23\/caru-incorporo-wifi-gratuito-en-los-puentes-internacionales-artigas-y-san-martin\/#breadcrumb"},"inLanguage":"es","potentialAction":[{"@type":"ReadAction","target":["https:\/\/caru.org.uy\/nuevositio\/2022\/02\/23\/caru-incorporo-wifi-gratuito-en-los-puentes-internacionales-artigas-y-san-martin\/"]}]},{"@type":"ImageObject","inLanguage":"es","@id":"https:\/\/caru.org.uy\/nuevositio\/2022\/02\/23\/caru-incorporo-wifi-gratuito-en-los-puentes-internacionales-artigas-y-san-martin\/#primaryimage","url":"https:\/\/caru.org.uy\/nuevositio\/wp-content\/uploads\/2022\/02\/frontera-1.jpg","contentUrl":"https:\/\/caru.org.uy\/nuevositio\/wp-content\/uploads\/2022\/02\/frontera-1.jpg","width":1477,"height":945},{"@type":"BreadcrumbList","@id":"https:\/\/caru.org.uy\/nuevositio\/2022\/02\/23\/caru-incorporo-wifi-gratuito-en-los-puentes-internacionales-artigas-y-san-martin\/#breadcrumb","itemListElement":[{"@type":"ListItem","position":1,"name":"Portada","item":"https:\/\/caru.org.uy\/nuevositio\/"},{"@type":"ListItem","position":2,"name":"CARU incorpor\u00f3 WiFi gratuito en los puentes internacionales Gral. Artigas y Gral. San Mart\u00edn"}]},{"@type":"WebSite","@id":"https:\/\/caru.org.uy\/nuevositio\/#website","url":"https:\/\/caru.org.uy\/nuevositio\/","name":"C.A.R.U.","description":"Comisi\u00f3n Administradora del R\u00edo Uruguay","publisher":{"@id":"https:\/\/caru.org.uy\/nuevositio\/#organization"},"potentialAction":[{"@type":"SearchAction","target":{"@type":"EntryPoint","urlTemplate":"https:\/\/caru.org.uy\/nuevositio\/?s={search_term_string}"},"query-input":{"@type":"PropertyValueSpecification","valueRequired":true,"valueName":"search_term_string"}}],"inLanguage":"es"},{"@type":"Organization","@id":"https:\/\/caru.org.uy\/nuevositio\/#organization","name":"C.A.R.U.","url":"https:\/\/caru.org.uy\/nuevositio\/","logo":{"@type":"ImageObject","inLanguage":"es","@id":"https:\/\/caru.org.uy\/nuevositio\/#\/schema\/logo\/image\/","url":"https:\/\/caru.org.uy\/nuevositio\/wp-content\/uploads\/2023\/11\/logo-nuevo.jpg","contentUrl":"https:\/\/caru.org.uy\/nuevositio\/wp-content\/uploads\/2023\/11\/logo-nuevo.jpg","width":1,"height":1,"caption":"C.A.R.U."},"image":{"@id":"https:\/\/caru.org.uy\/nuevositio\/#\/schema\/logo\/image\/"}},{"@type":"Person","@id":"https:\/\/caru.org.uy\/nuevositio\/#\/schema\/person\/9a11b7bc115602d2066d4c695b2aa3e5","name":"Noma","image":{"@type":"ImageObject","inLanguage":"es","@id":"https:\/\/secure.gravatar.com\/avatar\/8b0eb2764fe524b07cdc015df29e7576c061e58c50641dd8ccc46d3d448307e5?s=96&d=mm&r=g","url":"https:\/\/secure.gravatar.com\/avatar\/8b0eb2764fe524b07cdc015df29e7576c061e58c50641dd8ccc46d3d448307e5?s=96&d=mm&r=g","contentUrl":"https:\/\/secure.gravatar.com\/avatar\/8b0eb2764fe524b07cdc015df29e7576c061e58c50641dd8ccc46d3d448307e5?s=96&d=mm&r=g","caption":"Noma"},"url":"https:\/\/caru.org.uy\/nuevositio\/author\/admin\/"}]}},"_links":{"self":[{"href":"https:\/\/caru.org.uy\/nuevositio\/wp-json\/wp\/v2\/posts\/7462","targetHints":{"allow":["GET"]}}],"collection":[{"href":"https:\/\/caru.org.uy\/nuevositio\/wp-json\/wp\/v2\/posts"}],"about":[{"href":"https:\/\/caru.org.uy\/nuevositio\/wp-json\/wp\/v2\/types\/post"}],"author":[{"embeddable":true,"href":"https:\/\/caru.org.uy\/nuevositio\/wp-json\/wp\/v2\/users\/1"}],"replies":[{"embeddable":true,"href":"https:\/\/caru.org.uy\/nuevositio\/wp-json\/wp\/v2\/comments?post=7462"}],"version-history":[{"count":5,"href":"https:\/\/caru.org.uy\/nuevositio\/wp-json\/wp\/v2\/posts\/7462\/revisions"}],"predecessor-version":[{"id":8759,"href":"https:\/\/caru.org.uy\/nuevositio\/wp-json\/wp\/v2\/posts\/7462\/revisions\/8759"}],"wp:featuredmedia":[{"embeddable":true,"href":"https:\/\/caru.org.uy\/nuevositio\/wp-json\/wp\/v2\/media\/7463"}],"wp:attachment":[{"href":"https:\/\/caru.org.uy\/nuevositio\/wp-json\/wp\/v2\/media?parent=7462"}],"wp:term":[{"taxonomy":"category","embeddable":true,"href":"https:\/\/caru.org.uy\/nuevositio\/wp-json\/wp\/v2\/categories?post=7462"},{"taxonomy":"post_tag","embeddable":true,"href":"https:\/\/caru.org.uy\/nuevositio\/wp-json\/wp\/v2\/tags?post=7462"}],"curies":[{"name":"wp","href":"https:\/\/api.w.org\/{rel}","templated":true}]}}