{"id":7540,"date":"2022-03-29T14:32:08","date_gmt":"2022-03-29T14:32:08","guid":{"rendered":"https:\/\/caru.org.uy\/nuevositio\/?p=7540"},"modified":"2023-11-15T12:47:06","modified_gmt":"2023-11-15T12:47:06","slug":"rige-nueva-veda-para-la-pesca-en-el-rio-uruguay","status":"publish","type":"post","link":"https:\/\/caru.org.uy\/nuevositio\/2022\/03\/29\/rige-nueva-veda-para-la-pesca-en-el-rio-uruguay\/","title":{"rendered":"Rige nueva veda para la pesca en el R\u00edo Uruguay"},"content":{"rendered":"\t\t<div data-elementor-type=\"wp-post\" data-elementor-id=\"7540\" class=\"elementor elementor-7540\" data-elementor-post-type=\"post\">\n\t\t\t\t\t\t<section class=\"elementor-section elementor-top-section elementor-element elementor-element-366b9737 elementor-section-boxed elementor-section-height-default elementor-section-height-default\" data-id=\"366b9737\" data-element_type=\"section\" data-e-type=\"section\" data-settings=\"{&quot;jet_parallax_layout_list&quot;:[]}\">\n\t\t\t\t\t\t<div class=\"elementor-container elementor-column-gap-default\">\n\t\t\t\t\t<div class=\"elementor-column elementor-col-50 elementor-top-column elementor-element elementor-element-5ff8f17e\" data-id=\"5ff8f17e\" data-element_type=\"column\" data-e-type=\"column\">\n\t\t\t<div class=\"elementor-widget-wrap elementor-element-populated\">\n\t\t\t\t\t\t<div class=\"elementor-element elementor-element-4f7e37da elementor-widget elementor-widget-image\" data-id=\"4f7e37da\" data-element_type=\"widget\" data-e-type=\"widget\" data-widget_type=\"image.default\">\n\t\t\t\t<div class=\"elementor-widget-container\">\n\t\t\t\t\t\t\t\t\t\t\t\t\t\t\t<img fetchpriority=\"high\" decoding=\"async\" width=\"556\" height=\"380\" src=\"https:\/\/caru.org.uy\/nuevositio\/wp-content\/uploads\/2022\/03\/AMBIENTE-pesca01.jpg\" class=\"attachment-large size-large wp-image-7541\" alt=\"\" srcset=\"https:\/\/caru.org.uy\/nuevositio\/wp-content\/uploads\/2022\/03\/AMBIENTE-pesca01.jpg 556w, https:\/\/caru.org.uy\/nuevositio\/wp-content\/uploads\/2022\/03\/AMBIENTE-pesca01-300x205.jpg 300w\" sizes=\"(max-width: 556px) 100vw, 556px\" \/>\t\t\t\t\t\t\t\t\t\t\t\t\t\t\t<\/div>\n\t\t\t\t<\/div>\n\t\t\t\t\t<\/div>\n\t\t<\/div>\n\t\t\t\t<div class=\"elementor-column elementor-col-50 elementor-top-column elementor-element elementor-element-52edbce1\" data-id=\"52edbce1\" data-element_type=\"column\" data-e-type=\"column\">\n\t\t\t<div class=\"elementor-widget-wrap elementor-element-populated\">\n\t\t\t\t\t\t<div class=\"elementor-element elementor-element-7205859c elementor-widget elementor-widget-text-editor\" data-id=\"7205859c\" data-element_type=\"widget\" data-e-type=\"widget\" data-widget_type=\"text-editor.default\">\n\t\t\t\t<div class=\"elementor-widget-container\">\n\t\t\t\t\t\t\t\t\t\n<p><em>Para proteger el recurso \u00edctico del r\u00edo Uruguay, se estableci\u00f3 una veda para la pesca comercial, deportiva y artesanal en horario nocturno y tambi\u00e9n para la pesca comercial y artesanal durante las veinticuatro horas de los d\u00edas s\u00e1bados y domingos hasta el 31 de diciembre. La decisi\u00f3n de&nbsp;CARU&nbsp;est\u00e1 avalada por informes cient\u00edficos de los Asesores de los Estados parte.<\/em><\/p>\n\n\n\n<p>La Comisi\u00f3n Administradora del R\u00edo Uruguay dispuso la publicaci\u00f3n de la Resoluci\u00f3n N\u00ba 06\/22, que define nuevos alcances para la veda de pesca en el R\u00edo Uruguay; la cual ya comenz\u00f3 a regir a partir de las publicaciones en el Bolet\u00edn Oficial de la Rep\u00fablica Argentina y el Diario Oficial de la Rep\u00fablica Oriental del Uruguay.<\/p>\n\n\n\n<p>Estas decisiones en torno a la protecci\u00f3n de los recursos vivos del r\u00edo, se tomaron ante la continuidad del escenario de bajante sostenida en la totalidad de la Cuenca del Plata, la que se ha venido registrando en los a\u00f1os 2019 y 2020 y tambi\u00e9n 2021, y considerando que en la Cuenca del R\u00edo Uruguay particularmente se prev\u00e9n condiciones deficitarias de precipitaciones pluviales para los pr\u00f3ximos meses lo que indica una alta probabilidad de continuidad de la fase negativa de \u201cLa Ni\u00f1a\u201d y que, por tanto, se contin\u00faen registrando niveles hidrom\u00e9tricos inferiores a los normales. Ambas situaciones, bajante sostenida y escasas precipitaciones, constituyen una amenaza potencial para las poblaciones de peces en general y para las especies de inter\u00e9s comercial y deportivo en particular.<\/p>\n\n\n\n<p>La mencionada resoluci\u00f3n indica en su primer art\u00edculo &#8220;Se establece la veda de pesca comercial, deportiva y artesanal en horario nocturno, en el bajo R\u00edo Uruguay&#8221;. Y el art\u00edculo 2, establece la veda de &#8220;la pesca comercial y artesanal durante las veinticuatro horas de los d\u00edas s\u00e1bados y domingos&#8221;. La resoluci\u00f3n tendr\u00e1 vigencia hasta el 31 de diciembre de 2022. Esta resoluci\u00f3n aplica a la jurisdicci\u00f3n de&nbsp;CARU, es decir, desde la desembocadura en el R\u00edo de la Plata hasta el kil\u00f3metro 498 donde finaliza la frontera entre Argentina y Uruguay.<\/p>\n\n\n\n<p>Estas disposiciones no se aplican a la pesca con fines de subsistencia y la de investigaci\u00f3n, requiri\u00e9ndose para este \u00faltimo supuesto, la previa autorizaci\u00f3n de&nbsp;CARU. Adem\u00e1s, se mantiene la prohibici\u00f3n de pesca en todas las modalidades en la zona definida por la Resoluci\u00f3n N\u00b0 29\/07, a la altura de Puerto Yeru\u00e1.<\/p>\n\n\n\n<p>Seg\u00fan explicaron los asesores de la Subcomisi\u00f3n de Pesca de&nbsp;CARU, avalados por informes cient\u00edficos, se\u00f1alaron que se cuenta con abundante evidencia en el sentido de que en situaciones de esta naturaleza (bajante sostenida y escasez de lluvias), la actividad reproductiva de los peces es baja. Ante la actual situaci\u00f3n de disminuci\u00f3n de los ambientes que favorezcan la reproducci\u00f3n, se prev\u00e9 una merma en la sobrevivencia de los peces j\u00f3venes. Esta situaci\u00f3n de bajos ingresos de peces juveniles, durante dos o tres a\u00f1os de manera consecutiva, podr\u00eda verse reflejada en la pesquer\u00eda en los pr\u00f3ximos dos o tres a\u00f1os.<\/p>\n\n\n\n<p>A ello debe sumarse que la bajante pronunciada y sostenida en los niveles del r\u00edo, expone a los peces a un mayor estr\u00e9s y mortalidad natural, as\u00ed como a la de una mayor vulnerabilidad a su captura. Por lo antedicho, se observa necesario continuar con las medidas de protecci\u00f3n adicionales para la conservaci\u00f3n de la fauna \u00edctica.<\/p>\n\t\t\t\t\t\t\t\t<\/div>\n\t\t\t\t<\/div>\n\t\t\t\t\t<\/div>\n\t\t<\/div>\n\t\t\t\t\t<\/div>\n\t\t<\/section>\n\t\t\t\t<\/div>\n\t\t","protected":false},"excerpt":{"rendered":"<p>Para proteger el recurso \u00edctico del r\u00edo Uruguay, se estableci\u00f3 una veda para la pesca comercial, deportiva y artesanal en horario nocturno y tambi\u00e9n para la pesca comercial y artesanal durante las veinticuatro horas de los d\u00edas s\u00e1bados y domingos hasta el 31 de diciembre. La decisi\u00f3n de&nbsp;CARU&nbsp;est\u00e1 avalada por informes cient\u00edficos de los Asesores [&hellip;]<\/p>\n","protected":false},"author":1,"featured_media":7541,"comment_status":"closed","ping_status":"open","sticky":false,"template":"","format":"standard","meta":{"_acf_changed":false,"_joinchat":[],"footnotes":""},"categories":[37,27],"tags":[],"class_list":["post-7540","post","type-post","status-publish","format-standard","has-post-thumbnail","hentry","category-noticias","category-novedades"],"acf":[],"yoast_head":"<!-- This site is optimized with the Yoast SEO plugin v27.3 - https:\/\/yoast.com\/product\/yoast-seo-wordpress\/ -->\n<title>Rige nueva veda para la pesca en el R\u00edo Uruguay % C.A.R.U. imagen<\/title>\n<meta name=\"robots\" content=\"index, follow, max-snippet:-1, max-image-preview:large, max-video-preview:-1\" \/>\n<link rel=\"canonical\" href=\"https:\/\/caru.org.uy\/nuevositio\/2022\/03\/29\/rige-nueva-veda-para-la-pesca-en-el-rio-uruguay\/\" \/>\n<meta property=\"og:locale\" content=\"es_ES\" \/>\n<meta property=\"og:type\" content=\"article\" \/>\n<meta property=\"og:title\" content=\"Rige nueva veda para la pesca en el R\u00edo Uruguay % C.A.R.U. imagen\" \/>\n<meta property=\"og:description\" content=\"Para proteger el recurso \u00edctico del r\u00edo Uruguay, se estableci\u00f3 una veda para la pesca comercial, deportiva y artesanal en horario nocturno y tambi\u00e9n para la pesca comercial y artesanal durante las veinticuatro horas de los d\u00edas s\u00e1bados y domingos hasta el 31 de diciembre. La decisi\u00f3n de&nbsp;CARU&nbsp;est\u00e1 avalada por informes cient\u00edficos de los Asesores [&hellip;]\" \/>\n<meta property=\"og:url\" content=\"https:\/\/caru.org.uy\/nuevositio\/2022\/03\/29\/rige-nueva-veda-para-la-pesca-en-el-rio-uruguay\/\" \/>\n<meta property=\"og:site_name\" content=\"C.A.R.U.\" \/>\n<meta property=\"article:published_time\" content=\"2022-03-29T14:32:08+00:00\" \/>\n<meta property=\"article:modified_time\" content=\"2023-11-15T12:47:06+00:00\" \/>\n<meta property=\"og:image\" content=\"https:\/\/caru.org.uy\/nuevositio\/wp-content\/uploads\/2022\/03\/AMBIENTE-pesca01.jpg\" \/>\n\t<meta property=\"og:image:width\" content=\"556\" \/>\n\t<meta property=\"og:image:height\" content=\"380\" \/>\n\t<meta property=\"og:image:type\" content=\"image\/jpeg\" \/>\n<meta name=\"author\" content=\"Noma\" \/>\n<meta name=\"twitter:card\" content=\"summary_large_image\" \/>\n<meta name=\"twitter:label1\" content=\"Escrito por\" \/>\n\t<meta name=\"twitter:data1\" content=\"Noma\" \/>\n\t<meta name=\"twitter:label2\" content=\"Tiempo de lectura\" \/>\n\t<meta name=\"twitter:data2\" content=\"3 minutos\" \/>\n<script type=\"application\/ld+json\" class=\"yoast-schema-graph\">{\"@context\":\"https:\\\/\\\/schema.org\",\"@graph\":[{\"@type\":[\"Article\",\"BlogPosting\"],\"@id\":\"https:\\\/\\\/caru.org.uy\\\/nuevositio\\\/2022\\\/03\\\/29\\\/rige-nueva-veda-para-la-pesca-en-el-rio-uruguay\\\/#article\",\"isPartOf\":{\"@id\":\"https:\\\/\\\/caru.org.uy\\\/nuevositio\\\/2022\\\/03\\\/29\\\/rige-nueva-veda-para-la-pesca-en-el-rio-uruguay\\\/\"},\"author\":{\"name\":\"Noma\",\"@id\":\"https:\\\/\\\/caru.org.uy\\\/nuevositio\\\/#\\\/schema\\\/person\\\/9a11b7bc115602d2066d4c695b2aa3e5\"},\"headline\":\"Rige nueva veda para la pesca en el R\u00edo Uruguay\",\"datePublished\":\"2022-03-29T14:32:08+00:00\",\"dateModified\":\"2023-11-15T12:47:06+00:00\",\"mainEntityOfPage\":{\"@id\":\"https:\\\/\\\/caru.org.uy\\\/nuevositio\\\/2022\\\/03\\\/29\\\/rige-nueva-veda-para-la-pesca-en-el-rio-uruguay\\\/\"},\"wordCount\":606,\"publisher\":{\"@id\":\"https:\\\/\\\/caru.org.uy\\\/nuevositio\\\/#organization\"},\"image\":{\"@id\":\"https:\\\/\\\/caru.org.uy\\\/nuevositio\\\/2022\\\/03\\\/29\\\/rige-nueva-veda-para-la-pesca-en-el-rio-uruguay\\\/#primaryimage\"},\"thumbnailUrl\":\"https:\\\/\\\/caru.org.uy\\\/nuevositio\\\/wp-content\\\/uploads\\\/2022\\\/03\\\/AMBIENTE-pesca01.jpg\",\"articleSection\":[\"Noticias\",\"Novedades\"],\"inLanguage\":\"es\"},{\"@type\":\"WebPage\",\"@id\":\"https:\\\/\\\/caru.org.uy\\\/nuevositio\\\/2022\\\/03\\\/29\\\/rige-nueva-veda-para-la-pesca-en-el-rio-uruguay\\\/\",\"url\":\"https:\\\/\\\/caru.org.uy\\\/nuevositio\\\/2022\\\/03\\\/29\\\/rige-nueva-veda-para-la-pesca-en-el-rio-uruguay\\\/\",\"name\":\"Rige nueva veda para la pesca en el R\u00edo Uruguay % C.A.R.U. imagen\",\"isPartOf\":{\"@id\":\"https:\\\/\\\/caru.org.uy\\\/nuevositio\\\/#website\"},\"primaryImageOfPage\":{\"@id\":\"https:\\\/\\\/caru.org.uy\\\/nuevositio\\\/2022\\\/03\\\/29\\\/rige-nueva-veda-para-la-pesca-en-el-rio-uruguay\\\/#primaryimage\"},\"image\":{\"@id\":\"https:\\\/\\\/caru.org.uy\\\/nuevositio\\\/2022\\\/03\\\/29\\\/rige-nueva-veda-para-la-pesca-en-el-rio-uruguay\\\/#primaryimage\"},\"thumbnailUrl\":\"https:\\\/\\\/caru.org.uy\\\/nuevositio\\\/wp-content\\\/uploads\\\/2022\\\/03\\\/AMBIENTE-pesca01.jpg\",\"datePublished\":\"2022-03-29T14:32:08+00:00\",\"dateModified\":\"2023-11-15T12:47:06+00:00\",\"breadcrumb\":{\"@id\":\"https:\\\/\\\/caru.org.uy\\\/nuevositio\\\/2022\\\/03\\\/29\\\/rige-nueva-veda-para-la-pesca-en-el-rio-uruguay\\\/#breadcrumb\"},\"inLanguage\":\"es\",\"potentialAction\":[{\"@type\":\"ReadAction\",\"target\":[\"https:\\\/\\\/caru.org.uy\\\/nuevositio\\\/2022\\\/03\\\/29\\\/rige-nueva-veda-para-la-pesca-en-el-rio-uruguay\\\/\"]}]},{\"@type\":\"ImageObject\",\"inLanguage\":\"es\",\"@id\":\"https:\\\/\\\/caru.org.uy\\\/nuevositio\\\/2022\\\/03\\\/29\\\/rige-nueva-veda-para-la-pesca-en-el-rio-uruguay\\\/#primaryimage\",\"url\":\"https:\\\/\\\/caru.org.uy\\\/nuevositio\\\/wp-content\\\/uploads\\\/2022\\\/03\\\/AMBIENTE-pesca01.jpg\",\"contentUrl\":\"https:\\\/\\\/caru.org.uy\\\/nuevositio\\\/wp-content\\\/uploads\\\/2022\\\/03\\\/AMBIENTE-pesca01.jpg\",\"width\":556,\"height\":380},{\"@type\":\"BreadcrumbList\",\"@id\":\"https:\\\/\\\/caru.org.uy\\\/nuevositio\\\/2022\\\/03\\\/29\\\/rige-nueva-veda-para-la-pesca-en-el-rio-uruguay\\\/#breadcrumb\",\"itemListElement\":[{\"@type\":\"ListItem\",\"position\":1,\"name\":\"Portada\",\"item\":\"https:\\\/\\\/caru.org.uy\\\/nuevositio\\\/\"},{\"@type\":\"ListItem\",\"position\":2,\"name\":\"Rige nueva veda para la pesca en el R\u00edo Uruguay\"}]},{\"@type\":\"WebSite\",\"@id\":\"https:\\\/\\\/caru.org.uy\\\/nuevositio\\\/#website\",\"url\":\"https:\\\/\\\/caru.org.uy\\\/nuevositio\\\/\",\"name\":\"C.A.R.U.\",\"description\":\"Comisi\u00f3n Administradora del R\u00edo Uruguay\",\"publisher\":{\"@id\":\"https:\\\/\\\/caru.org.uy\\\/nuevositio\\\/#organization\"},\"potentialAction\":[{\"@type\":\"SearchAction\",\"target\":{\"@type\":\"EntryPoint\",\"urlTemplate\":\"https:\\\/\\\/caru.org.uy\\\/nuevositio\\\/?s={search_term_string}\"},\"query-input\":{\"@type\":\"PropertyValueSpecification\",\"valueRequired\":true,\"valueName\":\"search_term_string\"}}],\"inLanguage\":\"es\"},{\"@type\":\"Organization\",\"@id\":\"https:\\\/\\\/caru.org.uy\\\/nuevositio\\\/#organization\",\"name\":\"C.A.R.U.\",\"url\":\"https:\\\/\\\/caru.org.uy\\\/nuevositio\\\/\",\"logo\":{\"@type\":\"ImageObject\",\"inLanguage\":\"es\",\"@id\":\"https:\\\/\\\/caru.org.uy\\\/nuevositio\\\/#\\\/schema\\\/logo\\\/image\\\/\",\"url\":\"https:\\\/\\\/caru.org.uy\\\/nuevositio\\\/wp-content\\\/uploads\\\/2023\\\/11\\\/logo-nuevo.jpg\",\"contentUrl\":\"https:\\\/\\\/caru.org.uy\\\/nuevositio\\\/wp-content\\\/uploads\\\/2023\\\/11\\\/logo-nuevo.jpg\",\"width\":1,\"height\":1,\"caption\":\"C.A.R.U.\"},\"image\":{\"@id\":\"https:\\\/\\\/caru.org.uy\\\/nuevositio\\\/#\\\/schema\\\/logo\\\/image\\\/\"}},{\"@type\":\"Person\",\"@id\":\"https:\\\/\\\/caru.org.uy\\\/nuevositio\\\/#\\\/schema\\\/person\\\/9a11b7bc115602d2066d4c695b2aa3e5\",\"name\":\"Noma\",\"image\":{\"@type\":\"ImageObject\",\"inLanguage\":\"es\",\"@id\":\"https:\\\/\\\/secure.gravatar.com\\\/avatar\\\/8b0eb2764fe524b07cdc015df29e7576c061e58c50641dd8ccc46d3d448307e5?s=96&d=mm&r=g\",\"url\":\"https:\\\/\\\/secure.gravatar.com\\\/avatar\\\/8b0eb2764fe524b07cdc015df29e7576c061e58c50641dd8ccc46d3d448307e5?s=96&d=mm&r=g\",\"contentUrl\":\"https:\\\/\\\/secure.gravatar.com\\\/avatar\\\/8b0eb2764fe524b07cdc015df29e7576c061e58c50641dd8ccc46d3d448307e5?s=96&d=mm&r=g\",\"caption\":\"Noma\"},\"url\":\"https:\\\/\\\/caru.org.uy\\\/nuevositio\\\/author\\\/admin\\\/\"}]}<\/script>\n<!-- \/ Yoast SEO plugin. -->","yoast_head_json":{"title":"Rige nueva veda para la pesca en el R\u00edo Uruguay % C.A.R.U. imagen","robots":{"index":"index","follow":"follow","max-snippet":"max-snippet:-1","max-image-preview":"max-image-preview:large","max-video-preview":"max-video-preview:-1"},"canonical":"https:\/\/caru.org.uy\/nuevositio\/2022\/03\/29\/rige-nueva-veda-para-la-pesca-en-el-rio-uruguay\/","og_locale":"es_ES","og_type":"article","og_title":"Rige nueva veda para la pesca en el R\u00edo Uruguay % C.A.R.U. imagen","og_description":"Para proteger el recurso \u00edctico del r\u00edo Uruguay, se estableci\u00f3 una veda para la pesca comercial, deportiva y artesanal en horario nocturno y tambi\u00e9n para la pesca comercial y artesanal durante las veinticuatro horas de los d\u00edas s\u00e1bados y domingos hasta el 31 de diciembre. La decisi\u00f3n de&nbsp;CARU&nbsp;est\u00e1 avalada por informes cient\u00edficos de los Asesores [&hellip;]","og_url":"https:\/\/caru.org.uy\/nuevositio\/2022\/03\/29\/rige-nueva-veda-para-la-pesca-en-el-rio-uruguay\/","og_site_name":"C.A.R.U.","article_published_time":"2022-03-29T14:32:08+00:00","article_modified_time":"2023-11-15T12:47:06+00:00","og_image":[{"width":556,"height":380,"url":"https:\/\/caru.org.uy\/nuevositio\/wp-content\/uploads\/2022\/03\/AMBIENTE-pesca01.jpg","type":"image\/jpeg"}],"author":"Noma","twitter_card":"summary_large_image","twitter_misc":{"Escrito por":"Noma","Tiempo de lectura":"3 minutos"},"schema":{"@context":"https:\/\/schema.org","@graph":[{"@type":["Article","BlogPosting"],"@id":"https:\/\/caru.org.uy\/nuevositio\/2022\/03\/29\/rige-nueva-veda-para-la-pesca-en-el-rio-uruguay\/#article","isPartOf":{"@id":"https:\/\/caru.org.uy\/nuevositio\/2022\/03\/29\/rige-nueva-veda-para-la-pesca-en-el-rio-uruguay\/"},"author":{"name":"Noma","@id":"https:\/\/caru.org.uy\/nuevositio\/#\/schema\/person\/9a11b7bc115602d2066d4c695b2aa3e5"},"headline":"Rige nueva veda para la pesca en el R\u00edo Uruguay","datePublished":"2022-03-29T14:32:08+00:00","dateModified":"2023-11-15T12:47:06+00:00","mainEntityOfPage":{"@id":"https:\/\/caru.org.uy\/nuevositio\/2022\/03\/29\/rige-nueva-veda-para-la-pesca-en-el-rio-uruguay\/"},"wordCount":606,"publisher":{"@id":"https:\/\/caru.org.uy\/nuevositio\/#organization"},"image":{"@id":"https:\/\/caru.org.uy\/nuevositio\/2022\/03\/29\/rige-nueva-veda-para-la-pesca-en-el-rio-uruguay\/#primaryimage"},"thumbnailUrl":"https:\/\/caru.org.uy\/nuevositio\/wp-content\/uploads\/2022\/03\/AMBIENTE-pesca01.jpg","articleSection":["Noticias","Novedades"],"inLanguage":"es"},{"@type":"WebPage","@id":"https:\/\/caru.org.uy\/nuevositio\/2022\/03\/29\/rige-nueva-veda-para-la-pesca-en-el-rio-uruguay\/","url":"https:\/\/caru.org.uy\/nuevositio\/2022\/03\/29\/rige-nueva-veda-para-la-pesca-en-el-rio-uruguay\/","name":"Rige nueva veda para la pesca en el R\u00edo Uruguay % C.A.R.U. imagen","isPartOf":{"@id":"https:\/\/caru.org.uy\/nuevositio\/#website"},"primaryImageOfPage":{"@id":"https:\/\/caru.org.uy\/nuevositio\/2022\/03\/29\/rige-nueva-veda-para-la-pesca-en-el-rio-uruguay\/#primaryimage"},"image":{"@id":"https:\/\/caru.org.uy\/nuevositio\/2022\/03\/29\/rige-nueva-veda-para-la-pesca-en-el-rio-uruguay\/#primaryimage"},"thumbnailUrl":"https:\/\/caru.org.uy\/nuevositio\/wp-content\/uploads\/2022\/03\/AMBIENTE-pesca01.jpg","datePublished":"2022-03-29T14:32:08+00:00","dateModified":"2023-11-15T12:47:06+00:00","breadcrumb":{"@id":"https:\/\/caru.org.uy\/nuevositio\/2022\/03\/29\/rige-nueva-veda-para-la-pesca-en-el-rio-uruguay\/#breadcrumb"},"inLanguage":"es","potentialAction":[{"@type":"ReadAction","target":["https:\/\/caru.org.uy\/nuevositio\/2022\/03\/29\/rige-nueva-veda-para-la-pesca-en-el-rio-uruguay\/"]}]},{"@type":"ImageObject","inLanguage":"es","@id":"https:\/\/caru.org.uy\/nuevositio\/2022\/03\/29\/rige-nueva-veda-para-la-pesca-en-el-rio-uruguay\/#primaryimage","url":"https:\/\/caru.org.uy\/nuevositio\/wp-content\/uploads\/2022\/03\/AMBIENTE-pesca01.jpg","contentUrl":"https:\/\/caru.org.uy\/nuevositio\/wp-content\/uploads\/2022\/03\/AMBIENTE-pesca01.jpg","width":556,"height":380},{"@type":"BreadcrumbList","@id":"https:\/\/caru.org.uy\/nuevositio\/2022\/03\/29\/rige-nueva-veda-para-la-pesca-en-el-rio-uruguay\/#breadcrumb","itemListElement":[{"@type":"ListItem","position":1,"name":"Portada","item":"https:\/\/caru.org.uy\/nuevositio\/"},{"@type":"ListItem","position":2,"name":"Rige nueva veda para la pesca en el R\u00edo Uruguay"}]},{"@type":"WebSite","@id":"https:\/\/caru.org.uy\/nuevositio\/#website","url":"https:\/\/caru.org.uy\/nuevositio\/","name":"C.A.R.U.","description":"Comisi\u00f3n Administradora del R\u00edo Uruguay","publisher":{"@id":"https:\/\/caru.org.uy\/nuevositio\/#organization"},"potentialAction":[{"@type":"SearchAction","target":{"@type":"EntryPoint","urlTemplate":"https:\/\/caru.org.uy\/nuevositio\/?s={search_term_string}"},"query-input":{"@type":"PropertyValueSpecification","valueRequired":true,"valueName":"search_term_string"}}],"inLanguage":"es"},{"@type":"Organization","@id":"https:\/\/caru.org.uy\/nuevositio\/#organization","name":"C.A.R.U.","url":"https:\/\/caru.org.uy\/nuevositio\/","logo":{"@type":"ImageObject","inLanguage":"es","@id":"https:\/\/caru.org.uy\/nuevositio\/#\/schema\/logo\/image\/","url":"https:\/\/caru.org.uy\/nuevositio\/wp-content\/uploads\/2023\/11\/logo-nuevo.jpg","contentUrl":"https:\/\/caru.org.uy\/nuevositio\/wp-content\/uploads\/2023\/11\/logo-nuevo.jpg","width":1,"height":1,"caption":"C.A.R.U."},"image":{"@id":"https:\/\/caru.org.uy\/nuevositio\/#\/schema\/logo\/image\/"}},{"@type":"Person","@id":"https:\/\/caru.org.uy\/nuevositio\/#\/schema\/person\/9a11b7bc115602d2066d4c695b2aa3e5","name":"Noma","image":{"@type":"ImageObject","inLanguage":"es","@id":"https:\/\/secure.gravatar.com\/avatar\/8b0eb2764fe524b07cdc015df29e7576c061e58c50641dd8ccc46d3d448307e5?s=96&d=mm&r=g","url":"https:\/\/secure.gravatar.com\/avatar\/8b0eb2764fe524b07cdc015df29e7576c061e58c50641dd8ccc46d3d448307e5?s=96&d=mm&r=g","contentUrl":"https:\/\/secure.gravatar.com\/avatar\/8b0eb2764fe524b07cdc015df29e7576c061e58c50641dd8ccc46d3d448307e5?s=96&d=mm&r=g","caption":"Noma"},"url":"https:\/\/caru.org.uy\/nuevositio\/author\/admin\/"}]}},"_links":{"self":[{"href":"https:\/\/caru.org.uy\/nuevositio\/wp-json\/wp\/v2\/posts\/7540","targetHints":{"allow":["GET"]}}],"collection":[{"href":"https:\/\/caru.org.uy\/nuevositio\/wp-json\/wp\/v2\/posts"}],"about":[{"href":"https:\/\/caru.org.uy\/nuevositio\/wp-json\/wp\/v2\/types\/post"}],"author":[{"embeddable":true,"href":"https:\/\/caru.org.uy\/nuevositio\/wp-json\/wp\/v2\/users\/1"}],"replies":[{"embeddable":true,"href":"https:\/\/caru.org.uy\/nuevositio\/wp-json\/wp\/v2\/comments?post=7540"}],"version-history":[{"count":5,"href":"https:\/\/caru.org.uy\/nuevositio\/wp-json\/wp\/v2\/posts\/7540\/revisions"}],"predecessor-version":[{"id":8756,"href":"https:\/\/caru.org.uy\/nuevositio\/wp-json\/wp\/v2\/posts\/7540\/revisions\/8756"}],"wp:featuredmedia":[{"embeddable":true,"href":"https:\/\/caru.org.uy\/nuevositio\/wp-json\/wp\/v2\/media\/7541"}],"wp:attachment":[{"href":"https:\/\/caru.org.uy\/nuevositio\/wp-json\/wp\/v2\/media?parent=7540"}],"wp:term":[{"taxonomy":"category","embeddable":true,"href":"https:\/\/caru.org.uy\/nuevositio\/wp-json\/wp\/v2\/categories?post=7540"},{"taxonomy":"post_tag","embeddable":true,"href":"https:\/\/caru.org.uy\/nuevositio\/wp-json\/wp\/v2\/tags?post=7540"}],"curies":[{"name":"wp","href":"https:\/\/api.w.org\/{rel}","templated":true}]}}