{"id":7545,"date":"2022-03-29T14:43:13","date_gmt":"2022-03-29T14:43:13","guid":{"rendered":"https:\/\/caru.org.uy\/nuevositio\/?p=7545"},"modified":"2023-11-15T12:45:22","modified_gmt":"2023-11-15T12:45:22","slug":"avanza-el-plan-conjunto-con-municipios-para-proteger-el-borde-costero","status":"publish","type":"post","link":"https:\/\/caru.org.uy\/nuevositio\/2022\/03\/29\/avanza-el-plan-conjunto-con-municipios-para-proteger-el-borde-costero\/","title":{"rendered":"Avanza el plan conjunto con municipios para proteger el Borde Costero"},"content":{"rendered":"\t\t<div data-elementor-type=\"wp-post\" data-elementor-id=\"7545\" class=\"elementor elementor-7545\" data-elementor-post-type=\"post\">\n\t\t\t\t\t\t<section class=\"elementor-section elementor-top-section elementor-element elementor-element-4e4f861a elementor-section-boxed elementor-section-height-default elementor-section-height-default\" data-id=\"4e4f861a\" data-element_type=\"section\" data-e-type=\"section\" data-settings=\"{&quot;jet_parallax_layout_list&quot;:[]}\">\n\t\t\t\t\t\t<div class=\"elementor-container elementor-column-gap-default\">\n\t\t\t\t\t<div class=\"elementor-column elementor-col-50 elementor-top-column elementor-element elementor-element-cdb7ec4\" data-id=\"cdb7ec4\" data-element_type=\"column\" data-e-type=\"column\">\n\t\t\t<div class=\"elementor-widget-wrap elementor-element-populated\">\n\t\t\t\t\t\t<div class=\"elementor-element elementor-element-190dc6fd elementor-widget elementor-widget-image\" data-id=\"190dc6fd\" data-element_type=\"widget\" data-e-type=\"widget\" data-widget_type=\"image.default\">\n\t\t\t\t<div class=\"elementor-widget-container\">\n\t\t\t\t\t\t\t\t\t\t\t\t\t\t\t<img fetchpriority=\"high\" decoding=\"async\" width=\"1024\" height=\"706\" src=\"https:\/\/caru.org.uy\/nuevositio\/wp-content\/uploads\/2022\/03\/borde-costero-2-1024x706.jpg\" class=\"attachment-large size-large wp-image-7547\" alt=\"\" srcset=\"https:\/\/caru.org.uy\/nuevositio\/wp-content\/uploads\/2022\/03\/borde-costero-2-1024x706.jpg 1024w, https:\/\/caru.org.uy\/nuevositio\/wp-content\/uploads\/2022\/03\/borde-costero-2-300x207.jpg 300w, https:\/\/caru.org.uy\/nuevositio\/wp-content\/uploads\/2022\/03\/borde-costero-2-768x529.jpg 768w, https:\/\/caru.org.uy\/nuevositio\/wp-content\/uploads\/2022\/03\/borde-costero-2-1536x1059.jpg 1536w, https:\/\/caru.org.uy\/nuevositio\/wp-content\/uploads\/2022\/03\/borde-costero-2.jpg 1654w\" sizes=\"(max-width: 1024px) 100vw, 1024px\" \/>\t\t\t\t\t\t\t\t\t\t\t\t\t\t\t<\/div>\n\t\t\t\t<\/div>\n\t\t\t\t\t<\/div>\n\t\t<\/div>\n\t\t\t\t<div class=\"elementor-column elementor-col-50 elementor-top-column elementor-element elementor-element-766d7c1c\" data-id=\"766d7c1c\" data-element_type=\"column\" data-e-type=\"column\">\n\t\t\t<div class=\"elementor-widget-wrap elementor-element-populated\">\n\t\t\t\t\t\t<div class=\"elementor-element elementor-element-533c3a3d elementor-widget elementor-widget-text-editor\" data-id=\"533c3a3d\" data-element_type=\"widget\" data-e-type=\"widget\" data-widget_type=\"text-editor.default\">\n\t\t\t\t<div class=\"elementor-widget-container\">\n\t\t\t\t\t\t\t\t\t\n<p>En la sede de la Comisi\u00f3n Administradora del R\u00edo Uruguay (CARU), el presidente de la Delegaci\u00f3n Argentina, Jos\u00e9 Eduardo Lauritto, recibi\u00f3 a la Secretaria de Ambiente de la provincia de Entre R\u00edos, Daniela Garc\u00eda, y a los equipos de las \u00e1reas de ambiente de municipios de la regi\u00f3n para la presentaci\u00f3n de los lineamientos del \u201cPrograma de protecci\u00f3n y rehabilitaci\u00f3n de las zonas ribere\u00f1as de la cuenca del r\u00edo Uruguay\u201d.<\/p>\n\n\n\n<p>\u201cLa idea de este encuentro es que comencemos a materializar los avances obtenidos en las sucesivas reuniones que se han realizado entre la&nbsp;CARU&nbsp;a trav\u00e9s de los dos integrantes argentinos del Comit\u00e9 Cient\u00edfico, la Secretar\u00eda de Ambiente de la Provincia de Entre R\u00edos y los municipios de la costa del R\u00edo Uruguay. En esta construcci\u00f3n de cercan\u00edas, agradecemos nuevamente las puertas abiertas de todos los intendentes y la sinton\u00eda para trabajar en acciones concretas que nos permitan mejorar la calidad de las aguas de nuestro r\u00edo\u201d, se\u00f1al\u00f3 Lauritto en la presentaci\u00f3n del encuentro.<\/p>\n\n\n\n<p>El presidente de la Delegaci\u00f3n Argentina de&nbsp;CARU&nbsp;destac\u00f3 la participaci\u00f3n del Intendente de Puerto Yeru\u00e1, Daniel Ben\u00edtez, quien se sum\u00f3 personalmente a la reuni\u00f3n donde, junto a la Secretaria de Ambiente y los integrantes argentinos del Comit\u00e9 Cient\u00edfico de&nbsp;CARU, compartieron la mesa de trabajo los equipos t\u00e9cnicos de Concordia, Concepci\u00f3n del Uruguay y Gualeguaych\u00fa. \u201cEsta es una primera reuni\u00f3n de trabajo, luego esperamos tener un encuentro con los Intendentes para poder avanzar en convenios de cooperaci\u00f3n y medidas concretas de cada ciudad\u201d, destac\u00f3 Lauritto. Cabe destacar que ya se mantuvieron reuniones con otros municipios que tambi\u00e9n se comprometieron a participar, tales como Villa Paranacito, Col\u00f3n y San Jos\u00e9.<\/p>\n\n\n\n<p>\u201cSe trata de un Plan de acci\u00f3n para mejorar la situaci\u00f3n ambiental a escala de cuenca. Una de las medidas m\u00e1s importantes para mitigar la actual situaci\u00f3n del r\u00edo Uruguay y para los cuerpos de agua de toda la provincia de Entre R\u00edos es la protecci\u00f3n y restituci\u00f3n del borde costero, \u00e9ste representa el filtro y la defensa natural del r\u00edo contra los agentes contaminantes y est\u00e1 siendo disminuido de forma constante. La destrucci\u00f3n del bosque ribere\u00f1o y los humedales costeros representa la destrucci\u00f3n de la principal l\u00ednea de defensa del r\u00edo e incorporar toneladas de sustancias directamente al agua del r\u00edo\u201d, destacaron Emilio Menvielle y Ricardo Ju\u00e1rez, los cient\u00edficos de&nbsp;CARU.<\/p>\n\n\n\n<p>Durante el encuentro se present\u00f3 un diagn\u00f3stico ambiental de la situaci\u00f3n de la calidad de las aguas en los diferentes tramos del r\u00edo Uruguay y los equipos de cada municipio compartieron informaci\u00f3n sobre las problem\u00e1ticas que enfrentan diariamente. Tambi\u00e9n se trazaron objetivos para el presente a\u00f1o.<\/p>\n\n\n\n<p>La Secretaria de Ambiente de la Provincia, Daniela Garc\u00eda celebr\u00f3 la iniciativa y se comprometi\u00f3 a que junto a&nbsp;CARU&nbsp;y los municipios se le pueda dar forma al Programa de Bordes Costeros lo antes posible, y coincidi\u00f3 en que \u201ces fundamental difundir y concientizar sobre esta mirada a la recuperaci\u00f3n y protecci\u00f3n del borde costero. Lo m\u00e1s importante aqu\u00ed es que nos podamos encontrar, que podamos darle forma a este trabajo conjunto y que empecemos a juntar los brazos para trabajar en este bien com\u00fan, en este objetivo que nos acerca y nos compromete\u201d.<\/p>\n\t\t\t\t\t\t\t\t<\/div>\n\t\t\t\t<\/div>\n\t\t\t\t\t<\/div>\n\t\t<\/div>\n\t\t\t\t\t<\/div>\n\t\t<\/section>\n\t\t\t\t<\/div>\n\t\t","protected":false},"excerpt":{"rendered":"<p>En la sede de la Comisi\u00f3n Administradora del R\u00edo Uruguay (CARU), el presidente de la Delegaci\u00f3n Argentina, Jos\u00e9 Eduardo Lauritto, recibi\u00f3 a la Secretaria de Ambiente de la provincia de Entre R\u00edos, Daniela Garc\u00eda, y a los equipos de las \u00e1reas de ambiente de municipios de la regi\u00f3n para la presentaci\u00f3n de los lineamientos del [&hellip;]<\/p>\n","protected":false},"author":1,"featured_media":7547,"comment_status":"closed","ping_status":"open","sticky":false,"template":"","format":"standard","meta":{"_acf_changed":false,"_joinchat":[],"footnotes":""},"categories":[37,27],"tags":[],"class_list":["post-7545","post","type-post","status-publish","format-standard","has-post-thumbnail","hentry","category-noticias","category-novedades"],"acf":[],"yoast_head":"<!-- This site is optimized with the Yoast SEO plugin v27.3 - https:\/\/yoast.com\/product\/yoast-seo-wordpress\/ -->\n<title>Avanza el plan conjunto con municipios para proteger el Borde Costero % C.A.R.U. imagen<\/title>\n<meta name=\"robots\" content=\"index, follow, max-snippet:-1, max-image-preview:large, max-video-preview:-1\" \/>\n<link rel=\"canonical\" href=\"https:\/\/caru.org.uy\/nuevositio\/2022\/03\/29\/avanza-el-plan-conjunto-con-municipios-para-proteger-el-borde-costero\/\" \/>\n<meta property=\"og:locale\" content=\"es_ES\" \/>\n<meta property=\"og:type\" content=\"article\" \/>\n<meta property=\"og:title\" content=\"Avanza el plan conjunto con municipios para proteger el Borde Costero % C.A.R.U. imagen\" \/>\n<meta property=\"og:description\" content=\"En la sede de la Comisi\u00f3n Administradora del R\u00edo Uruguay (CARU), el presidente de la Delegaci\u00f3n Argentina, Jos\u00e9 Eduardo Lauritto, recibi\u00f3 a la Secretaria de Ambiente de la provincia de Entre R\u00edos, Daniela Garc\u00eda, y a los equipos de las \u00e1reas de ambiente de municipios de la regi\u00f3n para la presentaci\u00f3n de los lineamientos del [&hellip;]\" \/>\n<meta property=\"og:url\" content=\"https:\/\/caru.org.uy\/nuevositio\/2022\/03\/29\/avanza-el-plan-conjunto-con-municipios-para-proteger-el-borde-costero\/\" \/>\n<meta property=\"og:site_name\" content=\"C.A.R.U.\" \/>\n<meta property=\"article:published_time\" content=\"2022-03-29T14:43:13+00:00\" \/>\n<meta property=\"article:modified_time\" content=\"2023-11-15T12:45:22+00:00\" \/>\n<meta property=\"og:image\" content=\"https:\/\/caru.org.uy\/nuevositio\/wp-content\/uploads\/2022\/03\/borde-costero-2.jpg\" \/>\n\t<meta property=\"og:image:width\" content=\"1654\" \/>\n\t<meta property=\"og:image:height\" content=\"1140\" \/>\n\t<meta property=\"og:image:type\" content=\"image\/jpeg\" \/>\n<meta name=\"author\" content=\"Noma\" \/>\n<meta name=\"twitter:card\" content=\"summary_large_image\" \/>\n<meta name=\"twitter:label1\" content=\"Escrito por\" \/>\n\t<meta name=\"twitter:data1\" content=\"Noma\" \/>\n\t<meta name=\"twitter:label2\" content=\"Tiempo de lectura\" \/>\n\t<meta name=\"twitter:data2\" content=\"3 minutos\" \/>\n<script type=\"application\/ld+json\" class=\"yoast-schema-graph\">{\"@context\":\"https:\\\/\\\/schema.org\",\"@graph\":[{\"@type\":[\"Article\",\"BlogPosting\"],\"@id\":\"https:\\\/\\\/caru.org.uy\\\/nuevositio\\\/2022\\\/03\\\/29\\\/avanza-el-plan-conjunto-con-municipios-para-proteger-el-borde-costero\\\/#article\",\"isPartOf\":{\"@id\":\"https:\\\/\\\/caru.org.uy\\\/nuevositio\\\/2022\\\/03\\\/29\\\/avanza-el-plan-conjunto-con-municipios-para-proteger-el-borde-costero\\\/\"},\"author\":{\"name\":\"Noma\",\"@id\":\"https:\\\/\\\/caru.org.uy\\\/nuevositio\\\/#\\\/schema\\\/person\\\/9a11b7bc115602d2066d4c695b2aa3e5\"},\"headline\":\"Avanza el plan conjunto con municipios para proteger el Borde Costero\",\"datePublished\":\"2022-03-29T14:43:13+00:00\",\"dateModified\":\"2023-11-15T12:45:22+00:00\",\"mainEntityOfPage\":{\"@id\":\"https:\\\/\\\/caru.org.uy\\\/nuevositio\\\/2022\\\/03\\\/29\\\/avanza-el-plan-conjunto-con-municipios-para-proteger-el-borde-costero\\\/\"},\"wordCount\":608,\"publisher\":{\"@id\":\"https:\\\/\\\/caru.org.uy\\\/nuevositio\\\/#organization\"},\"image\":{\"@id\":\"https:\\\/\\\/caru.org.uy\\\/nuevositio\\\/2022\\\/03\\\/29\\\/avanza-el-plan-conjunto-con-municipios-para-proteger-el-borde-costero\\\/#primaryimage\"},\"thumbnailUrl\":\"https:\\\/\\\/caru.org.uy\\\/nuevositio\\\/wp-content\\\/uploads\\\/2022\\\/03\\\/borde-costero-2.jpg\",\"articleSection\":[\"Noticias\",\"Novedades\"],\"inLanguage\":\"es\"},{\"@type\":\"WebPage\",\"@id\":\"https:\\\/\\\/caru.org.uy\\\/nuevositio\\\/2022\\\/03\\\/29\\\/avanza-el-plan-conjunto-con-municipios-para-proteger-el-borde-costero\\\/\",\"url\":\"https:\\\/\\\/caru.org.uy\\\/nuevositio\\\/2022\\\/03\\\/29\\\/avanza-el-plan-conjunto-con-municipios-para-proteger-el-borde-costero\\\/\",\"name\":\"Avanza el plan conjunto con municipios para proteger el Borde Costero % C.A.R.U. imagen\",\"isPartOf\":{\"@id\":\"https:\\\/\\\/caru.org.uy\\\/nuevositio\\\/#website\"},\"primaryImageOfPage\":{\"@id\":\"https:\\\/\\\/caru.org.uy\\\/nuevositio\\\/2022\\\/03\\\/29\\\/avanza-el-plan-conjunto-con-municipios-para-proteger-el-borde-costero\\\/#primaryimage\"},\"image\":{\"@id\":\"https:\\\/\\\/caru.org.uy\\\/nuevositio\\\/2022\\\/03\\\/29\\\/avanza-el-plan-conjunto-con-municipios-para-proteger-el-borde-costero\\\/#primaryimage\"},\"thumbnailUrl\":\"https:\\\/\\\/caru.org.uy\\\/nuevositio\\\/wp-content\\\/uploads\\\/2022\\\/03\\\/borde-costero-2.jpg\",\"datePublished\":\"2022-03-29T14:43:13+00:00\",\"dateModified\":\"2023-11-15T12:45:22+00:00\",\"breadcrumb\":{\"@id\":\"https:\\\/\\\/caru.org.uy\\\/nuevositio\\\/2022\\\/03\\\/29\\\/avanza-el-plan-conjunto-con-municipios-para-proteger-el-borde-costero\\\/#breadcrumb\"},\"inLanguage\":\"es\",\"potentialAction\":[{\"@type\":\"ReadAction\",\"target\":[\"https:\\\/\\\/caru.org.uy\\\/nuevositio\\\/2022\\\/03\\\/29\\\/avanza-el-plan-conjunto-con-municipios-para-proteger-el-borde-costero\\\/\"]}]},{\"@type\":\"ImageObject\",\"inLanguage\":\"es\",\"@id\":\"https:\\\/\\\/caru.org.uy\\\/nuevositio\\\/2022\\\/03\\\/29\\\/avanza-el-plan-conjunto-con-municipios-para-proteger-el-borde-costero\\\/#primaryimage\",\"url\":\"https:\\\/\\\/caru.org.uy\\\/nuevositio\\\/wp-content\\\/uploads\\\/2022\\\/03\\\/borde-costero-2.jpg\",\"contentUrl\":\"https:\\\/\\\/caru.org.uy\\\/nuevositio\\\/wp-content\\\/uploads\\\/2022\\\/03\\\/borde-costero-2.jpg\",\"width\":1654,\"height\":1140},{\"@type\":\"BreadcrumbList\",\"@id\":\"https:\\\/\\\/caru.org.uy\\\/nuevositio\\\/2022\\\/03\\\/29\\\/avanza-el-plan-conjunto-con-municipios-para-proteger-el-borde-costero\\\/#breadcrumb\",\"itemListElement\":[{\"@type\":\"ListItem\",\"position\":1,\"name\":\"Portada\",\"item\":\"https:\\\/\\\/caru.org.uy\\\/nuevositio\\\/\"},{\"@type\":\"ListItem\",\"position\":2,\"name\":\"Avanza el plan conjunto con municipios para proteger el Borde Costero\"}]},{\"@type\":\"WebSite\",\"@id\":\"https:\\\/\\\/caru.org.uy\\\/nuevositio\\\/#website\",\"url\":\"https:\\\/\\\/caru.org.uy\\\/nuevositio\\\/\",\"name\":\"C.A.R.U.\",\"description\":\"Comisi\u00f3n Administradora del R\u00edo Uruguay\",\"publisher\":{\"@id\":\"https:\\\/\\\/caru.org.uy\\\/nuevositio\\\/#organization\"},\"potentialAction\":[{\"@type\":\"SearchAction\",\"target\":{\"@type\":\"EntryPoint\",\"urlTemplate\":\"https:\\\/\\\/caru.org.uy\\\/nuevositio\\\/?s={search_term_string}\"},\"query-input\":{\"@type\":\"PropertyValueSpecification\",\"valueRequired\":true,\"valueName\":\"search_term_string\"}}],\"inLanguage\":\"es\"},{\"@type\":\"Organization\",\"@id\":\"https:\\\/\\\/caru.org.uy\\\/nuevositio\\\/#organization\",\"name\":\"C.A.R.U.\",\"url\":\"https:\\\/\\\/caru.org.uy\\\/nuevositio\\\/\",\"logo\":{\"@type\":\"ImageObject\",\"inLanguage\":\"es\",\"@id\":\"https:\\\/\\\/caru.org.uy\\\/nuevositio\\\/#\\\/schema\\\/logo\\\/image\\\/\",\"url\":\"https:\\\/\\\/caru.org.uy\\\/nuevositio\\\/wp-content\\\/uploads\\\/2023\\\/11\\\/logo-nuevo.jpg\",\"contentUrl\":\"https:\\\/\\\/caru.org.uy\\\/nuevositio\\\/wp-content\\\/uploads\\\/2023\\\/11\\\/logo-nuevo.jpg\",\"width\":1,\"height\":1,\"caption\":\"C.A.R.U.\"},\"image\":{\"@id\":\"https:\\\/\\\/caru.org.uy\\\/nuevositio\\\/#\\\/schema\\\/logo\\\/image\\\/\"}},{\"@type\":\"Person\",\"@id\":\"https:\\\/\\\/caru.org.uy\\\/nuevositio\\\/#\\\/schema\\\/person\\\/9a11b7bc115602d2066d4c695b2aa3e5\",\"name\":\"Noma\",\"image\":{\"@type\":\"ImageObject\",\"inLanguage\":\"es\",\"@id\":\"https:\\\/\\\/secure.gravatar.com\\\/avatar\\\/8b0eb2764fe524b07cdc015df29e7576c061e58c50641dd8ccc46d3d448307e5?s=96&d=mm&r=g\",\"url\":\"https:\\\/\\\/secure.gravatar.com\\\/avatar\\\/8b0eb2764fe524b07cdc015df29e7576c061e58c50641dd8ccc46d3d448307e5?s=96&d=mm&r=g\",\"contentUrl\":\"https:\\\/\\\/secure.gravatar.com\\\/avatar\\\/8b0eb2764fe524b07cdc015df29e7576c061e58c50641dd8ccc46d3d448307e5?s=96&d=mm&r=g\",\"caption\":\"Noma\"},\"url\":\"https:\\\/\\\/caru.org.uy\\\/nuevositio\\\/author\\\/admin\\\/\"}]}<\/script>\n<!-- \/ Yoast SEO plugin. -->","yoast_head_json":{"title":"Avanza el plan conjunto con municipios para proteger el Borde Costero % C.A.R.U. imagen","robots":{"index":"index","follow":"follow","max-snippet":"max-snippet:-1","max-image-preview":"max-image-preview:large","max-video-preview":"max-video-preview:-1"},"canonical":"https:\/\/caru.org.uy\/nuevositio\/2022\/03\/29\/avanza-el-plan-conjunto-con-municipios-para-proteger-el-borde-costero\/","og_locale":"es_ES","og_type":"article","og_title":"Avanza el plan conjunto con municipios para proteger el Borde Costero % C.A.R.U. imagen","og_description":"En la sede de la Comisi\u00f3n Administradora del R\u00edo Uruguay (CARU), el presidente de la Delegaci\u00f3n Argentina, Jos\u00e9 Eduardo Lauritto, recibi\u00f3 a la Secretaria de Ambiente de la provincia de Entre R\u00edos, Daniela Garc\u00eda, y a los equipos de las \u00e1reas de ambiente de municipios de la regi\u00f3n para la presentaci\u00f3n de los lineamientos del [&hellip;]","og_url":"https:\/\/caru.org.uy\/nuevositio\/2022\/03\/29\/avanza-el-plan-conjunto-con-municipios-para-proteger-el-borde-costero\/","og_site_name":"C.A.R.U.","article_published_time":"2022-03-29T14:43:13+00:00","article_modified_time":"2023-11-15T12:45:22+00:00","og_image":[{"width":1654,"height":1140,"url":"https:\/\/caru.org.uy\/nuevositio\/wp-content\/uploads\/2022\/03\/borde-costero-2.jpg","type":"image\/jpeg"}],"author":"Noma","twitter_card":"summary_large_image","twitter_misc":{"Escrito por":"Noma","Tiempo de lectura":"3 minutos"},"schema":{"@context":"https:\/\/schema.org","@graph":[{"@type":["Article","BlogPosting"],"@id":"https:\/\/caru.org.uy\/nuevositio\/2022\/03\/29\/avanza-el-plan-conjunto-con-municipios-para-proteger-el-borde-costero\/#article","isPartOf":{"@id":"https:\/\/caru.org.uy\/nuevositio\/2022\/03\/29\/avanza-el-plan-conjunto-con-municipios-para-proteger-el-borde-costero\/"},"author":{"name":"Noma","@id":"https:\/\/caru.org.uy\/nuevositio\/#\/schema\/person\/9a11b7bc115602d2066d4c695b2aa3e5"},"headline":"Avanza el plan conjunto con municipios para proteger el Borde Costero","datePublished":"2022-03-29T14:43:13+00:00","dateModified":"2023-11-15T12:45:22+00:00","mainEntityOfPage":{"@id":"https:\/\/caru.org.uy\/nuevositio\/2022\/03\/29\/avanza-el-plan-conjunto-con-municipios-para-proteger-el-borde-costero\/"},"wordCount":608,"publisher":{"@id":"https:\/\/caru.org.uy\/nuevositio\/#organization"},"image":{"@id":"https:\/\/caru.org.uy\/nuevositio\/2022\/03\/29\/avanza-el-plan-conjunto-con-municipios-para-proteger-el-borde-costero\/#primaryimage"},"thumbnailUrl":"https:\/\/caru.org.uy\/nuevositio\/wp-content\/uploads\/2022\/03\/borde-costero-2.jpg","articleSection":["Noticias","Novedades"],"inLanguage":"es"},{"@type":"WebPage","@id":"https:\/\/caru.org.uy\/nuevositio\/2022\/03\/29\/avanza-el-plan-conjunto-con-municipios-para-proteger-el-borde-costero\/","url":"https:\/\/caru.org.uy\/nuevositio\/2022\/03\/29\/avanza-el-plan-conjunto-con-municipios-para-proteger-el-borde-costero\/","name":"Avanza el plan conjunto con municipios para proteger el Borde Costero % C.A.R.U. imagen","isPartOf":{"@id":"https:\/\/caru.org.uy\/nuevositio\/#website"},"primaryImageOfPage":{"@id":"https:\/\/caru.org.uy\/nuevositio\/2022\/03\/29\/avanza-el-plan-conjunto-con-municipios-para-proteger-el-borde-costero\/#primaryimage"},"image":{"@id":"https:\/\/caru.org.uy\/nuevositio\/2022\/03\/29\/avanza-el-plan-conjunto-con-municipios-para-proteger-el-borde-costero\/#primaryimage"},"thumbnailUrl":"https:\/\/caru.org.uy\/nuevositio\/wp-content\/uploads\/2022\/03\/borde-costero-2.jpg","datePublished":"2022-03-29T14:43:13+00:00","dateModified":"2023-11-15T12:45:22+00:00","breadcrumb":{"@id":"https:\/\/caru.org.uy\/nuevositio\/2022\/03\/29\/avanza-el-plan-conjunto-con-municipios-para-proteger-el-borde-costero\/#breadcrumb"},"inLanguage":"es","potentialAction":[{"@type":"ReadAction","target":["https:\/\/caru.org.uy\/nuevositio\/2022\/03\/29\/avanza-el-plan-conjunto-con-municipios-para-proteger-el-borde-costero\/"]}]},{"@type":"ImageObject","inLanguage":"es","@id":"https:\/\/caru.org.uy\/nuevositio\/2022\/03\/29\/avanza-el-plan-conjunto-con-municipios-para-proteger-el-borde-costero\/#primaryimage","url":"https:\/\/caru.org.uy\/nuevositio\/wp-content\/uploads\/2022\/03\/borde-costero-2.jpg","contentUrl":"https:\/\/caru.org.uy\/nuevositio\/wp-content\/uploads\/2022\/03\/borde-costero-2.jpg","width":1654,"height":1140},{"@type":"BreadcrumbList","@id":"https:\/\/caru.org.uy\/nuevositio\/2022\/03\/29\/avanza-el-plan-conjunto-con-municipios-para-proteger-el-borde-costero\/#breadcrumb","itemListElement":[{"@type":"ListItem","position":1,"name":"Portada","item":"https:\/\/caru.org.uy\/nuevositio\/"},{"@type":"ListItem","position":2,"name":"Avanza el plan conjunto con municipios para proteger el Borde Costero"}]},{"@type":"WebSite","@id":"https:\/\/caru.org.uy\/nuevositio\/#website","url":"https:\/\/caru.org.uy\/nuevositio\/","name":"C.A.R.U.","description":"Comisi\u00f3n Administradora del R\u00edo Uruguay","publisher":{"@id":"https:\/\/caru.org.uy\/nuevositio\/#organization"},"potentialAction":[{"@type":"SearchAction","target":{"@type":"EntryPoint","urlTemplate":"https:\/\/caru.org.uy\/nuevositio\/?s={search_term_string}"},"query-input":{"@type":"PropertyValueSpecification","valueRequired":true,"valueName":"search_term_string"}}],"inLanguage":"es"},{"@type":"Organization","@id":"https:\/\/caru.org.uy\/nuevositio\/#organization","name":"C.A.R.U.","url":"https:\/\/caru.org.uy\/nuevositio\/","logo":{"@type":"ImageObject","inLanguage":"es","@id":"https:\/\/caru.org.uy\/nuevositio\/#\/schema\/logo\/image\/","url":"https:\/\/caru.org.uy\/nuevositio\/wp-content\/uploads\/2023\/11\/logo-nuevo.jpg","contentUrl":"https:\/\/caru.org.uy\/nuevositio\/wp-content\/uploads\/2023\/11\/logo-nuevo.jpg","width":1,"height":1,"caption":"C.A.R.U."},"image":{"@id":"https:\/\/caru.org.uy\/nuevositio\/#\/schema\/logo\/image\/"}},{"@type":"Person","@id":"https:\/\/caru.org.uy\/nuevositio\/#\/schema\/person\/9a11b7bc115602d2066d4c695b2aa3e5","name":"Noma","image":{"@type":"ImageObject","inLanguage":"es","@id":"https:\/\/secure.gravatar.com\/avatar\/8b0eb2764fe524b07cdc015df29e7576c061e58c50641dd8ccc46d3d448307e5?s=96&d=mm&r=g","url":"https:\/\/secure.gravatar.com\/avatar\/8b0eb2764fe524b07cdc015df29e7576c061e58c50641dd8ccc46d3d448307e5?s=96&d=mm&r=g","contentUrl":"https:\/\/secure.gravatar.com\/avatar\/8b0eb2764fe524b07cdc015df29e7576c061e58c50641dd8ccc46d3d448307e5?s=96&d=mm&r=g","caption":"Noma"},"url":"https:\/\/caru.org.uy\/nuevositio\/author\/admin\/"}]}},"_links":{"self":[{"href":"https:\/\/caru.org.uy\/nuevositio\/wp-json\/wp\/v2\/posts\/7545","targetHints":{"allow":["GET"]}}],"collection":[{"href":"https:\/\/caru.org.uy\/nuevositio\/wp-json\/wp\/v2\/posts"}],"about":[{"href":"https:\/\/caru.org.uy\/nuevositio\/wp-json\/wp\/v2\/types\/post"}],"author":[{"embeddable":true,"href":"https:\/\/caru.org.uy\/nuevositio\/wp-json\/wp\/v2\/users\/1"}],"replies":[{"embeddable":true,"href":"https:\/\/caru.org.uy\/nuevositio\/wp-json\/wp\/v2\/comments?post=7545"}],"version-history":[{"count":6,"href":"https:\/\/caru.org.uy\/nuevositio\/wp-json\/wp\/v2\/posts\/7545\/revisions"}],"predecessor-version":[{"id":8753,"href":"https:\/\/caru.org.uy\/nuevositio\/wp-json\/wp\/v2\/posts\/7545\/revisions\/8753"}],"wp:featuredmedia":[{"embeddable":true,"href":"https:\/\/caru.org.uy\/nuevositio\/wp-json\/wp\/v2\/media\/7547"}],"wp:attachment":[{"href":"https:\/\/caru.org.uy\/nuevositio\/wp-json\/wp\/v2\/media?parent=7545"}],"wp:term":[{"taxonomy":"category","embeddable":true,"href":"https:\/\/caru.org.uy\/nuevositio\/wp-json\/wp\/v2\/categories?post=7545"},{"taxonomy":"post_tag","embeddable":true,"href":"https:\/\/caru.org.uy\/nuevositio\/wp-json\/wp\/v2\/tags?post=7545"}],"curies":[{"name":"wp","href":"https:\/\/api.w.org\/{rel}","templated":true}]}}