{"id":7665,"date":"2022-06-27T06:32:08","date_gmt":"2022-06-27T06:32:08","guid":{"rendered":"https:\/\/caru.org.uy\/nuevositio\/?p=7665"},"modified":"2023-11-15T12:42:40","modified_gmt":"2023-11-15T12:42:40","slug":"se-presentaron-cuatro-ofertas-para-el-mantenimiento-del-dragado-del-rio-uruguay","status":"publish","type":"post","link":"https:\/\/caru.org.uy\/nuevositio\/2022\/06\/27\/se-presentaron-cuatro-ofertas-para-el-mantenimiento-del-dragado-del-rio-uruguay\/","title":{"rendered":"Se presentaron cuatro ofertas para el Mantenimiento del Dragado del R\u00edo Uruguay"},"content":{"rendered":"\t\t<div data-elementor-type=\"wp-post\" data-elementor-id=\"7665\" class=\"elementor elementor-7665\" data-elementor-post-type=\"post\">\n\t\t\t\t\t\t<section class=\"elementor-section elementor-top-section elementor-element elementor-element-379d2ac8 elementor-section-boxed elementor-section-height-default elementor-section-height-default\" data-id=\"379d2ac8\" data-element_type=\"section\" data-e-type=\"section\" data-settings=\"{&quot;jet_parallax_layout_list&quot;:[]}\">\n\t\t\t\t\t\t<div class=\"elementor-container elementor-column-gap-default\">\n\t\t\t\t\t<div class=\"elementor-column elementor-col-50 elementor-top-column elementor-element elementor-element-49753fd6\" data-id=\"49753fd6\" data-element_type=\"column\" data-e-type=\"column\">\n\t\t\t<div class=\"elementor-widget-wrap elementor-element-populated\">\n\t\t\t\t\t\t<div class=\"elementor-element elementor-element-2e92ccaf elementor-widget elementor-widget-image\" data-id=\"2e92ccaf\" data-element_type=\"widget\" data-e-type=\"widget\" data-widget_type=\"image.default\">\n\t\t\t\t<div class=\"elementor-widget-container\">\n\t\t\t\t\t\t\t\t\t\t\t\t\t\t\t<img fetchpriority=\"high\" decoding=\"async\" width=\"1024\" height=\"680\" src=\"https:\/\/caru.org.uy\/nuevositio\/wp-content\/uploads\/2022\/06\/Mantenimiento-dragado-3-1024x680.jpg\" class=\"attachment-large size-large wp-image-7996\" alt=\"\" srcset=\"https:\/\/caru.org.uy\/nuevositio\/wp-content\/uploads\/2022\/06\/Mantenimiento-dragado-3-1024x680.jpg 1024w, https:\/\/caru.org.uy\/nuevositio\/wp-content\/uploads\/2022\/06\/Mantenimiento-dragado-3-300x199.jpg 300w, https:\/\/caru.org.uy\/nuevositio\/wp-content\/uploads\/2022\/06\/Mantenimiento-dragado-3-768x510.jpg 768w, https:\/\/caru.org.uy\/nuevositio\/wp-content\/uploads\/2022\/06\/Mantenimiento-dragado-3.jpg 1181w\" sizes=\"(max-width: 1024px) 100vw, 1024px\" \/>\t\t\t\t\t\t\t\t\t\t\t\t\t\t\t<\/div>\n\t\t\t\t<\/div>\n\t\t\t\t<div class=\"elementor-element elementor-element-78a56e2 elementor-widget elementor-widget-image\" data-id=\"78a56e2\" data-element_type=\"widget\" data-e-type=\"widget\" data-widget_type=\"image.default\">\n\t\t\t\t<div class=\"elementor-widget-container\">\n\t\t\t\t\t\t\t\t\t\t\t\t\t\t\t<img decoding=\"async\" width=\"836\" height=\"636\" src=\"https:\/\/caru.org.uy\/nuevositio\/wp-content\/uploads\/2022\/06\/Screen-Shot-2023-11-15-at-09.39.03.png\" class=\"attachment-large size-large wp-image-8740\" alt=\"\" srcset=\"https:\/\/caru.org.uy\/nuevositio\/wp-content\/uploads\/2022\/06\/Screen-Shot-2023-11-15-at-09.39.03.png 836w, https:\/\/caru.org.uy\/nuevositio\/wp-content\/uploads\/2022\/06\/Screen-Shot-2023-11-15-at-09.39.03-300x228.png 300w, https:\/\/caru.org.uy\/nuevositio\/wp-content\/uploads\/2022\/06\/Screen-Shot-2023-11-15-at-09.39.03-768x584.png 768w\" sizes=\"(max-width: 836px) 100vw, 836px\" \/>\t\t\t\t\t\t\t\t\t\t\t\t\t\t\t<\/div>\n\t\t\t\t<\/div>\n\t\t\t\t\t<\/div>\n\t\t<\/div>\n\t\t\t\t<div class=\"elementor-column elementor-col-50 elementor-top-column elementor-element elementor-element-ceb114b\" data-id=\"ceb114b\" data-element_type=\"column\" data-e-type=\"column\">\n\t\t\t<div class=\"elementor-widget-wrap elementor-element-populated\">\n\t\t\t\t\t\t<div class=\"elementor-element elementor-element-5e1491ba elementor-widget elementor-widget-text-editor\" data-id=\"5e1491ba\" data-element_type=\"widget\" data-e-type=\"widget\" data-widget_type=\"text-editor.default\">\n\t\t\t\t<div class=\"elementor-widget-container\">\n\t\t\t\t\t\t\t\t\t<p><\/p>\n<p>En la sede de la Comisi\u00f3n Administradora del R\u00edo Uruguay (CARU) se llev\u00f3 a cabo este viernes 24 de junio, la apertura de sobres correspondientes a la Licitaci\u00f3n P\u00fablica Internacional para la contrataci\u00f3n de trabajos de Dragado de Mantenimiento en el R\u00edo Uruguay entre el km 0 y el km 207,8 (Puerto de Paysand\u00fa) incluido el canal de acceso al puerto de Concepci\u00f3n del Uruguay.<\/p>\n<p><\/p>\n<p><\/p>\n<p>El acto fue encabezado por el Presidente de CARU Mario Daniel Ayala, el vicepresidente Jos\u00e9 Eduardo Lauritto y los delegados Miguel Feris, Mar\u00eda Eugenia Almir\u00f3n, Roberto P\u00e9rez Rodino, Miguel \u00c1ngel De Ocampo y Guillermo Justo Chaves.<\/p>\n<p><\/p>\n<p><\/p>\n<p>Se presentaron en total 4 ofertas, las cuales se detallan a continuaci\u00f3n por orden de llegada al acto licitatorio: La propuesta n\u00famero 1 corresponde a la empresa Jan De Nul, de origen belga, que cuenta como respaldo de experiencia las tareas de dragado y mantenimiento realizadas en el r\u00edo Paran\u00e1 y es la actual contratista para esas tareas en el r\u00edo Uruguay. La segunda propuesta presentada fue la del Consorcio en formaci\u00f3n integrado por las empresas Chec Dredging de China y SDC de Brasil, quienes vienen desarrollando una serie de trabajos en Argentina, Brasil y Uruguay. La tercera propuesta es del Consorcio integrado por las empresas Boskalis International BV de Holanda y Dredging International NV de B\u00e9lgica, tambi\u00e9n con fuerte presencia y desarrollo en la regi\u00f3n de Sudam\u00e9rica. Finalmente la cuarta empresa en presentar su propuesta fue la firma de Dinamarca Rohde Nielsen.<\/p>\n<p><\/p>\n<p><\/p>\n<p>Durante el acto de apertura de sobres se constat\u00f3 que las ofertas contaran con toda la documentaci\u00f3n requerida en los pliegos y se avanzar\u00e1 ahora en el an\u00e1lisis de las propuestas t\u00e9cnicas, tarea a cargo de una comisi\u00f3n evaluadora creada para tal fin. Una vez evaluadas las propuestas t\u00e9cnicas, y superada esa instancia, se proceder\u00e1 a la apertura de sobres con las propuestas econ\u00f3micas que se encuentran a\u00fan cerrados.<\/p>\n<p><\/p>\n<p><\/p>\n<p>El objeto de la licitaci\u00f3n se origina con la voluntad conjunta de la Rep\u00fablica Argentina y la Rep\u00fablica Oriental del Uruguay, de fortalecer el modo de transporte por el r\u00edo Uruguay mejorando la navegabilidad y propiciando un aprovechamiento \u00f3ptimo y racional del mismo en pos de un desarrollo arm\u00f3nico, sustentable y sostenido de la regi\u00f3n. El Mantenimiento del Dragado contemplado en esta licitaci\u00f3n tiene un plazo de 3 a\u00f1os y permitir\u00e1 por ese tiempo, garantizar la navegabilidad diurna y nocturna a 25 pies hasta el puerto de Concepci\u00f3n del Uruguay, y a 17 pies hasta el puerto de Paysand\u00fa.<\/p>\n<p><\/p>\n<p><\/p>\n<p><\/p>\n<p><strong>Una obra de inmenso valor para la regi\u00f3n<\/strong><\/p>\n<p><\/p>\n<p><\/p>\n<p>Mario Ayala, actual presidente de la Comisi\u00f3n Administradora del R\u00edo Uruguay, dio la bienvenida al acto licitatorio: \u201cEsta es una importante jornada para nosotros porque consideramos que en este proceso del Dragado del R\u00edo Uruguay, los Estados han determinado prioritario fomentar la v\u00eda navegable, de manera de promocionar y facilitar todo lo que es el transporte y la integraci\u00f3n y de esa manera, darle mayor incidencia a los diferentes sistemas productivos regionales que, en definitiva, termina traduci\u00e9ndose en mayor y mejor trabajo para los pueblos de la regi\u00f3n\u201d.<\/p>\n<p><\/p>\n<p><\/p>\n<p>Ayala destac\u00f3 adem\u00e1s la presencia de los Delegados argentinos y uruguayos y remarc\u00f3 \u201cla voluntad de los Gobiernos de ambos pa\u00edses de avanzar en forma conjunta. Finalmente agradeci\u00f3 a las empresas presentes por su inter\u00e9s, se\u00f1al\u00f3 que \u201ctenemos muchas expectativas en cuanto poder llevar adelante con la mayor transparencia este proceso, y que en definitiva se pueda cumplir el objetivo del mantenimiento del dragado por tres a\u00f1os m\u00e1s\u201d.<\/p>\n<p><\/p>\n<p><\/p>\n<p>Por su parte el Presidente de la Delegaci\u00f3n Argentina, Dr. Jos\u00e9 Lauritto manifest\u00f3 que \u201cSiempre es dif\u00edcil generar pol\u00edtica p\u00fablica de sostenibilidad, y que esa pol\u00edtica p\u00fablica se convierta en pol\u00edtica de Estado. Este acto, por lo tanto, no tiene un contenido menor; es la continuidad de algo que han iniciado otros, y por lo cual han luchado mucho. Desde al a\u00f1o 2010 en adelante, hubo una voluntad conjunta de ambos gobiernos, para que el dragado de apertura fuera una realidad; para que el dragado de profundizaci\u00f3n fuera, tambi\u00e9n, una realidad, y por el mantenimiento de ese dragado, algo fundamental para lograr la previsibilidad y la sostenibilidad\u201d. Finalmente Lauritto asegur\u00f3: \u201cPara nosotros es una alegr\u00eda poder decirle a la Argentina y al Uruguay, pero sobre todo a las ciudades ribere\u00f1as que el dragado tiene continuidad. Es el \u00fanico modo de asegurar que el comercio en nuestra regi\u00f3n tenga la v\u00eda fluvial como salida, que es una regla en el mundo, y es el objetivo que perseguimos\u201d.<\/p>\n<p><\/p>\n<p><\/p>\n<p><\/p>\n<p><\/p>\n<figure class=\"wp-block-gallery has-nested-images columns-default is-cropped wp-block-gallery-3 is-layout-flex wp-block-gallery-is-layout-flex\"><\/figure>\n<p><\/p>\t\t\t\t\t\t\t\t<\/div>\n\t\t\t\t<\/div>\n\t\t\t\t\t<\/div>\n\t\t<\/div>\n\t\t\t\t\t<\/div>\n\t\t<\/section>\n\t\t\t\t<section class=\"elementor-section elementor-top-section elementor-element elementor-element-0407b21 elementor-section-boxed elementor-section-height-default elementor-section-height-default\" data-id=\"0407b21\" data-element_type=\"section\" data-e-type=\"section\" data-settings=\"{&quot;jet_parallax_layout_list&quot;:[]}\">\n\t\t\t\t\t\t<div class=\"elementor-container elementor-column-gap-default\">\n\t\t\t\t\t<div class=\"elementor-column elementor-col-100 elementor-top-column elementor-element elementor-element-13ecb3d\" data-id=\"13ecb3d\" data-element_type=\"column\" data-e-type=\"column\">\n\t\t\t<div class=\"elementor-widget-wrap elementor-element-populated\">\n\t\t\t\t\t\t<div class=\"elementor-element elementor-element-4fd2f5f elementor-widget elementor-widget-text-editor\" data-id=\"4fd2f5f\" data-element_type=\"widget\" data-e-type=\"widget\" data-widget_type=\"text-editor.default\">\n\t\t\t\t<div class=\"elementor-widget-container\">\n\t\t\t\t\t\t\t\t\t<p><\/p>\n<p>\u00a0<\/p>\n<p><\/p>\n<p><\/p>\n<figure class=\"wp-block-video\"><video style=\"aspect-ratio: 1920 \/ 1080;\" src=\"https:\/\/caru.org.uy\/nuevositio\/wp-content\/uploads\/2022\/06\/REDES-20-SEG.mp4\" controls=\"controls\" width=\"1920\" height=\"1080\"><\/video><\/figure>\n<p><\/p>\n<p><\/p>\n<figure class=\"wp-block-gallery has-nested-images columns-default is-cropped wp-block-gallery-4 is-layout-flex wp-block-gallery-is-layout-flex\"><\/figure>\n<p><\/p>\t\t\t\t\t\t\t\t<\/div>\n\t\t\t\t<\/div>\n\t\t\t\t\t<\/div>\n\t\t<\/div>\n\t\t\t\t\t<\/div>\n\t\t<\/section>\n\t\t\t\t<\/div>\n\t\t","protected":false},"excerpt":{"rendered":"<p>En la sede de la Comisi\u00f3n Administradora del R\u00edo Uruguay (CARU) se llev\u00f3 a cabo este viernes 24 de junio, la apertura de sobres correspondientes a la Licitaci\u00f3n P\u00fablica Internacional para la contrataci\u00f3n de trabajos de Dragado de Mantenimiento en el R\u00edo Uruguay entre el km 0 y el km 207,8 (Puerto de Paysand\u00fa) incluido [&hellip;]<\/p>\n","protected":false},"author":1,"featured_media":7996,"comment_status":"open","ping_status":"open","sticky":false,"template":"","format":"standard","meta":{"_acf_changed":false,"_joinchat":[],"footnotes":""},"categories":[37,27],"tags":[],"class_list":["post-7665","post","type-post","status-publish","format-standard","has-post-thumbnail","hentry","category-noticias","category-novedades"],"acf":[],"yoast_head":"<!-- This site is optimized with the Yoast SEO plugin v27.3 - https:\/\/yoast.com\/product\/yoast-seo-wordpress\/ -->\n<title>Se presentaron cuatro ofertas para el Mantenimiento del Dragado del R\u00edo Uruguay % C.A.R.U. imagen<\/title>\n<meta name=\"robots\" content=\"index, follow, max-snippet:-1, max-image-preview:large, max-video-preview:-1\" \/>\n<link rel=\"canonical\" href=\"https:\/\/caru.org.uy\/nuevositio\/2022\/06\/27\/se-presentaron-cuatro-ofertas-para-el-mantenimiento-del-dragado-del-rio-uruguay\/\" \/>\n<meta property=\"og:locale\" content=\"es_ES\" \/>\n<meta property=\"og:type\" content=\"article\" \/>\n<meta property=\"og:title\" content=\"Se presentaron cuatro ofertas para el Mantenimiento del Dragado del R\u00edo Uruguay % C.A.R.U. imagen\" \/>\n<meta property=\"og:description\" content=\"En la sede de la Comisi\u00f3n Administradora del R\u00edo Uruguay (CARU) se llev\u00f3 a cabo este viernes 24 de junio, la apertura de sobres correspondientes a la Licitaci\u00f3n P\u00fablica Internacional para la contrataci\u00f3n de trabajos de Dragado de Mantenimiento en el R\u00edo Uruguay entre el km 0 y el km 207,8 (Puerto de Paysand\u00fa) incluido [&hellip;]\" \/>\n<meta property=\"og:url\" content=\"https:\/\/caru.org.uy\/nuevositio\/2022\/06\/27\/se-presentaron-cuatro-ofertas-para-el-mantenimiento-del-dragado-del-rio-uruguay\/\" \/>\n<meta property=\"og:site_name\" content=\"C.A.R.U.\" \/>\n<meta property=\"article:published_time\" content=\"2022-06-27T06:32:08+00:00\" \/>\n<meta property=\"article:modified_time\" content=\"2023-11-15T12:42:40+00:00\" \/>\n<meta property=\"og:image\" content=\"https:\/\/caru.org.uy\/nuevositio\/wp-content\/uploads\/2022\/06\/Mantenimiento-dragado-3.jpg\" \/>\n\t<meta property=\"og:image:width\" content=\"1181\" \/>\n\t<meta property=\"og:image:height\" content=\"784\" \/>\n\t<meta property=\"og:image:type\" content=\"image\/jpeg\" \/>\n<meta name=\"author\" content=\"Noma\" \/>\n<meta name=\"twitter:card\" content=\"summary_large_image\" \/>\n<meta name=\"twitter:label1\" content=\"Escrito por\" \/>\n\t<meta name=\"twitter:data1\" content=\"Noma\" \/>\n\t<meta name=\"twitter:label2\" content=\"Tiempo de lectura\" \/>\n\t<meta name=\"twitter:data2\" content=\"4 minutos\" \/>\n<script type=\"application\/ld+json\" class=\"yoast-schema-graph\">{\"@context\":\"https:\\\/\\\/schema.org\",\"@graph\":[{\"@type\":[\"Article\",\"BlogPosting\"],\"@id\":\"https:\\\/\\\/caru.org.uy\\\/nuevositio\\\/2022\\\/06\\\/27\\\/se-presentaron-cuatro-ofertas-para-el-mantenimiento-del-dragado-del-rio-uruguay\\\/#article\",\"isPartOf\":{\"@id\":\"https:\\\/\\\/caru.org.uy\\\/nuevositio\\\/2022\\\/06\\\/27\\\/se-presentaron-cuatro-ofertas-para-el-mantenimiento-del-dragado-del-rio-uruguay\\\/\"},\"author\":{\"name\":\"Noma\",\"@id\":\"https:\\\/\\\/caru.org.uy\\\/nuevositio\\\/#\\\/schema\\\/person\\\/9a11b7bc115602d2066d4c695b2aa3e5\"},\"headline\":\"Se presentaron cuatro ofertas para el Mantenimiento del Dragado del R\u00edo Uruguay\",\"datePublished\":\"2022-06-27T06:32:08+00:00\",\"dateModified\":\"2023-11-15T12:42:40+00:00\",\"mainEntityOfPage\":{\"@id\":\"https:\\\/\\\/caru.org.uy\\\/nuevositio\\\/2022\\\/06\\\/27\\\/se-presentaron-cuatro-ofertas-para-el-mantenimiento-del-dragado-del-rio-uruguay\\\/\"},\"wordCount\":809,\"commentCount\":0,\"publisher\":{\"@id\":\"https:\\\/\\\/caru.org.uy\\\/nuevositio\\\/#organization\"},\"image\":{\"@id\":\"https:\\\/\\\/caru.org.uy\\\/nuevositio\\\/2022\\\/06\\\/27\\\/se-presentaron-cuatro-ofertas-para-el-mantenimiento-del-dragado-del-rio-uruguay\\\/#primaryimage\"},\"thumbnailUrl\":\"https:\\\/\\\/caru.org.uy\\\/nuevositio\\\/wp-content\\\/uploads\\\/2022\\\/06\\\/Mantenimiento-dragado-3.jpg\",\"articleSection\":[\"Noticias\",\"Novedades\"],\"inLanguage\":\"es\",\"potentialAction\":[{\"@type\":\"CommentAction\",\"name\":\"Comment\",\"target\":[\"https:\\\/\\\/caru.org.uy\\\/nuevositio\\\/2022\\\/06\\\/27\\\/se-presentaron-cuatro-ofertas-para-el-mantenimiento-del-dragado-del-rio-uruguay\\\/#respond\"]}]},{\"@type\":\"WebPage\",\"@id\":\"https:\\\/\\\/caru.org.uy\\\/nuevositio\\\/2022\\\/06\\\/27\\\/se-presentaron-cuatro-ofertas-para-el-mantenimiento-del-dragado-del-rio-uruguay\\\/\",\"url\":\"https:\\\/\\\/caru.org.uy\\\/nuevositio\\\/2022\\\/06\\\/27\\\/se-presentaron-cuatro-ofertas-para-el-mantenimiento-del-dragado-del-rio-uruguay\\\/\",\"name\":\"Se presentaron cuatro ofertas para el Mantenimiento del Dragado del R\u00edo Uruguay % C.A.R.U. imagen\",\"isPartOf\":{\"@id\":\"https:\\\/\\\/caru.org.uy\\\/nuevositio\\\/#website\"},\"primaryImageOfPage\":{\"@id\":\"https:\\\/\\\/caru.org.uy\\\/nuevositio\\\/2022\\\/06\\\/27\\\/se-presentaron-cuatro-ofertas-para-el-mantenimiento-del-dragado-del-rio-uruguay\\\/#primaryimage\"},\"image\":{\"@id\":\"https:\\\/\\\/caru.org.uy\\\/nuevositio\\\/2022\\\/06\\\/27\\\/se-presentaron-cuatro-ofertas-para-el-mantenimiento-del-dragado-del-rio-uruguay\\\/#primaryimage\"},\"thumbnailUrl\":\"https:\\\/\\\/caru.org.uy\\\/nuevositio\\\/wp-content\\\/uploads\\\/2022\\\/06\\\/Mantenimiento-dragado-3.jpg\",\"datePublished\":\"2022-06-27T06:32:08+00:00\",\"dateModified\":\"2023-11-15T12:42:40+00:00\",\"breadcrumb\":{\"@id\":\"https:\\\/\\\/caru.org.uy\\\/nuevositio\\\/2022\\\/06\\\/27\\\/se-presentaron-cuatro-ofertas-para-el-mantenimiento-del-dragado-del-rio-uruguay\\\/#breadcrumb\"},\"inLanguage\":\"es\",\"potentialAction\":[{\"@type\":\"ReadAction\",\"target\":[\"https:\\\/\\\/caru.org.uy\\\/nuevositio\\\/2022\\\/06\\\/27\\\/se-presentaron-cuatro-ofertas-para-el-mantenimiento-del-dragado-del-rio-uruguay\\\/\"]}]},{\"@type\":\"ImageObject\",\"inLanguage\":\"es\",\"@id\":\"https:\\\/\\\/caru.org.uy\\\/nuevositio\\\/2022\\\/06\\\/27\\\/se-presentaron-cuatro-ofertas-para-el-mantenimiento-del-dragado-del-rio-uruguay\\\/#primaryimage\",\"url\":\"https:\\\/\\\/caru.org.uy\\\/nuevositio\\\/wp-content\\\/uploads\\\/2022\\\/06\\\/Mantenimiento-dragado-3.jpg\",\"contentUrl\":\"https:\\\/\\\/caru.org.uy\\\/nuevositio\\\/wp-content\\\/uploads\\\/2022\\\/06\\\/Mantenimiento-dragado-3.jpg\",\"width\":1181,\"height\":784},{\"@type\":\"BreadcrumbList\",\"@id\":\"https:\\\/\\\/caru.org.uy\\\/nuevositio\\\/2022\\\/06\\\/27\\\/se-presentaron-cuatro-ofertas-para-el-mantenimiento-del-dragado-del-rio-uruguay\\\/#breadcrumb\",\"itemListElement\":[{\"@type\":\"ListItem\",\"position\":1,\"name\":\"Portada\",\"item\":\"https:\\\/\\\/caru.org.uy\\\/nuevositio\\\/\"},{\"@type\":\"ListItem\",\"position\":2,\"name\":\"Se presentaron cuatro ofertas para el Mantenimiento del Dragado del R\u00edo Uruguay\"}]},{\"@type\":\"WebSite\",\"@id\":\"https:\\\/\\\/caru.org.uy\\\/nuevositio\\\/#website\",\"url\":\"https:\\\/\\\/caru.org.uy\\\/nuevositio\\\/\",\"name\":\"C.A.R.U.\",\"description\":\"Comisi\u00f3n Administradora del R\u00edo Uruguay\",\"publisher\":{\"@id\":\"https:\\\/\\\/caru.org.uy\\\/nuevositio\\\/#organization\"},\"potentialAction\":[{\"@type\":\"SearchAction\",\"target\":{\"@type\":\"EntryPoint\",\"urlTemplate\":\"https:\\\/\\\/caru.org.uy\\\/nuevositio\\\/?s={search_term_string}\"},\"query-input\":{\"@type\":\"PropertyValueSpecification\",\"valueRequired\":true,\"valueName\":\"search_term_string\"}}],\"inLanguage\":\"es\"},{\"@type\":\"Organization\",\"@id\":\"https:\\\/\\\/caru.org.uy\\\/nuevositio\\\/#organization\",\"name\":\"C.A.R.U.\",\"url\":\"https:\\\/\\\/caru.org.uy\\\/nuevositio\\\/\",\"logo\":{\"@type\":\"ImageObject\",\"inLanguage\":\"es\",\"@id\":\"https:\\\/\\\/caru.org.uy\\\/nuevositio\\\/#\\\/schema\\\/logo\\\/image\\\/\",\"url\":\"https:\\\/\\\/caru.org.uy\\\/nuevositio\\\/wp-content\\\/uploads\\\/2023\\\/11\\\/logo-nuevo.jpg\",\"contentUrl\":\"https:\\\/\\\/caru.org.uy\\\/nuevositio\\\/wp-content\\\/uploads\\\/2023\\\/11\\\/logo-nuevo.jpg\",\"width\":1,\"height\":1,\"caption\":\"C.A.R.U.\"},\"image\":{\"@id\":\"https:\\\/\\\/caru.org.uy\\\/nuevositio\\\/#\\\/schema\\\/logo\\\/image\\\/\"}},{\"@type\":\"Person\",\"@id\":\"https:\\\/\\\/caru.org.uy\\\/nuevositio\\\/#\\\/schema\\\/person\\\/9a11b7bc115602d2066d4c695b2aa3e5\",\"name\":\"Noma\",\"image\":{\"@type\":\"ImageObject\",\"inLanguage\":\"es\",\"@id\":\"https:\\\/\\\/secure.gravatar.com\\\/avatar\\\/8b0eb2764fe524b07cdc015df29e7576c061e58c50641dd8ccc46d3d448307e5?s=96&d=mm&r=g\",\"url\":\"https:\\\/\\\/secure.gravatar.com\\\/avatar\\\/8b0eb2764fe524b07cdc015df29e7576c061e58c50641dd8ccc46d3d448307e5?s=96&d=mm&r=g\",\"contentUrl\":\"https:\\\/\\\/secure.gravatar.com\\\/avatar\\\/8b0eb2764fe524b07cdc015df29e7576c061e58c50641dd8ccc46d3d448307e5?s=96&d=mm&r=g\",\"caption\":\"Noma\"},\"url\":\"https:\\\/\\\/caru.org.uy\\\/nuevositio\\\/author\\\/admin\\\/\"}]}<\/script>\n<!-- \/ Yoast SEO plugin. -->","yoast_head_json":{"title":"Se presentaron cuatro ofertas para el Mantenimiento del Dragado del R\u00edo Uruguay % C.A.R.U. imagen","robots":{"index":"index","follow":"follow","max-snippet":"max-snippet:-1","max-image-preview":"max-image-preview:large","max-video-preview":"max-video-preview:-1"},"canonical":"https:\/\/caru.org.uy\/nuevositio\/2022\/06\/27\/se-presentaron-cuatro-ofertas-para-el-mantenimiento-del-dragado-del-rio-uruguay\/","og_locale":"es_ES","og_type":"article","og_title":"Se presentaron cuatro ofertas para el Mantenimiento del Dragado del R\u00edo Uruguay % C.A.R.U. imagen","og_description":"En la sede de la Comisi\u00f3n Administradora del R\u00edo Uruguay (CARU) se llev\u00f3 a cabo este viernes 24 de junio, la apertura de sobres correspondientes a la Licitaci\u00f3n P\u00fablica Internacional para la contrataci\u00f3n de trabajos de Dragado de Mantenimiento en el R\u00edo Uruguay entre el km 0 y el km 207,8 (Puerto de Paysand\u00fa) incluido [&hellip;]","og_url":"https:\/\/caru.org.uy\/nuevositio\/2022\/06\/27\/se-presentaron-cuatro-ofertas-para-el-mantenimiento-del-dragado-del-rio-uruguay\/","og_site_name":"C.A.R.U.","article_published_time":"2022-06-27T06:32:08+00:00","article_modified_time":"2023-11-15T12:42:40+00:00","og_image":[{"width":1181,"height":784,"url":"https:\/\/caru.org.uy\/nuevositio\/wp-content\/uploads\/2022\/06\/Mantenimiento-dragado-3.jpg","type":"image\/jpeg"}],"author":"Noma","twitter_card":"summary_large_image","twitter_misc":{"Escrito por":"Noma","Tiempo de lectura":"4 minutos"},"schema":{"@context":"https:\/\/schema.org","@graph":[{"@type":["Article","BlogPosting"],"@id":"https:\/\/caru.org.uy\/nuevositio\/2022\/06\/27\/se-presentaron-cuatro-ofertas-para-el-mantenimiento-del-dragado-del-rio-uruguay\/#article","isPartOf":{"@id":"https:\/\/caru.org.uy\/nuevositio\/2022\/06\/27\/se-presentaron-cuatro-ofertas-para-el-mantenimiento-del-dragado-del-rio-uruguay\/"},"author":{"name":"Noma","@id":"https:\/\/caru.org.uy\/nuevositio\/#\/schema\/person\/9a11b7bc115602d2066d4c695b2aa3e5"},"headline":"Se presentaron cuatro ofertas para el Mantenimiento del Dragado del R\u00edo Uruguay","datePublished":"2022-06-27T06:32:08+00:00","dateModified":"2023-11-15T12:42:40+00:00","mainEntityOfPage":{"@id":"https:\/\/caru.org.uy\/nuevositio\/2022\/06\/27\/se-presentaron-cuatro-ofertas-para-el-mantenimiento-del-dragado-del-rio-uruguay\/"},"wordCount":809,"commentCount":0,"publisher":{"@id":"https:\/\/caru.org.uy\/nuevositio\/#organization"},"image":{"@id":"https:\/\/caru.org.uy\/nuevositio\/2022\/06\/27\/se-presentaron-cuatro-ofertas-para-el-mantenimiento-del-dragado-del-rio-uruguay\/#primaryimage"},"thumbnailUrl":"https:\/\/caru.org.uy\/nuevositio\/wp-content\/uploads\/2022\/06\/Mantenimiento-dragado-3.jpg","articleSection":["Noticias","Novedades"],"inLanguage":"es","potentialAction":[{"@type":"CommentAction","name":"Comment","target":["https:\/\/caru.org.uy\/nuevositio\/2022\/06\/27\/se-presentaron-cuatro-ofertas-para-el-mantenimiento-del-dragado-del-rio-uruguay\/#respond"]}]},{"@type":"WebPage","@id":"https:\/\/caru.org.uy\/nuevositio\/2022\/06\/27\/se-presentaron-cuatro-ofertas-para-el-mantenimiento-del-dragado-del-rio-uruguay\/","url":"https:\/\/caru.org.uy\/nuevositio\/2022\/06\/27\/se-presentaron-cuatro-ofertas-para-el-mantenimiento-del-dragado-del-rio-uruguay\/","name":"Se presentaron cuatro ofertas para el Mantenimiento del Dragado del R\u00edo Uruguay % C.A.R.U. imagen","isPartOf":{"@id":"https:\/\/caru.org.uy\/nuevositio\/#website"},"primaryImageOfPage":{"@id":"https:\/\/caru.org.uy\/nuevositio\/2022\/06\/27\/se-presentaron-cuatro-ofertas-para-el-mantenimiento-del-dragado-del-rio-uruguay\/#primaryimage"},"image":{"@id":"https:\/\/caru.org.uy\/nuevositio\/2022\/06\/27\/se-presentaron-cuatro-ofertas-para-el-mantenimiento-del-dragado-del-rio-uruguay\/#primaryimage"},"thumbnailUrl":"https:\/\/caru.org.uy\/nuevositio\/wp-content\/uploads\/2022\/06\/Mantenimiento-dragado-3.jpg","datePublished":"2022-06-27T06:32:08+00:00","dateModified":"2023-11-15T12:42:40+00:00","breadcrumb":{"@id":"https:\/\/caru.org.uy\/nuevositio\/2022\/06\/27\/se-presentaron-cuatro-ofertas-para-el-mantenimiento-del-dragado-del-rio-uruguay\/#breadcrumb"},"inLanguage":"es","potentialAction":[{"@type":"ReadAction","target":["https:\/\/caru.org.uy\/nuevositio\/2022\/06\/27\/se-presentaron-cuatro-ofertas-para-el-mantenimiento-del-dragado-del-rio-uruguay\/"]}]},{"@type":"ImageObject","inLanguage":"es","@id":"https:\/\/caru.org.uy\/nuevositio\/2022\/06\/27\/se-presentaron-cuatro-ofertas-para-el-mantenimiento-del-dragado-del-rio-uruguay\/#primaryimage","url":"https:\/\/caru.org.uy\/nuevositio\/wp-content\/uploads\/2022\/06\/Mantenimiento-dragado-3.jpg","contentUrl":"https:\/\/caru.org.uy\/nuevositio\/wp-content\/uploads\/2022\/06\/Mantenimiento-dragado-3.jpg","width":1181,"height":784},{"@type":"BreadcrumbList","@id":"https:\/\/caru.org.uy\/nuevositio\/2022\/06\/27\/se-presentaron-cuatro-ofertas-para-el-mantenimiento-del-dragado-del-rio-uruguay\/#breadcrumb","itemListElement":[{"@type":"ListItem","position":1,"name":"Portada","item":"https:\/\/caru.org.uy\/nuevositio\/"},{"@type":"ListItem","position":2,"name":"Se presentaron cuatro ofertas para el Mantenimiento del Dragado del R\u00edo Uruguay"}]},{"@type":"WebSite","@id":"https:\/\/caru.org.uy\/nuevositio\/#website","url":"https:\/\/caru.org.uy\/nuevositio\/","name":"C.A.R.U.","description":"Comisi\u00f3n Administradora del R\u00edo Uruguay","publisher":{"@id":"https:\/\/caru.org.uy\/nuevositio\/#organization"},"potentialAction":[{"@type":"SearchAction","target":{"@type":"EntryPoint","urlTemplate":"https:\/\/caru.org.uy\/nuevositio\/?s={search_term_string}"},"query-input":{"@type":"PropertyValueSpecification","valueRequired":true,"valueName":"search_term_string"}}],"inLanguage":"es"},{"@type":"Organization","@id":"https:\/\/caru.org.uy\/nuevositio\/#organization","name":"C.A.R.U.","url":"https:\/\/caru.org.uy\/nuevositio\/","logo":{"@type":"ImageObject","inLanguage":"es","@id":"https:\/\/caru.org.uy\/nuevositio\/#\/schema\/logo\/image\/","url":"https:\/\/caru.org.uy\/nuevositio\/wp-content\/uploads\/2023\/11\/logo-nuevo.jpg","contentUrl":"https:\/\/caru.org.uy\/nuevositio\/wp-content\/uploads\/2023\/11\/logo-nuevo.jpg","width":1,"height":1,"caption":"C.A.R.U."},"image":{"@id":"https:\/\/caru.org.uy\/nuevositio\/#\/schema\/logo\/image\/"}},{"@type":"Person","@id":"https:\/\/caru.org.uy\/nuevositio\/#\/schema\/person\/9a11b7bc115602d2066d4c695b2aa3e5","name":"Noma","image":{"@type":"ImageObject","inLanguage":"es","@id":"https:\/\/secure.gravatar.com\/avatar\/8b0eb2764fe524b07cdc015df29e7576c061e58c50641dd8ccc46d3d448307e5?s=96&d=mm&r=g","url":"https:\/\/secure.gravatar.com\/avatar\/8b0eb2764fe524b07cdc015df29e7576c061e58c50641dd8ccc46d3d448307e5?s=96&d=mm&r=g","contentUrl":"https:\/\/secure.gravatar.com\/avatar\/8b0eb2764fe524b07cdc015df29e7576c061e58c50641dd8ccc46d3d448307e5?s=96&d=mm&r=g","caption":"Noma"},"url":"https:\/\/caru.org.uy\/nuevositio\/author\/admin\/"}]}},"_links":{"self":[{"href":"https:\/\/caru.org.uy\/nuevositio\/wp-json\/wp\/v2\/posts\/7665","targetHints":{"allow":["GET"]}}],"collection":[{"href":"https:\/\/caru.org.uy\/nuevositio\/wp-json\/wp\/v2\/posts"}],"about":[{"href":"https:\/\/caru.org.uy\/nuevositio\/wp-json\/wp\/v2\/types\/post"}],"author":[{"embeddable":true,"href":"https:\/\/caru.org.uy\/nuevositio\/wp-json\/wp\/v2\/users\/1"}],"replies":[{"embeddable":true,"href":"https:\/\/caru.org.uy\/nuevositio\/wp-json\/wp\/v2\/comments?post=7665"}],"version-history":[{"count":5,"href":"https:\/\/caru.org.uy\/nuevositio\/wp-json\/wp\/v2\/posts\/7665\/revisions"}],"predecessor-version":[{"id":8746,"href":"https:\/\/caru.org.uy\/nuevositio\/wp-json\/wp\/v2\/posts\/7665\/revisions\/8746"}],"wp:featuredmedia":[{"embeddable":true,"href":"https:\/\/caru.org.uy\/nuevositio\/wp-json\/wp\/v2\/media\/7996"}],"wp:attachment":[{"href":"https:\/\/caru.org.uy\/nuevositio\/wp-json\/wp\/v2\/media?parent=7665"}],"wp:term":[{"taxonomy":"category","embeddable":true,"href":"https:\/\/caru.org.uy\/nuevositio\/wp-json\/wp\/v2\/categories?post=7665"},{"taxonomy":"post_tag","embeddable":true,"href":"https:\/\/caru.org.uy\/nuevositio\/wp-json\/wp\/v2\/tags?post=7665"}],"curies":[{"name":"wp","href":"https:\/\/api.w.org\/{rel}","templated":true}]}}