{"id":8094,"date":"2022-11-01T09:34:00","date_gmt":"2022-11-01T09:34:00","guid":{"rendered":"https:\/\/caru.org.uy\/nuevositio\/?p=8094"},"modified":"2023-11-15T12:18:19","modified_gmt":"2023-11-15T12:18:19","slug":"adecuacion-de-tarifas-de-peajes-a-partir-del-07-de-noviembre-de-2022","status":"publish","type":"post","link":"https:\/\/caru.org.uy\/nuevositio\/2022\/11\/01\/adecuacion-de-tarifas-de-peajes-a-partir-del-07-de-noviembre-de-2022\/","title":{"rendered":"Adecuaci\u00f3n de Tarifas de Peajes a partir del 07 de Noviembre de 2022"},"content":{"rendered":"\t\t<div data-elementor-type=\"wp-post\" data-elementor-id=\"8094\" class=\"elementor elementor-8094\" data-elementor-post-type=\"post\">\n\t\t\t\t\t\t<section class=\"elementor-section elementor-top-section elementor-element elementor-element-78400ac elementor-section-boxed elementor-section-height-default elementor-section-height-default\" data-id=\"78400ac\" data-element_type=\"section\" data-e-type=\"section\" data-settings=\"{&quot;jet_parallax_layout_list&quot;:[{&quot;jet_parallax_layout_image&quot;:{&quot;url&quot;:&quot;&quot;,&quot;id&quot;:&quot;&quot;,&quot;size&quot;:&quot;&quot;},&quot;_id&quot;:&quot;1311c39&quot;,&quot;jet_parallax_layout_image_tablet&quot;:{&quot;url&quot;:&quot;&quot;,&quot;id&quot;:&quot;&quot;,&quot;size&quot;:&quot;&quot;},&quot;jet_parallax_layout_image_mobile&quot;:{&quot;url&quot;:&quot;&quot;,&quot;id&quot;:&quot;&quot;,&quot;size&quot;:&quot;&quot;},&quot;jet_parallax_layout_speed&quot;:{&quot;unit&quot;:&quot;%&quot;,&quot;size&quot;:50,&quot;sizes&quot;:[]},&quot;jet_parallax_layout_type&quot;:&quot;scroll&quot;,&quot;jet_parallax_layout_direction&quot;:&quot;1&quot;,&quot;jet_parallax_layout_fx_direction&quot;:null,&quot;jet_parallax_layout_z_index&quot;:&quot;&quot;,&quot;jet_parallax_layout_bg_x&quot;:50,&quot;jet_parallax_layout_bg_x_tablet&quot;:&quot;&quot;,&quot;jet_parallax_layout_bg_x_mobile&quot;:&quot;&quot;,&quot;jet_parallax_layout_bg_y&quot;:50,&quot;jet_parallax_layout_bg_y_tablet&quot;:&quot;&quot;,&quot;jet_parallax_layout_bg_y_mobile&quot;:&quot;&quot;,&quot;jet_parallax_layout_bg_size&quot;:&quot;auto&quot;,&quot;jet_parallax_layout_bg_size_tablet&quot;:&quot;&quot;,&quot;jet_parallax_layout_bg_size_mobile&quot;:&quot;&quot;,&quot;jet_parallax_layout_animation_prop&quot;:&quot;transform&quot;,&quot;jet_parallax_layout_on&quot;:[&quot;desktop&quot;,&quot;tablet&quot;]}]}\">\n\t\t\t\t\t\t<div class=\"elementor-container elementor-column-gap-default\">\n\t\t\t\t\t<div class=\"elementor-column elementor-col-100 elementor-top-column elementor-element elementor-element-221818c2\" data-id=\"221818c2\" data-element_type=\"column\" data-e-type=\"column\">\n\t\t\t<div class=\"elementor-widget-wrap elementor-element-populated\">\n\t\t\t\t\t\t<div class=\"elementor-element elementor-element-69b9f8e elementor-widget elementor-widget-text-editor\" data-id=\"69b9f8e\" data-element_type=\"widget\" data-e-type=\"widget\" data-widget_type=\"text-editor.default\">\n\t\t\t\t<div class=\"elementor-widget-container\">\n\t\t\t\t\t\t\t\t\t<p>La Comisi\u00f3n Administradora del R\u00edo Uruguay comunica que a partir de las 00:01 hs. del d\u00eda Lunes 07 de Noviembre de 2022, se adecuan las tarifas, en pesos argentinos y uruguayos conforme al tipo de cambio de ambos pa\u00edses, de los peajes en el Puente Libertador Gral. San Mart\u00edn (Fray Bentos-Gualeguaych\u00fa) y en el Puente General Artigas (Paysand\u00fa-Col\u00f3n), ambos administrados por la CARU.<\/p><p>Se recuerda que aquellas personas que acrediten su radicaci\u00f3n dentro de un radio de 50 Km. de los Puentes (quedando tambi\u00e9n comprendida en este beneficio la localidad de Ubajay \u2013 Entre R\u00edos) pueden acceder al descuento como Usuario Vecinal, tr\u00e1mite disponible de forma online en esta misma p\u00e1gina Web a trav\u00e9s de los enlaces ubicados en la columna a su derecha; o v\u00eda WhatsApp a los n\u00fameros: +59891721887 y +5989221110.<\/p><blockquote class=\"wp-embedded-content\" data-secret=\"mbkLggmyTq\"><p><a href=\"https:\/\/www.caru.org.uy\/web\/servicios\/tarifas-de-los-puentes\/\">Tarifas de peajes<\/a><\/p><\/blockquote>\t\t\t\t\t\t\t\t<\/div>\n\t\t\t\t<\/div>\n\t\t\t\t\t<\/div>\n\t\t<\/div>\n\t\t\t\t\t<\/div>\n\t\t<\/section>\n\t\t\t\t<\/div>\n\t\t","protected":false},"excerpt":{"rendered":"<p>La Comisi\u00f3n Administradora del R\u00edo Uruguay comunica que a partir de las 00:01 hs. del d\u00eda Lunes 07 de Noviembre de 2022, se adecuan las tarifas, en pesos argentinos y uruguayos conforme al tipo de cambio de ambos pa\u00edses, de los peajes en el Puente Libertador Gral. San Mart\u00edn (Fray Bentos-Gualeguaych\u00fa) y en el Puente [&hellip;]<\/p>\n","protected":false},"author":1,"featured_media":8103,"comment_status":"closed","ping_status":"open","sticky":false,"template":"","format":"standard","meta":{"_acf_changed":false,"_joinchat":[],"footnotes":""},"categories":[],"tags":[],"class_list":["post-8094","post","type-post","status-publish","format-standard","has-post-thumbnail","hentry"],"acf":[],"yoast_head":"<!-- This site is optimized with the Yoast SEO plugin v27.3 - https:\/\/yoast.com\/product\/yoast-seo-wordpress\/ -->\n<title>Adecuaci\u00f3n de Tarifas de Peajes a partir del 07 de Noviembre de 2022 % C.A.R.U. imagen<\/title>\n<meta name=\"robots\" content=\"index, follow, max-snippet:-1, max-image-preview:large, max-video-preview:-1\" \/>\n<link rel=\"canonical\" href=\"https:\/\/caru.org.uy\/nuevositio\/2022\/11\/01\/adecuacion-de-tarifas-de-peajes-a-partir-del-07-de-noviembre-de-2022\/\" \/>\n<meta property=\"og:locale\" content=\"es_ES\" \/>\n<meta property=\"og:type\" content=\"article\" \/>\n<meta property=\"og:title\" content=\"Adecuaci\u00f3n de Tarifas de Peajes a partir del 07 de Noviembre de 2022 % C.A.R.U. imagen\" \/>\n<meta property=\"og:description\" content=\"La Comisi\u00f3n Administradora del R\u00edo Uruguay comunica que a partir de las 00:01 hs. del d\u00eda Lunes 07 de Noviembre de 2022, se adecuan las tarifas, en pesos argentinos y uruguayos conforme al tipo de cambio de ambos pa\u00edses, de los peajes en el Puente Libertador Gral. San Mart\u00edn (Fray Bentos-Gualeguaych\u00fa) y en el Puente [&hellip;]\" \/>\n<meta property=\"og:url\" content=\"https:\/\/caru.org.uy\/nuevositio\/2022\/11\/01\/adecuacion-de-tarifas-de-peajes-a-partir-del-07-de-noviembre-de-2022\/\" \/>\n<meta property=\"og:site_name\" content=\"C.A.R.U.\" \/>\n<meta property=\"article:published_time\" content=\"2022-11-01T09:34:00+00:00\" \/>\n<meta property=\"article:modified_time\" content=\"2023-11-15T12:18:19+00:00\" \/>\n<meta property=\"og:image\" content=\"https:\/\/caru.org.uy\/nuevositio\/wp-content\/uploads\/2022\/11\/peajes1.jpg\" \/>\n\t<meta property=\"og:image:width\" content=\"678\" \/>\n\t<meta property=\"og:image:height\" content=\"380\" \/>\n\t<meta property=\"og:image:type\" content=\"image\/jpeg\" \/>\n<meta name=\"author\" content=\"Noma\" \/>\n<meta name=\"twitter:card\" content=\"summary_large_image\" \/>\n<meta name=\"twitter:label1\" content=\"Escrito por\" \/>\n\t<meta name=\"twitter:data1\" content=\"Noma\" \/>\n\t<meta name=\"twitter:label2\" content=\"Tiempo de lectura\" \/>\n\t<meta name=\"twitter:data2\" content=\"1 minuto\" \/>\n<script type=\"application\/ld+json\" class=\"yoast-schema-graph\">{\"@context\":\"https:\\\/\\\/schema.org\",\"@graph\":[{\"@type\":[\"Article\",\"BlogPosting\"],\"@id\":\"https:\\\/\\\/caru.org.uy\\\/nuevositio\\\/2022\\\/11\\\/01\\\/adecuacion-de-tarifas-de-peajes-a-partir-del-07-de-noviembre-de-2022\\\/#article\",\"isPartOf\":{\"@id\":\"https:\\\/\\\/caru.org.uy\\\/nuevositio\\\/2022\\\/11\\\/01\\\/adecuacion-de-tarifas-de-peajes-a-partir-del-07-de-noviembre-de-2022\\\/\"},\"author\":{\"name\":\"Noma\",\"@id\":\"https:\\\/\\\/caru.org.uy\\\/nuevositio\\\/#\\\/schema\\\/person\\\/9a11b7bc115602d2066d4c695b2aa3e5\"},\"headline\":\"Adecuaci\u00f3n de Tarifas de Peajes a partir del 07 de Noviembre de 2022\",\"datePublished\":\"2022-11-01T09:34:00+00:00\",\"dateModified\":\"2023-11-15T12:18:19+00:00\",\"mainEntityOfPage\":{\"@id\":\"https:\\\/\\\/caru.org.uy\\\/nuevositio\\\/2022\\\/11\\\/01\\\/adecuacion-de-tarifas-de-peajes-a-partir-del-07-de-noviembre-de-2022\\\/\"},\"wordCount\":156,\"publisher\":{\"@id\":\"https:\\\/\\\/caru.org.uy\\\/nuevositio\\\/#organization\"},\"image\":{\"@id\":\"https:\\\/\\\/caru.org.uy\\\/nuevositio\\\/2022\\\/11\\\/01\\\/adecuacion-de-tarifas-de-peajes-a-partir-del-07-de-noviembre-de-2022\\\/#primaryimage\"},\"thumbnailUrl\":\"https:\\\/\\\/caru.org.uy\\\/nuevositio\\\/wp-content\\\/uploads\\\/2022\\\/11\\\/peajes1.jpg\",\"inLanguage\":\"es\"},{\"@type\":\"WebPage\",\"@id\":\"https:\\\/\\\/caru.org.uy\\\/nuevositio\\\/2022\\\/11\\\/01\\\/adecuacion-de-tarifas-de-peajes-a-partir-del-07-de-noviembre-de-2022\\\/\",\"url\":\"https:\\\/\\\/caru.org.uy\\\/nuevositio\\\/2022\\\/11\\\/01\\\/adecuacion-de-tarifas-de-peajes-a-partir-del-07-de-noviembre-de-2022\\\/\",\"name\":\"Adecuaci\u00f3n de Tarifas de Peajes a partir del 07 de Noviembre de 2022 % C.A.R.U. imagen\",\"isPartOf\":{\"@id\":\"https:\\\/\\\/caru.org.uy\\\/nuevositio\\\/#website\"},\"primaryImageOfPage\":{\"@id\":\"https:\\\/\\\/caru.org.uy\\\/nuevositio\\\/2022\\\/11\\\/01\\\/adecuacion-de-tarifas-de-peajes-a-partir-del-07-de-noviembre-de-2022\\\/#primaryimage\"},\"image\":{\"@id\":\"https:\\\/\\\/caru.org.uy\\\/nuevositio\\\/2022\\\/11\\\/01\\\/adecuacion-de-tarifas-de-peajes-a-partir-del-07-de-noviembre-de-2022\\\/#primaryimage\"},\"thumbnailUrl\":\"https:\\\/\\\/caru.org.uy\\\/nuevositio\\\/wp-content\\\/uploads\\\/2022\\\/11\\\/peajes1.jpg\",\"datePublished\":\"2022-11-01T09:34:00+00:00\",\"dateModified\":\"2023-11-15T12:18:19+00:00\",\"breadcrumb\":{\"@id\":\"https:\\\/\\\/caru.org.uy\\\/nuevositio\\\/2022\\\/11\\\/01\\\/adecuacion-de-tarifas-de-peajes-a-partir-del-07-de-noviembre-de-2022\\\/#breadcrumb\"},\"inLanguage\":\"es\",\"potentialAction\":[{\"@type\":\"ReadAction\",\"target\":[\"https:\\\/\\\/caru.org.uy\\\/nuevositio\\\/2022\\\/11\\\/01\\\/adecuacion-de-tarifas-de-peajes-a-partir-del-07-de-noviembre-de-2022\\\/\"]}]},{\"@type\":\"ImageObject\",\"inLanguage\":\"es\",\"@id\":\"https:\\\/\\\/caru.org.uy\\\/nuevositio\\\/2022\\\/11\\\/01\\\/adecuacion-de-tarifas-de-peajes-a-partir-del-07-de-noviembre-de-2022\\\/#primaryimage\",\"url\":\"https:\\\/\\\/caru.org.uy\\\/nuevositio\\\/wp-content\\\/uploads\\\/2022\\\/11\\\/peajes1.jpg\",\"contentUrl\":\"https:\\\/\\\/caru.org.uy\\\/nuevositio\\\/wp-content\\\/uploads\\\/2022\\\/11\\\/peajes1.jpg\",\"width\":678,\"height\":380},{\"@type\":\"BreadcrumbList\",\"@id\":\"https:\\\/\\\/caru.org.uy\\\/nuevositio\\\/2022\\\/11\\\/01\\\/adecuacion-de-tarifas-de-peajes-a-partir-del-07-de-noviembre-de-2022\\\/#breadcrumb\",\"itemListElement\":[{\"@type\":\"ListItem\",\"position\":1,\"name\":\"Portada\",\"item\":\"https:\\\/\\\/caru.org.uy\\\/nuevositio\\\/\"},{\"@type\":\"ListItem\",\"position\":2,\"name\":\"Adecuaci\u00f3n de Tarifas de Peajes a partir del 07 de Noviembre de 2022\"}]},{\"@type\":\"WebSite\",\"@id\":\"https:\\\/\\\/caru.org.uy\\\/nuevositio\\\/#website\",\"url\":\"https:\\\/\\\/caru.org.uy\\\/nuevositio\\\/\",\"name\":\"C.A.R.U.\",\"description\":\"Comisi\u00f3n Administradora del R\u00edo Uruguay\",\"publisher\":{\"@id\":\"https:\\\/\\\/caru.org.uy\\\/nuevositio\\\/#organization\"},\"potentialAction\":[{\"@type\":\"SearchAction\",\"target\":{\"@type\":\"EntryPoint\",\"urlTemplate\":\"https:\\\/\\\/caru.org.uy\\\/nuevositio\\\/?s={search_term_string}\"},\"query-input\":{\"@type\":\"PropertyValueSpecification\",\"valueRequired\":true,\"valueName\":\"search_term_string\"}}],\"inLanguage\":\"es\"},{\"@type\":\"Organization\",\"@id\":\"https:\\\/\\\/caru.org.uy\\\/nuevositio\\\/#organization\",\"name\":\"C.A.R.U.\",\"url\":\"https:\\\/\\\/caru.org.uy\\\/nuevositio\\\/\",\"logo\":{\"@type\":\"ImageObject\",\"inLanguage\":\"es\",\"@id\":\"https:\\\/\\\/caru.org.uy\\\/nuevositio\\\/#\\\/schema\\\/logo\\\/image\\\/\",\"url\":\"https:\\\/\\\/caru.org.uy\\\/nuevositio\\\/wp-content\\\/uploads\\\/2023\\\/11\\\/logo-nuevo.jpg\",\"contentUrl\":\"https:\\\/\\\/caru.org.uy\\\/nuevositio\\\/wp-content\\\/uploads\\\/2023\\\/11\\\/logo-nuevo.jpg\",\"width\":1,\"height\":1,\"caption\":\"C.A.R.U.\"},\"image\":{\"@id\":\"https:\\\/\\\/caru.org.uy\\\/nuevositio\\\/#\\\/schema\\\/logo\\\/image\\\/\"}},{\"@type\":\"Person\",\"@id\":\"https:\\\/\\\/caru.org.uy\\\/nuevositio\\\/#\\\/schema\\\/person\\\/9a11b7bc115602d2066d4c695b2aa3e5\",\"name\":\"Noma\",\"image\":{\"@type\":\"ImageObject\",\"inLanguage\":\"es\",\"@id\":\"https:\\\/\\\/secure.gravatar.com\\\/avatar\\\/8b0eb2764fe524b07cdc015df29e7576c061e58c50641dd8ccc46d3d448307e5?s=96&d=mm&r=g\",\"url\":\"https:\\\/\\\/secure.gravatar.com\\\/avatar\\\/8b0eb2764fe524b07cdc015df29e7576c061e58c50641dd8ccc46d3d448307e5?s=96&d=mm&r=g\",\"contentUrl\":\"https:\\\/\\\/secure.gravatar.com\\\/avatar\\\/8b0eb2764fe524b07cdc015df29e7576c061e58c50641dd8ccc46d3d448307e5?s=96&d=mm&r=g\",\"caption\":\"Noma\"},\"url\":\"https:\\\/\\\/caru.org.uy\\\/nuevositio\\\/author\\\/admin\\\/\"}]}<\/script>\n<!-- \/ Yoast SEO plugin. -->","yoast_head_json":{"title":"Adecuaci\u00f3n de Tarifas de Peajes a partir del 07 de Noviembre de 2022 % C.A.R.U. imagen","robots":{"index":"index","follow":"follow","max-snippet":"max-snippet:-1","max-image-preview":"max-image-preview:large","max-video-preview":"max-video-preview:-1"},"canonical":"https:\/\/caru.org.uy\/nuevositio\/2022\/11\/01\/adecuacion-de-tarifas-de-peajes-a-partir-del-07-de-noviembre-de-2022\/","og_locale":"es_ES","og_type":"article","og_title":"Adecuaci\u00f3n de Tarifas de Peajes a partir del 07 de Noviembre de 2022 % C.A.R.U. imagen","og_description":"La Comisi\u00f3n Administradora del R\u00edo Uruguay comunica que a partir de las 00:01 hs. del d\u00eda Lunes 07 de Noviembre de 2022, se adecuan las tarifas, en pesos argentinos y uruguayos conforme al tipo de cambio de ambos pa\u00edses, de los peajes en el Puente Libertador Gral. San Mart\u00edn (Fray Bentos-Gualeguaych\u00fa) y en el Puente [&hellip;]","og_url":"https:\/\/caru.org.uy\/nuevositio\/2022\/11\/01\/adecuacion-de-tarifas-de-peajes-a-partir-del-07-de-noviembre-de-2022\/","og_site_name":"C.A.R.U.","article_published_time":"2022-11-01T09:34:00+00:00","article_modified_time":"2023-11-15T12:18:19+00:00","og_image":[{"width":678,"height":380,"url":"https:\/\/caru.org.uy\/nuevositio\/wp-content\/uploads\/2022\/11\/peajes1.jpg","type":"image\/jpeg"}],"author":"Noma","twitter_card":"summary_large_image","twitter_misc":{"Escrito por":"Noma","Tiempo de lectura":"1 minuto"},"schema":{"@context":"https:\/\/schema.org","@graph":[{"@type":["Article","BlogPosting"],"@id":"https:\/\/caru.org.uy\/nuevositio\/2022\/11\/01\/adecuacion-de-tarifas-de-peajes-a-partir-del-07-de-noviembre-de-2022\/#article","isPartOf":{"@id":"https:\/\/caru.org.uy\/nuevositio\/2022\/11\/01\/adecuacion-de-tarifas-de-peajes-a-partir-del-07-de-noviembre-de-2022\/"},"author":{"name":"Noma","@id":"https:\/\/caru.org.uy\/nuevositio\/#\/schema\/person\/9a11b7bc115602d2066d4c695b2aa3e5"},"headline":"Adecuaci\u00f3n de Tarifas de Peajes a partir del 07 de Noviembre de 2022","datePublished":"2022-11-01T09:34:00+00:00","dateModified":"2023-11-15T12:18:19+00:00","mainEntityOfPage":{"@id":"https:\/\/caru.org.uy\/nuevositio\/2022\/11\/01\/adecuacion-de-tarifas-de-peajes-a-partir-del-07-de-noviembre-de-2022\/"},"wordCount":156,"publisher":{"@id":"https:\/\/caru.org.uy\/nuevositio\/#organization"},"image":{"@id":"https:\/\/caru.org.uy\/nuevositio\/2022\/11\/01\/adecuacion-de-tarifas-de-peajes-a-partir-del-07-de-noviembre-de-2022\/#primaryimage"},"thumbnailUrl":"https:\/\/caru.org.uy\/nuevositio\/wp-content\/uploads\/2022\/11\/peajes1.jpg","inLanguage":"es"},{"@type":"WebPage","@id":"https:\/\/caru.org.uy\/nuevositio\/2022\/11\/01\/adecuacion-de-tarifas-de-peajes-a-partir-del-07-de-noviembre-de-2022\/","url":"https:\/\/caru.org.uy\/nuevositio\/2022\/11\/01\/adecuacion-de-tarifas-de-peajes-a-partir-del-07-de-noviembre-de-2022\/","name":"Adecuaci\u00f3n de Tarifas de Peajes a partir del 07 de Noviembre de 2022 % C.A.R.U. imagen","isPartOf":{"@id":"https:\/\/caru.org.uy\/nuevositio\/#website"},"primaryImageOfPage":{"@id":"https:\/\/caru.org.uy\/nuevositio\/2022\/11\/01\/adecuacion-de-tarifas-de-peajes-a-partir-del-07-de-noviembre-de-2022\/#primaryimage"},"image":{"@id":"https:\/\/caru.org.uy\/nuevositio\/2022\/11\/01\/adecuacion-de-tarifas-de-peajes-a-partir-del-07-de-noviembre-de-2022\/#primaryimage"},"thumbnailUrl":"https:\/\/caru.org.uy\/nuevositio\/wp-content\/uploads\/2022\/11\/peajes1.jpg","datePublished":"2022-11-01T09:34:00+00:00","dateModified":"2023-11-15T12:18:19+00:00","breadcrumb":{"@id":"https:\/\/caru.org.uy\/nuevositio\/2022\/11\/01\/adecuacion-de-tarifas-de-peajes-a-partir-del-07-de-noviembre-de-2022\/#breadcrumb"},"inLanguage":"es","potentialAction":[{"@type":"ReadAction","target":["https:\/\/caru.org.uy\/nuevositio\/2022\/11\/01\/adecuacion-de-tarifas-de-peajes-a-partir-del-07-de-noviembre-de-2022\/"]}]},{"@type":"ImageObject","inLanguage":"es","@id":"https:\/\/caru.org.uy\/nuevositio\/2022\/11\/01\/adecuacion-de-tarifas-de-peajes-a-partir-del-07-de-noviembre-de-2022\/#primaryimage","url":"https:\/\/caru.org.uy\/nuevositio\/wp-content\/uploads\/2022\/11\/peajes1.jpg","contentUrl":"https:\/\/caru.org.uy\/nuevositio\/wp-content\/uploads\/2022\/11\/peajes1.jpg","width":678,"height":380},{"@type":"BreadcrumbList","@id":"https:\/\/caru.org.uy\/nuevositio\/2022\/11\/01\/adecuacion-de-tarifas-de-peajes-a-partir-del-07-de-noviembre-de-2022\/#breadcrumb","itemListElement":[{"@type":"ListItem","position":1,"name":"Portada","item":"https:\/\/caru.org.uy\/nuevositio\/"},{"@type":"ListItem","position":2,"name":"Adecuaci\u00f3n de Tarifas de Peajes a partir del 07 de Noviembre de 2022"}]},{"@type":"WebSite","@id":"https:\/\/caru.org.uy\/nuevositio\/#website","url":"https:\/\/caru.org.uy\/nuevositio\/","name":"C.A.R.U.","description":"Comisi\u00f3n Administradora del R\u00edo Uruguay","publisher":{"@id":"https:\/\/caru.org.uy\/nuevositio\/#organization"},"potentialAction":[{"@type":"SearchAction","target":{"@type":"EntryPoint","urlTemplate":"https:\/\/caru.org.uy\/nuevositio\/?s={search_term_string}"},"query-input":{"@type":"PropertyValueSpecification","valueRequired":true,"valueName":"search_term_string"}}],"inLanguage":"es"},{"@type":"Organization","@id":"https:\/\/caru.org.uy\/nuevositio\/#organization","name":"C.A.R.U.","url":"https:\/\/caru.org.uy\/nuevositio\/","logo":{"@type":"ImageObject","inLanguage":"es","@id":"https:\/\/caru.org.uy\/nuevositio\/#\/schema\/logo\/image\/","url":"https:\/\/caru.org.uy\/nuevositio\/wp-content\/uploads\/2023\/11\/logo-nuevo.jpg","contentUrl":"https:\/\/caru.org.uy\/nuevositio\/wp-content\/uploads\/2023\/11\/logo-nuevo.jpg","width":1,"height":1,"caption":"C.A.R.U."},"image":{"@id":"https:\/\/caru.org.uy\/nuevositio\/#\/schema\/logo\/image\/"}},{"@type":"Person","@id":"https:\/\/caru.org.uy\/nuevositio\/#\/schema\/person\/9a11b7bc115602d2066d4c695b2aa3e5","name":"Noma","image":{"@type":"ImageObject","inLanguage":"es","@id":"https:\/\/secure.gravatar.com\/avatar\/8b0eb2764fe524b07cdc015df29e7576c061e58c50641dd8ccc46d3d448307e5?s=96&d=mm&r=g","url":"https:\/\/secure.gravatar.com\/avatar\/8b0eb2764fe524b07cdc015df29e7576c061e58c50641dd8ccc46d3d448307e5?s=96&d=mm&r=g","contentUrl":"https:\/\/secure.gravatar.com\/avatar\/8b0eb2764fe524b07cdc015df29e7576c061e58c50641dd8ccc46d3d448307e5?s=96&d=mm&r=g","caption":"Noma"},"url":"https:\/\/caru.org.uy\/nuevositio\/author\/admin\/"}]}},"_links":{"self":[{"href":"https:\/\/caru.org.uy\/nuevositio\/wp-json\/wp\/v2\/posts\/8094","targetHints":{"allow":["GET"]}}],"collection":[{"href":"https:\/\/caru.org.uy\/nuevositio\/wp-json\/wp\/v2\/posts"}],"about":[{"href":"https:\/\/caru.org.uy\/nuevositio\/wp-json\/wp\/v2\/types\/post"}],"author":[{"embeddable":true,"href":"https:\/\/caru.org.uy\/nuevositio\/wp-json\/wp\/v2\/users\/1"}],"replies":[{"embeddable":true,"href":"https:\/\/caru.org.uy\/nuevositio\/wp-json\/wp\/v2\/comments?post=8094"}],"version-history":[{"count":5,"href":"https:\/\/caru.org.uy\/nuevositio\/wp-json\/wp\/v2\/posts\/8094\/revisions"}],"predecessor-version":[{"id":8104,"href":"https:\/\/caru.org.uy\/nuevositio\/wp-json\/wp\/v2\/posts\/8094\/revisions\/8104"}],"wp:featuredmedia":[{"embeddable":true,"href":"https:\/\/caru.org.uy\/nuevositio\/wp-json\/wp\/v2\/media\/8103"}],"wp:attachment":[{"href":"https:\/\/caru.org.uy\/nuevositio\/wp-json\/wp\/v2\/media?parent=8094"}],"wp:term":[{"taxonomy":"category","embeddable":true,"href":"https:\/\/caru.org.uy\/nuevositio\/wp-json\/wp\/v2\/categories?post=8094"},{"taxonomy":"post_tag","embeddable":true,"href":"https:\/\/caru.org.uy\/nuevositio\/wp-json\/wp\/v2\/tags?post=8094"}],"curies":[{"name":"wp","href":"https:\/\/api.w.org\/{rel}","templated":true}]}}